{
    "id": 1201,
    "date": "2025-11-10T19:20:25",
    "date_gmt": "2025-11-10T19:20:25",
    "guid": {
        "rendered": "https:\/\/bahia.culturaviva.net.br\/?p=1201"
    },
    "modified": "2025-11-13T10:42:58",
    "modified_gmt": "2025-11-13T13:42:58",
    "slug": "projeto-emergencia-cultural-fortalece-a-identidade-a-diversidade-cultural-e-a-articulacao-territorial-na-chapada-diamantina",
    "status": "publish",
    "type": "post",
    "link": "https:\/\/bahia.culturaviva.net.br\/en\/cultura\/culturaviva\/projeto-emergencia-cultural-fortalece-a-identidade-a-diversidade-cultural-e-a-articulacao-territorial-na-chapada-diamantina\/",
    "title": {
        "rendered": "Projeto \u201cEmerg\u00eancia Cultural\u201d fortalece a identidade, a diversidade cultural e a articula\u00e7\u00e3o territorial na Chapada Diamantina"
    },
    "content": {
        "rendered": "<p><a href=\"https:\/\/cultura.chapada.ba\/artevista\/emilio-c-r-tapioca\/\">Em\u00edlio Tapioca<\/a> \/ 2 novembro 2025 \/ <a href=\"https:\/\/cultura.chapada.ba\/temas\/codeter\/emergenciacultural\/\">Emerg\u00eancia Cultural<\/a><\/p>\n\n\n\n<figure class=\"wp-block-image size-large\"><img loading=\"lazy\" decoding=\"async\" width=\"1080\" height=\"1350\" src=\"https:\/\/bahia.culturaviva.net.br\/wp-content\/uploads\/2025\/11\/1-capa-do-emergencia-1.jpg\" alt=\"\" class=\"wp-image-1209\" srcset=\"https:\/\/bahia.culturaviva.net.br\/wp-content\/uploads\/2025\/11\/1-capa-do-emergencia-1.jpg 1080w, https:\/\/bahia.culturaviva.net.br\/wp-content\/uploads\/2025\/11\/1-capa-do-emergencia-1-240x300.jpg 240w, https:\/\/bahia.culturaviva.net.br\/wp-content\/uploads\/2025\/11\/1-capa-do-emergencia-1-819x1024.jpg 819w, https:\/\/bahia.culturaviva.net.br\/wp-content\/uploads\/2025\/11\/1-capa-do-emergencia-1-768x960.jpg 768w, https:\/\/bahia.culturaviva.net.br\/wp-content\/uploads\/2025\/11\/1-capa-do-emergencia-1-10x12.jpg 10w, https:\/\/bahia.culturaviva.net.br\/wp-content\/uploads\/2025\/11\/1-capa-do-emergencia-1-205x256.jpg 205w, https:\/\/bahia.culturaviva.net.br\/wp-content\/uploads\/2025\/11\/1-capa-do-emergencia-1-480x600.jpg 480w\" sizes=\"auto, (max-width: 1080px) 100vw, 1080px\" \/><\/figure>\n\n\n\n<p>Iniciativa contemplada pela Pol\u00edtica Nacional Aldir Blanc Bahia promove oficinas, mostras culturais e interc\u00e2mbios entre comunidades tradicionais do territ\u00f3rio.<\/p>\n\n\n\n<figure class=\"wp-block-image size-large\"><img loading=\"lazy\" decoding=\"async\" width=\"768\" height=\"960\" src=\"https:\/\/bahia.culturaviva.net.br\/wp-content\/uploads\/2025\/11\/1-capa-do-emergencia.jpg\" alt=\"\" class=\"wp-image-1211\" srcset=\"https:\/\/bahia.culturaviva.net.br\/wp-content\/uploads\/2025\/11\/1-capa-do-emergencia.jpg 768w, https:\/\/bahia.culturaviva.net.br\/wp-content\/uploads\/2025\/11\/1-capa-do-emergencia-240x300.jpg 240w, https:\/\/bahia.culturaviva.net.br\/wp-content\/uploads\/2025\/11\/1-capa-do-emergencia-10x12.jpg 10w, https:\/\/bahia.culturaviva.net.br\/wp-content\/uploads\/2025\/11\/1-capa-do-emergencia-205x256.jpg 205w, https:\/\/bahia.culturaviva.net.br\/wp-content\/uploads\/2025\/11\/1-capa-do-emergencia-480x600.jpg 480w\" sizes=\"auto, (max-width: 768px) 100vw, 768px\" \/><\/figure>\n\n\n\n<p>O projeto \u201cEmerg\u00eancia Cultural \u2013 ForTe Cultura: A cultura como for\u00e7a de articula\u00e7\u00e3o territorial na Chapada Diamantina\u201d foi contemplada no edital Cultura Viva e Territ\u00f3rios de Identidade (N\u00ba 28\/2024), dentro da Pol\u00edtica Nacional Aldir Blanc Bahia (PNAB), com apoio financeiro do Governo do Estado da Bahia, por meio da Secretaria de Cultura (Secult-BA), e do Minist\u00e9rio da Cultura. A a\u00e7\u00e3o \u00e9 uma realiza\u00e7\u00e3o da OS \u2013 Viver Cultura e Meio Ambiente, tamb\u00e9m reconhecida como Ponto de Cultura Abass\u00e1 de Oxal\u00e1, e tem como foco o fortalecimento do ForTe Cultura e da C\u00e2mara T\u00e9cnica de Cultura do CODETER Chapada Diamantina.<\/p>\n\n\n\n<figure class=\"wp-block-image size-large\"><img loading=\"lazy\" decoding=\"async\" width=\"768\" height=\"960\" src=\"https:\/\/bahia.culturaviva.net.br\/wp-content\/uploads\/2025\/11\/2-o-que-e-emergencia.jpg\" alt=\"\" class=\"wp-image-1204\" srcset=\"https:\/\/bahia.culturaviva.net.br\/wp-content\/uploads\/2025\/11\/2-o-que-e-emergencia.jpg 768w, https:\/\/bahia.culturaviva.net.br\/wp-content\/uploads\/2025\/11\/2-o-que-e-emergencia-240x300.jpg 240w, https:\/\/bahia.culturaviva.net.br\/wp-content\/uploads\/2025\/11\/2-o-que-e-emergencia-10x12.jpg 10w, https:\/\/bahia.culturaviva.net.br\/wp-content\/uploads\/2025\/11\/2-o-que-e-emergencia-205x256.jpg 205w, https:\/\/bahia.culturaviva.net.br\/wp-content\/uploads\/2025\/11\/2-o-que-e-emergencia-480x600.jpg 480w\" sizes=\"auto, (max-width: 768px) 100vw, 768px\" \/><\/figure>\n\n\n\n<p>A proposta busca promover a valoriza\u00e7\u00e3o dos povos e comunidades tradicionais em situa\u00e7\u00e3o de vulnerabilidade social, com prioridade para as comunidades da Serra da Chapadinha (Itaet\u00ea) e da Bocaina (Piat\u00e3), territ\u00f3rios marcados pela resist\u00eancia cultural e por desafios socioambientais. As a\u00e7\u00f5es envolvem mobiliza\u00e7\u00e3o comunit\u00e1ria, oficinas apresenta\u00e7\u00f5es culturais, circula\u00e7\u00e3o de saberes e o fomento \u00e0 plataforma digital&nbsp;<a href=\"https:\/\/cultura.chapada.ba\/\"><strong>cultura.chapada.ba<\/strong><\/a>, espa\u00e7o de mem\u00f3ria, frui\u00e7\u00e3o, difus\u00e3o e circula\u00e7\u00e3o de bens e servi\u00e7os culturais, integrando o territ\u00f3rio da Chapada Diamantina \u00e0 Rede Cultura Viva.<\/p>\n\n\n\n<figure class=\"wp-block-image size-large\"><img loading=\"lazy\" decoding=\"async\" width=\"768\" height=\"960\" src=\"https:\/\/bahia.culturaviva.net.br\/wp-content\/uploads\/2025\/11\/3-Objetivos-do-emergencia.jpg\" alt=\"\" class=\"wp-image-1210\" srcset=\"https:\/\/bahia.culturaviva.net.br\/wp-content\/uploads\/2025\/11\/3-Objetivos-do-emergencia.jpg 768w, https:\/\/bahia.culturaviva.net.br\/wp-content\/uploads\/2025\/11\/3-Objetivos-do-emergencia-240x300.jpg 240w, https:\/\/bahia.culturaviva.net.br\/wp-content\/uploads\/2025\/11\/3-Objetivos-do-emergencia-10x12.jpg 10w, https:\/\/bahia.culturaviva.net.br\/wp-content\/uploads\/2025\/11\/3-Objetivos-do-emergencia-205x256.jpg 205w, https:\/\/bahia.culturaviva.net.br\/wp-content\/uploads\/2025\/11\/3-Objetivos-do-emergencia-480x600.jpg 480w\" sizes=\"auto, (max-width: 768px) 100vw, 768px\" \/><\/figure>\n\n\n\n<p>Entre os objetivos principais, est\u00e3o o fortalecimento da identidade cultural, o est\u00edmulo \u00e0 participa\u00e7\u00e3o social e a amplia\u00e7\u00e3o do acesso \u00e0s pol\u00edticas p\u00fablicas de cultura. O projeto tamb\u00e9m visa capacitar agentes e coletivos culturais no uso da plataforma digital&nbsp;<a href=\"https:\/\/cultura.chapada.ba\/\">https:\/\/cultura.chapada.ba\/<\/a>, ferramenta colaborativa que re\u00fane f\u00f3runs, not\u00edcias, eventos e espa\u00e7os de forma\u00e7\u00e3o voltados ao territ\u00f3rio.<\/p>\n\n\n\n<figure class=\"wp-block-image size-large\"><img loading=\"lazy\" decoding=\"async\" width=\"768\" height=\"960\" src=\"https:\/\/bahia.culturaviva.net.br\/wp-content\/uploads\/2025\/11\/5-equipe-do-emergencia.jpg\" alt=\"\" class=\"wp-image-1207\" srcset=\"https:\/\/bahia.culturaviva.net.br\/wp-content\/uploads\/2025\/11\/5-equipe-do-emergencia.jpg 768w, https:\/\/bahia.culturaviva.net.br\/wp-content\/uploads\/2025\/11\/5-equipe-do-emergencia-240x300.jpg 240w, https:\/\/bahia.culturaviva.net.br\/wp-content\/uploads\/2025\/11\/5-equipe-do-emergencia-10x12.jpg 10w, https:\/\/bahia.culturaviva.net.br\/wp-content\/uploads\/2025\/11\/5-equipe-do-emergencia-205x256.jpg 205w, https:\/\/bahia.culturaviva.net.br\/wp-content\/uploads\/2025\/11\/5-equipe-do-emergencia-480x600.jpg 480w\" sizes=\"auto, (max-width: 768px) 100vw, 768px\" \/><\/figure>\n\n\n\n<p>A metodologia adotada \u00e9 participativa e colaborativa, priorizando a escuta ativa e o di\u00e1logo com as comunidades. As oficinas culturais formar\u00e3o artistas, produtores culturais, gestores municipais, estudantes e demais fazedores de cultura sobre temas&nbsp;<strong>como gest\u00e3o cultural, identidade, patrim\u00f4nio imaterial e pertencimento<\/strong>. Al\u00e9m disso, haver\u00e1 mostras art\u00edsticas e feiras de economia solid\u00e1ria, com o intuito de promover a diversidade cultural e fortalecer as redes de produ\u00e7\u00e3o local.<\/p>\n\n\n\n<figure class=\"wp-block-image size-large\"><img loading=\"lazy\" decoding=\"async\" width=\"768\" height=\"960\" src=\"https:\/\/bahia.culturaviva.net.br\/wp-content\/uploads\/2025\/11\/6-equipe-do-emergencia.jpg\" alt=\"\" class=\"wp-image-1205\" srcset=\"https:\/\/bahia.culturaviva.net.br\/wp-content\/uploads\/2025\/11\/6-equipe-do-emergencia.jpg 768w, https:\/\/bahia.culturaviva.net.br\/wp-content\/uploads\/2025\/11\/6-equipe-do-emergencia-240x300.jpg 240w, https:\/\/bahia.culturaviva.net.br\/wp-content\/uploads\/2025\/11\/6-equipe-do-emergencia-10x12.jpg 10w, https:\/\/bahia.culturaviva.net.br\/wp-content\/uploads\/2025\/11\/6-equipe-do-emergencia-205x256.jpg 205w, https:\/\/bahia.culturaviva.net.br\/wp-content\/uploads\/2025\/11\/6-equipe-do-emergencia-480x600.jpg 480w\" sizes=\"auto, (max-width: 768px) 100vw, 768px\" \/><\/figure>\n\n\n\n<p>As a\u00e7\u00f5es de acessibilidade tamb\u00e9m s\u00e3o destaque: o projeto prev\u00ea linguagem simples nos materiais de divulga\u00e7\u00e3o, audiodescri\u00e7\u00e3o e tradu\u00e7\u00e3o em Libras durante as atividades presenciais, garantindo a inclus\u00e3o de diferentes p\u00fablicos.<\/p>\n\n\n\n<p>O cronograma de execu\u00e7\u00e3o prev\u00ea etapas que v\u00e3o desde a mobiliza\u00e7\u00e3o e escuta comunit\u00e1ria at\u00e9 a realiza\u00e7\u00e3o da 3\u00aa edi\u00e7\u00e3o do ForTe Cultura, com encontros presenciais e virtuais em diversas localidades da Chapada Diamantina. As primeiras atividades est\u00e3o agendadas para o m\u00eas de novembro, nos dias&nbsp;<strong>7 (Serra da Chapadinha \u2013 Col\u00f4nia \u2013 Itaet\u00ea), 14 (Bocaina \u2013 Piat\u00e3)<\/strong><strong>&nbsp;e 29 (sede \u2013 Rio de Contas<\/strong><strong>&nbsp;\u2013 Realiza\u00e7\u00e3o do 3\u00ba ForTe Cultura)<\/strong>. A previs\u00e3o \u00e9 que as a\u00e7\u00f5es se estendam at\u00e9 maio de 2026, reunindo agentes culturais, movimentos sociais e institui\u00e7\u00f5es parceiras.<\/p>\n\n\n\n<figure class=\"wp-block-image size-large\"><img loading=\"lazy\" decoding=\"async\" width=\"768\" height=\"960\" src=\"https:\/\/bahia.culturaviva.net.br\/wp-content\/uploads\/2025\/11\/4-agenda-do-emergencia-1.jpg\" alt=\"\" class=\"wp-image-1206\" srcset=\"https:\/\/bahia.culturaviva.net.br\/wp-content\/uploads\/2025\/11\/4-agenda-do-emergencia-1.jpg 768w, https:\/\/bahia.culturaviva.net.br\/wp-content\/uploads\/2025\/11\/4-agenda-do-emergencia-1-240x300.jpg 240w, https:\/\/bahia.culturaviva.net.br\/wp-content\/uploads\/2025\/11\/4-agenda-do-emergencia-1-10x12.jpg 10w, https:\/\/bahia.culturaviva.net.br\/wp-content\/uploads\/2025\/11\/4-agenda-do-emergencia-1-205x256.jpg 205w, https:\/\/bahia.culturaviva.net.br\/wp-content\/uploads\/2025\/11\/4-agenda-do-emergencia-1-480x600.jpg 480w\" sizes=\"auto, (max-width: 768px) 100vw, 768px\" \/><\/figure>\n\n\n\n<p>Ao final, espera-se consolidar um espa\u00e7o de articula\u00e7\u00e3o cont\u00ednua, fortalecendo a C\u00e2mara T\u00e9cnica de Cultura do CODETER Chapada Diamantina e ampliando a visibilidade das produ\u00e7\u00f5es culturais locais nas plataformas digitais e m\u00eddias parceiras.<\/p>\n\n\n\n<p>O projeto reafirma o compromisso com a responsabilidade socioambiental e cultural, promovendo o respeito \u00e0 diversidade, a valoriza\u00e7\u00e3o das tradi\u00e7\u00f5es e a prote\u00e7\u00e3o do patrim\u00f4nio natural e cultural do territ\u00f3rio.<\/p>\n\n\n\n<p>Traga sua voz, sua hist\u00f3ria, sua cultura! A presen\u00e7a de cada pessoa faz a diferen\u00e7a! Esperamos por voc\u00ea!<br><br><a href=\"https:\/\/www.instagram.com\/explore\/tags\/pnabbahia\/\">#pnabbahia<\/a>&nbsp;<a href=\"https:\/\/www.instagram.com\/explore\/tags\/culturaviva\/\">#culturaviva<\/a>&nbsp;<a href=\"https:\/\/www.instagram.com\/explore\/tags\/secultbahia\/\">#secultbahia<\/a>&nbsp;<a href=\"https:\/\/www.instagram.com\/viverculturama\/\">@viverculturama<\/a>&nbsp;<a href=\"https:\/\/www.instagram.com\/abassadeoxala2025\/\">@abassadeoxala2025<\/a>&nbsp;<a href=\"https:\/\/www.instagram.com\/explore\/tags\/fortecultura\/\">#fortecultura<\/a>&nbsp;<a href=\"https:\/\/www.instagram.com\/minc\/\">@minc<\/a>&nbsp;<a href=\"https:\/\/www.instagram.com\/secultba\/\">@secultba<\/a>&nbsp;<a href=\"https:\/\/www.instagram.com\/codeterchapada\/\">@codeterchapada<\/a>&nbsp;<a href=\"https:\/\/www.instagram.com\/codeter_ticd\/\">@codeter_ticd<\/a>&nbsp;<a href=\"https:\/\/www.instagram.com\/universidade.chapada.ba\/\">@universidade.chapada.ba<\/a>&nbsp;<a href=\"https:\/\/www.instagram.com\/sematucitaete\/\">@sematucitaete<\/a>&nbsp;<a href=\"https:\/\/www.instagram.com\/ocachapada\/\">@ocachapada<\/a>&nbsp;<a href=\"https:\/\/www.instagram.com\/teiadospovos\/\">@teiadospovos<\/a>&nbsp;<a href=\"https:\/\/www.instagram.com\/uefscacd\/\">@uefscacd<\/a>&nbsp;<a href=\"https:\/\/www.instagram.com\/nte03\/\">@nte03<\/a>&nbsp;<a href=\"https:\/\/www.instagram.com\/pontaotecendoredes\/\">@pontaotecendoredes<\/a> <a href=\"https:\/\/www.instagram.com\/oasisriodecontas\/\">@oasisriodecontas<\/a>&nbsp;<a href=\"https:\/\/www.instagram.com\/graosdeluzegrio\/\">@graosdeluzegrio<\/a>&nbsp;<a href=\"https:\/\/www.instagram.com\/prefeitura.piata\/\">@prefeitura.piata<\/a>&nbsp;<a href=\"https:\/\/www.instagram.com\/prefeituradeitaeteba\/\">@prefeituradeitaeteba<\/a>&nbsp;<a href=\"https:\/\/www.instagram.com\/escoladasaguasnascentes\/\">@escoladasaguasnascentes<\/a><\/p>\n\n\n\n<figure class=\"wp-block-image size-large\"><img loading=\"lazy\" decoding=\"async\" width=\"768\" height=\"960\" src=\"https:\/\/bahia.culturaviva.net.br\/wp-content\/uploads\/2025\/11\/7-Parcerias.jpg\" alt=\"\" class=\"wp-image-1208\" srcset=\"https:\/\/bahia.culturaviva.net.br\/wp-content\/uploads\/2025\/11\/7-Parcerias.jpg 768w, https:\/\/bahia.culturaviva.net.br\/wp-content\/uploads\/2025\/11\/7-Parcerias-240x300.jpg 240w, https:\/\/bahia.culturaviva.net.br\/wp-content\/uploads\/2025\/11\/7-Parcerias-10x12.jpg 10w, https:\/\/bahia.culturaviva.net.br\/wp-content\/uploads\/2025\/11\/7-Parcerias-205x256.jpg 205w, https:\/\/bahia.culturaviva.net.br\/wp-content\/uploads\/2025\/11\/7-Parcerias-480x600.jpg 480w\" sizes=\"auto, (max-width: 768px) 100vw, 768px\" \/><\/figure>\n\n\n\n<p>Participe! Inscreva-se: <a href=\"https:\/\/cultura.chapada.ba\/emergenciacultural\/\">https:\/\/cultura.chapada.ba\/emergenciacultural\/<\/a><\/p>\n\n\n\n<p><\/p>",
        "protected": false
    },
    "excerpt": {
        "rendered": "<p>Em\u00edlio Tapioca \/ 2 novembro 2025 \/ Emerg\u00eancia Cultural Iniciativa contemplada pela Pol\u00edtica Nacional Aldir Blanc Bahia promove oficinas, mostras culturais e interc\u00e2mbios entre comunidades tradicionais do territ\u00f3rio. O projeto \u201cEmerg\u00eancia Cultural \u2013 ForTe Cultura: A cultura como for\u00e7a de articula\u00e7\u00e3o territorial na Chapada Diamantina\u201d foi contemplada no edital Cultura Viva e Territ\u00f3rios de Identidade [&hellip;]<\/p>",
        "protected": false
    },
    "author": 4,
    "featured_media": 1202,
    "comment_status": "open",
    "ping_status": "open",
    "sticky": false,
    "template": "",
    "format": "standard",
    "meta": {
        "_acf_changed": false,
        "_gspb_post_css": "",
        "footnotes": ""
    },
    "categories": [
        2,
        25
    ],
    "tags": [
        23,
        24
    ],
    "class_list": [
        "post-1201",
        "post",
        "type-post",
        "status-publish",
        "format-standard",
        "has-post-thumbnail",
        "hentry",
        "category-culturaviva",
        "category-pnab",
        "tag-emergencia-cultural",
        "tag-pnab"
    ],
    "blocksy_meta": [],
    "acf": [],
    "yoast_head": "<!-- This site is optimized with the Yoast SEO plugin v27.3 - https:\/\/yoast.com\/product\/yoast-seo-wordpress\/ -->\n<title>Projeto \u201cEmerg\u00eancia Cultural\u201d fortalece a identidade, a diversidade cultural e a articula\u00e7\u00e3o territorial na Chapada Diamantina - Rede Cultura Viva da Bahia<\/title>\n<meta name=\"robots\" content=\"index, follow, max-snippet:-1, max-image-preview:large, max-video-preview:-1\" \/>\n<link rel=\"canonical\" href=\"https:\/\/bahia.culturaviva.net.br\/en\/cultura\/culturaviva\/projeto-emergencia-cultural-fortalece-a-identidade-a-diversidade-cultural-e-a-articulacao-territorial-na-chapada-diamantina\/\" \/>\n<meta property=\"og:locale\" content=\"en_US\" \/>\n<meta property=\"og:type\" content=\"article\" \/>\n<meta property=\"og:title\" content=\"Projeto \u201cEmerg\u00eancia Cultural\u201d fortalece a identidade, a diversidade cultural e a articula\u00e7\u00e3o territorial na Chapada Diamantina - Rede Cultura Viva da Bahia\" \/>\n<meta property=\"og:description\" content=\"Em\u00edlio Tapioca \/ 2 novembro 2025 \/ Emerg\u00eancia Cultural Iniciativa contemplada pela Pol\u00edtica Nacional Aldir Blanc Bahia promove oficinas, mostras culturais e interc\u00e2mbios entre comunidades tradicionais do territ\u00f3rio. O projeto \u201cEmerg\u00eancia Cultural \u2013 ForTe Cultura: A cultura como for\u00e7a de articula\u00e7\u00e3o territorial na Chapada Diamantina\u201d foi contemplada no edital Cultura Viva e Territ\u00f3rios de Identidade [&hellip;]\" \/>\n<meta property=\"og:url\" content=\"https:\/\/bahia.culturaviva.net.br\/en\/cultura\/culturaviva\/projeto-emergencia-cultural-fortalece-a-identidade-a-diversidade-cultural-e-a-articulacao-territorial-na-chapada-diamantina\/\" \/>\n<meta property=\"og:site_name\" content=\"Rede Cultura Viva da Bahia\" \/>\n<meta property=\"article:published_time\" content=\"2025-11-10T19:20:25+00:00\" \/>\n<meta property=\"article:modified_time\" content=\"2025-11-13T13:42:58+00:00\" \/>\n<meta property=\"og:image\" content=\"https:\/\/bahia.culturaviva.net.br\/wp-content\/uploads\/2025\/11\/capa-do-emergencial.webp\" \/>\n\t<meta property=\"og:image:width\" content=\"1080\" \/>\n\t<meta property=\"og:image:height\" content=\"1350\" \/>\n\t<meta property=\"og:image:type\" content=\"image\/webp\" \/>\n<meta name=\"author\" content=\"Carla Uhlmann\" \/>\n<meta name=\"twitter:card\" content=\"summary_large_image\" \/>\n<meta name=\"twitter:label1\" content=\"Written by\" \/>\n\t<meta name=\"twitter:data1\" content=\"Carla Uhlmann\" \/>\n\t<meta name=\"twitter:label2\" content=\"Est. reading time\" \/>\n\t<meta name=\"twitter:data2\" content=\"5 minutes\" \/>\n<script type=\"application\/ld+json\" class=\"yoast-schema-graph\">{\"@context\":\"https:\\\/\\\/schema.org\",\"@graph\":[{\"@type\":\"Article\",\"@id\":\"https:\\\/\\\/bahia.culturaviva.net.br\\\/cultura\\\/culturaviva\\\/projeto-emergencia-cultural-fortalece-a-identidade-a-diversidade-cultural-e-a-articulacao-territorial-na-chapada-diamantina\\\/#article\",\"isPartOf\":{\"@id\":\"https:\\\/\\\/bahia.culturaviva.net.br\\\/cultura\\\/culturaviva\\\/projeto-emergencia-cultural-fortalece-a-identidade-a-diversidade-cultural-e-a-articulacao-territorial-na-chapada-diamantina\\\/\"},\"author\":{\"name\":\"Carla Uhlmann\",\"@id\":\"https:\\\/\\\/bahia.culturaviva.net.br\\\/#\\\/schema\\\/person\\\/6e78da73e0acb5b6b65735aa9584dba0\"},\"headline\":\"Projeto \u201cEmerg\u00eancia Cultural\u201d fortalece a identidade, a diversidade cultural e a articula\u00e7\u00e3o territorial na Chapada Diamantina\",\"datePublished\":\"2025-11-10T19:20:25+00:00\",\"dateModified\":\"2025-11-13T13:42:58+00:00\",\"mainEntityOfPage\":{\"@id\":\"https:\\\/\\\/bahia.culturaviva.net.br\\\/cultura\\\/culturaviva\\\/projeto-emergencia-cultural-fortalece-a-identidade-a-diversidade-cultural-e-a-articulacao-territorial-na-chapada-diamantina\\\/\"},\"wordCount\":676,\"commentCount\":0,\"publisher\":{\"@id\":\"https:\\\/\\\/bahia.culturaviva.net.br\\\/#organization\"},\"image\":{\"@id\":\"https:\\\/\\\/bahia.culturaviva.net.br\\\/cultura\\\/culturaviva\\\/projeto-emergencia-cultural-fortalece-a-identidade-a-diversidade-cultural-e-a-articulacao-territorial-na-chapada-diamantina\\\/#primaryimage\"},\"thumbnailUrl\":\"https:\\\/\\\/bahia.culturaviva.net.br\\\/wp-content\\\/uploads\\\/2025\\\/11\\\/capa-do-emergencial.webp\",\"keywords\":[\"Emerg\u00eancia cultural\",\"PNAB\"],\"articleSection\":[\"Cultura Viva\",\"PNAB\"],\"inLanguage\":\"en-US\",\"potentialAction\":[{\"@type\":\"CommentAction\",\"name\":\"Comment\",\"target\":[\"https:\\\/\\\/bahia.culturaviva.net.br\\\/cultura\\\/culturaviva\\\/projeto-emergencia-cultural-fortalece-a-identidade-a-diversidade-cultural-e-a-articulacao-territorial-na-chapada-diamantina\\\/#respond\"]}]},{\"@type\":\"WebPage\",\"@id\":\"https:\\\/\\\/bahia.culturaviva.net.br\\\/cultura\\\/culturaviva\\\/projeto-emergencia-cultural-fortalece-a-identidade-a-diversidade-cultural-e-a-articulacao-territorial-na-chapada-diamantina\\\/\",\"url\":\"https:\\\/\\\/bahia.culturaviva.net.br\\\/cultura\\\/culturaviva\\\/projeto-emergencia-cultural-fortalece-a-identidade-a-diversidade-cultural-e-a-articulacao-territorial-na-chapada-diamantina\\\/\",\"name\":\"Projeto \u201cEmerg\u00eancia Cultural\u201d fortalece a identidade, a diversidade cultural e a articula\u00e7\u00e3o territorial na Chapada Diamantina - Rede Cultura Viva da Bahia\",\"isPartOf\":{\"@id\":\"https:\\\/\\\/bahia.culturaviva.net.br\\\/#website\"},\"primaryImageOfPage\":{\"@id\":\"https:\\\/\\\/bahia.culturaviva.net.br\\\/cultura\\\/culturaviva\\\/projeto-emergencia-cultural-fortalece-a-identidade-a-diversidade-cultural-e-a-articulacao-territorial-na-chapada-diamantina\\\/#primaryimage\"},\"image\":{\"@id\":\"https:\\\/\\\/bahia.culturaviva.net.br\\\/cultura\\\/culturaviva\\\/projeto-emergencia-cultural-fortalece-a-identidade-a-diversidade-cultural-e-a-articulacao-territorial-na-chapada-diamantina\\\/#primaryimage\"},\"thumbnailUrl\":\"https:\\\/\\\/bahia.culturaviva.net.br\\\/wp-content\\\/uploads\\\/2025\\\/11\\\/capa-do-emergencial.webp\",\"datePublished\":\"2025-11-10T19:20:25+00:00\",\"dateModified\":\"2025-11-13T13:42:58+00:00\",\"breadcrumb\":{\"@id\":\"https:\\\/\\\/bahia.culturaviva.net.br\\\/cultura\\\/culturaviva\\\/projeto-emergencia-cultural-fortalece-a-identidade-a-diversidade-cultural-e-a-articulacao-territorial-na-chapada-diamantina\\\/#breadcrumb\"},\"inLanguage\":\"en-US\",\"potentialAction\":[{\"@type\":\"ReadAction\",\"target\":[\"https:\\\/\\\/bahia.culturaviva.net.br\\\/cultura\\\/culturaviva\\\/projeto-emergencia-cultural-fortalece-a-identidade-a-diversidade-cultural-e-a-articulacao-territorial-na-chapada-diamantina\\\/\"]}]},{\"@type\":\"ImageObject\",\"inLanguage\":\"en-US\",\"@id\":\"https:\\\/\\\/bahia.culturaviva.net.br\\\/cultura\\\/culturaviva\\\/projeto-emergencia-cultural-fortalece-a-identidade-a-diversidade-cultural-e-a-articulacao-territorial-na-chapada-diamantina\\\/#primaryimage\",\"url\":\"https:\\\/\\\/bahia.culturaviva.net.br\\\/wp-content\\\/uploads\\\/2025\\\/11\\\/capa-do-emergencial.webp\",\"contentUrl\":\"https:\\\/\\\/bahia.culturaviva.net.br\\\/wp-content\\\/uploads\\\/2025\\\/11\\\/capa-do-emergencial.webp\",\"width\":1080,\"height\":1350},{\"@type\":\"BreadcrumbList\",\"@id\":\"https:\\\/\\\/bahia.culturaviva.net.br\\\/cultura\\\/culturaviva\\\/projeto-emergencia-cultural-fortalece-a-identidade-a-diversidade-cultural-e-a-articulacao-territorial-na-chapada-diamantina\\\/#breadcrumb\",\"itemListElement\":[{\"@type\":\"ListItem\",\"position\":1,\"name\":\"In\u00edcio\",\"item\":\"https:\\\/\\\/bahia.culturaviva.net.br\\\/\"},{\"@type\":\"ListItem\",\"position\":2,\"name\":\"Projeto \u201cEmerg\u00eancia Cultural\u201d fortalece a identidade, a diversidade cultural e a articula\u00e7\u00e3o territorial na Chapada Diamantina\"}]},{\"@type\":\"WebSite\",\"@id\":\"https:\\\/\\\/bahia.culturaviva.net.br\\\/#website\",\"url\":\"https:\\\/\\\/bahia.culturaviva.net.br\\\/\",\"name\":\"Rede Cultura Viva da Bahia\",\"description\":\"Espa\u00e7o para Acervo, Informa\u00e7\u00e3o e Participa\u00e7\u00e3o Social da Rede de Pontos de Cultura da Bahia\",\"publisher\":{\"@id\":\"https:\\\/\\\/bahia.culturaviva.net.br\\\/#organization\"},\"potentialAction\":[{\"@type\":\"SearchAction\",\"target\":{\"@type\":\"EntryPoint\",\"urlTemplate\":\"https:\\\/\\\/bahia.culturaviva.net.br\\\/?s={search_term_string}\"},\"query-input\":{\"@type\":\"PropertyValueSpecification\",\"valueRequired\":true,\"valueName\":\"search_term_string\"}}],\"inLanguage\":\"en-US\"},{\"@type\":\"Organization\",\"@id\":\"https:\\\/\\\/bahia.culturaviva.net.br\\\/#organization\",\"name\":\"Rede Cultura Viva da Bahia\",\"url\":\"https:\\\/\\\/bahia.culturaviva.net.br\\\/\",\"logo\":{\"@type\":\"ImageObject\",\"inLanguage\":\"en-US\",\"@id\":\"https:\\\/\\\/bahia.culturaviva.net.br\\\/#\\\/schema\\\/logo\\\/image\\\/\",\"url\":\"https:\\\/\\\/bahia.culturaviva.net.br\\\/wp-content\\\/uploads\\\/2025\\\/11\\\/logo-plataforma-culturaviva-bahia-branco.png\",\"contentUrl\":\"https:\\\/\\\/bahia.culturaviva.net.br\\\/wp-content\\\/uploads\\\/2025\\\/11\\\/logo-plataforma-culturaviva-bahia-branco.png\",\"width\":628,\"height\":652,\"caption\":\"Rede Cultura Viva da Bahia\"},\"image\":{\"@id\":\"https:\\\/\\\/bahia.culturaviva.net.br\\\/#\\\/schema\\\/logo\\\/image\\\/\"}},{\"@type\":\"Person\",\"@id\":\"https:\\\/\\\/bahia.culturaviva.net.br\\\/#\\\/schema\\\/person\\\/6e78da73e0acb5b6b65735aa9584dba0\",\"name\":\"Carla Uhlmann\",\"image\":{\"@type\":\"ImageObject\",\"inLanguage\":\"en-US\",\"@id\":\"https:\\\/\\\/secure.gravatar.com\\\/avatar\\\/174652d1afb5fe35d03517b4ac78b9aae436c9a12e364319b1fc0cf646d4a933?s=96&d=mm&r=g\",\"url\":\"https:\\\/\\\/secure.gravatar.com\\\/avatar\\\/174652d1afb5fe35d03517b4ac78b9aae436c9a12e364319b1fc0cf646d4a933?s=96&d=mm&r=g\",\"contentUrl\":\"https:\\\/\\\/secure.gravatar.com\\\/avatar\\\/174652d1afb5fe35d03517b4ac78b9aae436c9a12e364319b1fc0cf646d4a933?s=96&d=mm&r=g\",\"caption\":\"Carla Uhlmann\"},\"url\":\"https:\\\/\\\/bahia.culturaviva.net.br\\\/en\\\/author\\\/carlauhlmann\\\/\"}]}<\/script>\n<!-- \/ Yoast SEO plugin. -->",
    "yoast_head_json": {
        "title": "Projeto \u201cEmerg\u00eancia Cultural\u201d fortalece a identidade, a diversidade cultural e a articula\u00e7\u00e3o territorial na Chapada Diamantina - Rede Cultura Viva da Bahia",
        "robots": {
            "index": "index",
            "follow": "follow",
            "max-snippet": "max-snippet:-1",
            "max-image-preview": "max-image-preview:large",
            "max-video-preview": "max-video-preview:-1"
        },
        "canonical": "https:\/\/bahia.culturaviva.net.br\/en\/cultura\/culturaviva\/projeto-emergencia-cultural-fortalece-a-identidade-a-diversidade-cultural-e-a-articulacao-territorial-na-chapada-diamantina\/",
        "og_locale": "en_US",
        "og_type": "article",
        "og_title": "Projeto \u201cEmerg\u00eancia Cultural\u201d fortalece a identidade, a diversidade cultural e a articula\u00e7\u00e3o territorial na Chapada Diamantina - Rede Cultura Viva da Bahia",
        "og_description": "Em\u00edlio Tapioca \/ 2 novembro 2025 \/ Emerg\u00eancia Cultural Iniciativa contemplada pela Pol\u00edtica Nacional Aldir Blanc Bahia promove oficinas, mostras culturais e interc\u00e2mbios entre comunidades tradicionais do territ\u00f3rio. O projeto \u201cEmerg\u00eancia Cultural \u2013 ForTe Cultura: A cultura como for\u00e7a de articula\u00e7\u00e3o territorial na Chapada Diamantina\u201d foi contemplada no edital Cultura Viva e Territ\u00f3rios de Identidade [&hellip;]",
        "og_url": "https:\/\/bahia.culturaviva.net.br\/en\/cultura\/culturaviva\/projeto-emergencia-cultural-fortalece-a-identidade-a-diversidade-cultural-e-a-articulacao-territorial-na-chapada-diamantina\/",
        "og_site_name": "Rede Cultura Viva da Bahia",
        "article_published_time": "2025-11-10T19:20:25+00:00",
        "article_modified_time": "2025-11-13T13:42:58+00:00",
        "og_image": [
            {
                "width": 1080,
                "height": 1350,
                "url": "https:\/\/bahia.culturaviva.net.br\/wp-content\/uploads\/2025\/11\/capa-do-emergencial.webp",
                "type": "image\/webp"
            }
        ],
        "author": "Carla Uhlmann",
        "twitter_card": "summary_large_image",
        "twitter_misc": {
            "Written by": "Carla Uhlmann",
            "Est. reading time": "5 minutes"
        },
        "schema": {
            "@context": "https:\/\/schema.org",
            "@graph": [
                {
                    "@type": "Article",
                    "@id": "https:\/\/bahia.culturaviva.net.br\/cultura\/culturaviva\/projeto-emergencia-cultural-fortalece-a-identidade-a-diversidade-cultural-e-a-articulacao-territorial-na-chapada-diamantina\/#article",
                    "isPartOf": {
                        "@id": "https:\/\/bahia.culturaviva.net.br\/cultura\/culturaviva\/projeto-emergencia-cultural-fortalece-a-identidade-a-diversidade-cultural-e-a-articulacao-territorial-na-chapada-diamantina\/"
                    },
                    "author": {
                        "name": "Carla Uhlmann",
                        "@id": "https:\/\/bahia.culturaviva.net.br\/#\/schema\/person\/6e78da73e0acb5b6b65735aa9584dba0"
                    },
                    "headline": "Projeto \u201cEmerg\u00eancia Cultural\u201d fortalece a identidade, a diversidade cultural e a articula\u00e7\u00e3o territorial na Chapada Diamantina",
                    "datePublished": "2025-11-10T19:20:25+00:00",
                    "dateModified": "2025-11-13T13:42:58+00:00",
                    "mainEntityOfPage": {
                        "@id": "https:\/\/bahia.culturaviva.net.br\/cultura\/culturaviva\/projeto-emergencia-cultural-fortalece-a-identidade-a-diversidade-cultural-e-a-articulacao-territorial-na-chapada-diamantina\/"
                    },
                    "wordCount": 676,
                    "commentCount": 0,
                    "publisher": {
                        "@id": "https:\/\/bahia.culturaviva.net.br\/#organization"
                    },
                    "image": {
                        "@id": "https:\/\/bahia.culturaviva.net.br\/cultura\/culturaviva\/projeto-emergencia-cultural-fortalece-a-identidade-a-diversidade-cultural-e-a-articulacao-territorial-na-chapada-diamantina\/#primaryimage"
                    },
                    "thumbnailUrl": "https:\/\/bahia.culturaviva.net.br\/wp-content\/uploads\/2025\/11\/capa-do-emergencial.webp",
                    "keywords": [
                        "Emerg\u00eancia cultural",
                        "PNAB"
                    ],
                    "articleSection": [
                        "Cultura Viva",
                        "PNAB"
                    ],
                    "inLanguage": "en-US",
                    "potentialAction": [
                        {
                            "@type": "CommentAction",
                            "name": "Comment",
                            "target": [
                                "https:\/\/bahia.culturaviva.net.br\/cultura\/culturaviva\/projeto-emergencia-cultural-fortalece-a-identidade-a-diversidade-cultural-e-a-articulacao-territorial-na-chapada-diamantina\/#respond"
                            ]
                        }
                    ]
                },
                {
                    "@type": "WebPage",
                    "@id": "https:\/\/bahia.culturaviva.net.br\/cultura\/culturaviva\/projeto-emergencia-cultural-fortalece-a-identidade-a-diversidade-cultural-e-a-articulacao-territorial-na-chapada-diamantina\/",
                    "url": "https:\/\/bahia.culturaviva.net.br\/cultura\/culturaviva\/projeto-emergencia-cultural-fortalece-a-identidade-a-diversidade-cultural-e-a-articulacao-territorial-na-chapada-diamantina\/",
                    "name": "Projeto \u201cEmerg\u00eancia Cultural\u201d fortalece a identidade, a diversidade cultural e a articula\u00e7\u00e3o territorial na Chapada Diamantina - Rede Cultura Viva da Bahia",
                    "isPartOf": {
                        "@id": "https:\/\/bahia.culturaviva.net.br\/#website"
                    },
                    "primaryImageOfPage": {
                        "@id": "https:\/\/bahia.culturaviva.net.br\/cultura\/culturaviva\/projeto-emergencia-cultural-fortalece-a-identidade-a-diversidade-cultural-e-a-articulacao-territorial-na-chapada-diamantina\/#primaryimage"
                    },
                    "image": {
                        "@id": "https:\/\/bahia.culturaviva.net.br\/cultura\/culturaviva\/projeto-emergencia-cultural-fortalece-a-identidade-a-diversidade-cultural-e-a-articulacao-territorial-na-chapada-diamantina\/#primaryimage"
                    },
                    "thumbnailUrl": "https:\/\/bahia.culturaviva.net.br\/wp-content\/uploads\/2025\/11\/capa-do-emergencial.webp",
                    "datePublished": "2025-11-10T19:20:25+00:00",
                    "dateModified": "2025-11-13T13:42:58+00:00",
                    "breadcrumb": {
                        "@id": "https:\/\/bahia.culturaviva.net.br\/cultura\/culturaviva\/projeto-emergencia-cultural-fortalece-a-identidade-a-diversidade-cultural-e-a-articulacao-territorial-na-chapada-diamantina\/#breadcrumb"
                    },
                    "inLanguage": "en-US",
                    "potentialAction": [
                        {
                            "@type": "ReadAction",
                            "target": [
                                "https:\/\/bahia.culturaviva.net.br\/cultura\/culturaviva\/projeto-emergencia-cultural-fortalece-a-identidade-a-diversidade-cultural-e-a-articulacao-territorial-na-chapada-diamantina\/"
                            ]
                        }
                    ]
                },
                {
                    "@type": "ImageObject",
                    "inLanguage": "en-US",
                    "@id": "https:\/\/bahia.culturaviva.net.br\/cultura\/culturaviva\/projeto-emergencia-cultural-fortalece-a-identidade-a-diversidade-cultural-e-a-articulacao-territorial-na-chapada-diamantina\/#primaryimage",
                    "url": "https:\/\/bahia.culturaviva.net.br\/wp-content\/uploads\/2025\/11\/capa-do-emergencial.webp",
                    "contentUrl": "https:\/\/bahia.culturaviva.net.br\/wp-content\/uploads\/2025\/11\/capa-do-emergencial.webp",
                    "width": 1080,
                    "height": 1350
                },
                {
                    "@type": "BreadcrumbList",
                    "@id": "https:\/\/bahia.culturaviva.net.br\/cultura\/culturaviva\/projeto-emergencia-cultural-fortalece-a-identidade-a-diversidade-cultural-e-a-articulacao-territorial-na-chapada-diamantina\/#breadcrumb",
                    "itemListElement": [
                        {
                            "@type": "ListItem",
                            "position": 1,
                            "name": "In\u00edcio",
                            "item": "https:\/\/bahia.culturaviva.net.br\/"
                        },
                        {
                            "@type": "ListItem",
                            "position": 2,
                            "name": "Projeto \u201cEmerg\u00eancia Cultural\u201d fortalece a identidade, a diversidade cultural e a articula\u00e7\u00e3o territorial na Chapada Diamantina"
                        }
                    ]
                },
                {
                    "@type": "WebSite",
                    "@id": "https:\/\/bahia.culturaviva.net.br\/#website",
                    "url": "https:\/\/bahia.culturaviva.net.br\/",
                    "name": "Rede Cultura Viva da Bahia",
                    "description": "Espa\u00e7o para Acervo, Informa\u00e7\u00e3o e Participa\u00e7\u00e3o Social da Rede de Pontos de Cultura da Bahia",
                    "publisher": {
                        "@id": "https:\/\/bahia.culturaviva.net.br\/#organization"
                    },
                    "potentialAction": [
                        {
                            "@type": "SearchAction",
                            "target": {
                                "@type": "EntryPoint",
                                "urlTemplate": "https:\/\/bahia.culturaviva.net.br\/?s={search_term_string}"
                            },
                            "query-input": {
                                "@type": "PropertyValueSpecification",
                                "valueRequired": true,
                                "valueName": "search_term_string"
                            }
                        }
                    ],
                    "inLanguage": "en-US"
                },
                {
                    "@type": "Organization",
                    "@id": "https:\/\/bahia.culturaviva.net.br\/#organization",
                    "name": "Rede Cultura Viva da Bahia",
                    "url": "https:\/\/bahia.culturaviva.net.br\/",
                    "logo": {
                        "@type": "ImageObject",
                        "inLanguage": "en-US",
                        "@id": "https:\/\/bahia.culturaviva.net.br\/#\/schema\/logo\/image\/",
                        "url": "https:\/\/bahia.culturaviva.net.br\/wp-content\/uploads\/2025\/11\/logo-plataforma-culturaviva-bahia-branco.png",
                        "contentUrl": "https:\/\/bahia.culturaviva.net.br\/wp-content\/uploads\/2025\/11\/logo-plataforma-culturaviva-bahia-branco.png",
                        "width": 628,
                        "height": 652,
                        "caption": "Rede Cultura Viva da Bahia"
                    },
                    "image": {
                        "@id": "https:\/\/bahia.culturaviva.net.br\/#\/schema\/logo\/image\/"
                    }
                },
                {
                    "@type": "Person",
                    "@id": "https:\/\/bahia.culturaviva.net.br\/#\/schema\/person\/6e78da73e0acb5b6b65735aa9584dba0",
                    "name": "Carla Uhlmann",
                    "image": {
                        "@type": "ImageObject",
                        "inLanguage": "en-US",
                        "@id": "https:\/\/secure.gravatar.com\/avatar\/174652d1afb5fe35d03517b4ac78b9aae436c9a12e364319b1fc0cf646d4a933?s=96&d=mm&r=g",
                        "url": "https:\/\/secure.gravatar.com\/avatar\/174652d1afb5fe35d03517b4ac78b9aae436c9a12e364319b1fc0cf646d4a933?s=96&d=mm&r=g",
                        "contentUrl": "https:\/\/secure.gravatar.com\/avatar\/174652d1afb5fe35d03517b4ac78b9aae436c9a12e364319b1fc0cf646d4a933?s=96&d=mm&r=g",
                        "caption": "Carla Uhlmann"
                    },
                    "url": "https:\/\/bahia.culturaviva.net.br\/en\/author\/carlauhlmann\/"
                }
            ]
        }
    },
    "_links": {
        "self": [
            {
                "href": "https:\/\/bahia.culturaviva.net.br\/en\/wp-json\/wp\/v2\/posts\/1201",
                "targetHints": {
                    "allow": [
                        "GET"
                    ]
                }
            }
        ],
        "collection": [
            {
                "href": "https:\/\/bahia.culturaviva.net.br\/en\/wp-json\/wp\/v2\/posts"
            }
        ],
        "about": [
            {
                "href": "https:\/\/bahia.culturaviva.net.br\/en\/wp-json\/wp\/v2\/types\/post"
            }
        ],
        "author": [
            {
                "embeddable": true,
                "href": "https:\/\/bahia.culturaviva.net.br\/en\/wp-json\/wp\/v2\/users\/4"
            }
        ],
        "replies": [
            {
                "embeddable": true,
                "href": "https:\/\/bahia.culturaviva.net.br\/en\/wp-json\/wp\/v2\/comments?post=1201"
            }
        ],
        "version-history": [
            {
                "count": 3,
                "href": "https:\/\/bahia.culturaviva.net.br\/en\/wp-json\/wp\/v2\/posts\/1201\/revisions"
            }
        ],
        "predecessor-version": [
            {
                "id": 1330,
                "href": "https:\/\/bahia.culturaviva.net.br\/en\/wp-json\/wp\/v2\/posts\/1201\/revisions\/1330"
            }
        ],
        "wp:featuredmedia": [
            {
                "embeddable": true,
                "href": "https:\/\/bahia.culturaviva.net.br\/en\/wp-json\/wp\/v2\/media\/1202"
            }
        ],
        "wp:attachment": [
            {
                "href": "https:\/\/bahia.culturaviva.net.br\/en\/wp-json\/wp\/v2\/media?parent=1201"
            }
        ],
        "wp:term": [
            {
                "taxonomy": "category",
                "embeddable": true,
                "href": "https:\/\/bahia.culturaviva.net.br\/en\/wp-json\/wp\/v2\/categories?post=1201"
            },
            {
                "taxonomy": "post_tag",
                "embeddable": true,
                "href": "https:\/\/bahia.culturaviva.net.br\/en\/wp-json\/wp\/v2\/tags?post=1201"
            }
        ],
        "curies": [
            {
                "name": "wp",
                "href": "https:\/\/api.w.org\/{rel}",
                "templated": true
            }
        ]
    }
}