{
    "id": 1214,
    "date": "2025-11-11T09:50:05",
    "date_gmt": "2025-11-11T12:50:05",
    "guid": {
        "rendered": "https:\/\/bahia.culturaviva.net.br\/?p=1214"
    },
    "modified": "2025-11-11T09:57:18",
    "modified_gmt": "2025-11-11T12:57:18",
    "slug": "exposicao-online",
    "status": "publish",
    "type": "post",
    "link": "https:\/\/bahia.culturaviva.net.br\/en\/cultura\/culturaviva\/exposicao-online\/",
    "title": {
        "rendered": "Exposi\u00e7\u00e3o online"
    },
    "content": {
        "rendered": "<p>CIRCO DO CAP\u00c3O 21 ANOS<\/p>\n\n\n\n<p>Fonte: <a href=\"https:\/\/circodocapao.chapada.ba\/\">https:\/\/circodocapao.chapada.ba\/<\/a><\/p>\n\n\n\n<figure class=\"wp-block-image size-large\"><img loading=\"lazy\" decoding=\"async\" width=\"1024\" height=\"539\" src=\"https:\/\/bahia.culturaviva.net.br\/wp-content\/uploads\/2025\/11\/image-1024x539.jpeg\" alt=\"\" class=\"wp-image-1220\" srcset=\"https:\/\/bahia.culturaviva.net.br\/wp-content\/uploads\/2025\/11\/image-1024x539.jpeg 1024w, https:\/\/bahia.culturaviva.net.br\/wp-content\/uploads\/2025\/11\/image-300x158.jpeg 300w, https:\/\/bahia.culturaviva.net.br\/wp-content\/uploads\/2025\/11\/image-768x404.jpeg 768w, https:\/\/bahia.culturaviva.net.br\/wp-content\/uploads\/2025\/11\/image-18x9.jpeg 18w, https:\/\/bahia.culturaviva.net.br\/wp-content\/uploads\/2025\/11\/image-205x108.jpeg 205w, https:\/\/bahia.culturaviva.net.br\/wp-content\/uploads\/2025\/11\/image-480x253.jpeg 480w, https:\/\/bahia.culturaviva.net.br\/wp-content\/uploads\/2025\/11\/image.jpeg 1536w\" sizes=\"auto, (max-width: 1024px) 100vw, 1024px\" \/><\/figure>\n\n\n\n<h2 class=\"wp-block-heading\" id=\"exposicao-21-anos\">Exposi\u00e7\u00e3o 21 Anos<\/h2>\n\n\n\n<p>Em 1998, Paolo e Mary chegaram ao Vale do Cap\u00e3o trazendo na mala um sonho: criar uma Escola de Circo nesta comunidade. Jean Paul Galinski, ou Paolo, como passou a ser chamado no Brasil, trouxe sua experi\u00eancia de artista e educador circense para a Bahia, sendo professor da Escola de Circo Picolino em Salvador. Local onde conheceu a sua companheira de vida, a assistente social Maryanne Dultra Bastos, mais conhecida como Meire, que lhe apresentou o Vale do Cap\u00e3o. Juntos, plantaram suas sementes e fincaram suas ra\u00edzes nas terras f\u00e9rteis desse Vale Encantado, onde brotaram os seus filhos Charles, Ulan e Maria, e floresceram a Escola de Circo do Vale do Cap\u00e3o e o Ponto de Cultura Circo do Cap\u00e3o.<\/p>\n\n\n\n<p>Esta iniciativa \u00e9 antes de tudo uma exposi\u00e7\u00e3o de mem\u00f3rias, n\u00e3o s\u00f3 aquelas dos fundadores, mas tamb\u00e9m das pessoas que passaram e contribu\u00edram para a exist\u00eancia do Circo do Cap\u00e3o. Quando realizamos a curadoria da Exposi\u00e7\u00e3o, pensamos na trajet\u00f3ria do Circo e de seus personagens, artistas, educadores, colaboradores, alunos, visitantes e todos\/as aqueles que ajudaram a construir esta rica experi\u00eancia art\u00edstica e cultural, de encontros e de interc\u00e2mbio de conhecimentos.<\/p>\n\n\n\n<p>Esta \u00e9 apenas a primeira edi\u00e7\u00e3o da Exposi\u00e7\u00e3o, continuaremos garimpando fotos e compartilhando com voc\u00eas os registros e as lembran\u00e7as destes mais de 20 anos de hist\u00f3ria.<\/p>\n\n\n\n<figure class=\"wp-block-image size-large\"><img loading=\"lazy\" decoding=\"async\" width=\"1024\" height=\"683\" src=\"https:\/\/bahia.culturaviva.net.br\/wp-content\/uploads\/2025\/11\/Paolo-Lona-Vermelha-Borboleta-1.jpg\" alt=\"\" class=\"wp-image-1216\" srcset=\"https:\/\/bahia.culturaviva.net.br\/wp-content\/uploads\/2025\/11\/Paolo-Lona-Vermelha-Borboleta-1.jpg 1024w, https:\/\/bahia.culturaviva.net.br\/wp-content\/uploads\/2025\/11\/Paolo-Lona-Vermelha-Borboleta-1-300x200.jpg 300w, https:\/\/bahia.culturaviva.net.br\/wp-content\/uploads\/2025\/11\/Paolo-Lona-Vermelha-Borboleta-1-768x512.jpg 768w, https:\/\/bahia.culturaviva.net.br\/wp-content\/uploads\/2025\/11\/Paolo-Lona-Vermelha-Borboleta-1-18x12.jpg 18w, https:\/\/bahia.culturaviva.net.br\/wp-content\/uploads\/2025\/11\/Paolo-Lona-Vermelha-Borboleta-1-205x137.jpg 205w, https:\/\/bahia.culturaviva.net.br\/wp-content\/uploads\/2025\/11\/Paolo-Lona-Vermelha-Borboleta-1-480x320.jpg 480w\" sizes=\"auto, (max-width: 1024px) 100vw, 1024px\" \/><\/figure>\n\n\n\n<p>Em 2014, no dia nacional da cultura, o Circo do Cap\u00e3o foi condecorado, no Teatro Castro Alves, com a Comenda Cultural da Bahia, destinada a institui\u00e7\u00f5es em ascens\u00e3o no cen\u00e1rio cultural.<\/p>\n\n\n\n<p>Subindo no palco mais tradicional das artes baianas, Mary e Paolo receberem a Comenda ao lado de pessoas (algumas <em>in memoriam<\/em>) e institui\u00e7\u00f5es que marcaram a hist\u00f3ria do nosso estado, como: Jorge Amado, Gilberto Gil, Dorival Caymmi, Jo\u00e3o Ubaldo Ribeiro, Glauber Rocha, Irmandande da Boa Morte, M\u00e3e Estela de Ox\u00f3ssi, Mestres Pastinha e Bimba, Teatro Vila Velha, Il\u00ea Ay\u00ea, Cid Teixeira e outros tantos grandes nomes da nossa cultura, uma grande honra e rever\u00eancia.<\/p>\n\n\n\n<figure class=\"wp-block-image size-large\"><img loading=\"lazy\" decoding=\"async\" width=\"1024\" height=\"1024\" src=\"https:\/\/bahia.culturaviva.net.br\/wp-content\/uploads\/2025\/11\/Comenda-ao-Merito-Cultural-Destaque.jpg\" alt=\"\" class=\"wp-image-1218\" srcset=\"https:\/\/bahia.culturaviva.net.br\/wp-content\/uploads\/2025\/11\/Comenda-ao-Merito-Cultural-Destaque.jpg 1024w, https:\/\/bahia.culturaviva.net.br\/wp-content\/uploads\/2025\/11\/Comenda-ao-Merito-Cultural-Destaque-300x300.jpg 300w, https:\/\/bahia.culturaviva.net.br\/wp-content\/uploads\/2025\/11\/Comenda-ao-Merito-Cultural-Destaque-150x150.jpg 150w, https:\/\/bahia.culturaviva.net.br\/wp-content\/uploads\/2025\/11\/Comenda-ao-Merito-Cultural-Destaque-768x768.jpg 768w, https:\/\/bahia.culturaviva.net.br\/wp-content\/uploads\/2025\/11\/Comenda-ao-Merito-Cultural-Destaque-12x12.jpg 12w, https:\/\/bahia.culturaviva.net.br\/wp-content\/uploads\/2025\/11\/Comenda-ao-Merito-Cultural-Destaque-40x40.jpg 40w, https:\/\/bahia.culturaviva.net.br\/wp-content\/uploads\/2025\/11\/Comenda-ao-Merito-Cultural-Destaque-275x275.jpg 275w, https:\/\/bahia.culturaviva.net.br\/wp-content\/uploads\/2025\/11\/Comenda-ao-Merito-Cultural-Destaque-205x205.jpg 205w, https:\/\/bahia.culturaviva.net.br\/wp-content\/uploads\/2025\/11\/Comenda-ao-Merito-Cultural-Destaque-480x480.jpg 480w\" sizes=\"auto, (max-width: 1024px) 100vw, 1024px\" \/><\/figure>\n\n\n\n<p><strong>Ponto de Cultura<\/strong><\/p>\n\n\n\n<p>O Circo do Cap\u00e3o re\u00fane um car\u00e1ter plural, agregador e cosmopolita, dialogando com diversas linguagens art\u00edsticas, viabilizando trocas f\u00e9rteis com diversos lugares do territ\u00f3rio e do mundo. Ao receber estas diversas influ\u00eancias, v\u00ea gravitar sob a sua lona desde a cultura popular \u00e0 arte cl\u00e1ssica\/erudita, desde o aluno com necessidades especiais a grandes artistas europeus e latinos, reafirmando o circo como arte do diverso, formando artistas e transmissores nos munic\u00edpios que comp\u00f5e o territ\u00f3rio. O Circo do Cap\u00e3o conta com espa\u00e7o pr\u00f3prio, possui uma lona de dois mastros com capacidade para 800 pessoas, \u00e1reas internas e externas capazes de abrigar diversas atividades. Em 2008 recebe a chancela como Ponto de Cultura pela SECULT-BA e Minist\u00e9rio da Cultura, o primeiro sob uma lona de circo, ampliando a sua a\u00e7\u00e3o no territ\u00f3rio da Chapada Diamantina.<\/p>\n\n\n\n<figure class=\"wp-block-image size-large\"><img loading=\"lazy\" decoding=\"async\" width=\"1024\" height=\"682\" src=\"https:\/\/bahia.culturaviva.net.br\/wp-content\/uploads\/2025\/11\/Destaque-Respeitsvel-Publico.jpg\" alt=\"\" class=\"wp-image-1217\" srcset=\"https:\/\/bahia.culturaviva.net.br\/wp-content\/uploads\/2025\/11\/Destaque-Respeitsvel-Publico.jpg 1024w, https:\/\/bahia.culturaviva.net.br\/wp-content\/uploads\/2025\/11\/Destaque-Respeitsvel-Publico-300x200.jpg 300w, https:\/\/bahia.culturaviva.net.br\/wp-content\/uploads\/2025\/11\/Destaque-Respeitsvel-Publico-768x512.jpg 768w, https:\/\/bahia.culturaviva.net.br\/wp-content\/uploads\/2025\/11\/Destaque-Respeitsvel-Publico-18x12.jpg 18w, https:\/\/bahia.culturaviva.net.br\/wp-content\/uploads\/2025\/11\/Destaque-Respeitsvel-Publico-205x137.jpg 205w, https:\/\/bahia.culturaviva.net.br\/wp-content\/uploads\/2025\/11\/Destaque-Respeitsvel-Publico-480x320.jpg 480w\" sizes=\"auto, (max-width: 1024px) 100vw, 1024px\" \/><\/figure>\n\n\n\n<figure class=\"wp-block-image size-large\"><img loading=\"lazy\" decoding=\"async\" width=\"1024\" height=\"768\" src=\"https:\/\/bahia.culturaviva.net.br\/wp-content\/uploads\/2025\/11\/Visao-Interna-Escola-de-Circo-do-Capao.jpg\" alt=\"\" class=\"wp-image-1219\" srcset=\"https:\/\/bahia.culturaviva.net.br\/wp-content\/uploads\/2025\/11\/Visao-Interna-Escola-de-Circo-do-Capao.jpg 1024w, https:\/\/bahia.culturaviva.net.br\/wp-content\/uploads\/2025\/11\/Visao-Interna-Escola-de-Circo-do-Capao-300x225.jpg 300w, https:\/\/bahia.culturaviva.net.br\/wp-content\/uploads\/2025\/11\/Visao-Interna-Escola-de-Circo-do-Capao-768x576.jpg 768w, https:\/\/bahia.culturaviva.net.br\/wp-content\/uploads\/2025\/11\/Visao-Interna-Escola-de-Circo-do-Capao-16x12.jpg 16w, https:\/\/bahia.culturaviva.net.br\/wp-content\/uploads\/2025\/11\/Visao-Interna-Escola-de-Circo-do-Capao-205x154.jpg 205w, https:\/\/bahia.culturaviva.net.br\/wp-content\/uploads\/2025\/11\/Visao-Interna-Escola-de-Circo-do-Capao-480x360.jpg 480w\" sizes=\"auto, (max-width: 1024px) 100vw, 1024px\" \/><\/figure>\n\n\n\n<h2 class=\"wp-block-heading\" id=\"sobre-o-projeto\"><strong>Sobre o Projeto<\/strong><\/h2>\n\n\n\n<p>A Exposi\u00e7\u00e3o On Line 21 Anos do Circo do Cap\u00e3o \u00e9 uma das metas do Projeto Cabar\u00e9 Familiar Virtual Gente de Circo \u2013 Celebra\u00e7\u00e3o e Homenagem aos 21 Anos do Circo do Cap\u00e3o e ao Circo Tradicional, contando com o apoio financeiro da Funda\u00e7\u00e3o Cultural do Estado da Bahia, da Secretaria de Cultura \u2013 Governo do Estado da Bahia e da Secretaria Especial da Cultura, do Minist\u00e9rio do Turismo \u2013 Governo Federal.<\/p>\n\n\n\n<p><\/p>",
        "protected": false
    },
    "excerpt": {
        "rendered": "<p>CIRCO DO CAP\u00c3O 21 ANOS Fonte: https:\/\/circodocapao.chapada.ba\/ Exposi\u00e7\u00e3o 21 Anos Em 1998, Paolo e Mary chegaram ao Vale do Cap\u00e3o trazendo na mala um sonho: criar uma Escola de Circo nesta comunidade. Jean Paul Galinski, ou Paolo, como passou a ser chamado no Brasil, trouxe sua experi\u00eancia de artista e educador circense para a Bahia, [&hellip;]<\/p>",
        "protected": false
    },
    "author": 4,
    "featured_media": 1220,
    "comment_status": "open",
    "ping_status": "open",
    "sticky": false,
    "template": "",
    "format": "standard",
    "meta": {
        "_acf_changed": false,
        "_gspb_post_css": "",
        "footnotes": ""
    },
    "categories": [
        27,
        2,
        26
    ],
    "tags": [
        28
    ],
    "class_list": [
        "post-1214",
        "post",
        "type-post",
        "status-publish",
        "format-standard",
        "has-post-thumbnail",
        "hentry",
        "category-circo",
        "category-culturaviva",
        "category-ponto-de-cultura",
        "tag-artes-circenses"
    ],
    "blocksy_meta": [],
    "acf": [],
    "yoast_head": "<!-- This site is optimized with the Yoast SEO plugin v27.3 - https:\/\/yoast.com\/product\/yoast-seo-wordpress\/ -->\n<title>Exposi\u00e7\u00e3o online - Rede Cultura Viva da Bahia<\/title>\n<meta name=\"robots\" content=\"index, follow, max-snippet:-1, max-image-preview:large, max-video-preview:-1\" \/>\n<link rel=\"canonical\" href=\"https:\/\/bahia.culturaviva.net.br\/en\/cultura\/culturaviva\/exposicao-online\/\" \/>\n<meta property=\"og:locale\" content=\"en_US\" \/>\n<meta property=\"og:type\" content=\"article\" \/>\n<meta property=\"og:title\" content=\"Exposi\u00e7\u00e3o online - Rede Cultura Viva da Bahia\" \/>\n<meta property=\"og:description\" content=\"CIRCO DO CAP\u00c3O 21 ANOS Fonte: https:\/\/circodocapao.chapada.ba\/ Exposi\u00e7\u00e3o 21 Anos Em 1998, Paolo e Mary chegaram ao Vale do Cap\u00e3o trazendo na mala um sonho: criar uma Escola de Circo nesta comunidade. Jean Paul Galinski, ou Paolo, como passou a ser chamado no Brasil, trouxe sua experi\u00eancia de artista e educador circense para a Bahia, [&hellip;]\" \/>\n<meta property=\"og:url\" content=\"https:\/\/bahia.culturaviva.net.br\/en\/cultura\/culturaviva\/exposicao-online\/\" \/>\n<meta property=\"og:site_name\" content=\"Rede Cultura Viva da Bahia\" \/>\n<meta property=\"article:published_time\" content=\"2025-11-11T12:50:05+00:00\" \/>\n<meta property=\"article:modified_time\" content=\"2025-11-11T12:57:18+00:00\" \/>\n<meta property=\"og:image\" content=\"https:\/\/bahia.culturaviva.net.br\/wp-content\/uploads\/2025\/11\/image.jpeg\" \/>\n\t<meta property=\"og:image:width\" content=\"1536\" \/>\n\t<meta property=\"og:image:height\" content=\"808\" \/>\n\t<meta property=\"og:image:type\" content=\"image\/jpeg\" \/>\n<meta name=\"author\" content=\"Carla Uhlmann\" \/>\n<meta name=\"twitter:card\" content=\"summary_large_image\" \/>\n<meta name=\"twitter:label1\" content=\"Written by\" \/>\n\t<meta name=\"twitter:data1\" content=\"Carla Uhlmann\" \/>\n\t<meta name=\"twitter:label2\" content=\"Est. reading time\" \/>\n\t<meta name=\"twitter:data2\" content=\"5 minutes\" \/>\n<script type=\"application\/ld+json\" class=\"yoast-schema-graph\">{\"@context\":\"https:\\\/\\\/schema.org\",\"@graph\":[{\"@type\":\"Article\",\"@id\":\"https:\\\/\\\/bahia.culturaviva.net.br\\\/cultura\\\/culturaviva\\\/exposicao-online\\\/#article\",\"isPartOf\":{\"@id\":\"https:\\\/\\\/bahia.culturaviva.net.br\\\/cultura\\\/culturaviva\\\/exposicao-online\\\/\"},\"author\":{\"name\":\"Carla Uhlmann\",\"@id\":\"https:\\\/\\\/bahia.culturaviva.net.br\\\/#\\\/schema\\\/person\\\/6e78da73e0acb5b6b65735aa9584dba0\"},\"headline\":\"Exposi\u00e7\u00e3o online\",\"datePublished\":\"2025-11-11T12:50:05+00:00\",\"dateModified\":\"2025-11-11T12:57:18+00:00\",\"mainEntityOfPage\":{\"@id\":\"https:\\\/\\\/bahia.culturaviva.net.br\\\/cultura\\\/culturaviva\\\/exposicao-online\\\/\"},\"wordCount\":594,\"commentCount\":0,\"publisher\":{\"@id\":\"https:\\\/\\\/bahia.culturaviva.net.br\\\/#organization\"},\"image\":{\"@id\":\"https:\\\/\\\/bahia.culturaviva.net.br\\\/cultura\\\/culturaviva\\\/exposicao-online\\\/#primaryimage\"},\"thumbnailUrl\":\"https:\\\/\\\/bahia.culturaviva.net.br\\\/wp-content\\\/uploads\\\/2025\\\/11\\\/image.jpeg\",\"keywords\":[\"Artes Circenses\"],\"articleSection\":[\"Circo\",\"Cultura Viva\",\"Ponto de Cultura\"],\"inLanguage\":\"en-US\",\"potentialAction\":[{\"@type\":\"CommentAction\",\"name\":\"Comment\",\"target\":[\"https:\\\/\\\/bahia.culturaviva.net.br\\\/cultura\\\/culturaviva\\\/exposicao-online\\\/#respond\"]}]},{\"@type\":\"WebPage\",\"@id\":\"https:\\\/\\\/bahia.culturaviva.net.br\\\/cultura\\\/culturaviva\\\/exposicao-online\\\/\",\"url\":\"https:\\\/\\\/bahia.culturaviva.net.br\\\/cultura\\\/culturaviva\\\/exposicao-online\\\/\",\"name\":\"Exposi\u00e7\u00e3o online - Rede Cultura Viva da Bahia\",\"isPartOf\":{\"@id\":\"https:\\\/\\\/bahia.culturaviva.net.br\\\/#website\"},\"primaryImageOfPage\":{\"@id\":\"https:\\\/\\\/bahia.culturaviva.net.br\\\/cultura\\\/culturaviva\\\/exposicao-online\\\/#primaryimage\"},\"image\":{\"@id\":\"https:\\\/\\\/bahia.culturaviva.net.br\\\/cultura\\\/culturaviva\\\/exposicao-online\\\/#primaryimage\"},\"thumbnailUrl\":\"https:\\\/\\\/bahia.culturaviva.net.br\\\/wp-content\\\/uploads\\\/2025\\\/11\\\/image.jpeg\",\"datePublished\":\"2025-11-11T12:50:05+00:00\",\"dateModified\":\"2025-11-11T12:57:18+00:00\",\"breadcrumb\":{\"@id\":\"https:\\\/\\\/bahia.culturaviva.net.br\\\/cultura\\\/culturaviva\\\/exposicao-online\\\/#breadcrumb\"},\"inLanguage\":\"en-US\",\"potentialAction\":[{\"@type\":\"ReadAction\",\"target\":[\"https:\\\/\\\/bahia.culturaviva.net.br\\\/cultura\\\/culturaviva\\\/exposicao-online\\\/\"]}]},{\"@type\":\"ImageObject\",\"inLanguage\":\"en-US\",\"@id\":\"https:\\\/\\\/bahia.culturaviva.net.br\\\/cultura\\\/culturaviva\\\/exposicao-online\\\/#primaryimage\",\"url\":\"https:\\\/\\\/bahia.culturaviva.net.br\\\/wp-content\\\/uploads\\\/2025\\\/11\\\/image.jpeg\",\"contentUrl\":\"https:\\\/\\\/bahia.culturaviva.net.br\\\/wp-content\\\/uploads\\\/2025\\\/11\\\/image.jpeg\",\"width\":1536,\"height\":808},{\"@type\":\"BreadcrumbList\",\"@id\":\"https:\\\/\\\/bahia.culturaviva.net.br\\\/cultura\\\/culturaviva\\\/exposicao-online\\\/#breadcrumb\",\"itemListElement\":[{\"@type\":\"ListItem\",\"position\":1,\"name\":\"In\u00edcio\",\"item\":\"https:\\\/\\\/bahia.culturaviva.net.br\\\/\"},{\"@type\":\"ListItem\",\"position\":2,\"name\":\"Exposi\u00e7\u00e3o online\"}]},{\"@type\":\"WebSite\",\"@id\":\"https:\\\/\\\/bahia.culturaviva.net.br\\\/#website\",\"url\":\"https:\\\/\\\/bahia.culturaviva.net.br\\\/\",\"name\":\"Rede Cultura Viva da Bahia\",\"description\":\"Espa\u00e7o para Acervo, Informa\u00e7\u00e3o e Participa\u00e7\u00e3o Social da Rede de Pontos de Cultura da Bahia\",\"publisher\":{\"@id\":\"https:\\\/\\\/bahia.culturaviva.net.br\\\/#organization\"},\"potentialAction\":[{\"@type\":\"SearchAction\",\"target\":{\"@type\":\"EntryPoint\",\"urlTemplate\":\"https:\\\/\\\/bahia.culturaviva.net.br\\\/?s={search_term_string}\"},\"query-input\":{\"@type\":\"PropertyValueSpecification\",\"valueRequired\":true,\"valueName\":\"search_term_string\"}}],\"inLanguage\":\"en-US\"},{\"@type\":\"Organization\",\"@id\":\"https:\\\/\\\/bahia.culturaviva.net.br\\\/#organization\",\"name\":\"Rede Cultura Viva da Bahia\",\"url\":\"https:\\\/\\\/bahia.culturaviva.net.br\\\/\",\"logo\":{\"@type\":\"ImageObject\",\"inLanguage\":\"en-US\",\"@id\":\"https:\\\/\\\/bahia.culturaviva.net.br\\\/#\\\/schema\\\/logo\\\/image\\\/\",\"url\":\"https:\\\/\\\/bahia.culturaviva.net.br\\\/wp-content\\\/uploads\\\/2025\\\/11\\\/logo-plataforma-culturaviva-bahia-branco.png\",\"contentUrl\":\"https:\\\/\\\/bahia.culturaviva.net.br\\\/wp-content\\\/uploads\\\/2025\\\/11\\\/logo-plataforma-culturaviva-bahia-branco.png\",\"width\":628,\"height\":652,\"caption\":\"Rede Cultura Viva da Bahia\"},\"image\":{\"@id\":\"https:\\\/\\\/bahia.culturaviva.net.br\\\/#\\\/schema\\\/logo\\\/image\\\/\"}},{\"@type\":\"Person\",\"@id\":\"https:\\\/\\\/bahia.culturaviva.net.br\\\/#\\\/schema\\\/person\\\/6e78da73e0acb5b6b65735aa9584dba0\",\"name\":\"Carla Uhlmann\",\"image\":{\"@type\":\"ImageObject\",\"inLanguage\":\"en-US\",\"@id\":\"https:\\\/\\\/secure.gravatar.com\\\/avatar\\\/174652d1afb5fe35d03517b4ac78b9aae436c9a12e364319b1fc0cf646d4a933?s=96&d=mm&r=g\",\"url\":\"https:\\\/\\\/secure.gravatar.com\\\/avatar\\\/174652d1afb5fe35d03517b4ac78b9aae436c9a12e364319b1fc0cf646d4a933?s=96&d=mm&r=g\",\"contentUrl\":\"https:\\\/\\\/secure.gravatar.com\\\/avatar\\\/174652d1afb5fe35d03517b4ac78b9aae436c9a12e364319b1fc0cf646d4a933?s=96&d=mm&r=g\",\"caption\":\"Carla Uhlmann\"},\"url\":\"https:\\\/\\\/bahia.culturaviva.net.br\\\/en\\\/author\\\/carlauhlmann\\\/\"}]}<\/script>\n<!-- \/ Yoast SEO plugin. -->",
    "yoast_head_json": {
        "title": "Exposi\u00e7\u00e3o online - Rede Cultura Viva da Bahia",
        "robots": {
            "index": "index",
            "follow": "follow",
            "max-snippet": "max-snippet:-1",
            "max-image-preview": "max-image-preview:large",
            "max-video-preview": "max-video-preview:-1"
        },
        "canonical": "https:\/\/bahia.culturaviva.net.br\/en\/cultura\/culturaviva\/exposicao-online\/",
        "og_locale": "en_US",
        "og_type": "article",
        "og_title": "Exposi\u00e7\u00e3o online - Rede Cultura Viva da Bahia",
        "og_description": "CIRCO DO CAP\u00c3O 21 ANOS Fonte: https:\/\/circodocapao.chapada.ba\/ Exposi\u00e7\u00e3o 21 Anos Em 1998, Paolo e Mary chegaram ao Vale do Cap\u00e3o trazendo na mala um sonho: criar uma Escola de Circo nesta comunidade. Jean Paul Galinski, ou Paolo, como passou a ser chamado no Brasil, trouxe sua experi\u00eancia de artista e educador circense para a Bahia, [&hellip;]",
        "og_url": "https:\/\/bahia.culturaviva.net.br\/en\/cultura\/culturaviva\/exposicao-online\/",
        "og_site_name": "Rede Cultura Viva da Bahia",
        "article_published_time": "2025-11-11T12:50:05+00:00",
        "article_modified_time": "2025-11-11T12:57:18+00:00",
        "og_image": [
            {
                "width": 1536,
                "height": 808,
                "url": "https:\/\/bahia.culturaviva.net.br\/wp-content\/uploads\/2025\/11\/image.jpeg",
                "type": "image\/jpeg"
            }
        ],
        "author": "Carla Uhlmann",
        "twitter_card": "summary_large_image",
        "twitter_misc": {
            "Written by": "Carla Uhlmann",
            "Est. reading time": "5 minutes"
        },
        "schema": {
            "@context": "https:\/\/schema.org",
            "@graph": [
                {
                    "@type": "Article",
                    "@id": "https:\/\/bahia.culturaviva.net.br\/cultura\/culturaviva\/exposicao-online\/#article",
                    "isPartOf": {
                        "@id": "https:\/\/bahia.culturaviva.net.br\/cultura\/culturaviva\/exposicao-online\/"
                    },
                    "author": {
                        "name": "Carla Uhlmann",
                        "@id": "https:\/\/bahia.culturaviva.net.br\/#\/schema\/person\/6e78da73e0acb5b6b65735aa9584dba0"
                    },
                    "headline": "Exposi\u00e7\u00e3o online",
                    "datePublished": "2025-11-11T12:50:05+00:00",
                    "dateModified": "2025-11-11T12:57:18+00:00",
                    "mainEntityOfPage": {
                        "@id": "https:\/\/bahia.culturaviva.net.br\/cultura\/culturaviva\/exposicao-online\/"
                    },
                    "wordCount": 594,
                    "commentCount": 0,
                    "publisher": {
                        "@id": "https:\/\/bahia.culturaviva.net.br\/#organization"
                    },
                    "image": {
                        "@id": "https:\/\/bahia.culturaviva.net.br\/cultura\/culturaviva\/exposicao-online\/#primaryimage"
                    },
                    "thumbnailUrl": "https:\/\/bahia.culturaviva.net.br\/wp-content\/uploads\/2025\/11\/image.jpeg",
                    "keywords": [
                        "Artes Circenses"
                    ],
                    "articleSection": [
                        "Circo",
                        "Cultura Viva",
                        "Ponto de Cultura"
                    ],
                    "inLanguage": "en-US",
                    "potentialAction": [
                        {
                            "@type": "CommentAction",
                            "name": "Comment",
                            "target": [
                                "https:\/\/bahia.culturaviva.net.br\/cultura\/culturaviva\/exposicao-online\/#respond"
                            ]
                        }
                    ]
                },
                {
                    "@type": "WebPage",
                    "@id": "https:\/\/bahia.culturaviva.net.br\/cultura\/culturaviva\/exposicao-online\/",
                    "url": "https:\/\/bahia.culturaviva.net.br\/cultura\/culturaviva\/exposicao-online\/",
                    "name": "Exposi\u00e7\u00e3o online - Rede Cultura Viva da Bahia",
                    "isPartOf": {
                        "@id": "https:\/\/bahia.culturaviva.net.br\/#website"
                    },
                    "primaryImageOfPage": {
                        "@id": "https:\/\/bahia.culturaviva.net.br\/cultura\/culturaviva\/exposicao-online\/#primaryimage"
                    },
                    "image": {
                        "@id": "https:\/\/bahia.culturaviva.net.br\/cultura\/culturaviva\/exposicao-online\/#primaryimage"
                    },
                    "thumbnailUrl": "https:\/\/bahia.culturaviva.net.br\/wp-content\/uploads\/2025\/11\/image.jpeg",
                    "datePublished": "2025-11-11T12:50:05+00:00",
                    "dateModified": "2025-11-11T12:57:18+00:00",
                    "breadcrumb": {
                        "@id": "https:\/\/bahia.culturaviva.net.br\/cultura\/culturaviva\/exposicao-online\/#breadcrumb"
                    },
                    "inLanguage": "en-US",
                    "potentialAction": [
                        {
                            "@type": "ReadAction",
                            "target": [
                                "https:\/\/bahia.culturaviva.net.br\/cultura\/culturaviva\/exposicao-online\/"
                            ]
                        }
                    ]
                },
                {
                    "@type": "ImageObject",
                    "inLanguage": "en-US",
                    "@id": "https:\/\/bahia.culturaviva.net.br\/cultura\/culturaviva\/exposicao-online\/#primaryimage",
                    "url": "https:\/\/bahia.culturaviva.net.br\/wp-content\/uploads\/2025\/11\/image.jpeg",
                    "contentUrl": "https:\/\/bahia.culturaviva.net.br\/wp-content\/uploads\/2025\/11\/image.jpeg",
                    "width": 1536,
                    "height": 808
                },
                {
                    "@type": "BreadcrumbList",
                    "@id": "https:\/\/bahia.culturaviva.net.br\/cultura\/culturaviva\/exposicao-online\/#breadcrumb",
                    "itemListElement": [
                        {
                            "@type": "ListItem",
                            "position": 1,
                            "name": "In\u00edcio",
                            "item": "https:\/\/bahia.culturaviva.net.br\/"
                        },
                        {
                            "@type": "ListItem",
                            "position": 2,
                            "name": "Exposi\u00e7\u00e3o online"
                        }
                    ]
                },
                {
                    "@type": "WebSite",
                    "@id": "https:\/\/bahia.culturaviva.net.br\/#website",
                    "url": "https:\/\/bahia.culturaviva.net.br\/",
                    "name": "Rede Cultura Viva da Bahia",
                    "description": "Espa\u00e7o para Acervo, Informa\u00e7\u00e3o e Participa\u00e7\u00e3o Social da Rede de Pontos de Cultura da Bahia",
                    "publisher": {
                        "@id": "https:\/\/bahia.culturaviva.net.br\/#organization"
                    },
                    "potentialAction": [
                        {
                            "@type": "SearchAction",
                            "target": {
                                "@type": "EntryPoint",
                                "urlTemplate": "https:\/\/bahia.culturaviva.net.br\/?s={search_term_string}"
                            },
                            "query-input": {
                                "@type": "PropertyValueSpecification",
                                "valueRequired": true,
                                "valueName": "search_term_string"
                            }
                        }
                    ],
                    "inLanguage": "en-US"
                },
                {
                    "@type": "Organization",
                    "@id": "https:\/\/bahia.culturaviva.net.br\/#organization",
                    "name": "Rede Cultura Viva da Bahia",
                    "url": "https:\/\/bahia.culturaviva.net.br\/",
                    "logo": {
                        "@type": "ImageObject",
                        "inLanguage": "en-US",
                        "@id": "https:\/\/bahia.culturaviva.net.br\/#\/schema\/logo\/image\/",
                        "url": "https:\/\/bahia.culturaviva.net.br\/wp-content\/uploads\/2025\/11\/logo-plataforma-culturaviva-bahia-branco.png",
                        "contentUrl": "https:\/\/bahia.culturaviva.net.br\/wp-content\/uploads\/2025\/11\/logo-plataforma-culturaviva-bahia-branco.png",
                        "width": 628,
                        "height": 652,
                        "caption": "Rede Cultura Viva da Bahia"
                    },
                    "image": {
                        "@id": "https:\/\/bahia.culturaviva.net.br\/#\/schema\/logo\/image\/"
                    }
                },
                {
                    "@type": "Person",
                    "@id": "https:\/\/bahia.culturaviva.net.br\/#\/schema\/person\/6e78da73e0acb5b6b65735aa9584dba0",
                    "name": "Carla Uhlmann",
                    "image": {
                        "@type": "ImageObject",
                        "inLanguage": "en-US",
                        "@id": "https:\/\/secure.gravatar.com\/avatar\/174652d1afb5fe35d03517b4ac78b9aae436c9a12e364319b1fc0cf646d4a933?s=96&d=mm&r=g",
                        "url": "https:\/\/secure.gravatar.com\/avatar\/174652d1afb5fe35d03517b4ac78b9aae436c9a12e364319b1fc0cf646d4a933?s=96&d=mm&r=g",
                        "contentUrl": "https:\/\/secure.gravatar.com\/avatar\/174652d1afb5fe35d03517b4ac78b9aae436c9a12e364319b1fc0cf646d4a933?s=96&d=mm&r=g",
                        "caption": "Carla Uhlmann"
                    },
                    "url": "https:\/\/bahia.culturaviva.net.br\/en\/author\/carlauhlmann\/"
                }
            ]
        }
    },
    "_links": {
        "self": [
            {
                "href": "https:\/\/bahia.culturaviva.net.br\/en\/wp-json\/wp\/v2\/posts\/1214",
                "targetHints": {
                    "allow": [
                        "GET"
                    ]
                }
            }
        ],
        "collection": [
            {
                "href": "https:\/\/bahia.culturaviva.net.br\/en\/wp-json\/wp\/v2\/posts"
            }
        ],
        "about": [
            {
                "href": "https:\/\/bahia.culturaviva.net.br\/en\/wp-json\/wp\/v2\/types\/post"
            }
        ],
        "author": [
            {
                "embeddable": true,
                "href": "https:\/\/bahia.culturaviva.net.br\/en\/wp-json\/wp\/v2\/users\/4"
            }
        ],
        "replies": [
            {
                "embeddable": true,
                "href": "https:\/\/bahia.culturaviva.net.br\/en\/wp-json\/wp\/v2\/comments?post=1214"
            }
        ],
        "version-history": [
            {
                "count": 3,
                "href": "https:\/\/bahia.culturaviva.net.br\/en\/wp-json\/wp\/v2\/posts\/1214\/revisions"
            }
        ],
        "predecessor-version": [
            {
                "id": 1223,
                "href": "https:\/\/bahia.culturaviva.net.br\/en\/wp-json\/wp\/v2\/posts\/1214\/revisions\/1223"
            }
        ],
        "wp:featuredmedia": [
            {
                "embeddable": true,
                "href": "https:\/\/bahia.culturaviva.net.br\/en\/wp-json\/wp\/v2\/media\/1220"
            }
        ],
        "wp:attachment": [
            {
                "href": "https:\/\/bahia.culturaviva.net.br\/en\/wp-json\/wp\/v2\/media?parent=1214"
            }
        ],
        "wp:term": [
            {
                "taxonomy": "category",
                "embeddable": true,
                "href": "https:\/\/bahia.culturaviva.net.br\/en\/wp-json\/wp\/v2\/categories?post=1214"
            },
            {
                "taxonomy": "post_tag",
                "embeddable": true,
                "href": "https:\/\/bahia.culturaviva.net.br\/en\/wp-json\/wp\/v2\/tags?post=1214"
            }
        ],
        "curies": [
            {
                "name": "wp",
                "href": "https:\/\/api.w.org\/{rel}",
                "templated": true
            }
        ]
    }
}