{
    "id": 1224,
    "date": "2025-11-13T11:45:09",
    "date_gmt": "2025-11-13T14:45:09",
    "guid": {
        "rendered": "https:\/\/bahia.culturaviva.net.br\/?p=1224"
    },
    "modified": "2025-11-13T11:45:10",
    "modified_gmt": "2025-11-13T14:45:10",
    "slug": "1o-flircontas-reune-literatura-cultura-e-memoria-em-rio-de-contas",
    "status": "publish",
    "type": "post",
    "link": "https:\/\/bahia.culturaviva.net.br\/en\/cultura\/culturaviva\/1o-flircontas-reune-literatura-cultura-e-memoria-em-rio-de-contas\/",
    "title": {
        "rendered": "1\u00ba FLIRCONTAS re\u00fane literatura, cultura e mem\u00f3ria em Rio de Contas"
    },
    "content": {
        "rendered": "<p>Fonte: <a href=\"https:\/\/jornalgrandebahia.com.br\/2025\/11\/1o-flircontas-reune-literatura-cultura-e-memoria-em-rio-de-contas\/\">https:\/\/jornalgrandebahia.com.br\/2025\/11\/1o-flircontas-reune-literatura-cultura-e-memoria-em-rio-de-contas\/<\/a><\/p>\n\n\n\n<figure class=\"wp-block-image size-large\"><img loading=\"lazy\" decoding=\"async\" width=\"1536\" height=\"1024\" src=\"https:\/\/bahia.culturaviva.net.br\/wp-content\/uploads\/2025\/11\/Atracoes-da-1o-FLIRCONTAS-20251031.jpg\" alt=\"\" class=\"wp-image-1226\" srcset=\"https:\/\/bahia.culturaviva.net.br\/wp-content\/uploads\/2025\/11\/Atracoes-da-1o-FLIRCONTAS-20251031.jpg 1536w, https:\/\/bahia.culturaviva.net.br\/wp-content\/uploads\/2025\/11\/Atracoes-da-1o-FLIRCONTAS-20251031-300x200.jpg 300w, https:\/\/bahia.culturaviva.net.br\/wp-content\/uploads\/2025\/11\/Atracoes-da-1o-FLIRCONTAS-20251031-1024x683.jpg 1024w, https:\/\/bahia.culturaviva.net.br\/wp-content\/uploads\/2025\/11\/Atracoes-da-1o-FLIRCONTAS-20251031-768x512.jpg 768w, https:\/\/bahia.culturaviva.net.br\/wp-content\/uploads\/2025\/11\/Atracoes-da-1o-FLIRCONTAS-20251031-18x12.jpg 18w, https:\/\/bahia.culturaviva.net.br\/wp-content\/uploads\/2025\/11\/Atracoes-da-1o-FLIRCONTAS-20251031-205x137.jpg 205w, https:\/\/bahia.culturaviva.net.br\/wp-content\/uploads\/2025\/11\/Atracoes-da-1o-FLIRCONTAS-20251031-480x320.jpg 480w\" sizes=\"auto, (max-width: 1536px) 100vw, 1536px\" \/><\/figure>\n\n\n\n<p>Festival celebra 302 anos da cidade e promove atividades culturais, mesas liter\u00e1rias e homenagens a l\u00edderes locais.<\/p>\n\n\n\n<p>O&nbsp;<strong>1\u00ba FLIRCONTAS (Festival Liter\u00e1rio de Rio de Contas)<\/strong>&nbsp;ser\u00e1 realizado de 27 a 29 de novembro de 2025, em Rio de Contas, cidade conhecida como a&nbsp;<strong>\u201cm\u00e3e da Chapada Diamantina\u201d<\/strong>. O evento gratuito re\u00fane&nbsp;<strong>literatura, cultura, mem\u00f3ria e identidade local<\/strong>, em comemora\u00e7\u00e3o aos&nbsp;<strong>302 anos de funda\u00e7\u00e3o do munic\u00edpio<\/strong>, coincidente com o m\u00eas da&nbsp;<strong>consci\u00eancia negra<\/strong>. A programa\u00e7\u00e3o inclui&nbsp;<strong>mesas de conversa com autores renomados<\/strong>, oficinas art\u00edsticas e pedag\u00f3gicas, apresenta\u00e7\u00f5es teatrais e musicais, conta\u00e7\u00e3o de hist\u00f3rias, mostras de audiovisual, lan\u00e7amentos e distribui\u00e7\u00e3o de livros.<\/p>\n\n\n\n<h2 class=\"wp-block-heading\" id=\"tematica-e-enfoque-cultural\">Tem\u00e1tica e enfoque cultural<\/h2>\n\n\n\n<p>O festival tem como tema central&nbsp;<strong>\u201cPalavra ancestral: vozes e saberes dos povos tradicionais\u201d<\/strong>, propondo uma&nbsp;<strong>imers\u00e3o nos saberes e express\u00f5es culturais de povos ind\u00edgenas, quilombolas e comunidades tradicionais do Brasil<\/strong>. Entre os subtemas est\u00e3o&nbsp;<strong>mudan\u00e7as clim\u00e1ticas, educa\u00e7\u00e3o antirracista, cultura e patrim\u00f4nio do munic\u00edpio<\/strong>, refor\u00e7ando o di\u00e1logo entre literatura e quest\u00f5es sociais e ambientais.<\/p>\n\n\n\n<h2 class=\"wp-block-heading\" id=\"homenageados-e-atracoes\">Homenageados e atra\u00e7\u00f5es<\/h2>\n\n\n\n<p>A primeira edi\u00e7\u00e3o do FLIRCONTAS presta homenagem a&nbsp;<strong>Maria Brand\u00e3o dos Reis, Carmo Joaquim da Silva<\/strong>&nbsp;e&nbsp;<strong>Laurindo Regis<\/strong>, reconhecidos por suas atua\u00e7\u00f5es nas lutas sociais, quilombolas e direitos dos povos origin\u00e1rios na Chapada Diamantina.<\/p>\n\n\n\n<p>Entre os convidados do festival est\u00e3o&nbsp;<strong>Ryane Le\u00e3o, Jean Wyllys<\/strong>&nbsp;e o grupo&nbsp;<strong>Olodum<\/strong>. O evento ainda contar\u00e1 com programas paralelos, como o&nbsp;<strong>Flircontinhas<\/strong>, dedicado ao p\u00fablico infantil, o&nbsp;<strong>FlirRua<\/strong>, voltado \u00e0s juventudes, e o&nbsp;<strong>FlirCine<\/strong>, focado em audiovisual.<\/p>\n\n\n\n<h2 class=\"wp-block-heading\" id=\"realizacao-e-parcerias\">Realiza\u00e7\u00e3o e parcerias<\/h2>\n\n\n\n<p>O FLIRCONTAS \u00e9 promovido pela&nbsp;<strong>Associa\u00e7\u00e3o Resist\u00eancia Negra e Quilombola<\/strong>, pelo&nbsp;<strong>Ponto de Cultura O\u00e1sis (Pont\u00e3o Tecendo Redes)<\/strong>&nbsp;e pela&nbsp;<strong>Prefeitura Municipal de Rio de Contas<\/strong>, com apoio do&nbsp;<strong>Governo do Estado da Bahia<\/strong>, por meio da&nbsp;<strong>Funda\u00e7\u00e3o Pedro Calmon<\/strong>&nbsp;e do projeto&nbsp;<strong>Bahia Liter\u00e1ria<\/strong>. Contou ainda com colabora\u00e7\u00e3o das&nbsp;<strong>Secretarias Estaduais de Turismo, Educa\u00e7\u00e3o e Cultura, do IPHAN, da PNAB<\/strong>&nbsp;e do&nbsp;<strong>Comit\u00ea de Cultura do Minist\u00e9rio da Cultura<\/strong>.<\/p>",
        "protected": false
    },
    "excerpt": {
        "rendered": "<p>Fonte: https:\/\/jornalgrandebahia.com.br\/2025\/11\/1o-flircontas-reune-literatura-cultura-e-memoria-em-rio-de-contas\/ Festival celebra 302 anos da cidade e promove atividades culturais, mesas liter\u00e1rias e homenagens a l\u00edderes locais. O&nbsp;1\u00ba FLIRCONTAS (Festival Liter\u00e1rio de Rio de Contas)&nbsp;ser\u00e1 realizado de 27 a 29 de novembro de 2025, em Rio de Contas, cidade conhecida como a&nbsp;\u201cm\u00e3e da Chapada Diamantina\u201d. O evento gratuito re\u00fane&nbsp;literatura, cultura, mem\u00f3ria e identidade [&hellip;]<\/p>",
        "protected": false
    },
    "author": 4,
    "featured_media": 1226,
    "comment_status": "open",
    "ping_status": "open",
    "sticky": false,
    "template": "",
    "format": "standard",
    "meta": {
        "_acf_changed": false,
        "_gspb_post_css": "",
        "footnotes": ""
    },
    "categories": [
        59,
        2,
        29,
        30,
        25
    ],
    "tags": [
        35,
        36,
        9,
        10,
        31,
        20,
        32,
        33,
        34
    ],
    "class_list": [
        "post-1224",
        "post",
        "type-post",
        "status-publish",
        "format-standard",
        "has-post-thumbnail",
        "hentry",
        "category-cultura",
        "category-culturaviva",
        "category-feira-literaria",
        "category-literatura",
        "category-pnab",
        "tag-comunidades-tradicionais",
        "tag-contacao-de-historias",
        "tag-breaking",
        "tag-hot",
        "tag-literatura",
        "tag-meio-ambiente",
        "tag-musica",
        "tag-povos-indigenas",
        "tag-quilombolas"
    ],
    "blocksy_meta": [],
    "acf": [],
    "yoast_head": "<!-- This site is optimized with the Yoast SEO plugin v27.3 - https:\/\/yoast.com\/product\/yoast-seo-wordpress\/ -->\n<title>1\u00ba FLIRCONTAS re\u00fane literatura, cultura e mem\u00f3ria em Rio de Contas - Rede Cultura Viva da Bahia<\/title>\n<meta name=\"robots\" content=\"index, follow, max-snippet:-1, max-image-preview:large, max-video-preview:-1\" \/>\n<link rel=\"canonical\" href=\"https:\/\/bahia.culturaviva.net.br\/en\/cultura\/culturaviva\/1o-flircontas-reune-literatura-cultura-e-memoria-em-rio-de-contas\/\" \/>\n<meta property=\"og:locale\" content=\"en_US\" \/>\n<meta property=\"og:type\" content=\"article\" \/>\n<meta property=\"og:title\" content=\"1\u00ba FLIRCONTAS re\u00fane literatura, cultura e mem\u00f3ria em Rio de Contas - Rede Cultura Viva da Bahia\" \/>\n<meta property=\"og:description\" content=\"Fonte: https:\/\/jornalgrandebahia.com.br\/2025\/11\/1o-flircontas-reune-literatura-cultura-e-memoria-em-rio-de-contas\/ Festival celebra 302 anos da cidade e promove atividades culturais, mesas liter\u00e1rias e homenagens a l\u00edderes locais. O&nbsp;1\u00ba FLIRCONTAS (Festival Liter\u00e1rio de Rio de Contas)&nbsp;ser\u00e1 realizado de 27 a 29 de novembro de 2025, em Rio de Contas, cidade conhecida como a&nbsp;\u201cm\u00e3e da Chapada Diamantina\u201d. O evento gratuito re\u00fane&nbsp;literatura, cultura, mem\u00f3ria e identidade [&hellip;]\" \/>\n<meta property=\"og:url\" content=\"https:\/\/bahia.culturaviva.net.br\/en\/cultura\/culturaviva\/1o-flircontas-reune-literatura-cultura-e-memoria-em-rio-de-contas\/\" \/>\n<meta property=\"og:site_name\" content=\"Rede Cultura Viva da Bahia\" \/>\n<meta property=\"article:published_time\" content=\"2025-11-13T14:45:09+00:00\" \/>\n<meta property=\"article:modified_time\" content=\"2025-11-13T14:45:10+00:00\" \/>\n<meta property=\"og:image\" content=\"https:\/\/bahia.culturaviva.net.br\/wp-content\/uploads\/2025\/11\/Atracoes-da-1o-FLIRCONTAS-20251031.jpg\" \/>\n\t<meta property=\"og:image:width\" content=\"1536\" \/>\n\t<meta property=\"og:image:height\" content=\"1024\" \/>\n\t<meta property=\"og:image:type\" content=\"image\/jpeg\" \/>\n<meta name=\"author\" content=\"Carla Uhlmann\" \/>\n<meta name=\"twitter:card\" content=\"summary_large_image\" \/>\n<meta name=\"twitter:label1\" content=\"Written by\" \/>\n\t<meta name=\"twitter:data1\" content=\"Carla Uhlmann\" \/>\n\t<meta name=\"twitter:label2\" content=\"Est. reading time\" \/>\n\t<meta name=\"twitter:data2\" content=\"3 minutes\" \/>\n<script type=\"application\/ld+json\" class=\"yoast-schema-graph\">{\"@context\":\"https:\\\/\\\/schema.org\",\"@graph\":[{\"@type\":\"Article\",\"@id\":\"https:\\\/\\\/bahia.culturaviva.net.br\\\/cultura\\\/culturaviva\\\/1o-flircontas-reune-literatura-cultura-e-memoria-em-rio-de-contas\\\/#article\",\"isPartOf\":{\"@id\":\"https:\\\/\\\/bahia.culturaviva.net.br\\\/cultura\\\/culturaviva\\\/1o-flircontas-reune-literatura-cultura-e-memoria-em-rio-de-contas\\\/\"},\"author\":{\"name\":\"Carla Uhlmann\",\"@id\":\"https:\\\/\\\/bahia.culturaviva.net.br\\\/#\\\/schema\\\/person\\\/6e78da73e0acb5b6b65735aa9584dba0\"},\"headline\":\"1\u00ba FLIRCONTAS re\u00fane literatura, cultura e mem\u00f3ria em Rio de Contas\",\"datePublished\":\"2025-11-13T14:45:09+00:00\",\"dateModified\":\"2025-11-13T14:45:10+00:00\",\"mainEntityOfPage\":{\"@id\":\"https:\\\/\\\/bahia.culturaviva.net.br\\\/cultura\\\/culturaviva\\\/1o-flircontas-reune-literatura-cultura-e-memoria-em-rio-de-contas\\\/\"},\"wordCount\":401,\"commentCount\":0,\"publisher\":{\"@id\":\"https:\\\/\\\/bahia.culturaviva.net.br\\\/#organization\"},\"image\":{\"@id\":\"https:\\\/\\\/bahia.culturaviva.net.br\\\/cultura\\\/culturaviva\\\/1o-flircontas-reune-literatura-cultura-e-memoria-em-rio-de-contas\\\/#primaryimage\"},\"thumbnailUrl\":\"https:\\\/\\\/bahia.culturaviva.net.br\\\/wp-content\\\/uploads\\\/2025\\\/11\\\/Atracoes-da-1o-FLIRCONTAS-20251031.jpg\",\"keywords\":[\"Comunidades Tradicionais\",\"Conta\u00e7\u00e3o de Hist\u00f3rias\",\"Extra\",\"Importante\",\"Literatura\",\"Meio ambiente\",\"M\u00fasica\",\"Povos ind\u00edgenas\",\"Quilombolas\"],\"articleSection\":[\"Cultura\",\"Cultura Viva\",\"Feira Liter\u00e1ria\",\"Literatura\",\"PNAB\"],\"inLanguage\":\"en-US\",\"potentialAction\":[{\"@type\":\"CommentAction\",\"name\":\"Comment\",\"target\":[\"https:\\\/\\\/bahia.culturaviva.net.br\\\/cultura\\\/culturaviva\\\/1o-flircontas-reune-literatura-cultura-e-memoria-em-rio-de-contas\\\/#respond\"]}]},{\"@type\":\"WebPage\",\"@id\":\"https:\\\/\\\/bahia.culturaviva.net.br\\\/cultura\\\/culturaviva\\\/1o-flircontas-reune-literatura-cultura-e-memoria-em-rio-de-contas\\\/\",\"url\":\"https:\\\/\\\/bahia.culturaviva.net.br\\\/cultura\\\/culturaviva\\\/1o-flircontas-reune-literatura-cultura-e-memoria-em-rio-de-contas\\\/\",\"name\":\"1\u00ba FLIRCONTAS re\u00fane literatura, cultura e mem\u00f3ria em Rio de Contas - Rede Cultura Viva da Bahia\",\"isPartOf\":{\"@id\":\"https:\\\/\\\/bahia.culturaviva.net.br\\\/#website\"},\"primaryImageOfPage\":{\"@id\":\"https:\\\/\\\/bahia.culturaviva.net.br\\\/cultura\\\/culturaviva\\\/1o-flircontas-reune-literatura-cultura-e-memoria-em-rio-de-contas\\\/#primaryimage\"},\"image\":{\"@id\":\"https:\\\/\\\/bahia.culturaviva.net.br\\\/cultura\\\/culturaviva\\\/1o-flircontas-reune-literatura-cultura-e-memoria-em-rio-de-contas\\\/#primaryimage\"},\"thumbnailUrl\":\"https:\\\/\\\/bahia.culturaviva.net.br\\\/wp-content\\\/uploads\\\/2025\\\/11\\\/Atracoes-da-1o-FLIRCONTAS-20251031.jpg\",\"datePublished\":\"2025-11-13T14:45:09+00:00\",\"dateModified\":\"2025-11-13T14:45:10+00:00\",\"breadcrumb\":{\"@id\":\"https:\\\/\\\/bahia.culturaviva.net.br\\\/cultura\\\/culturaviva\\\/1o-flircontas-reune-literatura-cultura-e-memoria-em-rio-de-contas\\\/#breadcrumb\"},\"inLanguage\":\"en-US\",\"potentialAction\":[{\"@type\":\"ReadAction\",\"target\":[\"https:\\\/\\\/bahia.culturaviva.net.br\\\/cultura\\\/culturaviva\\\/1o-flircontas-reune-literatura-cultura-e-memoria-em-rio-de-contas\\\/\"]}]},{\"@type\":\"ImageObject\",\"inLanguage\":\"en-US\",\"@id\":\"https:\\\/\\\/bahia.culturaviva.net.br\\\/cultura\\\/culturaviva\\\/1o-flircontas-reune-literatura-cultura-e-memoria-em-rio-de-contas\\\/#primaryimage\",\"url\":\"https:\\\/\\\/bahia.culturaviva.net.br\\\/wp-content\\\/uploads\\\/2025\\\/11\\\/Atracoes-da-1o-FLIRCONTAS-20251031.jpg\",\"contentUrl\":\"https:\\\/\\\/bahia.culturaviva.net.br\\\/wp-content\\\/uploads\\\/2025\\\/11\\\/Atracoes-da-1o-FLIRCONTAS-20251031.jpg\",\"width\":1536,\"height\":1024},{\"@type\":\"BreadcrumbList\",\"@id\":\"https:\\\/\\\/bahia.culturaviva.net.br\\\/cultura\\\/culturaviva\\\/1o-flircontas-reune-literatura-cultura-e-memoria-em-rio-de-contas\\\/#breadcrumb\",\"itemListElement\":[{\"@type\":\"ListItem\",\"position\":1,\"name\":\"In\u00edcio\",\"item\":\"https:\\\/\\\/bahia.culturaviva.net.br\\\/\"},{\"@type\":\"ListItem\",\"position\":2,\"name\":\"1\u00ba FLIRCONTAS re\u00fane literatura, cultura e mem\u00f3ria em Rio de Contas\"}]},{\"@type\":\"WebSite\",\"@id\":\"https:\\\/\\\/bahia.culturaviva.net.br\\\/#website\",\"url\":\"https:\\\/\\\/bahia.culturaviva.net.br\\\/\",\"name\":\"Rede Cultura Viva da Bahia\",\"description\":\"Espa\u00e7o para Acervo, Informa\u00e7\u00e3o e Participa\u00e7\u00e3o Social da Rede de Pontos de Cultura da Bahia\",\"publisher\":{\"@id\":\"https:\\\/\\\/bahia.culturaviva.net.br\\\/#organization\"},\"potentialAction\":[{\"@type\":\"SearchAction\",\"target\":{\"@type\":\"EntryPoint\",\"urlTemplate\":\"https:\\\/\\\/bahia.culturaviva.net.br\\\/?s={search_term_string}\"},\"query-input\":{\"@type\":\"PropertyValueSpecification\",\"valueRequired\":true,\"valueName\":\"search_term_string\"}}],\"inLanguage\":\"en-US\"},{\"@type\":\"Organization\",\"@id\":\"https:\\\/\\\/bahia.culturaviva.net.br\\\/#organization\",\"name\":\"Rede Cultura Viva da Bahia\",\"url\":\"https:\\\/\\\/bahia.culturaviva.net.br\\\/\",\"logo\":{\"@type\":\"ImageObject\",\"inLanguage\":\"en-US\",\"@id\":\"https:\\\/\\\/bahia.culturaviva.net.br\\\/#\\\/schema\\\/logo\\\/image\\\/\",\"url\":\"https:\\\/\\\/bahia.culturaviva.net.br\\\/wp-content\\\/uploads\\\/2025\\\/11\\\/logo-plataforma-culturaviva-bahia-branco.png\",\"contentUrl\":\"https:\\\/\\\/bahia.culturaviva.net.br\\\/wp-content\\\/uploads\\\/2025\\\/11\\\/logo-plataforma-culturaviva-bahia-branco.png\",\"width\":628,\"height\":652,\"caption\":\"Rede Cultura Viva da Bahia\"},\"image\":{\"@id\":\"https:\\\/\\\/bahia.culturaviva.net.br\\\/#\\\/schema\\\/logo\\\/image\\\/\"}},{\"@type\":\"Person\",\"@id\":\"https:\\\/\\\/bahia.culturaviva.net.br\\\/#\\\/schema\\\/person\\\/6e78da73e0acb5b6b65735aa9584dba0\",\"name\":\"Carla Uhlmann\",\"image\":{\"@type\":\"ImageObject\",\"inLanguage\":\"en-US\",\"@id\":\"https:\\\/\\\/secure.gravatar.com\\\/avatar\\\/174652d1afb5fe35d03517b4ac78b9aae436c9a12e364319b1fc0cf646d4a933?s=96&d=mm&r=g\",\"url\":\"https:\\\/\\\/secure.gravatar.com\\\/avatar\\\/174652d1afb5fe35d03517b4ac78b9aae436c9a12e364319b1fc0cf646d4a933?s=96&d=mm&r=g\",\"contentUrl\":\"https:\\\/\\\/secure.gravatar.com\\\/avatar\\\/174652d1afb5fe35d03517b4ac78b9aae436c9a12e364319b1fc0cf646d4a933?s=96&d=mm&r=g\",\"caption\":\"Carla Uhlmann\"},\"url\":\"https:\\\/\\\/bahia.culturaviva.net.br\\\/en\\\/author\\\/carlauhlmann\\\/\"}]}<\/script>\n<!-- \/ Yoast SEO plugin. -->",
    "yoast_head_json": {
        "title": "1\u00ba FLIRCONTAS re\u00fane literatura, cultura e mem\u00f3ria em Rio de Contas - Rede Cultura Viva da Bahia",
        "robots": {
            "index": "index",
            "follow": "follow",
            "max-snippet": "max-snippet:-1",
            "max-image-preview": "max-image-preview:large",
            "max-video-preview": "max-video-preview:-1"
        },
        "canonical": "https:\/\/bahia.culturaviva.net.br\/en\/cultura\/culturaviva\/1o-flircontas-reune-literatura-cultura-e-memoria-em-rio-de-contas\/",
        "og_locale": "en_US",
        "og_type": "article",
        "og_title": "1\u00ba FLIRCONTAS re\u00fane literatura, cultura e mem\u00f3ria em Rio de Contas - Rede Cultura Viva da Bahia",
        "og_description": "Fonte: https:\/\/jornalgrandebahia.com.br\/2025\/11\/1o-flircontas-reune-literatura-cultura-e-memoria-em-rio-de-contas\/ Festival celebra 302 anos da cidade e promove atividades culturais, mesas liter\u00e1rias e homenagens a l\u00edderes locais. O&nbsp;1\u00ba FLIRCONTAS (Festival Liter\u00e1rio de Rio de Contas)&nbsp;ser\u00e1 realizado de 27 a 29 de novembro de 2025, em Rio de Contas, cidade conhecida como a&nbsp;\u201cm\u00e3e da Chapada Diamantina\u201d. O evento gratuito re\u00fane&nbsp;literatura, cultura, mem\u00f3ria e identidade [&hellip;]",
        "og_url": "https:\/\/bahia.culturaviva.net.br\/en\/cultura\/culturaviva\/1o-flircontas-reune-literatura-cultura-e-memoria-em-rio-de-contas\/",
        "og_site_name": "Rede Cultura Viva da Bahia",
        "article_published_time": "2025-11-13T14:45:09+00:00",
        "article_modified_time": "2025-11-13T14:45:10+00:00",
        "og_image": [
            {
                "width": 1536,
                "height": 1024,
                "url": "https:\/\/bahia.culturaviva.net.br\/wp-content\/uploads\/2025\/11\/Atracoes-da-1o-FLIRCONTAS-20251031.jpg",
                "type": "image\/jpeg"
            }
        ],
        "author": "Carla Uhlmann",
        "twitter_card": "summary_large_image",
        "twitter_misc": {
            "Written by": "Carla Uhlmann",
            "Est. reading time": "3 minutes"
        },
        "schema": {
            "@context": "https:\/\/schema.org",
            "@graph": [
                {
                    "@type": "Article",
                    "@id": "https:\/\/bahia.culturaviva.net.br\/cultura\/culturaviva\/1o-flircontas-reune-literatura-cultura-e-memoria-em-rio-de-contas\/#article",
                    "isPartOf": {
                        "@id": "https:\/\/bahia.culturaviva.net.br\/cultura\/culturaviva\/1o-flircontas-reune-literatura-cultura-e-memoria-em-rio-de-contas\/"
                    },
                    "author": {
                        "name": "Carla Uhlmann",
                        "@id": "https:\/\/bahia.culturaviva.net.br\/#\/schema\/person\/6e78da73e0acb5b6b65735aa9584dba0"
                    },
                    "headline": "1\u00ba FLIRCONTAS re\u00fane literatura, cultura e mem\u00f3ria em Rio de Contas",
                    "datePublished": "2025-11-13T14:45:09+00:00",
                    "dateModified": "2025-11-13T14:45:10+00:00",
                    "mainEntityOfPage": {
                        "@id": "https:\/\/bahia.culturaviva.net.br\/cultura\/culturaviva\/1o-flircontas-reune-literatura-cultura-e-memoria-em-rio-de-contas\/"
                    },
                    "wordCount": 401,
                    "commentCount": 0,
                    "publisher": {
                        "@id": "https:\/\/bahia.culturaviva.net.br\/#organization"
                    },
                    "image": {
                        "@id": "https:\/\/bahia.culturaviva.net.br\/cultura\/culturaviva\/1o-flircontas-reune-literatura-cultura-e-memoria-em-rio-de-contas\/#primaryimage"
                    },
                    "thumbnailUrl": "https:\/\/bahia.culturaviva.net.br\/wp-content\/uploads\/2025\/11\/Atracoes-da-1o-FLIRCONTAS-20251031.jpg",
                    "keywords": [
                        "Comunidades Tradicionais",
                        "Conta\u00e7\u00e3o de Hist\u00f3rias",
                        "Extra",
                        "Importante",
                        "Literatura",
                        "Meio ambiente",
                        "M\u00fasica",
                        "Povos ind\u00edgenas",
                        "Quilombolas"
                    ],
                    "articleSection": [
                        "Cultura",
                        "Cultura Viva",
                        "Feira Liter\u00e1ria",
                        "Literatura",
                        "PNAB"
                    ],
                    "inLanguage": "en-US",
                    "potentialAction": [
                        {
                            "@type": "CommentAction",
                            "name": "Comment",
                            "target": [
                                "https:\/\/bahia.culturaviva.net.br\/cultura\/culturaviva\/1o-flircontas-reune-literatura-cultura-e-memoria-em-rio-de-contas\/#respond"
                            ]
                        }
                    ]
                },
                {
                    "@type": "WebPage",
                    "@id": "https:\/\/bahia.culturaviva.net.br\/cultura\/culturaviva\/1o-flircontas-reune-literatura-cultura-e-memoria-em-rio-de-contas\/",
                    "url": "https:\/\/bahia.culturaviva.net.br\/cultura\/culturaviva\/1o-flircontas-reune-literatura-cultura-e-memoria-em-rio-de-contas\/",
                    "name": "1\u00ba FLIRCONTAS re\u00fane literatura, cultura e mem\u00f3ria em Rio de Contas - Rede Cultura Viva da Bahia",
                    "isPartOf": {
                        "@id": "https:\/\/bahia.culturaviva.net.br\/#website"
                    },
                    "primaryImageOfPage": {
                        "@id": "https:\/\/bahia.culturaviva.net.br\/cultura\/culturaviva\/1o-flircontas-reune-literatura-cultura-e-memoria-em-rio-de-contas\/#primaryimage"
                    },
                    "image": {
                        "@id": "https:\/\/bahia.culturaviva.net.br\/cultura\/culturaviva\/1o-flircontas-reune-literatura-cultura-e-memoria-em-rio-de-contas\/#primaryimage"
                    },
                    "thumbnailUrl": "https:\/\/bahia.culturaviva.net.br\/wp-content\/uploads\/2025\/11\/Atracoes-da-1o-FLIRCONTAS-20251031.jpg",
                    "datePublished": "2025-11-13T14:45:09+00:00",
                    "dateModified": "2025-11-13T14:45:10+00:00",
                    "breadcrumb": {
                        "@id": "https:\/\/bahia.culturaviva.net.br\/cultura\/culturaviva\/1o-flircontas-reune-literatura-cultura-e-memoria-em-rio-de-contas\/#breadcrumb"
                    },
                    "inLanguage": "en-US",
                    "potentialAction": [
                        {
                            "@type": "ReadAction",
                            "target": [
                                "https:\/\/bahia.culturaviva.net.br\/cultura\/culturaviva\/1o-flircontas-reune-literatura-cultura-e-memoria-em-rio-de-contas\/"
                            ]
                        }
                    ]
                },
                {
                    "@type": "ImageObject",
                    "inLanguage": "en-US",
                    "@id": "https:\/\/bahia.culturaviva.net.br\/cultura\/culturaviva\/1o-flircontas-reune-literatura-cultura-e-memoria-em-rio-de-contas\/#primaryimage",
                    "url": "https:\/\/bahia.culturaviva.net.br\/wp-content\/uploads\/2025\/11\/Atracoes-da-1o-FLIRCONTAS-20251031.jpg",
                    "contentUrl": "https:\/\/bahia.culturaviva.net.br\/wp-content\/uploads\/2025\/11\/Atracoes-da-1o-FLIRCONTAS-20251031.jpg",
                    "width": 1536,
                    "height": 1024
                },
                {
                    "@type": "BreadcrumbList",
                    "@id": "https:\/\/bahia.culturaviva.net.br\/cultura\/culturaviva\/1o-flircontas-reune-literatura-cultura-e-memoria-em-rio-de-contas\/#breadcrumb",
                    "itemListElement": [
                        {
                            "@type": "ListItem",
                            "position": 1,
                            "name": "In\u00edcio",
                            "item": "https:\/\/bahia.culturaviva.net.br\/"
                        },
                        {
                            "@type": "ListItem",
                            "position": 2,
                            "name": "1\u00ba FLIRCONTAS re\u00fane literatura, cultura e mem\u00f3ria em Rio de Contas"
                        }
                    ]
                },
                {
                    "@type": "WebSite",
                    "@id": "https:\/\/bahia.culturaviva.net.br\/#website",
                    "url": "https:\/\/bahia.culturaviva.net.br\/",
                    "name": "Rede Cultura Viva da Bahia",
                    "description": "Espa\u00e7o para Acervo, Informa\u00e7\u00e3o e Participa\u00e7\u00e3o Social da Rede de Pontos de Cultura da Bahia",
                    "publisher": {
                        "@id": "https:\/\/bahia.culturaviva.net.br\/#organization"
                    },
                    "potentialAction": [
                        {
                            "@type": "SearchAction",
                            "target": {
                                "@type": "EntryPoint",
                                "urlTemplate": "https:\/\/bahia.culturaviva.net.br\/?s={search_term_string}"
                            },
                            "query-input": {
                                "@type": "PropertyValueSpecification",
                                "valueRequired": true,
                                "valueName": "search_term_string"
                            }
                        }
                    ],
                    "inLanguage": "en-US"
                },
                {
                    "@type": "Organization",
                    "@id": "https:\/\/bahia.culturaviva.net.br\/#organization",
                    "name": "Rede Cultura Viva da Bahia",
                    "url": "https:\/\/bahia.culturaviva.net.br\/",
                    "logo": {
                        "@type": "ImageObject",
                        "inLanguage": "en-US",
                        "@id": "https:\/\/bahia.culturaviva.net.br\/#\/schema\/logo\/image\/",
                        "url": "https:\/\/bahia.culturaviva.net.br\/wp-content\/uploads\/2025\/11\/logo-plataforma-culturaviva-bahia-branco.png",
                        "contentUrl": "https:\/\/bahia.culturaviva.net.br\/wp-content\/uploads\/2025\/11\/logo-plataforma-culturaviva-bahia-branco.png",
                        "width": 628,
                        "height": 652,
                        "caption": "Rede Cultura Viva da Bahia"
                    },
                    "image": {
                        "@id": "https:\/\/bahia.culturaviva.net.br\/#\/schema\/logo\/image\/"
                    }
                },
                {
                    "@type": "Person",
                    "@id": "https:\/\/bahia.culturaviva.net.br\/#\/schema\/person\/6e78da73e0acb5b6b65735aa9584dba0",
                    "name": "Carla Uhlmann",
                    "image": {
                        "@type": "ImageObject",
                        "inLanguage": "en-US",
                        "@id": "https:\/\/secure.gravatar.com\/avatar\/174652d1afb5fe35d03517b4ac78b9aae436c9a12e364319b1fc0cf646d4a933?s=96&d=mm&r=g",
                        "url": "https:\/\/secure.gravatar.com\/avatar\/174652d1afb5fe35d03517b4ac78b9aae436c9a12e364319b1fc0cf646d4a933?s=96&d=mm&r=g",
                        "contentUrl": "https:\/\/secure.gravatar.com\/avatar\/174652d1afb5fe35d03517b4ac78b9aae436c9a12e364319b1fc0cf646d4a933?s=96&d=mm&r=g",
                        "caption": "Carla Uhlmann"
                    },
                    "url": "https:\/\/bahia.culturaviva.net.br\/en\/author\/carlauhlmann\/"
                }
            ]
        }
    },
    "_links": {
        "self": [
            {
                "href": "https:\/\/bahia.culturaviva.net.br\/en\/wp-json\/wp\/v2\/posts\/1224",
                "targetHints": {
                    "allow": [
                        "GET"
                    ]
                }
            }
        ],
        "collection": [
            {
                "href": "https:\/\/bahia.culturaviva.net.br\/en\/wp-json\/wp\/v2\/posts"
            }
        ],
        "about": [
            {
                "href": "https:\/\/bahia.culturaviva.net.br\/en\/wp-json\/wp\/v2\/types\/post"
            }
        ],
        "author": [
            {
                "embeddable": true,
                "href": "https:\/\/bahia.culturaviva.net.br\/en\/wp-json\/wp\/v2\/users\/4"
            }
        ],
        "replies": [
            {
                "embeddable": true,
                "href": "https:\/\/bahia.culturaviva.net.br\/en\/wp-json\/wp\/v2\/comments?post=1224"
            }
        ],
        "version-history": [
            {
                "count": 2,
                "href": "https:\/\/bahia.culturaviva.net.br\/en\/wp-json\/wp\/v2\/posts\/1224\/revisions"
            }
        ],
        "predecessor-version": [
            {
                "id": 1337,
                "href": "https:\/\/bahia.culturaviva.net.br\/en\/wp-json\/wp\/v2\/posts\/1224\/revisions\/1337"
            }
        ],
        "wp:featuredmedia": [
            {
                "embeddable": true,
                "href": "https:\/\/bahia.culturaviva.net.br\/en\/wp-json\/wp\/v2\/media\/1226"
            }
        ],
        "wp:attachment": [
            {
                "href": "https:\/\/bahia.culturaviva.net.br\/en\/wp-json\/wp\/v2\/media?parent=1224"
            }
        ],
        "wp:term": [
            {
                "taxonomy": "category",
                "embeddable": true,
                "href": "https:\/\/bahia.culturaviva.net.br\/en\/wp-json\/wp\/v2\/categories?post=1224"
            },
            {
                "taxonomy": "post_tag",
                "embeddable": true,
                "href": "https:\/\/bahia.culturaviva.net.br\/en\/wp-json\/wp\/v2\/tags?post=1224"
            }
        ],
        "curies": [
            {
                "name": "wp",
                "href": "https:\/\/api.w.org\/{rel}",
                "templated": true
            }
        ]
    }
}