{
    "id": 1245,
    "date": "2025-11-11T15:40:09",
    "date_gmt": "2025-11-11T18:40:09",
    "guid": {
        "rendered": "https:\/\/bahia.culturaviva.net.br\/?p=1245"
    },
    "modified": "2025-11-11T15:40:10",
    "modified_gmt": "2025-11-11T18:40:10",
    "slug": "felise-a-literatura-toma-conta-de-seabra-entre-os-dias-7-e-8-de-novembro",
    "status": "publish",
    "type": "post",
    "link": "https:\/\/bahia.culturaviva.net.br\/en\/cultura\/culturaviva\/felise-a-literatura-toma-conta-de-seabra-entre-os-dias-7-e-8-de-novembro\/",
    "title": {
        "rendered": "FELISE: a literatura toma conta de Seabra entre os dias 7 e 8 de novembro"
    },
    "content": {
        "rendered": "<p><em>Na cidade de Seabra, situada no cora\u00e7\u00e3o da Chapada Diamantina, ganha forma algo que vai al\u00e9m de uma simples feira de livros: trata-se de um encontro entre leitura, identidade local e forma\u00e7\u00e3o cultural.<\/em><\/p>\n\n\n\n<p>Fonte:<a href=\" https:\/\/agenciasertaolab.uneb.br\/felise-a-literatura-toma-conta-de-seabra-entre-os-dias-7-e-8-de-novembro-2\/\"> https:\/\/agenciasertaolab.uneb.br\/felise-a-literatura-toma-conta-de-seabra-entre-os-dias-7-e-8-de-novembro-2\/<\/a><\/p>\n\n\n\n<p class=\"has-text-align-right\">Por Gabriela Medeiros*<\/p>\n\n\n\n<p>&nbsp;A Feira Liter\u00e1ria de Seabra (FELISE) promete ser um marco no calend\u00e1rio cultural. \u00c9 nesse contexto que a cidade vai se tornar o palco de uma experi\u00eancia liter\u00e1ria que vai envolver escolas, professores, estudantes e comunidade em geral. A iniciativa aponta para a valoriza\u00e7\u00e3o da leitura como instrumento de transforma\u00e7\u00e3o: da sala de aula para a pra\u00e7a, dos livros para os di\u00e1logos, das estantes para as rodas de conversa. O evento acontecer\u00e1 nos dias 07 e 08 de novembro de 2025, transformando a Pra\u00e7a dos Eventos, a Pra\u00e7a dos Correios e a Biblioteca Municipal em palcos de conhecimento e imagina\u00e7\u00e3o.&nbsp;<\/p>\n\n\n\n<p>\u00a0Um dos nomes que chama aten\u00e7\u00e3o nessa empreitada \u00e9 o do professor Gildeci de Oliveira Leite. Doutor em Difus\u00e3o do Conhecimento pela Universidade Federal da Bahia (UFBA) e docente da Universidade do Estado da Bahia (UNEB) no campus de Seabra, ele tem dedicado sua pesquisa \u00e0 literatura baiana, cultura, identidade e aos modos de difus\u00e3o do saber no territ\u00f3rio. Sua presen\u00e7a em uma feira liter\u00e1ria em Seabra ganha dupla relev\u00e2ncia: por um lado, traz a credibilidade de quem estuda a literatura regional e seus desdobramentos; por outro, representa para o p\u00fablico local, professores, alunos e leitores a possibilidade de dialogar com quem investiga as ra\u00edzes culturais e liter\u00e1rias da pr\u00f3pria terra.<\/p>\n\n\n\n<figure class=\"wp-block-image size-full\"><img loading=\"lazy\" decoding=\"async\" width=\"500\" height=\"500\" src=\"https:\/\/bahia.culturaviva.net.br\/wp-content\/uploads\/2025\/11\/A-casa-do-Misterio.png\" alt=\"\" class=\"wp-image-1246\" srcset=\"https:\/\/bahia.culturaviva.net.br\/wp-content\/uploads\/2025\/11\/A-casa-do-Misterio.png 500w, https:\/\/bahia.culturaviva.net.br\/wp-content\/uploads\/2025\/11\/A-casa-do-Misterio-300x300.png 300w, https:\/\/bahia.culturaviva.net.br\/wp-content\/uploads\/2025\/11\/A-casa-do-Misterio-150x150.png 150w, https:\/\/bahia.culturaviva.net.br\/wp-content\/uploads\/2025\/11\/A-casa-do-Misterio-12x12.png 12w, https:\/\/bahia.culturaviva.net.br\/wp-content\/uploads\/2025\/11\/A-casa-do-Misterio-40x40.png 40w, https:\/\/bahia.culturaviva.net.br\/wp-content\/uploads\/2025\/11\/A-casa-do-Misterio-275x275.png 275w, https:\/\/bahia.culturaviva.net.br\/wp-content\/uploads\/2025\/11\/A-casa-do-Misterio-205x205.png 205w, https:\/\/bahia.culturaviva.net.br\/wp-content\/uploads\/2025\/11\/A-casa-do-Misterio-480x480.png 480w\" sizes=\"auto, (max-width: 500px) 100vw, 500px\" \/><\/figure>\n\n\n\n<p> Durante o evento, o professor Gildeci tamb\u00e9m apresentar\u00e1 seu livro \u201c<a href=\"https:\/\/editorasegundoselo.com.br\/shop\/proximos-lancamentos\/a-casa-do-misterio-ou-a-casa-do-renascimento-gildeci-leite\/\" target=\"_blank\" rel=\"noreferrer noopener\">A Casa do Mist\u00e9rio<\/a>\u201d, obra adotada no vestibular 2025 da UNEB e que convida o leitor a percorrer os caminhos simb\u00f3licos e po\u00e9ticos da narrativa baiana contempor\u00e2nea, refor\u00e7ando o di\u00e1logo entre literatura, identidade e territ\u00f3rio.\u00a0<\/p>\n\n\n\n<figure class=\"wp-block-image\"><img decoding=\"async\" src=\"https:\/\/agenciasertaolab.uneb.br\/wp-content\/uploads\/2025\/11\/Vida-em-Cronicas-Em-Tempos-de-Pandemia-210x300.jpg\" alt=\"\" class=\"wp-image-2901\"\/><figcaption class=\"wp-element-caption\">Livro da professora Carla B. Lopes<\/figcaption><\/figure>\n\n\n\n<p>&nbsp; Outro destaque da feira \u00e9 a participa\u00e7\u00e3o da professora da UNEB Seabra e coordenadora pedag\u00f3gica que atuar\u00e1 como expositora do seu livro \u201c<a href=\"https:\/\/www.editoramultifoco.com.br\/shop\/vida-em-cronicas-em-tempos-de-pandemia-2710?srsltid=AfmBOorWKStR6lZzSidv03Rxajt4MlEtaui_KPrnk1KRaxAFPtP69tNh\" target=\"_blank\" rel=\"noreferrer noopener\">Vida em Cr\u00f4nicas: em tempos de pandemia<\/a>\u201d. A obra re\u00fane reflex\u00f5es sens\u00edveis sobre o cotidiano, as rela\u00e7\u00f5es humanas e os desafios vividos durante o isolamento social, oferecendo um olhar humano e liter\u00e1rio sobre um per\u00edodo que marcou a hist\u00f3ria recente. Sua presen\u00e7a na feira refor\u00e7a o protagonismo feminino na produ\u00e7\u00e3o liter\u00e1ria local e a import\u00e2ncia de professores como agentes culturais que transformam experi\u00eancias em conhecimento compartilhado.<\/p>\n\n\n\n<p>&nbsp; Quando o professor Gildeci participa, n\u00e3o se trata apenas de assinar livros ou participar de uma mesa de aut\u00f3grafos. Trata-se de incorporar \u00e0 feira uma dimens\u00e3o de reflex\u00e3o: de que a leitura dialoga com a cultura local, com a identidade da Chapada, com a aula e com o cotidiano. Isso amplia a vis\u00e3o da feira n\u00e3o apenas como consumo de livros, mas como forma\u00e7\u00e3o de leitores cr\u00edticos, cidad\u00e3os literatos, sujeitos de cultura.<\/p>\n\n\n\n<p>&nbsp; E esse movimento j\u00e1 sinaliza algo importante para Seabra: o h\u00e1bito de levar a literatura al\u00e9m das paredes da escola, para o ambiente urbano e comunit\u00e1rio, e de valorizar o autor-pesquisador como parceiro da cidade. \u00c9 nesse tipo de iniciativa que se constr\u00f3i um elo entre ensino, comunidade e cultura.<\/p>\n\n\n\n<p>&nbsp; Esse tipo de evento abre janelas para perspectivas futuras: oficinas de leitura, bate-papos com autores, mesas de debate sobre cultura regional, valoriza\u00e7\u00e3o de autores locais e inst\u00e2ncias de aut\u00f3grafo. A presen\u00e7a de nomes como Gildeci de Oliveira Leite e da professora-autora de&nbsp;<em>\u201cVida em Cr\u00f4nicas: em tempos de pandemia\u201d<\/em>&nbsp;fortalece esses horizontes.<\/p>\n\n\n\n<p>&nbsp; Em s\u00edntese: a Feira Liter\u00e1ria de Seabra, cujos detalhes exatos ainda esperam mais visibilidade, ganha significado maior quando entendida como parte de uma pol\u00edtica de incentivo \u00e0 leitura, educa\u00e7\u00e3o e identidade cultural no interior da Bahia. A participa\u00e7\u00e3o dos professores da UNEB aparece como ponto de conex\u00e3o entre a universidade, a literatura regional e a comunidade local, oferecendo \u00e0 feira n\u00e3o s\u00f3 presen\u00e7a de p\u00fablico, mas profundidade de sentido.<\/p>\n\n\n\n<p>*Aluna do curso de Jornalismo da Uneb Seabra. Sob orienta\u00e7\u00e3o da professora e editora Dayanne Pereira.<\/p>\n\n\n\n<p><\/p>",
        "protected": false
    },
    "excerpt": {
        "rendered": "<p>Na cidade de Seabra, situada no cora\u00e7\u00e3o da Chapada Diamantina, ganha forma algo que vai al\u00e9m de uma simples feira de livros: trata-se de um encontro entre leitura, identidade local e forma\u00e7\u00e3o cultural. Fonte: https:\/\/agenciasertaolab.uneb.br\/felise-a-literatura-toma-conta-de-seabra-entre-os-dias-7-e-8-de-novembro-2\/ Por Gabriela Medeiros* &nbsp;A Feira Liter\u00e1ria de Seabra (FELISE) promete ser um marco no calend\u00e1rio cultural. \u00c9 nesse contexto que [&hellip;]<\/p>",
        "protected": false
    },
    "author": 4,
    "featured_media": 1247,
    "comment_status": "open",
    "ping_status": "open",
    "sticky": false,
    "template": "",
    "format": "standard",
    "meta": {
        "_acf_changed": false,
        "_gspb_post_css": "",
        "footnotes": ""
    },
    "categories": [
        2,
        29,
        30
    ],
    "tags": [
        31,
        42
    ],
    "class_list": [
        "post-1245",
        "post",
        "type-post",
        "status-publish",
        "format-standard",
        "has-post-thumbnail",
        "hentry",
        "category-culturaviva",
        "category-feira-literaria",
        "category-literatura",
        "tag-literatura",
        "tag-oficinas"
    ],
    "blocksy_meta": [],
    "acf": [],
    "yoast_head": "<!-- This site is optimized with the Yoast SEO plugin v27.3 - https:\/\/yoast.com\/product\/yoast-seo-wordpress\/ -->\n<title>FELISE: a literatura toma conta de Seabra entre os dias 7 e 8 de novembro - Rede Cultura Viva da Bahia<\/title>\n<meta name=\"robots\" content=\"index, follow, max-snippet:-1, max-image-preview:large, max-video-preview:-1\" \/>\n<link rel=\"canonical\" href=\"https:\/\/bahia.culturaviva.net.br\/en\/cultura\/culturaviva\/felise-a-literatura-toma-conta-de-seabra-entre-os-dias-7-e-8-de-novembro\/\" \/>\n<meta property=\"og:locale\" content=\"en_US\" \/>\n<meta property=\"og:type\" content=\"article\" \/>\n<meta property=\"og:title\" content=\"FELISE: a literatura toma conta de Seabra entre os dias 7 e 8 de novembro - Rede Cultura Viva da Bahia\" \/>\n<meta property=\"og:description\" content=\"Na cidade de Seabra, situada no cora\u00e7\u00e3o da Chapada Diamantina, ganha forma algo que vai al\u00e9m de uma simples feira de livros: trata-se de um encontro entre leitura, identidade local e forma\u00e7\u00e3o cultural. Fonte: https:\/\/agenciasertaolab.uneb.br\/felise-a-literatura-toma-conta-de-seabra-entre-os-dias-7-e-8-de-novembro-2\/ Por Gabriela Medeiros* &nbsp;A Feira Liter\u00e1ria de Seabra (FELISE) promete ser um marco no calend\u00e1rio cultural. \u00c9 nesse contexto que [&hellip;]\" \/>\n<meta property=\"og:url\" content=\"https:\/\/bahia.culturaviva.net.br\/en\/cultura\/culturaviva\/felise-a-literatura-toma-conta-de-seabra-entre-os-dias-7-e-8-de-novembro\/\" \/>\n<meta property=\"og:site_name\" content=\"Rede Cultura Viva da Bahia\" \/>\n<meta property=\"article:published_time\" content=\"2025-11-11T18:40:09+00:00\" \/>\n<meta property=\"article:modified_time\" content=\"2025-11-11T18:40:10+00:00\" \/>\n<meta property=\"og:image\" content=\"https:\/\/bahia.culturaviva.net.br\/wp-content\/uploads\/2025\/11\/felise.jpeg\" \/>\n\t<meta property=\"og:image:width\" content=\"1170\" \/>\n\t<meta property=\"og:image:height\" content=\"1254\" \/>\n\t<meta property=\"og:image:type\" content=\"image\/jpeg\" \/>\n<meta name=\"author\" content=\"Carla Uhlmann\" \/>\n<meta name=\"twitter:card\" content=\"summary_large_image\" \/>\n<meta name=\"twitter:label1\" content=\"Written by\" \/>\n\t<meta name=\"twitter:data1\" content=\"Carla Uhlmann\" \/>\n\t<meta name=\"twitter:label2\" content=\"Est. reading time\" \/>\n\t<meta name=\"twitter:data2\" content=\"5 minutes\" \/>\n<script type=\"application\/ld+json\" class=\"yoast-schema-graph\">{\"@context\":\"https:\\\/\\\/schema.org\",\"@graph\":[{\"@type\":\"Article\",\"@id\":\"https:\\\/\\\/bahia.culturaviva.net.br\\\/cultura\\\/culturaviva\\\/felise-a-literatura-toma-conta-de-seabra-entre-os-dias-7-e-8-de-novembro\\\/#article\",\"isPartOf\":{\"@id\":\"https:\\\/\\\/bahia.culturaviva.net.br\\\/cultura\\\/culturaviva\\\/felise-a-literatura-toma-conta-de-seabra-entre-os-dias-7-e-8-de-novembro\\\/\"},\"author\":{\"name\":\"Carla Uhlmann\",\"@id\":\"https:\\\/\\\/bahia.culturaviva.net.br\\\/#\\\/schema\\\/person\\\/6e78da73e0acb5b6b65735aa9584dba0\"},\"headline\":\"FELISE: a literatura toma conta de Seabra entre os dias 7 e 8 de novembro\",\"datePublished\":\"2025-11-11T18:40:09+00:00\",\"dateModified\":\"2025-11-11T18:40:10+00:00\",\"mainEntityOfPage\":{\"@id\":\"https:\\\/\\\/bahia.culturaviva.net.br\\\/cultura\\\/culturaviva\\\/felise-a-literatura-toma-conta-de-seabra-entre-os-dias-7-e-8-de-novembro\\\/\"},\"wordCount\":740,\"commentCount\":0,\"publisher\":{\"@id\":\"https:\\\/\\\/bahia.culturaviva.net.br\\\/#organization\"},\"image\":{\"@id\":\"https:\\\/\\\/bahia.culturaviva.net.br\\\/cultura\\\/culturaviva\\\/felise-a-literatura-toma-conta-de-seabra-entre-os-dias-7-e-8-de-novembro\\\/#primaryimage\"},\"thumbnailUrl\":\"https:\\\/\\\/bahia.culturaviva.net.br\\\/wp-content\\\/uploads\\\/2025\\\/11\\\/felise.jpeg\",\"keywords\":[\"Literatura\",\"Oficinas\"],\"articleSection\":[\"Cultura Viva\",\"Feira Liter\u00e1ria\",\"Literatura\"],\"inLanguage\":\"en-US\",\"potentialAction\":[{\"@type\":\"CommentAction\",\"name\":\"Comment\",\"target\":[\"https:\\\/\\\/bahia.culturaviva.net.br\\\/cultura\\\/culturaviva\\\/felise-a-literatura-toma-conta-de-seabra-entre-os-dias-7-e-8-de-novembro\\\/#respond\"]}]},{\"@type\":\"WebPage\",\"@id\":\"https:\\\/\\\/bahia.culturaviva.net.br\\\/cultura\\\/culturaviva\\\/felise-a-literatura-toma-conta-de-seabra-entre-os-dias-7-e-8-de-novembro\\\/\",\"url\":\"https:\\\/\\\/bahia.culturaviva.net.br\\\/cultura\\\/culturaviva\\\/felise-a-literatura-toma-conta-de-seabra-entre-os-dias-7-e-8-de-novembro\\\/\",\"name\":\"FELISE: a literatura toma conta de Seabra entre os dias 7 e 8 de novembro - Rede Cultura Viva da Bahia\",\"isPartOf\":{\"@id\":\"https:\\\/\\\/bahia.culturaviva.net.br\\\/#website\"},\"primaryImageOfPage\":{\"@id\":\"https:\\\/\\\/bahia.culturaviva.net.br\\\/cultura\\\/culturaviva\\\/felise-a-literatura-toma-conta-de-seabra-entre-os-dias-7-e-8-de-novembro\\\/#primaryimage\"},\"image\":{\"@id\":\"https:\\\/\\\/bahia.culturaviva.net.br\\\/cultura\\\/culturaviva\\\/felise-a-literatura-toma-conta-de-seabra-entre-os-dias-7-e-8-de-novembro\\\/#primaryimage\"},\"thumbnailUrl\":\"https:\\\/\\\/bahia.culturaviva.net.br\\\/wp-content\\\/uploads\\\/2025\\\/11\\\/felise.jpeg\",\"datePublished\":\"2025-11-11T18:40:09+00:00\",\"dateModified\":\"2025-11-11T18:40:10+00:00\",\"breadcrumb\":{\"@id\":\"https:\\\/\\\/bahia.culturaviva.net.br\\\/cultura\\\/culturaviva\\\/felise-a-literatura-toma-conta-de-seabra-entre-os-dias-7-e-8-de-novembro\\\/#breadcrumb\"},\"inLanguage\":\"en-US\",\"potentialAction\":[{\"@type\":\"ReadAction\",\"target\":[\"https:\\\/\\\/bahia.culturaviva.net.br\\\/cultura\\\/culturaviva\\\/felise-a-literatura-toma-conta-de-seabra-entre-os-dias-7-e-8-de-novembro\\\/\"]}]},{\"@type\":\"ImageObject\",\"inLanguage\":\"en-US\",\"@id\":\"https:\\\/\\\/bahia.culturaviva.net.br\\\/cultura\\\/culturaviva\\\/felise-a-literatura-toma-conta-de-seabra-entre-os-dias-7-e-8-de-novembro\\\/#primaryimage\",\"url\":\"https:\\\/\\\/bahia.culturaviva.net.br\\\/wp-content\\\/uploads\\\/2025\\\/11\\\/felise.jpeg\",\"contentUrl\":\"https:\\\/\\\/bahia.culturaviva.net.br\\\/wp-content\\\/uploads\\\/2025\\\/11\\\/felise.jpeg\",\"width\":1170,\"height\":1254},{\"@type\":\"BreadcrumbList\",\"@id\":\"https:\\\/\\\/bahia.culturaviva.net.br\\\/cultura\\\/culturaviva\\\/felise-a-literatura-toma-conta-de-seabra-entre-os-dias-7-e-8-de-novembro\\\/#breadcrumb\",\"itemListElement\":[{\"@type\":\"ListItem\",\"position\":1,\"name\":\"In\u00edcio\",\"item\":\"https:\\\/\\\/bahia.culturaviva.net.br\\\/\"},{\"@type\":\"ListItem\",\"position\":2,\"name\":\"FELISE: a literatura toma conta de Seabra entre os dias 7 e 8 de novembro\"}]},{\"@type\":\"WebSite\",\"@id\":\"https:\\\/\\\/bahia.culturaviva.net.br\\\/#website\",\"url\":\"https:\\\/\\\/bahia.culturaviva.net.br\\\/\",\"name\":\"Rede Cultura Viva da Bahia\",\"description\":\"Espa\u00e7o para Acervo, Informa\u00e7\u00e3o e Participa\u00e7\u00e3o Social da Rede de Pontos de Cultura da Bahia\",\"publisher\":{\"@id\":\"https:\\\/\\\/bahia.culturaviva.net.br\\\/#organization\"},\"potentialAction\":[{\"@type\":\"SearchAction\",\"target\":{\"@type\":\"EntryPoint\",\"urlTemplate\":\"https:\\\/\\\/bahia.culturaviva.net.br\\\/?s={search_term_string}\"},\"query-input\":{\"@type\":\"PropertyValueSpecification\",\"valueRequired\":true,\"valueName\":\"search_term_string\"}}],\"inLanguage\":\"en-US\"},{\"@type\":\"Organization\",\"@id\":\"https:\\\/\\\/bahia.culturaviva.net.br\\\/#organization\",\"name\":\"Rede Cultura Viva da Bahia\",\"url\":\"https:\\\/\\\/bahia.culturaviva.net.br\\\/\",\"logo\":{\"@type\":\"ImageObject\",\"inLanguage\":\"en-US\",\"@id\":\"https:\\\/\\\/bahia.culturaviva.net.br\\\/#\\\/schema\\\/logo\\\/image\\\/\",\"url\":\"https:\\\/\\\/bahia.culturaviva.net.br\\\/wp-content\\\/uploads\\\/2025\\\/11\\\/logo-plataforma-culturaviva-bahia-branco.png\",\"contentUrl\":\"https:\\\/\\\/bahia.culturaviva.net.br\\\/wp-content\\\/uploads\\\/2025\\\/11\\\/logo-plataforma-culturaviva-bahia-branco.png\",\"width\":628,\"height\":652,\"caption\":\"Rede Cultura Viva da Bahia\"},\"image\":{\"@id\":\"https:\\\/\\\/bahia.culturaviva.net.br\\\/#\\\/schema\\\/logo\\\/image\\\/\"}},{\"@type\":\"Person\",\"@id\":\"https:\\\/\\\/bahia.culturaviva.net.br\\\/#\\\/schema\\\/person\\\/6e78da73e0acb5b6b65735aa9584dba0\",\"name\":\"Carla Uhlmann\",\"image\":{\"@type\":\"ImageObject\",\"inLanguage\":\"en-US\",\"@id\":\"https:\\\/\\\/secure.gravatar.com\\\/avatar\\\/174652d1afb5fe35d03517b4ac78b9aae436c9a12e364319b1fc0cf646d4a933?s=96&d=mm&r=g\",\"url\":\"https:\\\/\\\/secure.gravatar.com\\\/avatar\\\/174652d1afb5fe35d03517b4ac78b9aae436c9a12e364319b1fc0cf646d4a933?s=96&d=mm&r=g\",\"contentUrl\":\"https:\\\/\\\/secure.gravatar.com\\\/avatar\\\/174652d1afb5fe35d03517b4ac78b9aae436c9a12e364319b1fc0cf646d4a933?s=96&d=mm&r=g\",\"caption\":\"Carla Uhlmann\"},\"url\":\"https:\\\/\\\/bahia.culturaviva.net.br\\\/en\\\/author\\\/carlauhlmann\\\/\"}]}<\/script>\n<!-- \/ Yoast SEO plugin. -->",
    "yoast_head_json": {
        "title": "FELISE: a literatura toma conta de Seabra entre os dias 7 e 8 de novembro - Rede Cultura Viva da Bahia",
        "robots": {
            "index": "index",
            "follow": "follow",
            "max-snippet": "max-snippet:-1",
            "max-image-preview": "max-image-preview:large",
            "max-video-preview": "max-video-preview:-1"
        },
        "canonical": "https:\/\/bahia.culturaviva.net.br\/en\/cultura\/culturaviva\/felise-a-literatura-toma-conta-de-seabra-entre-os-dias-7-e-8-de-novembro\/",
        "og_locale": "en_US",
        "og_type": "article",
        "og_title": "FELISE: a literatura toma conta de Seabra entre os dias 7 e 8 de novembro - Rede Cultura Viva da Bahia",
        "og_description": "Na cidade de Seabra, situada no cora\u00e7\u00e3o da Chapada Diamantina, ganha forma algo que vai al\u00e9m de uma simples feira de livros: trata-se de um encontro entre leitura, identidade local e forma\u00e7\u00e3o cultural. Fonte: https:\/\/agenciasertaolab.uneb.br\/felise-a-literatura-toma-conta-de-seabra-entre-os-dias-7-e-8-de-novembro-2\/ Por Gabriela Medeiros* &nbsp;A Feira Liter\u00e1ria de Seabra (FELISE) promete ser um marco no calend\u00e1rio cultural. \u00c9 nesse contexto que [&hellip;]",
        "og_url": "https:\/\/bahia.culturaviva.net.br\/en\/cultura\/culturaviva\/felise-a-literatura-toma-conta-de-seabra-entre-os-dias-7-e-8-de-novembro\/",
        "og_site_name": "Rede Cultura Viva da Bahia",
        "article_published_time": "2025-11-11T18:40:09+00:00",
        "article_modified_time": "2025-11-11T18:40:10+00:00",
        "og_image": [
            {
                "width": 1170,
                "height": 1254,
                "url": "https:\/\/bahia.culturaviva.net.br\/wp-content\/uploads\/2025\/11\/felise.jpeg",
                "type": "image\/jpeg"
            }
        ],
        "author": "Carla Uhlmann",
        "twitter_card": "summary_large_image",
        "twitter_misc": {
            "Written by": "Carla Uhlmann",
            "Est. reading time": "5 minutes"
        },
        "schema": {
            "@context": "https:\/\/schema.org",
            "@graph": [
                {
                    "@type": "Article",
                    "@id": "https:\/\/bahia.culturaviva.net.br\/cultura\/culturaviva\/felise-a-literatura-toma-conta-de-seabra-entre-os-dias-7-e-8-de-novembro\/#article",
                    "isPartOf": {
                        "@id": "https:\/\/bahia.culturaviva.net.br\/cultura\/culturaviva\/felise-a-literatura-toma-conta-de-seabra-entre-os-dias-7-e-8-de-novembro\/"
                    },
                    "author": {
                        "name": "Carla Uhlmann",
                        "@id": "https:\/\/bahia.culturaviva.net.br\/#\/schema\/person\/6e78da73e0acb5b6b65735aa9584dba0"
                    },
                    "headline": "FELISE: a literatura toma conta de Seabra entre os dias 7 e 8 de novembro",
                    "datePublished": "2025-11-11T18:40:09+00:00",
                    "dateModified": "2025-11-11T18:40:10+00:00",
                    "mainEntityOfPage": {
                        "@id": "https:\/\/bahia.culturaviva.net.br\/cultura\/culturaviva\/felise-a-literatura-toma-conta-de-seabra-entre-os-dias-7-e-8-de-novembro\/"
                    },
                    "wordCount": 740,
                    "commentCount": 0,
                    "publisher": {
                        "@id": "https:\/\/bahia.culturaviva.net.br\/#organization"
                    },
                    "image": {
                        "@id": "https:\/\/bahia.culturaviva.net.br\/cultura\/culturaviva\/felise-a-literatura-toma-conta-de-seabra-entre-os-dias-7-e-8-de-novembro\/#primaryimage"
                    },
                    "thumbnailUrl": "https:\/\/bahia.culturaviva.net.br\/wp-content\/uploads\/2025\/11\/felise.jpeg",
                    "keywords": [
                        "Literatura",
                        "Oficinas"
                    ],
                    "articleSection": [
                        "Cultura Viva",
                        "Feira Liter\u00e1ria",
                        "Literatura"
                    ],
                    "inLanguage": "en-US",
                    "potentialAction": [
                        {
                            "@type": "CommentAction",
                            "name": "Comment",
                            "target": [
                                "https:\/\/bahia.culturaviva.net.br\/cultura\/culturaviva\/felise-a-literatura-toma-conta-de-seabra-entre-os-dias-7-e-8-de-novembro\/#respond"
                            ]
                        }
                    ]
                },
                {
                    "@type": "WebPage",
                    "@id": "https:\/\/bahia.culturaviva.net.br\/cultura\/culturaviva\/felise-a-literatura-toma-conta-de-seabra-entre-os-dias-7-e-8-de-novembro\/",
                    "url": "https:\/\/bahia.culturaviva.net.br\/cultura\/culturaviva\/felise-a-literatura-toma-conta-de-seabra-entre-os-dias-7-e-8-de-novembro\/",
                    "name": "FELISE: a literatura toma conta de Seabra entre os dias 7 e 8 de novembro - Rede Cultura Viva da Bahia",
                    "isPartOf": {
                        "@id": "https:\/\/bahia.culturaviva.net.br\/#website"
                    },
                    "primaryImageOfPage": {
                        "@id": "https:\/\/bahia.culturaviva.net.br\/cultura\/culturaviva\/felise-a-literatura-toma-conta-de-seabra-entre-os-dias-7-e-8-de-novembro\/#primaryimage"
                    },
                    "image": {
                        "@id": "https:\/\/bahia.culturaviva.net.br\/cultura\/culturaviva\/felise-a-literatura-toma-conta-de-seabra-entre-os-dias-7-e-8-de-novembro\/#primaryimage"
                    },
                    "thumbnailUrl": "https:\/\/bahia.culturaviva.net.br\/wp-content\/uploads\/2025\/11\/felise.jpeg",
                    "datePublished": "2025-11-11T18:40:09+00:00",
                    "dateModified": "2025-11-11T18:40:10+00:00",
                    "breadcrumb": {
                        "@id": "https:\/\/bahia.culturaviva.net.br\/cultura\/culturaviva\/felise-a-literatura-toma-conta-de-seabra-entre-os-dias-7-e-8-de-novembro\/#breadcrumb"
                    },
                    "inLanguage": "en-US",
                    "potentialAction": [
                        {
                            "@type": "ReadAction",
                            "target": [
                                "https:\/\/bahia.culturaviva.net.br\/cultura\/culturaviva\/felise-a-literatura-toma-conta-de-seabra-entre-os-dias-7-e-8-de-novembro\/"
                            ]
                        }
                    ]
                },
                {
                    "@type": "ImageObject",
                    "inLanguage": "en-US",
                    "@id": "https:\/\/bahia.culturaviva.net.br\/cultura\/culturaviva\/felise-a-literatura-toma-conta-de-seabra-entre-os-dias-7-e-8-de-novembro\/#primaryimage",
                    "url": "https:\/\/bahia.culturaviva.net.br\/wp-content\/uploads\/2025\/11\/felise.jpeg",
                    "contentUrl": "https:\/\/bahia.culturaviva.net.br\/wp-content\/uploads\/2025\/11\/felise.jpeg",
                    "width": 1170,
                    "height": 1254
                },
                {
                    "@type": "BreadcrumbList",
                    "@id": "https:\/\/bahia.culturaviva.net.br\/cultura\/culturaviva\/felise-a-literatura-toma-conta-de-seabra-entre-os-dias-7-e-8-de-novembro\/#breadcrumb",
                    "itemListElement": [
                        {
                            "@type": "ListItem",
                            "position": 1,
                            "name": "In\u00edcio",
                            "item": "https:\/\/bahia.culturaviva.net.br\/"
                        },
                        {
                            "@type": "ListItem",
                            "position": 2,
                            "name": "FELISE: a literatura toma conta de Seabra entre os dias 7 e 8 de novembro"
                        }
                    ]
                },
                {
                    "@type": "WebSite",
                    "@id": "https:\/\/bahia.culturaviva.net.br\/#website",
                    "url": "https:\/\/bahia.culturaviva.net.br\/",
                    "name": "Rede Cultura Viva da Bahia",
                    "description": "Espa\u00e7o para Acervo, Informa\u00e7\u00e3o e Participa\u00e7\u00e3o Social da Rede de Pontos de Cultura da Bahia",
                    "publisher": {
                        "@id": "https:\/\/bahia.culturaviva.net.br\/#organization"
                    },
                    "potentialAction": [
                        {
                            "@type": "SearchAction",
                            "target": {
                                "@type": "EntryPoint",
                                "urlTemplate": "https:\/\/bahia.culturaviva.net.br\/?s={search_term_string}"
                            },
                            "query-input": {
                                "@type": "PropertyValueSpecification",
                                "valueRequired": true,
                                "valueName": "search_term_string"
                            }
                        }
                    ],
                    "inLanguage": "en-US"
                },
                {
                    "@type": "Organization",
                    "@id": "https:\/\/bahia.culturaviva.net.br\/#organization",
                    "name": "Rede Cultura Viva da Bahia",
                    "url": "https:\/\/bahia.culturaviva.net.br\/",
                    "logo": {
                        "@type": "ImageObject",
                        "inLanguage": "en-US",
                        "@id": "https:\/\/bahia.culturaviva.net.br\/#\/schema\/logo\/image\/",
                        "url": "https:\/\/bahia.culturaviva.net.br\/wp-content\/uploads\/2025\/11\/logo-plataforma-culturaviva-bahia-branco.png",
                        "contentUrl": "https:\/\/bahia.culturaviva.net.br\/wp-content\/uploads\/2025\/11\/logo-plataforma-culturaviva-bahia-branco.png",
                        "width": 628,
                        "height": 652,
                        "caption": "Rede Cultura Viva da Bahia"
                    },
                    "image": {
                        "@id": "https:\/\/bahia.culturaviva.net.br\/#\/schema\/logo\/image\/"
                    }
                },
                {
                    "@type": "Person",
                    "@id": "https:\/\/bahia.culturaviva.net.br\/#\/schema\/person\/6e78da73e0acb5b6b65735aa9584dba0",
                    "name": "Carla Uhlmann",
                    "image": {
                        "@type": "ImageObject",
                        "inLanguage": "en-US",
                        "@id": "https:\/\/secure.gravatar.com\/avatar\/174652d1afb5fe35d03517b4ac78b9aae436c9a12e364319b1fc0cf646d4a933?s=96&d=mm&r=g",
                        "url": "https:\/\/secure.gravatar.com\/avatar\/174652d1afb5fe35d03517b4ac78b9aae436c9a12e364319b1fc0cf646d4a933?s=96&d=mm&r=g",
                        "contentUrl": "https:\/\/secure.gravatar.com\/avatar\/174652d1afb5fe35d03517b4ac78b9aae436c9a12e364319b1fc0cf646d4a933?s=96&d=mm&r=g",
                        "caption": "Carla Uhlmann"
                    },
                    "url": "https:\/\/bahia.culturaviva.net.br\/en\/author\/carlauhlmann\/"
                }
            ]
        }
    },
    "_links": {
        "self": [
            {
                "href": "https:\/\/bahia.culturaviva.net.br\/en\/wp-json\/wp\/v2\/posts\/1245",
                "targetHints": {
                    "allow": [
                        "GET"
                    ]
                }
            }
        ],
        "collection": [
            {
                "href": "https:\/\/bahia.culturaviva.net.br\/en\/wp-json\/wp\/v2\/posts"
            }
        ],
        "about": [
            {
                "href": "https:\/\/bahia.culturaviva.net.br\/en\/wp-json\/wp\/v2\/types\/post"
            }
        ],
        "author": [
            {
                "embeddable": true,
                "href": "https:\/\/bahia.culturaviva.net.br\/en\/wp-json\/wp\/v2\/users\/4"
            }
        ],
        "replies": [
            {
                "embeddable": true,
                "href": "https:\/\/bahia.culturaviva.net.br\/en\/wp-json\/wp\/v2\/comments?post=1245"
            }
        ],
        "version-history": [
            {
                "count": 1,
                "href": "https:\/\/bahia.culturaviva.net.br\/en\/wp-json\/wp\/v2\/posts\/1245\/revisions"
            }
        ],
        "predecessor-version": [
            {
                "id": 1248,
                "href": "https:\/\/bahia.culturaviva.net.br\/en\/wp-json\/wp\/v2\/posts\/1245\/revisions\/1248"
            }
        ],
        "wp:featuredmedia": [
            {
                "embeddable": true,
                "href": "https:\/\/bahia.culturaviva.net.br\/en\/wp-json\/wp\/v2\/media\/1247"
            }
        ],
        "wp:attachment": [
            {
                "href": "https:\/\/bahia.culturaviva.net.br\/en\/wp-json\/wp\/v2\/media?parent=1245"
            }
        ],
        "wp:term": [
            {
                "taxonomy": "category",
                "embeddable": true,
                "href": "https:\/\/bahia.culturaviva.net.br\/en\/wp-json\/wp\/v2\/categories?post=1245"
            },
            {
                "taxonomy": "post_tag",
                "embeddable": true,
                "href": "https:\/\/bahia.culturaviva.net.br\/en\/wp-json\/wp\/v2\/tags?post=1245"
            }
        ],
        "curies": [
            {
                "name": "wp",
                "href": "https:\/\/api.w.org\/{rel}",
                "templated": true
            }
        ]
    }
}