{
    "id": 1249,
    "date": "2025-11-11T16:09:02",
    "date_gmt": "2025-11-11T19:09:02",
    "guid": {
        "rendered": "https:\/\/bahia.culturaviva.net.br\/?p=1249"
    },
    "modified": "2025-11-26T15:11:25",
    "modified_gmt": "2025-11-26T18:11:25",
    "slug": "secultba-firma-parceria-para-construcao-de-oito-centros-de-artesanato-indigena-na-bahia",
    "status": "publish",
    "type": "post",
    "link": "https:\/\/bahia.culturaviva.net.br\/en\/cultura\/culturaviva\/secultba-firma-parceria-para-construcao-de-oito-centros-de-artesanato-indigena-na-bahia\/",
    "title": {
        "rendered": "SecultBA firma parceria para constru\u00e7\u00e3o de oito centros de artesanato ind\u00edgena na Bahia"
    },
    "content": {
        "rendered": "<p>11\/11\/2025<\/p>\n\n\n\n<p>Fonte: <a href=\"https:\/\/www.ba.gov.br\/cultura\/noticias\/2025-11\/63513\/secultba-firma-parceria-para-construcao-de-oito-centros-de-artesanato\">https:\/\/www.ba.gov.br\/cultura\/noticias\/2025-11\/63513\/secultba-firma-parceria-para-construcao-de-oito-centros-de-artesanato<\/a><\/p>\n\n\n\n<figure class=\"wp-block-image size-large\"><img loading=\"lazy\" decoding=\"async\" width=\"1024\" height=\"682\" src=\"https:\/\/bahia.culturaviva.net.br\/wp-content\/uploads\/2025\/11\/SecultBA-firma-parceria-para-construcao-de-oito-centros-de-artesanato-indigena-na-Bahia_Creditos_Caio-Diniz-2-1024x682.jpg\" alt=\"\" class=\"wp-image-1250\" srcset=\"https:\/\/bahia.culturaviva.net.br\/wp-content\/uploads\/2025\/11\/SecultBA-firma-parceria-para-construcao-de-oito-centros-de-artesanato-indigena-na-Bahia_Creditos_Caio-Diniz-2-1024x682.jpg 1024w, https:\/\/bahia.culturaviva.net.br\/wp-content\/uploads\/2025\/11\/SecultBA-firma-parceria-para-construcao-de-oito-centros-de-artesanato-indigena-na-Bahia_Creditos_Caio-Diniz-2-300x200.jpg 300w, https:\/\/bahia.culturaviva.net.br\/wp-content\/uploads\/2025\/11\/SecultBA-firma-parceria-para-construcao-de-oito-centros-de-artesanato-indigena-na-Bahia_Creditos_Caio-Diniz-2-768x512.jpg 768w, https:\/\/bahia.culturaviva.net.br\/wp-content\/uploads\/2025\/11\/SecultBA-firma-parceria-para-construcao-de-oito-centros-de-artesanato-indigena-na-Bahia_Creditos_Caio-Diniz-2-1536x1024.jpg 1536w, https:\/\/bahia.culturaviva.net.br\/wp-content\/uploads\/2025\/11\/SecultBA-firma-parceria-para-construcao-de-oito-centros-de-artesanato-indigena-na-Bahia_Creditos_Caio-Diniz-2-2048x1365.jpg 2048w, https:\/\/bahia.culturaviva.net.br\/wp-content\/uploads\/2025\/11\/SecultBA-firma-parceria-para-construcao-de-oito-centros-de-artesanato-indigena-na-Bahia_Creditos_Caio-Diniz-2-18x12.jpg 18w, https:\/\/bahia.culturaviva.net.br\/wp-content\/uploads\/2025\/11\/SecultBA-firma-parceria-para-construcao-de-oito-centros-de-artesanato-indigena-na-Bahia_Creditos_Caio-Diniz-2-205x137.jpg 205w, https:\/\/bahia.culturaviva.net.br\/wp-content\/uploads\/2025\/11\/SecultBA-firma-parceria-para-construcao-de-oito-centros-de-artesanato-indigena-na-Bahia_Creditos_Caio-Diniz-2-480x320.jpg 480w\" sizes=\"auto, (max-width: 1024px) 100vw, 1024px\" \/><\/figure>\n\n\n\n<p>Caio Diniz<\/p>\n\n\n\n<p>O Governo da Bahia vai implantar oito centros de artesanato ind\u00edgena no estado, com investimento de R$ 2,7 milh\u00f5es da Pol\u00edtica Nacional Aldir Blanc de Fomento \u00e0 Cultura (PNAB). A licita\u00e7\u00e3o para a execu\u00e7\u00e3o dos espa\u00e7os foi autorizada pelo governador Jer\u00f4nimo Rodrigues na quinta-feira (06.11), durante a 7\u00aa edi\u00e7\u00e3o do Acampamento Terra Livre Bahia 2025 (ATL-BA), e faz parte de um pacote de R$ 500 milh\u00f5es em a\u00e7\u00f5es voltadas aos povos ind\u00edgenas.<\/p>\n\n\n\n<p>Os centros ser\u00e3o viabilizados por meio de um termo de coopera\u00e7\u00e3o entre a Secretaria de Cultura (SecultBA) e a Secretaria de Desenvolvimento Rural (SDR), beneficiando 200 fam\u00edlias distribu\u00eddas em oito aldeias de cinco territ\u00f3rios de identidade, fortalecendo o turismo cultural e ampliando as oportunidades de renda e trabalho para as comunidades ind\u00edgenas do estado.<\/p>\n\n\n\n<p>O investimento prev\u00ea a implanta\u00e7\u00e3o dos centros nos munic\u00edpios de Itaj\u00fa do Col\u00f4nia (Aldeia Bahet\u00e1), Santa Cruz de Cabr\u00e1lia (Aldeia Mata Medonha), Paulo Afonso (Aldeia Kariri Xoc\u00f3), Gl\u00f3ria (Aldeia Pankarar\u00e9), Una (Aldeia Serra do Padeiro), Rodelas (Aldeia Tux\u00e1), Cura\u00e7\u00e1 (Aldeia Miss\u00e3o Velha) e Alcoba\u00e7a (Aldeia Renascer). A proposta visa promover o fortalecimento do turismo local e da economia das comunidades, por meio da comercializa\u00e7\u00e3o do artesanato produzido pelos povos ind\u00edgenas, alternativa vi\u00e1vel para gera\u00e7\u00e3o de renda e novas oportunidades de trabalho, al\u00e9m de valoriza\u00e7\u00e3o cultural.<\/p>\n\n\n\n<p>\u201cOs centros ser\u00e3o importantes espa\u00e7os para inclus\u00e3o e acesso \u00e0 Cultura, fortalecimento das identidades culturais, apoio ao desenvolvimento sustent\u00e1vel e garantia de direitos. H\u00e1 muitos desafios para a necess\u00e1ria repara\u00e7\u00e3o e garantia de direitos negados h\u00e1 s\u00e9culos aos nossos povos origin\u00e1rios. Que bom que aqui na Bahia, temos avan\u00e7ado nesse sentido, com muito di\u00e1logo, responsabilidade e compromisso\u201d, comentou o secret\u00e1rio Bruno Monteiro.<\/p>\n\n\n\n<p>Para o coordenador geral de Integra\u00e7\u00e3o e Articula\u00e7\u00e3o de Pol\u00edticas P\u00fablicas, Guilherme Rodrigues, &#8220;os centros culturais s\u00e3o uma forma de valorizar as tradi\u00e7\u00f5es ind\u00edgenas, refor\u00e7ando o papel transformador da arte no cotidiano das comunidades locais\u201d.<\/p>\n\n\n\n<p><strong>Outras a\u00e7\u00f5es &#8211;&nbsp;<\/strong>A SDR anunciou uma s\u00e9rie de a\u00e7\u00f5es voltadas ao fortalecimento social, produtivo e cultural dos povos ind\u00edgenas. Entre os destaques est\u00e1 o an\u00fancio de um edital do Projeto Bahia que Produz e Alimenta, que vai apoiar at\u00e9 35 projetos produtivos e beneficiar 4 mil fam\u00edlias ind\u00edgenas em todo o estado.<\/p>\n\n\n\n<p>A chamada p\u00fablica, coordenada pela Companhia de Desenvolvimento e A\u00e7\u00e3o Regional (CAR\/SDR), prev\u00ea apoio t\u00e9cnico e financeiro voltado para povos origin\u00e1rios, com foco na inclus\u00e3o produtiva, gera\u00e7\u00e3o de renda e ado\u00e7\u00e3o de pr\u00e1ticas agroecol\u00f3gicas.<\/p>\n\n\n\n<p>\u201cAinda neste m\u00eas de novembro, a CAR vai divulgar um novo edital que vai direcionar R$ 12 milh\u00f5es para associa\u00e7\u00f5es e cooperativas de comunidades ind\u00edgenas interessadas em receber esse apoio. Ser\u00e3o projetos de at\u00e9 R$ 350 mil, que v\u00e3o trazer mais oportunidades de inclus\u00e3o produtiva e renda para essas comunidades\u201d, destacou o coordenador do Bahia que Produz e Alimenta, Ivan Fontes.<\/p>\n\n\n\n<p>Outro avan\u00e7o importante foi a assinatura do termo de colabora\u00e7\u00e3o para constru\u00e7\u00e3o de 98 unidades habitacionais rurais destinadas a povos ind\u00edgenas, por meio do programa Minha Casa, Minha Vida Rural (PMCMVR), executado em parceria entre a SDR, o Minist\u00e9rio das Cidades e a Caixa Econ\u00f4mica Federal. As moradias ter\u00e3o 64,28m\u00b2, com tr\u00eas quartos, sala-cozinha, banheiro, varanda, energia el\u00e9trica e cisterna para consumo.<\/p>\n\n\n\n<p>Na ocasi\u00e3o, tamb\u00e9m foram anunciadas a\u00e7\u00f5es de regulariza\u00e7\u00e3o fundi\u00e1ria e formalizada a doa\u00e7\u00e3o das terras da Esta\u00e7\u00e3o Experimental de Utinga, que passaram a integrar o territ\u00f3rio da reserva ind\u00edgena do povo Paiai\u00e1, garantindo seguran\u00e7a territorial e fortalecendo o direito ancestral \u00e0 terra.<\/p>\n\n\n\n<p>O secret\u00e1rio estadual de Desenvolvimento Rural, Osni Cardoso, destacou que a s\u00e9rie de an\u00fancios representa um compromisso real com a inclus\u00e3o e o fortalecimento dos povos origin\u00e1rios. \u201cEssas iniciativas reafirmam o papel da SDR de atuar de forma integrada, com a\u00e7\u00f5es que unem produ\u00e7\u00e3o, moradia, cultura e territ\u00f3rio. Estamos ampliando o acesso \u00e0s pol\u00edticas p\u00fablicas e fortalecendo o protagonismo ind\u00edgena na constru\u00e7\u00e3o de uma Bahia mais justa e sustent\u00e1vel\u201d, afirmou.<\/p>",
        "protected": false
    },
    "excerpt": {
        "rendered": "<p>11\/11\/2025 Fonte: https:\/\/www.ba.gov.br\/cultura\/noticias\/2025-11\/63513\/secultba-firma-parceria-para-construcao-de-oito-centros-de-artesanato Caio Diniz O Governo da Bahia vai implantar oito centros de artesanato ind\u00edgena no estado, com investimento de R$ 2,7 milh\u00f5es da Pol\u00edtica Nacional Aldir Blanc de Fomento \u00e0 Cultura (PNAB). A licita\u00e7\u00e3o para a execu\u00e7\u00e3o dos espa\u00e7os foi autorizada pelo governador Jer\u00f4nimo Rodrigues na quinta-feira (06.11), durante a 7\u00aa edi\u00e7\u00e3o do [&hellip;]<\/p>",
        "protected": false
    },
    "author": 4,
    "featured_media": 1250,
    "comment_status": "open",
    "ping_status": "open",
    "sticky": false,
    "template": "",
    "format": "standard",
    "meta": {
        "_acf_changed": false,
        "_gspb_post_css": "",
        "footnotes": ""
    },
    "categories": [
        46,
        2,
        47,
        7,
        18
    ],
    "tags": [
        39
    ],
    "class_list": [
        "post-1249",
        "post",
        "type-post",
        "status-publish",
        "format-standard",
        "has-post-thumbnail",
        "hentry",
        "category-artesanato",
        "category-culturaviva",
        "category-povos-indigenas",
        "category-travel",
        "category-turismo",
        "tag-memoria"
    ],
    "blocksy_meta": [],
    "acf": [],
    "yoast_head": "<!-- This site is optimized with the Yoast SEO plugin v27.3 - https:\/\/yoast.com\/product\/yoast-seo-wordpress\/ -->\n<title>SecultBA firma parceria para constru\u00e7\u00e3o de oito centros de artesanato ind\u00edgena na Bahia - Rede Cultura Viva da Bahia<\/title>\n<meta name=\"robots\" content=\"index, follow, max-snippet:-1, max-image-preview:large, max-video-preview:-1\" \/>\n<link rel=\"canonical\" href=\"https:\/\/bahia.culturaviva.net.br\/en\/cultura\/culturaviva\/secultba-firma-parceria-para-construcao-de-oito-centros-de-artesanato-indigena-na-bahia\/\" \/>\n<meta property=\"og:locale\" content=\"en_US\" \/>\n<meta property=\"og:type\" content=\"article\" \/>\n<meta property=\"og:title\" content=\"SecultBA firma parceria para constru\u00e7\u00e3o de oito centros de artesanato ind\u00edgena na Bahia - Rede Cultura Viva da Bahia\" \/>\n<meta property=\"og:description\" content=\"11\/11\/2025 Fonte: https:\/\/www.ba.gov.br\/cultura\/noticias\/2025-11\/63513\/secultba-firma-parceria-para-construcao-de-oito-centros-de-artesanato Caio Diniz O Governo da Bahia vai implantar oito centros de artesanato ind\u00edgena no estado, com investimento de R$ 2,7 milh\u00f5es da Pol\u00edtica Nacional Aldir Blanc de Fomento \u00e0 Cultura (PNAB). A licita\u00e7\u00e3o para a execu\u00e7\u00e3o dos espa\u00e7os foi autorizada pelo governador Jer\u00f4nimo Rodrigues na quinta-feira (06.11), durante a 7\u00aa edi\u00e7\u00e3o do [&hellip;]\" \/>\n<meta property=\"og:url\" content=\"https:\/\/bahia.culturaviva.net.br\/en\/cultura\/culturaviva\/secultba-firma-parceria-para-construcao-de-oito-centros-de-artesanato-indigena-na-bahia\/\" \/>\n<meta property=\"og:site_name\" content=\"Rede Cultura Viva da Bahia\" \/>\n<meta property=\"article:published_time\" content=\"2025-11-11T19:09:02+00:00\" \/>\n<meta property=\"article:modified_time\" content=\"2025-11-26T18:11:25+00:00\" \/>\n<meta property=\"og:image\" content=\"https:\/\/bahia.culturaviva.net.br\/wp-content\/uploads\/2025\/11\/SecultBA-firma-parceria-para-construcao-de-oito-centros-de-artesanato-indigena-na-Bahia_Creditos_Caio-Diniz-2.jpg\" \/>\n\t<meta property=\"og:image:width\" content=\"2560\" \/>\n\t<meta property=\"og:image:height\" content=\"1706\" \/>\n\t<meta property=\"og:image:type\" content=\"image\/jpeg\" \/>\n<meta name=\"author\" content=\"Carla Uhlmann\" \/>\n<meta name=\"twitter:card\" content=\"summary_large_image\" \/>\n<meta name=\"twitter:label1\" content=\"Written by\" \/>\n\t<meta name=\"twitter:data1\" content=\"Carla Uhlmann\" \/>\n\t<meta name=\"twitter:label2\" content=\"Est. reading time\" \/>\n\t<meta name=\"twitter:data2\" content=\"4 minutes\" \/>\n<script type=\"application\/ld+json\" class=\"yoast-schema-graph\">{\"@context\":\"https:\\\/\\\/schema.org\",\"@graph\":[{\"@type\":\"Article\",\"@id\":\"https:\\\/\\\/bahia.culturaviva.net.br\\\/cultura\\\/culturaviva\\\/secultba-firma-parceria-para-construcao-de-oito-centros-de-artesanato-indigena-na-bahia\\\/#article\",\"isPartOf\":{\"@id\":\"https:\\\/\\\/bahia.culturaviva.net.br\\\/cultura\\\/culturaviva\\\/secultba-firma-parceria-para-construcao-de-oito-centros-de-artesanato-indigena-na-bahia\\\/\"},\"author\":{\"name\":\"Carla Uhlmann\",\"@id\":\"https:\\\/\\\/bahia.culturaviva.net.br\\\/#\\\/schema\\\/person\\\/6e78da73e0acb5b6b65735aa9584dba0\"},\"headline\":\"SecultBA firma parceria para constru\u00e7\u00e3o de oito centros de artesanato ind\u00edgena na Bahia\",\"datePublished\":\"2025-11-11T19:09:02+00:00\",\"dateModified\":\"2025-11-26T18:11:25+00:00\",\"mainEntityOfPage\":{\"@id\":\"https:\\\/\\\/bahia.culturaviva.net.br\\\/cultura\\\/culturaviva\\\/secultba-firma-parceria-para-construcao-de-oito-centros-de-artesanato-indigena-na-bahia\\\/\"},\"wordCount\":749,\"commentCount\":0,\"publisher\":{\"@id\":\"https:\\\/\\\/bahia.culturaviva.net.br\\\/#organization\"},\"image\":{\"@id\":\"https:\\\/\\\/bahia.culturaviva.net.br\\\/cultura\\\/culturaviva\\\/secultba-firma-parceria-para-construcao-de-oito-centros-de-artesanato-indigena-na-bahia\\\/#primaryimage\"},\"thumbnailUrl\":\"https:\\\/\\\/bahia.culturaviva.net.br\\\/wp-content\\\/uploads\\\/2025\\\/11\\\/SecultBA-firma-parceria-para-construcao-de-oito-centros-de-artesanato-indigena-na-Bahia_Creditos_Caio-Diniz-2.jpg\",\"keywords\":[\"Mem\u00f3ria\"],\"articleSection\":[\"Artesanato\",\"Cultura Viva\",\"Povos ind\u00edgenas\",\"Travel\",\"Turismo\"],\"inLanguage\":\"en-US\",\"potentialAction\":[{\"@type\":\"CommentAction\",\"name\":\"Comment\",\"target\":[\"https:\\\/\\\/bahia.culturaviva.net.br\\\/cultura\\\/culturaviva\\\/secultba-firma-parceria-para-construcao-de-oito-centros-de-artesanato-indigena-na-bahia\\\/#respond\"]}]},{\"@type\":\"WebPage\",\"@id\":\"https:\\\/\\\/bahia.culturaviva.net.br\\\/cultura\\\/culturaviva\\\/secultba-firma-parceria-para-construcao-de-oito-centros-de-artesanato-indigena-na-bahia\\\/\",\"url\":\"https:\\\/\\\/bahia.culturaviva.net.br\\\/cultura\\\/culturaviva\\\/secultba-firma-parceria-para-construcao-de-oito-centros-de-artesanato-indigena-na-bahia\\\/\",\"name\":\"SecultBA firma parceria para constru\u00e7\u00e3o de oito centros de artesanato ind\u00edgena na Bahia - Rede Cultura Viva da Bahia\",\"isPartOf\":{\"@id\":\"https:\\\/\\\/bahia.culturaviva.net.br\\\/#website\"},\"primaryImageOfPage\":{\"@id\":\"https:\\\/\\\/bahia.culturaviva.net.br\\\/cultura\\\/culturaviva\\\/secultba-firma-parceria-para-construcao-de-oito-centros-de-artesanato-indigena-na-bahia\\\/#primaryimage\"},\"image\":{\"@id\":\"https:\\\/\\\/bahia.culturaviva.net.br\\\/cultura\\\/culturaviva\\\/secultba-firma-parceria-para-construcao-de-oito-centros-de-artesanato-indigena-na-bahia\\\/#primaryimage\"},\"thumbnailUrl\":\"https:\\\/\\\/bahia.culturaviva.net.br\\\/wp-content\\\/uploads\\\/2025\\\/11\\\/SecultBA-firma-parceria-para-construcao-de-oito-centros-de-artesanato-indigena-na-Bahia_Creditos_Caio-Diniz-2.jpg\",\"datePublished\":\"2025-11-11T19:09:02+00:00\",\"dateModified\":\"2025-11-26T18:11:25+00:00\",\"breadcrumb\":{\"@id\":\"https:\\\/\\\/bahia.culturaviva.net.br\\\/cultura\\\/culturaviva\\\/secultba-firma-parceria-para-construcao-de-oito-centros-de-artesanato-indigena-na-bahia\\\/#breadcrumb\"},\"inLanguage\":\"en-US\",\"potentialAction\":[{\"@type\":\"ReadAction\",\"target\":[\"https:\\\/\\\/bahia.culturaviva.net.br\\\/cultura\\\/culturaviva\\\/secultba-firma-parceria-para-construcao-de-oito-centros-de-artesanato-indigena-na-bahia\\\/\"]}]},{\"@type\":\"ImageObject\",\"inLanguage\":\"en-US\",\"@id\":\"https:\\\/\\\/bahia.culturaviva.net.br\\\/cultura\\\/culturaviva\\\/secultba-firma-parceria-para-construcao-de-oito-centros-de-artesanato-indigena-na-bahia\\\/#primaryimage\",\"url\":\"https:\\\/\\\/bahia.culturaviva.net.br\\\/wp-content\\\/uploads\\\/2025\\\/11\\\/SecultBA-firma-parceria-para-construcao-de-oito-centros-de-artesanato-indigena-na-Bahia_Creditos_Caio-Diniz-2.jpg\",\"contentUrl\":\"https:\\\/\\\/bahia.culturaviva.net.br\\\/wp-content\\\/uploads\\\/2025\\\/11\\\/SecultBA-firma-parceria-para-construcao-de-oito-centros-de-artesanato-indigena-na-Bahia_Creditos_Caio-Diniz-2.jpg\",\"width\":2560,\"height\":1706},{\"@type\":\"BreadcrumbList\",\"@id\":\"https:\\\/\\\/bahia.culturaviva.net.br\\\/cultura\\\/culturaviva\\\/secultba-firma-parceria-para-construcao-de-oito-centros-de-artesanato-indigena-na-bahia\\\/#breadcrumb\",\"itemListElement\":[{\"@type\":\"ListItem\",\"position\":1,\"name\":\"In\u00edcio\",\"item\":\"https:\\\/\\\/bahia.culturaviva.net.br\\\/\"},{\"@type\":\"ListItem\",\"position\":2,\"name\":\"SecultBA firma parceria para constru\u00e7\u00e3o de oito centros de artesanato ind\u00edgena na Bahia\"}]},{\"@type\":\"WebSite\",\"@id\":\"https:\\\/\\\/bahia.culturaviva.net.br\\\/#website\",\"url\":\"https:\\\/\\\/bahia.culturaviva.net.br\\\/\",\"name\":\"Rede Cultura Viva da Bahia\",\"description\":\"Espa\u00e7o para Acervo, Informa\u00e7\u00e3o e Participa\u00e7\u00e3o Social da Rede de Pontos de Cultura da Bahia\",\"publisher\":{\"@id\":\"https:\\\/\\\/bahia.culturaviva.net.br\\\/#organization\"},\"potentialAction\":[{\"@type\":\"SearchAction\",\"target\":{\"@type\":\"EntryPoint\",\"urlTemplate\":\"https:\\\/\\\/bahia.culturaviva.net.br\\\/?s={search_term_string}\"},\"query-input\":{\"@type\":\"PropertyValueSpecification\",\"valueRequired\":true,\"valueName\":\"search_term_string\"}}],\"inLanguage\":\"en-US\"},{\"@type\":\"Organization\",\"@id\":\"https:\\\/\\\/bahia.culturaviva.net.br\\\/#organization\",\"name\":\"Rede Cultura Viva da Bahia\",\"url\":\"https:\\\/\\\/bahia.culturaviva.net.br\\\/\",\"logo\":{\"@type\":\"ImageObject\",\"inLanguage\":\"en-US\",\"@id\":\"https:\\\/\\\/bahia.culturaviva.net.br\\\/#\\\/schema\\\/logo\\\/image\\\/\",\"url\":\"https:\\\/\\\/bahia.culturaviva.net.br\\\/wp-content\\\/uploads\\\/2025\\\/11\\\/logo-plataforma-culturaviva-bahia-branco.png\",\"contentUrl\":\"https:\\\/\\\/bahia.culturaviva.net.br\\\/wp-content\\\/uploads\\\/2025\\\/11\\\/logo-plataforma-culturaviva-bahia-branco.png\",\"width\":628,\"height\":652,\"caption\":\"Rede Cultura Viva da Bahia\"},\"image\":{\"@id\":\"https:\\\/\\\/bahia.culturaviva.net.br\\\/#\\\/schema\\\/logo\\\/image\\\/\"}},{\"@type\":\"Person\",\"@id\":\"https:\\\/\\\/bahia.culturaviva.net.br\\\/#\\\/schema\\\/person\\\/6e78da73e0acb5b6b65735aa9584dba0\",\"name\":\"Carla Uhlmann\",\"image\":{\"@type\":\"ImageObject\",\"inLanguage\":\"en-US\",\"@id\":\"https:\\\/\\\/secure.gravatar.com\\\/avatar\\\/174652d1afb5fe35d03517b4ac78b9aae436c9a12e364319b1fc0cf646d4a933?s=96&d=mm&r=g\",\"url\":\"https:\\\/\\\/secure.gravatar.com\\\/avatar\\\/174652d1afb5fe35d03517b4ac78b9aae436c9a12e364319b1fc0cf646d4a933?s=96&d=mm&r=g\",\"contentUrl\":\"https:\\\/\\\/secure.gravatar.com\\\/avatar\\\/174652d1afb5fe35d03517b4ac78b9aae436c9a12e364319b1fc0cf646d4a933?s=96&d=mm&r=g\",\"caption\":\"Carla Uhlmann\"},\"url\":\"https:\\\/\\\/bahia.culturaviva.net.br\\\/en\\\/author\\\/carlauhlmann\\\/\"}]}<\/script>\n<!-- \/ Yoast SEO plugin. -->",
    "yoast_head_json": {
        "title": "SecultBA firma parceria para constru\u00e7\u00e3o de oito centros de artesanato ind\u00edgena na Bahia - Rede Cultura Viva da Bahia",
        "robots": {
            "index": "index",
            "follow": "follow",
            "max-snippet": "max-snippet:-1",
            "max-image-preview": "max-image-preview:large",
            "max-video-preview": "max-video-preview:-1"
        },
        "canonical": "https:\/\/bahia.culturaviva.net.br\/en\/cultura\/culturaviva\/secultba-firma-parceria-para-construcao-de-oito-centros-de-artesanato-indigena-na-bahia\/",
        "og_locale": "en_US",
        "og_type": "article",
        "og_title": "SecultBA firma parceria para constru\u00e7\u00e3o de oito centros de artesanato ind\u00edgena na Bahia - Rede Cultura Viva da Bahia",
        "og_description": "11\/11\/2025 Fonte: https:\/\/www.ba.gov.br\/cultura\/noticias\/2025-11\/63513\/secultba-firma-parceria-para-construcao-de-oito-centros-de-artesanato Caio Diniz O Governo da Bahia vai implantar oito centros de artesanato ind\u00edgena no estado, com investimento de R$ 2,7 milh\u00f5es da Pol\u00edtica Nacional Aldir Blanc de Fomento \u00e0 Cultura (PNAB). A licita\u00e7\u00e3o para a execu\u00e7\u00e3o dos espa\u00e7os foi autorizada pelo governador Jer\u00f4nimo Rodrigues na quinta-feira (06.11), durante a 7\u00aa edi\u00e7\u00e3o do [&hellip;]",
        "og_url": "https:\/\/bahia.culturaviva.net.br\/en\/cultura\/culturaviva\/secultba-firma-parceria-para-construcao-de-oito-centros-de-artesanato-indigena-na-bahia\/",
        "og_site_name": "Rede Cultura Viva da Bahia",
        "article_published_time": "2025-11-11T19:09:02+00:00",
        "article_modified_time": "2025-11-26T18:11:25+00:00",
        "og_image": [
            {
                "width": 2560,
                "height": 1706,
                "url": "https:\/\/bahia.culturaviva.net.br\/wp-content\/uploads\/2025\/11\/SecultBA-firma-parceria-para-construcao-de-oito-centros-de-artesanato-indigena-na-Bahia_Creditos_Caio-Diniz-2.jpg",
                "type": "image\/jpeg"
            }
        ],
        "author": "Carla Uhlmann",
        "twitter_card": "summary_large_image",
        "twitter_misc": {
            "Written by": "Carla Uhlmann",
            "Est. reading time": "4 minutes"
        },
        "schema": {
            "@context": "https:\/\/schema.org",
            "@graph": [
                {
                    "@type": "Article",
                    "@id": "https:\/\/bahia.culturaviva.net.br\/cultura\/culturaviva\/secultba-firma-parceria-para-construcao-de-oito-centros-de-artesanato-indigena-na-bahia\/#article",
                    "isPartOf": {
                        "@id": "https:\/\/bahia.culturaviva.net.br\/cultura\/culturaviva\/secultba-firma-parceria-para-construcao-de-oito-centros-de-artesanato-indigena-na-bahia\/"
                    },
                    "author": {
                        "name": "Carla Uhlmann",
                        "@id": "https:\/\/bahia.culturaviva.net.br\/#\/schema\/person\/6e78da73e0acb5b6b65735aa9584dba0"
                    },
                    "headline": "SecultBA firma parceria para constru\u00e7\u00e3o de oito centros de artesanato ind\u00edgena na Bahia",
                    "datePublished": "2025-11-11T19:09:02+00:00",
                    "dateModified": "2025-11-26T18:11:25+00:00",
                    "mainEntityOfPage": {
                        "@id": "https:\/\/bahia.culturaviva.net.br\/cultura\/culturaviva\/secultba-firma-parceria-para-construcao-de-oito-centros-de-artesanato-indigena-na-bahia\/"
                    },
                    "wordCount": 749,
                    "commentCount": 0,
                    "publisher": {
                        "@id": "https:\/\/bahia.culturaviva.net.br\/#organization"
                    },
                    "image": {
                        "@id": "https:\/\/bahia.culturaviva.net.br\/cultura\/culturaviva\/secultba-firma-parceria-para-construcao-de-oito-centros-de-artesanato-indigena-na-bahia\/#primaryimage"
                    },
                    "thumbnailUrl": "https:\/\/bahia.culturaviva.net.br\/wp-content\/uploads\/2025\/11\/SecultBA-firma-parceria-para-construcao-de-oito-centros-de-artesanato-indigena-na-Bahia_Creditos_Caio-Diniz-2.jpg",
                    "keywords": [
                        "Mem\u00f3ria"
                    ],
                    "articleSection": [
                        "Artesanato",
                        "Cultura Viva",
                        "Povos ind\u00edgenas",
                        "Travel",
                        "Turismo"
                    ],
                    "inLanguage": "en-US",
                    "potentialAction": [
                        {
                            "@type": "CommentAction",
                            "name": "Comment",
                            "target": [
                                "https:\/\/bahia.culturaviva.net.br\/cultura\/culturaviva\/secultba-firma-parceria-para-construcao-de-oito-centros-de-artesanato-indigena-na-bahia\/#respond"
                            ]
                        }
                    ]
                },
                {
                    "@type": "WebPage",
                    "@id": "https:\/\/bahia.culturaviva.net.br\/cultura\/culturaviva\/secultba-firma-parceria-para-construcao-de-oito-centros-de-artesanato-indigena-na-bahia\/",
                    "url": "https:\/\/bahia.culturaviva.net.br\/cultura\/culturaviva\/secultba-firma-parceria-para-construcao-de-oito-centros-de-artesanato-indigena-na-bahia\/",
                    "name": "SecultBA firma parceria para constru\u00e7\u00e3o de oito centros de artesanato ind\u00edgena na Bahia - Rede Cultura Viva da Bahia",
                    "isPartOf": {
                        "@id": "https:\/\/bahia.culturaviva.net.br\/#website"
                    },
                    "primaryImageOfPage": {
                        "@id": "https:\/\/bahia.culturaviva.net.br\/cultura\/culturaviva\/secultba-firma-parceria-para-construcao-de-oito-centros-de-artesanato-indigena-na-bahia\/#primaryimage"
                    },
                    "image": {
                        "@id": "https:\/\/bahia.culturaviva.net.br\/cultura\/culturaviva\/secultba-firma-parceria-para-construcao-de-oito-centros-de-artesanato-indigena-na-bahia\/#primaryimage"
                    },
                    "thumbnailUrl": "https:\/\/bahia.culturaviva.net.br\/wp-content\/uploads\/2025\/11\/SecultBA-firma-parceria-para-construcao-de-oito-centros-de-artesanato-indigena-na-Bahia_Creditos_Caio-Diniz-2.jpg",
                    "datePublished": "2025-11-11T19:09:02+00:00",
                    "dateModified": "2025-11-26T18:11:25+00:00",
                    "breadcrumb": {
                        "@id": "https:\/\/bahia.culturaviva.net.br\/cultura\/culturaviva\/secultba-firma-parceria-para-construcao-de-oito-centros-de-artesanato-indigena-na-bahia\/#breadcrumb"
                    },
                    "inLanguage": "en-US",
                    "potentialAction": [
                        {
                            "@type": "ReadAction",
                            "target": [
                                "https:\/\/bahia.culturaviva.net.br\/cultura\/culturaviva\/secultba-firma-parceria-para-construcao-de-oito-centros-de-artesanato-indigena-na-bahia\/"
                            ]
                        }
                    ]
                },
                {
                    "@type": "ImageObject",
                    "inLanguage": "en-US",
                    "@id": "https:\/\/bahia.culturaviva.net.br\/cultura\/culturaviva\/secultba-firma-parceria-para-construcao-de-oito-centros-de-artesanato-indigena-na-bahia\/#primaryimage",
                    "url": "https:\/\/bahia.culturaviva.net.br\/wp-content\/uploads\/2025\/11\/SecultBA-firma-parceria-para-construcao-de-oito-centros-de-artesanato-indigena-na-Bahia_Creditos_Caio-Diniz-2.jpg",
                    "contentUrl": "https:\/\/bahia.culturaviva.net.br\/wp-content\/uploads\/2025\/11\/SecultBA-firma-parceria-para-construcao-de-oito-centros-de-artesanato-indigena-na-Bahia_Creditos_Caio-Diniz-2.jpg",
                    "width": 2560,
                    "height": 1706
                },
                {
                    "@type": "BreadcrumbList",
                    "@id": "https:\/\/bahia.culturaviva.net.br\/cultura\/culturaviva\/secultba-firma-parceria-para-construcao-de-oito-centros-de-artesanato-indigena-na-bahia\/#breadcrumb",
                    "itemListElement": [
                        {
                            "@type": "ListItem",
                            "position": 1,
                            "name": "In\u00edcio",
                            "item": "https:\/\/bahia.culturaviva.net.br\/"
                        },
                        {
                            "@type": "ListItem",
                            "position": 2,
                            "name": "SecultBA firma parceria para constru\u00e7\u00e3o de oito centros de artesanato ind\u00edgena na Bahia"
                        }
                    ]
                },
                {
                    "@type": "WebSite",
                    "@id": "https:\/\/bahia.culturaviva.net.br\/#website",
                    "url": "https:\/\/bahia.culturaviva.net.br\/",
                    "name": "Rede Cultura Viva da Bahia",
                    "description": "Espa\u00e7o para Acervo, Informa\u00e7\u00e3o e Participa\u00e7\u00e3o Social da Rede de Pontos de Cultura da Bahia",
                    "publisher": {
                        "@id": "https:\/\/bahia.culturaviva.net.br\/#organization"
                    },
                    "potentialAction": [
                        {
                            "@type": "SearchAction",
                            "target": {
                                "@type": "EntryPoint",
                                "urlTemplate": "https:\/\/bahia.culturaviva.net.br\/?s={search_term_string}"
                            },
                            "query-input": {
                                "@type": "PropertyValueSpecification",
                                "valueRequired": true,
                                "valueName": "search_term_string"
                            }
                        }
                    ],
                    "inLanguage": "en-US"
                },
                {
                    "@type": "Organization",
                    "@id": "https:\/\/bahia.culturaviva.net.br\/#organization",
                    "name": "Rede Cultura Viva da Bahia",
                    "url": "https:\/\/bahia.culturaviva.net.br\/",
                    "logo": {
                        "@type": "ImageObject",
                        "inLanguage": "en-US",
                        "@id": "https:\/\/bahia.culturaviva.net.br\/#\/schema\/logo\/image\/",
                        "url": "https:\/\/bahia.culturaviva.net.br\/wp-content\/uploads\/2025\/11\/logo-plataforma-culturaviva-bahia-branco.png",
                        "contentUrl": "https:\/\/bahia.culturaviva.net.br\/wp-content\/uploads\/2025\/11\/logo-plataforma-culturaviva-bahia-branco.png",
                        "width": 628,
                        "height": 652,
                        "caption": "Rede Cultura Viva da Bahia"
                    },
                    "image": {
                        "@id": "https:\/\/bahia.culturaviva.net.br\/#\/schema\/logo\/image\/"
                    }
                },
                {
                    "@type": "Person",
                    "@id": "https:\/\/bahia.culturaviva.net.br\/#\/schema\/person\/6e78da73e0acb5b6b65735aa9584dba0",
                    "name": "Carla Uhlmann",
                    "image": {
                        "@type": "ImageObject",
                        "inLanguage": "en-US",
                        "@id": "https:\/\/secure.gravatar.com\/avatar\/174652d1afb5fe35d03517b4ac78b9aae436c9a12e364319b1fc0cf646d4a933?s=96&d=mm&r=g",
                        "url": "https:\/\/secure.gravatar.com\/avatar\/174652d1afb5fe35d03517b4ac78b9aae436c9a12e364319b1fc0cf646d4a933?s=96&d=mm&r=g",
                        "contentUrl": "https:\/\/secure.gravatar.com\/avatar\/174652d1afb5fe35d03517b4ac78b9aae436c9a12e364319b1fc0cf646d4a933?s=96&d=mm&r=g",
                        "caption": "Carla Uhlmann"
                    },
                    "url": "https:\/\/bahia.culturaviva.net.br\/en\/author\/carlauhlmann\/"
                }
            ]
        }
    },
    "_links": {
        "self": [
            {
                "href": "https:\/\/bahia.culturaviva.net.br\/en\/wp-json\/wp\/v2\/posts\/1249",
                "targetHints": {
                    "allow": [
                        "GET"
                    ]
                }
            }
        ],
        "collection": [
            {
                "href": "https:\/\/bahia.culturaviva.net.br\/en\/wp-json\/wp\/v2\/posts"
            }
        ],
        "about": [
            {
                "href": "https:\/\/bahia.culturaviva.net.br\/en\/wp-json\/wp\/v2\/types\/post"
            }
        ],
        "author": [
            {
                "embeddable": true,
                "href": "https:\/\/bahia.culturaviva.net.br\/en\/wp-json\/wp\/v2\/users\/4"
            }
        ],
        "replies": [
            {
                "embeddable": true,
                "href": "https:\/\/bahia.culturaviva.net.br\/en\/wp-json\/wp\/v2\/comments?post=1249"
            }
        ],
        "version-history": [
            {
                "count": 1,
                "href": "https:\/\/bahia.culturaviva.net.br\/en\/wp-json\/wp\/v2\/posts\/1249\/revisions"
            }
        ],
        "predecessor-version": [
            {
                "id": 1251,
                "href": "https:\/\/bahia.culturaviva.net.br\/en\/wp-json\/wp\/v2\/posts\/1249\/revisions\/1251"
            }
        ],
        "wp:featuredmedia": [
            {
                "embeddable": true,
                "href": "https:\/\/bahia.culturaviva.net.br\/en\/wp-json\/wp\/v2\/media\/1250"
            }
        ],
        "wp:attachment": [
            {
                "href": "https:\/\/bahia.culturaviva.net.br\/en\/wp-json\/wp\/v2\/media?parent=1249"
            }
        ],
        "wp:term": [
            {
                "taxonomy": "category",
                "embeddable": true,
                "href": "https:\/\/bahia.culturaviva.net.br\/en\/wp-json\/wp\/v2\/categories?post=1249"
            },
            {
                "taxonomy": "post_tag",
                "embeddable": true,
                "href": "https:\/\/bahia.culturaviva.net.br\/en\/wp-json\/wp\/v2\/tags?post=1249"
            }
        ],
        "curies": [
            {
                "name": "wp",
                "href": "https:\/\/api.w.org\/{rel}",
                "templated": true
            }
        ]
    }
}