{
    "id": 1252,
    "date": "2025-11-11T16:34:03",
    "date_gmt": "2025-11-11T19:34:03",
    "guid": {
        "rendered": "https:\/\/bahia.culturaviva.net.br\/?p=1252"
    },
    "modified": "2025-11-11T16:34:04",
    "modified_gmt": "2025-11-11T19:34:04",
    "slug": "fragmentos-de-memoria-emociona-publico-ao-reconstruir-rostos-de-pessoas-escravizadas-com-o-uso-de-ia",
    "status": "publish",
    "type": "post",
    "link": "https:\/\/bahia.culturaviva.net.br\/en\/cultura\/culturaviva\/fragmentos-de-memoria-emociona-publico-ao-reconstruir-rostos-de-pessoas-escravizadas-com-o-uso-de-ia\/",
    "title": {
        "rendered": "Fragmentos de Mem\u00f3ria emociona p\u00fablico ao reconstruir rostos de pessoas escravizadas com o uso de IA"
    },
    "content": {
        "rendered": "<p>06\/11\/2025<\/p>\n\n\n\n<p>Fonte: <a href=\"https:\/\/www.ba.gov.br\/cultura\/noticias\/2025-11\/63509\/fragmentos-de-memoria-emociona-publico-ao-reconstruir-rostos-de-pessoas\">https:\/\/www.ba.gov.br\/cultura\/noticias\/2025-11\/63509\/fragmentos-de-memoria-emociona-publico-ao-reconstruir-rostos-de-pessoas<\/a><\/p>\n\n\n\n<figure class=\"wp-block-image size-large\"><img loading=\"lazy\" decoding=\"async\" width=\"1024\" height=\"682\" src=\"https:\/\/bahia.culturaviva.net.br\/wp-content\/uploads\/2025\/11\/Abertura-Fragmentos-da-Memoria_Creditos_Lucas-Rosario-1024x682.jpg\" alt=\"\" class=\"wp-image-1253\" srcset=\"https:\/\/bahia.culturaviva.net.br\/wp-content\/uploads\/2025\/11\/Abertura-Fragmentos-da-Memoria_Creditos_Lucas-Rosario-1024x682.jpg 1024w, https:\/\/bahia.culturaviva.net.br\/wp-content\/uploads\/2025\/11\/Abertura-Fragmentos-da-Memoria_Creditos_Lucas-Rosario-300x200.jpg 300w, https:\/\/bahia.culturaviva.net.br\/wp-content\/uploads\/2025\/11\/Abertura-Fragmentos-da-Memoria_Creditos_Lucas-Rosario-768x512.jpg 768w, https:\/\/bahia.culturaviva.net.br\/wp-content\/uploads\/2025\/11\/Abertura-Fragmentos-da-Memoria_Creditos_Lucas-Rosario-1536x1023.jpg 1536w, https:\/\/bahia.culturaviva.net.br\/wp-content\/uploads\/2025\/11\/Abertura-Fragmentos-da-Memoria_Creditos_Lucas-Rosario-2048x1364.jpg 2048w, https:\/\/bahia.culturaviva.net.br\/wp-content\/uploads\/2025\/11\/Abertura-Fragmentos-da-Memoria_Creditos_Lucas-Rosario-18x12.jpg 18w, https:\/\/bahia.culturaviva.net.br\/wp-content\/uploads\/2025\/11\/Abertura-Fragmentos-da-Memoria_Creditos_Lucas-Rosario-205x137.jpg 205w, https:\/\/bahia.culturaviva.net.br\/wp-content\/uploads\/2025\/11\/Abertura-Fragmentos-da-Memoria_Creditos_Lucas-Rosario-480x320.jpg 480w\" sizes=\"auto, (max-width: 1024px) 100vw, 1024px\" \/><\/figure>\n\n\n\n<p>A&nbsp;<a href=\"https:\/\/www.ba.gov.br\/cultura\/noticias\/2025-11\/63506\/exposicao-que-reconstitui-rostos-de-pessoas-escravizadas-atraves-de-ia-chega\">exposi\u00e7\u00e3o Fragmentos de Mem\u00f3ria<\/a>, iniciativa da Funda\u00e7\u00e3o Pedro Calmon (FPC), vinculada \u00e0 Secretaria de Cultura do Estado da Bahia (SecultBA), por meio do Arquivo P\u00fablico do Estado da Bahia (APEB), foi inaugurada nesta quinta-feira (6) no segundo piso do Shopping da Bahia. A mostra integra a programa\u00e7\u00e3o do Novembro Negro do Governo do Estado da Bahia. &nbsp;<\/p>\n\n\n\n<p>Com 40 retratos gerados por Intelig\u00eancia Artificial a partir de documentos hist\u00f3ricos \u2014 como cartas de alforria, registros de compra e venda e t\u00edtulos de resid\u00eancia de africanos libertos \u2014, a exposi\u00e7\u00e3o prop\u00f5e uma repara\u00e7\u00e3o simb\u00f3lica: dar rosto e voz \u00e0s pessoas escravizadas e libertas na Bahia Colonial e Imperial. A proposta faz parte do programa Resgate Ancestral, que une hist\u00f3ria, arte e tecnologia para ressignificar a mem\u00f3ria do povo negro.<\/p>\n\n\n\n<p>Durante a abertura, autoridades, pesquisadores, artistas e visitantes se emocionaram ao ver os rostos reconstitu\u00eddos a partir de registros burocr\u00e1ticos. Cada imagem carrega uma hist\u00f3ria de resist\u00eancia, reconstru\u00edda ap\u00f3s um processo minucioso de pesquisa arquiv\u00edstica, digitaliza\u00e7\u00e3o e modelagem visual desenvolvida pelo APEB.<\/p>\n\n\n\n<figure class=\"wp-block-image\"><img loading=\"lazy\" decoding=\"async\" width=\"1280\" height=\"853\" src=\"https:\/\/bahia.culturaviva.net.br\/wp-content\/uploads\/2025\/11\/Abertura20Fragmentos20da20MemC3B3ria_CrC3A9ditos_Fernando20Barbosa.jpg\" alt=\"Abertura Fragmentos da Mem\u00f3ria\" class=\"wp-image-1255\" srcset=\"https:\/\/bahia.culturaviva.net.br\/wp-content\/uploads\/2025\/11\/Abertura20Fragmentos20da20MemC3B3ria_CrC3A9ditos_Fernando20Barbosa.jpg 1280w, https:\/\/bahia.culturaviva.net.br\/wp-content\/uploads\/2025\/11\/Abertura20Fragmentos20da20MemC3B3ria_CrC3A9ditos_Fernando20Barbosa-300x200.jpg 300w, https:\/\/bahia.culturaviva.net.br\/wp-content\/uploads\/2025\/11\/Abertura20Fragmentos20da20MemC3B3ria_CrC3A9ditos_Fernando20Barbosa-1024x682.jpg 1024w, https:\/\/bahia.culturaviva.net.br\/wp-content\/uploads\/2025\/11\/Abertura20Fragmentos20da20MemC3B3ria_CrC3A9ditos_Fernando20Barbosa-768x512.jpg 768w, https:\/\/bahia.culturaviva.net.br\/wp-content\/uploads\/2025\/11\/Abertura20Fragmentos20da20MemC3B3ria_CrC3A9ditos_Fernando20Barbosa-18x12.jpg 18w, https:\/\/bahia.culturaviva.net.br\/wp-content\/uploads\/2025\/11\/Abertura20Fragmentos20da20MemC3B3ria_CrC3A9ditos_Fernando20Barbosa-205x137.jpg 205w, https:\/\/bahia.culturaviva.net.br\/wp-content\/uploads\/2025\/11\/Abertura20Fragmentos20da20MemC3B3ria_CrC3A9ditos_Fernando20Barbosa-480x320.jpg 480w\" sizes=\"auto, (max-width: 1280px) 100vw, 1280px\" \/><\/figure>\n\n\n\n<p>Abertura da exposi\u00e7\u00e3o Fragmentos da Mem\u00f3ria no Shopping da Bahia, em Salvador<\/p>\n\n\n\n<p><span style=\"color: var(--theme-palette-color-1, #106abf);\" class=\"stk-highlight\"><strong>Fonte\/Cr\u00e9dito<\/strong><\/span> Fernando Barbosa<\/p>\n\n\n\n<p>O secret\u00e1rio de cultura da Bahia, Bruno Monteiro, esteve presente na abertura da exposi\u00e7\u00e3o e destacou a relev\u00e2ncia de sua realiza\u00e7\u00e3o.<\/p>\n\n\n\n<p>\u201cIsso \u00e9 um resgate important\u00edssimo que nos faz conhecer mais da nossa hist\u00f3ria e da nossa forma\u00e7\u00e3o. Especialmente em Salvador, na Bahia, o estado mais negro do Brasil, o lugar mais negro fora da \u00c1frica\u201d.<\/p>\n\n\n\n<p>Igualmente, o diretor-geral da Funda\u00e7\u00e3o Pedro Calmon, Sandro Magalh\u00e3es, destacou a for\u00e7a simb\u00f3lica do projeto.<\/p>\n\n\n\n<p>\u201cFragmentos da Mem\u00f3ria \u00e9 uma entrega que reflete a import\u00e2ncia dos nossos pesquisadores, da preserva\u00e7\u00e3o da hist\u00f3ria para que direitos sejam garantidos. \u00c9 um exemplo de como a tecnologia, quando bem utilizada, pode produzir resultados de extrema relev\u00e2ncia social, cultural e educacional\u201d, afirmou.<\/p>\n\n\n\n<p>A exposi\u00e7\u00e3o tamb\u00e9m inova ao apresentar o projeto As Vozes do Fragmento, no qual personalidades negras brasileiras interpretam mon\u00f3logos po\u00e9ticos inspirados nos registros hist\u00f3ricos, transformando os documentos em relatos humanos e emocionais.<\/p>\n\n\n\n<p>Assinada pelo diretor do Arquivo P\u00fablico do Estado da Bahia, Jorge X, e coordenada por Adalton Silva, a iniciativa convida o p\u00fablico a refletir sobre o passado escravista e a import\u00e2ncia de honrar as mem\u00f3rias fragmentadas por quase quatro s\u00e9culos de escravid\u00e3o.<\/p>\n\n\n\n<p>\u201cEssa reconstru\u00e7\u00e3o \u00e9 interessante porque permite a gente criar uma conex\u00e3o e uma sintaxe visual de visualizar como \u00e9 que poderiam ser esses personagens negros que fazem parte da nossa hist\u00f3ria e s\u00e3o os nossos ancestrais\u201d, declara Daniel Soto que visitou o Fragmentos da Mem\u00f3ria nesta manh\u00e3 de quinta (06).<\/p>\n\n\n\n<p>Fragmentos da Mem\u00f3ria tamb\u00e9m \u00e9 resultado de parcerias estrat\u00e9gicas com o ateli\u00ea Mem\u00f3ria &amp; Arte, coordenado pela Dra. Vanilda Salignac de Sousa Mazzoni, a colabora\u00e7\u00e3o de Geovane Gomes Co, conhecido como &#8220;Bombyeck&#8221;, da linhagem Djagra do povo Pep\u00e9l, que habita a zona norte at\u00e9 o centro da capital Bissau, respons\u00e1vel pelo Departamento Cultural do F\u00f3rum dos Estudantes Guineenses em S\u00e3o Francisco do Conde. &nbsp;<\/p>\n\n\n\n<p>A exposi\u00e7\u00e3o conta com as parcerias do Shopping da Bahia, Instituto \u00cdris e da Empresa Gr\u00e1fica da Bahia (EGBA), e segue aberta ao p\u00fablico at\u00e9 o dia 30 de novembro, com entrada gratuita, no segundo piso do Shopping da Bahia, pr\u00f3ximo ao acesso ao metr\u00f4.<\/p>",
        "protected": false
    },
    "excerpt": {
        "rendered": "<p>06\/11\/2025 Fonte: https:\/\/www.ba.gov.br\/cultura\/noticias\/2025-11\/63509\/fragmentos-de-memoria-emociona-publico-ao-reconstruir-rostos-de-pessoas A&nbsp;exposi\u00e7\u00e3o Fragmentos de Mem\u00f3ria, iniciativa da Funda\u00e7\u00e3o Pedro Calmon (FPC), vinculada \u00e0 Secretaria de Cultura do Estado da Bahia (SecultBA), por meio do Arquivo P\u00fablico do Estado da Bahia (APEB), foi inaugurada nesta quinta-feira (6) no segundo piso do Shopping da Bahia. A mostra integra a programa\u00e7\u00e3o do Novembro Negro do Governo [&hellip;]<\/p>",
        "protected": false
    },
    "author": 4,
    "featured_media": 1254,
    "comment_status": "open",
    "ping_status": "open",
    "sticky": false,
    "template": "",
    "format": "standard",
    "meta": {
        "_acf_changed": false,
        "_gspb_post_css": "",
        "footnotes": ""
    },
    "categories": [
        2
    ],
    "tags": [
        37,
        38,
        49,
        39,
        48
    ],
    "class_list": [
        "post-1252",
        "post",
        "type-post",
        "status-publish",
        "format-standard",
        "has-post-thumbnail",
        "hentry",
        "category-culturaviva",
        "tag-exposicao",
        "tag-fotografia",
        "tag-ia",
        "tag-memoria",
        "tag-novembro-negro"
    ],
    "blocksy_meta": [],
    "acf": [],
    "yoast_head": "<!-- This site is optimized with the Yoast SEO plugin v27.3 - https:\/\/yoast.com\/product\/yoast-seo-wordpress\/ -->\n<title>Fragmentos de Mem\u00f3ria emociona p\u00fablico ao reconstruir rostos de pessoas escravizadas com o uso de IA - Rede Cultura Viva da Bahia<\/title>\n<meta name=\"robots\" content=\"index, follow, max-snippet:-1, max-image-preview:large, max-video-preview:-1\" \/>\n<link rel=\"canonical\" href=\"https:\/\/bahia.culturaviva.net.br\/en\/cultura\/culturaviva\/fragmentos-de-memoria-emociona-publico-ao-reconstruir-rostos-de-pessoas-escravizadas-com-o-uso-de-ia\/\" \/>\n<meta property=\"og:locale\" content=\"en_US\" \/>\n<meta property=\"og:type\" content=\"article\" \/>\n<meta property=\"og:title\" content=\"Fragmentos de Mem\u00f3ria emociona p\u00fablico ao reconstruir rostos de pessoas escravizadas com o uso de IA - Rede Cultura Viva da Bahia\" \/>\n<meta property=\"og:description\" content=\"06\/11\/2025 Fonte: https:\/\/www.ba.gov.br\/cultura\/noticias\/2025-11\/63509\/fragmentos-de-memoria-emociona-publico-ao-reconstruir-rostos-de-pessoas A&nbsp;exposi\u00e7\u00e3o Fragmentos de Mem\u00f3ria, iniciativa da Funda\u00e7\u00e3o Pedro Calmon (FPC), vinculada \u00e0 Secretaria de Cultura do Estado da Bahia (SecultBA), por meio do Arquivo P\u00fablico do Estado da Bahia (APEB), foi inaugurada nesta quinta-feira (6) no segundo piso do Shopping da Bahia. A mostra integra a programa\u00e7\u00e3o do Novembro Negro do Governo [&hellip;]\" \/>\n<meta property=\"og:url\" content=\"https:\/\/bahia.culturaviva.net.br\/en\/cultura\/culturaviva\/fragmentos-de-memoria-emociona-publico-ao-reconstruir-rostos-de-pessoas-escravizadas-com-o-uso-de-ia\/\" \/>\n<meta property=\"og:site_name\" content=\"Rede Cultura Viva da Bahia\" \/>\n<meta property=\"article:published_time\" content=\"2025-11-11T19:34:03+00:00\" \/>\n<meta property=\"article:modified_time\" content=\"2025-11-11T19:34:04+00:00\" \/>\n<meta property=\"og:image\" content=\"https:\/\/bahia.culturaviva.net.br\/wp-content\/uploads\/2025\/11\/Abertura-Fragmentos-da-Memoria_Creditos_Lucas-Rosario-1.jpg\" \/>\n\t<meta property=\"og:image:width\" content=\"2560\" \/>\n\t<meta property=\"og:image:height\" content=\"1705\" \/>\n\t<meta property=\"og:image:type\" content=\"image\/jpeg\" \/>\n<meta name=\"author\" content=\"Carla Uhlmann\" \/>\n<meta name=\"twitter:card\" content=\"summary_large_image\" \/>\n<meta name=\"twitter:label1\" content=\"Written by\" \/>\n\t<meta name=\"twitter:data1\" content=\"Carla Uhlmann\" \/>\n\t<meta name=\"twitter:label2\" content=\"Est. reading time\" \/>\n\t<meta name=\"twitter:data2\" content=\"4 minutes\" \/>\n<script type=\"application\/ld+json\" class=\"yoast-schema-graph\">{\"@context\":\"https:\\\/\\\/schema.org\",\"@graph\":[{\"@type\":\"Article\",\"@id\":\"https:\\\/\\\/bahia.culturaviva.net.br\\\/cultura\\\/culturaviva\\\/fragmentos-de-memoria-emociona-publico-ao-reconstruir-rostos-de-pessoas-escravizadas-com-o-uso-de-ia\\\/#article\",\"isPartOf\":{\"@id\":\"https:\\\/\\\/bahia.culturaviva.net.br\\\/cultura\\\/culturaviva\\\/fragmentos-de-memoria-emociona-publico-ao-reconstruir-rostos-de-pessoas-escravizadas-com-o-uso-de-ia\\\/\"},\"author\":{\"name\":\"Carla Uhlmann\",\"@id\":\"https:\\\/\\\/bahia.culturaviva.net.br\\\/#\\\/schema\\\/person\\\/6e78da73e0acb5b6b65735aa9584dba0\"},\"headline\":\"Fragmentos de Mem\u00f3ria emociona p\u00fablico ao reconstruir rostos de pessoas escravizadas com o uso de IA\",\"datePublished\":\"2025-11-11T19:34:03+00:00\",\"dateModified\":\"2025-11-11T19:34:04+00:00\",\"mainEntityOfPage\":{\"@id\":\"https:\\\/\\\/bahia.culturaviva.net.br\\\/cultura\\\/culturaviva\\\/fragmentos-de-memoria-emociona-publico-ao-reconstruir-rostos-de-pessoas-escravizadas-com-o-uso-de-ia\\\/\"},\"wordCount\":621,\"commentCount\":0,\"publisher\":{\"@id\":\"https:\\\/\\\/bahia.culturaviva.net.br\\\/#organization\"},\"image\":{\"@id\":\"https:\\\/\\\/bahia.culturaviva.net.br\\\/cultura\\\/culturaviva\\\/fragmentos-de-memoria-emociona-publico-ao-reconstruir-rostos-de-pessoas-escravizadas-com-o-uso-de-ia\\\/#primaryimage\"},\"thumbnailUrl\":\"https:\\\/\\\/bahia.culturaviva.net.br\\\/wp-content\\\/uploads\\\/2025\\\/11\\\/Abertura-Fragmentos-da-Memoria_Creditos_Lucas-Rosario-1.jpg\",\"keywords\":[\"Exposi\u00e7\u00e3o\",\"Fotografia\",\"IA\",\"Mem\u00f3ria\",\"Novembro Negro\"],\"articleSection\":[\"Cultura Viva\"],\"inLanguage\":\"en-US\",\"potentialAction\":[{\"@type\":\"CommentAction\",\"name\":\"Comment\",\"target\":[\"https:\\\/\\\/bahia.culturaviva.net.br\\\/cultura\\\/culturaviva\\\/fragmentos-de-memoria-emociona-publico-ao-reconstruir-rostos-de-pessoas-escravizadas-com-o-uso-de-ia\\\/#respond\"]}]},{\"@type\":\"WebPage\",\"@id\":\"https:\\\/\\\/bahia.culturaviva.net.br\\\/cultura\\\/culturaviva\\\/fragmentos-de-memoria-emociona-publico-ao-reconstruir-rostos-de-pessoas-escravizadas-com-o-uso-de-ia\\\/\",\"url\":\"https:\\\/\\\/bahia.culturaviva.net.br\\\/cultura\\\/culturaviva\\\/fragmentos-de-memoria-emociona-publico-ao-reconstruir-rostos-de-pessoas-escravizadas-com-o-uso-de-ia\\\/\",\"name\":\"Fragmentos de Mem\u00f3ria emociona p\u00fablico ao reconstruir rostos de pessoas escravizadas com o uso de IA - Rede Cultura Viva da Bahia\",\"isPartOf\":{\"@id\":\"https:\\\/\\\/bahia.culturaviva.net.br\\\/#website\"},\"primaryImageOfPage\":{\"@id\":\"https:\\\/\\\/bahia.culturaviva.net.br\\\/cultura\\\/culturaviva\\\/fragmentos-de-memoria-emociona-publico-ao-reconstruir-rostos-de-pessoas-escravizadas-com-o-uso-de-ia\\\/#primaryimage\"},\"image\":{\"@id\":\"https:\\\/\\\/bahia.culturaviva.net.br\\\/cultura\\\/culturaviva\\\/fragmentos-de-memoria-emociona-publico-ao-reconstruir-rostos-de-pessoas-escravizadas-com-o-uso-de-ia\\\/#primaryimage\"},\"thumbnailUrl\":\"https:\\\/\\\/bahia.culturaviva.net.br\\\/wp-content\\\/uploads\\\/2025\\\/11\\\/Abertura-Fragmentos-da-Memoria_Creditos_Lucas-Rosario-1.jpg\",\"datePublished\":\"2025-11-11T19:34:03+00:00\",\"dateModified\":\"2025-11-11T19:34:04+00:00\",\"breadcrumb\":{\"@id\":\"https:\\\/\\\/bahia.culturaviva.net.br\\\/cultura\\\/culturaviva\\\/fragmentos-de-memoria-emociona-publico-ao-reconstruir-rostos-de-pessoas-escravizadas-com-o-uso-de-ia\\\/#breadcrumb\"},\"inLanguage\":\"en-US\",\"potentialAction\":[{\"@type\":\"ReadAction\",\"target\":[\"https:\\\/\\\/bahia.culturaviva.net.br\\\/cultura\\\/culturaviva\\\/fragmentos-de-memoria-emociona-publico-ao-reconstruir-rostos-de-pessoas-escravizadas-com-o-uso-de-ia\\\/\"]}]},{\"@type\":\"ImageObject\",\"inLanguage\":\"en-US\",\"@id\":\"https:\\\/\\\/bahia.culturaviva.net.br\\\/cultura\\\/culturaviva\\\/fragmentos-de-memoria-emociona-publico-ao-reconstruir-rostos-de-pessoas-escravizadas-com-o-uso-de-ia\\\/#primaryimage\",\"url\":\"https:\\\/\\\/bahia.culturaviva.net.br\\\/wp-content\\\/uploads\\\/2025\\\/11\\\/Abertura-Fragmentos-da-Memoria_Creditos_Lucas-Rosario-1.jpg\",\"contentUrl\":\"https:\\\/\\\/bahia.culturaviva.net.br\\\/wp-content\\\/uploads\\\/2025\\\/11\\\/Abertura-Fragmentos-da-Memoria_Creditos_Lucas-Rosario-1.jpg\",\"width\":2560,\"height\":1705},{\"@type\":\"BreadcrumbList\",\"@id\":\"https:\\\/\\\/bahia.culturaviva.net.br\\\/cultura\\\/culturaviva\\\/fragmentos-de-memoria-emociona-publico-ao-reconstruir-rostos-de-pessoas-escravizadas-com-o-uso-de-ia\\\/#breadcrumb\",\"itemListElement\":[{\"@type\":\"ListItem\",\"position\":1,\"name\":\"In\u00edcio\",\"item\":\"https:\\\/\\\/bahia.culturaviva.net.br\\\/\"},{\"@type\":\"ListItem\",\"position\":2,\"name\":\"Fragmentos de Mem\u00f3ria emociona p\u00fablico ao reconstruir rostos de pessoas escravizadas com o uso de IA\"}]},{\"@type\":\"WebSite\",\"@id\":\"https:\\\/\\\/bahia.culturaviva.net.br\\\/#website\",\"url\":\"https:\\\/\\\/bahia.culturaviva.net.br\\\/\",\"name\":\"Rede Cultura Viva da Bahia\",\"description\":\"Espa\u00e7o para Acervo, Informa\u00e7\u00e3o e Participa\u00e7\u00e3o Social da Rede de Pontos de Cultura da Bahia\",\"publisher\":{\"@id\":\"https:\\\/\\\/bahia.culturaviva.net.br\\\/#organization\"},\"potentialAction\":[{\"@type\":\"SearchAction\",\"target\":{\"@type\":\"EntryPoint\",\"urlTemplate\":\"https:\\\/\\\/bahia.culturaviva.net.br\\\/?s={search_term_string}\"},\"query-input\":{\"@type\":\"PropertyValueSpecification\",\"valueRequired\":true,\"valueName\":\"search_term_string\"}}],\"inLanguage\":\"en-US\"},{\"@type\":\"Organization\",\"@id\":\"https:\\\/\\\/bahia.culturaviva.net.br\\\/#organization\",\"name\":\"Rede Cultura Viva da Bahia\",\"url\":\"https:\\\/\\\/bahia.culturaviva.net.br\\\/\",\"logo\":{\"@type\":\"ImageObject\",\"inLanguage\":\"en-US\",\"@id\":\"https:\\\/\\\/bahia.culturaviva.net.br\\\/#\\\/schema\\\/logo\\\/image\\\/\",\"url\":\"https:\\\/\\\/bahia.culturaviva.net.br\\\/wp-content\\\/uploads\\\/2025\\\/11\\\/logo-plataforma-culturaviva-bahia-branco.png\",\"contentUrl\":\"https:\\\/\\\/bahia.culturaviva.net.br\\\/wp-content\\\/uploads\\\/2025\\\/11\\\/logo-plataforma-culturaviva-bahia-branco.png\",\"width\":628,\"height\":652,\"caption\":\"Rede Cultura Viva da Bahia\"},\"image\":{\"@id\":\"https:\\\/\\\/bahia.culturaviva.net.br\\\/#\\\/schema\\\/logo\\\/image\\\/\"}},{\"@type\":\"Person\",\"@id\":\"https:\\\/\\\/bahia.culturaviva.net.br\\\/#\\\/schema\\\/person\\\/6e78da73e0acb5b6b65735aa9584dba0\",\"name\":\"Carla Uhlmann\",\"image\":{\"@type\":\"ImageObject\",\"inLanguage\":\"en-US\",\"@id\":\"https:\\\/\\\/secure.gravatar.com\\\/avatar\\\/174652d1afb5fe35d03517b4ac78b9aae436c9a12e364319b1fc0cf646d4a933?s=96&d=mm&r=g\",\"url\":\"https:\\\/\\\/secure.gravatar.com\\\/avatar\\\/174652d1afb5fe35d03517b4ac78b9aae436c9a12e364319b1fc0cf646d4a933?s=96&d=mm&r=g\",\"contentUrl\":\"https:\\\/\\\/secure.gravatar.com\\\/avatar\\\/174652d1afb5fe35d03517b4ac78b9aae436c9a12e364319b1fc0cf646d4a933?s=96&d=mm&r=g\",\"caption\":\"Carla Uhlmann\"},\"url\":\"https:\\\/\\\/bahia.culturaviva.net.br\\\/en\\\/author\\\/carlauhlmann\\\/\"}]}<\/script>\n<!-- \/ Yoast SEO plugin. -->",
    "yoast_head_json": {
        "title": "Fragmentos de Mem\u00f3ria emociona p\u00fablico ao reconstruir rostos de pessoas escravizadas com o uso de IA - Rede Cultura Viva da Bahia",
        "robots": {
            "index": "index",
            "follow": "follow",
            "max-snippet": "max-snippet:-1",
            "max-image-preview": "max-image-preview:large",
            "max-video-preview": "max-video-preview:-1"
        },
        "canonical": "https:\/\/bahia.culturaviva.net.br\/en\/cultura\/culturaviva\/fragmentos-de-memoria-emociona-publico-ao-reconstruir-rostos-de-pessoas-escravizadas-com-o-uso-de-ia\/",
        "og_locale": "en_US",
        "og_type": "article",
        "og_title": "Fragmentos de Mem\u00f3ria emociona p\u00fablico ao reconstruir rostos de pessoas escravizadas com o uso de IA - Rede Cultura Viva da Bahia",
        "og_description": "06\/11\/2025 Fonte: https:\/\/www.ba.gov.br\/cultura\/noticias\/2025-11\/63509\/fragmentos-de-memoria-emociona-publico-ao-reconstruir-rostos-de-pessoas A&nbsp;exposi\u00e7\u00e3o Fragmentos de Mem\u00f3ria, iniciativa da Funda\u00e7\u00e3o Pedro Calmon (FPC), vinculada \u00e0 Secretaria de Cultura do Estado da Bahia (SecultBA), por meio do Arquivo P\u00fablico do Estado da Bahia (APEB), foi inaugurada nesta quinta-feira (6) no segundo piso do Shopping da Bahia. A mostra integra a programa\u00e7\u00e3o do Novembro Negro do Governo [&hellip;]",
        "og_url": "https:\/\/bahia.culturaviva.net.br\/en\/cultura\/culturaviva\/fragmentos-de-memoria-emociona-publico-ao-reconstruir-rostos-de-pessoas-escravizadas-com-o-uso-de-ia\/",
        "og_site_name": "Rede Cultura Viva da Bahia",
        "article_published_time": "2025-11-11T19:34:03+00:00",
        "article_modified_time": "2025-11-11T19:34:04+00:00",
        "og_image": [
            {
                "width": 2560,
                "height": 1705,
                "url": "https:\/\/bahia.culturaviva.net.br\/wp-content\/uploads\/2025\/11\/Abertura-Fragmentos-da-Memoria_Creditos_Lucas-Rosario-1.jpg",
                "type": "image\/jpeg"
            }
        ],
        "author": "Carla Uhlmann",
        "twitter_card": "summary_large_image",
        "twitter_misc": {
            "Written by": "Carla Uhlmann",
            "Est. reading time": "4 minutes"
        },
        "schema": {
            "@context": "https:\/\/schema.org",
            "@graph": [
                {
                    "@type": "Article",
                    "@id": "https:\/\/bahia.culturaviva.net.br\/cultura\/culturaviva\/fragmentos-de-memoria-emociona-publico-ao-reconstruir-rostos-de-pessoas-escravizadas-com-o-uso-de-ia\/#article",
                    "isPartOf": {
                        "@id": "https:\/\/bahia.culturaviva.net.br\/cultura\/culturaviva\/fragmentos-de-memoria-emociona-publico-ao-reconstruir-rostos-de-pessoas-escravizadas-com-o-uso-de-ia\/"
                    },
                    "author": {
                        "name": "Carla Uhlmann",
                        "@id": "https:\/\/bahia.culturaviva.net.br\/#\/schema\/person\/6e78da73e0acb5b6b65735aa9584dba0"
                    },
                    "headline": "Fragmentos de Mem\u00f3ria emociona p\u00fablico ao reconstruir rostos de pessoas escravizadas com o uso de IA",
                    "datePublished": "2025-11-11T19:34:03+00:00",
                    "dateModified": "2025-11-11T19:34:04+00:00",
                    "mainEntityOfPage": {
                        "@id": "https:\/\/bahia.culturaviva.net.br\/cultura\/culturaviva\/fragmentos-de-memoria-emociona-publico-ao-reconstruir-rostos-de-pessoas-escravizadas-com-o-uso-de-ia\/"
                    },
                    "wordCount": 621,
                    "commentCount": 0,
                    "publisher": {
                        "@id": "https:\/\/bahia.culturaviva.net.br\/#organization"
                    },
                    "image": {
                        "@id": "https:\/\/bahia.culturaviva.net.br\/cultura\/culturaviva\/fragmentos-de-memoria-emociona-publico-ao-reconstruir-rostos-de-pessoas-escravizadas-com-o-uso-de-ia\/#primaryimage"
                    },
                    "thumbnailUrl": "https:\/\/bahia.culturaviva.net.br\/wp-content\/uploads\/2025\/11\/Abertura-Fragmentos-da-Memoria_Creditos_Lucas-Rosario-1.jpg",
                    "keywords": [
                        "Exposi\u00e7\u00e3o",
                        "Fotografia",
                        "IA",
                        "Mem\u00f3ria",
                        "Novembro Negro"
                    ],
                    "articleSection": [
                        "Cultura Viva"
                    ],
                    "inLanguage": "en-US",
                    "potentialAction": [
                        {
                            "@type": "CommentAction",
                            "name": "Comment",
                            "target": [
                                "https:\/\/bahia.culturaviva.net.br\/cultura\/culturaviva\/fragmentos-de-memoria-emociona-publico-ao-reconstruir-rostos-de-pessoas-escravizadas-com-o-uso-de-ia\/#respond"
                            ]
                        }
                    ]
                },
                {
                    "@type": "WebPage",
                    "@id": "https:\/\/bahia.culturaviva.net.br\/cultura\/culturaviva\/fragmentos-de-memoria-emociona-publico-ao-reconstruir-rostos-de-pessoas-escravizadas-com-o-uso-de-ia\/",
                    "url": "https:\/\/bahia.culturaviva.net.br\/cultura\/culturaviva\/fragmentos-de-memoria-emociona-publico-ao-reconstruir-rostos-de-pessoas-escravizadas-com-o-uso-de-ia\/",
                    "name": "Fragmentos de Mem\u00f3ria emociona p\u00fablico ao reconstruir rostos de pessoas escravizadas com o uso de IA - Rede Cultura Viva da Bahia",
                    "isPartOf": {
                        "@id": "https:\/\/bahia.culturaviva.net.br\/#website"
                    },
                    "primaryImageOfPage": {
                        "@id": "https:\/\/bahia.culturaviva.net.br\/cultura\/culturaviva\/fragmentos-de-memoria-emociona-publico-ao-reconstruir-rostos-de-pessoas-escravizadas-com-o-uso-de-ia\/#primaryimage"
                    },
                    "image": {
                        "@id": "https:\/\/bahia.culturaviva.net.br\/cultura\/culturaviva\/fragmentos-de-memoria-emociona-publico-ao-reconstruir-rostos-de-pessoas-escravizadas-com-o-uso-de-ia\/#primaryimage"
                    },
                    "thumbnailUrl": "https:\/\/bahia.culturaviva.net.br\/wp-content\/uploads\/2025\/11\/Abertura-Fragmentos-da-Memoria_Creditos_Lucas-Rosario-1.jpg",
                    "datePublished": "2025-11-11T19:34:03+00:00",
                    "dateModified": "2025-11-11T19:34:04+00:00",
                    "breadcrumb": {
                        "@id": "https:\/\/bahia.culturaviva.net.br\/cultura\/culturaviva\/fragmentos-de-memoria-emociona-publico-ao-reconstruir-rostos-de-pessoas-escravizadas-com-o-uso-de-ia\/#breadcrumb"
                    },
                    "inLanguage": "en-US",
                    "potentialAction": [
                        {
                            "@type": "ReadAction",
                            "target": [
                                "https:\/\/bahia.culturaviva.net.br\/cultura\/culturaviva\/fragmentos-de-memoria-emociona-publico-ao-reconstruir-rostos-de-pessoas-escravizadas-com-o-uso-de-ia\/"
                            ]
                        }
                    ]
                },
                {
                    "@type": "ImageObject",
                    "inLanguage": "en-US",
                    "@id": "https:\/\/bahia.culturaviva.net.br\/cultura\/culturaviva\/fragmentos-de-memoria-emociona-publico-ao-reconstruir-rostos-de-pessoas-escravizadas-com-o-uso-de-ia\/#primaryimage",
                    "url": "https:\/\/bahia.culturaviva.net.br\/wp-content\/uploads\/2025\/11\/Abertura-Fragmentos-da-Memoria_Creditos_Lucas-Rosario-1.jpg",
                    "contentUrl": "https:\/\/bahia.culturaviva.net.br\/wp-content\/uploads\/2025\/11\/Abertura-Fragmentos-da-Memoria_Creditos_Lucas-Rosario-1.jpg",
                    "width": 2560,
                    "height": 1705
                },
                {
                    "@type": "BreadcrumbList",
                    "@id": "https:\/\/bahia.culturaviva.net.br\/cultura\/culturaviva\/fragmentos-de-memoria-emociona-publico-ao-reconstruir-rostos-de-pessoas-escravizadas-com-o-uso-de-ia\/#breadcrumb",
                    "itemListElement": [
                        {
                            "@type": "ListItem",
                            "position": 1,
                            "name": "In\u00edcio",
                            "item": "https:\/\/bahia.culturaviva.net.br\/"
                        },
                        {
                            "@type": "ListItem",
                            "position": 2,
                            "name": "Fragmentos de Mem\u00f3ria emociona p\u00fablico ao reconstruir rostos de pessoas escravizadas com o uso de IA"
                        }
                    ]
                },
                {
                    "@type": "WebSite",
                    "@id": "https:\/\/bahia.culturaviva.net.br\/#website",
                    "url": "https:\/\/bahia.culturaviva.net.br\/",
                    "name": "Rede Cultura Viva da Bahia",
                    "description": "Espa\u00e7o para Acervo, Informa\u00e7\u00e3o e Participa\u00e7\u00e3o Social da Rede de Pontos de Cultura da Bahia",
                    "publisher": {
                        "@id": "https:\/\/bahia.culturaviva.net.br\/#organization"
                    },
                    "potentialAction": [
                        {
                            "@type": "SearchAction",
                            "target": {
                                "@type": "EntryPoint",
                                "urlTemplate": "https:\/\/bahia.culturaviva.net.br\/?s={search_term_string}"
                            },
                            "query-input": {
                                "@type": "PropertyValueSpecification",
                                "valueRequired": true,
                                "valueName": "search_term_string"
                            }
                        }
                    ],
                    "inLanguage": "en-US"
                },
                {
                    "@type": "Organization",
                    "@id": "https:\/\/bahia.culturaviva.net.br\/#organization",
                    "name": "Rede Cultura Viva da Bahia",
                    "url": "https:\/\/bahia.culturaviva.net.br\/",
                    "logo": {
                        "@type": "ImageObject",
                        "inLanguage": "en-US",
                        "@id": "https:\/\/bahia.culturaviva.net.br\/#\/schema\/logo\/image\/",
                        "url": "https:\/\/bahia.culturaviva.net.br\/wp-content\/uploads\/2025\/11\/logo-plataforma-culturaviva-bahia-branco.png",
                        "contentUrl": "https:\/\/bahia.culturaviva.net.br\/wp-content\/uploads\/2025\/11\/logo-plataforma-culturaviva-bahia-branco.png",
                        "width": 628,
                        "height": 652,
                        "caption": "Rede Cultura Viva da Bahia"
                    },
                    "image": {
                        "@id": "https:\/\/bahia.culturaviva.net.br\/#\/schema\/logo\/image\/"
                    }
                },
                {
                    "@type": "Person",
                    "@id": "https:\/\/bahia.culturaviva.net.br\/#\/schema\/person\/6e78da73e0acb5b6b65735aa9584dba0",
                    "name": "Carla Uhlmann",
                    "image": {
                        "@type": "ImageObject",
                        "inLanguage": "en-US",
                        "@id": "https:\/\/secure.gravatar.com\/avatar\/174652d1afb5fe35d03517b4ac78b9aae436c9a12e364319b1fc0cf646d4a933?s=96&d=mm&r=g",
                        "url": "https:\/\/secure.gravatar.com\/avatar\/174652d1afb5fe35d03517b4ac78b9aae436c9a12e364319b1fc0cf646d4a933?s=96&d=mm&r=g",
                        "contentUrl": "https:\/\/secure.gravatar.com\/avatar\/174652d1afb5fe35d03517b4ac78b9aae436c9a12e364319b1fc0cf646d4a933?s=96&d=mm&r=g",
                        "caption": "Carla Uhlmann"
                    },
                    "url": "https:\/\/bahia.culturaviva.net.br\/en\/author\/carlauhlmann\/"
                }
            ]
        }
    },
    "_links": {
        "self": [
            {
                "href": "https:\/\/bahia.culturaviva.net.br\/en\/wp-json\/wp\/v2\/posts\/1252",
                "targetHints": {
                    "allow": [
                        "GET"
                    ]
                }
            }
        ],
        "collection": [
            {
                "href": "https:\/\/bahia.culturaviva.net.br\/en\/wp-json\/wp\/v2\/posts"
            }
        ],
        "about": [
            {
                "href": "https:\/\/bahia.culturaviva.net.br\/en\/wp-json\/wp\/v2\/types\/post"
            }
        ],
        "author": [
            {
                "embeddable": true,
                "href": "https:\/\/bahia.culturaviva.net.br\/en\/wp-json\/wp\/v2\/users\/4"
            }
        ],
        "replies": [
            {
                "embeddable": true,
                "href": "https:\/\/bahia.culturaviva.net.br\/en\/wp-json\/wp\/v2\/comments?post=1252"
            }
        ],
        "version-history": [
            {
                "count": 1,
                "href": "https:\/\/bahia.culturaviva.net.br\/en\/wp-json\/wp\/v2\/posts\/1252\/revisions"
            }
        ],
        "predecessor-version": [
            {
                "id": 1256,
                "href": "https:\/\/bahia.culturaviva.net.br\/en\/wp-json\/wp\/v2\/posts\/1252\/revisions\/1256"
            }
        ],
        "wp:featuredmedia": [
            {
                "embeddable": true,
                "href": "https:\/\/bahia.culturaviva.net.br\/en\/wp-json\/wp\/v2\/media\/1254"
            }
        ],
        "wp:attachment": [
            {
                "href": "https:\/\/bahia.culturaviva.net.br\/en\/wp-json\/wp\/v2\/media?parent=1252"
            }
        ],
        "wp:term": [
            {
                "taxonomy": "category",
                "embeddable": true,
                "href": "https:\/\/bahia.culturaviva.net.br\/en\/wp-json\/wp\/v2\/categories?post=1252"
            },
            {
                "taxonomy": "post_tag",
                "embeddable": true,
                "href": "https:\/\/bahia.culturaviva.net.br\/en\/wp-json\/wp\/v2\/tags?post=1252"
            }
        ],
        "curies": [
            {
                "name": "wp",
                "href": "https:\/\/api.w.org\/{rel}",
                "templated": true
            }
        ]
    }
}