{
    "id": 1260,
    "date": "2025-11-11T17:57:21",
    "date_gmt": "2025-11-11T20:57:21",
    "guid": {
        "rendered": "https:\/\/bahia.culturaviva.net.br\/?p=1260"
    },
    "modified": "2025-11-11T17:57:23",
    "modified_gmt": "2025-11-11T20:57:23",
    "slug": "novembro-negro-campus-xxv-promove-festival-de-arte-cultura-e-ciencia-dias-12-e-13-11-em-lauro-de-freitas",
    "status": "publish",
    "type": "post",
    "link": "https:\/\/bahia.culturaviva.net.br\/en\/cultura\/culturaviva\/novembro-negro-campus-xxv-promove-festival-de-arte-cultura-e-ciencia-dias-12-e-13-11-em-lauro-de-freitas\/",
    "title": {
        "rendered": "NOVEMBRO NEGRO: Campus XXV promove festival de arte, cultura e ci\u00eancia: dias 12 e 13\/11, em Lauro de Freitas"
    },
    "content": {
        "rendered": "<p>Posted On\u00a010 nov 2025 \/ By\u00a0<a href=\"https:\/\/agenciadecomunicacao.uneb.br\/author\/avasconcelos\/\">Toni Vasconcelos<\/a> \/ <\/p>\n\n\n\n<p>Fonte: <a href=\"https:\/\/agenciadecomunicacao.uneb.br\/novembro-negro-campus-xxv-promove-festival-de-arte-cultura-e-ciencia-dias-12-e-13-11-em-lauro-de-freitas\/\">https:\/\/agenciadecomunicacao.uneb.br\/novembro-negro-campus-xxv-promove-festival-de-arte-cultura-e-ciencia-dias-12-e-13-11-em-lauro-de-freitas\/<\/a><\/p>\n\n\n\n<figure class=\"wp-block-image size-full\"><img loading=\"lazy\" decoding=\"async\" width=\"770\" height=\"340\" src=\"https:\/\/bahia.culturaviva.net.br\/wp-content\/uploads\/2025\/11\/Facc_DH.jpg\" alt=\"\" class=\"wp-image-1261\" srcset=\"https:\/\/bahia.culturaviva.net.br\/wp-content\/uploads\/2025\/11\/Facc_DH.jpg 770w, https:\/\/bahia.culturaviva.net.br\/wp-content\/uploads\/2025\/11\/Facc_DH-300x132.jpg 300w, https:\/\/bahia.culturaviva.net.br\/wp-content\/uploads\/2025\/11\/Facc_DH-768x339.jpg 768w, https:\/\/bahia.culturaviva.net.br\/wp-content\/uploads\/2025\/11\/Facc_DH-18x8.jpg 18w, https:\/\/bahia.culturaviva.net.br\/wp-content\/uploads\/2025\/11\/Facc_DH-205x91.jpg 205w, https:\/\/bahia.culturaviva.net.br\/wp-content\/uploads\/2025\/11\/Facc_DH-480x212.jpg 480w\" sizes=\"auto, (max-width: 770px) 100vw, 770px\" \/><\/figure>\n\n\n\n<p>O munic\u00edpio de Lauro de Freitas ser\u00e1 palco do&nbsp;<strong>III Festival de Arte, Cultura e Ci\u00eancia (Facc)<\/strong>, nos pr\u00f3ximos&nbsp;<strong>dias 12 e 13<\/strong>. A iniciativa integra a programa\u00e7\u00e3o do&nbsp;<strong>Novembro Negro<\/strong>&nbsp;na UNEB.<\/p>\n\n\n\n<p>O evento \u00e9 realizado pelos grupos de pesquisa e extens\u00e3o&nbsp;<strong>Ludarte<\/strong>,&nbsp;<strong>Malungo<\/strong>&nbsp;e&nbsp;<strong>Educa\u00e7\u00e3o do Campo\/CNPq<\/strong>, vinculados ao Departamento Multidisciplinar de Ci\u00eancias e Educa\u00e7\u00e3o (DMCE), do Campus XXV da UNEB, sediado no munic\u00edpio. A coordena\u00e7\u00e3o-geral \u00e9 da docente do campus&nbsp;<strong>M\u00f4nica Bitencourt<\/strong>.<\/p>\n\n\n\n<p>As inscri\u00e7\u00f5es est\u00e3o abertas at\u00e9 o dia 10 e devem ser realizadas por meio de&nbsp;<strong><a href=\"https:\/\/forms.office.com\/pages\/responsepage.aspx?id=2H1hcqU3okKLIFnS0MUHBxvpZw0YHl5Bj17odYLkxcNURFZJUjNYTElZSEFMQldZTVJCV01UUVE5SS4u&amp;route=shorturl\" target=\"_blank\" rel=\"noreferrer noopener\">formul\u00e1rio eletr\u00f4nico<\/a><\/strong>&nbsp;pr\u00f3prio. A ampla&nbsp;<strong><a href=\"https:\/\/agenciadecomunicacao.uneb.br\/wp-content\/uploads\/2025\/11\/programacao-facc-6-resumida-definitiva-222.pdf\" target=\"_blank\" rel=\"noreferrer noopener\">programa\u00e7\u00e3o<\/a><\/strong>&nbsp;do festival envolve exposi\u00e7\u00f5es, apresenta\u00e7\u00f5es art\u00edsticas, comunica\u00e7\u00f5es, oficinas, espa\u00e7o sagrado, semin\u00e1rio e roda de saberes. Todas as atividades acontecem no DMCE.<\/p>\n\n\n\n<p>O&nbsp;<strong>III Facc<\/strong>, que traz como tema \u201c<strong>Rodas de saberes \u2013 mem\u00f3rias ancestrais, hist\u00f3ria e resist\u00eancia<\/strong>\u201c, tem o prop\u00f3sito de estimular \u201co di\u00e1logo entre diferentes \u00e1reas de conhecimento, valorizando a arte, a cultura e a ci\u00eancia com&nbsp;<strong>perspectivas afro-brasileiras e ind\u00edgenas<\/strong>, em um espa\u00e7o de trocas, viv\u00eancias, reflex\u00f5es, celebra\u00e7\u00e3o e resist\u00eancia por meio do saber\u201d, informa mensagem dos organizadores.<\/p>\n\n\n\n<p><em>Texto: organiza\u00e7\u00e3o do evento, com edi\u00e7\u00e3o da Ascom. Imagens: divulga\u00e7\u00e3o.<\/em><\/p>",
        "protected": false
    },
    "excerpt": {
        "rendered": "<p>Posted On\u00a010 nov 2025 \/ By\u00a0Toni Vasconcelos \/ Fonte: https:\/\/agenciadecomunicacao.uneb.br\/novembro-negro-campus-xxv-promove-festival-de-arte-cultura-e-ciencia-dias-12-e-13-11-em-lauro-de-freitas\/ O munic\u00edpio de Lauro de Freitas ser\u00e1 palco do&nbsp;III Festival de Arte, Cultura e Ci\u00eancia (Facc), nos pr\u00f3ximos&nbsp;dias 12 e 13. A iniciativa integra a programa\u00e7\u00e3o do&nbsp;Novembro Negro&nbsp;na UNEB. O evento \u00e9 realizado pelos grupos de pesquisa e extens\u00e3o&nbsp;Ludarte,&nbsp;Malungo&nbsp;e&nbsp;Educa\u00e7\u00e3o do Campo\/CNPq, vinculados ao Departamento Multidisciplinar [&hellip;]<\/p>",
        "protected": false
    },
    "author": 4,
    "featured_media": 1261,
    "comment_status": "open",
    "ping_status": "open",
    "sticky": false,
    "template": "",
    "format": "standard",
    "meta": {
        "_acf_changed": false,
        "_gspb_post_css": "",
        "footnotes": ""
    },
    "categories": [
        2
    ],
    "tags": [
        50,
        51,
        39,
        53,
        52
    ],
    "class_list": [
        "post-1260",
        "post",
        "type-post",
        "status-publish",
        "format-standard",
        "has-post-thumbnail",
        "hentry",
        "category-culturaviva",
        "tag-arte",
        "tag-ciencia",
        "tag-memoria",
        "tag-pesquisa",
        "tag-uneb"
    ],
    "blocksy_meta": [],
    "acf": [],
    "yoast_head": "<!-- This site is optimized with the Yoast SEO plugin v27.3 - https:\/\/yoast.com\/product\/yoast-seo-wordpress\/ -->\n<title>NOVEMBRO NEGRO: Campus XXV promove festival de arte, cultura e ci\u00eancia: dias 12 e 13\/11, em Lauro de Freitas - Rede Cultura Viva da Bahia<\/title>\n<meta name=\"robots\" content=\"index, follow, max-snippet:-1, max-image-preview:large, max-video-preview:-1\" \/>\n<link rel=\"canonical\" href=\"https:\/\/bahia.culturaviva.net.br\/en\/cultura\/culturaviva\/novembro-negro-campus-xxv-promove-festival-de-arte-cultura-e-ciencia-dias-12-e-13-11-em-lauro-de-freitas\/\" \/>\n<meta property=\"og:locale\" content=\"en_US\" \/>\n<meta property=\"og:type\" content=\"article\" \/>\n<meta property=\"og:title\" content=\"NOVEMBRO NEGRO: Campus XXV promove festival de arte, cultura e ci\u00eancia: dias 12 e 13\/11, em Lauro de Freitas - Rede Cultura Viva da Bahia\" \/>\n<meta property=\"og:description\" content=\"Posted On\u00a010 nov 2025 \/ By\u00a0Toni Vasconcelos \/ Fonte: https:\/\/agenciadecomunicacao.uneb.br\/novembro-negro-campus-xxv-promove-festival-de-arte-cultura-e-ciencia-dias-12-e-13-11-em-lauro-de-freitas\/ O munic\u00edpio de Lauro de Freitas ser\u00e1 palco do&nbsp;III Festival de Arte, Cultura e Ci\u00eancia (Facc), nos pr\u00f3ximos&nbsp;dias 12 e 13. A iniciativa integra a programa\u00e7\u00e3o do&nbsp;Novembro Negro&nbsp;na UNEB. O evento \u00e9 realizado pelos grupos de pesquisa e extens\u00e3o&nbsp;Ludarte,&nbsp;Malungo&nbsp;e&nbsp;Educa\u00e7\u00e3o do Campo\/CNPq, vinculados ao Departamento Multidisciplinar [&hellip;]\" \/>\n<meta property=\"og:url\" content=\"https:\/\/bahia.culturaviva.net.br\/en\/cultura\/culturaviva\/novembro-negro-campus-xxv-promove-festival-de-arte-cultura-e-ciencia-dias-12-e-13-11-em-lauro-de-freitas\/\" \/>\n<meta property=\"og:site_name\" content=\"Rede Cultura Viva da Bahia\" \/>\n<meta property=\"article:published_time\" content=\"2025-11-11T20:57:21+00:00\" \/>\n<meta property=\"article:modified_time\" content=\"2025-11-11T20:57:23+00:00\" \/>\n<meta property=\"og:image\" content=\"https:\/\/bahia.culturaviva.net.br\/wp-content\/uploads\/2025\/11\/Facc_DH.jpg\" \/>\n\t<meta property=\"og:image:width\" content=\"770\" \/>\n\t<meta property=\"og:image:height\" content=\"340\" \/>\n\t<meta property=\"og:image:type\" content=\"image\/jpeg\" \/>\n<meta name=\"author\" content=\"Carla Uhlmann\" \/>\n<meta name=\"twitter:card\" content=\"summary_large_image\" \/>\n<meta name=\"twitter:label1\" content=\"Written by\" \/>\n\t<meta name=\"twitter:data1\" content=\"Carla Uhlmann\" \/>\n\t<meta name=\"twitter:label2\" content=\"Est. reading time\" \/>\n\t<meta name=\"twitter:data2\" content=\"2 minutes\" \/>\n<script type=\"application\/ld+json\" class=\"yoast-schema-graph\">{\"@context\":\"https:\\\/\\\/schema.org\",\"@graph\":[{\"@type\":\"Article\",\"@id\":\"https:\\\/\\\/bahia.culturaviva.net.br\\\/cultura\\\/culturaviva\\\/novembro-negro-campus-xxv-promove-festival-de-arte-cultura-e-ciencia-dias-12-e-13-11-em-lauro-de-freitas\\\/#article\",\"isPartOf\":{\"@id\":\"https:\\\/\\\/bahia.culturaviva.net.br\\\/cultura\\\/culturaviva\\\/novembro-negro-campus-xxv-promove-festival-de-arte-cultura-e-ciencia-dias-12-e-13-11-em-lauro-de-freitas\\\/\"},\"author\":{\"name\":\"Carla Uhlmann\",\"@id\":\"https:\\\/\\\/bahia.culturaviva.net.br\\\/#\\\/schema\\\/person\\\/6e78da73e0acb5b6b65735aa9584dba0\"},\"headline\":\"NOVEMBRO NEGRO: Campus XXV promove festival de arte, cultura e ci\u00eancia: dias 12 e 13\\\/11, em Lauro de Freitas\",\"datePublished\":\"2025-11-11T20:57:21+00:00\",\"dateModified\":\"2025-11-11T20:57:23+00:00\",\"mainEntityOfPage\":{\"@id\":\"https:\\\/\\\/bahia.culturaviva.net.br\\\/cultura\\\/culturaviva\\\/novembro-negro-campus-xxv-promove-festival-de-arte-cultura-e-ciencia-dias-12-e-13-11-em-lauro-de-freitas\\\/\"},\"wordCount\":267,\"commentCount\":0,\"publisher\":{\"@id\":\"https:\\\/\\\/bahia.culturaviva.net.br\\\/#organization\"},\"image\":{\"@id\":\"https:\\\/\\\/bahia.culturaviva.net.br\\\/cultura\\\/culturaviva\\\/novembro-negro-campus-xxv-promove-festival-de-arte-cultura-e-ciencia-dias-12-e-13-11-em-lauro-de-freitas\\\/#primaryimage\"},\"thumbnailUrl\":\"https:\\\/\\\/bahia.culturaviva.net.br\\\/wp-content\\\/uploads\\\/2025\\\/11\\\/Facc_DH.jpg\",\"keywords\":[\"Arte\",\"Ci\u00eancia\",\"Mem\u00f3ria\",\"Pesquisa\",\"UNEB\"],\"articleSection\":[\"Cultura Viva\"],\"inLanguage\":\"en-US\",\"potentialAction\":[{\"@type\":\"CommentAction\",\"name\":\"Comment\",\"target\":[\"https:\\\/\\\/bahia.culturaviva.net.br\\\/cultura\\\/culturaviva\\\/novembro-negro-campus-xxv-promove-festival-de-arte-cultura-e-ciencia-dias-12-e-13-11-em-lauro-de-freitas\\\/#respond\"]}]},{\"@type\":\"WebPage\",\"@id\":\"https:\\\/\\\/bahia.culturaviva.net.br\\\/cultura\\\/culturaviva\\\/novembro-negro-campus-xxv-promove-festival-de-arte-cultura-e-ciencia-dias-12-e-13-11-em-lauro-de-freitas\\\/\",\"url\":\"https:\\\/\\\/bahia.culturaviva.net.br\\\/cultura\\\/culturaviva\\\/novembro-negro-campus-xxv-promove-festival-de-arte-cultura-e-ciencia-dias-12-e-13-11-em-lauro-de-freitas\\\/\",\"name\":\"NOVEMBRO NEGRO: Campus XXV promove festival de arte, cultura e ci\u00eancia: dias 12 e 13\\\/11, em Lauro de Freitas - Rede Cultura Viva da Bahia\",\"isPartOf\":{\"@id\":\"https:\\\/\\\/bahia.culturaviva.net.br\\\/#website\"},\"primaryImageOfPage\":{\"@id\":\"https:\\\/\\\/bahia.culturaviva.net.br\\\/cultura\\\/culturaviva\\\/novembro-negro-campus-xxv-promove-festival-de-arte-cultura-e-ciencia-dias-12-e-13-11-em-lauro-de-freitas\\\/#primaryimage\"},\"image\":{\"@id\":\"https:\\\/\\\/bahia.culturaviva.net.br\\\/cultura\\\/culturaviva\\\/novembro-negro-campus-xxv-promove-festival-de-arte-cultura-e-ciencia-dias-12-e-13-11-em-lauro-de-freitas\\\/#primaryimage\"},\"thumbnailUrl\":\"https:\\\/\\\/bahia.culturaviva.net.br\\\/wp-content\\\/uploads\\\/2025\\\/11\\\/Facc_DH.jpg\",\"datePublished\":\"2025-11-11T20:57:21+00:00\",\"dateModified\":\"2025-11-11T20:57:23+00:00\",\"breadcrumb\":{\"@id\":\"https:\\\/\\\/bahia.culturaviva.net.br\\\/cultura\\\/culturaviva\\\/novembro-negro-campus-xxv-promove-festival-de-arte-cultura-e-ciencia-dias-12-e-13-11-em-lauro-de-freitas\\\/#breadcrumb\"},\"inLanguage\":\"en-US\",\"potentialAction\":[{\"@type\":\"ReadAction\",\"target\":[\"https:\\\/\\\/bahia.culturaviva.net.br\\\/cultura\\\/culturaviva\\\/novembro-negro-campus-xxv-promove-festival-de-arte-cultura-e-ciencia-dias-12-e-13-11-em-lauro-de-freitas\\\/\"]}]},{\"@type\":\"ImageObject\",\"inLanguage\":\"en-US\",\"@id\":\"https:\\\/\\\/bahia.culturaviva.net.br\\\/cultura\\\/culturaviva\\\/novembro-negro-campus-xxv-promove-festival-de-arte-cultura-e-ciencia-dias-12-e-13-11-em-lauro-de-freitas\\\/#primaryimage\",\"url\":\"https:\\\/\\\/bahia.culturaviva.net.br\\\/wp-content\\\/uploads\\\/2025\\\/11\\\/Facc_DH.jpg\",\"contentUrl\":\"https:\\\/\\\/bahia.culturaviva.net.br\\\/wp-content\\\/uploads\\\/2025\\\/11\\\/Facc_DH.jpg\",\"width\":770,\"height\":340},{\"@type\":\"BreadcrumbList\",\"@id\":\"https:\\\/\\\/bahia.culturaviva.net.br\\\/cultura\\\/culturaviva\\\/novembro-negro-campus-xxv-promove-festival-de-arte-cultura-e-ciencia-dias-12-e-13-11-em-lauro-de-freitas\\\/#breadcrumb\",\"itemListElement\":[{\"@type\":\"ListItem\",\"position\":1,\"name\":\"In\u00edcio\",\"item\":\"https:\\\/\\\/bahia.culturaviva.net.br\\\/\"},{\"@type\":\"ListItem\",\"position\":2,\"name\":\"NOVEMBRO NEGRO: Campus XXV promove festival de arte, cultura e ci\u00eancia: dias 12 e 13\\\/11, em Lauro de Freitas\"}]},{\"@type\":\"WebSite\",\"@id\":\"https:\\\/\\\/bahia.culturaviva.net.br\\\/#website\",\"url\":\"https:\\\/\\\/bahia.culturaviva.net.br\\\/\",\"name\":\"Rede Cultura Viva da Bahia\",\"description\":\"Espa\u00e7o para Acervo, Informa\u00e7\u00e3o e Participa\u00e7\u00e3o Social da Rede de Pontos de Cultura da Bahia\",\"publisher\":{\"@id\":\"https:\\\/\\\/bahia.culturaviva.net.br\\\/#organization\"},\"potentialAction\":[{\"@type\":\"SearchAction\",\"target\":{\"@type\":\"EntryPoint\",\"urlTemplate\":\"https:\\\/\\\/bahia.culturaviva.net.br\\\/?s={search_term_string}\"},\"query-input\":{\"@type\":\"PropertyValueSpecification\",\"valueRequired\":true,\"valueName\":\"search_term_string\"}}],\"inLanguage\":\"en-US\"},{\"@type\":\"Organization\",\"@id\":\"https:\\\/\\\/bahia.culturaviva.net.br\\\/#organization\",\"name\":\"Rede Cultura Viva da Bahia\",\"url\":\"https:\\\/\\\/bahia.culturaviva.net.br\\\/\",\"logo\":{\"@type\":\"ImageObject\",\"inLanguage\":\"en-US\",\"@id\":\"https:\\\/\\\/bahia.culturaviva.net.br\\\/#\\\/schema\\\/logo\\\/image\\\/\",\"url\":\"https:\\\/\\\/bahia.culturaviva.net.br\\\/wp-content\\\/uploads\\\/2025\\\/11\\\/logo-plataforma-culturaviva-bahia-branco.png\",\"contentUrl\":\"https:\\\/\\\/bahia.culturaviva.net.br\\\/wp-content\\\/uploads\\\/2025\\\/11\\\/logo-plataforma-culturaviva-bahia-branco.png\",\"width\":628,\"height\":652,\"caption\":\"Rede Cultura Viva da Bahia\"},\"image\":{\"@id\":\"https:\\\/\\\/bahia.culturaviva.net.br\\\/#\\\/schema\\\/logo\\\/image\\\/\"}},{\"@type\":\"Person\",\"@id\":\"https:\\\/\\\/bahia.culturaviva.net.br\\\/#\\\/schema\\\/person\\\/6e78da73e0acb5b6b65735aa9584dba0\",\"name\":\"Carla Uhlmann\",\"image\":{\"@type\":\"ImageObject\",\"inLanguage\":\"en-US\",\"@id\":\"https:\\\/\\\/secure.gravatar.com\\\/avatar\\\/174652d1afb5fe35d03517b4ac78b9aae436c9a12e364319b1fc0cf646d4a933?s=96&d=mm&r=g\",\"url\":\"https:\\\/\\\/secure.gravatar.com\\\/avatar\\\/174652d1afb5fe35d03517b4ac78b9aae436c9a12e364319b1fc0cf646d4a933?s=96&d=mm&r=g\",\"contentUrl\":\"https:\\\/\\\/secure.gravatar.com\\\/avatar\\\/174652d1afb5fe35d03517b4ac78b9aae436c9a12e364319b1fc0cf646d4a933?s=96&d=mm&r=g\",\"caption\":\"Carla Uhlmann\"},\"url\":\"https:\\\/\\\/bahia.culturaviva.net.br\\\/en\\\/author\\\/carlauhlmann\\\/\"}]}<\/script>\n<!-- \/ Yoast SEO plugin. -->",
    "yoast_head_json": {
        "title": "NOVEMBRO NEGRO: Campus XXV promove festival de arte, cultura e ci\u00eancia: dias 12 e 13\/11, em Lauro de Freitas - Rede Cultura Viva da Bahia",
        "robots": {
            "index": "index",
            "follow": "follow",
            "max-snippet": "max-snippet:-1",
            "max-image-preview": "max-image-preview:large",
            "max-video-preview": "max-video-preview:-1"
        },
        "canonical": "https:\/\/bahia.culturaviva.net.br\/en\/cultura\/culturaviva\/novembro-negro-campus-xxv-promove-festival-de-arte-cultura-e-ciencia-dias-12-e-13-11-em-lauro-de-freitas\/",
        "og_locale": "en_US",
        "og_type": "article",
        "og_title": "NOVEMBRO NEGRO: Campus XXV promove festival de arte, cultura e ci\u00eancia: dias 12 e 13\/11, em Lauro de Freitas - Rede Cultura Viva da Bahia",
        "og_description": "Posted On\u00a010 nov 2025 \/ By\u00a0Toni Vasconcelos \/ Fonte: https:\/\/agenciadecomunicacao.uneb.br\/novembro-negro-campus-xxv-promove-festival-de-arte-cultura-e-ciencia-dias-12-e-13-11-em-lauro-de-freitas\/ O munic\u00edpio de Lauro de Freitas ser\u00e1 palco do&nbsp;III Festival de Arte, Cultura e Ci\u00eancia (Facc), nos pr\u00f3ximos&nbsp;dias 12 e 13. A iniciativa integra a programa\u00e7\u00e3o do&nbsp;Novembro Negro&nbsp;na UNEB. O evento \u00e9 realizado pelos grupos de pesquisa e extens\u00e3o&nbsp;Ludarte,&nbsp;Malungo&nbsp;e&nbsp;Educa\u00e7\u00e3o do Campo\/CNPq, vinculados ao Departamento Multidisciplinar [&hellip;]",
        "og_url": "https:\/\/bahia.culturaviva.net.br\/en\/cultura\/culturaviva\/novembro-negro-campus-xxv-promove-festival-de-arte-cultura-e-ciencia-dias-12-e-13-11-em-lauro-de-freitas\/",
        "og_site_name": "Rede Cultura Viva da Bahia",
        "article_published_time": "2025-11-11T20:57:21+00:00",
        "article_modified_time": "2025-11-11T20:57:23+00:00",
        "og_image": [
            {
                "width": 770,
                "height": 340,
                "url": "https:\/\/bahia.culturaviva.net.br\/wp-content\/uploads\/2025\/11\/Facc_DH.jpg",
                "type": "image\/jpeg"
            }
        ],
        "author": "Carla Uhlmann",
        "twitter_card": "summary_large_image",
        "twitter_misc": {
            "Written by": "Carla Uhlmann",
            "Est. reading time": "2 minutes"
        },
        "schema": {
            "@context": "https:\/\/schema.org",
            "@graph": [
                {
                    "@type": "Article",
                    "@id": "https:\/\/bahia.culturaviva.net.br\/cultura\/culturaviva\/novembro-negro-campus-xxv-promove-festival-de-arte-cultura-e-ciencia-dias-12-e-13-11-em-lauro-de-freitas\/#article",
                    "isPartOf": {
                        "@id": "https:\/\/bahia.culturaviva.net.br\/cultura\/culturaviva\/novembro-negro-campus-xxv-promove-festival-de-arte-cultura-e-ciencia-dias-12-e-13-11-em-lauro-de-freitas\/"
                    },
                    "author": {
                        "name": "Carla Uhlmann",
                        "@id": "https:\/\/bahia.culturaviva.net.br\/#\/schema\/person\/6e78da73e0acb5b6b65735aa9584dba0"
                    },
                    "headline": "NOVEMBRO NEGRO: Campus XXV promove festival de arte, cultura e ci\u00eancia: dias 12 e 13\/11, em Lauro de Freitas",
                    "datePublished": "2025-11-11T20:57:21+00:00",
                    "dateModified": "2025-11-11T20:57:23+00:00",
                    "mainEntityOfPage": {
                        "@id": "https:\/\/bahia.culturaviva.net.br\/cultura\/culturaviva\/novembro-negro-campus-xxv-promove-festival-de-arte-cultura-e-ciencia-dias-12-e-13-11-em-lauro-de-freitas\/"
                    },
                    "wordCount": 267,
                    "commentCount": 0,
                    "publisher": {
                        "@id": "https:\/\/bahia.culturaviva.net.br\/#organization"
                    },
                    "image": {
                        "@id": "https:\/\/bahia.culturaviva.net.br\/cultura\/culturaviva\/novembro-negro-campus-xxv-promove-festival-de-arte-cultura-e-ciencia-dias-12-e-13-11-em-lauro-de-freitas\/#primaryimage"
                    },
                    "thumbnailUrl": "https:\/\/bahia.culturaviva.net.br\/wp-content\/uploads\/2025\/11\/Facc_DH.jpg",
                    "keywords": [
                        "Arte",
                        "Ci\u00eancia",
                        "Mem\u00f3ria",
                        "Pesquisa",
                        "UNEB"
                    ],
                    "articleSection": [
                        "Cultura Viva"
                    ],
                    "inLanguage": "en-US",
                    "potentialAction": [
                        {
                            "@type": "CommentAction",
                            "name": "Comment",
                            "target": [
                                "https:\/\/bahia.culturaviva.net.br\/cultura\/culturaviva\/novembro-negro-campus-xxv-promove-festival-de-arte-cultura-e-ciencia-dias-12-e-13-11-em-lauro-de-freitas\/#respond"
                            ]
                        }
                    ]
                },
                {
                    "@type": "WebPage",
                    "@id": "https:\/\/bahia.culturaviva.net.br\/cultura\/culturaviva\/novembro-negro-campus-xxv-promove-festival-de-arte-cultura-e-ciencia-dias-12-e-13-11-em-lauro-de-freitas\/",
                    "url": "https:\/\/bahia.culturaviva.net.br\/cultura\/culturaviva\/novembro-negro-campus-xxv-promove-festival-de-arte-cultura-e-ciencia-dias-12-e-13-11-em-lauro-de-freitas\/",
                    "name": "NOVEMBRO NEGRO: Campus XXV promove festival de arte, cultura e ci\u00eancia: dias 12 e 13\/11, em Lauro de Freitas - Rede Cultura Viva da Bahia",
                    "isPartOf": {
                        "@id": "https:\/\/bahia.culturaviva.net.br\/#website"
                    },
                    "primaryImageOfPage": {
                        "@id": "https:\/\/bahia.culturaviva.net.br\/cultura\/culturaviva\/novembro-negro-campus-xxv-promove-festival-de-arte-cultura-e-ciencia-dias-12-e-13-11-em-lauro-de-freitas\/#primaryimage"
                    },
                    "image": {
                        "@id": "https:\/\/bahia.culturaviva.net.br\/cultura\/culturaviva\/novembro-negro-campus-xxv-promove-festival-de-arte-cultura-e-ciencia-dias-12-e-13-11-em-lauro-de-freitas\/#primaryimage"
                    },
                    "thumbnailUrl": "https:\/\/bahia.culturaviva.net.br\/wp-content\/uploads\/2025\/11\/Facc_DH.jpg",
                    "datePublished": "2025-11-11T20:57:21+00:00",
                    "dateModified": "2025-11-11T20:57:23+00:00",
                    "breadcrumb": {
                        "@id": "https:\/\/bahia.culturaviva.net.br\/cultura\/culturaviva\/novembro-negro-campus-xxv-promove-festival-de-arte-cultura-e-ciencia-dias-12-e-13-11-em-lauro-de-freitas\/#breadcrumb"
                    },
                    "inLanguage": "en-US",
                    "potentialAction": [
                        {
                            "@type": "ReadAction",
                            "target": [
                                "https:\/\/bahia.culturaviva.net.br\/cultura\/culturaviva\/novembro-negro-campus-xxv-promove-festival-de-arte-cultura-e-ciencia-dias-12-e-13-11-em-lauro-de-freitas\/"
                            ]
                        }
                    ]
                },
                {
                    "@type": "ImageObject",
                    "inLanguage": "en-US",
                    "@id": "https:\/\/bahia.culturaviva.net.br\/cultura\/culturaviva\/novembro-negro-campus-xxv-promove-festival-de-arte-cultura-e-ciencia-dias-12-e-13-11-em-lauro-de-freitas\/#primaryimage",
                    "url": "https:\/\/bahia.culturaviva.net.br\/wp-content\/uploads\/2025\/11\/Facc_DH.jpg",
                    "contentUrl": "https:\/\/bahia.culturaviva.net.br\/wp-content\/uploads\/2025\/11\/Facc_DH.jpg",
                    "width": 770,
                    "height": 340
                },
                {
                    "@type": "BreadcrumbList",
                    "@id": "https:\/\/bahia.culturaviva.net.br\/cultura\/culturaviva\/novembro-negro-campus-xxv-promove-festival-de-arte-cultura-e-ciencia-dias-12-e-13-11-em-lauro-de-freitas\/#breadcrumb",
                    "itemListElement": [
                        {
                            "@type": "ListItem",
                            "position": 1,
                            "name": "In\u00edcio",
                            "item": "https:\/\/bahia.culturaviva.net.br\/"
                        },
                        {
                            "@type": "ListItem",
                            "position": 2,
                            "name": "NOVEMBRO NEGRO: Campus XXV promove festival de arte, cultura e ci\u00eancia: dias 12 e 13\/11, em Lauro de Freitas"
                        }
                    ]
                },
                {
                    "@type": "WebSite",
                    "@id": "https:\/\/bahia.culturaviva.net.br\/#website",
                    "url": "https:\/\/bahia.culturaviva.net.br\/",
                    "name": "Rede Cultura Viva da Bahia",
                    "description": "Espa\u00e7o para Acervo, Informa\u00e7\u00e3o e Participa\u00e7\u00e3o Social da Rede de Pontos de Cultura da Bahia",
                    "publisher": {
                        "@id": "https:\/\/bahia.culturaviva.net.br\/#organization"
                    },
                    "potentialAction": [
                        {
                            "@type": "SearchAction",
                            "target": {
                                "@type": "EntryPoint",
                                "urlTemplate": "https:\/\/bahia.culturaviva.net.br\/?s={search_term_string}"
                            },
                            "query-input": {
                                "@type": "PropertyValueSpecification",
                                "valueRequired": true,
                                "valueName": "search_term_string"
                            }
                        }
                    ],
                    "inLanguage": "en-US"
                },
                {
                    "@type": "Organization",
                    "@id": "https:\/\/bahia.culturaviva.net.br\/#organization",
                    "name": "Rede Cultura Viva da Bahia",
                    "url": "https:\/\/bahia.culturaviva.net.br\/",
                    "logo": {
                        "@type": "ImageObject",
                        "inLanguage": "en-US",
                        "@id": "https:\/\/bahia.culturaviva.net.br\/#\/schema\/logo\/image\/",
                        "url": "https:\/\/bahia.culturaviva.net.br\/wp-content\/uploads\/2025\/11\/logo-plataforma-culturaviva-bahia-branco.png",
                        "contentUrl": "https:\/\/bahia.culturaviva.net.br\/wp-content\/uploads\/2025\/11\/logo-plataforma-culturaviva-bahia-branco.png",
                        "width": 628,
                        "height": 652,
                        "caption": "Rede Cultura Viva da Bahia"
                    },
                    "image": {
                        "@id": "https:\/\/bahia.culturaviva.net.br\/#\/schema\/logo\/image\/"
                    }
                },
                {
                    "@type": "Person",
                    "@id": "https:\/\/bahia.culturaviva.net.br\/#\/schema\/person\/6e78da73e0acb5b6b65735aa9584dba0",
                    "name": "Carla Uhlmann",
                    "image": {
                        "@type": "ImageObject",
                        "inLanguage": "en-US",
                        "@id": "https:\/\/secure.gravatar.com\/avatar\/174652d1afb5fe35d03517b4ac78b9aae436c9a12e364319b1fc0cf646d4a933?s=96&d=mm&r=g",
                        "url": "https:\/\/secure.gravatar.com\/avatar\/174652d1afb5fe35d03517b4ac78b9aae436c9a12e364319b1fc0cf646d4a933?s=96&d=mm&r=g",
                        "contentUrl": "https:\/\/secure.gravatar.com\/avatar\/174652d1afb5fe35d03517b4ac78b9aae436c9a12e364319b1fc0cf646d4a933?s=96&d=mm&r=g",
                        "caption": "Carla Uhlmann"
                    },
                    "url": "https:\/\/bahia.culturaviva.net.br\/en\/author\/carlauhlmann\/"
                }
            ]
        }
    },
    "_links": {
        "self": [
            {
                "href": "https:\/\/bahia.culturaviva.net.br\/en\/wp-json\/wp\/v2\/posts\/1260",
                "targetHints": {
                    "allow": [
                        "GET"
                    ]
                }
            }
        ],
        "collection": [
            {
                "href": "https:\/\/bahia.culturaviva.net.br\/en\/wp-json\/wp\/v2\/posts"
            }
        ],
        "about": [
            {
                "href": "https:\/\/bahia.culturaviva.net.br\/en\/wp-json\/wp\/v2\/types\/post"
            }
        ],
        "author": [
            {
                "embeddable": true,
                "href": "https:\/\/bahia.culturaviva.net.br\/en\/wp-json\/wp\/v2\/users\/4"
            }
        ],
        "replies": [
            {
                "embeddable": true,
                "href": "https:\/\/bahia.culturaviva.net.br\/en\/wp-json\/wp\/v2\/comments?post=1260"
            }
        ],
        "version-history": [
            {
                "count": 1,
                "href": "https:\/\/bahia.culturaviva.net.br\/en\/wp-json\/wp\/v2\/posts\/1260\/revisions"
            }
        ],
        "predecessor-version": [
            {
                "id": 1262,
                "href": "https:\/\/bahia.culturaviva.net.br\/en\/wp-json\/wp\/v2\/posts\/1260\/revisions\/1262"
            }
        ],
        "wp:featuredmedia": [
            {
                "embeddable": true,
                "href": "https:\/\/bahia.culturaviva.net.br\/en\/wp-json\/wp\/v2\/media\/1261"
            }
        ],
        "wp:attachment": [
            {
                "href": "https:\/\/bahia.culturaviva.net.br\/en\/wp-json\/wp\/v2\/media?parent=1260"
            }
        ],
        "wp:term": [
            {
                "taxonomy": "category",
                "embeddable": true,
                "href": "https:\/\/bahia.culturaviva.net.br\/en\/wp-json\/wp\/v2\/categories?post=1260"
            },
            {
                "taxonomy": "post_tag",
                "embeddable": true,
                "href": "https:\/\/bahia.culturaviva.net.br\/en\/wp-json\/wp\/v2\/tags?post=1260"
            }
        ],
        "curies": [
            {
                "name": "wp",
                "href": "https:\/\/api.w.org\/{rel}",
                "templated": true
            }
        ]
    }
}