{
    "id": 1293,
    "date": "2025-11-12T10:15:08",
    "date_gmt": "2025-11-12T13:15:08",
    "guid": {
        "rendered": "https:\/\/bahia.culturaviva.net.br\/?p=1293"
    },
    "modified": "2025-11-26T15:01:55",
    "modified_gmt": "2025-11-26T18:01:55",
    "slug": "guardioes-da-cachoeira-herculano",
    "status": "publish",
    "type": "post",
    "link": "https:\/\/bahia.culturaviva.net.br\/en\/turismo\/guardioes-da-cachoeira-herculano\/",
    "title": {
        "rendered": "Guardi\u00f5es da Cachoeira Herculano"
    },
    "content": {
        "rendered": "<p><strong><em>Anfitri\u00e3: Comunidade Europa<\/em><\/strong><\/p>\n\n\n\n<p><strong><em>Dura\u00e7\u00e3o: 1 dia<\/em><\/strong><\/p>\n\n\n\n<h4 class=\"wp-block-heading\" id=\"programacao\">Programa\u00e7\u00e3o:<\/h4>\n\n\n\n<ul class=\"wp-block-list\">\n<li>Visita \u00e0\u00a0<strong>Cachoeira do Herculano<\/strong><\/li>\n\n\n\n<li><strong>Almo\u00e7o t\u00edpico<\/strong>\u00a0no assentamento Europa<\/li>\n\n\n\n<li>Visita \u00e0\u00a0<strong>casa dos artes\u00e3os locais<\/strong><\/li>\n\n\n\n<li>Visita a um\u00a0<strong>terreiro de jar\u00ea<\/strong><\/li>\n\n\n\n<li>Visita a uma\u00a0<strong>f\u00e1brica artesanal de rapadura<\/strong><\/li>\n<\/ul>\n\n\n\n<figure class=\"wp-block-image size-large\"><img loading=\"lazy\" decoding=\"async\" width=\"736\" height=\"981\" src=\"https:\/\/bahia.culturaviva.net.br\/wp-content\/uploads\/2025\/11\/90e00a04-9284-4000-a5db-760d9c3b7dba.jpg\" alt=\"\" class=\"wp-image-1296\" srcset=\"https:\/\/bahia.culturaviva.net.br\/wp-content\/uploads\/2025\/11\/90e00a04-9284-4000-a5db-760d9c3b7dba.jpg 736w, https:\/\/bahia.culturaviva.net.br\/wp-content\/uploads\/2025\/11\/90e00a04-9284-4000-a5db-760d9c3b7dba-225x300.jpg 225w, https:\/\/bahia.culturaviva.net.br\/wp-content\/uploads\/2025\/11\/90e00a04-9284-4000-a5db-760d9c3b7dba-9x12.jpg 9w, https:\/\/bahia.culturaviva.net.br\/wp-content\/uploads\/2025\/11\/90e00a04-9284-4000-a5db-760d9c3b7dba-205x273.jpg 205w, https:\/\/bahia.culturaviva.net.br\/wp-content\/uploads\/2025\/11\/90e00a04-9284-4000-a5db-760d9c3b7dba-480x640.jpg 480w\" sizes=\"auto, (max-width: 736px) 100vw, 736px\" \/><\/figure>\n\n\n\n<figure class=\"wp-block-image size-large\"><img loading=\"lazy\" decoding=\"async\" width=\"1290\" height=\"1463\" src=\"https:\/\/bahia.culturaviva.net.br\/wp-content\/uploads\/2025\/11\/IMG_20220621_164417_1-01-scaled-1.jpg\" alt=\"\" class=\"wp-image-1299\" srcset=\"https:\/\/bahia.culturaviva.net.br\/wp-content\/uploads\/2025\/11\/IMG_20220621_164417_1-01-scaled-1.jpg 1290w, https:\/\/bahia.culturaviva.net.br\/wp-content\/uploads\/2025\/11\/IMG_20220621_164417_1-01-scaled-1-265x300.jpg 265w, https:\/\/bahia.culturaviva.net.br\/wp-content\/uploads\/2025\/11\/IMG_20220621_164417_1-01-scaled-1-903x1024.jpg 903w, https:\/\/bahia.culturaviva.net.br\/wp-content\/uploads\/2025\/11\/IMG_20220621_164417_1-01-scaled-1-768x871.jpg 768w, https:\/\/bahia.culturaviva.net.br\/wp-content\/uploads\/2025\/11\/IMG_20220621_164417_1-01-scaled-1-11x12.jpg 11w, https:\/\/bahia.culturaviva.net.br\/wp-content\/uploads\/2025\/11\/IMG_20220621_164417_1-01-scaled-1-205x232.jpg 205w, https:\/\/bahia.culturaviva.net.br\/wp-content\/uploads\/2025\/11\/IMG_20220621_164417_1-01-scaled-1-480x544.jpg 480w\" sizes=\"auto, (max-width: 1290px) 100vw, 1290px\" \/><\/figure>\n\n\n\n<figure class=\"wp-block-image size-large\"><img loading=\"lazy\" decoding=\"async\" width=\"1200\" height=\"1600\" src=\"https:\/\/bahia.culturaviva.net.br\/wp-content\/uploads\/2025\/11\/8c3c95ee-f19b-4417-9292-297a47d91c4c.jpg\" alt=\"\" class=\"wp-image-1300\" srcset=\"https:\/\/bahia.culturaviva.net.br\/wp-content\/uploads\/2025\/11\/8c3c95ee-f19b-4417-9292-297a47d91c4c.jpg 1200w, https:\/\/bahia.culturaviva.net.br\/wp-content\/uploads\/2025\/11\/8c3c95ee-f19b-4417-9292-297a47d91c4c-225x300.jpg 225w, https:\/\/bahia.culturaviva.net.br\/wp-content\/uploads\/2025\/11\/8c3c95ee-f19b-4417-9292-297a47d91c4c-768x1024.jpg 768w, https:\/\/bahia.culturaviva.net.br\/wp-content\/uploads\/2025\/11\/8c3c95ee-f19b-4417-9292-297a47d91c4c-1152x1536.jpg 1152w, https:\/\/bahia.culturaviva.net.br\/wp-content\/uploads\/2025\/11\/8c3c95ee-f19b-4417-9292-297a47d91c4c-9x12.jpg 9w, https:\/\/bahia.culturaviva.net.br\/wp-content\/uploads\/2025\/11\/8c3c95ee-f19b-4417-9292-297a47d91c4c-205x273.jpg 205w, https:\/\/bahia.culturaviva.net.br\/wp-content\/uploads\/2025\/11\/8c3c95ee-f19b-4417-9292-297a47d91c4c-480x640.jpg 480w\" sizes=\"auto, (max-width: 1200px) 100vw, 1200px\" \/><\/figure>\n\n\n\n<figure class=\"wp-block-image size-large\"><img loading=\"lazy\" decoding=\"async\" width=\"1290\" height=\"1935\" src=\"https:\/\/bahia.culturaviva.net.br\/wp-content\/uploads\/2025\/11\/@acony-9622-scaled-1.jpg\" alt=\"\" class=\"wp-image-1297\" srcset=\"https:\/\/bahia.culturaviva.net.br\/wp-content\/uploads\/2025\/11\/@acony-9622-scaled-1.jpg 1290w, https:\/\/bahia.culturaviva.net.br\/wp-content\/uploads\/2025\/11\/@acony-9622-scaled-1-200x300.jpg 200w, https:\/\/bahia.culturaviva.net.br\/wp-content\/uploads\/2025\/11\/@acony-9622-scaled-1-683x1024.jpg 683w, https:\/\/bahia.culturaviva.net.br\/wp-content\/uploads\/2025\/11\/@acony-9622-scaled-1-768x1152.jpg 768w, https:\/\/bahia.culturaviva.net.br\/wp-content\/uploads\/2025\/11\/@acony-9622-scaled-1-1024x1536.jpg 1024w, https:\/\/bahia.culturaviva.net.br\/wp-content\/uploads\/2025\/11\/@acony-9622-scaled-1-8x12.jpg 8w, https:\/\/bahia.culturaviva.net.br\/wp-content\/uploads\/2025\/11\/@acony-9622-scaled-1-205x308.jpg 205w, https:\/\/bahia.culturaviva.net.br\/wp-content\/uploads\/2025\/11\/@acony-9622-scaled-1-480x720.jpg 480w\" sizes=\"auto, (max-width: 1290px) 100vw, 1290px\" \/><\/figure>\n\n\n\n<figure class=\"wp-block-image size-large\"><img loading=\"lazy\" decoding=\"async\" width=\"1290\" height=\"958\" src=\"https:\/\/bahia.culturaviva.net.br\/wp-content\/uploads\/2025\/11\/PSX_20181027_134531-scaled-1.jpg\" alt=\"\" class=\"wp-image-1298\" srcset=\"https:\/\/bahia.culturaviva.net.br\/wp-content\/uploads\/2025\/11\/PSX_20181027_134531-scaled-1.jpg 1290w, https:\/\/bahia.culturaviva.net.br\/wp-content\/uploads\/2025\/11\/PSX_20181027_134531-scaled-1-300x223.jpg 300w, https:\/\/bahia.culturaviva.net.br\/wp-content\/uploads\/2025\/11\/PSX_20181027_134531-scaled-1-1024x760.jpg 1024w, https:\/\/bahia.culturaviva.net.br\/wp-content\/uploads\/2025\/11\/PSX_20181027_134531-scaled-1-768x570.jpg 768w, https:\/\/bahia.culturaviva.net.br\/wp-content\/uploads\/2025\/11\/PSX_20181027_134531-scaled-1-16x12.jpg 16w, https:\/\/bahia.culturaviva.net.br\/wp-content\/uploads\/2025\/11\/PSX_20181027_134531-scaled-1-205x152.jpg 205w, https:\/\/bahia.culturaviva.net.br\/wp-content\/uploads\/2025\/11\/PSX_20181027_134531-scaled-1-480x356.jpg 480w\" sizes=\"auto, (max-width: 1290px) 100vw, 1290px\" \/><\/figure>\n\n\n\n<figure class=\"wp-block-image size-large\"><img loading=\"lazy\" decoding=\"async\" width=\"1290\" height=\"841\" src=\"https:\/\/bahia.culturaviva.net.br\/wp-content\/uploads\/2025\/11\/PSX_20181027_150009-scaled-1.jpg\" alt=\"\" class=\"wp-image-1295\" srcset=\"https:\/\/bahia.culturaviva.net.br\/wp-content\/uploads\/2025\/11\/PSX_20181027_150009-scaled-1.jpg 1290w, https:\/\/bahia.culturaviva.net.br\/wp-content\/uploads\/2025\/11\/PSX_20181027_150009-scaled-1-300x196.jpg 300w, https:\/\/bahia.culturaviva.net.br\/wp-content\/uploads\/2025\/11\/PSX_20181027_150009-scaled-1-1024x668.jpg 1024w, https:\/\/bahia.culturaviva.net.br\/wp-content\/uploads\/2025\/11\/PSX_20181027_150009-scaled-1-768x501.jpg 768w, https:\/\/bahia.culturaviva.net.br\/wp-content\/uploads\/2025\/11\/PSX_20181027_150009-scaled-1-18x12.jpg 18w, https:\/\/bahia.culturaviva.net.br\/wp-content\/uploads\/2025\/11\/PSX_20181027_150009-scaled-1-205x134.jpg 205w, https:\/\/bahia.culturaviva.net.br\/wp-content\/uploads\/2025\/11\/PSX_20181027_150009-scaled-1-480x313.jpg 480w\" sizes=\"auto, (max-width: 1290px) 100vw, 1290px\" \/><\/figure>\n\n\n\n<p>P\u00e1gina criada por:\u00a0Franciane Santos<\/p>\n\n\n\n<p>Fonte: <a href=\"https:\/\/itaete.chapada.ba\/roteiro-3\/\">https:\/\/itaete.chapada.ba\/roteiro-3\/<\/a><\/p>\n\n\n\n<p><\/p>",
        "protected": false
    },
    "excerpt": {
        "rendered": "<p>Anfitri\u00e3: Comunidade Europa Dura\u00e7\u00e3o: 1 dia Programa\u00e7\u00e3o: P\u00e1gina criada por:\u00a0Franciane Santos Fonte: https:\/\/itaete.chapada.ba\/roteiro-3\/<\/p>",
        "protected": false
    },
    "author": 4,
    "featured_media": 1294,
    "comment_status": "open",
    "ping_status": "open",
    "sticky": false,
    "template": "",
    "format": "standard",
    "meta": {
        "_acf_changed": false,
        "_gspb_post_css": "",
        "footnotes": ""
    },
    "categories": [
        46,
        2,
        19,
        7,
        18
    ],
    "tags": [
        55,
        54,
        56
    ],
    "class_list": [
        "post-1293",
        "post",
        "type-post",
        "status-publish",
        "format-standard",
        "has-post-thumbnail",
        "hentry",
        "category-artesanato",
        "category-culturaviva",
        "category-meio-ambiente",
        "category-travel",
        "category-turismo",
        "tag-chapada-diamantina",
        "tag-gastronomia",
        "tag-religiao"
    ],
    "blocksy_meta": [],
    "acf": [],
    "yoast_head": "<!-- This site is optimized with the Yoast SEO plugin v27.3 - https:\/\/yoast.com\/product\/yoast-seo-wordpress\/ -->\n<title>Guardi\u00f5es da Cachoeira Herculano - Rede Cultura Viva da Bahia<\/title>\n<meta name=\"robots\" content=\"index, follow, max-snippet:-1, max-image-preview:large, max-video-preview:-1\" \/>\n<link rel=\"canonical\" href=\"https:\/\/bahia.culturaviva.net.br\/en\/turismo\/guardioes-da-cachoeira-herculano\/\" \/>\n<meta property=\"og:locale\" content=\"en_US\" \/>\n<meta property=\"og:type\" content=\"article\" \/>\n<meta property=\"og:title\" content=\"Guardi\u00f5es da Cachoeira Herculano - Rede Cultura Viva da Bahia\" \/>\n<meta property=\"og:description\" content=\"Anfitri\u00e3: Comunidade Europa Dura\u00e7\u00e3o: 1 dia Programa\u00e7\u00e3o: P\u00e1gina criada por:\u00a0Franciane Santos Fonte: https:\/\/itaete.chapada.ba\/roteiro-3\/\" \/>\n<meta property=\"og:url\" content=\"https:\/\/bahia.culturaviva.net.br\/en\/turismo\/guardioes-da-cachoeira-herculano\/\" \/>\n<meta property=\"og:site_name\" content=\"Rede Cultura Viva da Bahia\" \/>\n<meta property=\"article:published_time\" content=\"2025-11-12T13:15:08+00:00\" \/>\n<meta property=\"article:modified_time\" content=\"2025-11-26T18:01:55+00:00\" \/>\n<meta property=\"og:image\" content=\"https:\/\/bahia.culturaviva.net.br\/wp-content\/uploads\/2025\/11\/cachoeira-do-Herculano.webp\" \/>\n\t<meta property=\"og:image:width\" content=\"736\" \/>\n\t<meta property=\"og:image:height\" content=\"981\" \/>\n\t<meta property=\"og:image:type\" content=\"image\/webp\" \/>\n<meta name=\"author\" content=\"Carla Uhlmann\" \/>\n<meta name=\"twitter:card\" content=\"summary_large_image\" \/>\n<meta name=\"twitter:label1\" content=\"Written by\" \/>\n\t<meta name=\"twitter:data1\" content=\"Carla Uhlmann\" \/>\n\t<meta name=\"twitter:label2\" content=\"Est. reading time\" \/>\n\t<meta name=\"twitter:data2\" content=\"2 minutes\" \/>\n<script type=\"application\/ld+json\" class=\"yoast-schema-graph\">{\"@context\":\"https:\\\/\\\/schema.org\",\"@graph\":[{\"@type\":\"Article\",\"@id\":\"https:\\\/\\\/bahia.culturaviva.net.br\\\/turismo\\\/guardioes-da-cachoeira-herculano\\\/#article\",\"isPartOf\":{\"@id\":\"https:\\\/\\\/bahia.culturaviva.net.br\\\/turismo\\\/guardioes-da-cachoeira-herculano\\\/\"},\"author\":{\"name\":\"Carla Uhlmann\",\"@id\":\"https:\\\/\\\/bahia.culturaviva.net.br\\\/#\\\/schema\\\/person\\\/6e78da73e0acb5b6b65735aa9584dba0\"},\"headline\":\"Guardi\u00f5es da Cachoeira Herculano\",\"datePublished\":\"2025-11-12T13:15:08+00:00\",\"dateModified\":\"2025-11-26T18:01:55+00:00\",\"mainEntityOfPage\":{\"@id\":\"https:\\\/\\\/bahia.culturaviva.net.br\\\/turismo\\\/guardioes-da-cachoeira-herculano\\\/\"},\"wordCount\":56,\"commentCount\":0,\"publisher\":{\"@id\":\"https:\\\/\\\/bahia.culturaviva.net.br\\\/#organization\"},\"image\":{\"@id\":\"https:\\\/\\\/bahia.culturaviva.net.br\\\/turismo\\\/guardioes-da-cachoeira-herculano\\\/#primaryimage\"},\"thumbnailUrl\":\"https:\\\/\\\/bahia.culturaviva.net.br\\\/wp-content\\\/uploads\\\/2025\\\/11\\\/cachoeira-do-Herculano.webp\",\"keywords\":[\"Chapada Diamantina\",\"Gastronomia\",\"Religi\u00e3o\"],\"articleSection\":[\"Artesanato\",\"Cultura Viva\",\"Meio ambiente\",\"Travel\",\"Turismo\"],\"inLanguage\":\"en-US\",\"potentialAction\":[{\"@type\":\"CommentAction\",\"name\":\"Comment\",\"target\":[\"https:\\\/\\\/bahia.culturaviva.net.br\\\/turismo\\\/guardioes-da-cachoeira-herculano\\\/#respond\"]}]},{\"@type\":\"WebPage\",\"@id\":\"https:\\\/\\\/bahia.culturaviva.net.br\\\/turismo\\\/guardioes-da-cachoeira-herculano\\\/\",\"url\":\"https:\\\/\\\/bahia.culturaviva.net.br\\\/turismo\\\/guardioes-da-cachoeira-herculano\\\/\",\"name\":\"Guardi\u00f5es da Cachoeira Herculano - Rede Cultura Viva da Bahia\",\"isPartOf\":{\"@id\":\"https:\\\/\\\/bahia.culturaviva.net.br\\\/#website\"},\"primaryImageOfPage\":{\"@id\":\"https:\\\/\\\/bahia.culturaviva.net.br\\\/turismo\\\/guardioes-da-cachoeira-herculano\\\/#primaryimage\"},\"image\":{\"@id\":\"https:\\\/\\\/bahia.culturaviva.net.br\\\/turismo\\\/guardioes-da-cachoeira-herculano\\\/#primaryimage\"},\"thumbnailUrl\":\"https:\\\/\\\/bahia.culturaviva.net.br\\\/wp-content\\\/uploads\\\/2025\\\/11\\\/cachoeira-do-Herculano.webp\",\"datePublished\":\"2025-11-12T13:15:08+00:00\",\"dateModified\":\"2025-11-26T18:01:55+00:00\",\"breadcrumb\":{\"@id\":\"https:\\\/\\\/bahia.culturaviva.net.br\\\/turismo\\\/guardioes-da-cachoeira-herculano\\\/#breadcrumb\"},\"inLanguage\":\"en-US\",\"potentialAction\":[{\"@type\":\"ReadAction\",\"target\":[\"https:\\\/\\\/bahia.culturaviva.net.br\\\/turismo\\\/guardioes-da-cachoeira-herculano\\\/\"]}]},{\"@type\":\"ImageObject\",\"inLanguage\":\"en-US\",\"@id\":\"https:\\\/\\\/bahia.culturaviva.net.br\\\/turismo\\\/guardioes-da-cachoeira-herculano\\\/#primaryimage\",\"url\":\"https:\\\/\\\/bahia.culturaviva.net.br\\\/wp-content\\\/uploads\\\/2025\\\/11\\\/cachoeira-do-Herculano.webp\",\"contentUrl\":\"https:\\\/\\\/bahia.culturaviva.net.br\\\/wp-content\\\/uploads\\\/2025\\\/11\\\/cachoeira-do-Herculano.webp\",\"width\":736,\"height\":981},{\"@type\":\"BreadcrumbList\",\"@id\":\"https:\\\/\\\/bahia.culturaviva.net.br\\\/turismo\\\/guardioes-da-cachoeira-herculano\\\/#breadcrumb\",\"itemListElement\":[{\"@type\":\"ListItem\",\"position\":1,\"name\":\"In\u00edcio\",\"item\":\"https:\\\/\\\/bahia.culturaviva.net.br\\\/\"},{\"@type\":\"ListItem\",\"position\":2,\"name\":\"Guardi\u00f5es da Cachoeira Herculano\"}]},{\"@type\":\"WebSite\",\"@id\":\"https:\\\/\\\/bahia.culturaviva.net.br\\\/#website\",\"url\":\"https:\\\/\\\/bahia.culturaviva.net.br\\\/\",\"name\":\"Rede Cultura Viva da Bahia\",\"description\":\"Espa\u00e7o para Acervo, Informa\u00e7\u00e3o e Participa\u00e7\u00e3o Social da Rede de Pontos de Cultura da Bahia\",\"publisher\":{\"@id\":\"https:\\\/\\\/bahia.culturaviva.net.br\\\/#organization\"},\"potentialAction\":[{\"@type\":\"SearchAction\",\"target\":{\"@type\":\"EntryPoint\",\"urlTemplate\":\"https:\\\/\\\/bahia.culturaviva.net.br\\\/?s={search_term_string}\"},\"query-input\":{\"@type\":\"PropertyValueSpecification\",\"valueRequired\":true,\"valueName\":\"search_term_string\"}}],\"inLanguage\":\"en-US\"},{\"@type\":\"Organization\",\"@id\":\"https:\\\/\\\/bahia.culturaviva.net.br\\\/#organization\",\"name\":\"Rede Cultura Viva da Bahia\",\"url\":\"https:\\\/\\\/bahia.culturaviva.net.br\\\/\",\"logo\":{\"@type\":\"ImageObject\",\"inLanguage\":\"en-US\",\"@id\":\"https:\\\/\\\/bahia.culturaviva.net.br\\\/#\\\/schema\\\/logo\\\/image\\\/\",\"url\":\"https:\\\/\\\/bahia.culturaviva.net.br\\\/wp-content\\\/uploads\\\/2025\\\/11\\\/logo-plataforma-culturaviva-bahia-branco.png\",\"contentUrl\":\"https:\\\/\\\/bahia.culturaviva.net.br\\\/wp-content\\\/uploads\\\/2025\\\/11\\\/logo-plataforma-culturaviva-bahia-branco.png\",\"width\":628,\"height\":652,\"caption\":\"Rede Cultura Viva da Bahia\"},\"image\":{\"@id\":\"https:\\\/\\\/bahia.culturaviva.net.br\\\/#\\\/schema\\\/logo\\\/image\\\/\"}},{\"@type\":\"Person\",\"@id\":\"https:\\\/\\\/bahia.culturaviva.net.br\\\/#\\\/schema\\\/person\\\/6e78da73e0acb5b6b65735aa9584dba0\",\"name\":\"Carla Uhlmann\",\"image\":{\"@type\":\"ImageObject\",\"inLanguage\":\"en-US\",\"@id\":\"https:\\\/\\\/secure.gravatar.com\\\/avatar\\\/174652d1afb5fe35d03517b4ac78b9aae436c9a12e364319b1fc0cf646d4a933?s=96&d=mm&r=g\",\"url\":\"https:\\\/\\\/secure.gravatar.com\\\/avatar\\\/174652d1afb5fe35d03517b4ac78b9aae436c9a12e364319b1fc0cf646d4a933?s=96&d=mm&r=g\",\"contentUrl\":\"https:\\\/\\\/secure.gravatar.com\\\/avatar\\\/174652d1afb5fe35d03517b4ac78b9aae436c9a12e364319b1fc0cf646d4a933?s=96&d=mm&r=g\",\"caption\":\"Carla Uhlmann\"},\"url\":\"https:\\\/\\\/bahia.culturaviva.net.br\\\/en\\\/author\\\/carlauhlmann\\\/\"}]}<\/script>\n<!-- \/ Yoast SEO plugin. -->",
    "yoast_head_json": {
        "title": "Guardi\u00f5es da Cachoeira Herculano - Rede Cultura Viva da Bahia",
        "robots": {
            "index": "index",
            "follow": "follow",
            "max-snippet": "max-snippet:-1",
            "max-image-preview": "max-image-preview:large",
            "max-video-preview": "max-video-preview:-1"
        },
        "canonical": "https:\/\/bahia.culturaviva.net.br\/en\/turismo\/guardioes-da-cachoeira-herculano\/",
        "og_locale": "en_US",
        "og_type": "article",
        "og_title": "Guardi\u00f5es da Cachoeira Herculano - Rede Cultura Viva da Bahia",
        "og_description": "Anfitri\u00e3: Comunidade Europa Dura\u00e7\u00e3o: 1 dia Programa\u00e7\u00e3o: P\u00e1gina criada por:\u00a0Franciane Santos Fonte: https:\/\/itaete.chapada.ba\/roteiro-3\/",
        "og_url": "https:\/\/bahia.culturaviva.net.br\/en\/turismo\/guardioes-da-cachoeira-herculano\/",
        "og_site_name": "Rede Cultura Viva da Bahia",
        "article_published_time": "2025-11-12T13:15:08+00:00",
        "article_modified_time": "2025-11-26T18:01:55+00:00",
        "og_image": [
            {
                "width": 736,
                "height": 981,
                "url": "https:\/\/bahia.culturaviva.net.br\/wp-content\/uploads\/2025\/11\/cachoeira-do-Herculano.webp",
                "type": "image\/webp"
            }
        ],
        "author": "Carla Uhlmann",
        "twitter_card": "summary_large_image",
        "twitter_misc": {
            "Written by": "Carla Uhlmann",
            "Est. reading time": "2 minutes"
        },
        "schema": {
            "@context": "https:\/\/schema.org",
            "@graph": [
                {
                    "@type": "Article",
                    "@id": "https:\/\/bahia.culturaviva.net.br\/turismo\/guardioes-da-cachoeira-herculano\/#article",
                    "isPartOf": {
                        "@id": "https:\/\/bahia.culturaviva.net.br\/turismo\/guardioes-da-cachoeira-herculano\/"
                    },
                    "author": {
                        "name": "Carla Uhlmann",
                        "@id": "https:\/\/bahia.culturaviva.net.br\/#\/schema\/person\/6e78da73e0acb5b6b65735aa9584dba0"
                    },
                    "headline": "Guardi\u00f5es da Cachoeira Herculano",
                    "datePublished": "2025-11-12T13:15:08+00:00",
                    "dateModified": "2025-11-26T18:01:55+00:00",
                    "mainEntityOfPage": {
                        "@id": "https:\/\/bahia.culturaviva.net.br\/turismo\/guardioes-da-cachoeira-herculano\/"
                    },
                    "wordCount": 56,
                    "commentCount": 0,
                    "publisher": {
                        "@id": "https:\/\/bahia.culturaviva.net.br\/#organization"
                    },
                    "image": {
                        "@id": "https:\/\/bahia.culturaviva.net.br\/turismo\/guardioes-da-cachoeira-herculano\/#primaryimage"
                    },
                    "thumbnailUrl": "https:\/\/bahia.culturaviva.net.br\/wp-content\/uploads\/2025\/11\/cachoeira-do-Herculano.webp",
                    "keywords": [
                        "Chapada Diamantina",
                        "Gastronomia",
                        "Religi\u00e3o"
                    ],
                    "articleSection": [
                        "Artesanato",
                        "Cultura Viva",
                        "Meio ambiente",
                        "Travel",
                        "Turismo"
                    ],
                    "inLanguage": "en-US",
                    "potentialAction": [
                        {
                            "@type": "CommentAction",
                            "name": "Comment",
                            "target": [
                                "https:\/\/bahia.culturaviva.net.br\/turismo\/guardioes-da-cachoeira-herculano\/#respond"
                            ]
                        }
                    ]
                },
                {
                    "@type": "WebPage",
                    "@id": "https:\/\/bahia.culturaviva.net.br\/turismo\/guardioes-da-cachoeira-herculano\/",
                    "url": "https:\/\/bahia.culturaviva.net.br\/turismo\/guardioes-da-cachoeira-herculano\/",
                    "name": "Guardi\u00f5es da Cachoeira Herculano - Rede Cultura Viva da Bahia",
                    "isPartOf": {
                        "@id": "https:\/\/bahia.culturaviva.net.br\/#website"
                    },
                    "primaryImageOfPage": {
                        "@id": "https:\/\/bahia.culturaviva.net.br\/turismo\/guardioes-da-cachoeira-herculano\/#primaryimage"
                    },
                    "image": {
                        "@id": "https:\/\/bahia.culturaviva.net.br\/turismo\/guardioes-da-cachoeira-herculano\/#primaryimage"
                    },
                    "thumbnailUrl": "https:\/\/bahia.culturaviva.net.br\/wp-content\/uploads\/2025\/11\/cachoeira-do-Herculano.webp",
                    "datePublished": "2025-11-12T13:15:08+00:00",
                    "dateModified": "2025-11-26T18:01:55+00:00",
                    "breadcrumb": {
                        "@id": "https:\/\/bahia.culturaviva.net.br\/turismo\/guardioes-da-cachoeira-herculano\/#breadcrumb"
                    },
                    "inLanguage": "en-US",
                    "potentialAction": [
                        {
                            "@type": "ReadAction",
                            "target": [
                                "https:\/\/bahia.culturaviva.net.br\/turismo\/guardioes-da-cachoeira-herculano\/"
                            ]
                        }
                    ]
                },
                {
                    "@type": "ImageObject",
                    "inLanguage": "en-US",
                    "@id": "https:\/\/bahia.culturaviva.net.br\/turismo\/guardioes-da-cachoeira-herculano\/#primaryimage",
                    "url": "https:\/\/bahia.culturaviva.net.br\/wp-content\/uploads\/2025\/11\/cachoeira-do-Herculano.webp",
                    "contentUrl": "https:\/\/bahia.culturaviva.net.br\/wp-content\/uploads\/2025\/11\/cachoeira-do-Herculano.webp",
                    "width": 736,
                    "height": 981
                },
                {
                    "@type": "BreadcrumbList",
                    "@id": "https:\/\/bahia.culturaviva.net.br\/turismo\/guardioes-da-cachoeira-herculano\/#breadcrumb",
                    "itemListElement": [
                        {
                            "@type": "ListItem",
                            "position": 1,
                            "name": "In\u00edcio",
                            "item": "https:\/\/bahia.culturaviva.net.br\/"
                        },
                        {
                            "@type": "ListItem",
                            "position": 2,
                            "name": "Guardi\u00f5es da Cachoeira Herculano"
                        }
                    ]
                },
                {
                    "@type": "WebSite",
                    "@id": "https:\/\/bahia.culturaviva.net.br\/#website",
                    "url": "https:\/\/bahia.culturaviva.net.br\/",
                    "name": "Rede Cultura Viva da Bahia",
                    "description": "Espa\u00e7o para Acervo, Informa\u00e7\u00e3o e Participa\u00e7\u00e3o Social da Rede de Pontos de Cultura da Bahia",
                    "publisher": {
                        "@id": "https:\/\/bahia.culturaviva.net.br\/#organization"
                    },
                    "potentialAction": [
                        {
                            "@type": "SearchAction",
                            "target": {
                                "@type": "EntryPoint",
                                "urlTemplate": "https:\/\/bahia.culturaviva.net.br\/?s={search_term_string}"
                            },
                            "query-input": {
                                "@type": "PropertyValueSpecification",
                                "valueRequired": true,
                                "valueName": "search_term_string"
                            }
                        }
                    ],
                    "inLanguage": "en-US"
                },
                {
                    "@type": "Organization",
                    "@id": "https:\/\/bahia.culturaviva.net.br\/#organization",
                    "name": "Rede Cultura Viva da Bahia",
                    "url": "https:\/\/bahia.culturaviva.net.br\/",
                    "logo": {
                        "@type": "ImageObject",
                        "inLanguage": "en-US",
                        "@id": "https:\/\/bahia.culturaviva.net.br\/#\/schema\/logo\/image\/",
                        "url": "https:\/\/bahia.culturaviva.net.br\/wp-content\/uploads\/2025\/11\/logo-plataforma-culturaviva-bahia-branco.png",
                        "contentUrl": "https:\/\/bahia.culturaviva.net.br\/wp-content\/uploads\/2025\/11\/logo-plataforma-culturaviva-bahia-branco.png",
                        "width": 628,
                        "height": 652,
                        "caption": "Rede Cultura Viva da Bahia"
                    },
                    "image": {
                        "@id": "https:\/\/bahia.culturaviva.net.br\/#\/schema\/logo\/image\/"
                    }
                },
                {
                    "@type": "Person",
                    "@id": "https:\/\/bahia.culturaviva.net.br\/#\/schema\/person\/6e78da73e0acb5b6b65735aa9584dba0",
                    "name": "Carla Uhlmann",
                    "image": {
                        "@type": "ImageObject",
                        "inLanguage": "en-US",
                        "@id": "https:\/\/secure.gravatar.com\/avatar\/174652d1afb5fe35d03517b4ac78b9aae436c9a12e364319b1fc0cf646d4a933?s=96&d=mm&r=g",
                        "url": "https:\/\/secure.gravatar.com\/avatar\/174652d1afb5fe35d03517b4ac78b9aae436c9a12e364319b1fc0cf646d4a933?s=96&d=mm&r=g",
                        "contentUrl": "https:\/\/secure.gravatar.com\/avatar\/174652d1afb5fe35d03517b4ac78b9aae436c9a12e364319b1fc0cf646d4a933?s=96&d=mm&r=g",
                        "caption": "Carla Uhlmann"
                    },
                    "url": "https:\/\/bahia.culturaviva.net.br\/en\/author\/carlauhlmann\/"
                }
            ]
        }
    },
    "_links": {
        "self": [
            {
                "href": "https:\/\/bahia.culturaviva.net.br\/en\/wp-json\/wp\/v2\/posts\/1293",
                "targetHints": {
                    "allow": [
                        "GET"
                    ]
                }
            }
        ],
        "collection": [
            {
                "href": "https:\/\/bahia.culturaviva.net.br\/en\/wp-json\/wp\/v2\/posts"
            }
        ],
        "about": [
            {
                "href": "https:\/\/bahia.culturaviva.net.br\/en\/wp-json\/wp\/v2\/types\/post"
            }
        ],
        "author": [
            {
                "embeddable": true,
                "href": "https:\/\/bahia.culturaviva.net.br\/en\/wp-json\/wp\/v2\/users\/4"
            }
        ],
        "replies": [
            {
                "embeddable": true,
                "href": "https:\/\/bahia.culturaviva.net.br\/en\/wp-json\/wp\/v2\/comments?post=1293"
            }
        ],
        "version-history": [
            {
                "count": 1,
                "href": "https:\/\/bahia.culturaviva.net.br\/en\/wp-json\/wp\/v2\/posts\/1293\/revisions"
            }
        ],
        "predecessor-version": [
            {
                "id": 1301,
                "href": "https:\/\/bahia.culturaviva.net.br\/en\/wp-json\/wp\/v2\/posts\/1293\/revisions\/1301"
            }
        ],
        "wp:featuredmedia": [
            {
                "embeddable": true,
                "href": "https:\/\/bahia.culturaviva.net.br\/en\/wp-json\/wp\/v2\/media\/1294"
            }
        ],
        "wp:attachment": [
            {
                "href": "https:\/\/bahia.culturaviva.net.br\/en\/wp-json\/wp\/v2\/media?parent=1293"
            }
        ],
        "wp:term": [
            {
                "taxonomy": "category",
                "embeddable": true,
                "href": "https:\/\/bahia.culturaviva.net.br\/en\/wp-json\/wp\/v2\/categories?post=1293"
            },
            {
                "taxonomy": "post_tag",
                "embeddable": true,
                "href": "https:\/\/bahia.culturaviva.net.br\/en\/wp-json\/wp\/v2\/tags?post=1293"
            }
        ],
        "curies": [
            {
                "name": "wp",
                "href": "https:\/\/api.w.org\/{rel}",
                "templated": true
            }
        ]
    }
}