{
    "id": 1317,
    "date": "2025-11-12T15:50:39",
    "date_gmt": "2025-11-12T18:50:39",
    "guid": {
        "rendered": "https:\/\/bahia.culturaviva.net.br\/?p=1317"
    },
    "modified": "2025-11-12T15:50:41",
    "modified_gmt": "2025-11-12T18:50:41",
    "slug": "capao-in-blues-2025-o-que-fazer-e-os-shows-que-voce-nao-pode-perder",
    "status": "publish",
    "type": "post",
    "link": "https:\/\/bahia.culturaviva.net.br\/en\/cultura\/capao-in-blues-2025-o-que-fazer-e-os-shows-que-voce-nao-pode-perder\/",
    "title": {
        "rendered": "Cap\u00e3o in Blues 2025: o que fazer e os shows que voc\u00ea n\u00e3o pode perder"
    },
    "content": {
        "rendered": "<p>Festival Cap\u00e3o in Blues re\u00fane lendas do g\u00eanero e artistas internacionais na Chapada<\/p>\n\n\n\n<p>Por\u00a0Chico Castro Jr. | 11\/11\/2025 &#8211; 19:34 h | Atualizada em 11\/11\/2025 &#8211; 20:18<\/p>\n\n\n\n<figure class=\"wp-block-image size-large\"><img loading=\"lazy\" decoding=\"async\" width=\"1080\" height=\"720\" src=\"https:\/\/bahia.culturaviva.net.br\/wp-content\/uploads\/2025\/11\/Capao-in-Blues-2025-o-que-fazer-e-os-shows-que-voc0136811400202511111934-ScaleDownProportional.webp\" alt=\"\" class=\"wp-image-1320\" srcset=\"https:\/\/bahia.culturaviva.net.br\/wp-content\/uploads\/2025\/11\/Capao-in-Blues-2025-o-que-fazer-e-os-shows-que-voc0136811400202511111934-ScaleDownProportional.webp 1080w, https:\/\/bahia.culturaviva.net.br\/wp-content\/uploads\/2025\/11\/Capao-in-Blues-2025-o-que-fazer-e-os-shows-que-voc0136811400202511111934-ScaleDownProportional-300x200.webp 300w, https:\/\/bahia.culturaviva.net.br\/wp-content\/uploads\/2025\/11\/Capao-in-Blues-2025-o-que-fazer-e-os-shows-que-voc0136811400202511111934-ScaleDownProportional-1024x683.webp 1024w, https:\/\/bahia.culturaviva.net.br\/wp-content\/uploads\/2025\/11\/Capao-in-Blues-2025-o-que-fazer-e-os-shows-que-voc0136811400202511111934-ScaleDownProportional-768x512.webp 768w, https:\/\/bahia.culturaviva.net.br\/wp-content\/uploads\/2025\/11\/Capao-in-Blues-2025-o-que-fazer-e-os-shows-que-voc0136811400202511111934-ScaleDownProportional-18x12.webp 18w, https:\/\/bahia.culturaviva.net.br\/wp-content\/uploads\/2025\/11\/Capao-in-Blues-2025-o-que-fazer-e-os-shows-que-voc0136811400202511111934-ScaleDownProportional-205x137.webp 205w, https:\/\/bahia.culturaviva.net.br\/wp-content\/uploads\/2025\/11\/Capao-in-Blues-2025-o-que-fazer-e-os-shows-que-voc0136811400202511111934-ScaleDownProportional-480x320.webp 480w\" sizes=\"auto, (max-width: 1080px) 100vw, 1080px\" \/><\/figure>\n\n\n\n<p>Lugar m\u00e1gico pela pr\u00f3pria natureza, o&nbsp;<strong>Vale do Cap\u00e3o<\/strong>&nbsp;vai ganhar daqui a alguns dias mais uns toques de magia quando o som do blues invadir a vila entre os dias 20 e 22 pr\u00f3ximos \u2013 sendo a primeira noite justamente no&nbsp;<strong>Dia da Consci\u00eancia Negra<\/strong>.<\/p>\n\n\n\n<p>Ao longo de tr\u00eas dias, o festival vai botar o palco armado na Vila do Cap\u00e3o atra\u00e7\u00f5es locais e internacionais. O primeiro dia ser\u00e1 aberto por Calu Manh\u00e3s e Banda CBD (BA). Na sequ\u00eancia, a norte-americana Alma Thomas acompanhada da Uptown Band, do Recife. Fechando a night, uma lenda do blues brasileiro: a cantora mineira Rosa Marya Colin, pioneira na estrada desde os anos 1960 \u2013 inicialmente cantando bossa e MPB, depois se convertendo em blueseira na primeira metade dos anos 1980. Mas Rosa n\u00e3o vem sozinha: ao seu lado, o gaitista carioca Jefferson Gon\u00e7alves vai apimentar ainda mais uma session que promete ser hist\u00f3rica.<\/p>\n\n\n\n<p>A segunda noite do festival n\u00e3o deixa por menos e come\u00e7a com a cantora baiana Cac\u00e1 Magalh\u00e3es. Em seguida, a polonesa Kasia Miernik, acompanhada dos ga\u00fachos do Cris Ferreira Trio (RS). Para fechar, outra lenda viva: ningu\u00e9m menos que\u00a0<strong>Luiz Carlini &amp; Tutti Frutti<\/strong>\u00a0\u2013 o guitar hero de LPs cl\u00e1ssicos de\u00a0<strong>Rita Lee<\/strong>\u00a0vem fazer um show in\u00e9dito na Bahia, o \u00e1lbum Fruto Proibido na \u00edntegra. Luxo.<\/p>\n\n\n\n<p>Mas n\u00e3o acabou. O s\u00e1bado, 22, promete intensas emo\u00e7\u00f5es com J\u00falio Caldas com participa\u00e7\u00e3o de Lia Chaves, o duelo de tit\u00e3s\u00a0<strong>Armandinho Macedo &amp; Eric Assmar<\/strong>\u00a0e a cantora norte-americana JJ Thames, original de Detroit, lar da gravadora Motown, meca da black music.<\/p>\n\n\n\n<h2 class=\"wp-block-heading\" id=\"feliz-coincidencia\">Feliz coincid\u00eancia<\/h2>\n\n\n\n<p>Segundo Ild\u00e1zio Tavares Jr., idealizador do evento ao lado de Jos\u00e9 Alves Costa, a primeira noite do festival cair justamente no Dia da Consci\u00eancia Negra foi uma feliz coincid\u00eancia \u2013 que faz todo sentido e \u00e9 muito bem-vinda.<\/p>\n\n\n\n<p>\u201cA gente n\u00e3o escolheu a Consci\u00eancia Negra, a Consci\u00eancia Negra escolheu a gente, o que pra gente foi muito bom. E estamos respondendo \u00e0 altura, falando sobre a ancestralidade do blues, n\u00e9? Que vem do Mississippi, das colheitas do algod\u00e3o, dos lamentos dos negros sofridos, escravizados, e veio pra Brasil, e hoje t\u00e1 na Bahia, no Vale do Cap\u00e3o, que nos acolhe muito bem\u201d, diz Ildazio.<\/p>\n\n\n\n<p>\u201cEnt\u00e3o \u00e9 isso, quando vimos, deu na Consci\u00eancia Negra e a gente vai tentar responder \u00e0 altura. (Teremos) J.J. Thames, Alma Thomas, Rosa Marya Collin, Lia Chaves, quatro mulheres pretas incr\u00edveis cantando, sem contar as outras rapaziadas, t\u00e1 tudo muito bacana, a curadoria de Eric Assmar \u00e9 fant\u00e1stica\u201d, acrescenta.<\/p>\n\n\n\n<p>Eric, que apresenta no festival seu show com Armandinho, lan\u00e7ado nas plataformas de streaming h\u00e1 pouco tempo, aproveita e ressalta o car\u00e1ter democr\u00e1tico do&nbsp;<strong><a href=\"https:\/\/atarde.com.br\/cultura?d=1\" target=\"_blank\" rel=\"noreferrer noopener\">Cap\u00e3o in Blues:<\/a><\/strong>&nbsp;\u201cAcredito que o evento \u00e9 uma iniciativa importante no sentido de fortalecer a Chapada Diamantina e o estado da Bahia dentro do mapa nacional do blues, trazendo um panorama diverso de artistas do cen\u00e1rio nacional e internacional ao longo de tr\u00eas dias de programa\u00e7\u00e3o\u201d.<\/p>\n\n\n\n<p>\u201cTudo isso, dentro de um festival que acontece em pra\u00e7a p\u00fablica, com livre acesso, o que entendo que democratiza o acesso a essa m\u00fasica, inserindo o blues em meio \u00e0 nossa t\u00e3o rica diversidade musical presente em nosso estado\u201d, acrescenta Eric.<\/p>\n\n\n\n<p>J\u00e1 Jos\u00e9 Alves lembra que, neste ano, o festival ganhou mais um dia de programa\u00e7\u00e3o, enriquecendo a oferta de artistas e aquecendo a atividade econ\u00f4mica local: \u201cUm dia a mais de festival significa mais blues, mais experi\u00eancias e mais movimento na economia local! Nosso intuito \u00e9 que o Cap\u00e3o in Blues seja mais do que um festival de m\u00fasica e sim um porta-voz para divulgar o destino, com seus atrativos tur\u00edsticos e tudo o que o Vale do Cap\u00e3o tem a oferecer em arte, cultura, gastronomia, esporte e natureza\u201d.<\/p>\n\n\n\n<p>\u201cTudo isso em um clima de montanha, a mil metros de altitude em rela\u00e7\u00e3o ao n\u00edvel do mar. Realmente \u00e9 uma experi\u00eancia que vale a pena ser vivida\u201d, conclui Jos\u00e9.<\/p>\n\n\n\n<p><strong><em>O Cap\u00e3o in Blues conta com a organiza\u00e7\u00e3o e coordena\u00e7\u00e3o do Grupo A TARDE, A TARDE FM e Viramundo Produ\u00e7\u00f5es, e tem produ\u00e7\u00e3o executiva da Trevo Produ\u00e7\u00f5es. O evento conta ainda com o apoio da Prefeitura de Palmeiras e da Secretaria de Turismo do Estado da Bahia, al\u00e9m do patroc\u00ednio da Dax Oil e do Governo do Estado da Bahia, por meio do Fazcultura, Secretaria de Cultura e Secretaria da Fazenda.<\/em><\/strong><\/p>\n\n\n\n<p>Fonte: <a href=\"https:\/\/atarde.com.br\/cultura\/capao-in-blues-2025-o-que-fazer-e-os-shows-que-voce-nao-pode-perder-1368114\">https:\/\/atarde.com.br\/cultura\/capao-in-blues-2025-o-que-fazer-e-os-shows-que-voce-nao-pode-perder-1368114<\/a><\/p>\n\n\n\n<p><\/p>",
        "protected": false
    },
    "excerpt": {
        "rendered": "<p>Festival Cap\u00e3o in Blues re\u00fane lendas do g\u00eanero e artistas internacionais na Chapada Por\u00a0Chico Castro Jr. | 11\/11\/2025 &#8211; 19:34 h | Atualizada em 11\/11\/2025 &#8211; 20:18 Lugar m\u00e1gico pela pr\u00f3pria natureza, o&nbsp;Vale do Cap\u00e3o&nbsp;vai ganhar daqui a alguns dias mais uns toques de magia quando o som do blues invadir a vila entre os [&hellip;]<\/p>",
        "protected": false
    },
    "author": 4,
    "featured_media": 1319,
    "comment_status": "open",
    "ping_status": "open",
    "sticky": false,
    "template": "",
    "format": "standard",
    "meta": {
        "_acf_changed": false,
        "_gspb_post_css": "",
        "footnotes": ""
    },
    "categories": [
        59,
        44
    ],
    "tags": [],
    "class_list": [
        "post-1317",
        "post",
        "type-post",
        "status-publish",
        "format-standard",
        "has-post-thumbnail",
        "hentry",
        "category-cultura",
        "category-musica"
    ],
    "blocksy_meta": [],
    "acf": [],
    "yoast_head": "<!-- This site is optimized with the Yoast SEO plugin v27.3 - https:\/\/yoast.com\/product\/yoast-seo-wordpress\/ -->\n<title>Cap\u00e3o in Blues 2025: o que fazer e os shows que voc\u00ea n\u00e3o pode perder - Rede Cultura Viva da Bahia<\/title>\n<meta name=\"robots\" content=\"index, follow, max-snippet:-1, max-image-preview:large, max-video-preview:-1\" \/>\n<link rel=\"canonical\" href=\"https:\/\/bahia.culturaviva.net.br\/en\/cultura\/capao-in-blues-2025-o-que-fazer-e-os-shows-que-voce-nao-pode-perder\/\" \/>\n<meta property=\"og:locale\" content=\"en_US\" \/>\n<meta property=\"og:type\" content=\"article\" \/>\n<meta property=\"og:title\" content=\"Cap\u00e3o in Blues 2025: o que fazer e os shows que voc\u00ea n\u00e3o pode perder - Rede Cultura Viva da Bahia\" \/>\n<meta property=\"og:description\" content=\"Festival Cap\u00e3o in Blues re\u00fane lendas do g\u00eanero e artistas internacionais na Chapada Por\u00a0Chico Castro Jr. | 11\/11\/2025 &#8211; 19:34 h | Atualizada em 11\/11\/2025 &#8211; 20:18 Lugar m\u00e1gico pela pr\u00f3pria natureza, o&nbsp;Vale do Cap\u00e3o&nbsp;vai ganhar daqui a alguns dias mais uns toques de magia quando o som do blues invadir a vila entre os [&hellip;]\" \/>\n<meta property=\"og:url\" content=\"https:\/\/bahia.culturaviva.net.br\/en\/cultura\/capao-in-blues-2025-o-que-fazer-e-os-shows-que-voce-nao-pode-perder\/\" \/>\n<meta property=\"og:site_name\" content=\"Rede Cultura Viva da Bahia\" \/>\n<meta property=\"article:published_time\" content=\"2025-11-12T18:50:39+00:00\" \/>\n<meta property=\"article:modified_time\" content=\"2025-11-12T18:50:41+00:00\" \/>\n<meta property=\"og:image\" content=\"https:\/\/bahia.culturaviva.net.br\/wp-content\/uploads\/2025\/11\/capao-in-blues-card.png\" \/>\n\t<meta property=\"og:image:width\" content=\"1347\" \/>\n\t<meta property=\"og:image:height\" content=\"633\" \/>\n\t<meta property=\"og:image:type\" content=\"image\/png\" \/>\n<meta name=\"author\" content=\"Carla Uhlmann\" \/>\n<meta name=\"twitter:card\" content=\"summary_large_image\" \/>\n<meta name=\"twitter:label1\" content=\"Written by\" \/>\n\t<meta name=\"twitter:data1\" content=\"Carla Uhlmann\" \/>\n\t<meta name=\"twitter:label2\" content=\"Est. reading time\" \/>\n\t<meta name=\"twitter:data2\" content=\"5 minutes\" \/>\n<script type=\"application\/ld+json\" class=\"yoast-schema-graph\">{\"@context\":\"https:\\\/\\\/schema.org\",\"@graph\":[{\"@type\":\"Article\",\"@id\":\"https:\\\/\\\/bahia.culturaviva.net.br\\\/cultura\\\/capao-in-blues-2025-o-que-fazer-e-os-shows-que-voce-nao-pode-perder\\\/#article\",\"isPartOf\":{\"@id\":\"https:\\\/\\\/bahia.culturaviva.net.br\\\/cultura\\\/capao-in-blues-2025-o-que-fazer-e-os-shows-que-voce-nao-pode-perder\\\/\"},\"author\":{\"name\":\"Carla Uhlmann\",\"@id\":\"https:\\\/\\\/bahia.culturaviva.net.br\\\/#\\\/schema\\\/person\\\/6e78da73e0acb5b6b65735aa9584dba0\"},\"headline\":\"Cap\u00e3o in Blues 2025: o que fazer e os shows que voc\u00ea n\u00e3o pode perder\",\"datePublished\":\"2025-11-12T18:50:39+00:00\",\"dateModified\":\"2025-11-12T18:50:41+00:00\",\"mainEntityOfPage\":{\"@id\":\"https:\\\/\\\/bahia.culturaviva.net.br\\\/cultura\\\/capao-in-blues-2025-o-que-fazer-e-os-shows-que-voce-nao-pode-perder\\\/\"},\"wordCount\":824,\"commentCount\":0,\"publisher\":{\"@id\":\"https:\\\/\\\/bahia.culturaviva.net.br\\\/#organization\"},\"image\":{\"@id\":\"https:\\\/\\\/bahia.culturaviva.net.br\\\/cultura\\\/capao-in-blues-2025-o-que-fazer-e-os-shows-que-voce-nao-pode-perder\\\/#primaryimage\"},\"thumbnailUrl\":\"https:\\\/\\\/bahia.culturaviva.net.br\\\/wp-content\\\/uploads\\\/2025\\\/11\\\/capao-in-blues-card.png\",\"articleSection\":[\"Cultura\",\"M\u00fasica\"],\"inLanguage\":\"en-US\",\"potentialAction\":[{\"@type\":\"CommentAction\",\"name\":\"Comment\",\"target\":[\"https:\\\/\\\/bahia.culturaviva.net.br\\\/cultura\\\/capao-in-blues-2025-o-que-fazer-e-os-shows-que-voce-nao-pode-perder\\\/#respond\"]}]},{\"@type\":\"WebPage\",\"@id\":\"https:\\\/\\\/bahia.culturaviva.net.br\\\/cultura\\\/capao-in-blues-2025-o-que-fazer-e-os-shows-que-voce-nao-pode-perder\\\/\",\"url\":\"https:\\\/\\\/bahia.culturaviva.net.br\\\/cultura\\\/capao-in-blues-2025-o-que-fazer-e-os-shows-que-voce-nao-pode-perder\\\/\",\"name\":\"Cap\u00e3o in Blues 2025: o que fazer e os shows que voc\u00ea n\u00e3o pode perder - Rede Cultura Viva da Bahia\",\"isPartOf\":{\"@id\":\"https:\\\/\\\/bahia.culturaviva.net.br\\\/#website\"},\"primaryImageOfPage\":{\"@id\":\"https:\\\/\\\/bahia.culturaviva.net.br\\\/cultura\\\/capao-in-blues-2025-o-que-fazer-e-os-shows-que-voce-nao-pode-perder\\\/#primaryimage\"},\"image\":{\"@id\":\"https:\\\/\\\/bahia.culturaviva.net.br\\\/cultura\\\/capao-in-blues-2025-o-que-fazer-e-os-shows-que-voce-nao-pode-perder\\\/#primaryimage\"},\"thumbnailUrl\":\"https:\\\/\\\/bahia.culturaviva.net.br\\\/wp-content\\\/uploads\\\/2025\\\/11\\\/capao-in-blues-card.png\",\"datePublished\":\"2025-11-12T18:50:39+00:00\",\"dateModified\":\"2025-11-12T18:50:41+00:00\",\"breadcrumb\":{\"@id\":\"https:\\\/\\\/bahia.culturaviva.net.br\\\/cultura\\\/capao-in-blues-2025-o-que-fazer-e-os-shows-que-voce-nao-pode-perder\\\/#breadcrumb\"},\"inLanguage\":\"en-US\",\"potentialAction\":[{\"@type\":\"ReadAction\",\"target\":[\"https:\\\/\\\/bahia.culturaviva.net.br\\\/cultura\\\/capao-in-blues-2025-o-que-fazer-e-os-shows-que-voce-nao-pode-perder\\\/\"]}]},{\"@type\":\"ImageObject\",\"inLanguage\":\"en-US\",\"@id\":\"https:\\\/\\\/bahia.culturaviva.net.br\\\/cultura\\\/capao-in-blues-2025-o-que-fazer-e-os-shows-que-voce-nao-pode-perder\\\/#primaryimage\",\"url\":\"https:\\\/\\\/bahia.culturaviva.net.br\\\/wp-content\\\/uploads\\\/2025\\\/11\\\/capao-in-blues-card.png\",\"contentUrl\":\"https:\\\/\\\/bahia.culturaviva.net.br\\\/wp-content\\\/uploads\\\/2025\\\/11\\\/capao-in-blues-card.png\",\"width\":1347,\"height\":633},{\"@type\":\"BreadcrumbList\",\"@id\":\"https:\\\/\\\/bahia.culturaviva.net.br\\\/cultura\\\/capao-in-blues-2025-o-que-fazer-e-os-shows-que-voce-nao-pode-perder\\\/#breadcrumb\",\"itemListElement\":[{\"@type\":\"ListItem\",\"position\":1,\"name\":\"In\u00edcio\",\"item\":\"https:\\\/\\\/bahia.culturaviva.net.br\\\/\"},{\"@type\":\"ListItem\",\"position\":2,\"name\":\"Cap\u00e3o in Blues 2025: o que fazer e os shows que voc\u00ea n\u00e3o pode perder\"}]},{\"@type\":\"WebSite\",\"@id\":\"https:\\\/\\\/bahia.culturaviva.net.br\\\/#website\",\"url\":\"https:\\\/\\\/bahia.culturaviva.net.br\\\/\",\"name\":\"Rede Cultura Viva da Bahia\",\"description\":\"Espa\u00e7o para Acervo, Informa\u00e7\u00e3o e Participa\u00e7\u00e3o Social da Rede de Pontos de Cultura da Bahia\",\"publisher\":{\"@id\":\"https:\\\/\\\/bahia.culturaviva.net.br\\\/#organization\"},\"potentialAction\":[{\"@type\":\"SearchAction\",\"target\":{\"@type\":\"EntryPoint\",\"urlTemplate\":\"https:\\\/\\\/bahia.culturaviva.net.br\\\/?s={search_term_string}\"},\"query-input\":{\"@type\":\"PropertyValueSpecification\",\"valueRequired\":true,\"valueName\":\"search_term_string\"}}],\"inLanguage\":\"en-US\"},{\"@type\":\"Organization\",\"@id\":\"https:\\\/\\\/bahia.culturaviva.net.br\\\/#organization\",\"name\":\"Rede Cultura Viva da Bahia\",\"url\":\"https:\\\/\\\/bahia.culturaviva.net.br\\\/\",\"logo\":{\"@type\":\"ImageObject\",\"inLanguage\":\"en-US\",\"@id\":\"https:\\\/\\\/bahia.culturaviva.net.br\\\/#\\\/schema\\\/logo\\\/image\\\/\",\"url\":\"https:\\\/\\\/bahia.culturaviva.net.br\\\/wp-content\\\/uploads\\\/2025\\\/11\\\/logo-plataforma-culturaviva-bahia-branco.png\",\"contentUrl\":\"https:\\\/\\\/bahia.culturaviva.net.br\\\/wp-content\\\/uploads\\\/2025\\\/11\\\/logo-plataforma-culturaviva-bahia-branco.png\",\"width\":628,\"height\":652,\"caption\":\"Rede Cultura Viva da Bahia\"},\"image\":{\"@id\":\"https:\\\/\\\/bahia.culturaviva.net.br\\\/#\\\/schema\\\/logo\\\/image\\\/\"}},{\"@type\":\"Person\",\"@id\":\"https:\\\/\\\/bahia.culturaviva.net.br\\\/#\\\/schema\\\/person\\\/6e78da73e0acb5b6b65735aa9584dba0\",\"name\":\"Carla Uhlmann\",\"image\":{\"@type\":\"ImageObject\",\"inLanguage\":\"en-US\",\"@id\":\"https:\\\/\\\/secure.gravatar.com\\\/avatar\\\/174652d1afb5fe35d03517b4ac78b9aae436c9a12e364319b1fc0cf646d4a933?s=96&d=mm&r=g\",\"url\":\"https:\\\/\\\/secure.gravatar.com\\\/avatar\\\/174652d1afb5fe35d03517b4ac78b9aae436c9a12e364319b1fc0cf646d4a933?s=96&d=mm&r=g\",\"contentUrl\":\"https:\\\/\\\/secure.gravatar.com\\\/avatar\\\/174652d1afb5fe35d03517b4ac78b9aae436c9a12e364319b1fc0cf646d4a933?s=96&d=mm&r=g\",\"caption\":\"Carla Uhlmann\"},\"url\":\"https:\\\/\\\/bahia.culturaviva.net.br\\\/en\\\/author\\\/carlauhlmann\\\/\"}]}<\/script>\n<!-- \/ Yoast SEO plugin. -->",
    "yoast_head_json": {
        "title": "Cap\u00e3o in Blues 2025: o que fazer e os shows que voc\u00ea n\u00e3o pode perder - Rede Cultura Viva da Bahia",
        "robots": {
            "index": "index",
            "follow": "follow",
            "max-snippet": "max-snippet:-1",
            "max-image-preview": "max-image-preview:large",
            "max-video-preview": "max-video-preview:-1"
        },
        "canonical": "https:\/\/bahia.culturaviva.net.br\/en\/cultura\/capao-in-blues-2025-o-que-fazer-e-os-shows-que-voce-nao-pode-perder\/",
        "og_locale": "en_US",
        "og_type": "article",
        "og_title": "Cap\u00e3o in Blues 2025: o que fazer e os shows que voc\u00ea n\u00e3o pode perder - Rede Cultura Viva da Bahia",
        "og_description": "Festival Cap\u00e3o in Blues re\u00fane lendas do g\u00eanero e artistas internacionais na Chapada Por\u00a0Chico Castro Jr. | 11\/11\/2025 &#8211; 19:34 h | Atualizada em 11\/11\/2025 &#8211; 20:18 Lugar m\u00e1gico pela pr\u00f3pria natureza, o&nbsp;Vale do Cap\u00e3o&nbsp;vai ganhar daqui a alguns dias mais uns toques de magia quando o som do blues invadir a vila entre os [&hellip;]",
        "og_url": "https:\/\/bahia.culturaviva.net.br\/en\/cultura\/capao-in-blues-2025-o-que-fazer-e-os-shows-que-voce-nao-pode-perder\/",
        "og_site_name": "Rede Cultura Viva da Bahia",
        "article_published_time": "2025-11-12T18:50:39+00:00",
        "article_modified_time": "2025-11-12T18:50:41+00:00",
        "og_image": [
            {
                "width": 1347,
                "height": 633,
                "url": "https:\/\/bahia.culturaviva.net.br\/wp-content\/uploads\/2025\/11\/capao-in-blues-card.png",
                "type": "image\/png"
            }
        ],
        "author": "Carla Uhlmann",
        "twitter_card": "summary_large_image",
        "twitter_misc": {
            "Written by": "Carla Uhlmann",
            "Est. reading time": "5 minutes"
        },
        "schema": {
            "@context": "https:\/\/schema.org",
            "@graph": [
                {
                    "@type": "Article",
                    "@id": "https:\/\/bahia.culturaviva.net.br\/cultura\/capao-in-blues-2025-o-que-fazer-e-os-shows-que-voce-nao-pode-perder\/#article",
                    "isPartOf": {
                        "@id": "https:\/\/bahia.culturaviva.net.br\/cultura\/capao-in-blues-2025-o-que-fazer-e-os-shows-que-voce-nao-pode-perder\/"
                    },
                    "author": {
                        "name": "Carla Uhlmann",
                        "@id": "https:\/\/bahia.culturaviva.net.br\/#\/schema\/person\/6e78da73e0acb5b6b65735aa9584dba0"
                    },
                    "headline": "Cap\u00e3o in Blues 2025: o que fazer e os shows que voc\u00ea n\u00e3o pode perder",
                    "datePublished": "2025-11-12T18:50:39+00:00",
                    "dateModified": "2025-11-12T18:50:41+00:00",
                    "mainEntityOfPage": {
                        "@id": "https:\/\/bahia.culturaviva.net.br\/cultura\/capao-in-blues-2025-o-que-fazer-e-os-shows-que-voce-nao-pode-perder\/"
                    },
                    "wordCount": 824,
                    "commentCount": 0,
                    "publisher": {
                        "@id": "https:\/\/bahia.culturaviva.net.br\/#organization"
                    },
                    "image": {
                        "@id": "https:\/\/bahia.culturaviva.net.br\/cultura\/capao-in-blues-2025-o-que-fazer-e-os-shows-que-voce-nao-pode-perder\/#primaryimage"
                    },
                    "thumbnailUrl": "https:\/\/bahia.culturaviva.net.br\/wp-content\/uploads\/2025\/11\/capao-in-blues-card.png",
                    "articleSection": [
                        "Cultura",
                        "M\u00fasica"
                    ],
                    "inLanguage": "en-US",
                    "potentialAction": [
                        {
                            "@type": "CommentAction",
                            "name": "Comment",
                            "target": [
                                "https:\/\/bahia.culturaviva.net.br\/cultura\/capao-in-blues-2025-o-que-fazer-e-os-shows-que-voce-nao-pode-perder\/#respond"
                            ]
                        }
                    ]
                },
                {
                    "@type": "WebPage",
                    "@id": "https:\/\/bahia.culturaviva.net.br\/cultura\/capao-in-blues-2025-o-que-fazer-e-os-shows-que-voce-nao-pode-perder\/",
                    "url": "https:\/\/bahia.culturaviva.net.br\/cultura\/capao-in-blues-2025-o-que-fazer-e-os-shows-que-voce-nao-pode-perder\/",
                    "name": "Cap\u00e3o in Blues 2025: o que fazer e os shows que voc\u00ea n\u00e3o pode perder - Rede Cultura Viva da Bahia",
                    "isPartOf": {
                        "@id": "https:\/\/bahia.culturaviva.net.br\/#website"
                    },
                    "primaryImageOfPage": {
                        "@id": "https:\/\/bahia.culturaviva.net.br\/cultura\/capao-in-blues-2025-o-que-fazer-e-os-shows-que-voce-nao-pode-perder\/#primaryimage"
                    },
                    "image": {
                        "@id": "https:\/\/bahia.culturaviva.net.br\/cultura\/capao-in-blues-2025-o-que-fazer-e-os-shows-que-voce-nao-pode-perder\/#primaryimage"
                    },
                    "thumbnailUrl": "https:\/\/bahia.culturaviva.net.br\/wp-content\/uploads\/2025\/11\/capao-in-blues-card.png",
                    "datePublished": "2025-11-12T18:50:39+00:00",
                    "dateModified": "2025-11-12T18:50:41+00:00",
                    "breadcrumb": {
                        "@id": "https:\/\/bahia.culturaviva.net.br\/cultura\/capao-in-blues-2025-o-que-fazer-e-os-shows-que-voce-nao-pode-perder\/#breadcrumb"
                    },
                    "inLanguage": "en-US",
                    "potentialAction": [
                        {
                            "@type": "ReadAction",
                            "target": [
                                "https:\/\/bahia.culturaviva.net.br\/cultura\/capao-in-blues-2025-o-que-fazer-e-os-shows-que-voce-nao-pode-perder\/"
                            ]
                        }
                    ]
                },
                {
                    "@type": "ImageObject",
                    "inLanguage": "en-US",
                    "@id": "https:\/\/bahia.culturaviva.net.br\/cultura\/capao-in-blues-2025-o-que-fazer-e-os-shows-que-voce-nao-pode-perder\/#primaryimage",
                    "url": "https:\/\/bahia.culturaviva.net.br\/wp-content\/uploads\/2025\/11\/capao-in-blues-card.png",
                    "contentUrl": "https:\/\/bahia.culturaviva.net.br\/wp-content\/uploads\/2025\/11\/capao-in-blues-card.png",
                    "width": 1347,
                    "height": 633
                },
                {
                    "@type": "BreadcrumbList",
                    "@id": "https:\/\/bahia.culturaviva.net.br\/cultura\/capao-in-blues-2025-o-que-fazer-e-os-shows-que-voce-nao-pode-perder\/#breadcrumb",
                    "itemListElement": [
                        {
                            "@type": "ListItem",
                            "position": 1,
                            "name": "In\u00edcio",
                            "item": "https:\/\/bahia.culturaviva.net.br\/"
                        },
                        {
                            "@type": "ListItem",
                            "position": 2,
                            "name": "Cap\u00e3o in Blues 2025: o que fazer e os shows que voc\u00ea n\u00e3o pode perder"
                        }
                    ]
                },
                {
                    "@type": "WebSite",
                    "@id": "https:\/\/bahia.culturaviva.net.br\/#website",
                    "url": "https:\/\/bahia.culturaviva.net.br\/",
                    "name": "Rede Cultura Viva da Bahia",
                    "description": "Espa\u00e7o para Acervo, Informa\u00e7\u00e3o e Participa\u00e7\u00e3o Social da Rede de Pontos de Cultura da Bahia",
                    "publisher": {
                        "@id": "https:\/\/bahia.culturaviva.net.br\/#organization"
                    },
                    "potentialAction": [
                        {
                            "@type": "SearchAction",
                            "target": {
                                "@type": "EntryPoint",
                                "urlTemplate": "https:\/\/bahia.culturaviva.net.br\/?s={search_term_string}"
                            },
                            "query-input": {
                                "@type": "PropertyValueSpecification",
                                "valueRequired": true,
                                "valueName": "search_term_string"
                            }
                        }
                    ],
                    "inLanguage": "en-US"
                },
                {
                    "@type": "Organization",
                    "@id": "https:\/\/bahia.culturaviva.net.br\/#organization",
                    "name": "Rede Cultura Viva da Bahia",
                    "url": "https:\/\/bahia.culturaviva.net.br\/",
                    "logo": {
                        "@type": "ImageObject",
                        "inLanguage": "en-US",
                        "@id": "https:\/\/bahia.culturaviva.net.br\/#\/schema\/logo\/image\/",
                        "url": "https:\/\/bahia.culturaviva.net.br\/wp-content\/uploads\/2025\/11\/logo-plataforma-culturaviva-bahia-branco.png",
                        "contentUrl": "https:\/\/bahia.culturaviva.net.br\/wp-content\/uploads\/2025\/11\/logo-plataforma-culturaviva-bahia-branco.png",
                        "width": 628,
                        "height": 652,
                        "caption": "Rede Cultura Viva da Bahia"
                    },
                    "image": {
                        "@id": "https:\/\/bahia.culturaviva.net.br\/#\/schema\/logo\/image\/"
                    }
                },
                {
                    "@type": "Person",
                    "@id": "https:\/\/bahia.culturaviva.net.br\/#\/schema\/person\/6e78da73e0acb5b6b65735aa9584dba0",
                    "name": "Carla Uhlmann",
                    "image": {
                        "@type": "ImageObject",
                        "inLanguage": "en-US",
                        "@id": "https:\/\/secure.gravatar.com\/avatar\/174652d1afb5fe35d03517b4ac78b9aae436c9a12e364319b1fc0cf646d4a933?s=96&d=mm&r=g",
                        "url": "https:\/\/secure.gravatar.com\/avatar\/174652d1afb5fe35d03517b4ac78b9aae436c9a12e364319b1fc0cf646d4a933?s=96&d=mm&r=g",
                        "contentUrl": "https:\/\/secure.gravatar.com\/avatar\/174652d1afb5fe35d03517b4ac78b9aae436c9a12e364319b1fc0cf646d4a933?s=96&d=mm&r=g",
                        "caption": "Carla Uhlmann"
                    },
                    "url": "https:\/\/bahia.culturaviva.net.br\/en\/author\/carlauhlmann\/"
                }
            ]
        }
    },
    "_links": {
        "self": [
            {
                "href": "https:\/\/bahia.culturaviva.net.br\/en\/wp-json\/wp\/v2\/posts\/1317",
                "targetHints": {
                    "allow": [
                        "GET"
                    ]
                }
            }
        ],
        "collection": [
            {
                "href": "https:\/\/bahia.culturaviva.net.br\/en\/wp-json\/wp\/v2\/posts"
            }
        ],
        "about": [
            {
                "href": "https:\/\/bahia.culturaviva.net.br\/en\/wp-json\/wp\/v2\/types\/post"
            }
        ],
        "author": [
            {
                "embeddable": true,
                "href": "https:\/\/bahia.culturaviva.net.br\/en\/wp-json\/wp\/v2\/users\/4"
            }
        ],
        "replies": [
            {
                "embeddable": true,
                "href": "https:\/\/bahia.culturaviva.net.br\/en\/wp-json\/wp\/v2\/comments?post=1317"
            }
        ],
        "version-history": [
            {
                "count": 1,
                "href": "https:\/\/bahia.culturaviva.net.br\/en\/wp-json\/wp\/v2\/posts\/1317\/revisions"
            }
        ],
        "predecessor-version": [
            {
                "id": 1321,
                "href": "https:\/\/bahia.culturaviva.net.br\/en\/wp-json\/wp\/v2\/posts\/1317\/revisions\/1321"
            }
        ],
        "wp:featuredmedia": [
            {
                "embeddable": true,
                "href": "https:\/\/bahia.culturaviva.net.br\/en\/wp-json\/wp\/v2\/media\/1319"
            }
        ],
        "wp:attachment": [
            {
                "href": "https:\/\/bahia.culturaviva.net.br\/en\/wp-json\/wp\/v2\/media?parent=1317"
            }
        ],
        "wp:term": [
            {
                "taxonomy": "category",
                "embeddable": true,
                "href": "https:\/\/bahia.culturaviva.net.br\/en\/wp-json\/wp\/v2\/categories?post=1317"
            },
            {
                "taxonomy": "post_tag",
                "embeddable": true,
                "href": "https:\/\/bahia.culturaviva.net.br\/en\/wp-json\/wp\/v2\/tags?post=1317"
            }
        ],
        "curies": [
            {
                "name": "wp",
                "href": "https:\/\/api.w.org\/{rel}",
                "templated": true
            }
        ]
    }
}