{
    "id": 1344,
    "date": "2025-11-13T12:25:54",
    "date_gmt": "2025-11-13T15:25:54",
    "guid": {
        "rendered": "https:\/\/bahia.culturaviva.net.br\/?p=1344"
    },
    "modified": "2025-11-13T12:25:56",
    "modified_gmt": "2025-11-13T15:25:56",
    "slug": "rede-cultura-viva-ibicoara",
    "status": "publish",
    "type": "post",
    "link": "https:\/\/bahia.culturaviva.net.br\/en\/cultura\/rede-cultura-viva-ibicoara\/",
    "title": {
        "rendered": "Rede Cultura Viva Ibicoara"
    },
    "content": {
        "rendered": "<figure class=\"wp-block-image size-full\"><img loading=\"lazy\" decoding=\"async\" width=\"923\" height=\"355\" src=\"https:\/\/bahia.culturaviva.net.br\/wp-content\/uploads\/2025\/11\/logo-ibicoara.webp\" alt=\"\" class=\"wp-image-1347\" srcset=\"https:\/\/bahia.culturaviva.net.br\/wp-content\/uploads\/2025\/11\/logo-ibicoara.webp 923w, https:\/\/bahia.culturaviva.net.br\/wp-content\/uploads\/2025\/11\/logo-ibicoara-300x115.webp 300w, https:\/\/bahia.culturaviva.net.br\/wp-content\/uploads\/2025\/11\/logo-ibicoara-768x295.webp 768w, https:\/\/bahia.culturaviva.net.br\/wp-content\/uploads\/2025\/11\/logo-ibicoara-18x7.webp 18w, https:\/\/bahia.culturaviva.net.br\/wp-content\/uploads\/2025\/11\/logo-ibicoara-205x79.webp 205w, https:\/\/bahia.culturaviva.net.br\/wp-content\/uploads\/2025\/11\/logo-ibicoara-480x185.webp 480w\" sizes=\"auto, (max-width: 923px) 100vw, 923px\" \/><\/figure>\n\n\n\n<p>Em rede boa todo mundo se balan\u00e7a!<\/p>\n\n\n\n<p>A Rede Cultura Viva de Ibicoara \u00e9 de todos n\u00f3s! Crie sua conta gratuita e publique sua arte na rede! Divulgue suas a\u00e7\u00f5es culturais e marque seu espa\u00e7o cultural no mapa da cultura de Ibicoara!<\/p>\n\n\n\n<p>A Rede Cultura Viva de Ibicoara \u00e9 rede horizontal gerida pelo Conselho Municipal de Cultura com desenvolvimento e suporte t\u00e9cnico da Universidade Livre da Chapada Diamantina e financiamento da Prefeitura Municipal de Ibicoara com recursos da Lei Paulo Gustavo.<\/p>\n\n\n\n<h2 class=\"wp-block-heading\" id=\"e-bahia-ibicoara-e-pra-se-alegrar\">\u00c9 Bahia, Ibicoara, \u00c9 pra se Alegrar!\u2026<\/h2>\n\n\n\n<p>O munic\u00edpio de Ibicoara foi formado a partir da ocupa\u00e7\u00e3o de um territ\u00f3rio rural e agr\u00edcola, pertencente ao munic\u00edpio de Mucug\u00ea, por grupos de Tropeiros \u2013 que levavam alimentos, roupas e utens\u00edlios para os garimpeiros que trabalhavam na regi\u00e3o da Chapada Diamantina em busca de ouro e diamante. (\u2026) Sua emancipa\u00e7\u00e3o pol\u00edtica aconteceu em 20 de julho de 1962. (\u2026) Importante tra\u00e7o da identidade de Ibicoara \u00e9 que a forma\u00e7\u00e3o de seu povo se deu por um processo migrat\u00f3rio recente que continua at\u00e9 os dias atuais. A figura do \u201cTropeiro\u201d \u00e9, portanto, at\u00e9 hoje, um s\u00edmbolo importante da alma desse povo que continua incorporando imigrantes e \u201cpassantes\u201d no seio da sua estrutura social, por ser um territ\u00f3rio de intenso fluxo de turistas, nacionais e internacionais, que buscam desfrutar das belezas extraordin\u00e1rias do seu ecoturismo, que muitas vezes chegam como visitantes e terminam por fixar moradia no munic\u00edpio, fato que tem acontecido com maior frequ\u00eancia nos \u00faltimos anos. (\u2026) A sua identidade local continua sendo estruturada por esse perfil de cidad\u00e3o que traz as suas mem\u00f3rias de vida dos mais diversos lugares do nosso planeta, constituindo uma popula\u00e7\u00e3o com uma variedade humana, e natural, incomuns.<\/p>\n\n\n\n<p>Viva a Diversidade Cultural de Ibicoara!&nbsp;<\/p>\n\n\n\n<p>Andr\u00e9 Romero Nery Franco \u2013 Andr\u00e9 Rhomero \u2013 Diretor Municipal de Cultura em Ibicoara, Criador da Escola Asht\u00e1ria, Guia de Ecoturismo, Escritor, Compositor e Vocalista da Banda Ibicoarense: Forr\u00f3 Trindade!<\/p>\n\n\n\n<figure class=\"wp-block-image size-full\"><img loading=\"lazy\" decoding=\"async\" width=\"751\" height=\"1024\" src=\"https:\/\/bahia.culturaviva.net.br\/wp-content\/uploads\/2025\/11\/IBICOAARA.webp\" alt=\"\" class=\"wp-image-1345\" srcset=\"https:\/\/bahia.culturaviva.net.br\/wp-content\/uploads\/2025\/11\/IBICOAARA.webp 751w, https:\/\/bahia.culturaviva.net.br\/wp-content\/uploads\/2025\/11\/IBICOAARA-220x300.webp 220w, https:\/\/bahia.culturaviva.net.br\/wp-content\/uploads\/2025\/11\/IBICOAARA-9x12.webp 9w, https:\/\/bahia.culturaviva.net.br\/wp-content\/uploads\/2025\/11\/IBICOAARA-205x280.webp 205w, https:\/\/bahia.culturaviva.net.br\/wp-content\/uploads\/2025\/11\/IBICOAARA-480x654.webp 480w\" sizes=\"auto, (max-width: 751px) 100vw, 751px\" \/><\/figure>\n\n\n\n<figure class=\"wp-block-image size-full\"><img loading=\"lazy\" decoding=\"async\" width=\"768\" height=\"576\" src=\"https:\/\/bahia.culturaviva.net.br\/wp-content\/uploads\/2025\/11\/ibicoara.webp\" alt=\"\" class=\"wp-image-1346\" srcset=\"https:\/\/bahia.culturaviva.net.br\/wp-content\/uploads\/2025\/11\/ibicoara.webp 768w, https:\/\/bahia.culturaviva.net.br\/wp-content\/uploads\/2025\/11\/ibicoara-300x225.webp 300w, https:\/\/bahia.culturaviva.net.br\/wp-content\/uploads\/2025\/11\/ibicoara-16x12.webp 16w, https:\/\/bahia.culturaviva.net.br\/wp-content\/uploads\/2025\/11\/ibicoara-205x154.webp 205w, https:\/\/bahia.culturaviva.net.br\/wp-content\/uploads\/2025\/11\/ibicoara-480x360.webp 480w\" sizes=\"auto, (max-width: 768px) 100vw, 768px\" \/><\/figure>\n\n\n\n<p>Fonte: <a href=\"https:\/\/ibicoara.chapada.ba\/\">https:\/\/ibicoara.chapada.ba\/<\/a><\/p>\n\n\n\n<p><\/p>",
        "protected": false
    },
    "excerpt": {
        "rendered": "<p>Em rede boa todo mundo se balan\u00e7a! A Rede Cultura Viva de Ibicoara \u00e9 de todos n\u00f3s! Crie sua conta gratuita e publique sua arte na rede! Divulgue suas a\u00e7\u00f5es culturais e marque seu espa\u00e7o cultural no mapa da cultura de Ibicoara! A Rede Cultura Viva de Ibicoara \u00e9 rede horizontal gerida pelo Conselho Municipal [&hellip;]<\/p>",
        "protected": false
    },
    "author": 4,
    "featured_media": 1346,
    "comment_status": "open",
    "ping_status": "open",
    "sticky": false,
    "template": "",
    "format": "standard",
    "meta": {
        "_acf_changed": false,
        "_gspb_post_css": "",
        "footnotes": ""
    },
    "categories": [
        59,
        44
    ],
    "tags": [
        64,
        9,
        32
    ],
    "class_list": [
        "post-1344",
        "post",
        "type-post",
        "status-publish",
        "format-standard",
        "has-post-thumbnail",
        "hentry",
        "category-cultura",
        "category-musica",
        "tag-cultura-popular",
        "tag-breaking",
        "tag-musica"
    ],
    "blocksy_meta": [],
    "acf": [],
    "yoast_head": "<!-- This site is optimized with the Yoast SEO plugin v27.3 - https:\/\/yoast.com\/product\/yoast-seo-wordpress\/ -->\n<title>Rede Cultura Viva Ibicoara - Rede Cultura Viva da Bahia<\/title>\n<meta name=\"robots\" content=\"index, follow, max-snippet:-1, max-image-preview:large, max-video-preview:-1\" \/>\n<link rel=\"canonical\" href=\"https:\/\/bahia.culturaviva.net.br\/en\/musica\/rede-cultura-viva-ibicoara\/\" \/>\n<meta property=\"og:locale\" content=\"en_US\" \/>\n<meta property=\"og:type\" content=\"article\" \/>\n<meta property=\"og:title\" content=\"Rede Cultura Viva Ibicoara - Rede Cultura Viva da Bahia\" \/>\n<meta property=\"og:description\" content=\"Em rede boa todo mundo se balan\u00e7a! A Rede Cultura Viva de Ibicoara \u00e9 de todos n\u00f3s! Crie sua conta gratuita e publique sua arte na rede! Divulgue suas a\u00e7\u00f5es culturais e marque seu espa\u00e7o cultural no mapa da cultura de Ibicoara! A Rede Cultura Viva de Ibicoara \u00e9 rede horizontal gerida pelo Conselho Municipal [&hellip;]\" \/>\n<meta property=\"og:url\" content=\"https:\/\/bahia.culturaviva.net.br\/en\/musica\/rede-cultura-viva-ibicoara\/\" \/>\n<meta property=\"og:site_name\" content=\"Rede Cultura Viva da Bahia\" \/>\n<meta property=\"article:published_time\" content=\"2025-11-13T15:25:54+00:00\" \/>\n<meta property=\"article:modified_time\" content=\"2025-11-13T15:25:56+00:00\" \/>\n<meta property=\"og:image\" content=\"https:\/\/bahia.culturaviva.net.br\/wp-content\/uploads\/2025\/11\/ibicoara.webp\" \/>\n\t<meta property=\"og:image:width\" content=\"768\" \/>\n\t<meta property=\"og:image:height\" content=\"576\" \/>\n\t<meta property=\"og:image:type\" content=\"image\/webp\" \/>\n<meta name=\"author\" content=\"Carla Uhlmann\" \/>\n<meta name=\"twitter:card\" content=\"summary_large_image\" \/>\n<meta name=\"twitter:label1\" content=\"Written by\" \/>\n\t<meta name=\"twitter:data1\" content=\"Carla Uhlmann\" \/>\n\t<meta name=\"twitter:label2\" content=\"Est. reading time\" \/>\n\t<meta name=\"twitter:data2\" content=\"3 minutes\" \/>\n<script type=\"application\/ld+json\" class=\"yoast-schema-graph\">{\"@context\":\"https:\\\/\\\/schema.org\",\"@graph\":[{\"@type\":\"Article\",\"@id\":\"https:\\\/\\\/bahia.culturaviva.net.br\\\/musica\\\/rede-cultura-viva-ibicoara\\\/#article\",\"isPartOf\":{\"@id\":\"https:\\\/\\\/bahia.culturaviva.net.br\\\/musica\\\/rede-cultura-viva-ibicoara\\\/\"},\"author\":{\"name\":\"Carla Uhlmann\",\"@id\":\"https:\\\/\\\/bahia.culturaviva.net.br\\\/#\\\/schema\\\/person\\\/6e78da73e0acb5b6b65735aa9584dba0\"},\"headline\":\"Rede Cultura Viva Ibicoara\",\"datePublished\":\"2025-11-13T15:25:54+00:00\",\"dateModified\":\"2025-11-13T15:25:56+00:00\",\"mainEntityOfPage\":{\"@id\":\"https:\\\/\\\/bahia.culturaviva.net.br\\\/musica\\\/rede-cultura-viva-ibicoara\\\/\"},\"wordCount\":340,\"commentCount\":0,\"publisher\":{\"@id\":\"https:\\\/\\\/bahia.culturaviva.net.br\\\/#organization\"},\"image\":{\"@id\":\"https:\\\/\\\/bahia.culturaviva.net.br\\\/musica\\\/rede-cultura-viva-ibicoara\\\/#primaryimage\"},\"thumbnailUrl\":\"https:\\\/\\\/bahia.culturaviva.net.br\\\/wp-content\\\/uploads\\\/2025\\\/11\\\/ibicoara.webp\",\"keywords\":[\"Cultura Popular\",\"Extra\",\"M\u00fasica\"],\"articleSection\":[\"Cultura\",\"M\u00fasica\"],\"inLanguage\":\"en-US\",\"potentialAction\":[{\"@type\":\"CommentAction\",\"name\":\"Comment\",\"target\":[\"https:\\\/\\\/bahia.culturaviva.net.br\\\/musica\\\/rede-cultura-viva-ibicoara\\\/#respond\"]}]},{\"@type\":\"WebPage\",\"@id\":\"https:\\\/\\\/bahia.culturaviva.net.br\\\/musica\\\/rede-cultura-viva-ibicoara\\\/\",\"url\":\"https:\\\/\\\/bahia.culturaviva.net.br\\\/musica\\\/rede-cultura-viva-ibicoara\\\/\",\"name\":\"Rede Cultura Viva Ibicoara - Rede Cultura Viva da Bahia\",\"isPartOf\":{\"@id\":\"https:\\\/\\\/bahia.culturaviva.net.br\\\/#website\"},\"primaryImageOfPage\":{\"@id\":\"https:\\\/\\\/bahia.culturaviva.net.br\\\/musica\\\/rede-cultura-viva-ibicoara\\\/#primaryimage\"},\"image\":{\"@id\":\"https:\\\/\\\/bahia.culturaviva.net.br\\\/musica\\\/rede-cultura-viva-ibicoara\\\/#primaryimage\"},\"thumbnailUrl\":\"https:\\\/\\\/bahia.culturaviva.net.br\\\/wp-content\\\/uploads\\\/2025\\\/11\\\/ibicoara.webp\",\"datePublished\":\"2025-11-13T15:25:54+00:00\",\"dateModified\":\"2025-11-13T15:25:56+00:00\",\"breadcrumb\":{\"@id\":\"https:\\\/\\\/bahia.culturaviva.net.br\\\/musica\\\/rede-cultura-viva-ibicoara\\\/#breadcrumb\"},\"inLanguage\":\"en-US\",\"potentialAction\":[{\"@type\":\"ReadAction\",\"target\":[\"https:\\\/\\\/bahia.culturaviva.net.br\\\/musica\\\/rede-cultura-viva-ibicoara\\\/\"]}]},{\"@type\":\"ImageObject\",\"inLanguage\":\"en-US\",\"@id\":\"https:\\\/\\\/bahia.culturaviva.net.br\\\/musica\\\/rede-cultura-viva-ibicoara\\\/#primaryimage\",\"url\":\"https:\\\/\\\/bahia.culturaviva.net.br\\\/wp-content\\\/uploads\\\/2025\\\/11\\\/ibicoara.webp\",\"contentUrl\":\"https:\\\/\\\/bahia.culturaviva.net.br\\\/wp-content\\\/uploads\\\/2025\\\/11\\\/ibicoara.webp\",\"width\":768,\"height\":576},{\"@type\":\"BreadcrumbList\",\"@id\":\"https:\\\/\\\/bahia.culturaviva.net.br\\\/musica\\\/rede-cultura-viva-ibicoara\\\/#breadcrumb\",\"itemListElement\":[{\"@type\":\"ListItem\",\"position\":1,\"name\":\"In\u00edcio\",\"item\":\"https:\\\/\\\/bahia.culturaviva.net.br\\\/\"},{\"@type\":\"ListItem\",\"position\":2,\"name\":\"Rede Cultura Viva Ibicoara\"}]},{\"@type\":\"WebSite\",\"@id\":\"https:\\\/\\\/bahia.culturaviva.net.br\\\/#website\",\"url\":\"https:\\\/\\\/bahia.culturaviva.net.br\\\/\",\"name\":\"Rede Cultura Viva da Bahia\",\"description\":\"Espa\u00e7o para Acervo, Informa\u00e7\u00e3o e Participa\u00e7\u00e3o Social da Rede de Pontos de Cultura da Bahia\",\"publisher\":{\"@id\":\"https:\\\/\\\/bahia.culturaviva.net.br\\\/#organization\"},\"potentialAction\":[{\"@type\":\"SearchAction\",\"target\":{\"@type\":\"EntryPoint\",\"urlTemplate\":\"https:\\\/\\\/bahia.culturaviva.net.br\\\/?s={search_term_string}\"},\"query-input\":{\"@type\":\"PropertyValueSpecification\",\"valueRequired\":true,\"valueName\":\"search_term_string\"}}],\"inLanguage\":\"en-US\"},{\"@type\":\"Organization\",\"@id\":\"https:\\\/\\\/bahia.culturaviva.net.br\\\/#organization\",\"name\":\"Rede Cultura Viva da Bahia\",\"url\":\"https:\\\/\\\/bahia.culturaviva.net.br\\\/\",\"logo\":{\"@type\":\"ImageObject\",\"inLanguage\":\"en-US\",\"@id\":\"https:\\\/\\\/bahia.culturaviva.net.br\\\/#\\\/schema\\\/logo\\\/image\\\/\",\"url\":\"https:\\\/\\\/bahia.culturaviva.net.br\\\/wp-content\\\/uploads\\\/2025\\\/11\\\/logo-plataforma-culturaviva-bahia-branco.png\",\"contentUrl\":\"https:\\\/\\\/bahia.culturaviva.net.br\\\/wp-content\\\/uploads\\\/2025\\\/11\\\/logo-plataforma-culturaviva-bahia-branco.png\",\"width\":628,\"height\":652,\"caption\":\"Rede Cultura Viva da Bahia\"},\"image\":{\"@id\":\"https:\\\/\\\/bahia.culturaviva.net.br\\\/#\\\/schema\\\/logo\\\/image\\\/\"}},{\"@type\":\"Person\",\"@id\":\"https:\\\/\\\/bahia.culturaviva.net.br\\\/#\\\/schema\\\/person\\\/6e78da73e0acb5b6b65735aa9584dba0\",\"name\":\"Carla Uhlmann\",\"image\":{\"@type\":\"ImageObject\",\"inLanguage\":\"en-US\",\"@id\":\"https:\\\/\\\/secure.gravatar.com\\\/avatar\\\/174652d1afb5fe35d03517b4ac78b9aae436c9a12e364319b1fc0cf646d4a933?s=96&d=mm&r=g\",\"url\":\"https:\\\/\\\/secure.gravatar.com\\\/avatar\\\/174652d1afb5fe35d03517b4ac78b9aae436c9a12e364319b1fc0cf646d4a933?s=96&d=mm&r=g\",\"contentUrl\":\"https:\\\/\\\/secure.gravatar.com\\\/avatar\\\/174652d1afb5fe35d03517b4ac78b9aae436c9a12e364319b1fc0cf646d4a933?s=96&d=mm&r=g\",\"caption\":\"Carla Uhlmann\"},\"url\":\"https:\\\/\\\/bahia.culturaviva.net.br\\\/en\\\/author\\\/carlauhlmann\\\/\"}]}<\/script>\n<!-- \/ Yoast SEO plugin. -->",
    "yoast_head_json": {
        "title": "Rede Cultura Viva Ibicoara - Rede Cultura Viva da Bahia",
        "robots": {
            "index": "index",
            "follow": "follow",
            "max-snippet": "max-snippet:-1",
            "max-image-preview": "max-image-preview:large",
            "max-video-preview": "max-video-preview:-1"
        },
        "canonical": "https:\/\/bahia.culturaviva.net.br\/en\/musica\/rede-cultura-viva-ibicoara\/",
        "og_locale": "en_US",
        "og_type": "article",
        "og_title": "Rede Cultura Viva Ibicoara - Rede Cultura Viva da Bahia",
        "og_description": "Em rede boa todo mundo se balan\u00e7a! A Rede Cultura Viva de Ibicoara \u00e9 de todos n\u00f3s! Crie sua conta gratuita e publique sua arte na rede! Divulgue suas a\u00e7\u00f5es culturais e marque seu espa\u00e7o cultural no mapa da cultura de Ibicoara! A Rede Cultura Viva de Ibicoara \u00e9 rede horizontal gerida pelo Conselho Municipal [&hellip;]",
        "og_url": "https:\/\/bahia.culturaviva.net.br\/en\/musica\/rede-cultura-viva-ibicoara\/",
        "og_site_name": "Rede Cultura Viva da Bahia",
        "article_published_time": "2025-11-13T15:25:54+00:00",
        "article_modified_time": "2025-11-13T15:25:56+00:00",
        "og_image": [
            {
                "width": 768,
                "height": 576,
                "url": "https:\/\/bahia.culturaviva.net.br\/wp-content\/uploads\/2025\/11\/ibicoara.webp",
                "type": "image\/webp"
            }
        ],
        "author": "Carla Uhlmann",
        "twitter_card": "summary_large_image",
        "twitter_misc": {
            "Written by": "Carla Uhlmann",
            "Est. reading time": "3 minutes"
        },
        "schema": {
            "@context": "https:\/\/schema.org",
            "@graph": [
                {
                    "@type": "Article",
                    "@id": "https:\/\/bahia.culturaviva.net.br\/musica\/rede-cultura-viva-ibicoara\/#article",
                    "isPartOf": {
                        "@id": "https:\/\/bahia.culturaviva.net.br\/musica\/rede-cultura-viva-ibicoara\/"
                    },
                    "author": {
                        "name": "Carla Uhlmann",
                        "@id": "https:\/\/bahia.culturaviva.net.br\/#\/schema\/person\/6e78da73e0acb5b6b65735aa9584dba0"
                    },
                    "headline": "Rede Cultura Viva Ibicoara",
                    "datePublished": "2025-11-13T15:25:54+00:00",
                    "dateModified": "2025-11-13T15:25:56+00:00",
                    "mainEntityOfPage": {
                        "@id": "https:\/\/bahia.culturaviva.net.br\/musica\/rede-cultura-viva-ibicoara\/"
                    },
                    "wordCount": 340,
                    "commentCount": 0,
                    "publisher": {
                        "@id": "https:\/\/bahia.culturaviva.net.br\/#organization"
                    },
                    "image": {
                        "@id": "https:\/\/bahia.culturaviva.net.br\/musica\/rede-cultura-viva-ibicoara\/#primaryimage"
                    },
                    "thumbnailUrl": "https:\/\/bahia.culturaviva.net.br\/wp-content\/uploads\/2025\/11\/ibicoara.webp",
                    "keywords": [
                        "Cultura Popular",
                        "Extra",
                        "M\u00fasica"
                    ],
                    "articleSection": [
                        "Cultura",
                        "M\u00fasica"
                    ],
                    "inLanguage": "en-US",
                    "potentialAction": [
                        {
                            "@type": "CommentAction",
                            "name": "Comment",
                            "target": [
                                "https:\/\/bahia.culturaviva.net.br\/musica\/rede-cultura-viva-ibicoara\/#respond"
                            ]
                        }
                    ]
                },
                {
                    "@type": "WebPage",
                    "@id": "https:\/\/bahia.culturaviva.net.br\/musica\/rede-cultura-viva-ibicoara\/",
                    "url": "https:\/\/bahia.culturaviva.net.br\/musica\/rede-cultura-viva-ibicoara\/",
                    "name": "Rede Cultura Viva Ibicoara - Rede Cultura Viva da Bahia",
                    "isPartOf": {
                        "@id": "https:\/\/bahia.culturaviva.net.br\/#website"
                    },
                    "primaryImageOfPage": {
                        "@id": "https:\/\/bahia.culturaviva.net.br\/musica\/rede-cultura-viva-ibicoara\/#primaryimage"
                    },
                    "image": {
                        "@id": "https:\/\/bahia.culturaviva.net.br\/musica\/rede-cultura-viva-ibicoara\/#primaryimage"
                    },
                    "thumbnailUrl": "https:\/\/bahia.culturaviva.net.br\/wp-content\/uploads\/2025\/11\/ibicoara.webp",
                    "datePublished": "2025-11-13T15:25:54+00:00",
                    "dateModified": "2025-11-13T15:25:56+00:00",
                    "breadcrumb": {
                        "@id": "https:\/\/bahia.culturaviva.net.br\/musica\/rede-cultura-viva-ibicoara\/#breadcrumb"
                    },
                    "inLanguage": "en-US",
                    "potentialAction": [
                        {
                            "@type": "ReadAction",
                            "target": [
                                "https:\/\/bahia.culturaviva.net.br\/musica\/rede-cultura-viva-ibicoara\/"
                            ]
                        }
                    ]
                },
                {
                    "@type": "ImageObject",
                    "inLanguage": "en-US",
                    "@id": "https:\/\/bahia.culturaviva.net.br\/musica\/rede-cultura-viva-ibicoara\/#primaryimage",
                    "url": "https:\/\/bahia.culturaviva.net.br\/wp-content\/uploads\/2025\/11\/ibicoara.webp",
                    "contentUrl": "https:\/\/bahia.culturaviva.net.br\/wp-content\/uploads\/2025\/11\/ibicoara.webp",
                    "width": 768,
                    "height": 576
                },
                {
                    "@type": "BreadcrumbList",
                    "@id": "https:\/\/bahia.culturaviva.net.br\/musica\/rede-cultura-viva-ibicoara\/#breadcrumb",
                    "itemListElement": [
                        {
                            "@type": "ListItem",
                            "position": 1,
                            "name": "In\u00edcio",
                            "item": "https:\/\/bahia.culturaviva.net.br\/"
                        },
                        {
                            "@type": "ListItem",
                            "position": 2,
                            "name": "Rede Cultura Viva Ibicoara"
                        }
                    ]
                },
                {
                    "@type": "WebSite",
                    "@id": "https:\/\/bahia.culturaviva.net.br\/#website",
                    "url": "https:\/\/bahia.culturaviva.net.br\/",
                    "name": "Rede Cultura Viva da Bahia",
                    "description": "Espa\u00e7o para Acervo, Informa\u00e7\u00e3o e Participa\u00e7\u00e3o Social da Rede de Pontos de Cultura da Bahia",
                    "publisher": {
                        "@id": "https:\/\/bahia.culturaviva.net.br\/#organization"
                    },
                    "potentialAction": [
                        {
                            "@type": "SearchAction",
                            "target": {
                                "@type": "EntryPoint",
                                "urlTemplate": "https:\/\/bahia.culturaviva.net.br\/?s={search_term_string}"
                            },
                            "query-input": {
                                "@type": "PropertyValueSpecification",
                                "valueRequired": true,
                                "valueName": "search_term_string"
                            }
                        }
                    ],
                    "inLanguage": "en-US"
                },
                {
                    "@type": "Organization",
                    "@id": "https:\/\/bahia.culturaviva.net.br\/#organization",
                    "name": "Rede Cultura Viva da Bahia",
                    "url": "https:\/\/bahia.culturaviva.net.br\/",
                    "logo": {
                        "@type": "ImageObject",
                        "inLanguage": "en-US",
                        "@id": "https:\/\/bahia.culturaviva.net.br\/#\/schema\/logo\/image\/",
                        "url": "https:\/\/bahia.culturaviva.net.br\/wp-content\/uploads\/2025\/11\/logo-plataforma-culturaviva-bahia-branco.png",
                        "contentUrl": "https:\/\/bahia.culturaviva.net.br\/wp-content\/uploads\/2025\/11\/logo-plataforma-culturaviva-bahia-branco.png",
                        "width": 628,
                        "height": 652,
                        "caption": "Rede Cultura Viva da Bahia"
                    },
                    "image": {
                        "@id": "https:\/\/bahia.culturaviva.net.br\/#\/schema\/logo\/image\/"
                    }
                },
                {
                    "@type": "Person",
                    "@id": "https:\/\/bahia.culturaviva.net.br\/#\/schema\/person\/6e78da73e0acb5b6b65735aa9584dba0",
                    "name": "Carla Uhlmann",
                    "image": {
                        "@type": "ImageObject",
                        "inLanguage": "en-US",
                        "@id": "https:\/\/secure.gravatar.com\/avatar\/174652d1afb5fe35d03517b4ac78b9aae436c9a12e364319b1fc0cf646d4a933?s=96&d=mm&r=g",
                        "url": "https:\/\/secure.gravatar.com\/avatar\/174652d1afb5fe35d03517b4ac78b9aae436c9a12e364319b1fc0cf646d4a933?s=96&d=mm&r=g",
                        "contentUrl": "https:\/\/secure.gravatar.com\/avatar\/174652d1afb5fe35d03517b4ac78b9aae436c9a12e364319b1fc0cf646d4a933?s=96&d=mm&r=g",
                        "caption": "Carla Uhlmann"
                    },
                    "url": "https:\/\/bahia.culturaviva.net.br\/en\/author\/carlauhlmann\/"
                }
            ]
        }
    },
    "_links": {
        "self": [
            {
                "href": "https:\/\/bahia.culturaviva.net.br\/en\/wp-json\/wp\/v2\/posts\/1344",
                "targetHints": {
                    "allow": [
                        "GET"
                    ]
                }
            }
        ],
        "collection": [
            {
                "href": "https:\/\/bahia.culturaviva.net.br\/en\/wp-json\/wp\/v2\/posts"
            }
        ],
        "about": [
            {
                "href": "https:\/\/bahia.culturaviva.net.br\/en\/wp-json\/wp\/v2\/types\/post"
            }
        ],
        "author": [
            {
                "embeddable": true,
                "href": "https:\/\/bahia.culturaviva.net.br\/en\/wp-json\/wp\/v2\/users\/4"
            }
        ],
        "replies": [
            {
                "embeddable": true,
                "href": "https:\/\/bahia.culturaviva.net.br\/en\/wp-json\/wp\/v2\/comments?post=1344"
            }
        ],
        "version-history": [
            {
                "count": 2,
                "href": "https:\/\/bahia.culturaviva.net.br\/en\/wp-json\/wp\/v2\/posts\/1344\/revisions"
            }
        ],
        "predecessor-version": [
            {
                "id": 1349,
                "href": "https:\/\/bahia.culturaviva.net.br\/en\/wp-json\/wp\/v2\/posts\/1344\/revisions\/1349"
            }
        ],
        "wp:featuredmedia": [
            {
                "embeddable": true,
                "href": "https:\/\/bahia.culturaviva.net.br\/en\/wp-json\/wp\/v2\/media\/1346"
            }
        ],
        "wp:attachment": [
            {
                "href": "https:\/\/bahia.culturaviva.net.br\/en\/wp-json\/wp\/v2\/media?parent=1344"
            }
        ],
        "wp:term": [
            {
                "taxonomy": "category",
                "embeddable": true,
                "href": "https:\/\/bahia.culturaviva.net.br\/en\/wp-json\/wp\/v2\/categories?post=1344"
            },
            {
                "taxonomy": "post_tag",
                "embeddable": true,
                "href": "https:\/\/bahia.culturaviva.net.br\/en\/wp-json\/wp\/v2\/tags?post=1344"
            }
        ],
        "curies": [
            {
                "name": "wp",
                "href": "https:\/\/api.w.org\/{rel}",
                "templated": true
            }
        ]
    }
}