{
    "id": 1399,
    "date": "2025-11-17T11:58:28",
    "date_gmt": "2025-11-17T14:58:28",
    "guid": {
        "rendered": "https:\/\/bahia.culturaviva.net.br\/?p=1399"
    },
    "modified": "2025-11-17T12:02:50",
    "modified_gmt": "2025-11-17T15:02:50",
    "slug": "lula-envia-nesta-segunda-ao-congresso-o-novo-plano-nacional-de-cultura",
    "status": "publish",
    "type": "post",
    "link": "https:\/\/bahia.culturaviva.net.br\/en\/cultura\/lula-envia-nesta-segunda-ao-congresso-o-novo-plano-nacional-de-cultura\/",
    "title": {
        "rendered": "Lula envia nesta segunda ao Congresso o novo Plano Nacional de Cultura"
    },
    "content": {
        "rendered": "<p>PNC vai orientar pol\u00edtica cultural do pa\u00eds nos pr\u00f3ximos 10 anos<\/p>\n\n\n\n<p>Andreia Verd\u00e9lio \u2013 Rep\u00f3rter da Ag\u00eancia Brasil | Publicado em 17\/11\/2025 | Bras\u00edlia<\/p>\n\n\n\n<figure class=\"wp-block-image size-large\"><img loading=\"lazy\" decoding=\"async\" width=\"1024\" height=\"613\" src=\"https:\/\/bahia.culturaviva.net.br\/wp-content\/uploads\/2025\/11\/pnc-1024x613.webp\" alt=\"\" class=\"wp-image-1400\" srcset=\"https:\/\/bahia.culturaviva.net.br\/wp-content\/uploads\/2025\/11\/pnc-1024x613.webp 1024w, https:\/\/bahia.culturaviva.net.br\/wp-content\/uploads\/2025\/11\/pnc-300x179.webp 300w, https:\/\/bahia.culturaviva.net.br\/wp-content\/uploads\/2025\/11\/pnc-768x459.webp 768w, https:\/\/bahia.culturaviva.net.br\/wp-content\/uploads\/2025\/11\/pnc-18x12.webp 18w, https:\/\/bahia.culturaviva.net.br\/wp-content\/uploads\/2025\/11\/pnc-205x123.webp 205w, https:\/\/bahia.culturaviva.net.br\/wp-content\/uploads\/2025\/11\/pnc-480x287.webp 480w, https:\/\/bahia.culturaviva.net.br\/wp-content\/uploads\/2025\/11\/pnc.webp 1170w\" sizes=\"auto, (max-width: 1024px) 100vw, 1024px\" \/><\/figure>\n\n\n\n<p class=\"has-text-align-center\"><span style=\"color: var(--theme-palette-color-1, #106abf);\" class=\"stk-highlight\">\u00a9 Fernando Fraz\u00e3o\/Ag\u00eancia Brasil<\/span><\/p>\n\n\n\n<p>O novo Plano Nacional de Cultura (PNC) ser\u00e1 encaminhado nesta segunda-feira (17), pelo governo federal, para an\u00e1lise do Congresso Nacional.&nbsp;<strong>O plano&nbsp;vai orientar as pol\u00edticas culturais do pa\u00eds pelos pr\u00f3ximos 10 anos.<\/strong><img decoding=\"async\" src=\"https:\/\/agenciabrasil.ebc.com.br\/ebc.png?id=1668027&amp;o=node\"><img decoding=\"async\" src=\"https:\/\/agenciabrasil.ebc.com.br\/ebc.gif?id=1668027&amp;o=node\"><\/p>\n\n\n\n<p>Em cerim\u00f4nia no Pal\u00e1cio do Planalto, nesta manh\u00e3, o presidente Luiz In\u00e1cio&nbsp;Lula&nbsp;da Silva&nbsp;tamb\u00e9m assinar\u00e1 o decreto que cria a Comiss\u00e3o Intergestores Tripartite para a cultura.<\/p>\n\n\n\n<p>\u201cO texto reafirma a cultura como pol\u00edtica de Estado e pilar estrat\u00e9gico da democracia, da soberania e de um desenvolvimento socialmente justo\u201d, diz a&nbsp;divulga\u00e7\u00e3o do governo.<\/p>\n\n\n\n<p>J\u00e1&nbsp;<strong>a Comiss\u00e3o Intergestores Tripartite ser\u00e1 a inst\u00e2ncia permanente de di\u00e1logo entre Uni\u00e3o, estados e munic\u00edpios para a implementa\u00e7\u00e3o das pol\u00edticas p\u00fablicas de cultura<\/strong>, \u201cfortalecendo a governan\u00e7a federativa e a coopera\u00e7\u00e3o entre gestores\u201d.<\/p>\n\n\n\n<p>A ministra da Cultura, Margareth Menezes, e outras autoridades estar\u00e3o presentes no evento.<\/p>\n\n\n\n<p>Est\u00e3o confirmadas tamb\u00e9m as participa\u00e7\u00f5es de agentes territoriais e representantes dos comit\u00eas de cultura de todo o Brasil, integrantes do Programa Nacional dos Comit\u00eas de Cultura (PNCC), \u201cque simbolizam a participa\u00e7\u00e3o popular e o compromisso coletivo com a constru\u00e7\u00e3o de pol\u00edticas culturais democr\u00e1ticas e acess\u00edveis\u201d.<\/p>\n\n\n\n<h2 class=\"wp-block-heading\" id=\"conferencia-nacional-de-cultura\">Confer\u00eancia Nacional de Cultura<\/h2>\n\n\n\n<p><strong>A elabora\u00e7\u00e3o do plano foi subsidiada pelas propostas aprovadas durante a 4\u00aa Confer\u00eancia Nacional de Cultura (CNC)<\/strong>, realizada pelo Minist\u00e9rio da Cultura em mar\u00e7o de 2024. Com o tema Democracia e Direito \u00e0 Cultura,&nbsp;<a href=\"https:\/\/agenciabrasil.ebc.com.br\/geral\/noticia\/2024-03\/4a-cnc-aprova-30-propostas-de-politicas-publicas-para-cultura\">o evento reuniu, em Bras\u00edlia, 1,2 mil delegados de todo o pa\u00eds, que aprovaram 30 propostas de pol\u00edticas p\u00fablicas para o setor<\/a>.<\/p>\n\n\n\n<p><strong>A propostas&nbsp;da sociedade que subsidiaram o plano&nbsp;incluem iniciativas em seis eixos tem\u00e1ticos:<\/strong><\/p>\n\n\n\n<ul class=\"wp-block-list\">\n<li>Institucionaliza\u00e7\u00e3o, Marcos Legais e Sistema Nacional de Cultura;<\/li>\n\n\n\n<li>Democratiza\u00e7\u00e3o do acesso \u00e0 cultura e Participa\u00e7\u00e3o Social;<\/li>\n\n\n\n<li>Identidade, Patrim\u00f4nio e Mem\u00f3ria;<\/li>\n\n\n\n<li>Diversidade Cultural e Transversalidades de G\u00eanero, Ra\u00e7a e Acessibilidade na Pol\u00edtica Cultural;<\/li>\n\n\n\n<li>Economia Criativa, Trabalho, Renda e Sustentabilidade;<\/li>\n\n\n\n<li>e Direito \u00e0s Artes e Linguagens Digitais.<\/li>\n<\/ul>\n\n\n\n<p>A 4\u00aa CNC encerrou o intervalo de mais de 10 anos desde a \u00faltima confer\u00eancia, em dezembro de 2013, que avaliou a execu\u00e7\u00e3o das metas do primeiro PNC.<\/p>\n\n\n\n<p>O plano pioneiro&nbsp;foi institu\u00eddo em 2010, pela&nbsp;<a href=\"https:\/\/www.planalto.gov.br\/ccivil_03\/_ato2007-2010\/2010\/lei\/l12343.htm\">Lei n\u00b0 12.343<\/a>, ap\u00f3s duas confer\u00eancias nacionais, e teria vig\u00eancia at\u00e9 dezembro de 2020. No entanto, em 2021 e 2022,&nbsp;<a href=\"https:\/\/www.gov.br\/cultura\/pt-br\/assuntos\/plano-nacional-de-cultura\/pnc-em-vigor\/\">o plano passou por duas prorroga\u00e7\u00f5es e o texto ficou em vigor at\u00e9 dezembro de 2024<\/a>.<\/p>\n\n\n\n<p>Fonte: <a href=\"https:\/\/agenciabrasil.ebc.com.br\/cultura\/noticia\/2025-11\/lula-envia-nesta-segunda-ao-congresso-o-novo-plano-nacional-de-cultura\">https:\/\/agenciabrasil.ebc.com.br\/cultura\/noticia\/2025-11\/lula-envia-nesta-segunda-ao-congresso-o-novo-plano-nacional-de-cultura<\/a><\/p>\n\n\n\n<p><\/p>",
        "protected": false
    },
    "excerpt": {
        "rendered": "<p>PNC vai orientar pol\u00edtica cultural do pa\u00eds nos pr\u00f3ximos 10 anos Andreia Verd\u00e9lio \u2013 Rep\u00f3rter da Ag\u00eancia Brasil | Publicado em 17\/11\/2025 | Bras\u00edlia \u00a9 Fernando Fraz\u00e3o\/Ag\u00eancia Brasil O novo Plano Nacional de Cultura (PNC) ser\u00e1 encaminhado nesta segunda-feira (17), pelo governo federal, para an\u00e1lise do Congresso Nacional.&nbsp;O plano&nbsp;vai orientar as pol\u00edticas culturais do pa\u00eds [&hellip;]<\/p>",
        "protected": false
    },
    "author": 4,
    "featured_media": 1400,
    "comment_status": "open",
    "ping_status": "open",
    "sticky": false,
    "template": "",
    "format": "standard",
    "meta": {
        "_acf_changed": false,
        "_gspb_post_css": "",
        "footnotes": ""
    },
    "categories": [
        59
    ],
    "tags": [
        9,
        74
    ],
    "class_list": [
        "post-1399",
        "post",
        "type-post",
        "status-publish",
        "format-standard",
        "has-post-thumbnail",
        "hentry",
        "category-cultura",
        "tag-breaking",
        "tag-plano-nacional-de-cultura"
    ],
    "blocksy_meta": [],
    "acf": [],
    "yoast_head": "<!-- This site is optimized with the Yoast SEO plugin v27.3 - https:\/\/yoast.com\/product\/yoast-seo-wordpress\/ -->\n<title>Lula envia nesta segunda ao Congresso o novo Plano Nacional de Cultura - Rede Cultura Viva da Bahia<\/title>\n<meta name=\"robots\" content=\"index, follow, max-snippet:-1, max-image-preview:large, max-video-preview:-1\" \/>\n<link rel=\"canonical\" href=\"https:\/\/bahia.culturaviva.net.br\/en\/cultura\/lula-envia-nesta-segunda-ao-congresso-o-novo-plano-nacional-de-cultura\/\" \/>\n<meta property=\"og:locale\" content=\"en_US\" \/>\n<meta property=\"og:type\" content=\"article\" \/>\n<meta property=\"og:title\" content=\"Lula envia nesta segunda ao Congresso o novo Plano Nacional de Cultura - Rede Cultura Viva da Bahia\" \/>\n<meta property=\"og:description\" content=\"PNC vai orientar pol\u00edtica cultural do pa\u00eds nos pr\u00f3ximos 10 anos Andreia Verd\u00e9lio \u2013 Rep\u00f3rter da Ag\u00eancia Brasil | Publicado em 17\/11\/2025 | Bras\u00edlia \u00a9 Fernando Fraz\u00e3o\/Ag\u00eancia Brasil O novo Plano Nacional de Cultura (PNC) ser\u00e1 encaminhado nesta segunda-feira (17), pelo governo federal, para an\u00e1lise do Congresso Nacional.&nbsp;O plano&nbsp;vai orientar as pol\u00edticas culturais do pa\u00eds [&hellip;]\" \/>\n<meta property=\"og:url\" content=\"https:\/\/bahia.culturaviva.net.br\/en\/cultura\/lula-envia-nesta-segunda-ao-congresso-o-novo-plano-nacional-de-cultura\/\" \/>\n<meta property=\"og:site_name\" content=\"Rede Cultura Viva da Bahia\" \/>\n<meta property=\"article:published_time\" content=\"2025-11-17T14:58:28+00:00\" \/>\n<meta property=\"article:modified_time\" content=\"2025-11-17T15:02:50+00:00\" \/>\n<meta property=\"og:image\" content=\"https:\/\/bahia.culturaviva.net.br\/wp-content\/uploads\/2025\/11\/pnc.webp\" \/>\n\t<meta property=\"og:image:width\" content=\"1170\" \/>\n\t<meta property=\"og:image:height\" content=\"700\" \/>\n\t<meta property=\"og:image:type\" content=\"image\/webp\" \/>\n<meta name=\"author\" content=\"Carla Uhlmann\" \/>\n<meta name=\"twitter:card\" content=\"summary_large_image\" \/>\n<meta name=\"twitter:label1\" content=\"Written by\" \/>\n\t<meta name=\"twitter:data1\" content=\"Carla Uhlmann\" \/>\n\t<meta name=\"twitter:label2\" content=\"Est. reading time\" \/>\n\t<meta name=\"twitter:data2\" content=\"4 minutes\" \/>\n<script type=\"application\/ld+json\" class=\"yoast-schema-graph\">{\"@context\":\"https:\\\/\\\/schema.org\",\"@graph\":[{\"@type\":\"Article\",\"@id\":\"https:\\\/\\\/bahia.culturaviva.net.br\\\/cultura\\\/lula-envia-nesta-segunda-ao-congresso-o-novo-plano-nacional-de-cultura\\\/#article\",\"isPartOf\":{\"@id\":\"https:\\\/\\\/bahia.culturaviva.net.br\\\/cultura\\\/lula-envia-nesta-segunda-ao-congresso-o-novo-plano-nacional-de-cultura\\\/\"},\"author\":{\"name\":\"Carla Uhlmann\",\"@id\":\"https:\\\/\\\/bahia.culturaviva.net.br\\\/#\\\/schema\\\/person\\\/6e78da73e0acb5b6b65735aa9584dba0\"},\"headline\":\"Lula envia nesta segunda ao Congresso o novo Plano Nacional de Cultura\",\"datePublished\":\"2025-11-17T14:58:28+00:00\",\"dateModified\":\"2025-11-17T15:02:50+00:00\",\"mainEntityOfPage\":{\"@id\":\"https:\\\/\\\/bahia.culturaviva.net.br\\\/cultura\\\/lula-envia-nesta-segunda-ao-congresso-o-novo-plano-nacional-de-cultura\\\/\"},\"wordCount\":478,\"commentCount\":0,\"publisher\":{\"@id\":\"https:\\\/\\\/bahia.culturaviva.net.br\\\/#organization\"},\"image\":{\"@id\":\"https:\\\/\\\/bahia.culturaviva.net.br\\\/cultura\\\/lula-envia-nesta-segunda-ao-congresso-o-novo-plano-nacional-de-cultura\\\/#primaryimage\"},\"thumbnailUrl\":\"https:\\\/\\\/bahia.culturaviva.net.br\\\/wp-content\\\/uploads\\\/2025\\\/11\\\/pnc.webp\",\"keywords\":[\"Extra\",\"Plano Nacional de Cultura\"],\"articleSection\":[\"Cultura\"],\"inLanguage\":\"en-US\",\"potentialAction\":[{\"@type\":\"CommentAction\",\"name\":\"Comment\",\"target\":[\"https:\\\/\\\/bahia.culturaviva.net.br\\\/cultura\\\/lula-envia-nesta-segunda-ao-congresso-o-novo-plano-nacional-de-cultura\\\/#respond\"]}]},{\"@type\":\"WebPage\",\"@id\":\"https:\\\/\\\/bahia.culturaviva.net.br\\\/cultura\\\/lula-envia-nesta-segunda-ao-congresso-o-novo-plano-nacional-de-cultura\\\/\",\"url\":\"https:\\\/\\\/bahia.culturaviva.net.br\\\/cultura\\\/lula-envia-nesta-segunda-ao-congresso-o-novo-plano-nacional-de-cultura\\\/\",\"name\":\"Lula envia nesta segunda ao Congresso o novo Plano Nacional de Cultura - Rede Cultura Viva da Bahia\",\"isPartOf\":{\"@id\":\"https:\\\/\\\/bahia.culturaviva.net.br\\\/#website\"},\"primaryImageOfPage\":{\"@id\":\"https:\\\/\\\/bahia.culturaviva.net.br\\\/cultura\\\/lula-envia-nesta-segunda-ao-congresso-o-novo-plano-nacional-de-cultura\\\/#primaryimage\"},\"image\":{\"@id\":\"https:\\\/\\\/bahia.culturaviva.net.br\\\/cultura\\\/lula-envia-nesta-segunda-ao-congresso-o-novo-plano-nacional-de-cultura\\\/#primaryimage\"},\"thumbnailUrl\":\"https:\\\/\\\/bahia.culturaviva.net.br\\\/wp-content\\\/uploads\\\/2025\\\/11\\\/pnc.webp\",\"datePublished\":\"2025-11-17T14:58:28+00:00\",\"dateModified\":\"2025-11-17T15:02:50+00:00\",\"breadcrumb\":{\"@id\":\"https:\\\/\\\/bahia.culturaviva.net.br\\\/cultura\\\/lula-envia-nesta-segunda-ao-congresso-o-novo-plano-nacional-de-cultura\\\/#breadcrumb\"},\"inLanguage\":\"en-US\",\"potentialAction\":[{\"@type\":\"ReadAction\",\"target\":[\"https:\\\/\\\/bahia.culturaviva.net.br\\\/cultura\\\/lula-envia-nesta-segunda-ao-congresso-o-novo-plano-nacional-de-cultura\\\/\"]}]},{\"@type\":\"ImageObject\",\"inLanguage\":\"en-US\",\"@id\":\"https:\\\/\\\/bahia.culturaviva.net.br\\\/cultura\\\/lula-envia-nesta-segunda-ao-congresso-o-novo-plano-nacional-de-cultura\\\/#primaryimage\",\"url\":\"https:\\\/\\\/bahia.culturaviva.net.br\\\/wp-content\\\/uploads\\\/2025\\\/11\\\/pnc.webp\",\"contentUrl\":\"https:\\\/\\\/bahia.culturaviva.net.br\\\/wp-content\\\/uploads\\\/2025\\\/11\\\/pnc.webp\",\"width\":1170,\"height\":700},{\"@type\":\"BreadcrumbList\",\"@id\":\"https:\\\/\\\/bahia.culturaviva.net.br\\\/cultura\\\/lula-envia-nesta-segunda-ao-congresso-o-novo-plano-nacional-de-cultura\\\/#breadcrumb\",\"itemListElement\":[{\"@type\":\"ListItem\",\"position\":1,\"name\":\"In\u00edcio\",\"item\":\"https:\\\/\\\/bahia.culturaviva.net.br\\\/\"},{\"@type\":\"ListItem\",\"position\":2,\"name\":\"Lula envia nesta segunda ao Congresso o novo Plano Nacional de Cultura\"}]},{\"@type\":\"WebSite\",\"@id\":\"https:\\\/\\\/bahia.culturaviva.net.br\\\/#website\",\"url\":\"https:\\\/\\\/bahia.culturaviva.net.br\\\/\",\"name\":\"Rede Cultura Viva da Bahia\",\"description\":\"Espa\u00e7o para Acervo, Informa\u00e7\u00e3o e Participa\u00e7\u00e3o Social da Rede de Pontos de Cultura da Bahia\",\"publisher\":{\"@id\":\"https:\\\/\\\/bahia.culturaviva.net.br\\\/#organization\"},\"potentialAction\":[{\"@type\":\"SearchAction\",\"target\":{\"@type\":\"EntryPoint\",\"urlTemplate\":\"https:\\\/\\\/bahia.culturaviva.net.br\\\/?s={search_term_string}\"},\"query-input\":{\"@type\":\"PropertyValueSpecification\",\"valueRequired\":true,\"valueName\":\"search_term_string\"}}],\"inLanguage\":\"en-US\"},{\"@type\":\"Organization\",\"@id\":\"https:\\\/\\\/bahia.culturaviva.net.br\\\/#organization\",\"name\":\"Rede Cultura Viva da Bahia\",\"url\":\"https:\\\/\\\/bahia.culturaviva.net.br\\\/\",\"logo\":{\"@type\":\"ImageObject\",\"inLanguage\":\"en-US\",\"@id\":\"https:\\\/\\\/bahia.culturaviva.net.br\\\/#\\\/schema\\\/logo\\\/image\\\/\",\"url\":\"https:\\\/\\\/bahia.culturaviva.net.br\\\/wp-content\\\/uploads\\\/2025\\\/11\\\/logo-plataforma-culturaviva-bahia-branco.png\",\"contentUrl\":\"https:\\\/\\\/bahia.culturaviva.net.br\\\/wp-content\\\/uploads\\\/2025\\\/11\\\/logo-plataforma-culturaviva-bahia-branco.png\",\"width\":628,\"height\":652,\"caption\":\"Rede Cultura Viva da Bahia\"},\"image\":{\"@id\":\"https:\\\/\\\/bahia.culturaviva.net.br\\\/#\\\/schema\\\/logo\\\/image\\\/\"}},{\"@type\":\"Person\",\"@id\":\"https:\\\/\\\/bahia.culturaviva.net.br\\\/#\\\/schema\\\/person\\\/6e78da73e0acb5b6b65735aa9584dba0\",\"name\":\"Carla Uhlmann\",\"image\":{\"@type\":\"ImageObject\",\"inLanguage\":\"en-US\",\"@id\":\"https:\\\/\\\/secure.gravatar.com\\\/avatar\\\/174652d1afb5fe35d03517b4ac78b9aae436c9a12e364319b1fc0cf646d4a933?s=96&d=mm&r=g\",\"url\":\"https:\\\/\\\/secure.gravatar.com\\\/avatar\\\/174652d1afb5fe35d03517b4ac78b9aae436c9a12e364319b1fc0cf646d4a933?s=96&d=mm&r=g\",\"contentUrl\":\"https:\\\/\\\/secure.gravatar.com\\\/avatar\\\/174652d1afb5fe35d03517b4ac78b9aae436c9a12e364319b1fc0cf646d4a933?s=96&d=mm&r=g\",\"caption\":\"Carla Uhlmann\"},\"url\":\"https:\\\/\\\/bahia.culturaviva.net.br\\\/en\\\/author\\\/carlauhlmann\\\/\"}]}<\/script>\n<!-- \/ Yoast SEO plugin. -->",
    "yoast_head_json": {
        "title": "Lula envia nesta segunda ao Congresso o novo Plano Nacional de Cultura - Rede Cultura Viva da Bahia",
        "robots": {
            "index": "index",
            "follow": "follow",
            "max-snippet": "max-snippet:-1",
            "max-image-preview": "max-image-preview:large",
            "max-video-preview": "max-video-preview:-1"
        },
        "canonical": "https:\/\/bahia.culturaviva.net.br\/en\/cultura\/lula-envia-nesta-segunda-ao-congresso-o-novo-plano-nacional-de-cultura\/",
        "og_locale": "en_US",
        "og_type": "article",
        "og_title": "Lula envia nesta segunda ao Congresso o novo Plano Nacional de Cultura - Rede Cultura Viva da Bahia",
        "og_description": "PNC vai orientar pol\u00edtica cultural do pa\u00eds nos pr\u00f3ximos 10 anos Andreia Verd\u00e9lio \u2013 Rep\u00f3rter da Ag\u00eancia Brasil | Publicado em 17\/11\/2025 | Bras\u00edlia \u00a9 Fernando Fraz\u00e3o\/Ag\u00eancia Brasil O novo Plano Nacional de Cultura (PNC) ser\u00e1 encaminhado nesta segunda-feira (17), pelo governo federal, para an\u00e1lise do Congresso Nacional.&nbsp;O plano&nbsp;vai orientar as pol\u00edticas culturais do pa\u00eds [&hellip;]",
        "og_url": "https:\/\/bahia.culturaviva.net.br\/en\/cultura\/lula-envia-nesta-segunda-ao-congresso-o-novo-plano-nacional-de-cultura\/",
        "og_site_name": "Rede Cultura Viva da Bahia",
        "article_published_time": "2025-11-17T14:58:28+00:00",
        "article_modified_time": "2025-11-17T15:02:50+00:00",
        "og_image": [
            {
                "width": 1170,
                "height": 700,
                "url": "https:\/\/bahia.culturaviva.net.br\/wp-content\/uploads\/2025\/11\/pnc.webp",
                "type": "image\/webp"
            }
        ],
        "author": "Carla Uhlmann",
        "twitter_card": "summary_large_image",
        "twitter_misc": {
            "Written by": "Carla Uhlmann",
            "Est. reading time": "4 minutes"
        },
        "schema": {
            "@context": "https:\/\/schema.org",
            "@graph": [
                {
                    "@type": "Article",
                    "@id": "https:\/\/bahia.culturaviva.net.br\/cultura\/lula-envia-nesta-segunda-ao-congresso-o-novo-plano-nacional-de-cultura\/#article",
                    "isPartOf": {
                        "@id": "https:\/\/bahia.culturaviva.net.br\/cultura\/lula-envia-nesta-segunda-ao-congresso-o-novo-plano-nacional-de-cultura\/"
                    },
                    "author": {
                        "name": "Carla Uhlmann",
                        "@id": "https:\/\/bahia.culturaviva.net.br\/#\/schema\/person\/6e78da73e0acb5b6b65735aa9584dba0"
                    },
                    "headline": "Lula envia nesta segunda ao Congresso o novo Plano Nacional de Cultura",
                    "datePublished": "2025-11-17T14:58:28+00:00",
                    "dateModified": "2025-11-17T15:02:50+00:00",
                    "mainEntityOfPage": {
                        "@id": "https:\/\/bahia.culturaviva.net.br\/cultura\/lula-envia-nesta-segunda-ao-congresso-o-novo-plano-nacional-de-cultura\/"
                    },
                    "wordCount": 478,
                    "commentCount": 0,
                    "publisher": {
                        "@id": "https:\/\/bahia.culturaviva.net.br\/#organization"
                    },
                    "image": {
                        "@id": "https:\/\/bahia.culturaviva.net.br\/cultura\/lula-envia-nesta-segunda-ao-congresso-o-novo-plano-nacional-de-cultura\/#primaryimage"
                    },
                    "thumbnailUrl": "https:\/\/bahia.culturaviva.net.br\/wp-content\/uploads\/2025\/11\/pnc.webp",
                    "keywords": [
                        "Extra",
                        "Plano Nacional de Cultura"
                    ],
                    "articleSection": [
                        "Cultura"
                    ],
                    "inLanguage": "en-US",
                    "potentialAction": [
                        {
                            "@type": "CommentAction",
                            "name": "Comment",
                            "target": [
                                "https:\/\/bahia.culturaviva.net.br\/cultura\/lula-envia-nesta-segunda-ao-congresso-o-novo-plano-nacional-de-cultura\/#respond"
                            ]
                        }
                    ]
                },
                {
                    "@type": "WebPage",
                    "@id": "https:\/\/bahia.culturaviva.net.br\/cultura\/lula-envia-nesta-segunda-ao-congresso-o-novo-plano-nacional-de-cultura\/",
                    "url": "https:\/\/bahia.culturaviva.net.br\/cultura\/lula-envia-nesta-segunda-ao-congresso-o-novo-plano-nacional-de-cultura\/",
                    "name": "Lula envia nesta segunda ao Congresso o novo Plano Nacional de Cultura - Rede Cultura Viva da Bahia",
                    "isPartOf": {
                        "@id": "https:\/\/bahia.culturaviva.net.br\/#website"
                    },
                    "primaryImageOfPage": {
                        "@id": "https:\/\/bahia.culturaviva.net.br\/cultura\/lula-envia-nesta-segunda-ao-congresso-o-novo-plano-nacional-de-cultura\/#primaryimage"
                    },
                    "image": {
                        "@id": "https:\/\/bahia.culturaviva.net.br\/cultura\/lula-envia-nesta-segunda-ao-congresso-o-novo-plano-nacional-de-cultura\/#primaryimage"
                    },
                    "thumbnailUrl": "https:\/\/bahia.culturaviva.net.br\/wp-content\/uploads\/2025\/11\/pnc.webp",
                    "datePublished": "2025-11-17T14:58:28+00:00",
                    "dateModified": "2025-11-17T15:02:50+00:00",
                    "breadcrumb": {
                        "@id": "https:\/\/bahia.culturaviva.net.br\/cultura\/lula-envia-nesta-segunda-ao-congresso-o-novo-plano-nacional-de-cultura\/#breadcrumb"
                    },
                    "inLanguage": "en-US",
                    "potentialAction": [
                        {
                            "@type": "ReadAction",
                            "target": [
                                "https:\/\/bahia.culturaviva.net.br\/cultura\/lula-envia-nesta-segunda-ao-congresso-o-novo-plano-nacional-de-cultura\/"
                            ]
                        }
                    ]
                },
                {
                    "@type": "ImageObject",
                    "inLanguage": "en-US",
                    "@id": "https:\/\/bahia.culturaviva.net.br\/cultura\/lula-envia-nesta-segunda-ao-congresso-o-novo-plano-nacional-de-cultura\/#primaryimage",
                    "url": "https:\/\/bahia.culturaviva.net.br\/wp-content\/uploads\/2025\/11\/pnc.webp",
                    "contentUrl": "https:\/\/bahia.culturaviva.net.br\/wp-content\/uploads\/2025\/11\/pnc.webp",
                    "width": 1170,
                    "height": 700
                },
                {
                    "@type": "BreadcrumbList",
                    "@id": "https:\/\/bahia.culturaviva.net.br\/cultura\/lula-envia-nesta-segunda-ao-congresso-o-novo-plano-nacional-de-cultura\/#breadcrumb",
                    "itemListElement": [
                        {
                            "@type": "ListItem",
                            "position": 1,
                            "name": "In\u00edcio",
                            "item": "https:\/\/bahia.culturaviva.net.br\/"
                        },
                        {
                            "@type": "ListItem",
                            "position": 2,
                            "name": "Lula envia nesta segunda ao Congresso o novo Plano Nacional de Cultura"
                        }
                    ]
                },
                {
                    "@type": "WebSite",
                    "@id": "https:\/\/bahia.culturaviva.net.br\/#website",
                    "url": "https:\/\/bahia.culturaviva.net.br\/",
                    "name": "Rede Cultura Viva da Bahia",
                    "description": "Espa\u00e7o para Acervo, Informa\u00e7\u00e3o e Participa\u00e7\u00e3o Social da Rede de Pontos de Cultura da Bahia",
                    "publisher": {
                        "@id": "https:\/\/bahia.culturaviva.net.br\/#organization"
                    },
                    "potentialAction": [
                        {
                            "@type": "SearchAction",
                            "target": {
                                "@type": "EntryPoint",
                                "urlTemplate": "https:\/\/bahia.culturaviva.net.br\/?s={search_term_string}"
                            },
                            "query-input": {
                                "@type": "PropertyValueSpecification",
                                "valueRequired": true,
                                "valueName": "search_term_string"
                            }
                        }
                    ],
                    "inLanguage": "en-US"
                },
                {
                    "@type": "Organization",
                    "@id": "https:\/\/bahia.culturaviva.net.br\/#organization",
                    "name": "Rede Cultura Viva da Bahia",
                    "url": "https:\/\/bahia.culturaviva.net.br\/",
                    "logo": {
                        "@type": "ImageObject",
                        "inLanguage": "en-US",
                        "@id": "https:\/\/bahia.culturaviva.net.br\/#\/schema\/logo\/image\/",
                        "url": "https:\/\/bahia.culturaviva.net.br\/wp-content\/uploads\/2025\/11\/logo-plataforma-culturaviva-bahia-branco.png",
                        "contentUrl": "https:\/\/bahia.culturaviva.net.br\/wp-content\/uploads\/2025\/11\/logo-plataforma-culturaviva-bahia-branco.png",
                        "width": 628,
                        "height": 652,
                        "caption": "Rede Cultura Viva da Bahia"
                    },
                    "image": {
                        "@id": "https:\/\/bahia.culturaviva.net.br\/#\/schema\/logo\/image\/"
                    }
                },
                {
                    "@type": "Person",
                    "@id": "https:\/\/bahia.culturaviva.net.br\/#\/schema\/person\/6e78da73e0acb5b6b65735aa9584dba0",
                    "name": "Carla Uhlmann",
                    "image": {
                        "@type": "ImageObject",
                        "inLanguage": "en-US",
                        "@id": "https:\/\/secure.gravatar.com\/avatar\/174652d1afb5fe35d03517b4ac78b9aae436c9a12e364319b1fc0cf646d4a933?s=96&d=mm&r=g",
                        "url": "https:\/\/secure.gravatar.com\/avatar\/174652d1afb5fe35d03517b4ac78b9aae436c9a12e364319b1fc0cf646d4a933?s=96&d=mm&r=g",
                        "contentUrl": "https:\/\/secure.gravatar.com\/avatar\/174652d1afb5fe35d03517b4ac78b9aae436c9a12e364319b1fc0cf646d4a933?s=96&d=mm&r=g",
                        "caption": "Carla Uhlmann"
                    },
                    "url": "https:\/\/bahia.culturaviva.net.br\/en\/author\/carlauhlmann\/"
                }
            ]
        }
    },
    "_links": {
        "self": [
            {
                "href": "https:\/\/bahia.culturaviva.net.br\/en\/wp-json\/wp\/v2\/posts\/1399",
                "targetHints": {
                    "allow": [
                        "GET"
                    ]
                }
            }
        ],
        "collection": [
            {
                "href": "https:\/\/bahia.culturaviva.net.br\/en\/wp-json\/wp\/v2\/posts"
            }
        ],
        "about": [
            {
                "href": "https:\/\/bahia.culturaviva.net.br\/en\/wp-json\/wp\/v2\/types\/post"
            }
        ],
        "author": [
            {
                "embeddable": true,
                "href": "https:\/\/bahia.culturaviva.net.br\/en\/wp-json\/wp\/v2\/users\/4"
            }
        ],
        "replies": [
            {
                "embeddable": true,
                "href": "https:\/\/bahia.culturaviva.net.br\/en\/wp-json\/wp\/v2\/comments?post=1399"
            }
        ],
        "version-history": [
            {
                "count": 1,
                "href": "https:\/\/bahia.culturaviva.net.br\/en\/wp-json\/wp\/v2\/posts\/1399\/revisions"
            }
        ],
        "predecessor-version": [
            {
                "id": 1401,
                "href": "https:\/\/bahia.culturaviva.net.br\/en\/wp-json\/wp\/v2\/posts\/1399\/revisions\/1401"
            }
        ],
        "wp:featuredmedia": [
            {
                "embeddable": true,
                "href": "https:\/\/bahia.culturaviva.net.br\/en\/wp-json\/wp\/v2\/media\/1400"
            }
        ],
        "wp:attachment": [
            {
                "href": "https:\/\/bahia.culturaviva.net.br\/en\/wp-json\/wp\/v2\/media?parent=1399"
            }
        ],
        "wp:term": [
            {
                "taxonomy": "category",
                "embeddable": true,
                "href": "https:\/\/bahia.culturaviva.net.br\/en\/wp-json\/wp\/v2\/categories?post=1399"
            },
            {
                "taxonomy": "post_tag",
                "embeddable": true,
                "href": "https:\/\/bahia.culturaviva.net.br\/en\/wp-json\/wp\/v2\/tags?post=1399"
            }
        ],
        "curies": [
            {
                "name": "wp",
                "href": "https:\/\/api.w.org\/{rel}",
                "templated": true
            }
        ]
    }
}