{
    "id": 1421,
    "date": "2025-11-21T06:00:00",
    "date_gmt": "2025-11-21T09:00:00",
    "guid": {
        "rendered": "https:\/\/bahia.culturaviva.net.br\/?p=1421"
    },
    "modified": "2025-11-20T21:58:09",
    "modified_gmt": "2025-11-21T00:58:09",
    "slug": "roda-de-conversa-discute-a-terra-como-guardia-da-ancestralidade-no-flircontas",
    "status": "publish",
    "type": "post",
    "link": "https:\/\/bahia.culturaviva.net.br\/en\/flircontas\/roda-de-conversa-discute-a-terra-como-guardia-da-ancestralidade-no-flircontas\/",
    "title": {
        "rendered": "Roda de conversa discute a terra como guardi\u00e3 da ancestralidade no FLIRCONTAS"
    },
    "content": {
        "rendered": "<p>A terra como abrigo da mem\u00f3ria sagrada e fonte de ax\u00e9 ser\u00e1 o centro das reflex\u00f5es de uma roda de conversa que integra a programa\u00e7\u00e3o oficial do FLIRCONTAS. O encontro acontece no dia 28 de novembro, \u00e0s 15h30, no Club Riocontense, e vai lideran\u00e7as religiosas, pesquisadores e guardi\u00f5es da tradi\u00e7\u00e3o para debater o papel da oralidade, da mem\u00f3ria e do patrim\u00f4nio imaterial na preserva\u00e7\u00e3o dos terreiros e dos modos de viver o sagrado afro-brasileiro.<br><br>A roda contar\u00e1 com as participa\u00e7\u00f5es de M\u00e3e Viviane d\u2019Oxum, Leonel Monteiro, Pai S\u00e9rgio de Aruanda, sob a media\u00e7\u00e3o da escritora Maria Alice Santos, num di\u00e1logo que tem por objetivo reafirmar a for\u00e7a das tradi\u00e7\u00f5es que sustentam a ancestralidade negra no Brasil.<br><br>A programa\u00e7\u00e3o inclui ainda uma performance da Casa de Umbanda Jo\u00e3o Baiano, ampliando a experi\u00eancia est\u00e9tica e espiritual desse encontro.<\/p>\n\n\n\n<p><\/p>",
        "protected": false
    },
    "excerpt": {
        "rendered": "<p>A terra como abrigo da mem\u00f3ria sagrada e fonte de ax\u00e9 ser\u00e1 o centro das reflex\u00f5es de uma roda de conversa que integra a programa\u00e7\u00e3o oficial do FLIRCONTAS. O encontro acontece no dia 28 de novembro, \u00e0s 15h30, no Club Riocontense, e vai lideran\u00e7as religiosas, pesquisadores e guardi\u00f5es da tradi\u00e7\u00e3o para debater o papel da [&hellip;]<\/p>",
        "protected": false
    },
    "author": 5,
    "featured_media": 1371,
    "comment_status": "open",
    "ping_status": "open",
    "sticky": false,
    "template": "",
    "format": "standard",
    "meta": {
        "_acf_changed": false,
        "_gspb_post_css": "",
        "footnotes": ""
    },
    "categories": [
        68
    ],
    "tags": [
        85,
        77,
        76,
        84
    ],
    "class_list": [
        "post-1421",
        "post",
        "type-post",
        "status-publish",
        "format-standard",
        "has-post-thumbnail",
        "hentry",
        "category-flircontas",
        "tag-ancestralidade",
        "tag-conversa",
        "tag-roda",
        "tag-terra"
    ],
    "blocksy_meta": [],
    "acf": [],
    "yoast_head": "<!-- This site is optimized with the Yoast SEO plugin v27.3 - https:\/\/yoast.com\/product\/yoast-seo-wordpress\/ -->\n<title>Roda de conversa discute a terra como guardi\u00e3 da ancestralidade no FLIRCONTAS - Rede Cultura Viva da Bahia<\/title>\n<meta name=\"robots\" content=\"index, follow, max-snippet:-1, max-image-preview:large, max-video-preview:-1\" \/>\n<link rel=\"canonical\" href=\"https:\/\/bahia.culturaviva.net.br\/en\/flircontas\/roda-de-conversa-discute-a-terra-como-guardia-da-ancestralidade-no-flircontas\/\" \/>\n<meta property=\"og:locale\" content=\"en_US\" \/>\n<meta property=\"og:type\" content=\"article\" \/>\n<meta property=\"og:title\" content=\"Roda de conversa discute a terra como guardi\u00e3 da ancestralidade no FLIRCONTAS - Rede Cultura Viva da Bahia\" \/>\n<meta property=\"og:description\" content=\"A terra como abrigo da mem\u00f3ria sagrada e fonte de ax\u00e9 ser\u00e1 o centro das reflex\u00f5es de uma roda de conversa que integra a programa\u00e7\u00e3o oficial do FLIRCONTAS. O encontro acontece no dia 28 de novembro, \u00e0s 15h30, no Club Riocontense, e vai lideran\u00e7as religiosas, pesquisadores e guardi\u00f5es da tradi\u00e7\u00e3o para debater o papel da [&hellip;]\" \/>\n<meta property=\"og:url\" content=\"https:\/\/bahia.culturaviva.net.br\/en\/flircontas\/roda-de-conversa-discute-a-terra-como-guardia-da-ancestralidade-no-flircontas\/\" \/>\n<meta property=\"og:site_name\" content=\"Rede Cultura Viva da Bahia\" \/>\n<meta property=\"article:published_time\" content=\"2025-11-21T09:00:00+00:00\" \/>\n<meta property=\"og:image\" content=\"https:\/\/bahia.culturaviva.net.br\/wp-content\/uploads\/2025\/11\/Design-sem-nome-1.png\" \/>\n\t<meta property=\"og:image:width\" content=\"1600\" \/>\n\t<meta property=\"og:image:height\" content=\"1200\" \/>\n\t<meta property=\"og:image:type\" content=\"image\/png\" \/>\n<meta name=\"author\" content=\"Gustavo Medeiros\" \/>\n<meta name=\"twitter:card\" content=\"summary_large_image\" \/>\n<meta name=\"twitter:label1\" content=\"Written by\" \/>\n\t<meta name=\"twitter:data1\" content=\"Gustavo Medeiros\" \/>\n\t<meta name=\"twitter:label2\" content=\"Est. reading time\" \/>\n\t<meta name=\"twitter:data2\" content=\"1 minute\" \/>\n<script type=\"application\/ld+json\" class=\"yoast-schema-graph\">{\"@context\":\"https:\\\/\\\/schema.org\",\"@graph\":[{\"@type\":\"Article\",\"@id\":\"https:\\\/\\\/bahia.culturaviva.net.br\\\/flircontas\\\/roda-de-conversa-discute-a-terra-como-guardia-da-ancestralidade-no-flircontas\\\/#article\",\"isPartOf\":{\"@id\":\"https:\\\/\\\/bahia.culturaviva.net.br\\\/flircontas\\\/roda-de-conversa-discute-a-terra-como-guardia-da-ancestralidade-no-flircontas\\\/\"},\"author\":{\"name\":\"Gustavo Medeiros\",\"@id\":\"https:\\\/\\\/bahia.culturaviva.net.br\\\/#\\\/schema\\\/person\\\/f94981373011b5863e00a94890c91090\"},\"headline\":\"Roda de conversa discute a terra como guardi\u00e3 da ancestralidade no FLIRCONTAS\",\"datePublished\":\"2025-11-21T09:00:00+00:00\",\"mainEntityOfPage\":{\"@id\":\"https:\\\/\\\/bahia.culturaviva.net.br\\\/flircontas\\\/roda-de-conversa-discute-a-terra-como-guardia-da-ancestralidade-no-flircontas\\\/\"},\"wordCount\":168,\"commentCount\":0,\"publisher\":{\"@id\":\"https:\\\/\\\/bahia.culturaviva.net.br\\\/#organization\"},\"image\":{\"@id\":\"https:\\\/\\\/bahia.culturaviva.net.br\\\/flircontas\\\/roda-de-conversa-discute-a-terra-como-guardia-da-ancestralidade-no-flircontas\\\/#primaryimage\"},\"thumbnailUrl\":\"https:\\\/\\\/bahia.culturaviva.net.br\\\/wp-content\\\/uploads\\\/2025\\\/11\\\/Design-sem-nome-1.png\",\"keywords\":[\"ancestralidade\",\"conversa\",\"roda\",\"terra\"],\"articleSection\":[\"Flircontas\"],\"inLanguage\":\"en-US\",\"potentialAction\":[{\"@type\":\"CommentAction\",\"name\":\"Comment\",\"target\":[\"https:\\\/\\\/bahia.culturaviva.net.br\\\/flircontas\\\/roda-de-conversa-discute-a-terra-como-guardia-da-ancestralidade-no-flircontas\\\/#respond\"]}]},{\"@type\":\"WebPage\",\"@id\":\"https:\\\/\\\/bahia.culturaviva.net.br\\\/flircontas\\\/roda-de-conversa-discute-a-terra-como-guardia-da-ancestralidade-no-flircontas\\\/\",\"url\":\"https:\\\/\\\/bahia.culturaviva.net.br\\\/flircontas\\\/roda-de-conversa-discute-a-terra-como-guardia-da-ancestralidade-no-flircontas\\\/\",\"name\":\"Roda de conversa discute a terra como guardi\u00e3 da ancestralidade no FLIRCONTAS - Rede Cultura Viva da Bahia\",\"isPartOf\":{\"@id\":\"https:\\\/\\\/bahia.culturaviva.net.br\\\/#website\"},\"primaryImageOfPage\":{\"@id\":\"https:\\\/\\\/bahia.culturaviva.net.br\\\/flircontas\\\/roda-de-conversa-discute-a-terra-como-guardia-da-ancestralidade-no-flircontas\\\/#primaryimage\"},\"image\":{\"@id\":\"https:\\\/\\\/bahia.culturaviva.net.br\\\/flircontas\\\/roda-de-conversa-discute-a-terra-como-guardia-da-ancestralidade-no-flircontas\\\/#primaryimage\"},\"thumbnailUrl\":\"https:\\\/\\\/bahia.culturaviva.net.br\\\/wp-content\\\/uploads\\\/2025\\\/11\\\/Design-sem-nome-1.png\",\"datePublished\":\"2025-11-21T09:00:00+00:00\",\"breadcrumb\":{\"@id\":\"https:\\\/\\\/bahia.culturaviva.net.br\\\/flircontas\\\/roda-de-conversa-discute-a-terra-como-guardia-da-ancestralidade-no-flircontas\\\/#breadcrumb\"},\"inLanguage\":\"en-US\",\"potentialAction\":[{\"@type\":\"ReadAction\",\"target\":[\"https:\\\/\\\/bahia.culturaviva.net.br\\\/flircontas\\\/roda-de-conversa-discute-a-terra-como-guardia-da-ancestralidade-no-flircontas\\\/\"]}]},{\"@type\":\"ImageObject\",\"inLanguage\":\"en-US\",\"@id\":\"https:\\\/\\\/bahia.culturaviva.net.br\\\/flircontas\\\/roda-de-conversa-discute-a-terra-como-guardia-da-ancestralidade-no-flircontas\\\/#primaryimage\",\"url\":\"https:\\\/\\\/bahia.culturaviva.net.br\\\/wp-content\\\/uploads\\\/2025\\\/11\\\/Design-sem-nome-1.png\",\"contentUrl\":\"https:\\\/\\\/bahia.culturaviva.net.br\\\/wp-content\\\/uploads\\\/2025\\\/11\\\/Design-sem-nome-1.png\",\"width\":1600,\"height\":1200},{\"@type\":\"BreadcrumbList\",\"@id\":\"https:\\\/\\\/bahia.culturaviva.net.br\\\/flircontas\\\/roda-de-conversa-discute-a-terra-como-guardia-da-ancestralidade-no-flircontas\\\/#breadcrumb\",\"itemListElement\":[{\"@type\":\"ListItem\",\"position\":1,\"name\":\"In\u00edcio\",\"item\":\"https:\\\/\\\/bahia.culturaviva.net.br\\\/\"},{\"@type\":\"ListItem\",\"position\":2,\"name\":\"Roda de conversa discute a terra como guardi\u00e3 da ancestralidade no FLIRCONTAS\"}]},{\"@type\":\"WebSite\",\"@id\":\"https:\\\/\\\/bahia.culturaviva.net.br\\\/#website\",\"url\":\"https:\\\/\\\/bahia.culturaviva.net.br\\\/\",\"name\":\"Rede Cultura Viva da Bahia\",\"description\":\"Espa\u00e7o para Acervo, Informa\u00e7\u00e3o e Participa\u00e7\u00e3o Social da Rede de Pontos de Cultura da Bahia\",\"publisher\":{\"@id\":\"https:\\\/\\\/bahia.culturaviva.net.br\\\/#organization\"},\"potentialAction\":[{\"@type\":\"SearchAction\",\"target\":{\"@type\":\"EntryPoint\",\"urlTemplate\":\"https:\\\/\\\/bahia.culturaviva.net.br\\\/?s={search_term_string}\"},\"query-input\":{\"@type\":\"PropertyValueSpecification\",\"valueRequired\":true,\"valueName\":\"search_term_string\"}}],\"inLanguage\":\"en-US\"},{\"@type\":\"Organization\",\"@id\":\"https:\\\/\\\/bahia.culturaviva.net.br\\\/#organization\",\"name\":\"Rede Cultura Viva da Bahia\",\"url\":\"https:\\\/\\\/bahia.culturaviva.net.br\\\/\",\"logo\":{\"@type\":\"ImageObject\",\"inLanguage\":\"en-US\",\"@id\":\"https:\\\/\\\/bahia.culturaviva.net.br\\\/#\\\/schema\\\/logo\\\/image\\\/\",\"url\":\"https:\\\/\\\/bahia.culturaviva.net.br\\\/wp-content\\\/uploads\\\/2025\\\/11\\\/logo-plataforma-culturaviva-bahia-branco.png\",\"contentUrl\":\"https:\\\/\\\/bahia.culturaviva.net.br\\\/wp-content\\\/uploads\\\/2025\\\/11\\\/logo-plataforma-culturaviva-bahia-branco.png\",\"width\":628,\"height\":652,\"caption\":\"Rede Cultura Viva da Bahia\"},\"image\":{\"@id\":\"https:\\\/\\\/bahia.culturaviva.net.br\\\/#\\\/schema\\\/logo\\\/image\\\/\"}},{\"@type\":\"Person\",\"@id\":\"https:\\\/\\\/bahia.culturaviva.net.br\\\/#\\\/schema\\\/person\\\/f94981373011b5863e00a94890c91090\",\"name\":\"Gustavo Medeiros\",\"image\":{\"@type\":\"ImageObject\",\"inLanguage\":\"en-US\",\"@id\":\"https:\\\/\\\/secure.gravatar.com\\\/avatar\\\/f827bf50846cc3705e474dcacdab7842308a5b30d92b2b10d4fb284726ac45d3?s=96&d=mm&r=g\",\"url\":\"https:\\\/\\\/secure.gravatar.com\\\/avatar\\\/f827bf50846cc3705e474dcacdab7842308a5b30d92b2b10d4fb284726ac45d3?s=96&d=mm&r=g\",\"contentUrl\":\"https:\\\/\\\/secure.gravatar.com\\\/avatar\\\/f827bf50846cc3705e474dcacdab7842308a5b30d92b2b10d4fb284726ac45d3?s=96&d=mm&r=g\",\"caption\":\"Gustavo Medeiros\"},\"url\":\"https:\\\/\\\/bahia.culturaviva.net.br\\\/en\\\/author\\\/gustavomedeiros\\\/\"}]}<\/script>\n<!-- \/ Yoast SEO plugin. -->",
    "yoast_head_json": {
        "title": "Roda de conversa discute a terra como guardi\u00e3 da ancestralidade no FLIRCONTAS - Rede Cultura Viva da Bahia",
        "robots": {
            "index": "index",
            "follow": "follow",
            "max-snippet": "max-snippet:-1",
            "max-image-preview": "max-image-preview:large",
            "max-video-preview": "max-video-preview:-1"
        },
        "canonical": "https:\/\/bahia.culturaviva.net.br\/en\/flircontas\/roda-de-conversa-discute-a-terra-como-guardia-da-ancestralidade-no-flircontas\/",
        "og_locale": "en_US",
        "og_type": "article",
        "og_title": "Roda de conversa discute a terra como guardi\u00e3 da ancestralidade no FLIRCONTAS - Rede Cultura Viva da Bahia",
        "og_description": "A terra como abrigo da mem\u00f3ria sagrada e fonte de ax\u00e9 ser\u00e1 o centro das reflex\u00f5es de uma roda de conversa que integra a programa\u00e7\u00e3o oficial do FLIRCONTAS. O encontro acontece no dia 28 de novembro, \u00e0s 15h30, no Club Riocontense, e vai lideran\u00e7as religiosas, pesquisadores e guardi\u00f5es da tradi\u00e7\u00e3o para debater o papel da [&hellip;]",
        "og_url": "https:\/\/bahia.culturaviva.net.br\/en\/flircontas\/roda-de-conversa-discute-a-terra-como-guardia-da-ancestralidade-no-flircontas\/",
        "og_site_name": "Rede Cultura Viva da Bahia",
        "article_published_time": "2025-11-21T09:00:00+00:00",
        "og_image": [
            {
                "width": 1600,
                "height": 1200,
                "url": "https:\/\/bahia.culturaviva.net.br\/wp-content\/uploads\/2025\/11\/Design-sem-nome-1.png",
                "type": "image\/png"
            }
        ],
        "author": "Gustavo Medeiros",
        "twitter_card": "summary_large_image",
        "twitter_misc": {
            "Written by": "Gustavo Medeiros",
            "Est. reading time": "1 minute"
        },
        "schema": {
            "@context": "https:\/\/schema.org",
            "@graph": [
                {
                    "@type": "Article",
                    "@id": "https:\/\/bahia.culturaviva.net.br\/flircontas\/roda-de-conversa-discute-a-terra-como-guardia-da-ancestralidade-no-flircontas\/#article",
                    "isPartOf": {
                        "@id": "https:\/\/bahia.culturaviva.net.br\/flircontas\/roda-de-conversa-discute-a-terra-como-guardia-da-ancestralidade-no-flircontas\/"
                    },
                    "author": {
                        "name": "Gustavo Medeiros",
                        "@id": "https:\/\/bahia.culturaviva.net.br\/#\/schema\/person\/f94981373011b5863e00a94890c91090"
                    },
                    "headline": "Roda de conversa discute a terra como guardi\u00e3 da ancestralidade no FLIRCONTAS",
                    "datePublished": "2025-11-21T09:00:00+00:00",
                    "mainEntityOfPage": {
                        "@id": "https:\/\/bahia.culturaviva.net.br\/flircontas\/roda-de-conversa-discute-a-terra-como-guardia-da-ancestralidade-no-flircontas\/"
                    },
                    "wordCount": 168,
                    "commentCount": 0,
                    "publisher": {
                        "@id": "https:\/\/bahia.culturaviva.net.br\/#organization"
                    },
                    "image": {
                        "@id": "https:\/\/bahia.culturaviva.net.br\/flircontas\/roda-de-conversa-discute-a-terra-como-guardia-da-ancestralidade-no-flircontas\/#primaryimage"
                    },
                    "thumbnailUrl": "https:\/\/bahia.culturaviva.net.br\/wp-content\/uploads\/2025\/11\/Design-sem-nome-1.png",
                    "keywords": [
                        "ancestralidade",
                        "conversa",
                        "roda",
                        "terra"
                    ],
                    "articleSection": [
                        "Flircontas"
                    ],
                    "inLanguage": "en-US",
                    "potentialAction": [
                        {
                            "@type": "CommentAction",
                            "name": "Comment",
                            "target": [
                                "https:\/\/bahia.culturaviva.net.br\/flircontas\/roda-de-conversa-discute-a-terra-como-guardia-da-ancestralidade-no-flircontas\/#respond"
                            ]
                        }
                    ]
                },
                {
                    "@type": "WebPage",
                    "@id": "https:\/\/bahia.culturaviva.net.br\/flircontas\/roda-de-conversa-discute-a-terra-como-guardia-da-ancestralidade-no-flircontas\/",
                    "url": "https:\/\/bahia.culturaviva.net.br\/flircontas\/roda-de-conversa-discute-a-terra-como-guardia-da-ancestralidade-no-flircontas\/",
                    "name": "Roda de conversa discute a terra como guardi\u00e3 da ancestralidade no FLIRCONTAS - Rede Cultura Viva da Bahia",
                    "isPartOf": {
                        "@id": "https:\/\/bahia.culturaviva.net.br\/#website"
                    },
                    "primaryImageOfPage": {
                        "@id": "https:\/\/bahia.culturaviva.net.br\/flircontas\/roda-de-conversa-discute-a-terra-como-guardia-da-ancestralidade-no-flircontas\/#primaryimage"
                    },
                    "image": {
                        "@id": "https:\/\/bahia.culturaviva.net.br\/flircontas\/roda-de-conversa-discute-a-terra-como-guardia-da-ancestralidade-no-flircontas\/#primaryimage"
                    },
                    "thumbnailUrl": "https:\/\/bahia.culturaviva.net.br\/wp-content\/uploads\/2025\/11\/Design-sem-nome-1.png",
                    "datePublished": "2025-11-21T09:00:00+00:00",
                    "breadcrumb": {
                        "@id": "https:\/\/bahia.culturaviva.net.br\/flircontas\/roda-de-conversa-discute-a-terra-como-guardia-da-ancestralidade-no-flircontas\/#breadcrumb"
                    },
                    "inLanguage": "en-US",
                    "potentialAction": [
                        {
                            "@type": "ReadAction",
                            "target": [
                                "https:\/\/bahia.culturaviva.net.br\/flircontas\/roda-de-conversa-discute-a-terra-como-guardia-da-ancestralidade-no-flircontas\/"
                            ]
                        }
                    ]
                },
                {
                    "@type": "ImageObject",
                    "inLanguage": "en-US",
                    "@id": "https:\/\/bahia.culturaviva.net.br\/flircontas\/roda-de-conversa-discute-a-terra-como-guardia-da-ancestralidade-no-flircontas\/#primaryimage",
                    "url": "https:\/\/bahia.culturaviva.net.br\/wp-content\/uploads\/2025\/11\/Design-sem-nome-1.png",
                    "contentUrl": "https:\/\/bahia.culturaviva.net.br\/wp-content\/uploads\/2025\/11\/Design-sem-nome-1.png",
                    "width": 1600,
                    "height": 1200
                },
                {
                    "@type": "BreadcrumbList",
                    "@id": "https:\/\/bahia.culturaviva.net.br\/flircontas\/roda-de-conversa-discute-a-terra-como-guardia-da-ancestralidade-no-flircontas\/#breadcrumb",
                    "itemListElement": [
                        {
                            "@type": "ListItem",
                            "position": 1,
                            "name": "In\u00edcio",
                            "item": "https:\/\/bahia.culturaviva.net.br\/"
                        },
                        {
                            "@type": "ListItem",
                            "position": 2,
                            "name": "Roda de conversa discute a terra como guardi\u00e3 da ancestralidade no FLIRCONTAS"
                        }
                    ]
                },
                {
                    "@type": "WebSite",
                    "@id": "https:\/\/bahia.culturaviva.net.br\/#website",
                    "url": "https:\/\/bahia.culturaviva.net.br\/",
                    "name": "Rede Cultura Viva da Bahia",
                    "description": "Espa\u00e7o para Acervo, Informa\u00e7\u00e3o e Participa\u00e7\u00e3o Social da Rede de Pontos de Cultura da Bahia",
                    "publisher": {
                        "@id": "https:\/\/bahia.culturaviva.net.br\/#organization"
                    },
                    "potentialAction": [
                        {
                            "@type": "SearchAction",
                            "target": {
                                "@type": "EntryPoint",
                                "urlTemplate": "https:\/\/bahia.culturaviva.net.br\/?s={search_term_string}"
                            },
                            "query-input": {
                                "@type": "PropertyValueSpecification",
                                "valueRequired": true,
                                "valueName": "search_term_string"
                            }
                        }
                    ],
                    "inLanguage": "en-US"
                },
                {
                    "@type": "Organization",
                    "@id": "https:\/\/bahia.culturaviva.net.br\/#organization",
                    "name": "Rede Cultura Viva da Bahia",
                    "url": "https:\/\/bahia.culturaviva.net.br\/",
                    "logo": {
                        "@type": "ImageObject",
                        "inLanguage": "en-US",
                        "@id": "https:\/\/bahia.culturaviva.net.br\/#\/schema\/logo\/image\/",
                        "url": "https:\/\/bahia.culturaviva.net.br\/wp-content\/uploads\/2025\/11\/logo-plataforma-culturaviva-bahia-branco.png",
                        "contentUrl": "https:\/\/bahia.culturaviva.net.br\/wp-content\/uploads\/2025\/11\/logo-plataforma-culturaviva-bahia-branco.png",
                        "width": 628,
                        "height": 652,
                        "caption": "Rede Cultura Viva da Bahia"
                    },
                    "image": {
                        "@id": "https:\/\/bahia.culturaviva.net.br\/#\/schema\/logo\/image\/"
                    }
                },
                {
                    "@type": "Person",
                    "@id": "https:\/\/bahia.culturaviva.net.br\/#\/schema\/person\/f94981373011b5863e00a94890c91090",
                    "name": "Gustavo Medeiros",
                    "image": {
                        "@type": "ImageObject",
                        "inLanguage": "en-US",
                        "@id": "https:\/\/secure.gravatar.com\/avatar\/f827bf50846cc3705e474dcacdab7842308a5b30d92b2b10d4fb284726ac45d3?s=96&d=mm&r=g",
                        "url": "https:\/\/secure.gravatar.com\/avatar\/f827bf50846cc3705e474dcacdab7842308a5b30d92b2b10d4fb284726ac45d3?s=96&d=mm&r=g",
                        "contentUrl": "https:\/\/secure.gravatar.com\/avatar\/f827bf50846cc3705e474dcacdab7842308a5b30d92b2b10d4fb284726ac45d3?s=96&d=mm&r=g",
                        "caption": "Gustavo Medeiros"
                    },
                    "url": "https:\/\/bahia.culturaviva.net.br\/en\/author\/gustavomedeiros\/"
                }
            ]
        }
    },
    "_links": {
        "self": [
            {
                "href": "https:\/\/bahia.culturaviva.net.br\/en\/wp-json\/wp\/v2\/posts\/1421",
                "targetHints": {
                    "allow": [
                        "GET"
                    ]
                }
            }
        ],
        "collection": [
            {
                "href": "https:\/\/bahia.culturaviva.net.br\/en\/wp-json\/wp\/v2\/posts"
            }
        ],
        "about": [
            {
                "href": "https:\/\/bahia.culturaviva.net.br\/en\/wp-json\/wp\/v2\/types\/post"
            }
        ],
        "author": [
            {
                "embeddable": true,
                "href": "https:\/\/bahia.culturaviva.net.br\/en\/wp-json\/wp\/v2\/users\/5"
            }
        ],
        "replies": [
            {
                "embeddable": true,
                "href": "https:\/\/bahia.culturaviva.net.br\/en\/wp-json\/wp\/v2\/comments?post=1421"
            }
        ],
        "version-history": [
            {
                "count": 1,
                "href": "https:\/\/bahia.culturaviva.net.br\/en\/wp-json\/wp\/v2\/posts\/1421\/revisions"
            }
        ],
        "predecessor-version": [
            {
                "id": 1422,
                "href": "https:\/\/bahia.culturaviva.net.br\/en\/wp-json\/wp\/v2\/posts\/1421\/revisions\/1422"
            }
        ],
        "wp:featuredmedia": [
            {
                "embeddable": true,
                "href": "https:\/\/bahia.culturaviva.net.br\/en\/wp-json\/wp\/v2\/media\/1371"
            }
        ],
        "wp:attachment": [
            {
                "href": "https:\/\/bahia.culturaviva.net.br\/en\/wp-json\/wp\/v2\/media?parent=1421"
            }
        ],
        "wp:term": [
            {
                "taxonomy": "category",
                "embeddable": true,
                "href": "https:\/\/bahia.culturaviva.net.br\/en\/wp-json\/wp\/v2\/categories?post=1421"
            },
            {
                "taxonomy": "post_tag",
                "embeddable": true,
                "href": "https:\/\/bahia.culturaviva.net.br\/en\/wp-json\/wp\/v2\/tags?post=1421"
            }
        ],
        "curies": [
            {
                "name": "wp",
                "href": "https:\/\/api.w.org\/{rel}",
                "templated": true
            }
        ]
    }
}