{
    "id": 1507,
    "date": "2025-11-25T21:56:57",
    "date_gmt": "2025-11-26T00:56:57",
    "guid": {
        "rendered": "https:\/\/bahia.culturaviva.net.br\/?p=1507"
    },
    "modified": "2025-11-25T21:56:58",
    "modified_gmt": "2025-11-26T00:56:58",
    "slug": "confira-a-programacao-do-flirrua",
    "status": "publish",
    "type": "post",
    "link": "https:\/\/bahia.culturaviva.net.br\/en\/flircontas\/confira-a-programacao-do-flirrua\/",
    "title": {
        "rendered": "Confira a programa\u00e7\u00e3o do FLIRRUA"
    },
    "content": {
        "rendered": "<p>O Flirrua chega ao FLIRCONTAS como o espa\u00e7o da juventude, ocupando as ruas de Rio de Contas com cria\u00e7\u00e3o, voz e atitude. A programa\u00e7\u00e3o re\u00fane manifesta\u00e7\u00f5es diversas \u2014 m\u00fasica, poesia, performance, roda de conversa, audiovisual e interven\u00e7\u00f5es art\u00edsticas \u2014 tudo pensado para que os jovens expressem seus afetos, inquieta\u00e7\u00f5es e vis\u00f5es de mundo. \u00c9 um territ\u00f3rio vivo onde literatura e oralidade se encontram com a cultura urbana, transformando o festival em palco aberto para novas narrativas, novos corpos e novas pot\u00eancias.<\/p>\n\n\n\n<p>Veja aqui a programa\u00e7\u00e3o completa<br><br>28 de novembro, sexta-feira\u00a0<br><br>10h \u00e0s 18h<br>Exposi\u00e7\u00e3o \u201cCores, sabores, saberes e movimentos da nossa hist\u00f3ria\u201d\u00a0<br>Local: F\u00f3rum\u00a0<br><br>16h30<br>Conversa dos estudantes com a autora Ryane Le\u00e3o\u00a0 + Performance de poesia\u00a0<br>Local: Tenda Maria Brand\u00e3o\u00a0<br><br><br><strong>29 de novembro, s\u00e1bado\u00a0<\/strong><br><br>10h \u00e0s 18h<br>Exposi\u00e7\u00e3o \u201cCores, sabores, saberes e movimentos da nossa hist\u00f3ria\u201d\u00a0<br>Local: F\u00f3rum\u00a0<br><br>13h<br>Performance Desenho por Saber &#8211; Yay\u00e1 Massemba\u00a0<br>Local: Pra\u00e7a do F\u00f3rum<\/p>\n\n\n\n<p>Veja abaixo a programa\u00e7\u00e3o completa<\/p>\n\n\n\n<p><br><br><br><br><\/p>",
        "protected": false
    },
    "excerpt": {
        "rendered": "<p>O Flirrua chega ao FLIRCONTAS como o espa\u00e7o da juventude, ocupando as ruas de Rio de Contas com cria\u00e7\u00e3o, voz e atitude. A programa\u00e7\u00e3o re\u00fane manifesta\u00e7\u00f5es diversas \u2014 m\u00fasica, poesia, performance, roda de conversa, audiovisual e interven\u00e7\u00f5es art\u00edsticas \u2014 tudo pensado para que os jovens expressem seus afetos, inquieta\u00e7\u00f5es e vis\u00f5es de mundo. \u00c9 um [&hellip;]<\/p>",
        "protected": false
    },
    "author": 5,
    "featured_media": 1371,
    "comment_status": "open",
    "ping_status": "open",
    "sticky": false,
    "template": "",
    "format": "standard",
    "meta": {
        "_acf_changed": false,
        "_gspb_post_css": "",
        "footnotes": ""
    },
    "categories": [
        68
    ],
    "tags": [
        93,
        97
    ],
    "class_list": [
        "post-1507",
        "post",
        "type-post",
        "status-publish",
        "format-standard",
        "has-post-thumbnail",
        "hentry",
        "category-flircontas",
        "tag-flirrua",
        "tag-programacao"
    ],
    "blocksy_meta": [],
    "acf": [],
    "yoast_head": "<!-- This site is optimized with the Yoast SEO plugin v27.3 - https:\/\/yoast.com\/product\/yoast-seo-wordpress\/ -->\n<title>Confira a programa\u00e7\u00e3o do FLIRRUA - Rede Cultura Viva da Bahia<\/title>\n<meta name=\"robots\" content=\"index, follow, max-snippet:-1, max-image-preview:large, max-video-preview:-1\" \/>\n<link rel=\"canonical\" href=\"https:\/\/bahia.culturaviva.net.br\/en\/flircontas\/confira-a-programacao-do-flirrua\/\" \/>\n<meta property=\"og:locale\" content=\"en_US\" \/>\n<meta property=\"og:type\" content=\"article\" \/>\n<meta property=\"og:title\" content=\"Confira a programa\u00e7\u00e3o do FLIRRUA - Rede Cultura Viva da Bahia\" \/>\n<meta property=\"og:description\" content=\"O Flirrua chega ao FLIRCONTAS como o espa\u00e7o da juventude, ocupando as ruas de Rio de Contas com cria\u00e7\u00e3o, voz e atitude. A programa\u00e7\u00e3o re\u00fane manifesta\u00e7\u00f5es diversas \u2014 m\u00fasica, poesia, performance, roda de conversa, audiovisual e interven\u00e7\u00f5es art\u00edsticas \u2014 tudo pensado para que os jovens expressem seus afetos, inquieta\u00e7\u00f5es e vis\u00f5es de mundo. \u00c9 um [&hellip;]\" \/>\n<meta property=\"og:url\" content=\"https:\/\/bahia.culturaviva.net.br\/en\/flircontas\/confira-a-programacao-do-flirrua\/\" \/>\n<meta property=\"og:site_name\" content=\"Rede Cultura Viva da Bahia\" \/>\n<meta property=\"article:published_time\" content=\"2025-11-26T00:56:57+00:00\" \/>\n<meta property=\"article:modified_time\" content=\"2025-11-26T00:56:58+00:00\" \/>\n<meta property=\"og:image\" content=\"https:\/\/bahia.culturaviva.net.br\/wp-content\/uploads\/2025\/11\/Design-sem-nome-1.png\" \/>\n\t<meta property=\"og:image:width\" content=\"1600\" \/>\n\t<meta property=\"og:image:height\" content=\"1200\" \/>\n\t<meta property=\"og:image:type\" content=\"image\/png\" \/>\n<meta name=\"author\" content=\"Gustavo Medeiros\" \/>\n<meta name=\"twitter:card\" content=\"summary_large_image\" \/>\n<meta name=\"twitter:label1\" content=\"Written by\" \/>\n\t<meta name=\"twitter:data1\" content=\"Gustavo Medeiros\" \/>\n\t<meta name=\"twitter:label2\" content=\"Est. reading time\" \/>\n\t<meta name=\"twitter:data2\" content=\"2 minutes\" \/>\n<script type=\"application\/ld+json\" class=\"yoast-schema-graph\">{\"@context\":\"https:\\\/\\\/schema.org\",\"@graph\":[{\"@type\":\"Article\",\"@id\":\"https:\\\/\\\/bahia.culturaviva.net.br\\\/flircontas\\\/confira-a-programacao-do-flirrua\\\/#article\",\"isPartOf\":{\"@id\":\"https:\\\/\\\/bahia.culturaviva.net.br\\\/flircontas\\\/confira-a-programacao-do-flirrua\\\/\"},\"author\":{\"name\":\"Gustavo Medeiros\",\"@id\":\"https:\\\/\\\/bahia.culturaviva.net.br\\\/#\\\/schema\\\/person\\\/f94981373011b5863e00a94890c91090\"},\"headline\":\"Confira a programa\u00e7\u00e3o do FLIRRUA\",\"datePublished\":\"2025-11-26T00:56:57+00:00\",\"dateModified\":\"2025-11-26T00:56:58+00:00\",\"mainEntityOfPage\":{\"@id\":\"https:\\\/\\\/bahia.culturaviva.net.br\\\/flircontas\\\/confira-a-programacao-do-flirrua\\\/\"},\"wordCount\":178,\"commentCount\":0,\"publisher\":{\"@id\":\"https:\\\/\\\/bahia.culturaviva.net.br\\\/#organization\"},\"image\":{\"@id\":\"https:\\\/\\\/bahia.culturaviva.net.br\\\/flircontas\\\/confira-a-programacao-do-flirrua\\\/#primaryimage\"},\"thumbnailUrl\":\"https:\\\/\\\/bahia.culturaviva.net.br\\\/wp-content\\\/uploads\\\/2025\\\/11\\\/Design-sem-nome-1.png\",\"keywords\":[\"flirrua\",\"programacao\"],\"articleSection\":[\"Flircontas\"],\"inLanguage\":\"en-US\",\"potentialAction\":[{\"@type\":\"CommentAction\",\"name\":\"Comment\",\"target\":[\"https:\\\/\\\/bahia.culturaviva.net.br\\\/flircontas\\\/confira-a-programacao-do-flirrua\\\/#respond\"]}]},{\"@type\":\"WebPage\",\"@id\":\"https:\\\/\\\/bahia.culturaviva.net.br\\\/flircontas\\\/confira-a-programacao-do-flirrua\\\/\",\"url\":\"https:\\\/\\\/bahia.culturaviva.net.br\\\/flircontas\\\/confira-a-programacao-do-flirrua\\\/\",\"name\":\"Confira a programa\u00e7\u00e3o do FLIRRUA - Rede Cultura Viva da Bahia\",\"isPartOf\":{\"@id\":\"https:\\\/\\\/bahia.culturaviva.net.br\\\/#website\"},\"primaryImageOfPage\":{\"@id\":\"https:\\\/\\\/bahia.culturaviva.net.br\\\/flircontas\\\/confira-a-programacao-do-flirrua\\\/#primaryimage\"},\"image\":{\"@id\":\"https:\\\/\\\/bahia.culturaviva.net.br\\\/flircontas\\\/confira-a-programacao-do-flirrua\\\/#primaryimage\"},\"thumbnailUrl\":\"https:\\\/\\\/bahia.culturaviva.net.br\\\/wp-content\\\/uploads\\\/2025\\\/11\\\/Design-sem-nome-1.png\",\"datePublished\":\"2025-11-26T00:56:57+00:00\",\"dateModified\":\"2025-11-26T00:56:58+00:00\",\"breadcrumb\":{\"@id\":\"https:\\\/\\\/bahia.culturaviva.net.br\\\/flircontas\\\/confira-a-programacao-do-flirrua\\\/#breadcrumb\"},\"inLanguage\":\"en-US\",\"potentialAction\":[{\"@type\":\"ReadAction\",\"target\":[\"https:\\\/\\\/bahia.culturaviva.net.br\\\/flircontas\\\/confira-a-programacao-do-flirrua\\\/\"]}]},{\"@type\":\"ImageObject\",\"inLanguage\":\"en-US\",\"@id\":\"https:\\\/\\\/bahia.culturaviva.net.br\\\/flircontas\\\/confira-a-programacao-do-flirrua\\\/#primaryimage\",\"url\":\"https:\\\/\\\/bahia.culturaviva.net.br\\\/wp-content\\\/uploads\\\/2025\\\/11\\\/Design-sem-nome-1.png\",\"contentUrl\":\"https:\\\/\\\/bahia.culturaviva.net.br\\\/wp-content\\\/uploads\\\/2025\\\/11\\\/Design-sem-nome-1.png\",\"width\":1600,\"height\":1200},{\"@type\":\"BreadcrumbList\",\"@id\":\"https:\\\/\\\/bahia.culturaviva.net.br\\\/flircontas\\\/confira-a-programacao-do-flirrua\\\/#breadcrumb\",\"itemListElement\":[{\"@type\":\"ListItem\",\"position\":1,\"name\":\"In\u00edcio\",\"item\":\"https:\\\/\\\/bahia.culturaviva.net.br\\\/\"},{\"@type\":\"ListItem\",\"position\":2,\"name\":\"Confira a programa\u00e7\u00e3o do FLIRRUA\"}]},{\"@type\":\"WebSite\",\"@id\":\"https:\\\/\\\/bahia.culturaviva.net.br\\\/#website\",\"url\":\"https:\\\/\\\/bahia.culturaviva.net.br\\\/\",\"name\":\"Rede Cultura Viva da Bahia\",\"description\":\"Espa\u00e7o para Acervo, Informa\u00e7\u00e3o e Participa\u00e7\u00e3o Social da Rede de Pontos de Cultura da Bahia\",\"publisher\":{\"@id\":\"https:\\\/\\\/bahia.culturaviva.net.br\\\/#organization\"},\"potentialAction\":[{\"@type\":\"SearchAction\",\"target\":{\"@type\":\"EntryPoint\",\"urlTemplate\":\"https:\\\/\\\/bahia.culturaviva.net.br\\\/?s={search_term_string}\"},\"query-input\":{\"@type\":\"PropertyValueSpecification\",\"valueRequired\":true,\"valueName\":\"search_term_string\"}}],\"inLanguage\":\"en-US\"},{\"@type\":\"Organization\",\"@id\":\"https:\\\/\\\/bahia.culturaviva.net.br\\\/#organization\",\"name\":\"Rede Cultura Viva da Bahia\",\"url\":\"https:\\\/\\\/bahia.culturaviva.net.br\\\/\",\"logo\":{\"@type\":\"ImageObject\",\"inLanguage\":\"en-US\",\"@id\":\"https:\\\/\\\/bahia.culturaviva.net.br\\\/#\\\/schema\\\/logo\\\/image\\\/\",\"url\":\"https:\\\/\\\/bahia.culturaviva.net.br\\\/wp-content\\\/uploads\\\/2025\\\/11\\\/logo-plataforma-culturaviva-bahia-branco.png\",\"contentUrl\":\"https:\\\/\\\/bahia.culturaviva.net.br\\\/wp-content\\\/uploads\\\/2025\\\/11\\\/logo-plataforma-culturaviva-bahia-branco.png\",\"width\":628,\"height\":652,\"caption\":\"Rede Cultura Viva da Bahia\"},\"image\":{\"@id\":\"https:\\\/\\\/bahia.culturaviva.net.br\\\/#\\\/schema\\\/logo\\\/image\\\/\"}},{\"@type\":\"Person\",\"@id\":\"https:\\\/\\\/bahia.culturaviva.net.br\\\/#\\\/schema\\\/person\\\/f94981373011b5863e00a94890c91090\",\"name\":\"Gustavo Medeiros\",\"image\":{\"@type\":\"ImageObject\",\"inLanguage\":\"en-US\",\"@id\":\"https:\\\/\\\/secure.gravatar.com\\\/avatar\\\/f827bf50846cc3705e474dcacdab7842308a5b30d92b2b10d4fb284726ac45d3?s=96&d=mm&r=g\",\"url\":\"https:\\\/\\\/secure.gravatar.com\\\/avatar\\\/f827bf50846cc3705e474dcacdab7842308a5b30d92b2b10d4fb284726ac45d3?s=96&d=mm&r=g\",\"contentUrl\":\"https:\\\/\\\/secure.gravatar.com\\\/avatar\\\/f827bf50846cc3705e474dcacdab7842308a5b30d92b2b10d4fb284726ac45d3?s=96&d=mm&r=g\",\"caption\":\"Gustavo Medeiros\"},\"url\":\"https:\\\/\\\/bahia.culturaviva.net.br\\\/en\\\/author\\\/gustavomedeiros\\\/\"}]}<\/script>\n<!-- \/ Yoast SEO plugin. -->",
    "yoast_head_json": {
        "title": "Confira a programa\u00e7\u00e3o do FLIRRUA - Rede Cultura Viva da Bahia",
        "robots": {
            "index": "index",
            "follow": "follow",
            "max-snippet": "max-snippet:-1",
            "max-image-preview": "max-image-preview:large",
            "max-video-preview": "max-video-preview:-1"
        },
        "canonical": "https:\/\/bahia.culturaviva.net.br\/en\/flircontas\/confira-a-programacao-do-flirrua\/",
        "og_locale": "en_US",
        "og_type": "article",
        "og_title": "Confira a programa\u00e7\u00e3o do FLIRRUA - Rede Cultura Viva da Bahia",
        "og_description": "O Flirrua chega ao FLIRCONTAS como o espa\u00e7o da juventude, ocupando as ruas de Rio de Contas com cria\u00e7\u00e3o, voz e atitude. A programa\u00e7\u00e3o re\u00fane manifesta\u00e7\u00f5es diversas \u2014 m\u00fasica, poesia, performance, roda de conversa, audiovisual e interven\u00e7\u00f5es art\u00edsticas \u2014 tudo pensado para que os jovens expressem seus afetos, inquieta\u00e7\u00f5es e vis\u00f5es de mundo. \u00c9 um [&hellip;]",
        "og_url": "https:\/\/bahia.culturaviva.net.br\/en\/flircontas\/confira-a-programacao-do-flirrua\/",
        "og_site_name": "Rede Cultura Viva da Bahia",
        "article_published_time": "2025-11-26T00:56:57+00:00",
        "article_modified_time": "2025-11-26T00:56:58+00:00",
        "og_image": [
            {
                "width": 1600,
                "height": 1200,
                "url": "https:\/\/bahia.culturaviva.net.br\/wp-content\/uploads\/2025\/11\/Design-sem-nome-1.png",
                "type": "image\/png"
            }
        ],
        "author": "Gustavo Medeiros",
        "twitter_card": "summary_large_image",
        "twitter_misc": {
            "Written by": "Gustavo Medeiros",
            "Est. reading time": "2 minutes"
        },
        "schema": {
            "@context": "https:\/\/schema.org",
            "@graph": [
                {
                    "@type": "Article",
                    "@id": "https:\/\/bahia.culturaviva.net.br\/flircontas\/confira-a-programacao-do-flirrua\/#article",
                    "isPartOf": {
                        "@id": "https:\/\/bahia.culturaviva.net.br\/flircontas\/confira-a-programacao-do-flirrua\/"
                    },
                    "author": {
                        "name": "Gustavo Medeiros",
                        "@id": "https:\/\/bahia.culturaviva.net.br\/#\/schema\/person\/f94981373011b5863e00a94890c91090"
                    },
                    "headline": "Confira a programa\u00e7\u00e3o do FLIRRUA",
                    "datePublished": "2025-11-26T00:56:57+00:00",
                    "dateModified": "2025-11-26T00:56:58+00:00",
                    "mainEntityOfPage": {
                        "@id": "https:\/\/bahia.culturaviva.net.br\/flircontas\/confira-a-programacao-do-flirrua\/"
                    },
                    "wordCount": 178,
                    "commentCount": 0,
                    "publisher": {
                        "@id": "https:\/\/bahia.culturaviva.net.br\/#organization"
                    },
                    "image": {
                        "@id": "https:\/\/bahia.culturaviva.net.br\/flircontas\/confira-a-programacao-do-flirrua\/#primaryimage"
                    },
                    "thumbnailUrl": "https:\/\/bahia.culturaviva.net.br\/wp-content\/uploads\/2025\/11\/Design-sem-nome-1.png",
                    "keywords": [
                        "flirrua",
                        "programacao"
                    ],
                    "articleSection": [
                        "Flircontas"
                    ],
                    "inLanguage": "en-US",
                    "potentialAction": [
                        {
                            "@type": "CommentAction",
                            "name": "Comment",
                            "target": [
                                "https:\/\/bahia.culturaviva.net.br\/flircontas\/confira-a-programacao-do-flirrua\/#respond"
                            ]
                        }
                    ]
                },
                {
                    "@type": "WebPage",
                    "@id": "https:\/\/bahia.culturaviva.net.br\/flircontas\/confira-a-programacao-do-flirrua\/",
                    "url": "https:\/\/bahia.culturaviva.net.br\/flircontas\/confira-a-programacao-do-flirrua\/",
                    "name": "Confira a programa\u00e7\u00e3o do FLIRRUA - Rede Cultura Viva da Bahia",
                    "isPartOf": {
                        "@id": "https:\/\/bahia.culturaviva.net.br\/#website"
                    },
                    "primaryImageOfPage": {
                        "@id": "https:\/\/bahia.culturaviva.net.br\/flircontas\/confira-a-programacao-do-flirrua\/#primaryimage"
                    },
                    "image": {
                        "@id": "https:\/\/bahia.culturaviva.net.br\/flircontas\/confira-a-programacao-do-flirrua\/#primaryimage"
                    },
                    "thumbnailUrl": "https:\/\/bahia.culturaviva.net.br\/wp-content\/uploads\/2025\/11\/Design-sem-nome-1.png",
                    "datePublished": "2025-11-26T00:56:57+00:00",
                    "dateModified": "2025-11-26T00:56:58+00:00",
                    "breadcrumb": {
                        "@id": "https:\/\/bahia.culturaviva.net.br\/flircontas\/confira-a-programacao-do-flirrua\/#breadcrumb"
                    },
                    "inLanguage": "en-US",
                    "potentialAction": [
                        {
                            "@type": "ReadAction",
                            "target": [
                                "https:\/\/bahia.culturaviva.net.br\/flircontas\/confira-a-programacao-do-flirrua\/"
                            ]
                        }
                    ]
                },
                {
                    "@type": "ImageObject",
                    "inLanguage": "en-US",
                    "@id": "https:\/\/bahia.culturaviva.net.br\/flircontas\/confira-a-programacao-do-flirrua\/#primaryimage",
                    "url": "https:\/\/bahia.culturaviva.net.br\/wp-content\/uploads\/2025\/11\/Design-sem-nome-1.png",
                    "contentUrl": "https:\/\/bahia.culturaviva.net.br\/wp-content\/uploads\/2025\/11\/Design-sem-nome-1.png",
                    "width": 1600,
                    "height": 1200
                },
                {
                    "@type": "BreadcrumbList",
                    "@id": "https:\/\/bahia.culturaviva.net.br\/flircontas\/confira-a-programacao-do-flirrua\/#breadcrumb",
                    "itemListElement": [
                        {
                            "@type": "ListItem",
                            "position": 1,
                            "name": "In\u00edcio",
                            "item": "https:\/\/bahia.culturaviva.net.br\/"
                        },
                        {
                            "@type": "ListItem",
                            "position": 2,
                            "name": "Confira a programa\u00e7\u00e3o do FLIRRUA"
                        }
                    ]
                },
                {
                    "@type": "WebSite",
                    "@id": "https:\/\/bahia.culturaviva.net.br\/#website",
                    "url": "https:\/\/bahia.culturaviva.net.br\/",
                    "name": "Rede Cultura Viva da Bahia",
                    "description": "Espa\u00e7o para Acervo, Informa\u00e7\u00e3o e Participa\u00e7\u00e3o Social da Rede de Pontos de Cultura da Bahia",
                    "publisher": {
                        "@id": "https:\/\/bahia.culturaviva.net.br\/#organization"
                    },
                    "potentialAction": [
                        {
                            "@type": "SearchAction",
                            "target": {
                                "@type": "EntryPoint",
                                "urlTemplate": "https:\/\/bahia.culturaviva.net.br\/?s={search_term_string}"
                            },
                            "query-input": {
                                "@type": "PropertyValueSpecification",
                                "valueRequired": true,
                                "valueName": "search_term_string"
                            }
                        }
                    ],
                    "inLanguage": "en-US"
                },
                {
                    "@type": "Organization",
                    "@id": "https:\/\/bahia.culturaviva.net.br\/#organization",
                    "name": "Rede Cultura Viva da Bahia",
                    "url": "https:\/\/bahia.culturaviva.net.br\/",
                    "logo": {
                        "@type": "ImageObject",
                        "inLanguage": "en-US",
                        "@id": "https:\/\/bahia.culturaviva.net.br\/#\/schema\/logo\/image\/",
                        "url": "https:\/\/bahia.culturaviva.net.br\/wp-content\/uploads\/2025\/11\/logo-plataforma-culturaviva-bahia-branco.png",
                        "contentUrl": "https:\/\/bahia.culturaviva.net.br\/wp-content\/uploads\/2025\/11\/logo-plataforma-culturaviva-bahia-branco.png",
                        "width": 628,
                        "height": 652,
                        "caption": "Rede Cultura Viva da Bahia"
                    },
                    "image": {
                        "@id": "https:\/\/bahia.culturaviva.net.br\/#\/schema\/logo\/image\/"
                    }
                },
                {
                    "@type": "Person",
                    "@id": "https:\/\/bahia.culturaviva.net.br\/#\/schema\/person\/f94981373011b5863e00a94890c91090",
                    "name": "Gustavo Medeiros",
                    "image": {
                        "@type": "ImageObject",
                        "inLanguage": "en-US",
                        "@id": "https:\/\/secure.gravatar.com\/avatar\/f827bf50846cc3705e474dcacdab7842308a5b30d92b2b10d4fb284726ac45d3?s=96&d=mm&r=g",
                        "url": "https:\/\/secure.gravatar.com\/avatar\/f827bf50846cc3705e474dcacdab7842308a5b30d92b2b10d4fb284726ac45d3?s=96&d=mm&r=g",
                        "contentUrl": "https:\/\/secure.gravatar.com\/avatar\/f827bf50846cc3705e474dcacdab7842308a5b30d92b2b10d4fb284726ac45d3?s=96&d=mm&r=g",
                        "caption": "Gustavo Medeiros"
                    },
                    "url": "https:\/\/bahia.culturaviva.net.br\/en\/author\/gustavomedeiros\/"
                }
            ]
        }
    },
    "_links": {
        "self": [
            {
                "href": "https:\/\/bahia.culturaviva.net.br\/en\/wp-json\/wp\/v2\/posts\/1507",
                "targetHints": {
                    "allow": [
                        "GET"
                    ]
                }
            }
        ],
        "collection": [
            {
                "href": "https:\/\/bahia.culturaviva.net.br\/en\/wp-json\/wp\/v2\/posts"
            }
        ],
        "about": [
            {
                "href": "https:\/\/bahia.culturaviva.net.br\/en\/wp-json\/wp\/v2\/types\/post"
            }
        ],
        "author": [
            {
                "embeddable": true,
                "href": "https:\/\/bahia.culturaviva.net.br\/en\/wp-json\/wp\/v2\/users\/5"
            }
        ],
        "replies": [
            {
                "embeddable": true,
                "href": "https:\/\/bahia.culturaviva.net.br\/en\/wp-json\/wp\/v2\/comments?post=1507"
            }
        ],
        "version-history": [
            {
                "count": 1,
                "href": "https:\/\/bahia.culturaviva.net.br\/en\/wp-json\/wp\/v2\/posts\/1507\/revisions"
            }
        ],
        "predecessor-version": [
            {
                "id": 1508,
                "href": "https:\/\/bahia.culturaviva.net.br\/en\/wp-json\/wp\/v2\/posts\/1507\/revisions\/1508"
            }
        ],
        "wp:featuredmedia": [
            {
                "embeddable": true,
                "href": "https:\/\/bahia.culturaviva.net.br\/en\/wp-json\/wp\/v2\/media\/1371"
            }
        ],
        "wp:attachment": [
            {
                "href": "https:\/\/bahia.culturaviva.net.br\/en\/wp-json\/wp\/v2\/media?parent=1507"
            }
        ],
        "wp:term": [
            {
                "taxonomy": "category",
                "embeddable": true,
                "href": "https:\/\/bahia.culturaviva.net.br\/en\/wp-json\/wp\/v2\/categories?post=1507"
            },
            {
                "taxonomy": "post_tag",
                "embeddable": true,
                "href": "https:\/\/bahia.culturaviva.net.br\/en\/wp-json\/wp\/v2\/tags?post=1507"
            }
        ],
        "curies": [
            {
                "name": "wp",
                "href": "https:\/\/api.w.org\/{rel}",
                "templated": true
            }
        ]
    }
}