{
    "id": 1559,
    "date": "2025-11-26T22:51:23",
    "date_gmt": "2025-11-27T01:51:23",
    "guid": {
        "rendered": "https:\/\/bahia.culturaviva.net.br\/?p=1559"
    },
    "modified": "2025-11-26T22:51:24",
    "modified_gmt": "2025-11-27T01:51:24",
    "slug": "divulgada-a-programacao-geral",
    "status": "publish",
    "type": "post",
    "link": "https:\/\/bahia.culturaviva.net.br\/en\/flircontas\/divulgada-a-programacao-geral\/",
    "title": {
        "rendered": "Divulgada a programa\u00e7\u00e3o geral"
    },
    "content": {
        "rendered": "<p>A programa\u00e7\u00e3o do FLIRCONTAS j\u00e1 est\u00e1 no ar para voc\u00ea n\u00e3o perder nada do que vai acontecer na cidade. S\u00e3o tr\u00eas dias de imers\u00e3o em literatura, arte e cultura para todas as idades, reunindo debates, lan\u00e7amentos, m\u00fasica, exposi\u00e7\u00f5es, atividades infantis e muito mais. Um festival diverso, pulsante e acolhedor, feito para quem deseja viver Rio de Contas em sua plenitude criativa.<\/p>\n\n\n\n<p>Confira aqui a programa\u00e7\u00e3o<\/p>\n\n\n\n<p><strong>27 de novembro \u2014 Quinta-feira<\/strong><\/p>\n\n\n\n<p>13h \u2014 Janelas Liter\u00e1rias &#8211; Poemas dos estudantes da rede municipal. Janelas do Centro Hist\u00f3rico<\/p>\n\n\n\n<p>16h \u2014 Cortejo Cultural&nbsp;Sa\u00edda do CIRCEA \u2013 Centro Hist\u00f3rico<\/p>\n\n\n\n<p>19h \u2014 Abertura Oficial e homenageados&nbsp;<\/p>\n\n\n\n<p>Apresenta\u00e7\u00e3o &#8211; Lira dos artistas<br>Palco Carmo Joaquim \u2013 Pra\u00e7a da Matriz<\/p>\n\n\n\n<p><strong>28 de novembro \u2014 Sexta-feira<\/strong><\/p>\n\n\n\n<p>8h \u2014 Espet\u00e1culo A Barcarola Encantada &#8211; Grupo Vira Toco (Flircontinhas)<br>Tenda Laurindo R\u00e9gis &#8211; Estrela da Chapada<\/p>\n\n\n\n<p>8h \u201317h \u2014 Pintura facial e brincadeiras (Flircontinhas)<br>Tenda Laurindo R\u00e9gis &#8211; Estrela da Chapada<\/p>\n\n\n\n<p>8h -17h &#8211; Exposi\u00e7\u00e3o Projeto Arca de No\u00e9 &#8211; Poemas do Autor Vin\u00edcius de Morais &#8211; Escola Juvenal Candido De Oliveira &#8211; CEMJCO<\/p>\n\n\n\n<p>Tenda Laurindo R\u00e9gis &#8211; Estrela da Chapada&nbsp;<\/p>\n\n\n\n<p>08h30 &#8211; Apresenta\u00e7\u00e3o Cultural Bumba Meu Boi da Escola Despertar&nbsp;<\/p>\n\n\n\n<p>Tenda Laurindo R\u00e9gis &#8211; Estrela da Chapada&nbsp;<\/p>\n\n\n\n<p>9h \u2014 Conta\u00e7\u00e3o de hist\u00f3rias + Lan\u00e7amento de livro \u201cO pincel da Lulu\u201d com Nadja Nunes (Flircontinhas)<br>Tenda Laurindo R\u00e9gis &#8211; Estrela da Chapada&nbsp;<\/p>\n\n\n\n<p>9h \u2014 Roda de Conversa \u201cA Terra Fala \u2013 Vozes Ind\u00edgenas\u201d<br>Club Rio Contense<\/p>\n\n\n\n<p>9h\u201317h \u2014 Conta\u00e7\u00e3o de hist\u00f3rias e projeto Leve e Leia &#8211; BIBEX Funda\u00e7\u00e3o Pedro Calmon (Flircontinhas)<br>Tenda Laurindo R\u00e9gis &#8211; Estrela da Chapada&nbsp;<\/p>\n\n\n\n<p>10h \u2014 Apresenta\u00e7\u00e3o Circo Giramundo (Flircontinhas)<br>Tenda Laurindo R\u00e9gis &#8211; Estrela da Chapada&nbsp;<\/p>\n\n\n\n<p>10h \u2014 Oficina de audiovisual com Carlos Souto<br>Casa de C\u00e2mara e Cadeia<\/p>\n\n\n\n<p>10h30 \u2014 Painel Tem\u00e1tico O Papel da Literatura na Identidade e Cidadania Cultural com Em\u00edlio Tapioca e Gil Moreira<br>Club Rio Contense<\/p>\n\n\n\n<p>10h \u201318h &#8211; Exposi\u00e7\u00e3o \u201cCores, Sabores, Saberes e Movimentos da Nossa Hist\u00f3ria\u201d &#8211; Projeto AVE dos estudantes das Escolas Estaduais do Territ\u00f3rio Chapada Diamantina (FlirRua)<br>F\u00f3rum<\/p>\n\n\n\n<p>13h \u2014 Oficina \/ Performance \u201cO Livro do Futuro\u201d com Jo\u00e3o Gonzaga (Flircontinhas)<br>Tenda Laurindo R\u00e9gis &#8211; Estrela da Chapada&nbsp;&nbsp;<\/p>\n\n\n\n<p>14h \u2014 Pedro Malazartes \u2013 Performance do Ponto de Cultura de Caetit\u00e9<br>Cal\u00e7ad\u00e3o do F\u00f3rum<\/p>\n\n\n\n<p>14h \u2014 Roda de Conversa \u201cA Terra Ensina \u2013 Saberes Quilombolas e Educa\u00e7\u00e3o Antirracista\u201d<br>Club Rio Contense<\/p>\n\n\n\n<p>14h30 \u2014 Lan\u00e7amento Coletivo \u2013 Cole\u00e7\u00e3o Estudantes da Escola Mato Grosso<\/p>\n\n\n\n<p>70 livros escritos pelos alunos do EF 1 da Escola Ana Petrolina&nbsp; (Flircontinhas)<br>Tenda Laurindo R\u00e9gis &#8211; Estrela da Chapada&nbsp;<\/p>\n\n\n\n<p>15h &#8211; Expo Mari\u00f4 &#8211; Arte de Terreiro + OASIS: Mem\u00f3rias e Trajet\u00f3ria do Ponto de Cultura\u00a0OASIS<\/p>\n\n\n\n<p>Tenda Maria Brand\u00e3o<\/p>\n\n\n\n<p>15h30 \u2014 Roda de Conversa \u201cA Terra Guarda \u2013 Povos de Terreiro\u201d<br>Club Rio Contense<\/p>\n\n\n\n<p>15h30 \u2014 Espet\u00e1culo A Barcarola Encantada (Flircontinhas)&nbsp;<\/p>\n\n\n\n<p>Tenda Laurindo R\u00e9gis -Espa\u00e7o Estrela da Chapada<\/p>\n\n\n\n<p>16h30 \u2014 Conversa com Ryane Le\u00e3o e Lan\u00e7amento de Estudantes do IFBA + Coral<\/p>\n\n\n\n<p>Tenda Maria Brand\u00e3o<\/p>\n\n\n\n<p>17h30 \u2014 Lan\u00e7amento do livro \u201cMorram Marotos!\u201d + bate papo com Mois\u00e9s Frutuoso e Jair Cardoso<br>Tenda Maria Brand\u00e3o<\/p>\n\n\n\n<p>18h \u2014 Mostra de Curtas&nbsp; (FlirCine\/Facine)<br>F\u00f3rum<\/p>\n\n\n\n<p>18h30 \u2014 Lan\u00e7amento Coletivo &#8211; Contos e Cr\u00f4nicas + pocket show Folha do Carvoeiro<br>Cal\u00e7ad\u00e3o do F\u00f3rum \u2013 Tenda Maria Brand\u00e3o<\/p>\n\n\n\n<p>20h \u2014 Shows: Quintas do Samba \u2022 4Ns \u2022 Carlinhos Brown<br>Palco Carmo Joaquim<\/p>\n\n\n\n<p><strong>29 de novembro \u2014 S\u00e1bado<\/strong><\/p>\n\n\n\n<p>8h \u2014 Pintura facial e brincadeiras (Flircontinhas)<br>Club Rio Contense<\/p>\n\n\n\n<p>8h -17h &#8211; Exposi\u00e7\u00e3o Projeto Arca de No\u00e9 &#8211; Poemas do Autor Vin\u00edcius de Morais &#8211; Escola Juvenal Candido De Oliveira<\/p>\n\n\n\n<p>8h30 \u2014 Juventudes (FlirRua)<br>Club Rio&nbsp;<\/p>\n\n\n\n<p>8h30 &#8211; Apresenta\u00e7\u00e3o Projeto Despertar &#8211; Sec de Educa\u00e7\u00e3o do Munic\u00edpio &#8211; Estudantes da Rede&nbsp;<\/p>\n\n\n\n<p>Cal\u00e7ad\u00e3o do F\u00f3rum&nbsp;<\/p>\n\n\n\n<p>9h\u201317h \u2014 Conta\u00e7\u00e3o de hist\u00f3rias e projeto Leve e Leia &#8211; BIBEX Funda\u00e7\u00e3o Pedro Calmon (Flircontinhas)<br>Tenda Laurindo R\u00e9gis &#8211; Estrela da Chapada&nbsp;<\/p>\n\n\n\n<p>09h-11h30 &#8211; Trilha da Palavra: Oficina de escrita e exerc\u00edcios de imagina\u00e7\u00e3o com Tom Correa<\/p>\n\n\n\n<p>Col\u00e9gio Carlos Souto<\/p>\n\n\n\n<p>9h\u201312h &#8211; Expo Mari\u00f4 &#8211; Arte de Terreiro + OASIS: Mem\u00f3rias e Trajet\u00f3ria do Ponto de Cultura&nbsp;<\/p>\n\n\n\n<p>Espa\u00e7o OASIS<\/p>\n\n\n\n<p>9h\u201311h \u2014 Oficina Cultura Viva (Pedro Jatob\u00e1)<br>Ponto Oasis<\/p>\n\n\n\n<p>9h \u2014 Lan\u00e7amento Coletivo (Autores selecionados)<\/p>\n\n\n\n<p>Performance de Rique Silva ( Sarau Boteco Po\u00e9tico)<br>Tenda Maria Brand\u00e3o\u00a0<\/p>\n\n\n\n<p>9h30 \u2014 Espet\u00e1culo A Barcarola Encantada (Flircontinhas)&nbsp;<\/p>\n\n\n\n<p>Tenda Maria Brand\u00e3o<\/p>\n\n\n\n<p>10h &#8211; Pol\u00edticas Culturais do MINC -FUNARTE para Rio de Contas com Maria Mariguella e Ana Rosa<\/p>\n\n\n\n<p>Tenda Maria Brand\u00e3o<\/p>\n\n\n\n<p>10h \u2014 Exposi\u00e7\u00e3o \u201cCores, Sabores, Saberes e Movimentos da Nossa Hist\u00f3ria\u201d (FlirRua)<\/p>\n\n\n\n<p>Ponto de Cultura OASIS ;<\/p>\n\n\n\n<p>10h30 \u2014 Conversa com o autor Jean Wyllys. Media\u00e7\u00e3o Marluccia Ara\u00fajo<br>Tenda Maria Brand\u00e3o<\/p>\n\n\n\n<p>10h30 \u2014 O Nariz Encantado (Flircontinhas)<br>Tenda Laurindo R\u00e9gis &#8211; Espa\u00e7o Estrela da Chapada&nbsp;<\/p>\n\n\n\n<p>11h30 \u2014 Performance Gira Mundo<br>Cal\u00e7ad\u00e3o do F\u00f3rum<\/p>\n\n\n\n<p>13h \u2014 Performance \u201cDesenho por Saber\u201d<br>Cal\u00e7ad\u00e3o do F\u00f3rum<\/p>\n\n\n\n<p>13h\u201316h30 \u2014 Encontro Tecendo Redes + F\u00f3rum Livre dos Pontos de Cultura&nbsp;<\/p>\n\n\n\n<p>Lan\u00e7amento da Plataforma Cultura Viva Bahia<\/p>\n\n\n\n<p>Apresenta\u00e7\u00e3o Abass\u00e1 de Oxal\u00e1 e Cortejo com Pontos de Cultura e Manifesta\u00e7\u00f5es Culturais do Territ\u00f3rio<br>Club Rio Contense<\/p>\n\n\n\n<p>14h Conta\u00e7\u00e3o de hist\u00f3ria com Gra\u00e7a Sales (Flircontinhas)<\/p>\n\n\n\n<p>14h \u2014 3\u00ba Encontro ForTe CulTura com Em\u00edlio Tapioca<\/p>\n\n\n\n<p>Club Rio Contense<\/p>\n\n\n\n<p>14h30h &#8211; Roda de conversa escrita criativa e produ\u00e7\u00e3o liter\u00e1ria de jornalistas e comunicadores&nbsp; com Jean Wyllys&nbsp;<\/p>\n\n\n\n<p>15h \u2014 Roda de Capoeira \u2013 Flircontinhas<br>Ponto de cultura Oasis<\/p>\n\n\n\n<p>16h30 \u2014 Janela Musical \u2013 Jo\u00e3o Gonzaga<br>Janela do F\u00f3rum<\/p>\n\n\n\n<p>17h40 \u2014 Performance \u201cA Palavra no Corpo\u201d<br>Pra\u00e7a do F\u00f3rum<\/p>\n\n\n\n<p>18h\u201319h30 \u2014 Mostra de Filmes ( FlirCine + Facine)<br>Teatro S\u00e3o Carlos<\/p>\n\n\n\n<p>20h \u2014 Shows: Afrosamba \u2022 Yaya Massemba \u2022 Del Feliz \u2022 Olodum<br>Palco Principal<\/p>",
        "protected": false
    },
    "excerpt": {
        "rendered": "<p>A programa\u00e7\u00e3o do FLIRCONTAS j\u00e1 est\u00e1 no ar para voc\u00ea n\u00e3o perder nada do que vai acontecer na cidade. S\u00e3o tr\u00eas dias de imers\u00e3o em literatura, arte e cultura para todas as idades, reunindo debates, lan\u00e7amentos, m\u00fasica, exposi\u00e7\u00f5es, atividades infantis e muito mais. Um festival diverso, pulsante e acolhedor, feito para quem deseja viver Rio [&hellip;]<\/p>",
        "protected": false
    },
    "author": 5,
    "featured_media": 1371,
    "comment_status": "open",
    "ping_status": "open",
    "sticky": false,
    "template": "",
    "format": "standard",
    "meta": {
        "_acf_changed": false,
        "_gspb_post_css": "",
        "footnotes": ""
    },
    "categories": [
        68
    ],
    "tags": [
        69,
        97
    ],
    "class_list": [
        "post-1559",
        "post",
        "type-post",
        "status-publish",
        "format-standard",
        "has-post-thumbnail",
        "hentry",
        "category-flircontas",
        "tag-flircontas",
        "tag-programacao"
    ],
    "blocksy_meta": [],
    "acf": [],
    "yoast_head": "<!-- This site is optimized with the Yoast SEO plugin v27.3 - https:\/\/yoast.com\/product\/yoast-seo-wordpress\/ -->\n<title>Divulgada a programa\u00e7\u00e3o geral - Rede Cultura Viva da Bahia<\/title>\n<meta name=\"robots\" content=\"index, follow, max-snippet:-1, max-image-preview:large, max-video-preview:-1\" \/>\n<link rel=\"canonical\" href=\"https:\/\/bahia.culturaviva.net.br\/en\/flircontas\/divulgada-a-programacao-geral\/\" \/>\n<meta property=\"og:locale\" content=\"en_US\" \/>\n<meta property=\"og:type\" content=\"article\" \/>\n<meta property=\"og:title\" content=\"Divulgada a programa\u00e7\u00e3o geral - Rede Cultura Viva da Bahia\" \/>\n<meta property=\"og:description\" content=\"A programa\u00e7\u00e3o do FLIRCONTAS j\u00e1 est\u00e1 no ar para voc\u00ea n\u00e3o perder nada do que vai acontecer na cidade. S\u00e3o tr\u00eas dias de imers\u00e3o em literatura, arte e cultura para todas as idades, reunindo debates, lan\u00e7amentos, m\u00fasica, exposi\u00e7\u00f5es, atividades infantis e muito mais. Um festival diverso, pulsante e acolhedor, feito para quem deseja viver Rio [&hellip;]\" \/>\n<meta property=\"og:url\" content=\"https:\/\/bahia.culturaviva.net.br\/en\/flircontas\/divulgada-a-programacao-geral\/\" \/>\n<meta property=\"og:site_name\" content=\"Rede Cultura Viva da Bahia\" \/>\n<meta property=\"article:published_time\" content=\"2025-11-27T01:51:23+00:00\" \/>\n<meta property=\"article:modified_time\" content=\"2025-11-27T01:51:24+00:00\" \/>\n<meta property=\"og:image\" content=\"https:\/\/bahia.culturaviva.net.br\/wp-content\/uploads\/2025\/11\/Design-sem-nome-1.png\" \/>\n\t<meta property=\"og:image:width\" content=\"1600\" \/>\n\t<meta property=\"og:image:height\" content=\"1200\" \/>\n\t<meta property=\"og:image:type\" content=\"image\/png\" \/>\n<meta name=\"author\" content=\"Gustavo Medeiros\" \/>\n<meta name=\"twitter:card\" content=\"summary_large_image\" \/>\n<meta name=\"twitter:label1\" content=\"Written by\" \/>\n\t<meta name=\"twitter:data1\" content=\"Gustavo Medeiros\" \/>\n\t<meta name=\"twitter:label2\" content=\"Est. reading time\" \/>\n\t<meta name=\"twitter:data2\" content=\"5 minutes\" \/>\n<script type=\"application\/ld+json\" class=\"yoast-schema-graph\">{\"@context\":\"https:\\\/\\\/schema.org\",\"@graph\":[{\"@type\":\"Article\",\"@id\":\"https:\\\/\\\/bahia.culturaviva.net.br\\\/flircontas\\\/divulgada-a-programacao-geral\\\/#article\",\"isPartOf\":{\"@id\":\"https:\\\/\\\/bahia.culturaviva.net.br\\\/flircontas\\\/divulgada-a-programacao-geral\\\/\"},\"author\":{\"name\":\"Gustavo Medeiros\",\"@id\":\"https:\\\/\\\/bahia.culturaviva.net.br\\\/#\\\/schema\\\/person\\\/f94981373011b5863e00a94890c91090\"},\"headline\":\"Divulgada a programa\u00e7\u00e3o geral\",\"datePublished\":\"2025-11-27T01:51:23+00:00\",\"dateModified\":\"2025-11-27T01:51:24+00:00\",\"mainEntityOfPage\":{\"@id\":\"https:\\\/\\\/bahia.culturaviva.net.br\\\/flircontas\\\/divulgada-a-programacao-geral\\\/\"},\"wordCount\":988,\"commentCount\":0,\"publisher\":{\"@id\":\"https:\\\/\\\/bahia.culturaviva.net.br\\\/#organization\"},\"image\":{\"@id\":\"https:\\\/\\\/bahia.culturaviva.net.br\\\/flircontas\\\/divulgada-a-programacao-geral\\\/#primaryimage\"},\"thumbnailUrl\":\"https:\\\/\\\/bahia.culturaviva.net.br\\\/wp-content\\\/uploads\\\/2025\\\/11\\\/Design-sem-nome-1.png\",\"keywords\":[\"flircontas\",\"programacao\"],\"articleSection\":[\"Flircontas\"],\"inLanguage\":\"en-US\",\"potentialAction\":[{\"@type\":\"CommentAction\",\"name\":\"Comment\",\"target\":[\"https:\\\/\\\/bahia.culturaviva.net.br\\\/flircontas\\\/divulgada-a-programacao-geral\\\/#respond\"]}]},{\"@type\":\"WebPage\",\"@id\":\"https:\\\/\\\/bahia.culturaviva.net.br\\\/flircontas\\\/divulgada-a-programacao-geral\\\/\",\"url\":\"https:\\\/\\\/bahia.culturaviva.net.br\\\/flircontas\\\/divulgada-a-programacao-geral\\\/\",\"name\":\"Divulgada a programa\u00e7\u00e3o geral - Rede Cultura Viva da Bahia\",\"isPartOf\":{\"@id\":\"https:\\\/\\\/bahia.culturaviva.net.br\\\/#website\"},\"primaryImageOfPage\":{\"@id\":\"https:\\\/\\\/bahia.culturaviva.net.br\\\/flircontas\\\/divulgada-a-programacao-geral\\\/#primaryimage\"},\"image\":{\"@id\":\"https:\\\/\\\/bahia.culturaviva.net.br\\\/flircontas\\\/divulgada-a-programacao-geral\\\/#primaryimage\"},\"thumbnailUrl\":\"https:\\\/\\\/bahia.culturaviva.net.br\\\/wp-content\\\/uploads\\\/2025\\\/11\\\/Design-sem-nome-1.png\",\"datePublished\":\"2025-11-27T01:51:23+00:00\",\"dateModified\":\"2025-11-27T01:51:24+00:00\",\"breadcrumb\":{\"@id\":\"https:\\\/\\\/bahia.culturaviva.net.br\\\/flircontas\\\/divulgada-a-programacao-geral\\\/#breadcrumb\"},\"inLanguage\":\"en-US\",\"potentialAction\":[{\"@type\":\"ReadAction\",\"target\":[\"https:\\\/\\\/bahia.culturaviva.net.br\\\/flircontas\\\/divulgada-a-programacao-geral\\\/\"]}]},{\"@type\":\"ImageObject\",\"inLanguage\":\"en-US\",\"@id\":\"https:\\\/\\\/bahia.culturaviva.net.br\\\/flircontas\\\/divulgada-a-programacao-geral\\\/#primaryimage\",\"url\":\"https:\\\/\\\/bahia.culturaviva.net.br\\\/wp-content\\\/uploads\\\/2025\\\/11\\\/Design-sem-nome-1.png\",\"contentUrl\":\"https:\\\/\\\/bahia.culturaviva.net.br\\\/wp-content\\\/uploads\\\/2025\\\/11\\\/Design-sem-nome-1.png\",\"width\":1600,\"height\":1200},{\"@type\":\"BreadcrumbList\",\"@id\":\"https:\\\/\\\/bahia.culturaviva.net.br\\\/flircontas\\\/divulgada-a-programacao-geral\\\/#breadcrumb\",\"itemListElement\":[{\"@type\":\"ListItem\",\"position\":1,\"name\":\"In\u00edcio\",\"item\":\"https:\\\/\\\/bahia.culturaviva.net.br\\\/\"},{\"@type\":\"ListItem\",\"position\":2,\"name\":\"Divulgada a programa\u00e7\u00e3o geral\"}]},{\"@type\":\"WebSite\",\"@id\":\"https:\\\/\\\/bahia.culturaviva.net.br\\\/#website\",\"url\":\"https:\\\/\\\/bahia.culturaviva.net.br\\\/\",\"name\":\"Rede Cultura Viva da Bahia\",\"description\":\"Espa\u00e7o para Acervo, Informa\u00e7\u00e3o e Participa\u00e7\u00e3o Social da Rede de Pontos de Cultura da Bahia\",\"publisher\":{\"@id\":\"https:\\\/\\\/bahia.culturaviva.net.br\\\/#organization\"},\"potentialAction\":[{\"@type\":\"SearchAction\",\"target\":{\"@type\":\"EntryPoint\",\"urlTemplate\":\"https:\\\/\\\/bahia.culturaviva.net.br\\\/?s={search_term_string}\"},\"query-input\":{\"@type\":\"PropertyValueSpecification\",\"valueRequired\":true,\"valueName\":\"search_term_string\"}}],\"inLanguage\":\"en-US\"},{\"@type\":\"Organization\",\"@id\":\"https:\\\/\\\/bahia.culturaviva.net.br\\\/#organization\",\"name\":\"Rede Cultura Viva da Bahia\",\"url\":\"https:\\\/\\\/bahia.culturaviva.net.br\\\/\",\"logo\":{\"@type\":\"ImageObject\",\"inLanguage\":\"en-US\",\"@id\":\"https:\\\/\\\/bahia.culturaviva.net.br\\\/#\\\/schema\\\/logo\\\/image\\\/\",\"url\":\"https:\\\/\\\/bahia.culturaviva.net.br\\\/wp-content\\\/uploads\\\/2025\\\/11\\\/logo-plataforma-culturaviva-bahia-branco.png\",\"contentUrl\":\"https:\\\/\\\/bahia.culturaviva.net.br\\\/wp-content\\\/uploads\\\/2025\\\/11\\\/logo-plataforma-culturaviva-bahia-branco.png\",\"width\":628,\"height\":652,\"caption\":\"Rede Cultura Viva da Bahia\"},\"image\":{\"@id\":\"https:\\\/\\\/bahia.culturaviva.net.br\\\/#\\\/schema\\\/logo\\\/image\\\/\"}},{\"@type\":\"Person\",\"@id\":\"https:\\\/\\\/bahia.culturaviva.net.br\\\/#\\\/schema\\\/person\\\/f94981373011b5863e00a94890c91090\",\"name\":\"Gustavo Medeiros\",\"image\":{\"@type\":\"ImageObject\",\"inLanguage\":\"en-US\",\"@id\":\"https:\\\/\\\/secure.gravatar.com\\\/avatar\\\/f827bf50846cc3705e474dcacdab7842308a5b30d92b2b10d4fb284726ac45d3?s=96&d=mm&r=g\",\"url\":\"https:\\\/\\\/secure.gravatar.com\\\/avatar\\\/f827bf50846cc3705e474dcacdab7842308a5b30d92b2b10d4fb284726ac45d3?s=96&d=mm&r=g\",\"contentUrl\":\"https:\\\/\\\/secure.gravatar.com\\\/avatar\\\/f827bf50846cc3705e474dcacdab7842308a5b30d92b2b10d4fb284726ac45d3?s=96&d=mm&r=g\",\"caption\":\"Gustavo Medeiros\"},\"url\":\"https:\\\/\\\/bahia.culturaviva.net.br\\\/en\\\/author\\\/gustavomedeiros\\\/\"}]}<\/script>\n<!-- \/ Yoast SEO plugin. -->",
    "yoast_head_json": {
        "title": "Divulgada a programa\u00e7\u00e3o geral - Rede Cultura Viva da Bahia",
        "robots": {
            "index": "index",
            "follow": "follow",
            "max-snippet": "max-snippet:-1",
            "max-image-preview": "max-image-preview:large",
            "max-video-preview": "max-video-preview:-1"
        },
        "canonical": "https:\/\/bahia.culturaviva.net.br\/en\/flircontas\/divulgada-a-programacao-geral\/",
        "og_locale": "en_US",
        "og_type": "article",
        "og_title": "Divulgada a programa\u00e7\u00e3o geral - Rede Cultura Viva da Bahia",
        "og_description": "A programa\u00e7\u00e3o do FLIRCONTAS j\u00e1 est\u00e1 no ar para voc\u00ea n\u00e3o perder nada do que vai acontecer na cidade. S\u00e3o tr\u00eas dias de imers\u00e3o em literatura, arte e cultura para todas as idades, reunindo debates, lan\u00e7amentos, m\u00fasica, exposi\u00e7\u00f5es, atividades infantis e muito mais. Um festival diverso, pulsante e acolhedor, feito para quem deseja viver Rio [&hellip;]",
        "og_url": "https:\/\/bahia.culturaviva.net.br\/en\/flircontas\/divulgada-a-programacao-geral\/",
        "og_site_name": "Rede Cultura Viva da Bahia",
        "article_published_time": "2025-11-27T01:51:23+00:00",
        "article_modified_time": "2025-11-27T01:51:24+00:00",
        "og_image": [
            {
                "width": 1600,
                "height": 1200,
                "url": "https:\/\/bahia.culturaviva.net.br\/wp-content\/uploads\/2025\/11\/Design-sem-nome-1.png",
                "type": "image\/png"
            }
        ],
        "author": "Gustavo Medeiros",
        "twitter_card": "summary_large_image",
        "twitter_misc": {
            "Written by": "Gustavo Medeiros",
            "Est. reading time": "5 minutes"
        },
        "schema": {
            "@context": "https:\/\/schema.org",
            "@graph": [
                {
                    "@type": "Article",
                    "@id": "https:\/\/bahia.culturaviva.net.br\/flircontas\/divulgada-a-programacao-geral\/#article",
                    "isPartOf": {
                        "@id": "https:\/\/bahia.culturaviva.net.br\/flircontas\/divulgada-a-programacao-geral\/"
                    },
                    "author": {
                        "name": "Gustavo Medeiros",
                        "@id": "https:\/\/bahia.culturaviva.net.br\/#\/schema\/person\/f94981373011b5863e00a94890c91090"
                    },
                    "headline": "Divulgada a programa\u00e7\u00e3o geral",
                    "datePublished": "2025-11-27T01:51:23+00:00",
                    "dateModified": "2025-11-27T01:51:24+00:00",
                    "mainEntityOfPage": {
                        "@id": "https:\/\/bahia.culturaviva.net.br\/flircontas\/divulgada-a-programacao-geral\/"
                    },
                    "wordCount": 988,
                    "commentCount": 0,
                    "publisher": {
                        "@id": "https:\/\/bahia.culturaviva.net.br\/#organization"
                    },
                    "image": {
                        "@id": "https:\/\/bahia.culturaviva.net.br\/flircontas\/divulgada-a-programacao-geral\/#primaryimage"
                    },
                    "thumbnailUrl": "https:\/\/bahia.culturaviva.net.br\/wp-content\/uploads\/2025\/11\/Design-sem-nome-1.png",
                    "keywords": [
                        "flircontas",
                        "programacao"
                    ],
                    "articleSection": [
                        "Flircontas"
                    ],
                    "inLanguage": "en-US",
                    "potentialAction": [
                        {
                            "@type": "CommentAction",
                            "name": "Comment",
                            "target": [
                                "https:\/\/bahia.culturaviva.net.br\/flircontas\/divulgada-a-programacao-geral\/#respond"
                            ]
                        }
                    ]
                },
                {
                    "@type": "WebPage",
                    "@id": "https:\/\/bahia.culturaviva.net.br\/flircontas\/divulgada-a-programacao-geral\/",
                    "url": "https:\/\/bahia.culturaviva.net.br\/flircontas\/divulgada-a-programacao-geral\/",
                    "name": "Divulgada a programa\u00e7\u00e3o geral - Rede Cultura Viva da Bahia",
                    "isPartOf": {
                        "@id": "https:\/\/bahia.culturaviva.net.br\/#website"
                    },
                    "primaryImageOfPage": {
                        "@id": "https:\/\/bahia.culturaviva.net.br\/flircontas\/divulgada-a-programacao-geral\/#primaryimage"
                    },
                    "image": {
                        "@id": "https:\/\/bahia.culturaviva.net.br\/flircontas\/divulgada-a-programacao-geral\/#primaryimage"
                    },
                    "thumbnailUrl": "https:\/\/bahia.culturaviva.net.br\/wp-content\/uploads\/2025\/11\/Design-sem-nome-1.png",
                    "datePublished": "2025-11-27T01:51:23+00:00",
                    "dateModified": "2025-11-27T01:51:24+00:00",
                    "breadcrumb": {
                        "@id": "https:\/\/bahia.culturaviva.net.br\/flircontas\/divulgada-a-programacao-geral\/#breadcrumb"
                    },
                    "inLanguage": "en-US",
                    "potentialAction": [
                        {
                            "@type": "ReadAction",
                            "target": [
                                "https:\/\/bahia.culturaviva.net.br\/flircontas\/divulgada-a-programacao-geral\/"
                            ]
                        }
                    ]
                },
                {
                    "@type": "ImageObject",
                    "inLanguage": "en-US",
                    "@id": "https:\/\/bahia.culturaviva.net.br\/flircontas\/divulgada-a-programacao-geral\/#primaryimage",
                    "url": "https:\/\/bahia.culturaviva.net.br\/wp-content\/uploads\/2025\/11\/Design-sem-nome-1.png",
                    "contentUrl": "https:\/\/bahia.culturaviva.net.br\/wp-content\/uploads\/2025\/11\/Design-sem-nome-1.png",
                    "width": 1600,
                    "height": 1200
                },
                {
                    "@type": "BreadcrumbList",
                    "@id": "https:\/\/bahia.culturaviva.net.br\/flircontas\/divulgada-a-programacao-geral\/#breadcrumb",
                    "itemListElement": [
                        {
                            "@type": "ListItem",
                            "position": 1,
                            "name": "In\u00edcio",
                            "item": "https:\/\/bahia.culturaviva.net.br\/"
                        },
                        {
                            "@type": "ListItem",
                            "position": 2,
                            "name": "Divulgada a programa\u00e7\u00e3o geral"
                        }
                    ]
                },
                {
                    "@type": "WebSite",
                    "@id": "https:\/\/bahia.culturaviva.net.br\/#website",
                    "url": "https:\/\/bahia.culturaviva.net.br\/",
                    "name": "Rede Cultura Viva da Bahia",
                    "description": "Espa\u00e7o para Acervo, Informa\u00e7\u00e3o e Participa\u00e7\u00e3o Social da Rede de Pontos de Cultura da Bahia",
                    "publisher": {
                        "@id": "https:\/\/bahia.culturaviva.net.br\/#organization"
                    },
                    "potentialAction": [
                        {
                            "@type": "SearchAction",
                            "target": {
                                "@type": "EntryPoint",
                                "urlTemplate": "https:\/\/bahia.culturaviva.net.br\/?s={search_term_string}"
                            },
                            "query-input": {
                                "@type": "PropertyValueSpecification",
                                "valueRequired": true,
                                "valueName": "search_term_string"
                            }
                        }
                    ],
                    "inLanguage": "en-US"
                },
                {
                    "@type": "Organization",
                    "@id": "https:\/\/bahia.culturaviva.net.br\/#organization",
                    "name": "Rede Cultura Viva da Bahia",
                    "url": "https:\/\/bahia.culturaviva.net.br\/",
                    "logo": {
                        "@type": "ImageObject",
                        "inLanguage": "en-US",
                        "@id": "https:\/\/bahia.culturaviva.net.br\/#\/schema\/logo\/image\/",
                        "url": "https:\/\/bahia.culturaviva.net.br\/wp-content\/uploads\/2025\/11\/logo-plataforma-culturaviva-bahia-branco.png",
                        "contentUrl": "https:\/\/bahia.culturaviva.net.br\/wp-content\/uploads\/2025\/11\/logo-plataforma-culturaviva-bahia-branco.png",
                        "width": 628,
                        "height": 652,
                        "caption": "Rede Cultura Viva da Bahia"
                    },
                    "image": {
                        "@id": "https:\/\/bahia.culturaviva.net.br\/#\/schema\/logo\/image\/"
                    }
                },
                {
                    "@type": "Person",
                    "@id": "https:\/\/bahia.culturaviva.net.br\/#\/schema\/person\/f94981373011b5863e00a94890c91090",
                    "name": "Gustavo Medeiros",
                    "image": {
                        "@type": "ImageObject",
                        "inLanguage": "en-US",
                        "@id": "https:\/\/secure.gravatar.com\/avatar\/f827bf50846cc3705e474dcacdab7842308a5b30d92b2b10d4fb284726ac45d3?s=96&d=mm&r=g",
                        "url": "https:\/\/secure.gravatar.com\/avatar\/f827bf50846cc3705e474dcacdab7842308a5b30d92b2b10d4fb284726ac45d3?s=96&d=mm&r=g",
                        "contentUrl": "https:\/\/secure.gravatar.com\/avatar\/f827bf50846cc3705e474dcacdab7842308a5b30d92b2b10d4fb284726ac45d3?s=96&d=mm&r=g",
                        "caption": "Gustavo Medeiros"
                    },
                    "url": "https:\/\/bahia.culturaviva.net.br\/en\/author\/gustavomedeiros\/"
                }
            ]
        }
    },
    "_links": {
        "self": [
            {
                "href": "https:\/\/bahia.culturaviva.net.br\/en\/wp-json\/wp\/v2\/posts\/1559",
                "targetHints": {
                    "allow": [
                        "GET"
                    ]
                }
            }
        ],
        "collection": [
            {
                "href": "https:\/\/bahia.culturaviva.net.br\/en\/wp-json\/wp\/v2\/posts"
            }
        ],
        "about": [
            {
                "href": "https:\/\/bahia.culturaviva.net.br\/en\/wp-json\/wp\/v2\/types\/post"
            }
        ],
        "author": [
            {
                "embeddable": true,
                "href": "https:\/\/bahia.culturaviva.net.br\/en\/wp-json\/wp\/v2\/users\/5"
            }
        ],
        "replies": [
            {
                "embeddable": true,
                "href": "https:\/\/bahia.culturaviva.net.br\/en\/wp-json\/wp\/v2\/comments?post=1559"
            }
        ],
        "version-history": [
            {
                "count": 1,
                "href": "https:\/\/bahia.culturaviva.net.br\/en\/wp-json\/wp\/v2\/posts\/1559\/revisions"
            }
        ],
        "predecessor-version": [
            {
                "id": 1560,
                "href": "https:\/\/bahia.culturaviva.net.br\/en\/wp-json\/wp\/v2\/posts\/1559\/revisions\/1560"
            }
        ],
        "wp:featuredmedia": [
            {
                "embeddable": true,
                "href": "https:\/\/bahia.culturaviva.net.br\/en\/wp-json\/wp\/v2\/media\/1371"
            }
        ],
        "wp:attachment": [
            {
                "href": "https:\/\/bahia.culturaviva.net.br\/en\/wp-json\/wp\/v2\/media?parent=1559"
            }
        ],
        "wp:term": [
            {
                "taxonomy": "category",
                "embeddable": true,
                "href": "https:\/\/bahia.culturaviva.net.br\/en\/wp-json\/wp\/v2\/categories?post=1559"
            },
            {
                "taxonomy": "post_tag",
                "embeddable": true,
                "href": "https:\/\/bahia.culturaviva.net.br\/en\/wp-json\/wp\/v2\/tags?post=1559"
            }
        ],
        "curies": [
            {
                "name": "wp",
                "href": "https:\/\/api.w.org\/{rel}",
                "templated": true
            }
        ]
    }
}