{
    "id": 1764,
    "date": "2026-01-19T15:05:19",
    "date_gmt": "2026-01-19T18:05:19",
    "guid": {
        "rendered": "https:\/\/bahia.culturaviva.net.br\/?p=1764"
    },
    "modified": "2026-01-19T15:09:02",
    "modified_gmt": "2026-01-19T18:09:02",
    "slug": "barcarola-encantada-em-vitoria-da-conquista-nos-dia-30-e-31-de-janeiro",
    "status": "publish",
    "type": "post",
    "link": "https:\/\/bahia.culturaviva.net.br\/en\/variedades\/barcarola-encantada-em-vitoria-da-conquista-nos-dia-30-e-31-de-janeiro\/",
    "title": {
        "rendered": "BARCAROLA ENCANTADA EM VIT\u00d3RIA DA CONQUISTA. NOS DIA 30 E 31 DE JANEIRO"
    },
    "content": {
        "rendered": "<figure class=\"wp-block-image size-large\"><img loading=\"lazy\" decoding=\"async\" width=\"1024\" height=\"576\" src=\"https:\/\/bahia.culturaviva.net.br\/wp-content\/uploads\/2026\/01\/gcd-1024x576.webp\" alt=\"Cena do espet\u00e1culo Barcarola Encantada, do Grupo de Teatro de Bonecos Vira Toco, Ponto de Cultura da Chapada Diamantina, com personagens representando lendas do Rio S\u00e3o Francisco, como a M\u00e3e d\u2019\u00c1gua e o Caboclo d\u2019\u00c1gua, em uma barcarola navegando pelo Velho Chico. O espet\u00e1culo, voltado ao p\u00fablico infantil e infantojuvenil, integra a programa\u00e7\u00e3o do Pont\u00e3o Tecendo Redes e da Cultura Viva, com apresenta\u00e7\u00f5es gratuitas em Vit\u00f3ria da Conquista, como parte das a\u00e7\u00f5es da Pol\u00edtica Nacional Aldir Blanc (PNAB). A pe\u00e7a destaca a for\u00e7a da cultura popular, o teatro de bonecos como ferramenta de forma\u00e7\u00e3o e mem\u00f3ria, e reafirma o compromisso com os territ\u00f3rios e as pol\u00edticas p\u00fablicas culturais da Bahia.\" class=\"wp-image-1765\" srcset=\"https:\/\/bahia.culturaviva.net.br\/wp-content\/uploads\/2026\/01\/gcd-1024x576.webp 1024w, https:\/\/bahia.culturaviva.net.br\/wp-content\/uploads\/2026\/01\/gcd-300x169.webp 300w, https:\/\/bahia.culturaviva.net.br\/wp-content\/uploads\/2026\/01\/gcd-768x432.webp 768w, https:\/\/bahia.culturaviva.net.br\/wp-content\/uploads\/2026\/01\/gcd-18x10.webp 18w, https:\/\/bahia.culturaviva.net.br\/wp-content\/uploads\/2026\/01\/gcd-205x115.webp 205w, https:\/\/bahia.culturaviva.net.br\/wp-content\/uploads\/2026\/01\/gcd-480x270.webp 480w, https:\/\/bahia.culturaviva.net.br\/wp-content\/uploads\/2026\/01\/gcd.webp 1280w\" sizes=\"auto, (max-width: 1024px) 100vw, 1024px\" \/><\/figure>\n\n\n\n<h3 class=\"wp-block-heading\" id=\"barcarola-encantada-espetaculo-gratuito-do-grupo-de-teatro-de-bonecos-vira-toco-chega-a-vitoria-da-conquista-com-cultura-viva-e-lendas-do-velho-chico\">Barcarola Encantada \u2013 Espet\u00e1culo gratuito do Grupo de Teatro de Bonecos Vira Toco chega a Vit\u00f3ria da Conquista com Cultura Viva e lendas do Velho Chico<\/h3>\n\n\n\n<p>O Grupo de Teatro de Bonecos Vira Toco, reconhecido como Ponto de Cultura em Rio de Contas, na Chapada Diamantina (BA), apresenta o espet\u00e1culo <strong>Barcarola Encantada<\/strong>, uma montagem que une <strong>teatro de bonecos<\/strong>, <strong>m\u00fasica<\/strong>, <strong>oralidade<\/strong> e <strong>cultura popular<\/strong> para contar hist\u00f3rias e lendas das \u00e1guas do <strong>Rio S\u00e3o Francisco<\/strong> e da pr\u00f3pria Chapada.<\/p>\n\n\n\n<p>A narrativa \u00e9 conduzida pela personagem Vov\u00f3 S\u00e1 Binidita, que parte em romaria para Bom Jesus da Lapa e, ao longo do caminho, encontra T\u00f5e, um menino sertanejo que foge da seca e da viol\u00eancia. Juntos, embarcam numa travessia po\u00e9tica a bordo de uma barcarola encantada pelo Velho Chico. No trajeto, surgem seres m\u00edticos como o Caboclo d\u2019\u00c1gua, a M\u00e3e d\u2019\u00c1gua, carrancas e sereias, al\u00e9m da lend\u00e1ria Boneca de Ouro da Chapada Diamantina.<\/p>\n\n\n\n<p>Criado inicialmente em formato virtual durante a pandemia, <strong>Barcarola Encantada<\/strong> foi vencedor do <strong>Pr\u00eamio Braskem de Teatro 2022<\/strong>, destacando-se pelo di\u00e1logo com as <strong>culturas tradicionais<\/strong>, a for\u00e7a visual da encena\u00e7\u00e3o e a poesia do enredo. Agora, em nova fase de circula\u00e7\u00e3o presencial, o espet\u00e1culo reafirma a import\u00e2ncia do contato direto com o p\u00fablico e da arte como experi\u00eancia coletiva.<\/p>\n\n\n\n<p>A obra integra o Projeto Barcarola Encantada, contemplado pelo <strong>Edital Lia da Silveira \u2013 PNAB Bahia 2024<\/strong>, ampliando a circula\u00e7\u00e3o do grupo por meio das <strong>pol\u00edticas p\u00fablicas de cultura<\/strong> e fortalecendo a atua\u00e7\u00e3o em rede atrav\u00e9s do <strong>Pont\u00e3o Tecendo Redes<\/strong>.<\/p>\n\n\n\n<p>As apresenta\u00e7\u00f5es acontecem em <strong>Vit\u00f3ria da Conquista<\/strong> como parte da programa\u00e7\u00e3o do <strong>Encontro Tecendo Redes em Territ\u00f3rio<\/strong>, nos dias:<\/p>\n\n\n\n<ul class=\"wp-block-list\">\n<li>30 de janeiro, \u00e0s 18h<\/li>\n\n\n\n<li>31 de janeiro, \u00e0s 8h30 e 18h<\/li>\n<\/ul>\n\n\n\n<p><strong>Entrada gratuita<\/strong> para todos os p\u00fablicos, com foco especial em crian\u00e7as, adolescentes e fam\u00edlias.<\/p>\n\n\n\n<p><strong>Barcarola Encantada<\/strong> \u00e9 Cultura Viva em movimento. Uma experi\u00eancia de arte, mem\u00f3ria e ancestralidade que reafirma o teatro como ferramenta de forma\u00e7\u00e3o, direito e transforma\u00e7\u00e3o social nos territ\u00f3rios.<\/p>\n\n\n\n<p>Este projeto foi contemplado nos Editais da Pol\u00edtica Nacional Aldir Blanc Bahia e tem apoio financeiro do Governo do Estado da Bahia, por meio da Secretaria de Cultura do Estado via PNAB, direcionada pelo Minist\u00e9rio da Cultura &#8211; Governo Federal.  #PNABBAHIA #GOVBA\u00a0#SECULTB<\/p>\n\n\n\n<p><\/p>",
        "protected": false
    },
    "excerpt": {
        "rendered": "<p>Barcarola Encantada \u2013 Espet\u00e1culo gratuito do Grupo de Teatro de Bonecos Vira Toco chega a Vit\u00f3ria da Conquista com Cultura Viva e lendas do Velho Chico O Grupo de Teatro de Bonecos Vira Toco, reconhecido como Ponto de Cultura em Rio de Contas, na Chapada Diamantina (BA), apresenta o espet\u00e1culo Barcarola Encantada, uma montagem que [&hellip;]<\/p>",
        "protected": false
    },
    "author": 15,
    "featured_media": 1765,
    "comment_status": "open",
    "ping_status": "open",
    "sticky": false,
    "template": "",
    "format": "standard",
    "meta": {
        "_acf_changed": false,
        "_gspb_post_css": "",
        "footnotes": ""
    },
    "categories": [
        1
    ],
    "tags": [],
    "class_list": [
        "post-1764",
        "post",
        "type-post",
        "status-publish",
        "format-standard",
        "has-post-thumbnail",
        "hentry",
        "category-variedades"
    ],
    "blocksy_meta": [],
    "acf": [],
    "yoast_head": "<!-- This site is optimized with the Yoast SEO plugin v27.3 - https:\/\/yoast.com\/product\/yoast-seo-wordpress\/ -->\n<title>Barcarola Encantada em Vit\u00f3ria da Conquista<\/title>\n<meta name=\"description\" content=\"Espet\u00e1culo Barcarola Encantada, do Grupo Vira Toco, emociona com teatro de bonecos e Cultura Viva. Parte do Pont\u00e3o Tecendo Redes em Vit\u00f3ria da Conquista.\" \/>\n<meta name=\"robots\" content=\"index, follow, max-snippet:-1, max-image-preview:large, max-video-preview:-1\" \/>\n<link rel=\"canonical\" href=\"https:\/\/bahia.culturaviva.net.br\/en\/variedades\/barcarola-encantada-em-vitoria-da-conquista-nos-dia-30-e-31-de-janeiro\/\" \/>\n<meta property=\"og:locale\" content=\"en_US\" \/>\n<meta property=\"og:type\" content=\"article\" \/>\n<meta property=\"og:title\" content=\"Barcarola Encantada em Vit\u00f3ria da Conquista\" \/>\n<meta property=\"og:description\" content=\"Espet\u00e1culo Barcarola Encantada, do Grupo Vira Toco, emociona com teatro de bonecos e Cultura Viva. Parte do Pont\u00e3o Tecendo Redes em Vit\u00f3ria da Conquista.\" \/>\n<meta property=\"og:url\" content=\"https:\/\/bahia.culturaviva.net.br\/en\/variedades\/barcarola-encantada-em-vitoria-da-conquista-nos-dia-30-e-31-de-janeiro\/\" \/>\n<meta property=\"og:site_name\" content=\"Rede Cultura Viva da Bahia\" \/>\n<meta property=\"article:published_time\" content=\"2026-01-19T18:05:19+00:00\" \/>\n<meta property=\"article:modified_time\" content=\"2026-01-19T18:09:02+00:00\" \/>\n<meta property=\"og:image\" content=\"https:\/\/bahia.culturaviva.net.br\/wp-content\/uploads\/2026\/01\/gcd.webp\" \/>\n\t<meta property=\"og:image:width\" content=\"1280\" \/>\n\t<meta property=\"og:image:height\" content=\"720\" \/>\n\t<meta property=\"og:image:type\" content=\"image\/webp\" \/>\n<meta name=\"author\" content=\"Guilherme Mello\" \/>\n<meta name=\"twitter:card\" content=\"summary_large_image\" \/>\n<meta name=\"twitter:label1\" content=\"Written by\" \/>\n\t<meta name=\"twitter:data1\" content=\"Guilherme Mello\" \/>\n\t<meta name=\"twitter:label2\" content=\"Est. reading time\" \/>\n\t<meta name=\"twitter:data2\" content=\"3 minutes\" \/>\n<script type=\"application\/ld+json\" class=\"yoast-schema-graph\">{\"@context\":\"https:\\\/\\\/schema.org\",\"@graph\":[{\"@type\":\"Article\",\"@id\":\"https:\\\/\\\/bahia.culturaviva.net.br\\\/variedades\\\/barcarola-encantada-em-vitoria-da-conquista-nos-dia-30-e-31-de-janeiro\\\/#article\",\"isPartOf\":{\"@id\":\"https:\\\/\\\/bahia.culturaviva.net.br\\\/variedades\\\/barcarola-encantada-em-vitoria-da-conquista-nos-dia-30-e-31-de-janeiro\\\/\"},\"author\":{\"name\":\"Guilherme Mello\",\"@id\":\"https:\\\/\\\/bahia.culturaviva.net.br\\\/#\\\/schema\\\/person\\\/517f788189fa292d3eefe37d7bbd1b90\"},\"headline\":\"BARCAROLA ENCANTADA EM VIT\u00d3RIA DA CONQUISTA. NOS DIA 30 E 31 DE JANEIRO\",\"datePublished\":\"2026-01-19T18:05:19+00:00\",\"dateModified\":\"2026-01-19T18:09:02+00:00\",\"mainEntityOfPage\":{\"@id\":\"https:\\\/\\\/bahia.culturaviva.net.br\\\/variedades\\\/barcarola-encantada-em-vitoria-da-conquista-nos-dia-30-e-31-de-janeiro\\\/\"},\"wordCount\":416,\"commentCount\":0,\"publisher\":{\"@id\":\"https:\\\/\\\/bahia.culturaviva.net.br\\\/#organization\"},\"image\":{\"@id\":\"https:\\\/\\\/bahia.culturaviva.net.br\\\/variedades\\\/barcarola-encantada-em-vitoria-da-conquista-nos-dia-30-e-31-de-janeiro\\\/#primaryimage\"},\"thumbnailUrl\":\"https:\\\/\\\/bahia.culturaviva.net.br\\\/wp-content\\\/uploads\\\/2026\\\/01\\\/gcd.webp\",\"articleSection\":[\"Variedades\"],\"inLanguage\":\"en-US\",\"potentialAction\":[{\"@type\":\"CommentAction\",\"name\":\"Comment\",\"target\":[\"https:\\\/\\\/bahia.culturaviva.net.br\\\/variedades\\\/barcarola-encantada-em-vitoria-da-conquista-nos-dia-30-e-31-de-janeiro\\\/#respond\"]}]},{\"@type\":\"WebPage\",\"@id\":\"https:\\\/\\\/bahia.culturaviva.net.br\\\/variedades\\\/barcarola-encantada-em-vitoria-da-conquista-nos-dia-30-e-31-de-janeiro\\\/\",\"url\":\"https:\\\/\\\/bahia.culturaviva.net.br\\\/variedades\\\/barcarola-encantada-em-vitoria-da-conquista-nos-dia-30-e-31-de-janeiro\\\/\",\"name\":\"Barcarola Encantada em Vit\u00f3ria da Conquista\",\"isPartOf\":{\"@id\":\"https:\\\/\\\/bahia.culturaviva.net.br\\\/#website\"},\"primaryImageOfPage\":{\"@id\":\"https:\\\/\\\/bahia.culturaviva.net.br\\\/variedades\\\/barcarola-encantada-em-vitoria-da-conquista-nos-dia-30-e-31-de-janeiro\\\/#primaryimage\"},\"image\":{\"@id\":\"https:\\\/\\\/bahia.culturaviva.net.br\\\/variedades\\\/barcarola-encantada-em-vitoria-da-conquista-nos-dia-30-e-31-de-janeiro\\\/#primaryimage\"},\"thumbnailUrl\":\"https:\\\/\\\/bahia.culturaviva.net.br\\\/wp-content\\\/uploads\\\/2026\\\/01\\\/gcd.webp\",\"datePublished\":\"2026-01-19T18:05:19+00:00\",\"dateModified\":\"2026-01-19T18:09:02+00:00\",\"description\":\"Espet\u00e1culo Barcarola Encantada, do Grupo Vira Toco, emociona com teatro de bonecos e Cultura Viva. Parte do Pont\u00e3o Tecendo Redes em Vit\u00f3ria da Conquista.\",\"breadcrumb\":{\"@id\":\"https:\\\/\\\/bahia.culturaviva.net.br\\\/variedades\\\/barcarola-encantada-em-vitoria-da-conquista-nos-dia-30-e-31-de-janeiro\\\/#breadcrumb\"},\"inLanguage\":\"en-US\",\"potentialAction\":[{\"@type\":\"ReadAction\",\"target\":[\"https:\\\/\\\/bahia.culturaviva.net.br\\\/variedades\\\/barcarola-encantada-em-vitoria-da-conquista-nos-dia-30-e-31-de-janeiro\\\/\"]}]},{\"@type\":\"ImageObject\",\"inLanguage\":\"en-US\",\"@id\":\"https:\\\/\\\/bahia.culturaviva.net.br\\\/variedades\\\/barcarola-encantada-em-vitoria-da-conquista-nos-dia-30-e-31-de-janeiro\\\/#primaryimage\",\"url\":\"https:\\\/\\\/bahia.culturaviva.net.br\\\/wp-content\\\/uploads\\\/2026\\\/01\\\/gcd.webp\",\"contentUrl\":\"https:\\\/\\\/bahia.culturaviva.net.br\\\/wp-content\\\/uploads\\\/2026\\\/01\\\/gcd.webp\",\"width\":1280,\"height\":720,\"caption\":\"Cena do espet\u00e1culo Barcarola Encantada, do Grupo de Teatro de Bonecos Vira Toco, Ponto de Cultura da Chapada Diamantina, com personagens representando lendas do Rio S\u00e3o Francisco, como a M\u00e3e d\u2019\u00c1gua e o Caboclo d\u2019\u00c1gua, em uma barcarola navegando pelo Velho Chico. O espet\u00e1culo, voltado ao p\u00fablico infantil e infantojuvenil, integra a programa\u00e7\u00e3o do Pont\u00e3o Tecendo Redes e da Cultura Viva, com apresenta\u00e7\u00f5es gratuitas em Vit\u00f3ria da Conquista, como parte das a\u00e7\u00f5es da Pol\u00edtica Nacional Aldir Blanc (PNAB). A pe\u00e7a destaca a for\u00e7a da cultura popular, o teatro de bonecos como ferramenta de forma\u00e7\u00e3o e mem\u00f3ria, e reafirma o compromisso com os territ\u00f3rios e as pol\u00edticas p\u00fablicas culturais da Bahia.\"},{\"@type\":\"BreadcrumbList\",\"@id\":\"https:\\\/\\\/bahia.culturaviva.net.br\\\/variedades\\\/barcarola-encantada-em-vitoria-da-conquista-nos-dia-30-e-31-de-janeiro\\\/#breadcrumb\",\"itemListElement\":[{\"@type\":\"ListItem\",\"position\":1,\"name\":\"In\u00edcio\",\"item\":\"https:\\\/\\\/bahia.culturaviva.net.br\\\/\"},{\"@type\":\"ListItem\",\"position\":2,\"name\":\"BARCAROLA ENCANTADA EM VIT\u00d3RIA DA CONQUISTA. NOS DIA 30 E 31 DE JANEIRO\"}]},{\"@type\":\"WebSite\",\"@id\":\"https:\\\/\\\/bahia.culturaviva.net.br\\\/#website\",\"url\":\"https:\\\/\\\/bahia.culturaviva.net.br\\\/\",\"name\":\"Rede Cultura Viva da Bahia\",\"description\":\"Espa\u00e7o para Acervo, Informa\u00e7\u00e3o e Participa\u00e7\u00e3o Social da Rede de Pontos de Cultura da Bahia\",\"publisher\":{\"@id\":\"https:\\\/\\\/bahia.culturaviva.net.br\\\/#organization\"},\"potentialAction\":[{\"@type\":\"SearchAction\",\"target\":{\"@type\":\"EntryPoint\",\"urlTemplate\":\"https:\\\/\\\/bahia.culturaviva.net.br\\\/?s={search_term_string}\"},\"query-input\":{\"@type\":\"PropertyValueSpecification\",\"valueRequired\":true,\"valueName\":\"search_term_string\"}}],\"inLanguage\":\"en-US\"},{\"@type\":\"Organization\",\"@id\":\"https:\\\/\\\/bahia.culturaviva.net.br\\\/#organization\",\"name\":\"Rede Cultura Viva da Bahia\",\"url\":\"https:\\\/\\\/bahia.culturaviva.net.br\\\/\",\"logo\":{\"@type\":\"ImageObject\",\"inLanguage\":\"en-US\",\"@id\":\"https:\\\/\\\/bahia.culturaviva.net.br\\\/#\\\/schema\\\/logo\\\/image\\\/\",\"url\":\"https:\\\/\\\/bahia.culturaviva.net.br\\\/wp-content\\\/uploads\\\/2025\\\/11\\\/logo-plataforma-culturaviva-bahia-branco.png\",\"contentUrl\":\"https:\\\/\\\/bahia.culturaviva.net.br\\\/wp-content\\\/uploads\\\/2025\\\/11\\\/logo-plataforma-culturaviva-bahia-branco.png\",\"width\":628,\"height\":652,\"caption\":\"Rede Cultura Viva da Bahia\"},\"image\":{\"@id\":\"https:\\\/\\\/bahia.culturaviva.net.br\\\/#\\\/schema\\\/logo\\\/image\\\/\"}},{\"@type\":\"Person\",\"@id\":\"https:\\\/\\\/bahia.culturaviva.net.br\\\/#\\\/schema\\\/person\\\/517f788189fa292d3eefe37d7bbd1b90\",\"name\":\"Guilherme Mello\",\"image\":{\"@type\":\"ImageObject\",\"inLanguage\":\"en-US\",\"@id\":\"https:\\\/\\\/secure.gravatar.com\\\/avatar\\\/1cc99ab42a651b15d8bc300b9865d803de4f65512491cadfd30987832e19533c?s=96&d=mm&r=g\",\"url\":\"https:\\\/\\\/secure.gravatar.com\\\/avatar\\\/1cc99ab42a651b15d8bc300b9865d803de4f65512491cadfd30987832e19533c?s=96&d=mm&r=g\",\"contentUrl\":\"https:\\\/\\\/secure.gravatar.com\\\/avatar\\\/1cc99ab42a651b15d8bc300b9865d803de4f65512491cadfd30987832e19533c?s=96&d=mm&r=g\",\"caption\":\"Guilherme Mello\"},\"url\":\"https:\\\/\\\/bahia.culturaviva.net.br\\\/en\\\/author\\\/guimellosr\\\/\"}]}<\/script>\n<!-- \/ Yoast SEO plugin. -->",
    "yoast_head_json": {
        "title": "Barcarola Encantada em Vit\u00f3ria da Conquista",
        "description": "Espet\u00e1culo Barcarola Encantada, do Grupo Vira Toco, emociona com teatro de bonecos e Cultura Viva. Parte do Pont\u00e3o Tecendo Redes em Vit\u00f3ria da Conquista.",
        "robots": {
            "index": "index",
            "follow": "follow",
            "max-snippet": "max-snippet:-1",
            "max-image-preview": "max-image-preview:large",
            "max-video-preview": "max-video-preview:-1"
        },
        "canonical": "https:\/\/bahia.culturaviva.net.br\/en\/variedades\/barcarola-encantada-em-vitoria-da-conquista-nos-dia-30-e-31-de-janeiro\/",
        "og_locale": "en_US",
        "og_type": "article",
        "og_title": "Barcarola Encantada em Vit\u00f3ria da Conquista",
        "og_description": "Espet\u00e1culo Barcarola Encantada, do Grupo Vira Toco, emociona com teatro de bonecos e Cultura Viva. Parte do Pont\u00e3o Tecendo Redes em Vit\u00f3ria da Conquista.",
        "og_url": "https:\/\/bahia.culturaviva.net.br\/en\/variedades\/barcarola-encantada-em-vitoria-da-conquista-nos-dia-30-e-31-de-janeiro\/",
        "og_site_name": "Rede Cultura Viva da Bahia",
        "article_published_time": "2026-01-19T18:05:19+00:00",
        "article_modified_time": "2026-01-19T18:09:02+00:00",
        "og_image": [
            {
                "width": 1280,
                "height": 720,
                "url": "https:\/\/bahia.culturaviva.net.br\/wp-content\/uploads\/2026\/01\/gcd.webp",
                "type": "image\/webp"
            }
        ],
        "author": "Guilherme Mello",
        "twitter_card": "summary_large_image",
        "twitter_misc": {
            "Written by": "Guilherme Mello",
            "Est. reading time": "3 minutes"
        },
        "schema": {
            "@context": "https:\/\/schema.org",
            "@graph": [
                {
                    "@type": "Article",
                    "@id": "https:\/\/bahia.culturaviva.net.br\/variedades\/barcarola-encantada-em-vitoria-da-conquista-nos-dia-30-e-31-de-janeiro\/#article",
                    "isPartOf": {
                        "@id": "https:\/\/bahia.culturaviva.net.br\/variedades\/barcarola-encantada-em-vitoria-da-conquista-nos-dia-30-e-31-de-janeiro\/"
                    },
                    "author": {
                        "name": "Guilherme Mello",
                        "@id": "https:\/\/bahia.culturaviva.net.br\/#\/schema\/person\/517f788189fa292d3eefe37d7bbd1b90"
                    },
                    "headline": "BARCAROLA ENCANTADA EM VIT\u00d3RIA DA CONQUISTA. NOS DIA 30 E 31 DE JANEIRO",
                    "datePublished": "2026-01-19T18:05:19+00:00",
                    "dateModified": "2026-01-19T18:09:02+00:00",
                    "mainEntityOfPage": {
                        "@id": "https:\/\/bahia.culturaviva.net.br\/variedades\/barcarola-encantada-em-vitoria-da-conquista-nos-dia-30-e-31-de-janeiro\/"
                    },
                    "wordCount": 416,
                    "commentCount": 0,
                    "publisher": {
                        "@id": "https:\/\/bahia.culturaviva.net.br\/#organization"
                    },
                    "image": {
                        "@id": "https:\/\/bahia.culturaviva.net.br\/variedades\/barcarola-encantada-em-vitoria-da-conquista-nos-dia-30-e-31-de-janeiro\/#primaryimage"
                    },
                    "thumbnailUrl": "https:\/\/bahia.culturaviva.net.br\/wp-content\/uploads\/2026\/01\/gcd.webp",
                    "articleSection": [
                        "Variedades"
                    ],
                    "inLanguage": "en-US",
                    "potentialAction": [
                        {
                            "@type": "CommentAction",
                            "name": "Comment",
                            "target": [
                                "https:\/\/bahia.culturaviva.net.br\/variedades\/barcarola-encantada-em-vitoria-da-conquista-nos-dia-30-e-31-de-janeiro\/#respond"
                            ]
                        }
                    ]
                },
                {
                    "@type": "WebPage",
                    "@id": "https:\/\/bahia.culturaviva.net.br\/variedades\/barcarola-encantada-em-vitoria-da-conquista-nos-dia-30-e-31-de-janeiro\/",
                    "url": "https:\/\/bahia.culturaviva.net.br\/variedades\/barcarola-encantada-em-vitoria-da-conquista-nos-dia-30-e-31-de-janeiro\/",
                    "name": "Barcarola Encantada em Vit\u00f3ria da Conquista",
                    "isPartOf": {
                        "@id": "https:\/\/bahia.culturaviva.net.br\/#website"
                    },
                    "primaryImageOfPage": {
                        "@id": "https:\/\/bahia.culturaviva.net.br\/variedades\/barcarola-encantada-em-vitoria-da-conquista-nos-dia-30-e-31-de-janeiro\/#primaryimage"
                    },
                    "image": {
                        "@id": "https:\/\/bahia.culturaviva.net.br\/variedades\/barcarola-encantada-em-vitoria-da-conquista-nos-dia-30-e-31-de-janeiro\/#primaryimage"
                    },
                    "thumbnailUrl": "https:\/\/bahia.culturaviva.net.br\/wp-content\/uploads\/2026\/01\/gcd.webp",
                    "datePublished": "2026-01-19T18:05:19+00:00",
                    "dateModified": "2026-01-19T18:09:02+00:00",
                    "description": "Espet\u00e1culo Barcarola Encantada, do Grupo Vira Toco, emociona com teatro de bonecos e Cultura Viva. Parte do Pont\u00e3o Tecendo Redes em Vit\u00f3ria da Conquista.",
                    "breadcrumb": {
                        "@id": "https:\/\/bahia.culturaviva.net.br\/variedades\/barcarola-encantada-em-vitoria-da-conquista-nos-dia-30-e-31-de-janeiro\/#breadcrumb"
                    },
                    "inLanguage": "en-US",
                    "potentialAction": [
                        {
                            "@type": "ReadAction",
                            "target": [
                                "https:\/\/bahia.culturaviva.net.br\/variedades\/barcarola-encantada-em-vitoria-da-conquista-nos-dia-30-e-31-de-janeiro\/"
                            ]
                        }
                    ]
                },
                {
                    "@type": "ImageObject",
                    "inLanguage": "en-US",
                    "@id": "https:\/\/bahia.culturaviva.net.br\/variedades\/barcarola-encantada-em-vitoria-da-conquista-nos-dia-30-e-31-de-janeiro\/#primaryimage",
                    "url": "https:\/\/bahia.culturaviva.net.br\/wp-content\/uploads\/2026\/01\/gcd.webp",
                    "contentUrl": "https:\/\/bahia.culturaviva.net.br\/wp-content\/uploads\/2026\/01\/gcd.webp",
                    "width": 1280,
                    "height": 720,
                    "caption": "Cena do espet\u00e1culo Barcarola Encantada, do Grupo de Teatro de Bonecos Vira Toco, Ponto de Cultura da Chapada Diamantina, com personagens representando lendas do Rio S\u00e3o Francisco, como a M\u00e3e d\u2019\u00c1gua e o Caboclo d\u2019\u00c1gua, em uma barcarola navegando pelo Velho Chico. O espet\u00e1culo, voltado ao p\u00fablico infantil e infantojuvenil, integra a programa\u00e7\u00e3o do Pont\u00e3o Tecendo Redes e da Cultura Viva, com apresenta\u00e7\u00f5es gratuitas em Vit\u00f3ria da Conquista, como parte das a\u00e7\u00f5es da Pol\u00edtica Nacional Aldir Blanc (PNAB). A pe\u00e7a destaca a for\u00e7a da cultura popular, o teatro de bonecos como ferramenta de forma\u00e7\u00e3o e mem\u00f3ria, e reafirma o compromisso com os territ\u00f3rios e as pol\u00edticas p\u00fablicas culturais da Bahia."
                },
                {
                    "@type": "BreadcrumbList",
                    "@id": "https:\/\/bahia.culturaviva.net.br\/variedades\/barcarola-encantada-em-vitoria-da-conquista-nos-dia-30-e-31-de-janeiro\/#breadcrumb",
                    "itemListElement": [
                        {
                            "@type": "ListItem",
                            "position": 1,
                            "name": "In\u00edcio",
                            "item": "https:\/\/bahia.culturaviva.net.br\/"
                        },
                        {
                            "@type": "ListItem",
                            "position": 2,
                            "name": "BARCAROLA ENCANTADA EM VIT\u00d3RIA DA CONQUISTA. NOS DIA 30 E 31 DE JANEIRO"
                        }
                    ]
                },
                {
                    "@type": "WebSite",
                    "@id": "https:\/\/bahia.culturaviva.net.br\/#website",
                    "url": "https:\/\/bahia.culturaviva.net.br\/",
                    "name": "Rede Cultura Viva da Bahia",
                    "description": "Espa\u00e7o para Acervo, Informa\u00e7\u00e3o e Participa\u00e7\u00e3o Social da Rede de Pontos de Cultura da Bahia",
                    "publisher": {
                        "@id": "https:\/\/bahia.culturaviva.net.br\/#organization"
                    },
                    "potentialAction": [
                        {
                            "@type": "SearchAction",
                            "target": {
                                "@type": "EntryPoint",
                                "urlTemplate": "https:\/\/bahia.culturaviva.net.br\/?s={search_term_string}"
                            },
                            "query-input": {
                                "@type": "PropertyValueSpecification",
                                "valueRequired": true,
                                "valueName": "search_term_string"
                            }
                        }
                    ],
                    "inLanguage": "en-US"
                },
                {
                    "@type": "Organization",
                    "@id": "https:\/\/bahia.culturaviva.net.br\/#organization",
                    "name": "Rede Cultura Viva da Bahia",
                    "url": "https:\/\/bahia.culturaviva.net.br\/",
                    "logo": {
                        "@type": "ImageObject",
                        "inLanguage": "en-US",
                        "@id": "https:\/\/bahia.culturaviva.net.br\/#\/schema\/logo\/image\/",
                        "url": "https:\/\/bahia.culturaviva.net.br\/wp-content\/uploads\/2025\/11\/logo-plataforma-culturaviva-bahia-branco.png",
                        "contentUrl": "https:\/\/bahia.culturaviva.net.br\/wp-content\/uploads\/2025\/11\/logo-plataforma-culturaviva-bahia-branco.png",
                        "width": 628,
                        "height": 652,
                        "caption": "Rede Cultura Viva da Bahia"
                    },
                    "image": {
                        "@id": "https:\/\/bahia.culturaviva.net.br\/#\/schema\/logo\/image\/"
                    }
                },
                {
                    "@type": "Person",
                    "@id": "https:\/\/bahia.culturaviva.net.br\/#\/schema\/person\/517f788189fa292d3eefe37d7bbd1b90",
                    "name": "Guilherme Mello",
                    "image": {
                        "@type": "ImageObject",
                        "inLanguage": "en-US",
                        "@id": "https:\/\/secure.gravatar.com\/avatar\/1cc99ab42a651b15d8bc300b9865d803de4f65512491cadfd30987832e19533c?s=96&d=mm&r=g",
                        "url": "https:\/\/secure.gravatar.com\/avatar\/1cc99ab42a651b15d8bc300b9865d803de4f65512491cadfd30987832e19533c?s=96&d=mm&r=g",
                        "contentUrl": "https:\/\/secure.gravatar.com\/avatar\/1cc99ab42a651b15d8bc300b9865d803de4f65512491cadfd30987832e19533c?s=96&d=mm&r=g",
                        "caption": "Guilherme Mello"
                    },
                    "url": "https:\/\/bahia.culturaviva.net.br\/en\/author\/guimellosr\/"
                }
            ]
        }
    },
    "_links": {
        "self": [
            {
                "href": "https:\/\/bahia.culturaviva.net.br\/en\/wp-json\/wp\/v2\/posts\/1764",
                "targetHints": {
                    "allow": [
                        "GET"
                    ]
                }
            }
        ],
        "collection": [
            {
                "href": "https:\/\/bahia.culturaviva.net.br\/en\/wp-json\/wp\/v2\/posts"
            }
        ],
        "about": [
            {
                "href": "https:\/\/bahia.culturaviva.net.br\/en\/wp-json\/wp\/v2\/types\/post"
            }
        ],
        "author": [
            {
                "embeddable": true,
                "href": "https:\/\/bahia.culturaviva.net.br\/en\/wp-json\/wp\/v2\/users\/15"
            }
        ],
        "replies": [
            {
                "embeddable": true,
                "href": "https:\/\/bahia.culturaviva.net.br\/en\/wp-json\/wp\/v2\/comments?post=1764"
            }
        ],
        "version-history": [
            {
                "count": 1,
                "href": "https:\/\/bahia.culturaviva.net.br\/en\/wp-json\/wp\/v2\/posts\/1764\/revisions"
            }
        ],
        "predecessor-version": [
            {
                "id": 1766,
                "href": "https:\/\/bahia.culturaviva.net.br\/en\/wp-json\/wp\/v2\/posts\/1764\/revisions\/1766"
            }
        ],
        "wp:featuredmedia": [
            {
                "embeddable": true,
                "href": "https:\/\/bahia.culturaviva.net.br\/en\/wp-json\/wp\/v2\/media\/1765"
            }
        ],
        "wp:attachment": [
            {
                "href": "https:\/\/bahia.culturaviva.net.br\/en\/wp-json\/wp\/v2\/media?parent=1764"
            }
        ],
        "wp:term": [
            {
                "taxonomy": "category",
                "embeddable": true,
                "href": "https:\/\/bahia.culturaviva.net.br\/en\/wp-json\/wp\/v2\/categories?post=1764"
            },
            {
                "taxonomy": "post_tag",
                "embeddable": true,
                "href": "https:\/\/bahia.culturaviva.net.br\/en\/wp-json\/wp\/v2\/tags?post=1764"
            }
        ],
        "curies": [
            {
                "name": "wp",
                "href": "https:\/\/api.w.org\/{rel}",
                "templated": true
            }
        ]
    }
}