{
    "id": 2270,
    "date": "2026-04-27T05:30:10",
    "date_gmt": "2026-04-27T08:30:10",
    "guid": {
        "rendered": "https:\/\/bahia.culturaviva.net.br\/variedades\/mestres-satu-e-mestra-tonha\/"
    },
    "modified": "2026-04-27T05:30:10",
    "modified_gmt": "2026-04-27T08:30:10",
    "slug": "mestres-satu-e-mestra-tonha",
    "status": "publish",
    "type": "post",
    "link": "https:\/\/bahia.culturaviva.net.br\/en\/variedades\/mestres-satu-e-mestra-tonha\/",
    "title": {
        "rendered": "MESTRES SATU E MESTRA TONHA"
    },
    "content": {
        "rendered": "<p>A hist\u00f3ria de vida de Saturnino Dias Nery, o Mestre Satu, e de Ant\u00f4nia Lima Neri, a Mestra Tonha, \u00e9 express\u00e3o viva da mem\u00f3ria, da resist\u00eancia e da ancestralidade do povo quilombola de Tocos, no munic\u00edpio de Ant\u00f4nio Cardoso \u2013 Bahia.<br \/>Mestre Satu, nascido em 19 de dezembro de 1942, filho de Iz\u00eddio Dias de Souza e Dona Jovina Nery de Souza, cresceu na Fazenda Tocos, onde desde muito cedo iniciou sua caminhada nos saberes tradicionais. Ainda na inf\u00e2ncia, por volta dos sete anos de idade, passou a participar das rezas de novenas e da prepara\u00e7\u00e3o dos carurus dedicados a S\u00e3o Cosme e Dami\u00e3o, S\u00e3o Roque e Santa B\u00e1rbara, pr\u00e1ticas que integram f\u00e9, cultura e identidade do seu povo.<br \/>Ao longo de sua juventude, consolidou-se como sambador, rezador e lideran\u00e7a comunit\u00e1ria. Por volta dos 16 anos, criou um restaurante que foi espa\u00e7o de conviv\u00eancia conhecido como \u201cCorta Cabo\u201d, e se tornou ponto de encontro cultural da comunidade. Foi nesse ambiente que idealizou e fortaleceu o grupo Ra\u00edzes do Samba de Tocos, tornando-se refer\u00eancia na preserva\u00e7\u00e3o do samba de roda e da oralidade tradicional.<br \/>Mestra Tonha, nascida em 07 de junho de 1949, filha de Dona Jovina Neri e Olavo Lima, tamb\u00e9m nasceu e permanece at\u00e9 hoje na comunidade de Tocos, onde construiu toda sua trajet\u00f3ria de vida. Desde crian\u00e7a acompanhava seu pai nas rodas de samba e, ainda na adolesc\u00eancia, iniciou sua atua\u00e7\u00e3o nas rezas e nos rituais tradicionais, mantendo viva a f\u00e9 e os costumes herdados de seus ancestrais.<br \/>O casal uniu-se em matrim\u00f4nio na Igreja Matriz de Santo Est\u00eav\u00e3o \u2013 BA, em uma \u00e9poca marcada pela simplicidade e pela tradi\u00e7\u00e3o, onde o deslocamento at\u00e9 o altar foi realizado em montaria, conduzidos pelo maleiro, simbolizando a cultura e o modo de vida da \u00e9poca.<br \/>Juntos, constru\u00edram uma fam\u00edlia com doze filhos e uma trajet\u00f3ria que ultrapassou os limites da comunidade, levando o nome de Tocos para diferentes territ\u00f3rios local, regional, estadual e nacional.<br \/>Ao longo dos anos, Mestre Satu e Mestra Tonha se consolidaram como refer\u00eancias vivas do samba de roda, da oralidade e dos saberes populares tradicionais, atuando como guardi\u00f5es da mem\u00f3ria, conselheiros das novas gera\u00e7\u00f5es e s\u00edmbolos da resist\u00eancia cultural quilombola.<br \/>Hoje, reconhecidos como Patrim\u00f4nios Imateriais Vivos de Ant\u00f4nio Cardoso \u2013 BA, representam n\u00e3o apenas uma hist\u00f3ria de vida, mas um legado coletivo que atravessa gera\u00e7\u00f5es, reafirmando a import\u00e2ncia da salvaguarda da cultura, da identidade e da ancestralidade do povo brasileiro.<br \/>Este processo de reconhecimento e valoriza\u00e7\u00e3o est\u00e1 inserido no \u00e2mbito da Pol\u00edtica Nacional de Cultura Viva, sendo articulado, estruturado e acompanhado pela PIMM Produ\u00e7\u00e3o e Eventos, Ponto de Cultura certificado pelo Minist\u00e9rio da Cultura (ID Cultura Viva n\u00ba 1637639), que atua na organiza\u00e7\u00e3o, registro e fortalecimento da mem\u00f3ria viva dos Mestres, consolidando este marco hist\u00f3rico como a\u00e7\u00e3o estruturada da salvaguarda da mem\u00f3ria imaterial do munic\u00edpio de Ant\u00f4nio Cardoso \u2013 Bahia.<\/p>\n<p>Ant\u00f4nio Cardoso Ba<br \/>Mar\u00e7o 2026<\/p>\n<p>PIMM PRODU\u00c7\u00c3O E EVENTOS<br \/>Pol\u00edtica Nacional Cultura Viva ID: 1637639<\/p>\n<figure class=\"wp-block-image alignleft size-large\"><img loading=\"lazy\" decoding=\"async\" data-recalc-dims=\"1\" width=\"1024\" height=\"768\" src=\"https:\/\/i0.wp.com\/cultura.chapada.ba\/wp-content\/uploads\/2026\/04\/Riti-publico-3.jpeg?resize=1024%2C768&amp;ssl=1\" alt=\"\" class=\"wp-image-9543\" \/><\/figure>\n<p>O post <a href=\"https:\/\/cultura.chapada.ba\/variedades\/mestres-satu-e-mestra-tonha\/\">MESTRES SATU E MESTRA TONHA<\/a> apareceu primeiro em <a href=\"https:\/\/cultura.chapada.ba\/\">Rede Cultura Viva Chapada Diamantina<\/a>.<\/p>",
        "protected": false
    },
    "excerpt": {
        "rendered": "<p>MESTRES SATU E MESTRA TONHA<\/p>",
        "protected": false
    },
    "author": 1,
    "featured_media": 0,
    "comment_status": "open",
    "ping_status": "open",
    "sticky": false,
    "template": "",
    "format": "standard",
    "meta": {
        "_acf_changed": false,
        "_gspb_post_css": "",
        "footnotes": ""
    },
    "categories": [],
    "tags": [
        55
    ],
    "class_list": [
        "post-2270",
        "post",
        "type-post",
        "status-publish",
        "format-standard",
        "has-post-thumbnail",
        "hentry",
        "tag-chapada-diamantina"
    ],
    "blocksy_meta": [],
    "acf": [],
    "yoast_head": "<!-- This site is optimized with the Yoast SEO plugin v27.3 - https:\/\/yoast.com\/product\/yoast-seo-wordpress\/ -->\n<title>MESTRES SATU E MESTRA TONHA - Rede Cultura Viva da Bahia<\/title>\n<meta name=\"robots\" content=\"index, follow, max-snippet:-1, max-image-preview:large, max-video-preview:-1\" \/>\n<link rel=\"canonical\" href=\"https:\/\/bahia.culturaviva.net.br\/en\/variedades\/mestres-satu-e-mestra-tonha\/\" \/>\n<meta property=\"og:locale\" content=\"en_US\" \/>\n<meta property=\"og:type\" content=\"article\" \/>\n<meta property=\"og:title\" content=\"MESTRES SATU E MESTRA TONHA - Rede Cultura Viva da Bahia\" \/>\n<meta property=\"og:description\" content=\"MESTRES SATU E MESTRA TONHA\" \/>\n<meta property=\"og:url\" content=\"https:\/\/bahia.culturaviva.net.br\/en\/variedades\/mestres-satu-e-mestra-tonha\/\" \/>\n<meta property=\"og:site_name\" content=\"Rede Cultura Viva da Bahia\" \/>\n<meta property=\"article:published_time\" content=\"2026-04-27T08:30:10+00:00\" \/>\n<meta name=\"author\" content=\"bahia_admin\" \/>\n<meta name=\"twitter:card\" content=\"summary_large_image\" \/>\n<meta name=\"twitter:label1\" content=\"Written by\" \/>\n\t<meta name=\"twitter:data1\" content=\"bahia_admin\" \/>\n\t<meta name=\"twitter:label2\" content=\"Est. reading time\" \/>\n\t<meta name=\"twitter:data2\" content=\"3 minutes\" \/>\n<script type=\"application\/ld+json\" class=\"yoast-schema-graph\">{\"@context\":\"https:\\\/\\\/schema.org\",\"@graph\":[{\"@type\":\"Article\",\"@id\":\"https:\\\/\\\/bahia.culturaviva.net.br\\\/variedades\\\/mestres-satu-e-mestra-tonha\\\/#article\",\"isPartOf\":{\"@id\":\"https:\\\/\\\/bahia.culturaviva.net.br\\\/variedades\\\/mestres-satu-e-mestra-tonha\\\/\"},\"author\":{\"name\":\"bahia_admin\",\"@id\":\"https:\\\/\\\/bahia.culturaviva.net.br\\\/#\\\/schema\\\/person\\\/35c36cd27181b85d03202236583bfaa1\"},\"headline\":\"MESTRES SATU E MESTRA TONHA\",\"datePublished\":\"2026-04-27T08:30:10+00:00\",\"mainEntityOfPage\":{\"@id\":\"https:\\\/\\\/bahia.culturaviva.net.br\\\/variedades\\\/mestres-satu-e-mestra-tonha\\\/\"},\"wordCount\":556,\"commentCount\":0,\"publisher\":{\"@id\":\"https:\\\/\\\/bahia.culturaviva.net.br\\\/#organization\"},\"image\":{\"@id\":\"https:\\\/\\\/bahia.culturaviva.net.br\\\/variedades\\\/mestres-satu-e-mestra-tonha\\\/#primaryimage\"},\"thumbnailUrl\":\"https:\\\/\\\/i0.wp.com\\\/cultura.chapada.ba\\\/wp-content\\\/uploads\\\/2026\\\/04\\\/Riti-publico-3.jpeg?resize=1024%2C768&amp;ssl=1\",\"keywords\":[\"Chapada Diamantina\"],\"inLanguage\":\"en-US\",\"potentialAction\":[{\"@type\":\"CommentAction\",\"name\":\"Comment\",\"target\":[\"https:\\\/\\\/bahia.culturaviva.net.br\\\/variedades\\\/mestres-satu-e-mestra-tonha\\\/#respond\"]}]},{\"@type\":\"WebPage\",\"@id\":\"https:\\\/\\\/bahia.culturaviva.net.br\\\/variedades\\\/mestres-satu-e-mestra-tonha\\\/\",\"url\":\"https:\\\/\\\/bahia.culturaviva.net.br\\\/variedades\\\/mestres-satu-e-mestra-tonha\\\/\",\"name\":\"MESTRES SATU E MESTRA TONHA - Rede Cultura Viva da Bahia\",\"isPartOf\":{\"@id\":\"https:\\\/\\\/bahia.culturaviva.net.br\\\/#website\"},\"primaryImageOfPage\":{\"@id\":\"https:\\\/\\\/bahia.culturaviva.net.br\\\/variedades\\\/mestres-satu-e-mestra-tonha\\\/#primaryimage\"},\"image\":{\"@id\":\"https:\\\/\\\/bahia.culturaviva.net.br\\\/variedades\\\/mestres-satu-e-mestra-tonha\\\/#primaryimage\"},\"thumbnailUrl\":\"https:\\\/\\\/i0.wp.com\\\/cultura.chapada.ba\\\/wp-content\\\/uploads\\\/2026\\\/04\\\/Riti-publico-3.jpeg?resize=1024%2C768&amp;ssl=1\",\"datePublished\":\"2026-04-27T08:30:10+00:00\",\"breadcrumb\":{\"@id\":\"https:\\\/\\\/bahia.culturaviva.net.br\\\/variedades\\\/mestres-satu-e-mestra-tonha\\\/#breadcrumb\"},\"inLanguage\":\"en-US\",\"potentialAction\":[{\"@type\":\"ReadAction\",\"target\":[\"https:\\\/\\\/bahia.culturaviva.net.br\\\/variedades\\\/mestres-satu-e-mestra-tonha\\\/\"]}]},{\"@type\":\"ImageObject\",\"inLanguage\":\"en-US\",\"@id\":\"https:\\\/\\\/bahia.culturaviva.net.br\\\/variedades\\\/mestres-satu-e-mestra-tonha\\\/#primaryimage\",\"url\":\"https:\\\/\\\/i0.wp.com\\\/cultura.chapada.ba\\\/wp-content\\\/uploads\\\/2026\\\/04\\\/Riti-publico-3.jpeg?resize=1024%2C768&amp;ssl=1\",\"contentUrl\":\"https:\\\/\\\/i0.wp.com\\\/cultura.chapada.ba\\\/wp-content\\\/uploads\\\/2026\\\/04\\\/Riti-publico-3.jpeg?resize=1024%2C768&amp;ssl=1\"},{\"@type\":\"BreadcrumbList\",\"@id\":\"https:\\\/\\\/bahia.culturaviva.net.br\\\/variedades\\\/mestres-satu-e-mestra-tonha\\\/#breadcrumb\",\"itemListElement\":[{\"@type\":\"ListItem\",\"position\":1,\"name\":\"In\u00edcio\",\"item\":\"https:\\\/\\\/bahia.culturaviva.net.br\\\/\"},{\"@type\":\"ListItem\",\"position\":2,\"name\":\"MESTRES SATU E MESTRA TONHA\"}]},{\"@type\":\"WebSite\",\"@id\":\"https:\\\/\\\/bahia.culturaviva.net.br\\\/#website\",\"url\":\"https:\\\/\\\/bahia.culturaviva.net.br\\\/\",\"name\":\"Rede Cultura Viva da Bahia\",\"description\":\"Espa\u00e7o para Acervo, Informa\u00e7\u00e3o e Participa\u00e7\u00e3o Social da Rede de Pontos de Cultura da Bahia\",\"publisher\":{\"@id\":\"https:\\\/\\\/bahia.culturaviva.net.br\\\/#organization\"},\"potentialAction\":[{\"@type\":\"SearchAction\",\"target\":{\"@type\":\"EntryPoint\",\"urlTemplate\":\"https:\\\/\\\/bahia.culturaviva.net.br\\\/?s={search_term_string}\"},\"query-input\":{\"@type\":\"PropertyValueSpecification\",\"valueRequired\":true,\"valueName\":\"search_term_string\"}}],\"inLanguage\":\"en-US\"},{\"@type\":\"Organization\",\"@id\":\"https:\\\/\\\/bahia.culturaviva.net.br\\\/#organization\",\"name\":\"Rede Cultura Viva da Bahia\",\"url\":\"https:\\\/\\\/bahia.culturaviva.net.br\\\/\",\"logo\":{\"@type\":\"ImageObject\",\"inLanguage\":\"en-US\",\"@id\":\"https:\\\/\\\/bahia.culturaviva.net.br\\\/#\\\/schema\\\/logo\\\/image\\\/\",\"url\":\"https:\\\/\\\/bahia.culturaviva.net.br\\\/wp-content\\\/uploads\\\/2025\\\/11\\\/logo-plataforma-culturaviva-bahia-branco.png\",\"contentUrl\":\"https:\\\/\\\/bahia.culturaviva.net.br\\\/wp-content\\\/uploads\\\/2025\\\/11\\\/logo-plataforma-culturaviva-bahia-branco.png\",\"width\":628,\"height\":652,\"caption\":\"Rede Cultura Viva da Bahia\"},\"image\":{\"@id\":\"https:\\\/\\\/bahia.culturaviva.net.br\\\/#\\\/schema\\\/logo\\\/image\\\/\"}},{\"@type\":\"Person\",\"@id\":\"https:\\\/\\\/bahia.culturaviva.net.br\\\/#\\\/schema\\\/person\\\/35c36cd27181b85d03202236583bfaa1\",\"name\":\"bahia_admin\",\"image\":{\"@type\":\"ImageObject\",\"inLanguage\":\"en-US\",\"@id\":\"https:\\\/\\\/secure.gravatar.com\\\/avatar\\\/f7d712956d3d145b4bc1a972f4e32b29dca00b96e04cbbc7a8abdde0832777a1?s=96&d=mm&r=g\",\"url\":\"https:\\\/\\\/secure.gravatar.com\\\/avatar\\\/f7d712956d3d145b4bc1a972f4e32b29dca00b96e04cbbc7a8abdde0832777a1?s=96&d=mm&r=g\",\"contentUrl\":\"https:\\\/\\\/secure.gravatar.com\\\/avatar\\\/f7d712956d3d145b4bc1a972f4e32b29dca00b96e04cbbc7a8abdde0832777a1?s=96&d=mm&r=g\",\"caption\":\"bahia_admin\"},\"sameAs\":[\"https:\\\/\\\/bahia.culturaviva.net.br\"],\"url\":\"https:\\\/\\\/bahia.culturaviva.net.br\\\/en\\\/author\\\/bahia_admin\\\/\"}]}<\/script>\n<!-- \/ Yoast SEO plugin. -->",
    "yoast_head_json": {
        "title": "MESTRES SATU E MESTRA TONHA - Rede Cultura Viva da Bahia",
        "robots": {
            "index": "index",
            "follow": "follow",
            "max-snippet": "max-snippet:-1",
            "max-image-preview": "max-image-preview:large",
            "max-video-preview": "max-video-preview:-1"
        },
        "canonical": "https:\/\/bahia.culturaviva.net.br\/en\/variedades\/mestres-satu-e-mestra-tonha\/",
        "og_locale": "en_US",
        "og_type": "article",
        "og_title": "MESTRES SATU E MESTRA TONHA - Rede Cultura Viva da Bahia",
        "og_description": "MESTRES SATU E MESTRA TONHA",
        "og_url": "https:\/\/bahia.culturaviva.net.br\/en\/variedades\/mestres-satu-e-mestra-tonha\/",
        "og_site_name": "Rede Cultura Viva da Bahia",
        "article_published_time": "2026-04-27T08:30:10+00:00",
        "author": "bahia_admin",
        "twitter_card": "summary_large_image",
        "twitter_misc": {
            "Written by": "bahia_admin",
            "Est. reading time": "3 minutes"
        },
        "schema": {
            "@context": "https:\/\/schema.org",
            "@graph": [
                {
                    "@type": "Article",
                    "@id": "https:\/\/bahia.culturaviva.net.br\/variedades\/mestres-satu-e-mestra-tonha\/#article",
                    "isPartOf": {
                        "@id": "https:\/\/bahia.culturaviva.net.br\/variedades\/mestres-satu-e-mestra-tonha\/"
                    },
                    "author": {
                        "name": "bahia_admin",
                        "@id": "https:\/\/bahia.culturaviva.net.br\/#\/schema\/person\/35c36cd27181b85d03202236583bfaa1"
                    },
                    "headline": "MESTRES SATU E MESTRA TONHA",
                    "datePublished": "2026-04-27T08:30:10+00:00",
                    "mainEntityOfPage": {
                        "@id": "https:\/\/bahia.culturaviva.net.br\/variedades\/mestres-satu-e-mestra-tonha\/"
                    },
                    "wordCount": 556,
                    "commentCount": 0,
                    "publisher": {
                        "@id": "https:\/\/bahia.culturaviva.net.br\/#organization"
                    },
                    "image": {
                        "@id": "https:\/\/bahia.culturaviva.net.br\/variedades\/mestres-satu-e-mestra-tonha\/#primaryimage"
                    },
                    "thumbnailUrl": "https:\/\/i0.wp.com\/cultura.chapada.ba\/wp-content\/uploads\/2026\/04\/Riti-publico-3.jpeg?resize=1024%2C768&amp;ssl=1",
                    "keywords": [
                        "Chapada Diamantina"
                    ],
                    "inLanguage": "en-US",
                    "potentialAction": [
                        {
                            "@type": "CommentAction",
                            "name": "Comment",
                            "target": [
                                "https:\/\/bahia.culturaviva.net.br\/variedades\/mestres-satu-e-mestra-tonha\/#respond"
                            ]
                        }
                    ]
                },
                {
                    "@type": "WebPage",
                    "@id": "https:\/\/bahia.culturaviva.net.br\/variedades\/mestres-satu-e-mestra-tonha\/",
                    "url": "https:\/\/bahia.culturaviva.net.br\/variedades\/mestres-satu-e-mestra-tonha\/",
                    "name": "MESTRES SATU E MESTRA TONHA - Rede Cultura Viva da Bahia",
                    "isPartOf": {
                        "@id": "https:\/\/bahia.culturaviva.net.br\/#website"
                    },
                    "primaryImageOfPage": {
                        "@id": "https:\/\/bahia.culturaviva.net.br\/variedades\/mestres-satu-e-mestra-tonha\/#primaryimage"
                    },
                    "image": {
                        "@id": "https:\/\/bahia.culturaviva.net.br\/variedades\/mestres-satu-e-mestra-tonha\/#primaryimage"
                    },
                    "thumbnailUrl": "https:\/\/i0.wp.com\/cultura.chapada.ba\/wp-content\/uploads\/2026\/04\/Riti-publico-3.jpeg?resize=1024%2C768&amp;ssl=1",
                    "datePublished": "2026-04-27T08:30:10+00:00",
                    "breadcrumb": {
                        "@id": "https:\/\/bahia.culturaviva.net.br\/variedades\/mestres-satu-e-mestra-tonha\/#breadcrumb"
                    },
                    "inLanguage": "en-US",
                    "potentialAction": [
                        {
                            "@type": "ReadAction",
                            "target": [
                                "https:\/\/bahia.culturaviva.net.br\/variedades\/mestres-satu-e-mestra-tonha\/"
                            ]
                        }
                    ]
                },
                {
                    "@type": "ImageObject",
                    "inLanguage": "en-US",
                    "@id": "https:\/\/bahia.culturaviva.net.br\/variedades\/mestres-satu-e-mestra-tonha\/#primaryimage",
                    "url": "https:\/\/i0.wp.com\/cultura.chapada.ba\/wp-content\/uploads\/2026\/04\/Riti-publico-3.jpeg?resize=1024%2C768&amp;ssl=1",
                    "contentUrl": "https:\/\/i0.wp.com\/cultura.chapada.ba\/wp-content\/uploads\/2026\/04\/Riti-publico-3.jpeg?resize=1024%2C768&amp;ssl=1"
                },
                {
                    "@type": "BreadcrumbList",
                    "@id": "https:\/\/bahia.culturaviva.net.br\/variedades\/mestres-satu-e-mestra-tonha\/#breadcrumb",
                    "itemListElement": [
                        {
                            "@type": "ListItem",
                            "position": 1,
                            "name": "In\u00edcio",
                            "item": "https:\/\/bahia.culturaviva.net.br\/"
                        },
                        {
                            "@type": "ListItem",
                            "position": 2,
                            "name": "MESTRES SATU E MESTRA TONHA"
                        }
                    ]
                },
                {
                    "@type": "WebSite",
                    "@id": "https:\/\/bahia.culturaviva.net.br\/#website",
                    "url": "https:\/\/bahia.culturaviva.net.br\/",
                    "name": "Rede Cultura Viva da Bahia",
                    "description": "Espa\u00e7o para Acervo, Informa\u00e7\u00e3o e Participa\u00e7\u00e3o Social da Rede de Pontos de Cultura da Bahia",
                    "publisher": {
                        "@id": "https:\/\/bahia.culturaviva.net.br\/#organization"
                    },
                    "potentialAction": [
                        {
                            "@type": "SearchAction",
                            "target": {
                                "@type": "EntryPoint",
                                "urlTemplate": "https:\/\/bahia.culturaviva.net.br\/?s={search_term_string}"
                            },
                            "query-input": {
                                "@type": "PropertyValueSpecification",
                                "valueRequired": true,
                                "valueName": "search_term_string"
                            }
                        }
                    ],
                    "inLanguage": "en-US"
                },
                {
                    "@type": "Organization",
                    "@id": "https:\/\/bahia.culturaviva.net.br\/#organization",
                    "name": "Rede Cultura Viva da Bahia",
                    "url": "https:\/\/bahia.culturaviva.net.br\/",
                    "logo": {
                        "@type": "ImageObject",
                        "inLanguage": "en-US",
                        "@id": "https:\/\/bahia.culturaviva.net.br\/#\/schema\/logo\/image\/",
                        "url": "https:\/\/bahia.culturaviva.net.br\/wp-content\/uploads\/2025\/11\/logo-plataforma-culturaviva-bahia-branco.png",
                        "contentUrl": "https:\/\/bahia.culturaviva.net.br\/wp-content\/uploads\/2025\/11\/logo-plataforma-culturaviva-bahia-branco.png",
                        "width": 628,
                        "height": 652,
                        "caption": "Rede Cultura Viva da Bahia"
                    },
                    "image": {
                        "@id": "https:\/\/bahia.culturaviva.net.br\/#\/schema\/logo\/image\/"
                    }
                },
                {
                    "@type": "Person",
                    "@id": "https:\/\/bahia.culturaviva.net.br\/#\/schema\/person\/35c36cd27181b85d03202236583bfaa1",
                    "name": "bahia_admin",
                    "image": {
                        "@type": "ImageObject",
                        "inLanguage": "en-US",
                        "@id": "https:\/\/secure.gravatar.com\/avatar\/f7d712956d3d145b4bc1a972f4e32b29dca00b96e04cbbc7a8abdde0832777a1?s=96&d=mm&r=g",
                        "url": "https:\/\/secure.gravatar.com\/avatar\/f7d712956d3d145b4bc1a972f4e32b29dca00b96e04cbbc7a8abdde0832777a1?s=96&d=mm&r=g",
                        "contentUrl": "https:\/\/secure.gravatar.com\/avatar\/f7d712956d3d145b4bc1a972f4e32b29dca00b96e04cbbc7a8abdde0832777a1?s=96&d=mm&r=g",
                        "caption": "bahia_admin"
                    },
                    "sameAs": [
                        "https:\/\/bahia.culturaviva.net.br"
                    ],
                    "url": "https:\/\/bahia.culturaviva.net.br\/en\/author\/bahia_admin\/"
                }
            ]
        }
    },
    "_links": {
        "self": [
            {
                "href": "https:\/\/bahia.culturaviva.net.br\/en\/wp-json\/wp\/v2\/posts\/2270",
                "targetHints": {
                    "allow": [
                        "GET"
                    ]
                }
            }
        ],
        "collection": [
            {
                "href": "https:\/\/bahia.culturaviva.net.br\/en\/wp-json\/wp\/v2\/posts"
            }
        ],
        "about": [
            {
                "href": "https:\/\/bahia.culturaviva.net.br\/en\/wp-json\/wp\/v2\/types\/post"
            }
        ],
        "author": [
            {
                "embeddable": true,
                "href": "https:\/\/bahia.culturaviva.net.br\/en\/wp-json\/wp\/v2\/users\/1"
            }
        ],
        "replies": [
            {
                "embeddable": true,
                "href": "https:\/\/bahia.culturaviva.net.br\/en\/wp-json\/wp\/v2\/comments?post=2270"
            }
        ],
        "version-history": [
            {
                "count": 0,
                "href": "https:\/\/bahia.culturaviva.net.br\/en\/wp-json\/wp\/v2\/posts\/2270\/revisions"
            }
        ],
        "wp:attachment": [
            {
                "href": "https:\/\/bahia.culturaviva.net.br\/en\/wp-json\/wp\/v2\/media?parent=2270"
            }
        ],
        "wp:term": [
            {
                "taxonomy": "category",
                "embeddable": true,
                "href": "https:\/\/bahia.culturaviva.net.br\/en\/wp-json\/wp\/v2\/categories?post=2270"
            },
            {
                "taxonomy": "post_tag",
                "embeddable": true,
                "href": "https:\/\/bahia.culturaviva.net.br\/en\/wp-json\/wp\/v2\/tags?post=2270"
            }
        ],
        "curies": [
            {
                "name": "wp",
                "href": "https:\/\/api.w.org\/{rel}",
                "templated": true
            }
        ]
    }
}