{
    "id": 2271,
    "date": "2026-04-26T17:30:00",
    "date_gmt": "2026-04-26T20:30:00",
    "guid": {
        "rendered": "https:\/\/bahia.culturaviva.net.br\/variedades\/da-invisibilidade-ao-reconhecimento-territorio-reparacao-e-voz-dos-mestres\/"
    },
    "modified": "2026-04-26T17:30:00",
    "modified_gmt": "2026-04-26T20:30:00",
    "slug": "da-invisibilidade-ao-reconhecimento-territorio-reparacao-e-voz-dos-mestres",
    "status": "publish",
    "type": "post",
    "link": "https:\/\/bahia.culturaviva.net.br\/en\/variedades\/da-invisibilidade-ao-reconhecimento-territorio-reparacao-e-voz-dos-mestres\/",
    "title": {
        "rendered": "DA INVISIBILIDADE AO RECONHECIMENTO: TERRIT\u00d3RIO, REPARA\u00c7\u00c3O E VOZ DOS MESTRES"
    },
    "content": {
        "rendered": "<p class=\"has-text-align-left\">O Brasil vive um momento decisivo no debate sobre equidade racial e repara\u00e7\u00e3o hist\u00f3rica. A recente decis\u00e3o do Supremo Tribunal Federal (STF), em dezembro de 2025, que reafirma a centralidade das pol\u00edticas p\u00fablicas de combate ao racismo estrutural e de promo\u00e7\u00e3o da igualdade racial, amplia a responsabilidade do Estado e da sociedade na constru\u00e7\u00e3o de caminhos concretos de justi\u00e7a social.<br \/>Esse movimento, que ganha repercuss\u00e3o nacional, n\u00e3o pode ficar restrito \u00e0s institui\u00e7\u00f5es centrais. Ele precisa alcan\u00e7ar o territ\u00f3rio onde vivem os povos quilombolas, os povos de terreiro, as comunidades negras e tradicionais que sustentam, historicamente, a cultura e a identidade do pa\u00eds.<br \/>A repara\u00e7\u00e3o n\u00e3o \u00e9 apenas econ\u00f4mica. Ela \u00e9 tamb\u00e9m reconhecimento, pertencimento, acesso aos espa\u00e7os de decis\u00e3o e valoriza\u00e7\u00e3o dos saberes ancestrais.<br \/>E foi exatamente isso que se materializou no 1\u00ba Encontro Macroterritorial de Desenvolvimento Rural, realizado em Feira de Santana (BA), nos dias 23 e 24 de abril de 2026, promovido pela Coordena\u00e7\u00e3o Estadual dos Territ\u00f3rios (CET).<br \/>Ali, o territ\u00f3rio deixou de ser objeto de pol\u00edtica e passou a ser sujeito de fala.<br \/>Entre os momentos mais simb\u00f3licos do encontro, destaca-se a participa\u00e7\u00e3o de Mestre Satu (Saturnino Dias Nery) e Mestra Dona Tonha, da Comunidade Quilombola de Tocos, no munic\u00edpio de Ant\u00f4nio Cardoso\/BA.<br \/>Pela primeira vez, mesmo com suas idades avan\u00e7adas e uma vida inteira dedicada \u00e0 cultura popular e \u00e0 preserva\u00e7\u00e3o dos saberes tradicionais, os mestres ocuparam um espa\u00e7o institucional de di\u00e1logo como esse. E mais do que presen\u00e7a, houve reconhecimento.<br \/>Suas trajet\u00f3rias deixaram de ser apenas mem\u00f3ria oral e passaram a ser compreendidas como patrim\u00f4nio vivo, como conhecimento leg\u00edtimo e como base concreta para a formula\u00e7\u00e3o de pol\u00edticas p\u00fablicas.<br \/>O que se viu naquele espa\u00e7o foi algo simples, mas profundamente transformador: o sentimento de pertencimento.<br \/>Quando mestres e mestras, historicamente invisibilizados, passam a se enxergar como parte do processo pol\u00edtico, a pol\u00edtica se humaniza, o territ\u00f3rio se fortalece e a democracia se amplia.<br \/>Esse movimento dialoga diretamente com o que o STF reafirma: n\u00e3o h\u00e1 igualdade sem o reconhecimento das desigualdades hist\u00f3ricas.<br \/>Diante disso, torna-se urgente avan\u00e7ar em pol\u00edticas p\u00fablicas de repara\u00e7\u00e3o que n\u00e3o sejam apenas simb\u00f3licas, mas estruturadas, cont\u00ednuas e efetivas garantindo a inclus\u00e3o dos povos tradicionais nos espa\u00e7os de decis\u00e3o, o reconhecimento institucional dos mestres como agentes de conhecimento e o financiamento adequado das a\u00e7\u00f5es de cultura viva nos territ\u00f3rios.<br \/>Nesse contexto, a PIMM Produ\u00e7\u00e3o e Eventos, coletivo cultural certificado pelo Minist\u00e9rio da Cultura como Ponto de Cultura (Cultura Viva), sob o ID 1637639, vem se empenhando na constru\u00e7\u00e3o de caminhos mais \u00e1geis, eficazes e comprometidos com a realidade dos territ\u00f3rios, atuando diretamente para que os processos de salvaguarda, reconhecimento cultural e valoriza\u00e7\u00e3o de mestres e fazedores de cultura na ponta das pol\u00edticas p\u00fablicas aconte\u00e7am com menos burocracia e maior efetividade.<br \/>N\u00e3o se trata apenas de preservar cultura trata-se de garantir direito com dignidade e tempo adequado \u00e0 realidade de quem sustenta esse patrim\u00f4nio vivo.<br \/>Tamb\u00e9m \u00e9 importante registrar o reconhecimento ao Poder Executivo do Munic\u00edpio de Ant\u00f4nio Cardoso\/BA, que tem contribu\u00eddo para valorizar a trajet\u00f3ria dos Mestres Satu e Mestra Tonha, reconhecendo sua import\u00e2ncia hist\u00f3rica, cultural e social para o munic\u00edpio e para o Brasil.<br \/>Esse tipo de postura demonstra que \u00e9 poss\u00edvel avan\u00e7ar quando h\u00e1 compromisso institucional aliado ao di\u00e1logo com o territ\u00f3rio.<br \/>O caminho est\u00e1 aberto.<br \/>Agora, o desafio \u00e9 transformar decis\u00e3o judicial em pol\u00edtica p\u00fablica na ponta, transformar cultura em direito garantido e transformar presen\u00e7a simb\u00f3lica em participa\u00e7\u00e3o real.<br \/>Quando mestres entram na roda, quando o territ\u00f3rio fala e quando a escuta acontece, a hist\u00f3ria come\u00e7a a ser reescrita n\u00e3o como mem\u00f3ria, mas como futuro.<\/p>\n<p>\u201cQuem honra seus ancestrais nunca caminha sozinho.\u201d<\/p>\n<p>Ad\u00fap\u1eb9\u0301. Ax\u00e9.<\/p>\n<p>Foto: 1\u00b0 Encontro Macroterrit\u00f3rial de Desenvolvimento Rural<\/p>\n<p>Foto: PIMM <\/p>\n<p>Por Paraguai Santos<\/p>\n<figure class=\"wp-block-gallery aligncenter has-nested-images columns-default is-cropped wp-block-gallery-1 is-layout-flex wp-block-gallery-is-layout-flex\">\n<figure class=\"wp-block-image size-large\"><img decoding=\"async\" data-recalc-dims=\"1\" loading=\"lazy\" width=\"576\" height=\"1024\" data-id=\"9515\" src=\"https:\/\/i0.wp.com\/cultura.chapada.ba\/wp-content\/uploads\/2026\/04\/WhatsApp-Image-2026-04-26-at-16.58.05.jpeg-m9.jpeg?resize=576%2C1024&amp;ssl=1\" alt=\"\" class=\"wp-image-9515\" \/><\/figure>\n<figure class=\"wp-block-image alignleft size-large\"><img decoding=\"async\" data-recalc-dims=\"1\" loading=\"lazy\" width=\"1024\" height=\"768\" data-id=\"9516\" src=\"https:\/\/i0.wp.com\/cultura.chapada.ba\/wp-content\/uploads\/2026\/04\/WhatsApp-Image-2026-04-26-at-16.58.05.jpeg-m8.jpeg?resize=1024%2C768&amp;ssl=1\" alt=\"\" class=\"wp-image-9516\" \/><\/figure>\n<figure class=\"wp-block-image size-large\"><img decoding=\"async\" data-recalc-dims=\"1\" loading=\"lazy\" width=\"1024\" height=\"472\" data-id=\"9517\" src=\"https:\/\/i0.wp.com\/cultura.chapada.ba\/wp-content\/uploads\/2026\/04\/WhatsApp-Image-2026-04-26-at-16.58.04.jpeg-m7.jpeg?resize=1024%2C472&amp;ssl=1\" alt=\"\" class=\"wp-image-9517\" \/><\/figure>\n<figure class=\"wp-block-image size-large\"><img decoding=\"async\" data-recalc-dims=\"1\" loading=\"lazy\" width=\"1024\" height=\"472\" data-id=\"9518\" src=\"https:\/\/i0.wp.com\/cultura.chapada.ba\/wp-content\/uploads\/2026\/04\/WhatsApp-Image-2026-04-26-at-16.58.04.jpeg-m6.jpeg?resize=1024%2C472&amp;ssl=1\" alt=\"\" class=\"wp-image-9518\" \/><\/figure>\n<figure class=\"wp-block-image size-large\"><img decoding=\"async\" data-recalc-dims=\"1\" loading=\"lazy\" width=\"768\" height=\"1024\" data-id=\"9519\" src=\"https:\/\/i0.wp.com\/cultura.chapada.ba\/wp-content\/uploads\/2026\/04\/WhatsApp-Image-2026-04-26-at-16.58.04.jpeg-m5.jpeg?resize=768%2C1024&amp;ssl=1\" alt=\"\" class=\"wp-image-9519\" \/><\/figure>\n<figure class=\"wp-block-image size-large\"><img decoding=\"async\" data-recalc-dims=\"1\" loading=\"lazy\" width=\"768\" height=\"1024\" data-id=\"9521\" src=\"https:\/\/i0.wp.com\/cultura.chapada.ba\/wp-content\/uploads\/2026\/04\/WhatsApp-Image-2026-04-26-at-16.58.04.jpeg-mestres3.jpeg?resize=768%2C1024&amp;ssl=1\" alt=\"\" class=\"wp-image-9521\" \/><\/figure>\n<figure class=\"wp-block-image size-large\"><img decoding=\"async\" data-recalc-dims=\"1\" loading=\"lazy\" width=\"1024\" height=\"768\" data-id=\"9523\" src=\"https:\/\/i0.wp.com\/cultura.chapada.ba\/wp-content\/uploads\/2026\/04\/WhatsApp-Image-2026-04-26-at-16.58.03.jpeg-mestres.jpeg?resize=1024%2C768&amp;ssl=1\" alt=\"\" class=\"wp-image-9523\" \/><\/figure>\n<\/figure>\n<p>O post <a href=\"https:\/\/cultura.chapada.ba\/variedades\/da-invisibilidade-ao-reconhecimento-territorio-reparacao-e-voz-dos-mestres\/\">DA INVISIBILIDADE AO RECONHECIMENTO: TERRIT\u00d3RIO, REPARA\u00c7\u00c3O E VOZ DOS MESTRES<\/a> apareceu primeiro em <a href=\"https:\/\/cultura.chapada.ba\/\">Rede Cultura Viva Chapada Diamantina<\/a>.<\/p>",
        "protected": false
    },
    "excerpt": {
        "rendered": "<p>DA INVISIBILIDADE AO RECONHECIMENTO: TERRIT\u00d3RIO, REPARA\u00c7\u00c3O E VOZ DOS MESTRES<\/p>",
        "protected": false
    },
    "author": 1,
    "featured_media": 0,
    "comment_status": "open",
    "ping_status": "open",
    "sticky": false,
    "template": "",
    "format": "standard",
    "meta": {
        "_acf_changed": false,
        "_gspb_post_css": "",
        "footnotes": ""
    },
    "categories": [],
    "tags": [
        55
    ],
    "class_list": [
        "post-2271",
        "post",
        "type-post",
        "status-publish",
        "format-standard",
        "has-post-thumbnail",
        "hentry",
        "tag-chapada-diamantina"
    ],
    "blocksy_meta": [],
    "acf": [],
    "yoast_head": "<!-- This site is optimized with the Yoast SEO plugin v27.3 - https:\/\/yoast.com\/product\/yoast-seo-wordpress\/ -->\n<title>DA INVISIBILIDADE AO RECONHECIMENTO: TERRIT\u00d3RIO, REPARA\u00c7\u00c3O E VOZ DOS MESTRES - Rede Cultura Viva da Bahia<\/title>\n<meta name=\"robots\" content=\"index, follow, max-snippet:-1, max-image-preview:large, max-video-preview:-1\" \/>\n<link rel=\"canonical\" href=\"https:\/\/bahia.culturaviva.net.br\/en\/variedades\/da-invisibilidade-ao-reconhecimento-territorio-reparacao-e-voz-dos-mestres\/\" \/>\n<meta property=\"og:locale\" content=\"en_US\" \/>\n<meta property=\"og:type\" content=\"article\" \/>\n<meta property=\"og:title\" content=\"DA INVISIBILIDADE AO RECONHECIMENTO: TERRIT\u00d3RIO, REPARA\u00c7\u00c3O E VOZ DOS MESTRES - Rede Cultura Viva da Bahia\" \/>\n<meta property=\"og:description\" content=\"DA INVISIBILIDADE AO RECONHECIMENTO: TERRIT\u00d3RIO, REPARA\u00c7\u00c3O E VOZ DOS MESTRES\" \/>\n<meta property=\"og:url\" content=\"https:\/\/bahia.culturaviva.net.br\/en\/variedades\/da-invisibilidade-ao-reconhecimento-territorio-reparacao-e-voz-dos-mestres\/\" \/>\n<meta property=\"og:site_name\" content=\"Rede Cultura Viva da Bahia\" \/>\n<meta property=\"article:published_time\" content=\"2026-04-26T20:30:00+00:00\" \/>\n<meta name=\"author\" content=\"bahia_admin\" \/>\n<meta name=\"twitter:card\" content=\"summary_large_image\" \/>\n<meta name=\"twitter:label1\" content=\"Written by\" \/>\n\t<meta name=\"twitter:data1\" content=\"bahia_admin\" \/>\n\t<meta name=\"twitter:label2\" content=\"Est. reading time\" \/>\n\t<meta name=\"twitter:data2\" content=\"4 minutes\" \/>\n<script type=\"application\/ld+json\" class=\"yoast-schema-graph\">{\"@context\":\"https:\\\/\\\/schema.org\",\"@graph\":[{\"@type\":\"Article\",\"@id\":\"https:\\\/\\\/bahia.culturaviva.net.br\\\/variedades\\\/da-invisibilidade-ao-reconhecimento-territorio-reparacao-e-voz-dos-mestres\\\/#article\",\"isPartOf\":{\"@id\":\"https:\\\/\\\/bahia.culturaviva.net.br\\\/variedades\\\/da-invisibilidade-ao-reconhecimento-territorio-reparacao-e-voz-dos-mestres\\\/\"},\"author\":{\"name\":\"bahia_admin\",\"@id\":\"https:\\\/\\\/bahia.culturaviva.net.br\\\/#\\\/schema\\\/person\\\/35c36cd27181b85d03202236583bfaa1\"},\"headline\":\"DA INVISIBILIDADE AO RECONHECIMENTO: TERRIT\u00d3RIO, REPARA\u00c7\u00c3O E VOZ DOS MESTRES\",\"datePublished\":\"2026-04-26T20:30:00+00:00\",\"mainEntityOfPage\":{\"@id\":\"https:\\\/\\\/bahia.culturaviva.net.br\\\/variedades\\\/da-invisibilidade-ao-reconhecimento-territorio-reparacao-e-voz-dos-mestres\\\/\"},\"wordCount\":731,\"commentCount\":0,\"publisher\":{\"@id\":\"https:\\\/\\\/bahia.culturaviva.net.br\\\/#organization\"},\"image\":{\"@id\":\"https:\\\/\\\/bahia.culturaviva.net.br\\\/variedades\\\/da-invisibilidade-ao-reconhecimento-territorio-reparacao-e-voz-dos-mestres\\\/#primaryimage\"},\"thumbnailUrl\":\"https:\\\/\\\/i0.wp.com\\\/cultura.chapada.ba\\\/wp-content\\\/uploads\\\/2026\\\/04\\\/WhatsApp-Image-2026-04-26-at-16.58.05.jpeg-m9.jpeg?resize=576%2C1024&amp;ssl=1\",\"keywords\":[\"Chapada Diamantina\"],\"inLanguage\":\"en-US\",\"potentialAction\":[{\"@type\":\"CommentAction\",\"name\":\"Comment\",\"target\":[\"https:\\\/\\\/bahia.culturaviva.net.br\\\/variedades\\\/da-invisibilidade-ao-reconhecimento-territorio-reparacao-e-voz-dos-mestres\\\/#respond\"]}]},{\"@type\":\"WebPage\",\"@id\":\"https:\\\/\\\/bahia.culturaviva.net.br\\\/variedades\\\/da-invisibilidade-ao-reconhecimento-territorio-reparacao-e-voz-dos-mestres\\\/\",\"url\":\"https:\\\/\\\/bahia.culturaviva.net.br\\\/variedades\\\/da-invisibilidade-ao-reconhecimento-territorio-reparacao-e-voz-dos-mestres\\\/\",\"name\":\"DA INVISIBILIDADE AO RECONHECIMENTO: TERRIT\u00d3RIO, REPARA\u00c7\u00c3O E VOZ DOS MESTRES - Rede Cultura Viva da Bahia\",\"isPartOf\":{\"@id\":\"https:\\\/\\\/bahia.culturaviva.net.br\\\/#website\"},\"primaryImageOfPage\":{\"@id\":\"https:\\\/\\\/bahia.culturaviva.net.br\\\/variedades\\\/da-invisibilidade-ao-reconhecimento-territorio-reparacao-e-voz-dos-mestres\\\/#primaryimage\"},\"image\":{\"@id\":\"https:\\\/\\\/bahia.culturaviva.net.br\\\/variedades\\\/da-invisibilidade-ao-reconhecimento-territorio-reparacao-e-voz-dos-mestres\\\/#primaryimage\"},\"thumbnailUrl\":\"https:\\\/\\\/i0.wp.com\\\/cultura.chapada.ba\\\/wp-content\\\/uploads\\\/2026\\\/04\\\/WhatsApp-Image-2026-04-26-at-16.58.05.jpeg-m9.jpeg?resize=576%2C1024&amp;ssl=1\",\"datePublished\":\"2026-04-26T20:30:00+00:00\",\"breadcrumb\":{\"@id\":\"https:\\\/\\\/bahia.culturaviva.net.br\\\/variedades\\\/da-invisibilidade-ao-reconhecimento-territorio-reparacao-e-voz-dos-mestres\\\/#breadcrumb\"},\"inLanguage\":\"en-US\",\"potentialAction\":[{\"@type\":\"ReadAction\",\"target\":[\"https:\\\/\\\/bahia.culturaviva.net.br\\\/variedades\\\/da-invisibilidade-ao-reconhecimento-territorio-reparacao-e-voz-dos-mestres\\\/\"]}]},{\"@type\":\"ImageObject\",\"inLanguage\":\"en-US\",\"@id\":\"https:\\\/\\\/bahia.culturaviva.net.br\\\/variedades\\\/da-invisibilidade-ao-reconhecimento-territorio-reparacao-e-voz-dos-mestres\\\/#primaryimage\",\"url\":\"https:\\\/\\\/i0.wp.com\\\/cultura.chapada.ba\\\/wp-content\\\/uploads\\\/2026\\\/04\\\/WhatsApp-Image-2026-04-26-at-16.58.05.jpeg-m9.jpeg?resize=576%2C1024&amp;ssl=1\",\"contentUrl\":\"https:\\\/\\\/i0.wp.com\\\/cultura.chapada.ba\\\/wp-content\\\/uploads\\\/2026\\\/04\\\/WhatsApp-Image-2026-04-26-at-16.58.05.jpeg-m9.jpeg?resize=576%2C1024&amp;ssl=1\"},{\"@type\":\"BreadcrumbList\",\"@id\":\"https:\\\/\\\/bahia.culturaviva.net.br\\\/variedades\\\/da-invisibilidade-ao-reconhecimento-territorio-reparacao-e-voz-dos-mestres\\\/#breadcrumb\",\"itemListElement\":[{\"@type\":\"ListItem\",\"position\":1,\"name\":\"In\u00edcio\",\"item\":\"https:\\\/\\\/bahia.culturaviva.net.br\\\/\"},{\"@type\":\"ListItem\",\"position\":2,\"name\":\"DA INVISIBILIDADE AO RECONHECIMENTO: TERRIT\u00d3RIO, REPARA\u00c7\u00c3O E VOZ DOS MESTRES\"}]},{\"@type\":\"WebSite\",\"@id\":\"https:\\\/\\\/bahia.culturaviva.net.br\\\/#website\",\"url\":\"https:\\\/\\\/bahia.culturaviva.net.br\\\/\",\"name\":\"Rede Cultura Viva da Bahia\",\"description\":\"Espa\u00e7o para Acervo, Informa\u00e7\u00e3o e Participa\u00e7\u00e3o Social da Rede de Pontos de Cultura da Bahia\",\"publisher\":{\"@id\":\"https:\\\/\\\/bahia.culturaviva.net.br\\\/#organization\"},\"potentialAction\":[{\"@type\":\"SearchAction\",\"target\":{\"@type\":\"EntryPoint\",\"urlTemplate\":\"https:\\\/\\\/bahia.culturaviva.net.br\\\/?s={search_term_string}\"},\"query-input\":{\"@type\":\"PropertyValueSpecification\",\"valueRequired\":true,\"valueName\":\"search_term_string\"}}],\"inLanguage\":\"en-US\"},{\"@type\":\"Organization\",\"@id\":\"https:\\\/\\\/bahia.culturaviva.net.br\\\/#organization\",\"name\":\"Rede Cultura Viva da Bahia\",\"url\":\"https:\\\/\\\/bahia.culturaviva.net.br\\\/\",\"logo\":{\"@type\":\"ImageObject\",\"inLanguage\":\"en-US\",\"@id\":\"https:\\\/\\\/bahia.culturaviva.net.br\\\/#\\\/schema\\\/logo\\\/image\\\/\",\"url\":\"https:\\\/\\\/bahia.culturaviva.net.br\\\/wp-content\\\/uploads\\\/2025\\\/11\\\/logo-plataforma-culturaviva-bahia-branco.png\",\"contentUrl\":\"https:\\\/\\\/bahia.culturaviva.net.br\\\/wp-content\\\/uploads\\\/2025\\\/11\\\/logo-plataforma-culturaviva-bahia-branco.png\",\"width\":628,\"height\":652,\"caption\":\"Rede Cultura Viva da Bahia\"},\"image\":{\"@id\":\"https:\\\/\\\/bahia.culturaviva.net.br\\\/#\\\/schema\\\/logo\\\/image\\\/\"}},{\"@type\":\"Person\",\"@id\":\"https:\\\/\\\/bahia.culturaviva.net.br\\\/#\\\/schema\\\/person\\\/35c36cd27181b85d03202236583bfaa1\",\"name\":\"bahia_admin\",\"image\":{\"@type\":\"ImageObject\",\"inLanguage\":\"en-US\",\"@id\":\"https:\\\/\\\/secure.gravatar.com\\\/avatar\\\/f7d712956d3d145b4bc1a972f4e32b29dca00b96e04cbbc7a8abdde0832777a1?s=96&d=mm&r=g\",\"url\":\"https:\\\/\\\/secure.gravatar.com\\\/avatar\\\/f7d712956d3d145b4bc1a972f4e32b29dca00b96e04cbbc7a8abdde0832777a1?s=96&d=mm&r=g\",\"contentUrl\":\"https:\\\/\\\/secure.gravatar.com\\\/avatar\\\/f7d712956d3d145b4bc1a972f4e32b29dca00b96e04cbbc7a8abdde0832777a1?s=96&d=mm&r=g\",\"caption\":\"bahia_admin\"},\"sameAs\":[\"https:\\\/\\\/bahia.culturaviva.net.br\"],\"url\":\"https:\\\/\\\/bahia.culturaviva.net.br\\\/en\\\/author\\\/bahia_admin\\\/\"}]}<\/script>\n<!-- \/ Yoast SEO plugin. -->",
    "yoast_head_json": {
        "title": "DA INVISIBILIDADE AO RECONHECIMENTO: TERRIT\u00d3RIO, REPARA\u00c7\u00c3O E VOZ DOS MESTRES - Rede Cultura Viva da Bahia",
        "robots": {
            "index": "index",
            "follow": "follow",
            "max-snippet": "max-snippet:-1",
            "max-image-preview": "max-image-preview:large",
            "max-video-preview": "max-video-preview:-1"
        },
        "canonical": "https:\/\/bahia.culturaviva.net.br\/en\/variedades\/da-invisibilidade-ao-reconhecimento-territorio-reparacao-e-voz-dos-mestres\/",
        "og_locale": "en_US",
        "og_type": "article",
        "og_title": "DA INVISIBILIDADE AO RECONHECIMENTO: TERRIT\u00d3RIO, REPARA\u00c7\u00c3O E VOZ DOS MESTRES - Rede Cultura Viva da Bahia",
        "og_description": "DA INVISIBILIDADE AO RECONHECIMENTO: TERRIT\u00d3RIO, REPARA\u00c7\u00c3O E VOZ DOS MESTRES",
        "og_url": "https:\/\/bahia.culturaviva.net.br\/en\/variedades\/da-invisibilidade-ao-reconhecimento-territorio-reparacao-e-voz-dos-mestres\/",
        "og_site_name": "Rede Cultura Viva da Bahia",
        "article_published_time": "2026-04-26T20:30:00+00:00",
        "author": "bahia_admin",
        "twitter_card": "summary_large_image",
        "twitter_misc": {
            "Written by": "bahia_admin",
            "Est. reading time": "4 minutes"
        },
        "schema": {
            "@context": "https:\/\/schema.org",
            "@graph": [
                {
                    "@type": "Article",
                    "@id": "https:\/\/bahia.culturaviva.net.br\/variedades\/da-invisibilidade-ao-reconhecimento-territorio-reparacao-e-voz-dos-mestres\/#article",
                    "isPartOf": {
                        "@id": "https:\/\/bahia.culturaviva.net.br\/variedades\/da-invisibilidade-ao-reconhecimento-territorio-reparacao-e-voz-dos-mestres\/"
                    },
                    "author": {
                        "name": "bahia_admin",
                        "@id": "https:\/\/bahia.culturaviva.net.br\/#\/schema\/person\/35c36cd27181b85d03202236583bfaa1"
                    },
                    "headline": "DA INVISIBILIDADE AO RECONHECIMENTO: TERRIT\u00d3RIO, REPARA\u00c7\u00c3O E VOZ DOS MESTRES",
                    "datePublished": "2026-04-26T20:30:00+00:00",
                    "mainEntityOfPage": {
                        "@id": "https:\/\/bahia.culturaviva.net.br\/variedades\/da-invisibilidade-ao-reconhecimento-territorio-reparacao-e-voz-dos-mestres\/"
                    },
                    "wordCount": 731,
                    "commentCount": 0,
                    "publisher": {
                        "@id": "https:\/\/bahia.culturaviva.net.br\/#organization"
                    },
                    "image": {
                        "@id": "https:\/\/bahia.culturaviva.net.br\/variedades\/da-invisibilidade-ao-reconhecimento-territorio-reparacao-e-voz-dos-mestres\/#primaryimage"
                    },
                    "thumbnailUrl": "https:\/\/i0.wp.com\/cultura.chapada.ba\/wp-content\/uploads\/2026\/04\/WhatsApp-Image-2026-04-26-at-16.58.05.jpeg-m9.jpeg?resize=576%2C1024&amp;ssl=1",
                    "keywords": [
                        "Chapada Diamantina"
                    ],
                    "inLanguage": "en-US",
                    "potentialAction": [
                        {
                            "@type": "CommentAction",
                            "name": "Comment",
                            "target": [
                                "https:\/\/bahia.culturaviva.net.br\/variedades\/da-invisibilidade-ao-reconhecimento-territorio-reparacao-e-voz-dos-mestres\/#respond"
                            ]
                        }
                    ]
                },
                {
                    "@type": "WebPage",
                    "@id": "https:\/\/bahia.culturaviva.net.br\/variedades\/da-invisibilidade-ao-reconhecimento-territorio-reparacao-e-voz-dos-mestres\/",
                    "url": "https:\/\/bahia.culturaviva.net.br\/variedades\/da-invisibilidade-ao-reconhecimento-territorio-reparacao-e-voz-dos-mestres\/",
                    "name": "DA INVISIBILIDADE AO RECONHECIMENTO: TERRIT\u00d3RIO, REPARA\u00c7\u00c3O E VOZ DOS MESTRES - Rede Cultura Viva da Bahia",
                    "isPartOf": {
                        "@id": "https:\/\/bahia.culturaviva.net.br\/#website"
                    },
                    "primaryImageOfPage": {
                        "@id": "https:\/\/bahia.culturaviva.net.br\/variedades\/da-invisibilidade-ao-reconhecimento-territorio-reparacao-e-voz-dos-mestres\/#primaryimage"
                    },
                    "image": {
                        "@id": "https:\/\/bahia.culturaviva.net.br\/variedades\/da-invisibilidade-ao-reconhecimento-territorio-reparacao-e-voz-dos-mestres\/#primaryimage"
                    },
                    "thumbnailUrl": "https:\/\/i0.wp.com\/cultura.chapada.ba\/wp-content\/uploads\/2026\/04\/WhatsApp-Image-2026-04-26-at-16.58.05.jpeg-m9.jpeg?resize=576%2C1024&amp;ssl=1",
                    "datePublished": "2026-04-26T20:30:00+00:00",
                    "breadcrumb": {
                        "@id": "https:\/\/bahia.culturaviva.net.br\/variedades\/da-invisibilidade-ao-reconhecimento-territorio-reparacao-e-voz-dos-mestres\/#breadcrumb"
                    },
                    "inLanguage": "en-US",
                    "potentialAction": [
                        {
                            "@type": "ReadAction",
                            "target": [
                                "https:\/\/bahia.culturaviva.net.br\/variedades\/da-invisibilidade-ao-reconhecimento-territorio-reparacao-e-voz-dos-mestres\/"
                            ]
                        }
                    ]
                },
                {
                    "@type": "ImageObject",
                    "inLanguage": "en-US",
                    "@id": "https:\/\/bahia.culturaviva.net.br\/variedades\/da-invisibilidade-ao-reconhecimento-territorio-reparacao-e-voz-dos-mestres\/#primaryimage",
                    "url": "https:\/\/i0.wp.com\/cultura.chapada.ba\/wp-content\/uploads\/2026\/04\/WhatsApp-Image-2026-04-26-at-16.58.05.jpeg-m9.jpeg?resize=576%2C1024&amp;ssl=1",
                    "contentUrl": "https:\/\/i0.wp.com\/cultura.chapada.ba\/wp-content\/uploads\/2026\/04\/WhatsApp-Image-2026-04-26-at-16.58.05.jpeg-m9.jpeg?resize=576%2C1024&amp;ssl=1"
                },
                {
                    "@type": "BreadcrumbList",
                    "@id": "https:\/\/bahia.culturaviva.net.br\/variedades\/da-invisibilidade-ao-reconhecimento-territorio-reparacao-e-voz-dos-mestres\/#breadcrumb",
                    "itemListElement": [
                        {
                            "@type": "ListItem",
                            "position": 1,
                            "name": "In\u00edcio",
                            "item": "https:\/\/bahia.culturaviva.net.br\/"
                        },
                        {
                            "@type": "ListItem",
                            "position": 2,
                            "name": "DA INVISIBILIDADE AO RECONHECIMENTO: TERRIT\u00d3RIO, REPARA\u00c7\u00c3O E VOZ DOS MESTRES"
                        }
                    ]
                },
                {
                    "@type": "WebSite",
                    "@id": "https:\/\/bahia.culturaviva.net.br\/#website",
                    "url": "https:\/\/bahia.culturaviva.net.br\/",
                    "name": "Rede Cultura Viva da Bahia",
                    "description": "Espa\u00e7o para Acervo, Informa\u00e7\u00e3o e Participa\u00e7\u00e3o Social da Rede de Pontos de Cultura da Bahia",
                    "publisher": {
                        "@id": "https:\/\/bahia.culturaviva.net.br\/#organization"
                    },
                    "potentialAction": [
                        {
                            "@type": "SearchAction",
                            "target": {
                                "@type": "EntryPoint",
                                "urlTemplate": "https:\/\/bahia.culturaviva.net.br\/?s={search_term_string}"
                            },
                            "query-input": {
                                "@type": "PropertyValueSpecification",
                                "valueRequired": true,
                                "valueName": "search_term_string"
                            }
                        }
                    ],
                    "inLanguage": "en-US"
                },
                {
                    "@type": "Organization",
                    "@id": "https:\/\/bahia.culturaviva.net.br\/#organization",
                    "name": "Rede Cultura Viva da Bahia",
                    "url": "https:\/\/bahia.culturaviva.net.br\/",
                    "logo": {
                        "@type": "ImageObject",
                        "inLanguage": "en-US",
                        "@id": "https:\/\/bahia.culturaviva.net.br\/#\/schema\/logo\/image\/",
                        "url": "https:\/\/bahia.culturaviva.net.br\/wp-content\/uploads\/2025\/11\/logo-plataforma-culturaviva-bahia-branco.png",
                        "contentUrl": "https:\/\/bahia.culturaviva.net.br\/wp-content\/uploads\/2025\/11\/logo-plataforma-culturaviva-bahia-branco.png",
                        "width": 628,
                        "height": 652,
                        "caption": "Rede Cultura Viva da Bahia"
                    },
                    "image": {
                        "@id": "https:\/\/bahia.culturaviva.net.br\/#\/schema\/logo\/image\/"
                    }
                },
                {
                    "@type": "Person",
                    "@id": "https:\/\/bahia.culturaviva.net.br\/#\/schema\/person\/35c36cd27181b85d03202236583bfaa1",
                    "name": "bahia_admin",
                    "image": {
                        "@type": "ImageObject",
                        "inLanguage": "en-US",
                        "@id": "https:\/\/secure.gravatar.com\/avatar\/f7d712956d3d145b4bc1a972f4e32b29dca00b96e04cbbc7a8abdde0832777a1?s=96&d=mm&r=g",
                        "url": "https:\/\/secure.gravatar.com\/avatar\/f7d712956d3d145b4bc1a972f4e32b29dca00b96e04cbbc7a8abdde0832777a1?s=96&d=mm&r=g",
                        "contentUrl": "https:\/\/secure.gravatar.com\/avatar\/f7d712956d3d145b4bc1a972f4e32b29dca00b96e04cbbc7a8abdde0832777a1?s=96&d=mm&r=g",
                        "caption": "bahia_admin"
                    },
                    "sameAs": [
                        "https:\/\/bahia.culturaviva.net.br"
                    ],
                    "url": "https:\/\/bahia.culturaviva.net.br\/en\/author\/bahia_admin\/"
                }
            ]
        }
    },
    "_links": {
        "self": [
            {
                "href": "https:\/\/bahia.culturaviva.net.br\/en\/wp-json\/wp\/v2\/posts\/2271",
                "targetHints": {
                    "allow": [
                        "GET"
                    ]
                }
            }
        ],
        "collection": [
            {
                "href": "https:\/\/bahia.culturaviva.net.br\/en\/wp-json\/wp\/v2\/posts"
            }
        ],
        "about": [
            {
                "href": "https:\/\/bahia.culturaviva.net.br\/en\/wp-json\/wp\/v2\/types\/post"
            }
        ],
        "author": [
            {
                "embeddable": true,
                "href": "https:\/\/bahia.culturaviva.net.br\/en\/wp-json\/wp\/v2\/users\/1"
            }
        ],
        "replies": [
            {
                "embeddable": true,
                "href": "https:\/\/bahia.culturaviva.net.br\/en\/wp-json\/wp\/v2\/comments?post=2271"
            }
        ],
        "version-history": [
            {
                "count": 0,
                "href": "https:\/\/bahia.culturaviva.net.br\/en\/wp-json\/wp\/v2\/posts\/2271\/revisions"
            }
        ],
        "wp:attachment": [
            {
                "href": "https:\/\/bahia.culturaviva.net.br\/en\/wp-json\/wp\/v2\/media?parent=2271"
            }
        ],
        "wp:term": [
            {
                "taxonomy": "category",
                "embeddable": true,
                "href": "https:\/\/bahia.culturaviva.net.br\/en\/wp-json\/wp\/v2\/categories?post=2271"
            },
            {
                "taxonomy": "post_tag",
                "embeddable": true,
                "href": "https:\/\/bahia.culturaviva.net.br\/en\/wp-json\/wp\/v2\/tags?post=2271"
            }
        ],
        "curies": [
            {
                "name": "wp",
                "href": "https:\/\/api.w.org\/{rel}",
                "templated": true
            }
        ]
    }
}