{
    "id": 2273,
    "date": "2026-04-29T09:05:27",
    "date_gmt": "2026-04-29T12:05:27",
    "guid": {
        "rendered": "https:\/\/bahia.culturaviva.net.br\/variedades\/territorio-ancestralidade-e-direitos-a-voz-dos-povos-na-construcao-da-cidadania\/"
    },
    "modified": "2026-04-29T09:05:27",
    "modified_gmt": "2026-04-29T12:05:27",
    "slug": "territorio-ancestralidade-e-direitos-a-voz-dos-povos-na-construcao-da-cidadania",
    "status": "publish",
    "type": "post",
    "link": "https:\/\/bahia.culturaviva.net.br\/en\/variedades\/territorio-ancestralidade-e-direitos-a-voz-dos-povos-na-construcao-da-cidadania\/",
    "title": {
        "rendered": "TERRIT\u00d3RIO, ANCESTRALIDADE E DIREITOS: A VOZ DOS POVOS NA CONSTRU\u00c7\u00c3O DA CIDADANIA"
    },
    "content": {
        "rendered": "<div class=\"wp-block-group is-layout-grid wp-container-core-group-is-layout-478b6e6b wp-block-group-is-layout-grid\">\n<figure class=\"wp-block-image size-large\"><img loading=\"lazy\" decoding=\"async\" data-recalc-dims=\"1\" width=\"859\" height=\"1024\" src=\"https:\/\/i0.wp.com\/cultura.chapada.ba\/wp-content\/uploads\/2026\/04\/IMG-20260423-WA0458.jpg?resize=859%2C1024&amp;ssl=1\" alt=\"\" class=\"wp-image-9572\" \/><\/figure>\n<figure class=\"wp-block-image size-large\"><img loading=\"lazy\" decoding=\"async\" data-recalc-dims=\"1\" width=\"931\" height=\"1024\" src=\"https:\/\/i0.wp.com\/cultura.chapada.ba\/wp-content\/uploads\/2026\/04\/IMG-20260405-WA00371.jpg?resize=931%2C1024&amp;ssl=1\" alt=\"\" class=\"wp-image-9574\" \/><\/figure>\n<figure class=\"wp-block-image size-large wp-container-content-69bc4bdf\"><img loading=\"lazy\" decoding=\"async\" data-recalc-dims=\"1\" width=\"1024\" height=\"1024\" src=\"https:\/\/i0.wp.com\/cultura.chapada.ba\/wp-content\/uploads\/2026\/04\/IMG-20260428-WA0512-2.jpg?resize=1024%2C1024&amp;ssl=1\" alt=\"\" class=\"wp-image-9575\" \/><\/figure>\n<\/div>\n<p class=\"has-medium-font-size\">Nos dias 23 e 24 de abril de 2026, em Feira de Santana (BA), foi realizado o 1\u00ba Encontro Macroterritorial do Litoral Norte e Agreste Leste Baiano, reunindo representa\u00e7\u00f5es institucionais, movimentos sociais e lideran\u00e7as comunit\u00e1rias em um espa\u00e7o de di\u00e1logo, escuta e constru\u00e7\u00e3o coletiva de pol\u00edticas p\u00fablicas.<br \/>O Il\u00ea Ax\u00e9 Od\u00e9 Ob\u00e1 K\u00eatu, sob a lideran\u00e7a da Iyalorix\u00e1 Professora Raimunda, esteve presente de forma ativa e leg\u00edtima, representando n\u00e3o apenas a religi\u00e3o de matriz africana, mas tamb\u00e9m a for\u00e7a organizada da sociedade civil do munic\u00edpio de Acajutiba\/BA e do territ\u00f3rio LNAB-18.<br \/>Mais do que participa\u00e7\u00e3o, o Il\u00ea reafirmou um princ\u00edpio fundamental:<br \/>n\u00e3o h\u00e1 desenvolvimento territorial sem reconhecimento dos saberes ancestrais, sem respeito \u00e0s comunidades tradicionais e sem equidade social concreta.<br \/>DO DI\u00c1LOGO \u00c0 POSI\u00c7\u00c3O POL\u00cdTICA DO TERRIT\u00d3RIO<br \/>O encontro trouxe \u00e0 tona avalia\u00e7\u00f5es sobre a execu\u00e7\u00e3o das pol\u00edticas p\u00fablicas nos territ\u00f3rios, evidenciando avan\u00e7os, mas tamb\u00e9m desigualdades estruturais que ainda persistem sobretudo nos territ\u00f3rios quilombolas, ind\u00edgenas e nas periferias urbanas.<br \/>Nesse contexto, o Il\u00ea Ax\u00e9 Od\u00e9 Ob\u00e1 K\u00eatu contribuiu com uma leitura estrat\u00e9gica:<br \/>A pol\u00edtica p\u00fablica precisa sair do papel e chegar na vida real das comunidades;<br \/>A equidade n\u00e3o pode ser discurso precisa ser crit\u00e9rio de distribui\u00e7\u00e3o de recursos;<br \/>Os saberes tradicionais n\u00e3o s\u00e3o complementares s\u00e3o estruturantes para o desenvolvimento territorial;<br \/>A participa\u00e7\u00e3o social precisa ser qualificada, respeitada e vinculada \u00e0 tomada de decis\u00e3o.<br \/>JUVENTUDE, ANCESTRALIDADE E FUTURO<br \/>Um dos pontos centrais do encontro foi a forma\u00e7\u00e3o de jovens lideran\u00e7as.<br \/>E aqui, o Il\u00ea refor\u00e7a algo essencial:<br \/>A juventude s\u00f3 se fortalece quando reconhece suas ra\u00edzes.<br \/>A presen\u00e7a de jovens nos espa\u00e7os de forma\u00e7\u00e3o e decis\u00e3o precisa dialogar com a ancestralidade, com a oralidade, com os mestres e mestras da cultura viva porque \u00e9 nesse encontro entre gera\u00e7\u00f5es que nasce um futuro com identidade e dire\u00e7\u00e3o.<br \/>SABERES TRADICIONAIS COMO BASE DE JUSTI\u00c7A SOCIAL<br \/>Durante as atividades, ficou evidente que os territ\u00f3rios carregam tecnologias sociais pr\u00f3prias muitas vezes invisibilizadas pelas estruturas formais do Estado.<br \/>O Il\u00ea Ax\u00e9 Od\u00e9 Ob\u00e1 K\u00eatu reafirma que:<br \/>Os terreiros s\u00e3o espa\u00e7os de educa\u00e7\u00e3o, sa\u00fade, cultura e organiza\u00e7\u00e3o comunit\u00e1ria;<br \/>As comunidades tradicionais produzem conhecimento leg\u00edtimo;<br \/>A valoriza\u00e7\u00e3o desses saberes \u00e9 caminho direto para a redu\u00e7\u00e3o das desigualdades.<br \/>CARTA DOS TERRIT\u00d3RIOS: MAIS QUE UM DOCUMENTO, UM CHAMADO<br \/>O encontro resultar\u00e1 na constru\u00e7\u00e3o da Carta das Macroterritoriais, instrumento que ser\u00e1 direcionado \u00e0s autoridades estaduais.<br \/>Mas, para al\u00e9m do documento formal, o que emerge \u00e9 um chamado coletivo:<br \/>Que o territ\u00f3rio seja ouvido n\u00e3o como objeto de pol\u00edtica, mas como sujeito de decis\u00e3o.<br \/>POSICIONAMENTO FINAL \u2013 IL\u00ca AX\u00c9 OD\u00c9 OB\u00c1 K\u00caTU<br \/>O Il\u00ea Ax\u00e9 Od\u00e9 Ob\u00e1 K\u00eatu reafirma seu compromisso com:<br \/>A defesa da equidade social;<br \/>A valoriza\u00e7\u00e3o dos saberes ancestrais;<br \/>A constru\u00e7\u00e3o de pol\u00edticas p\u00fablicas a partir da realidade dos territ\u00f3rios;<br \/>O fortalecimento da participa\u00e7\u00e3o popular como instrumento de transforma\u00e7\u00e3o.<br \/>Porque quando o territ\u00f3rio fala,<br \/>quando a ancestralidade guia,<br \/>e quando o povo ocupa os espa\u00e7os\u2026<br \/>a pol\u00edtica deixa de ser promessa e passa a ser transforma\u00e7\u00e3o.<br \/>\u201cQuem honra seus ancestrais nunca caminha sozinho.\u201d<br \/>Ad\u00fap\u1eb9\u0301! Ax\u00e9 o\u00f4\u00f4!<\/p>\n<figure class=\"wp-block-image alignleft size-large is-resized\"><img decoding=\"async\" data-recalc-dims=\"1\" loading=\"lazy\" width=\"576\" height=\"1024\" src=\"https:\/\/i0.wp.com\/cultura.chapada.ba\/wp-content\/uploads\/2026\/04\/IMG-20260423-WA0355.jpg?resize=576%2C1024&amp;ssl=1\" alt=\"\" class=\"wp-image-9576\" \/><\/figure>\n<div class=\"wp-block-stackable-columns stk-block-columns stk-block stk-3de2c1b\" data-block-id=\"3de2c1b\">\n<div class=\"stk-row stk-inner-blocks stk-block-content stk-content-align stk-3de2c1b-column\">\n<div class=\"wp-block-stackable-column stk-block-column stk-column stk-block stk-5c42d01\" data-v=\"4\" data-block-id=\"5c42d01\">\n<div class=\"stk-column-wrapper stk-block-column__content stk-container stk-5c42d01-container stk--no-background stk--no-padding\">\n<div class=\"stk-block-content stk-inner-blocks stk-5c42d01-inner-blocks\">\n<figure class=\"wp-block-image size-large is-resized\"><img decoding=\"async\" data-recalc-dims=\"1\" loading=\"lazy\" width=\"1024\" height=\"768\" src=\"https:\/\/i0.wp.com\/cultura.chapada.ba\/wp-content\/uploads\/2026\/04\/IMG-20260424-WA0017.jpg?resize=1024%2C768&amp;ssl=1\" alt=\"\" class=\"wp-image-9577\" \/><\/figure>\n<\/div>\n<\/div>\n<\/div>\n<\/div>\n<\/div>\n<p>Foto: PIMM <\/p>\n<p>Imagens: Il\u00ea Ax\u00e9 Od\u00e9 Ob\u00e1 k\u00eatu <\/p>\n<p>Mat\u00e9ria: CONESABR <\/p>\n<p>contato: conesabr@gmail.com | @conesabr.oficial | @pim_producao.eventos<\/p>\n<p>(75) 9883-4564<\/p>\n<p>#pimm #produ\u00e7\u00e3o #eventos #educac\u00e3odebase #intersetorialidade #quilombola #religi\u00e3o #matrizafricana #akilombar<\/p>\n\n<p>O post <a href=\"https:\/\/cultura.chapada.ba\/variedades\/saude\/territorio-ancestralidade-e-direitos-a-voz-dos-povos-na-construcao-da-cidadania\/\">TERRIT\u00d3RIO, ANCESTRALIDADE E DIREITOS: A VOZ DOS POVOS NA CONSTRU\u00c7\u00c3O DA CIDADANIA<\/a> apareceu primeiro em <a href=\"https:\/\/cultura.chapada.ba\/\">Rede Cultura Viva Chapada Diamantina<\/a>.<\/p>",
        "protected": false
    },
    "excerpt": {
        "rendered": "<p>TERRIT\u00d3RIO, ANCESTRALIDADE E DIREITOS: A VOZ DOS POVOS NA CONSTRU\u00c7\u00c3O DA CIDADANIA<\/p>",
        "protected": false
    },
    "author": 1,
    "featured_media": 0,
    "comment_status": "open",
    "ping_status": "open",
    "sticky": false,
    "template": "",
    "format": "standard",
    "meta": {
        "_acf_changed": false,
        "_gspb_post_css": "",
        "footnotes": ""
    },
    "categories": [],
    "tags": [
        55
    ],
    "class_list": [
        "post-2273",
        "post",
        "type-post",
        "status-publish",
        "format-standard",
        "has-post-thumbnail",
        "hentry",
        "tag-chapada-diamantina"
    ],
    "blocksy_meta": [],
    "acf": [],
    "yoast_head": "<!-- This site is optimized with the Yoast SEO plugin v27.3 - https:\/\/yoast.com\/product\/yoast-seo-wordpress\/ -->\n<title>TERRIT\u00d3RIO, ANCESTRALIDADE E DIREITOS: A VOZ DOS POVOS NA CONSTRU\u00c7\u00c3O DA CIDADANIA - Rede Cultura Viva da Bahia<\/title>\n<meta name=\"robots\" content=\"index, follow, max-snippet:-1, max-image-preview:large, max-video-preview:-1\" \/>\n<link rel=\"canonical\" href=\"https:\/\/bahia.culturaviva.net.br\/en\/variedades\/territorio-ancestralidade-e-direitos-a-voz-dos-povos-na-construcao-da-cidadania\/\" \/>\n<meta property=\"og:locale\" content=\"en_US\" \/>\n<meta property=\"og:type\" content=\"article\" \/>\n<meta property=\"og:title\" content=\"TERRIT\u00d3RIO, ANCESTRALIDADE E DIREITOS: A VOZ DOS POVOS NA CONSTRU\u00c7\u00c3O DA CIDADANIA - Rede Cultura Viva da Bahia\" \/>\n<meta property=\"og:description\" content=\"TERRIT\u00d3RIO, ANCESTRALIDADE E DIREITOS: A VOZ DOS POVOS NA CONSTRU\u00c7\u00c3O DA CIDADANIA\" \/>\n<meta property=\"og:url\" content=\"https:\/\/bahia.culturaviva.net.br\/en\/variedades\/territorio-ancestralidade-e-direitos-a-voz-dos-povos-na-construcao-da-cidadania\/\" \/>\n<meta property=\"og:site_name\" content=\"Rede Cultura Viva da Bahia\" \/>\n<meta property=\"article:published_time\" content=\"2026-04-29T12:05:27+00:00\" \/>\n<meta name=\"author\" content=\"bahia_admin\" \/>\n<meta name=\"twitter:card\" content=\"summary_large_image\" \/>\n<meta name=\"twitter:label1\" content=\"Written by\" \/>\n\t<meta name=\"twitter:data1\" content=\"bahia_admin\" \/>\n\t<meta name=\"twitter:label2\" content=\"Est. reading time\" \/>\n\t<meta name=\"twitter:data2\" content=\"3 minutes\" \/>\n<script type=\"application\/ld+json\" class=\"yoast-schema-graph\">{\"@context\":\"https:\\\/\\\/schema.org\",\"@graph\":[{\"@type\":\"Article\",\"@id\":\"https:\\\/\\\/bahia.culturaviva.net.br\\\/variedades\\\/territorio-ancestralidade-e-direitos-a-voz-dos-povos-na-construcao-da-cidadania\\\/#article\",\"isPartOf\":{\"@id\":\"https:\\\/\\\/bahia.culturaviva.net.br\\\/variedades\\\/territorio-ancestralidade-e-direitos-a-voz-dos-povos-na-construcao-da-cidadania\\\/\"},\"author\":{\"name\":\"bahia_admin\",\"@id\":\"https:\\\/\\\/bahia.culturaviva.net.br\\\/#\\\/schema\\\/person\\\/35c36cd27181b85d03202236583bfaa1\"},\"headline\":\"TERRIT\u00d3RIO, ANCESTRALIDADE E DIREITOS: A VOZ DOS POVOS NA CONSTRU\u00c7\u00c3O DA CIDADANIA\",\"datePublished\":\"2026-04-29T12:05:27+00:00\",\"mainEntityOfPage\":{\"@id\":\"https:\\\/\\\/bahia.culturaviva.net.br\\\/variedades\\\/territorio-ancestralidade-e-direitos-a-voz-dos-povos-na-construcao-da-cidadania\\\/\"},\"wordCount\":644,\"commentCount\":0,\"publisher\":{\"@id\":\"https:\\\/\\\/bahia.culturaviva.net.br\\\/#organization\"},\"image\":{\"@id\":\"https:\\\/\\\/bahia.culturaviva.net.br\\\/variedades\\\/territorio-ancestralidade-e-direitos-a-voz-dos-povos-na-construcao-da-cidadania\\\/#primaryimage\"},\"thumbnailUrl\":\"https:\\\/\\\/i0.wp.com\\\/cultura.chapada.ba\\\/wp-content\\\/uploads\\\/2026\\\/04\\\/IMG-20260423-WA0458.jpg?resize=859%2C1024&amp;ssl=1\",\"keywords\":[\"Chapada Diamantina\"],\"inLanguage\":\"en-US\",\"potentialAction\":[{\"@type\":\"CommentAction\",\"name\":\"Comment\",\"target\":[\"https:\\\/\\\/bahia.culturaviva.net.br\\\/variedades\\\/territorio-ancestralidade-e-direitos-a-voz-dos-povos-na-construcao-da-cidadania\\\/#respond\"]}]},{\"@type\":\"WebPage\",\"@id\":\"https:\\\/\\\/bahia.culturaviva.net.br\\\/variedades\\\/territorio-ancestralidade-e-direitos-a-voz-dos-povos-na-construcao-da-cidadania\\\/\",\"url\":\"https:\\\/\\\/bahia.culturaviva.net.br\\\/variedades\\\/territorio-ancestralidade-e-direitos-a-voz-dos-povos-na-construcao-da-cidadania\\\/\",\"name\":\"TERRIT\u00d3RIO, ANCESTRALIDADE E DIREITOS: A VOZ DOS POVOS NA CONSTRU\u00c7\u00c3O DA CIDADANIA - Rede Cultura Viva da Bahia\",\"isPartOf\":{\"@id\":\"https:\\\/\\\/bahia.culturaviva.net.br\\\/#website\"},\"primaryImageOfPage\":{\"@id\":\"https:\\\/\\\/bahia.culturaviva.net.br\\\/variedades\\\/territorio-ancestralidade-e-direitos-a-voz-dos-povos-na-construcao-da-cidadania\\\/#primaryimage\"},\"image\":{\"@id\":\"https:\\\/\\\/bahia.culturaviva.net.br\\\/variedades\\\/territorio-ancestralidade-e-direitos-a-voz-dos-povos-na-construcao-da-cidadania\\\/#primaryimage\"},\"thumbnailUrl\":\"https:\\\/\\\/i0.wp.com\\\/cultura.chapada.ba\\\/wp-content\\\/uploads\\\/2026\\\/04\\\/IMG-20260423-WA0458.jpg?resize=859%2C1024&amp;ssl=1\",\"datePublished\":\"2026-04-29T12:05:27+00:00\",\"breadcrumb\":{\"@id\":\"https:\\\/\\\/bahia.culturaviva.net.br\\\/variedades\\\/territorio-ancestralidade-e-direitos-a-voz-dos-povos-na-construcao-da-cidadania\\\/#breadcrumb\"},\"inLanguage\":\"en-US\",\"potentialAction\":[{\"@type\":\"ReadAction\",\"target\":[\"https:\\\/\\\/bahia.culturaviva.net.br\\\/variedades\\\/territorio-ancestralidade-e-direitos-a-voz-dos-povos-na-construcao-da-cidadania\\\/\"]}]},{\"@type\":\"ImageObject\",\"inLanguage\":\"en-US\",\"@id\":\"https:\\\/\\\/bahia.culturaviva.net.br\\\/variedades\\\/territorio-ancestralidade-e-direitos-a-voz-dos-povos-na-construcao-da-cidadania\\\/#primaryimage\",\"url\":\"https:\\\/\\\/i0.wp.com\\\/cultura.chapada.ba\\\/wp-content\\\/uploads\\\/2026\\\/04\\\/IMG-20260423-WA0458.jpg?resize=859%2C1024&amp;ssl=1\",\"contentUrl\":\"https:\\\/\\\/i0.wp.com\\\/cultura.chapada.ba\\\/wp-content\\\/uploads\\\/2026\\\/04\\\/IMG-20260423-WA0458.jpg?resize=859%2C1024&amp;ssl=1\"},{\"@type\":\"BreadcrumbList\",\"@id\":\"https:\\\/\\\/bahia.culturaviva.net.br\\\/variedades\\\/territorio-ancestralidade-e-direitos-a-voz-dos-povos-na-construcao-da-cidadania\\\/#breadcrumb\",\"itemListElement\":[{\"@type\":\"ListItem\",\"position\":1,\"name\":\"In\u00edcio\",\"item\":\"https:\\\/\\\/bahia.culturaviva.net.br\\\/\"},{\"@type\":\"ListItem\",\"position\":2,\"name\":\"TERRIT\u00d3RIO, ANCESTRALIDADE E DIREITOS: A VOZ DOS POVOS NA CONSTRU\u00c7\u00c3O DA CIDADANIA\"}]},{\"@type\":\"WebSite\",\"@id\":\"https:\\\/\\\/bahia.culturaviva.net.br\\\/#website\",\"url\":\"https:\\\/\\\/bahia.culturaviva.net.br\\\/\",\"name\":\"Rede Cultura Viva da Bahia\",\"description\":\"Espa\u00e7o para Acervo, Informa\u00e7\u00e3o e Participa\u00e7\u00e3o Social da Rede de Pontos de Cultura da Bahia\",\"publisher\":{\"@id\":\"https:\\\/\\\/bahia.culturaviva.net.br\\\/#organization\"},\"potentialAction\":[{\"@type\":\"SearchAction\",\"target\":{\"@type\":\"EntryPoint\",\"urlTemplate\":\"https:\\\/\\\/bahia.culturaviva.net.br\\\/?s={search_term_string}\"},\"query-input\":{\"@type\":\"PropertyValueSpecification\",\"valueRequired\":true,\"valueName\":\"search_term_string\"}}],\"inLanguage\":\"en-US\"},{\"@type\":\"Organization\",\"@id\":\"https:\\\/\\\/bahia.culturaviva.net.br\\\/#organization\",\"name\":\"Rede Cultura Viva da Bahia\",\"url\":\"https:\\\/\\\/bahia.culturaviva.net.br\\\/\",\"logo\":{\"@type\":\"ImageObject\",\"inLanguage\":\"en-US\",\"@id\":\"https:\\\/\\\/bahia.culturaviva.net.br\\\/#\\\/schema\\\/logo\\\/image\\\/\",\"url\":\"https:\\\/\\\/bahia.culturaviva.net.br\\\/wp-content\\\/uploads\\\/2025\\\/11\\\/logo-plataforma-culturaviva-bahia-branco.png\",\"contentUrl\":\"https:\\\/\\\/bahia.culturaviva.net.br\\\/wp-content\\\/uploads\\\/2025\\\/11\\\/logo-plataforma-culturaviva-bahia-branco.png\",\"width\":628,\"height\":652,\"caption\":\"Rede Cultura Viva da Bahia\"},\"image\":{\"@id\":\"https:\\\/\\\/bahia.culturaviva.net.br\\\/#\\\/schema\\\/logo\\\/image\\\/\"}},{\"@type\":\"Person\",\"@id\":\"https:\\\/\\\/bahia.culturaviva.net.br\\\/#\\\/schema\\\/person\\\/35c36cd27181b85d03202236583bfaa1\",\"name\":\"bahia_admin\",\"image\":{\"@type\":\"ImageObject\",\"inLanguage\":\"en-US\",\"@id\":\"https:\\\/\\\/secure.gravatar.com\\\/avatar\\\/f7d712956d3d145b4bc1a972f4e32b29dca00b96e04cbbc7a8abdde0832777a1?s=96&d=mm&r=g\",\"url\":\"https:\\\/\\\/secure.gravatar.com\\\/avatar\\\/f7d712956d3d145b4bc1a972f4e32b29dca00b96e04cbbc7a8abdde0832777a1?s=96&d=mm&r=g\",\"contentUrl\":\"https:\\\/\\\/secure.gravatar.com\\\/avatar\\\/f7d712956d3d145b4bc1a972f4e32b29dca00b96e04cbbc7a8abdde0832777a1?s=96&d=mm&r=g\",\"caption\":\"bahia_admin\"},\"sameAs\":[\"https:\\\/\\\/bahia.culturaviva.net.br\"],\"url\":\"https:\\\/\\\/bahia.culturaviva.net.br\\\/en\\\/author\\\/bahia_admin\\\/\"}]}<\/script>\n<!-- \/ Yoast SEO plugin. -->",
    "yoast_head_json": {
        "title": "TERRIT\u00d3RIO, ANCESTRALIDADE E DIREITOS: A VOZ DOS POVOS NA CONSTRU\u00c7\u00c3O DA CIDADANIA - Rede Cultura Viva da Bahia",
        "robots": {
            "index": "index",
            "follow": "follow",
            "max-snippet": "max-snippet:-1",
            "max-image-preview": "max-image-preview:large",
            "max-video-preview": "max-video-preview:-1"
        },
        "canonical": "https:\/\/bahia.culturaviva.net.br\/en\/variedades\/territorio-ancestralidade-e-direitos-a-voz-dos-povos-na-construcao-da-cidadania\/",
        "og_locale": "en_US",
        "og_type": "article",
        "og_title": "TERRIT\u00d3RIO, ANCESTRALIDADE E DIREITOS: A VOZ DOS POVOS NA CONSTRU\u00c7\u00c3O DA CIDADANIA - Rede Cultura Viva da Bahia",
        "og_description": "TERRIT\u00d3RIO, ANCESTRALIDADE E DIREITOS: A VOZ DOS POVOS NA CONSTRU\u00c7\u00c3O DA CIDADANIA",
        "og_url": "https:\/\/bahia.culturaviva.net.br\/en\/variedades\/territorio-ancestralidade-e-direitos-a-voz-dos-povos-na-construcao-da-cidadania\/",
        "og_site_name": "Rede Cultura Viva da Bahia",
        "article_published_time": "2026-04-29T12:05:27+00:00",
        "author": "bahia_admin",
        "twitter_card": "summary_large_image",
        "twitter_misc": {
            "Written by": "bahia_admin",
            "Est. reading time": "3 minutes"
        },
        "schema": {
            "@context": "https:\/\/schema.org",
            "@graph": [
                {
                    "@type": "Article",
                    "@id": "https:\/\/bahia.culturaviva.net.br\/variedades\/territorio-ancestralidade-e-direitos-a-voz-dos-povos-na-construcao-da-cidadania\/#article",
                    "isPartOf": {
                        "@id": "https:\/\/bahia.culturaviva.net.br\/variedades\/territorio-ancestralidade-e-direitos-a-voz-dos-povos-na-construcao-da-cidadania\/"
                    },
                    "author": {
                        "name": "bahia_admin",
                        "@id": "https:\/\/bahia.culturaviva.net.br\/#\/schema\/person\/35c36cd27181b85d03202236583bfaa1"
                    },
                    "headline": "TERRIT\u00d3RIO, ANCESTRALIDADE E DIREITOS: A VOZ DOS POVOS NA CONSTRU\u00c7\u00c3O DA CIDADANIA",
                    "datePublished": "2026-04-29T12:05:27+00:00",
                    "mainEntityOfPage": {
                        "@id": "https:\/\/bahia.culturaviva.net.br\/variedades\/territorio-ancestralidade-e-direitos-a-voz-dos-povos-na-construcao-da-cidadania\/"
                    },
                    "wordCount": 644,
                    "commentCount": 0,
                    "publisher": {
                        "@id": "https:\/\/bahia.culturaviva.net.br\/#organization"
                    },
                    "image": {
                        "@id": "https:\/\/bahia.culturaviva.net.br\/variedades\/territorio-ancestralidade-e-direitos-a-voz-dos-povos-na-construcao-da-cidadania\/#primaryimage"
                    },
                    "thumbnailUrl": "https:\/\/i0.wp.com\/cultura.chapada.ba\/wp-content\/uploads\/2026\/04\/IMG-20260423-WA0458.jpg?resize=859%2C1024&amp;ssl=1",
                    "keywords": [
                        "Chapada Diamantina"
                    ],
                    "inLanguage": "en-US",
                    "potentialAction": [
                        {
                            "@type": "CommentAction",
                            "name": "Comment",
                            "target": [
                                "https:\/\/bahia.culturaviva.net.br\/variedades\/territorio-ancestralidade-e-direitos-a-voz-dos-povos-na-construcao-da-cidadania\/#respond"
                            ]
                        }
                    ]
                },
                {
                    "@type": "WebPage",
                    "@id": "https:\/\/bahia.culturaviva.net.br\/variedades\/territorio-ancestralidade-e-direitos-a-voz-dos-povos-na-construcao-da-cidadania\/",
                    "url": "https:\/\/bahia.culturaviva.net.br\/variedades\/territorio-ancestralidade-e-direitos-a-voz-dos-povos-na-construcao-da-cidadania\/",
                    "name": "TERRIT\u00d3RIO, ANCESTRALIDADE E DIREITOS: A VOZ DOS POVOS NA CONSTRU\u00c7\u00c3O DA CIDADANIA - Rede Cultura Viva da Bahia",
                    "isPartOf": {
                        "@id": "https:\/\/bahia.culturaviva.net.br\/#website"
                    },
                    "primaryImageOfPage": {
                        "@id": "https:\/\/bahia.culturaviva.net.br\/variedades\/territorio-ancestralidade-e-direitos-a-voz-dos-povos-na-construcao-da-cidadania\/#primaryimage"
                    },
                    "image": {
                        "@id": "https:\/\/bahia.culturaviva.net.br\/variedades\/territorio-ancestralidade-e-direitos-a-voz-dos-povos-na-construcao-da-cidadania\/#primaryimage"
                    },
                    "thumbnailUrl": "https:\/\/i0.wp.com\/cultura.chapada.ba\/wp-content\/uploads\/2026\/04\/IMG-20260423-WA0458.jpg?resize=859%2C1024&amp;ssl=1",
                    "datePublished": "2026-04-29T12:05:27+00:00",
                    "breadcrumb": {
                        "@id": "https:\/\/bahia.culturaviva.net.br\/variedades\/territorio-ancestralidade-e-direitos-a-voz-dos-povos-na-construcao-da-cidadania\/#breadcrumb"
                    },
                    "inLanguage": "en-US",
                    "potentialAction": [
                        {
                            "@type": "ReadAction",
                            "target": [
                                "https:\/\/bahia.culturaviva.net.br\/variedades\/territorio-ancestralidade-e-direitos-a-voz-dos-povos-na-construcao-da-cidadania\/"
                            ]
                        }
                    ]
                },
                {
                    "@type": "ImageObject",
                    "inLanguage": "en-US",
                    "@id": "https:\/\/bahia.culturaviva.net.br\/variedades\/territorio-ancestralidade-e-direitos-a-voz-dos-povos-na-construcao-da-cidadania\/#primaryimage",
                    "url": "https:\/\/i0.wp.com\/cultura.chapada.ba\/wp-content\/uploads\/2026\/04\/IMG-20260423-WA0458.jpg?resize=859%2C1024&amp;ssl=1",
                    "contentUrl": "https:\/\/i0.wp.com\/cultura.chapada.ba\/wp-content\/uploads\/2026\/04\/IMG-20260423-WA0458.jpg?resize=859%2C1024&amp;ssl=1"
                },
                {
                    "@type": "BreadcrumbList",
                    "@id": "https:\/\/bahia.culturaviva.net.br\/variedades\/territorio-ancestralidade-e-direitos-a-voz-dos-povos-na-construcao-da-cidadania\/#breadcrumb",
                    "itemListElement": [
                        {
                            "@type": "ListItem",
                            "position": 1,
                            "name": "In\u00edcio",
                            "item": "https:\/\/bahia.culturaviva.net.br\/"
                        },
                        {
                            "@type": "ListItem",
                            "position": 2,
                            "name": "TERRIT\u00d3RIO, ANCESTRALIDADE E DIREITOS: A VOZ DOS POVOS NA CONSTRU\u00c7\u00c3O DA CIDADANIA"
                        }
                    ]
                },
                {
                    "@type": "WebSite",
                    "@id": "https:\/\/bahia.culturaviva.net.br\/#website",
                    "url": "https:\/\/bahia.culturaviva.net.br\/",
                    "name": "Rede Cultura Viva da Bahia",
                    "description": "Espa\u00e7o para Acervo, Informa\u00e7\u00e3o e Participa\u00e7\u00e3o Social da Rede de Pontos de Cultura da Bahia",
                    "publisher": {
                        "@id": "https:\/\/bahia.culturaviva.net.br\/#organization"
                    },
                    "potentialAction": [
                        {
                            "@type": "SearchAction",
                            "target": {
                                "@type": "EntryPoint",
                                "urlTemplate": "https:\/\/bahia.culturaviva.net.br\/?s={search_term_string}"
                            },
                            "query-input": {
                                "@type": "PropertyValueSpecification",
                                "valueRequired": true,
                                "valueName": "search_term_string"
                            }
                        }
                    ],
                    "inLanguage": "en-US"
                },
                {
                    "@type": "Organization",
                    "@id": "https:\/\/bahia.culturaviva.net.br\/#organization",
                    "name": "Rede Cultura Viva da Bahia",
                    "url": "https:\/\/bahia.culturaviva.net.br\/",
                    "logo": {
                        "@type": "ImageObject",
                        "inLanguage": "en-US",
                        "@id": "https:\/\/bahia.culturaviva.net.br\/#\/schema\/logo\/image\/",
                        "url": "https:\/\/bahia.culturaviva.net.br\/wp-content\/uploads\/2025\/11\/logo-plataforma-culturaviva-bahia-branco.png",
                        "contentUrl": "https:\/\/bahia.culturaviva.net.br\/wp-content\/uploads\/2025\/11\/logo-plataforma-culturaviva-bahia-branco.png",
                        "width": 628,
                        "height": 652,
                        "caption": "Rede Cultura Viva da Bahia"
                    },
                    "image": {
                        "@id": "https:\/\/bahia.culturaviva.net.br\/#\/schema\/logo\/image\/"
                    }
                },
                {
                    "@type": "Person",
                    "@id": "https:\/\/bahia.culturaviva.net.br\/#\/schema\/person\/35c36cd27181b85d03202236583bfaa1",
                    "name": "bahia_admin",
                    "image": {
                        "@type": "ImageObject",
                        "inLanguage": "en-US",
                        "@id": "https:\/\/secure.gravatar.com\/avatar\/f7d712956d3d145b4bc1a972f4e32b29dca00b96e04cbbc7a8abdde0832777a1?s=96&d=mm&r=g",
                        "url": "https:\/\/secure.gravatar.com\/avatar\/f7d712956d3d145b4bc1a972f4e32b29dca00b96e04cbbc7a8abdde0832777a1?s=96&d=mm&r=g",
                        "contentUrl": "https:\/\/secure.gravatar.com\/avatar\/f7d712956d3d145b4bc1a972f4e32b29dca00b96e04cbbc7a8abdde0832777a1?s=96&d=mm&r=g",
                        "caption": "bahia_admin"
                    },
                    "sameAs": [
                        "https:\/\/bahia.culturaviva.net.br"
                    ],
                    "url": "https:\/\/bahia.culturaviva.net.br\/en\/author\/bahia_admin\/"
                }
            ]
        }
    },
    "_links": {
        "self": [
            {
                "href": "https:\/\/bahia.culturaviva.net.br\/en\/wp-json\/wp\/v2\/posts\/2273",
                "targetHints": {
                    "allow": [
                        "GET"
                    ]
                }
            }
        ],
        "collection": [
            {
                "href": "https:\/\/bahia.culturaviva.net.br\/en\/wp-json\/wp\/v2\/posts"
            }
        ],
        "about": [
            {
                "href": "https:\/\/bahia.culturaviva.net.br\/en\/wp-json\/wp\/v2\/types\/post"
            }
        ],
        "author": [
            {
                "embeddable": true,
                "href": "https:\/\/bahia.culturaviva.net.br\/en\/wp-json\/wp\/v2\/users\/1"
            }
        ],
        "replies": [
            {
                "embeddable": true,
                "href": "https:\/\/bahia.culturaviva.net.br\/en\/wp-json\/wp\/v2\/comments?post=2273"
            }
        ],
        "version-history": [
            {
                "count": 0,
                "href": "https:\/\/bahia.culturaviva.net.br\/en\/wp-json\/wp\/v2\/posts\/2273\/revisions"
            }
        ],
        "wp:attachment": [
            {
                "href": "https:\/\/bahia.culturaviva.net.br\/en\/wp-json\/wp\/v2\/media?parent=2273"
            }
        ],
        "wp:term": [
            {
                "taxonomy": "category",
                "embeddable": true,
                "href": "https:\/\/bahia.culturaviva.net.br\/en\/wp-json\/wp\/v2\/categories?post=2273"
            },
            {
                "taxonomy": "post_tag",
                "embeddable": true,
                "href": "https:\/\/bahia.culturaviva.net.br\/en\/wp-json\/wp\/v2\/tags?post=2273"
            }
        ],
        "curies": [
            {
                "name": "wp",
                "href": "https:\/\/api.w.org\/{rel}",
                "templated": true
            }
        ]
    }
}