{"id":1196,"date":"2025-11-10T18:21:47","date_gmt":"2025-11-10T18:21:47","guid":{"rendered":"https:\/\/bahia.culturaviva.net.br\/?p=1196"},"modified":"2025-11-26T16:29:23","modified_gmt":"2025-11-26T19:29:23","slug":"morro-do-chapeu-e-o-primeiro-destino-do-projeto-piloto-visite-a-bahia","status":"publish","type":"post","link":"https:\/\/bahia.culturaviva.net.br\/pt\/turismo\/morro-do-chapeu-e-o-primeiro-destino-do-projeto-piloto-visite-a-bahia\/","title":{"rendered":"Morro do Chap\u00e9u \u00e9 o primeiro destino do projeto-piloto \u201cVisite a Bahia\u201d"},"content":{"rendered":"<ul class=\"wp-block-list\">\n<li><a href=\"https:\/\/cultura.chapada.ba\/artevista\/morrodochapeu\/\"><\/a><a href=\"https:\/\/cultura.chapada.ba\/artevista\/morrodochapeu\/\">Morro do Chap\u00e9u<\/a>, 3 novembro, 2025. Fonte: <a href=\"https:\/\/cultura.chapada.ba\/variedades\/morro-do-chapeu-e-o-primeiro-destino-do-projeto-piloto-visite-a-bahia\/\">https:\/\/cultura.chapada.ba\/variedades\/morro-do-chapeu-e-o-primeiro-destino-do-projeto-piloto-visite-a-bahia\/<\/a><\/li>\n<\/ul>\n\n\n\n<figure class=\"wp-block-image size-large\"><img decoding=\"async\" src=\"https:\/\/i0.wp.com\/cultura.chapada.ba\/wp-content\/uploads\/2025\/11\/IMG-20251103-WA0070.jpg?resize=1152%2C1536&amp;ssl=1\" alt=\"\"\/><\/figure>\n\n\n\n<p>No \u00falimo final de semana, a Secretaria Municipal de Cultura e Turismo (SECULT) acompanhou a&nbsp;<em>Tour familiar<\/em>&nbsp;do projeto&nbsp;<strong>Visite a Bahia<\/strong>, iniciativa realizada em parceria com a&nbsp;<strong>Secretaria de Desenvolvimento Econ\u00f4mico<\/strong>&nbsp;e a&nbsp;<strong>Secretaria de Turismo do Estado da Bahia (SETUR)<\/strong>.<\/p>\n\n\n\n<p>A cidade de&nbsp;<strong>Morro do Chap\u00e9u<\/strong>&nbsp;foi escolhida como o&nbsp;<strong>primeiro destino<\/strong>&nbsp;deste projeto-piloto, intitulado&nbsp;<strong>\u201cVisite Morro do Chap\u00e9u\u201d<\/strong>, que tem como objetivo&nbsp;<strong>fomentar o turismo local<\/strong>, valorizando os atrativos naturais, culturais e hist\u00f3ricos do munic\u00edpio.<\/p>\n\n\n\n<p>Durante a visita, profissionais do setor tur\u00edstico, influenciadores e representantes de ag\u00eancias puderam conhecer de perto o potencial da regi\u00e3o, reconhecida por seu clima ameno, vin\u00edcolas, s\u00edtios arqueol\u00f3gicos, belezas naturais e manifesta\u00e7\u00f5es culturais.<\/p>\n\n\n\n<p>O projeto busca fortalecer a imagem da Bahia como destino tur\u00edstico diversificado e sustent\u00e1vel, promovendo experi\u00eancias aut\u00eanticas em diferentes regi\u00f5es do estado. Em Morro do Chap\u00e9u, a a\u00e7\u00e3o refor\u00e7a o compromisso da gest\u00e3o municipal em ampliar a visibilidade da cidade no cen\u00e1rio tur\u00edstico baiano e nacional.<\/p>\n\n\n\n<figure class=\"wp-block-image size-large\"><img decoding=\"async\" src=\"https:\/\/i0.wp.com\/cultura.chapada.ba\/wp-content\/uploads\/2025\/11\/IMG-20251103-WA0041.jpg?resize=1024%2C768&amp;ssl=1\" alt=\"\"\/><\/figure>\n\n\n\n<figure class=\"wp-block-image size-large\"><img decoding=\"async\" src=\"https:\/\/i0.wp.com\/cultura.chapada.ba\/wp-content\/uploads\/2025\/11\/IMG-20251103-WA0040.jpg?resize=480%2C853&amp;ssl=1\" alt=\"\"\/><\/figure>\n\n\n\n<figure class=\"wp-block-image size-large\"><img decoding=\"async\" src=\"https:\/\/i0.wp.com\/cultura.chapada.ba\/wp-content\/uploads\/2025\/11\/IMG-20251103-WA0039.jpg?resize=768%2C1016&amp;ssl=1\" alt=\"\"\/><\/figure>\n\n\n\n<figure class=\"wp-block-image size-large\"><img decoding=\"async\" src=\"https:\/\/i0.wp.com\/cultura.chapada.ba\/wp-content\/uploads\/2025\/11\/IMG-20251103-WA0079.jpg?resize=768%2C1024&amp;ssl=1\" alt=\"\"\/><\/figure>","protected":false},"excerpt":{"rendered":"<p>No \u00falimo final de semana, a Secretaria Municipal de Cultura e Turismo (SECULT) acompanhou a&nbsp;Fam Tour&nbsp;do projeto&nbsp;Visite a Bahia, iniciativa realizada em parceria com a&nbsp;Secretaria de Desenvolvimento Econ\u00f4mico&nbsp;e a&nbsp;Secretaria de Turismo do Estado da Bahia (SETUR). A cidade de&nbsp;Morro do Chap\u00e9u&nbsp;foi escolhida como o&nbsp;primeiro destino&nbsp;deste projeto-piloto, intitulado&nbsp;\u201cVisite Morro do Chap\u00e9u\u201d, que tem como objetivo&nbsp;fomentar o [&hellip;]<\/p>\n","protected":false},"author":4,"featured_media":1198,"comment_status":"open","ping_status":"open","sticky":false,"template":"","format":"standard","meta":{"_acf_changed":false,"_gspb_post_css":"","footnotes":""},"categories":[2,19,7,18],"tags":[20,21,22],"class_list":["post-1196","post","type-post","status-publish","format-standard","has-post-thumbnail","hentry","category-culturaviva","category-meio-ambiente","category-travel","category-turismo","tag-meio-ambiente","tag-sustentabilidade","tag-turismo"],"blocksy_meta":[],"acf":[],"yoast_head":"<!-- This site is optimized with the Yoast SEO plugin v27.3 - https:\/\/yoast.com\/product\/yoast-seo-wordpress\/ -->\n<title>Morro do Chap\u00e9u \u00e9 o primeiro destino do projeto-piloto \u201cVisite a Bahia\u201d - Rede Cultura Viva da Bahia<\/title>\n<meta name=\"robots\" content=\"index, follow, max-snippet:-1, max-image-preview:large, max-video-preview:-1\" \/>\n<link rel=\"canonical\" href=\"https:\/\/bahia.culturaviva.net.br\/pt\/turismo\/morro-do-chapeu-e-o-primeiro-destino-do-projeto-piloto-visite-a-bahia\/\" \/>\n<meta property=\"og:locale\" content=\"pt_BR\" \/>\n<meta property=\"og:type\" content=\"article\" \/>\n<meta property=\"og:title\" content=\"Morro do Chap\u00e9u \u00e9 o primeiro destino do projeto-piloto \u201cVisite a Bahia\u201d - Rede Cultura Viva da Bahia\" \/>\n<meta property=\"og:description\" content=\"No \u00falimo final de semana, a Secretaria Municipal de Cultura e Turismo (SECULT) acompanhou a&nbsp;Fam Tour&nbsp;do projeto&nbsp;Visite a Bahia, iniciativa realizada em parceria com a&nbsp;Secretaria de Desenvolvimento Econ\u00f4mico&nbsp;e a&nbsp;Secretaria de Turismo do Estado da Bahia (SETUR). A cidade de&nbsp;Morro do Chap\u00e9u&nbsp;foi escolhida como o&nbsp;primeiro destino&nbsp;deste projeto-piloto, intitulado&nbsp;\u201cVisite Morro do Chap\u00e9u\u201d, que tem como objetivo&nbsp;fomentar o [&hellip;]\" \/>\n<meta property=\"og:url\" content=\"https:\/\/bahia.culturaviva.net.br\/pt\/turismo\/morro-do-chapeu-e-o-primeiro-destino-do-projeto-piloto-visite-a-bahia\/\" \/>\n<meta property=\"og:site_name\" content=\"Rede Cultura Viva da Bahia\" \/>\n<meta property=\"article:published_time\" content=\"2025-11-10T18:21:47+00:00\" \/>\n<meta property=\"article:modified_time\" content=\"2025-11-26T19:29:23+00:00\" \/>\n<meta property=\"og:image\" content=\"https:\/\/bahia.culturaviva.net.br\/wp-content\/uploads\/2025\/11\/morro-do-chapeu.webp\" \/>\n\t<meta property=\"og:image:width\" content=\"1152\" \/>\n\t<meta property=\"og:image:height\" content=\"1536\" \/>\n\t<meta property=\"og:image:type\" content=\"image\/webp\" \/>\n<meta name=\"author\" content=\"Carla Uhlmann\" \/>\n<meta name=\"twitter:card\" content=\"summary_large_image\" \/>\n<meta name=\"twitter:label1\" content=\"Escrito por\" \/>\n\t<meta name=\"twitter:data1\" content=\"Carla Uhlmann\" \/>\n\t<meta name=\"twitter:label2\" content=\"Est. tempo de leitura\" \/>\n\t<meta name=\"twitter:data2\" content=\"3 minutos\" \/>\n<script type=\"application\/ld+json\" class=\"yoast-schema-graph\">{\"@context\":\"https:\\\/\\\/schema.org\",\"@graph\":[{\"@type\":\"Article\",\"@id\":\"https:\\\/\\\/bahia.culturaviva.net.br\\\/turismo\\\/morro-do-chapeu-e-o-primeiro-destino-do-projeto-piloto-visite-a-bahia\\\/#article\",\"isPartOf\":{\"@id\":\"https:\\\/\\\/bahia.culturaviva.net.br\\\/turismo\\\/morro-do-chapeu-e-o-primeiro-destino-do-projeto-piloto-visite-a-bahia\\\/\"},\"author\":{\"name\":\"Carla Uhlmann\",\"@id\":\"https:\\\/\\\/bahia.culturaviva.net.br\\\/#\\\/schema\\\/person\\\/6e78da73e0acb5b6b65735aa9584dba0\"},\"headline\":\"Morro do Chap\u00e9u \u00e9 o primeiro destino do projeto-piloto \u201cVisite a Bahia\u201d\",\"datePublished\":\"2025-11-10T18:21:47+00:00\",\"dateModified\":\"2025-11-26T19:29:23+00:00\",\"mainEntityOfPage\":{\"@id\":\"https:\\\/\\\/bahia.culturaviva.net.br\\\/turismo\\\/morro-do-chapeu-e-o-primeiro-destino-do-projeto-piloto-visite-a-bahia\\\/\"},\"wordCount\":216,\"commentCount\":0,\"publisher\":{\"@id\":\"https:\\\/\\\/bahia.culturaviva.net.br\\\/#organization\"},\"image\":{\"@id\":\"https:\\\/\\\/bahia.culturaviva.net.br\\\/turismo\\\/morro-do-chapeu-e-o-primeiro-destino-do-projeto-piloto-visite-a-bahia\\\/#primaryimage\"},\"thumbnailUrl\":\"https:\\\/\\\/bahia.culturaviva.net.br\\\/wp-content\\\/uploads\\\/2025\\\/11\\\/morro-do-chapeu.webp\",\"keywords\":[\"Meio ambiente\",\"Sustentabilidade\",\"Turismo\"],\"articleSection\":[\"Cultura Viva\",\"Meio ambiente\",\"Travel\",\"Turismo\"],\"inLanguage\":\"pt-BR\",\"potentialAction\":[{\"@type\":\"CommentAction\",\"name\":\"Comment\",\"target\":[\"https:\\\/\\\/bahia.culturaviva.net.br\\\/turismo\\\/morro-do-chapeu-e-o-primeiro-destino-do-projeto-piloto-visite-a-bahia\\\/#respond\"]}]},{\"@type\":\"WebPage\",\"@id\":\"https:\\\/\\\/bahia.culturaviva.net.br\\\/turismo\\\/morro-do-chapeu-e-o-primeiro-destino-do-projeto-piloto-visite-a-bahia\\\/\",\"url\":\"https:\\\/\\\/bahia.culturaviva.net.br\\\/turismo\\\/morro-do-chapeu-e-o-primeiro-destino-do-projeto-piloto-visite-a-bahia\\\/\",\"name\":\"Morro do Chap\u00e9u \u00e9 o primeiro destino do projeto-piloto \u201cVisite a Bahia\u201d - Rede Cultura Viva da Bahia\",\"isPartOf\":{\"@id\":\"https:\\\/\\\/bahia.culturaviva.net.br\\\/#website\"},\"primaryImageOfPage\":{\"@id\":\"https:\\\/\\\/bahia.culturaviva.net.br\\\/turismo\\\/morro-do-chapeu-e-o-primeiro-destino-do-projeto-piloto-visite-a-bahia\\\/#primaryimage\"},\"image\":{\"@id\":\"https:\\\/\\\/bahia.culturaviva.net.br\\\/turismo\\\/morro-do-chapeu-e-o-primeiro-destino-do-projeto-piloto-visite-a-bahia\\\/#primaryimage\"},\"thumbnailUrl\":\"https:\\\/\\\/bahia.culturaviva.net.br\\\/wp-content\\\/uploads\\\/2025\\\/11\\\/morro-do-chapeu.webp\",\"datePublished\":\"2025-11-10T18:21:47+00:00\",\"dateModified\":\"2025-11-26T19:29:23+00:00\",\"breadcrumb\":{\"@id\":\"https:\\\/\\\/bahia.culturaviva.net.br\\\/turismo\\\/morro-do-chapeu-e-o-primeiro-destino-do-projeto-piloto-visite-a-bahia\\\/#breadcrumb\"},\"inLanguage\":\"pt-BR\",\"potentialAction\":[{\"@type\":\"ReadAction\",\"target\":[\"https:\\\/\\\/bahia.culturaviva.net.br\\\/turismo\\\/morro-do-chapeu-e-o-primeiro-destino-do-projeto-piloto-visite-a-bahia\\\/\"]}]},{\"@type\":\"ImageObject\",\"inLanguage\":\"pt-BR\",\"@id\":\"https:\\\/\\\/bahia.culturaviva.net.br\\\/turismo\\\/morro-do-chapeu-e-o-primeiro-destino-do-projeto-piloto-visite-a-bahia\\\/#primaryimage\",\"url\":\"https:\\\/\\\/bahia.culturaviva.net.br\\\/wp-content\\\/uploads\\\/2025\\\/11\\\/morro-do-chapeu.webp\",\"contentUrl\":\"https:\\\/\\\/bahia.culturaviva.net.br\\\/wp-content\\\/uploads\\\/2025\\\/11\\\/morro-do-chapeu.webp\",\"width\":1152,\"height\":1536},{\"@type\":\"BreadcrumbList\",\"@id\":\"https:\\\/\\\/bahia.culturaviva.net.br\\\/turismo\\\/morro-do-chapeu-e-o-primeiro-destino-do-projeto-piloto-visite-a-bahia\\\/#breadcrumb\",\"itemListElement\":[{\"@type\":\"ListItem\",\"position\":1,\"name\":\"In\u00edcio\",\"item\":\"https:\\\/\\\/bahia.culturaviva.net.br\\\/\"},{\"@type\":\"ListItem\",\"position\":2,\"name\":\"Morro do Chap\u00e9u \u00e9 o primeiro destino do projeto-piloto \u201cVisite a Bahia\u201d\"}]},{\"@type\":\"WebSite\",\"@id\":\"https:\\\/\\\/bahia.culturaviva.net.br\\\/#website\",\"url\":\"https:\\\/\\\/bahia.culturaviva.net.br\\\/\",\"name\":\"Rede Cultura Viva da Bahia\",\"description\":\"Espa\u00e7o para Acervo, Informa\u00e7\u00e3o e Participa\u00e7\u00e3o Social da Rede de Pontos de Cultura da Bahia\",\"publisher\":{\"@id\":\"https:\\\/\\\/bahia.culturaviva.net.br\\\/#organization\"},\"potentialAction\":[{\"@type\":\"SearchAction\",\"target\":{\"@type\":\"EntryPoint\",\"urlTemplate\":\"https:\\\/\\\/bahia.culturaviva.net.br\\\/?s={search_term_string}\"},\"query-input\":{\"@type\":\"PropertyValueSpecification\",\"valueRequired\":true,\"valueName\":\"search_term_string\"}}],\"inLanguage\":\"pt-BR\"},{\"@type\":\"Organization\",\"@id\":\"https:\\\/\\\/bahia.culturaviva.net.br\\\/#organization\",\"name\":\"Rede Cultura Viva da Bahia\",\"url\":\"https:\\\/\\\/bahia.culturaviva.net.br\\\/\",\"logo\":{\"@type\":\"ImageObject\",\"inLanguage\":\"pt-BR\",\"@id\":\"https:\\\/\\\/bahia.culturaviva.net.br\\\/#\\\/schema\\\/logo\\\/image\\\/\",\"url\":\"https:\\\/\\\/bahia.culturaviva.net.br\\\/wp-content\\\/uploads\\\/2025\\\/11\\\/logo-plataforma-culturaviva-bahia-branco.png\",\"contentUrl\":\"https:\\\/\\\/bahia.culturaviva.net.br\\\/wp-content\\\/uploads\\\/2025\\\/11\\\/logo-plataforma-culturaviva-bahia-branco.png\",\"width\":628,\"height\":652,\"caption\":\"Rede Cultura Viva da Bahia\"},\"image\":{\"@id\":\"https:\\\/\\\/bahia.culturaviva.net.br\\\/#\\\/schema\\\/logo\\\/image\\\/\"}},{\"@type\":\"Person\",\"@id\":\"https:\\\/\\\/bahia.culturaviva.net.br\\\/#\\\/schema\\\/person\\\/6e78da73e0acb5b6b65735aa9584dba0\",\"name\":\"Carla Uhlmann\",\"image\":{\"@type\":\"ImageObject\",\"inLanguage\":\"pt-BR\",\"@id\":\"https:\\\/\\\/secure.gravatar.com\\\/avatar\\\/174652d1afb5fe35d03517b4ac78b9aae436c9a12e364319b1fc0cf646d4a933?s=96&d=mm&r=g\",\"url\":\"https:\\\/\\\/secure.gravatar.com\\\/avatar\\\/174652d1afb5fe35d03517b4ac78b9aae436c9a12e364319b1fc0cf646d4a933?s=96&d=mm&r=g\",\"contentUrl\":\"https:\\\/\\\/secure.gravatar.com\\\/avatar\\\/174652d1afb5fe35d03517b4ac78b9aae436c9a12e364319b1fc0cf646d4a933?s=96&d=mm&r=g\",\"caption\":\"Carla Uhlmann\"},\"url\":\"https:\\\/\\\/bahia.culturaviva.net.br\\\/pt\\\/author\\\/carlauhlmann\\\/\"}]}<\/script>\n<!-- \/ Yoast SEO plugin. -->","yoast_head_json":{"title":"Morro do Chap\u00e9u \u00e9 o primeiro destino do projeto-piloto \u201cVisite a Bahia\u201d - Rede Cultura Viva da Bahia","robots":{"index":"index","follow":"follow","max-snippet":"max-snippet:-1","max-image-preview":"max-image-preview:large","max-video-preview":"max-video-preview:-1"},"canonical":"https:\/\/bahia.culturaviva.net.br\/pt\/turismo\/morro-do-chapeu-e-o-primeiro-destino-do-projeto-piloto-visite-a-bahia\/","og_locale":"pt_BR","og_type":"article","og_title":"Morro do Chap\u00e9u \u00e9 o primeiro destino do projeto-piloto \u201cVisite a Bahia\u201d - Rede Cultura Viva da Bahia","og_description":"No \u00falimo final de semana, a Secretaria Municipal de Cultura e Turismo (SECULT) acompanhou a&nbsp;Fam Tour&nbsp;do projeto&nbsp;Visite a Bahia, iniciativa realizada em parceria com a&nbsp;Secretaria de Desenvolvimento Econ\u00f4mico&nbsp;e a&nbsp;Secretaria de Turismo do Estado da Bahia (SETUR). A cidade de&nbsp;Morro do Chap\u00e9u&nbsp;foi escolhida como o&nbsp;primeiro destino&nbsp;deste projeto-piloto, intitulado&nbsp;\u201cVisite Morro do Chap\u00e9u\u201d, que tem como objetivo&nbsp;fomentar o [&hellip;]","og_url":"https:\/\/bahia.culturaviva.net.br\/pt\/turismo\/morro-do-chapeu-e-o-primeiro-destino-do-projeto-piloto-visite-a-bahia\/","og_site_name":"Rede Cultura Viva da Bahia","article_published_time":"2025-11-10T18:21:47+00:00","article_modified_time":"2025-11-26T19:29:23+00:00","og_image":[{"width":1152,"height":1536,"url":"https:\/\/bahia.culturaviva.net.br\/wp-content\/uploads\/2025\/11\/morro-do-chapeu.webp","type":"image\/webp"}],"author":"Carla Uhlmann","twitter_card":"summary_large_image","twitter_misc":{"Escrito por":"Carla Uhlmann","Est. tempo de leitura":"3 minutos"},"schema":{"@context":"https:\/\/schema.org","@graph":[{"@type":"Article","@id":"https:\/\/bahia.culturaviva.net.br\/turismo\/morro-do-chapeu-e-o-primeiro-destino-do-projeto-piloto-visite-a-bahia\/#article","isPartOf":{"@id":"https:\/\/bahia.culturaviva.net.br\/turismo\/morro-do-chapeu-e-o-primeiro-destino-do-projeto-piloto-visite-a-bahia\/"},"author":{"name":"Carla Uhlmann","@id":"https:\/\/bahia.culturaviva.net.br\/#\/schema\/person\/6e78da73e0acb5b6b65735aa9584dba0"},"headline":"Morro do Chap\u00e9u \u00e9 o primeiro destino do projeto-piloto \u201cVisite a Bahia\u201d","datePublished":"2025-11-10T18:21:47+00:00","dateModified":"2025-11-26T19:29:23+00:00","mainEntityOfPage":{"@id":"https:\/\/bahia.culturaviva.net.br\/turismo\/morro-do-chapeu-e-o-primeiro-destino-do-projeto-piloto-visite-a-bahia\/"},"wordCount":216,"commentCount":0,"publisher":{"@id":"https:\/\/bahia.culturaviva.net.br\/#organization"},"image":{"@id":"https:\/\/bahia.culturaviva.net.br\/turismo\/morro-do-chapeu-e-o-primeiro-destino-do-projeto-piloto-visite-a-bahia\/#primaryimage"},"thumbnailUrl":"https:\/\/bahia.culturaviva.net.br\/wp-content\/uploads\/2025\/11\/morro-do-chapeu.webp","keywords":["Meio ambiente","Sustentabilidade","Turismo"],"articleSection":["Cultura Viva","Meio ambiente","Travel","Turismo"],"inLanguage":"pt-BR","potentialAction":[{"@type":"CommentAction","name":"Comment","target":["https:\/\/bahia.culturaviva.net.br\/turismo\/morro-do-chapeu-e-o-primeiro-destino-do-projeto-piloto-visite-a-bahia\/#respond"]}]},{"@type":"WebPage","@id":"https:\/\/bahia.culturaviva.net.br\/turismo\/morro-do-chapeu-e-o-primeiro-destino-do-projeto-piloto-visite-a-bahia\/","url":"https:\/\/bahia.culturaviva.net.br\/turismo\/morro-do-chapeu-e-o-primeiro-destino-do-projeto-piloto-visite-a-bahia\/","name":"Morro do Chap\u00e9u \u00e9 o primeiro destino do projeto-piloto \u201cVisite a Bahia\u201d - Rede Cultura Viva da Bahia","isPartOf":{"@id":"https:\/\/bahia.culturaviva.net.br\/#website"},"primaryImageOfPage":{"@id":"https:\/\/bahia.culturaviva.net.br\/turismo\/morro-do-chapeu-e-o-primeiro-destino-do-projeto-piloto-visite-a-bahia\/#primaryimage"},"image":{"@id":"https:\/\/bahia.culturaviva.net.br\/turismo\/morro-do-chapeu-e-o-primeiro-destino-do-projeto-piloto-visite-a-bahia\/#primaryimage"},"thumbnailUrl":"https:\/\/bahia.culturaviva.net.br\/wp-content\/uploads\/2025\/11\/morro-do-chapeu.webp","datePublished":"2025-11-10T18:21:47+00:00","dateModified":"2025-11-26T19:29:23+00:00","breadcrumb":{"@id":"https:\/\/bahia.culturaviva.net.br\/turismo\/morro-do-chapeu-e-o-primeiro-destino-do-projeto-piloto-visite-a-bahia\/#breadcrumb"},"inLanguage":"pt-BR","potentialAction":[{"@type":"ReadAction","target":["https:\/\/bahia.culturaviva.net.br\/turismo\/morro-do-chapeu-e-o-primeiro-destino-do-projeto-piloto-visite-a-bahia\/"]}]},{"@type":"ImageObject","inLanguage":"pt-BR","@id":"https:\/\/bahia.culturaviva.net.br\/turismo\/morro-do-chapeu-e-o-primeiro-destino-do-projeto-piloto-visite-a-bahia\/#primaryimage","url":"https:\/\/bahia.culturaviva.net.br\/wp-content\/uploads\/2025\/11\/morro-do-chapeu.webp","contentUrl":"https:\/\/bahia.culturaviva.net.br\/wp-content\/uploads\/2025\/11\/morro-do-chapeu.webp","width":1152,"height":1536},{"@type":"BreadcrumbList","@id":"https:\/\/bahia.culturaviva.net.br\/turismo\/morro-do-chapeu-e-o-primeiro-destino-do-projeto-piloto-visite-a-bahia\/#breadcrumb","itemListElement":[{"@type":"ListItem","position":1,"name":"In\u00edcio","item":"https:\/\/bahia.culturaviva.net.br\/"},{"@type":"ListItem","position":2,"name":"Morro do Chap\u00e9u \u00e9 o primeiro destino do projeto-piloto \u201cVisite a Bahia\u201d"}]},{"@type":"WebSite","@id":"https:\/\/bahia.culturaviva.net.br\/#website","url":"https:\/\/bahia.culturaviva.net.br\/","name":"Rede Cultura Viva da Bahia","description":"Espa\u00e7o para Acervo, Informa\u00e7\u00e3o e Participa\u00e7\u00e3o Social da Rede de Pontos de Cultura da Bahia","publisher":{"@id":"https:\/\/bahia.culturaviva.net.br\/#organization"},"potentialAction":[{"@type":"SearchAction","target":{"@type":"EntryPoint","urlTemplate":"https:\/\/bahia.culturaviva.net.br\/?s={search_term_string}"},"query-input":{"@type":"PropertyValueSpecification","valueRequired":true,"valueName":"search_term_string"}}],"inLanguage":"pt-BR"},{"@type":"Organization","@id":"https:\/\/bahia.culturaviva.net.br\/#organization","name":"Rede Cultura Viva da Bahia","url":"https:\/\/bahia.culturaviva.net.br\/","logo":{"@type":"ImageObject","inLanguage":"pt-BR","@id":"https:\/\/bahia.culturaviva.net.br\/#\/schema\/logo\/image\/","url":"https:\/\/bahia.culturaviva.net.br\/wp-content\/uploads\/2025\/11\/logo-plataforma-culturaviva-bahia-branco.png","contentUrl":"https:\/\/bahia.culturaviva.net.br\/wp-content\/uploads\/2025\/11\/logo-plataforma-culturaviva-bahia-branco.png","width":628,"height":652,"caption":"Rede Cultura Viva da Bahia"},"image":{"@id":"https:\/\/bahia.culturaviva.net.br\/#\/schema\/logo\/image\/"}},{"@type":"Person","@id":"https:\/\/bahia.culturaviva.net.br\/#\/schema\/person\/6e78da73e0acb5b6b65735aa9584dba0","name":"Carla Uhlmann","image":{"@type":"ImageObject","inLanguage":"pt-BR","@id":"https:\/\/secure.gravatar.com\/avatar\/174652d1afb5fe35d03517b4ac78b9aae436c9a12e364319b1fc0cf646d4a933?s=96&d=mm&r=g","url":"https:\/\/secure.gravatar.com\/avatar\/174652d1afb5fe35d03517b4ac78b9aae436c9a12e364319b1fc0cf646d4a933?s=96&d=mm&r=g","contentUrl":"https:\/\/secure.gravatar.com\/avatar\/174652d1afb5fe35d03517b4ac78b9aae436c9a12e364319b1fc0cf646d4a933?s=96&d=mm&r=g","caption":"Carla Uhlmann"},"url":"https:\/\/bahia.culturaviva.net.br\/pt\/author\/carlauhlmann\/"}]}},"_links":{"self":[{"href":"https:\/\/bahia.culturaviva.net.br\/pt\/wp-json\/wp\/v2\/posts\/1196","targetHints":{"allow":["GET"]}}],"collection":[{"href":"https:\/\/bahia.culturaviva.net.br\/pt\/wp-json\/wp\/v2\/posts"}],"about":[{"href":"https:\/\/bahia.culturaviva.net.br\/pt\/wp-json\/wp\/v2\/types\/post"}],"author":[{"embeddable":true,"href":"https:\/\/bahia.culturaviva.net.br\/pt\/wp-json\/wp\/v2\/users\/4"}],"replies":[{"embeddable":true,"href":"https:\/\/bahia.culturaviva.net.br\/pt\/wp-json\/wp\/v2\/comments?post=1196"}],"version-history":[{"count":2,"href":"https:\/\/bahia.culturaviva.net.br\/pt\/wp-json\/wp\/v2\/posts\/1196\/revisions"}],"predecessor-version":[{"id":1200,"href":"https:\/\/bahia.culturaviva.net.br\/pt\/wp-json\/wp\/v2\/posts\/1196\/revisions\/1200"}],"wp:featuredmedia":[{"embeddable":true,"href":"https:\/\/bahia.culturaviva.net.br\/pt\/wp-json\/wp\/v2\/media\/1198"}],"wp:attachment":[{"href":"https:\/\/bahia.culturaviva.net.br\/pt\/wp-json\/wp\/v2\/media?parent=1196"}],"wp:term":[{"taxonomy":"category","embeddable":true,"href":"https:\/\/bahia.culturaviva.net.br\/pt\/wp-json\/wp\/v2\/categories?post=1196"},{"taxonomy":"post_tag","embeddable":true,"href":"https:\/\/bahia.culturaviva.net.br\/pt\/wp-json\/wp\/v2\/tags?post=1196"}],"curies":[{"name":"wp","href":"https:\/\/api.w.org\/{rel}","templated":true}]}}