{"id":1227,"date":"2025-11-11T11:47:55","date_gmt":"2025-11-11T14:47:55","guid":{"rendered":"https:\/\/bahia.culturaviva.net.br\/?p=1227"},"modified":"2025-11-11T11:47:56","modified_gmt":"2025-11-11T14:47:56","slug":"fundacao-pierre-verger","status":"publish","type":"post","link":"https:\/\/bahia.culturaviva.net.br\/pt\/cultura\/culturaviva\/fundacao-pierre-verger\/","title":{"rendered":"Funda\u00e7\u00e3o Pierre Verger"},"content":{"rendered":"<p>Fonte: <a href=\"https:\/\/pierreverger.org\/\">https:\/\/pierreverger.org\/<\/a><\/p>\n\n\n\n<h1 class=\"wp-block-heading\" id=\"historico\">Hist\u00f3rico<\/h1>\n\n\n\n<p>A Funda\u00e7\u00e3o Pierre Verger \u00e9 uma institui\u00e7\u00e3o sem fins lucrativos, cuja sede funciona desde 1988 em Salvador, no bairro do Engenho Velho de Brotas, na casa onde Pierre Verger viveu. Ela tem como miss\u00e3o preservar o acervo e a mem\u00f3ria de seu fundador, al\u00e9m de propor atividades culturais e socioeducativas para a comunidade local. Foi criada em mar\u00e7o de 1988 por Pierre Verger, ap\u00f3s d\u00e9cadas de viagens, especialmente entre a \u00c1frica e o Brasil, entre 1950 e 1979. Durante os anos 1980, com a divulga\u00e7\u00e3o retrospectiva de seu trabalho, principalmente por meio das publica\u00e7\u00f5es da editora Corrupio, Verger reuniu seu acervo fotogr\u00e1fico, que estava dividido entre sua casa em Salvador e a casa de um amigo em Paris. Foi ent\u00e3o que surgiu a ideia de criar uma institui\u00e7\u00e3o que preservasse e divulgasse seu acervo, al\u00e9m de dar continuidade aos esfor\u00e7os de Verger para interconectar o Brasil e a \u00c1frica, especialmente os pa\u00edses do Golfo do Benin e Salvador, por meio de interc\u00e2mbios culturais, cient\u00edficos e religiosos.&nbsp;<\/p>\n\n\n\n<p>Pierre Verger foi o primeiro presidente da institui\u00e7\u00e3o, tendo como membros do conselho de administra\u00e7\u00e3o amigos e colegas pr\u00f3ximos, como Caryb\u00e9 e Mario Cravo Neto. Ap\u00f3s seu falecimento em 1996, Caryb\u00e9 assumiu a presid\u00eancia, mas faleceu um ano depois. Em 2001, Gilberto Pedreira de Freitas S\u00e1 foi eleito presidente e ocupa o cargo at\u00e9 hoje. Sob sua gest\u00e3o, a Funda\u00e7\u00e3o se estruturou, com destaque para as celebra\u00e7\u00f5es dos 100 anos de Pierre Verger, em 2002, que marcaram um momento chave no desenvolvimento da institui\u00e7\u00e3o. Nesse per\u00edodo, a Funda\u00e7\u00e3o abriu uma galeria no Portal da Miseric\u00f3rdia, Centro Hist\u00f3rico, e, em 2004, inaugurou um espa\u00e7o cultural no terreno adjacente \u00e0 casa de Verger, onde realiza at\u00e9 hoje atividades culturais, art\u00edsticas e pedag\u00f3gicas pautadas na educa\u00e7\u00e3o social. A Funda\u00e7\u00e3o \u00e9 um Ponto de Cultura Nacional desde 2005, e seu espa\u00e7o cultural tamb\u00e9m serve de apoio a outras institui\u00e7\u00f5es p\u00fablicas locais, como postos de sa\u00fade e outras iniciativas comunit\u00e1rias.<\/p>\n\n\n\n<h1 class=\"wp-block-heading\" id=\"exposicao-fatumbi\">Exposi\u00e7\u00e3o&nbsp;<strong><em>Fatumbi<\/em><\/strong><\/h1>\n\n\n\n<p>No dia 29 de agosto, foi inaugurada a exposi\u00e7\u00e3o&nbsp;<em>Fatumbi<\/em>&nbsp;no Museu de Arte da Bahia (MAB), em Salvador.<\/p>\n\n\n\n<p>A mostra integra as comemora\u00e7\u00f5es da Temporada Fran\u00e7a-Brasil 2025 e conta com a curadoria de Alex Baradel e Emo de Medeiros - cujas obras tamb\u00e9m estar\u00e3o presentes na exposi\u00e7\u00e3o.<\/p>\n\n\n\n<p>Pierre Fatumbi Verger nasceu como Pierre Verger, em Paris, no in\u00edcio do s\u00e9culo XX. Ap\u00f3s ser iniciado no Benim, passou a ser chamado<em>&nbsp;Fatumbi<\/em>, nome que carregou at\u00e9 sua morte na Bahia, onde viveu por mais de 50 anos.<\/p>\n\n\n\n<p>A exposi\u00e7\u00e3o, in\u00e9dita, prop\u00f5e duas narrativas que se entrela\u00e7am. Por um lado, apresenta fotografias feitas por Verger no Nordeste do Brasil, no Benim e na Nig\u00e9ria - registros po\u00e9ticos, hist\u00f3ricos e sens\u00edveis das culturas e religi\u00f5es afro-baianas, afro-pernambucanas e de suas ra\u00edzes africanas. Algumas dessas imagens t\u00eam quase 80 anos. Por outro lado, por meio de trechos de entrevistas, correspond\u00eancias e documentos in\u00e9ditos, o p\u00fablico poder\u00e1 conhecer os caminhos que levaram Verger a ser iniciado e renascer como Fatumbi.<\/p>\n\n\n\n<p>O percurso expositivo come\u00e7a com a chegada de Verger ao Nordeste do Brasil - Bahia e Pernambuco - em meados da d\u00e9cada de 1940. Em seguida, segue para o Benim, em 1948, onde o fot\u00f3grafo \u00e9 iniciado e renasce como Fatumbi. A exposi\u00e7\u00e3o culmina nos anos 1960 e 1970, per\u00edodo em que Verger passa a atuar como elo entre dois mundos, tornando-se um mensageiro entre os continentes.<\/p>\n\n\n\n<figure class=\"wp-block-image size-large\"><img decoding=\"async\" src=\"https:\/\/pierreverger.org\/wp-content\/uploads\/2025\/08\/WhatsApp-Image-2025-08-25-at-11.54.18.jpeg.webp\" alt=\"\"\/><\/figure>\n\n\n\n<p>Na primeira parte da exposi\u00e7\u00e3o, Verger ainda era \u201capenas\u201d um fot\u00f3grafo e observador, que se transforma em disc\u00edpulo ao se aproximar das culturas beninenses - processo que o levar\u00e1 a ser iniciado como babala\u00f4, pai dos segredos, mote para segunda parte da mostra. A terceira parte apresenta Verger como mensageiro: reconectando pessoas das duas margens do Atl\u00e2ntico, partilhando seus conhecimentos tanto em contato direto com as popula\u00e7\u00f5es brasileiras e afro-brasileiras quanto no meio acad\u00eamico, que ele passou a integrar a partir dos anos 1950.<\/p>\n\n\n\n<p>A exposi\u00e7\u00e3o re\u00fane fotografias conhecidas e in\u00e9ditas desses per\u00edodos, datadas a partir de pesquisas recentes realizadas por Alex Baradel nos acervos da Funda\u00e7\u00e3o Pierre Verger, do Instituto Nacional do Audiovisual (INA) em Paris e do Instituto Fundamental da \u00c1frica Negra (IFAN), em Dacar. Esses novos achados contribuem para uma compreens\u00e3o mais profunda da trajet\u00f3ria de Verger.<\/p>\n\n\n\n<p>O outro curador da exposi\u00e7\u00e3o, Emo de Medeiros, \u00e9 artista visual franco-beninense, descendente de popula\u00e7\u00f5es&nbsp;<em>agudas<\/em>&nbsp;- beninenses de origem afro-brasileira. Al\u00e9m do material documental e fotogr\u00e1fico consagrado a Verger, uma sala da mostra, intitulada&nbsp;<em>FatumbIA<\/em>, apresenta 16 obras de Emo realizadas com o uso de intelig\u00eancia artificial, articuladas em torno dos saberes e s\u00edmbolos do F\u00e1.<\/p>\n\n\n\n<figure class=\"wp-block-image size-large\"><img decoding=\"async\" src=\"https:\/\/pierreverger.org\/wp-content\/uploads\/2025\/08\/banner-home-fatumbi-2.jpg.webp\" alt=\"\"\/><\/figure>","protected":false},"excerpt":{"rendered":"<p>Fonte: https:\/\/pierreverger.org\/ Hist\u00f3rico A Funda\u00e7\u00e3o Pierre Verger \u00e9 uma institui\u00e7\u00e3o sem fins lucrativos, cuja sede funciona desde 1988 em Salvador, no bairro do Engenho Velho de Brotas, na casa onde Pierre Verger viveu. Ela tem como miss\u00e3o preservar o acervo e a mem\u00f3ria de seu fundador, al\u00e9m de propor atividades culturais e socioeducativas para a [&hellip;]<\/p>\n","protected":false},"author":4,"featured_media":1229,"comment_status":"open","ping_status":"open","sticky":false,"template":"","format":"standard","meta":{"_acf_changed":false,"_gspb_post_css":"","footnotes":""},"categories":[2,40,41],"tags":[37,38,39],"class_list":["post-1227","post","type-post","status-publish","format-standard","has-post-thumbnail","hentry","category-culturaviva","category-fotografia","category-museu","tag-exposicao","tag-fotografia","tag-memoria"],"blocksy_meta":[],"acf":[],"yoast_head":"<!-- This site is optimized with the Yoast SEO plugin v27.3 - https:\/\/yoast.com\/product\/yoast-seo-wordpress\/ -->\n<title>Funda\u00e7\u00e3o Pierre Verger - Rede Cultura Viva da Bahia<\/title>\n<meta name=\"robots\" content=\"index, follow, max-snippet:-1, max-image-preview:large, max-video-preview:-1\" \/>\n<link rel=\"canonical\" href=\"https:\/\/bahia.culturaviva.net.br\/pt\/cultura\/culturaviva\/fundacao-pierre-verger\/\" \/>\n<meta property=\"og:locale\" content=\"pt_BR\" \/>\n<meta property=\"og:type\" content=\"article\" \/>\n<meta property=\"og:title\" content=\"Funda\u00e7\u00e3o Pierre Verger - Rede Cultura Viva da Bahia\" \/>\n<meta property=\"og:description\" content=\"Fonte: https:\/\/pierreverger.org\/ Hist\u00f3rico A Funda\u00e7\u00e3o Pierre Verger \u00e9 uma institui\u00e7\u00e3o sem fins lucrativos, cuja sede funciona desde 1988 em Salvador, no bairro do Engenho Velho de Brotas, na casa onde Pierre Verger viveu. Ela tem como miss\u00e3o preservar o acervo e a mem\u00f3ria de seu fundador, al\u00e9m de propor atividades culturais e socioeducativas para a [&hellip;]\" \/>\n<meta property=\"og:url\" content=\"https:\/\/bahia.culturaviva.net.br\/pt\/cultura\/culturaviva\/fundacao-pierre-verger\/\" \/>\n<meta property=\"og:site_name\" content=\"Rede Cultura Viva da Bahia\" \/>\n<meta property=\"article:published_time\" content=\"2025-11-11T14:47:55+00:00\" \/>\n<meta property=\"article:modified_time\" content=\"2025-11-11T14:47:56+00:00\" \/>\n<meta property=\"og:image\" content=\"https:\/\/bahia.culturaviva.net.br\/wp-content\/uploads\/2025\/11\/fatumbi.webp\" \/>\n\t<meta property=\"og:image:width\" content=\"1280\" \/>\n\t<meta property=\"og:image:height\" content=\"1599\" \/>\n\t<meta property=\"og:image:type\" content=\"image\/webp\" \/>\n<meta name=\"author\" content=\"Carla Uhlmann\" \/>\n<meta name=\"twitter:card\" content=\"summary_large_image\" \/>\n<meta name=\"twitter:label1\" content=\"Escrito por\" \/>\n\t<meta name=\"twitter:data1\" content=\"Carla Uhlmann\" \/>\n\t<meta name=\"twitter:label2\" content=\"Est. tempo de leitura\" \/>\n\t<meta name=\"twitter:data2\" content=\"5 minutos\" \/>\n<script type=\"application\/ld+json\" class=\"yoast-schema-graph\">{\"@context\":\"https:\\\/\\\/schema.org\",\"@graph\":[{\"@type\":\"Article\",\"@id\":\"https:\\\/\\\/bahia.culturaviva.net.br\\\/cultura\\\/culturaviva\\\/fundacao-pierre-verger\\\/#article\",\"isPartOf\":{\"@id\":\"https:\\\/\\\/bahia.culturaviva.net.br\\\/cultura\\\/culturaviva\\\/fundacao-pierre-verger\\\/\"},\"author\":{\"name\":\"Carla Uhlmann\",\"@id\":\"https:\\\/\\\/bahia.culturaviva.net.br\\\/#\\\/schema\\\/person\\\/6e78da73e0acb5b6b65735aa9584dba0\"},\"headline\":\"Funda\u00e7\u00e3o Pierre Verger\",\"datePublished\":\"2025-11-11T14:47:55+00:00\",\"dateModified\":\"2025-11-11T14:47:56+00:00\",\"mainEntityOfPage\":{\"@id\":\"https:\\\/\\\/bahia.culturaviva.net.br\\\/cultura\\\/culturaviva\\\/fundacao-pierre-verger\\\/\"},\"wordCount\":829,\"commentCount\":0,\"publisher\":{\"@id\":\"https:\\\/\\\/bahia.culturaviva.net.br\\\/#organization\"},\"image\":{\"@id\":\"https:\\\/\\\/bahia.culturaviva.net.br\\\/cultura\\\/culturaviva\\\/fundacao-pierre-verger\\\/#primaryimage\"},\"thumbnailUrl\":\"https:\\\/\\\/bahia.culturaviva.net.br\\\/wp-content\\\/uploads\\\/2025\\\/11\\\/fatumbi.webp\",\"keywords\":[\"Exposi\u00e7\u00e3o\",\"Fotografia\",\"Mem\u00f3ria\"],\"articleSection\":[\"Cultura Viva\",\"Fotografia\",\"Museu\"],\"inLanguage\":\"pt-BR\",\"potentialAction\":[{\"@type\":\"CommentAction\",\"name\":\"Comment\",\"target\":[\"https:\\\/\\\/bahia.culturaviva.net.br\\\/cultura\\\/culturaviva\\\/fundacao-pierre-verger\\\/#respond\"]}]},{\"@type\":\"WebPage\",\"@id\":\"https:\\\/\\\/bahia.culturaviva.net.br\\\/cultura\\\/culturaviva\\\/fundacao-pierre-verger\\\/\",\"url\":\"https:\\\/\\\/bahia.culturaviva.net.br\\\/cultura\\\/culturaviva\\\/fundacao-pierre-verger\\\/\",\"name\":\"Funda\u00e7\u00e3o Pierre Verger - Rede Cultura Viva da Bahia\",\"isPartOf\":{\"@id\":\"https:\\\/\\\/bahia.culturaviva.net.br\\\/#website\"},\"primaryImageOfPage\":{\"@id\":\"https:\\\/\\\/bahia.culturaviva.net.br\\\/cultura\\\/culturaviva\\\/fundacao-pierre-verger\\\/#primaryimage\"},\"image\":{\"@id\":\"https:\\\/\\\/bahia.culturaviva.net.br\\\/cultura\\\/culturaviva\\\/fundacao-pierre-verger\\\/#primaryimage\"},\"thumbnailUrl\":\"https:\\\/\\\/bahia.culturaviva.net.br\\\/wp-content\\\/uploads\\\/2025\\\/11\\\/fatumbi.webp\",\"datePublished\":\"2025-11-11T14:47:55+00:00\",\"dateModified\":\"2025-11-11T14:47:56+00:00\",\"breadcrumb\":{\"@id\":\"https:\\\/\\\/bahia.culturaviva.net.br\\\/cultura\\\/culturaviva\\\/fundacao-pierre-verger\\\/#breadcrumb\"},\"inLanguage\":\"pt-BR\",\"potentialAction\":[{\"@type\":\"ReadAction\",\"target\":[\"https:\\\/\\\/bahia.culturaviva.net.br\\\/cultura\\\/culturaviva\\\/fundacao-pierre-verger\\\/\"]}]},{\"@type\":\"ImageObject\",\"inLanguage\":\"pt-BR\",\"@id\":\"https:\\\/\\\/bahia.culturaviva.net.br\\\/cultura\\\/culturaviva\\\/fundacao-pierre-verger\\\/#primaryimage\",\"url\":\"https:\\\/\\\/bahia.culturaviva.net.br\\\/wp-content\\\/uploads\\\/2025\\\/11\\\/fatumbi.webp\",\"contentUrl\":\"https:\\\/\\\/bahia.culturaviva.net.br\\\/wp-content\\\/uploads\\\/2025\\\/11\\\/fatumbi.webp\",\"width\":1280,\"height\":1599},{\"@type\":\"BreadcrumbList\",\"@id\":\"https:\\\/\\\/bahia.culturaviva.net.br\\\/cultura\\\/culturaviva\\\/fundacao-pierre-verger\\\/#breadcrumb\",\"itemListElement\":[{\"@type\":\"ListItem\",\"position\":1,\"name\":\"In\u00edcio\",\"item\":\"https:\\\/\\\/bahia.culturaviva.net.br\\\/\"},{\"@type\":\"ListItem\",\"position\":2,\"name\":\"Funda\u00e7\u00e3o Pierre Verger\"}]},{\"@type\":\"WebSite\",\"@id\":\"https:\\\/\\\/bahia.culturaviva.net.br\\\/#website\",\"url\":\"https:\\\/\\\/bahia.culturaviva.net.br\\\/\",\"name\":\"Rede Cultura Viva da Bahia\",\"description\":\"Espa\u00e7o para Acervo, Informa\u00e7\u00e3o e Participa\u00e7\u00e3o Social da Rede de Pontos de Cultura da Bahia\",\"publisher\":{\"@id\":\"https:\\\/\\\/bahia.culturaviva.net.br\\\/#organization\"},\"potentialAction\":[{\"@type\":\"SearchAction\",\"target\":{\"@type\":\"EntryPoint\",\"urlTemplate\":\"https:\\\/\\\/bahia.culturaviva.net.br\\\/?s={search_term_string}\"},\"query-input\":{\"@type\":\"PropertyValueSpecification\",\"valueRequired\":true,\"valueName\":\"search_term_string\"}}],\"inLanguage\":\"pt-BR\"},{\"@type\":\"Organization\",\"@id\":\"https:\\\/\\\/bahia.culturaviva.net.br\\\/#organization\",\"name\":\"Rede Cultura Viva da Bahia\",\"url\":\"https:\\\/\\\/bahia.culturaviva.net.br\\\/\",\"logo\":{\"@type\":\"ImageObject\",\"inLanguage\":\"pt-BR\",\"@id\":\"https:\\\/\\\/bahia.culturaviva.net.br\\\/#\\\/schema\\\/logo\\\/image\\\/\",\"url\":\"https:\\\/\\\/bahia.culturaviva.net.br\\\/wp-content\\\/uploads\\\/2025\\\/11\\\/logo-plataforma-culturaviva-bahia-branco.png\",\"contentUrl\":\"https:\\\/\\\/bahia.culturaviva.net.br\\\/wp-content\\\/uploads\\\/2025\\\/11\\\/logo-plataforma-culturaviva-bahia-branco.png\",\"width\":628,\"height\":652,\"caption\":\"Rede Cultura Viva da Bahia\"},\"image\":{\"@id\":\"https:\\\/\\\/bahia.culturaviva.net.br\\\/#\\\/schema\\\/logo\\\/image\\\/\"}},{\"@type\":\"Person\",\"@id\":\"https:\\\/\\\/bahia.culturaviva.net.br\\\/#\\\/schema\\\/person\\\/6e78da73e0acb5b6b65735aa9584dba0\",\"name\":\"Carla Uhlmann\",\"image\":{\"@type\":\"ImageObject\",\"inLanguage\":\"pt-BR\",\"@id\":\"https:\\\/\\\/secure.gravatar.com\\\/avatar\\\/174652d1afb5fe35d03517b4ac78b9aae436c9a12e364319b1fc0cf646d4a933?s=96&d=mm&r=g\",\"url\":\"https:\\\/\\\/secure.gravatar.com\\\/avatar\\\/174652d1afb5fe35d03517b4ac78b9aae436c9a12e364319b1fc0cf646d4a933?s=96&d=mm&r=g\",\"contentUrl\":\"https:\\\/\\\/secure.gravatar.com\\\/avatar\\\/174652d1afb5fe35d03517b4ac78b9aae436c9a12e364319b1fc0cf646d4a933?s=96&d=mm&r=g\",\"caption\":\"Carla Uhlmann\"},\"url\":\"https:\\\/\\\/bahia.culturaviva.net.br\\\/pt\\\/author\\\/carlauhlmann\\\/\"}]}<\/script>\n<!-- \/ Yoast SEO plugin. -->","yoast_head_json":{"title":"Funda\u00e7\u00e3o Pierre Verger - Rede Cultura Viva da Bahia","robots":{"index":"index","follow":"follow","max-snippet":"max-snippet:-1","max-image-preview":"max-image-preview:large","max-video-preview":"max-video-preview:-1"},"canonical":"https:\/\/bahia.culturaviva.net.br\/pt\/cultura\/culturaviva\/fundacao-pierre-verger\/","og_locale":"pt_BR","og_type":"article","og_title":"Funda\u00e7\u00e3o Pierre Verger - Rede Cultura Viva da Bahia","og_description":"Fonte: https:\/\/pierreverger.org\/ Hist\u00f3rico A Funda\u00e7\u00e3o Pierre Verger \u00e9 uma institui\u00e7\u00e3o sem fins lucrativos, cuja sede funciona desde 1988 em Salvador, no bairro do Engenho Velho de Brotas, na casa onde Pierre Verger viveu. Ela tem como miss\u00e3o preservar o acervo e a mem\u00f3ria de seu fundador, al\u00e9m de propor atividades culturais e socioeducativas para a [&hellip;]","og_url":"https:\/\/bahia.culturaviva.net.br\/pt\/cultura\/culturaviva\/fundacao-pierre-verger\/","og_site_name":"Rede Cultura Viva da Bahia","article_published_time":"2025-11-11T14:47:55+00:00","article_modified_time":"2025-11-11T14:47:56+00:00","og_image":[{"width":1280,"height":1599,"url":"https:\/\/bahia.culturaviva.net.br\/wp-content\/uploads\/2025\/11\/fatumbi.webp","type":"image\/webp"}],"author":"Carla Uhlmann","twitter_card":"summary_large_image","twitter_misc":{"Escrito por":"Carla Uhlmann","Est. tempo de leitura":"5 minutos"},"schema":{"@context":"https:\/\/schema.org","@graph":[{"@type":"Article","@id":"https:\/\/bahia.culturaviva.net.br\/cultura\/culturaviva\/fundacao-pierre-verger\/#article","isPartOf":{"@id":"https:\/\/bahia.culturaviva.net.br\/cultura\/culturaviva\/fundacao-pierre-verger\/"},"author":{"name":"Carla Uhlmann","@id":"https:\/\/bahia.culturaviva.net.br\/#\/schema\/person\/6e78da73e0acb5b6b65735aa9584dba0"},"headline":"Funda\u00e7\u00e3o Pierre Verger","datePublished":"2025-11-11T14:47:55+00:00","dateModified":"2025-11-11T14:47:56+00:00","mainEntityOfPage":{"@id":"https:\/\/bahia.culturaviva.net.br\/cultura\/culturaviva\/fundacao-pierre-verger\/"},"wordCount":829,"commentCount":0,"publisher":{"@id":"https:\/\/bahia.culturaviva.net.br\/#organization"},"image":{"@id":"https:\/\/bahia.culturaviva.net.br\/cultura\/culturaviva\/fundacao-pierre-verger\/#primaryimage"},"thumbnailUrl":"https:\/\/bahia.culturaviva.net.br\/wp-content\/uploads\/2025\/11\/fatumbi.webp","keywords":["Exposi\u00e7\u00e3o","Fotografia","Mem\u00f3ria"],"articleSection":["Cultura Viva","Fotografia","Museu"],"inLanguage":"pt-BR","potentialAction":[{"@type":"CommentAction","name":"Comment","target":["https:\/\/bahia.culturaviva.net.br\/cultura\/culturaviva\/fundacao-pierre-verger\/#respond"]}]},{"@type":"WebPage","@id":"https:\/\/bahia.culturaviva.net.br\/cultura\/culturaviva\/fundacao-pierre-verger\/","url":"https:\/\/bahia.culturaviva.net.br\/cultura\/culturaviva\/fundacao-pierre-verger\/","name":"Funda\u00e7\u00e3o Pierre Verger - Rede Cultura Viva da Bahia","isPartOf":{"@id":"https:\/\/bahia.culturaviva.net.br\/#website"},"primaryImageOfPage":{"@id":"https:\/\/bahia.culturaviva.net.br\/cultura\/culturaviva\/fundacao-pierre-verger\/#primaryimage"},"image":{"@id":"https:\/\/bahia.culturaviva.net.br\/cultura\/culturaviva\/fundacao-pierre-verger\/#primaryimage"},"thumbnailUrl":"https:\/\/bahia.culturaviva.net.br\/wp-content\/uploads\/2025\/11\/fatumbi.webp","datePublished":"2025-11-11T14:47:55+00:00","dateModified":"2025-11-11T14:47:56+00:00","breadcrumb":{"@id":"https:\/\/bahia.culturaviva.net.br\/cultura\/culturaviva\/fundacao-pierre-verger\/#breadcrumb"},"inLanguage":"pt-BR","potentialAction":[{"@type":"ReadAction","target":["https:\/\/bahia.culturaviva.net.br\/cultura\/culturaviva\/fundacao-pierre-verger\/"]}]},{"@type":"ImageObject","inLanguage":"pt-BR","@id":"https:\/\/bahia.culturaviva.net.br\/cultura\/culturaviva\/fundacao-pierre-verger\/#primaryimage","url":"https:\/\/bahia.culturaviva.net.br\/wp-content\/uploads\/2025\/11\/fatumbi.webp","contentUrl":"https:\/\/bahia.culturaviva.net.br\/wp-content\/uploads\/2025\/11\/fatumbi.webp","width":1280,"height":1599},{"@type":"BreadcrumbList","@id":"https:\/\/bahia.culturaviva.net.br\/cultura\/culturaviva\/fundacao-pierre-verger\/#breadcrumb","itemListElement":[{"@type":"ListItem","position":1,"name":"In\u00edcio","item":"https:\/\/bahia.culturaviva.net.br\/"},{"@type":"ListItem","position":2,"name":"Funda\u00e7\u00e3o Pierre Verger"}]},{"@type":"WebSite","@id":"https:\/\/bahia.culturaviva.net.br\/#website","url":"https:\/\/bahia.culturaviva.net.br\/","name":"Rede Cultura Viva da Bahia","description":"Espa\u00e7o para Acervo, Informa\u00e7\u00e3o e Participa\u00e7\u00e3o Social da Rede de Pontos de Cultura da Bahia","publisher":{"@id":"https:\/\/bahia.culturaviva.net.br\/#organization"},"potentialAction":[{"@type":"SearchAction","target":{"@type":"EntryPoint","urlTemplate":"https:\/\/bahia.culturaviva.net.br\/?s={search_term_string}"},"query-input":{"@type":"PropertyValueSpecification","valueRequired":true,"valueName":"search_term_string"}}],"inLanguage":"pt-BR"},{"@type":"Organization","@id":"https:\/\/bahia.culturaviva.net.br\/#organization","name":"Rede Cultura Viva da Bahia","url":"https:\/\/bahia.culturaviva.net.br\/","logo":{"@type":"ImageObject","inLanguage":"pt-BR","@id":"https:\/\/bahia.culturaviva.net.br\/#\/schema\/logo\/image\/","url":"https:\/\/bahia.culturaviva.net.br\/wp-content\/uploads\/2025\/11\/logo-plataforma-culturaviva-bahia-branco.png","contentUrl":"https:\/\/bahia.culturaviva.net.br\/wp-content\/uploads\/2025\/11\/logo-plataforma-culturaviva-bahia-branco.png","width":628,"height":652,"caption":"Rede Cultura Viva da Bahia"},"image":{"@id":"https:\/\/bahia.culturaviva.net.br\/#\/schema\/logo\/image\/"}},{"@type":"Person","@id":"https:\/\/bahia.culturaviva.net.br\/#\/schema\/person\/6e78da73e0acb5b6b65735aa9584dba0","name":"Carla Uhlmann","image":{"@type":"ImageObject","inLanguage":"pt-BR","@id":"https:\/\/secure.gravatar.com\/avatar\/174652d1afb5fe35d03517b4ac78b9aae436c9a12e364319b1fc0cf646d4a933?s=96&d=mm&r=g","url":"https:\/\/secure.gravatar.com\/avatar\/174652d1afb5fe35d03517b4ac78b9aae436c9a12e364319b1fc0cf646d4a933?s=96&d=mm&r=g","contentUrl":"https:\/\/secure.gravatar.com\/avatar\/174652d1afb5fe35d03517b4ac78b9aae436c9a12e364319b1fc0cf646d4a933?s=96&d=mm&r=g","caption":"Carla Uhlmann"},"url":"https:\/\/bahia.culturaviva.net.br\/pt\/author\/carlauhlmann\/"}]}},"_links":{"self":[{"href":"https:\/\/bahia.culturaviva.net.br\/pt\/wp-json\/wp\/v2\/posts\/1227","targetHints":{"allow":["GET"]}}],"collection":[{"href":"https:\/\/bahia.culturaviva.net.br\/pt\/wp-json\/wp\/v2\/posts"}],"about":[{"href":"https:\/\/bahia.culturaviva.net.br\/pt\/wp-json\/wp\/v2\/types\/post"}],"author":[{"embeddable":true,"href":"https:\/\/bahia.culturaviva.net.br\/pt\/wp-json\/wp\/v2\/users\/4"}],"replies":[{"embeddable":true,"href":"https:\/\/bahia.culturaviva.net.br\/pt\/wp-json\/wp\/v2\/comments?post=1227"}],"version-history":[{"count":1,"href":"https:\/\/bahia.culturaviva.net.br\/pt\/wp-json\/wp\/v2\/posts\/1227\/revisions"}],"predecessor-version":[{"id":1230,"href":"https:\/\/bahia.culturaviva.net.br\/pt\/wp-json\/wp\/v2\/posts\/1227\/revisions\/1230"}],"wp:featuredmedia":[{"embeddable":true,"href":"https:\/\/bahia.culturaviva.net.br\/pt\/wp-json\/wp\/v2\/media\/1229"}],"wp:attachment":[{"href":"https:\/\/bahia.culturaviva.net.br\/pt\/wp-json\/wp\/v2\/media?parent=1227"}],"wp:term":[{"taxonomy":"category","embeddable":true,"href":"https:\/\/bahia.culturaviva.net.br\/pt\/wp-json\/wp\/v2\/categories?post=1227"},{"taxonomy":"post_tag","embeddable":true,"href":"https:\/\/bahia.culturaviva.net.br\/pt\/wp-json\/wp\/v2\/tags?post=1227"}],"curies":[{"name":"wp","href":"https:\/\/api.w.org\/{rel}","templated":true}]}}