{"id":1231,"date":"2025-11-11T11:58:27","date_gmt":"2025-11-11T14:58:27","guid":{"rendered":"https:\/\/bahia.culturaviva.net.br\/?p=1231"},"modified":"2025-11-11T11:58:29","modified_gmt":"2025-11-11T14:58:29","slug":"ponto-de-cultura-de-mucuge","status":"publish","type":"post","link":"https:\/\/bahia.culturaviva.net.br\/pt\/cultura\/culturaviva\/ponto-de-cultura-de-mucuge\/","title":{"rendered":"Ponto de Cultura de Mucug\u00ea"},"content":{"rendered":"<h2 class=\"wp-block-heading\" id=\"funcionamento\">Funcionamento<\/h2>\n\n\n\n<p><strong><em>Estamos funcionando provisoriamente no 1\u00b0 andar do Casar\u00e3o do Museu Municipal, na Pra\u00e7a Coronel Prop\u00e9rcio.<\/em><\/strong><\/p>\n\n\n\n<p>O Ponto de Cultura de Mucug\u00ea possui uma gest\u00e3o compartilhada do Conselho Municipal de Cultura em parceria com a Secretaria Municipal de Cultura e Turismo e apoio institucional do Iphan.<\/p>\n\n\n\n<figure class=\"wp-block-image size-large\"><img loading=\"lazy\" decoding=\"async\" width=\"872\" height=\"712\" src=\"https:\/\/bahia.culturaviva.net.br\/wp-content\/uploads\/2025\/11\/WhatsApp-Image-2022-11-27-at-12.02.10.jpg\" alt=\"\" class=\"wp-image-1233\" srcset=\"https:\/\/bahia.culturaviva.net.br\/wp-content\/uploads\/2025\/11\/WhatsApp-Image-2022-11-27-at-12.02.10.jpg 872w, https:\/\/bahia.culturaviva.net.br\/wp-content\/uploads\/2025\/11\/WhatsApp-Image-2022-11-27-at-12.02.10-300x245.jpg 300w, https:\/\/bahia.culturaviva.net.br\/wp-content\/uploads\/2025\/11\/WhatsApp-Image-2022-11-27-at-12.02.10-768x627.jpg 768w, https:\/\/bahia.culturaviva.net.br\/wp-content\/uploads\/2025\/11\/WhatsApp-Image-2022-11-27-at-12.02.10-15x12.jpg 15w, https:\/\/bahia.culturaviva.net.br\/wp-content\/uploads\/2025\/11\/WhatsApp-Image-2022-11-27-at-12.02.10-205x167.jpg 205w, https:\/\/bahia.culturaviva.net.br\/wp-content\/uploads\/2025\/11\/WhatsApp-Image-2022-11-27-at-12.02.10-480x392.jpg 480w\" sizes=\"auto, (max-width: 872px) 100vw, 872px\" \/><\/figure>\n\n\n\n<p>Fonte: <a href=\"https:\/\/mucuge.chapada.ba\/pontodecultura\/\">https:\/\/mucuge.chapada.ba\/pontodecultura\/<\/a><\/p>\n\n\n\n<p><\/p>","protected":false},"excerpt":{"rendered":"<p>Funcionamento Estamos funcionando provisoriamente no 1\u00b0 andar do Casar\u00e3o do Museu Municipal, na Pra\u00e7a Coronel Prop\u00e9rcio. O Ponto de Cultura de Mucug\u00ea possui uma gest\u00e3o compartilhada do Conselho Municipal de Cultura em parceria com a Secretaria Municipal de Cultura e Turismo e apoio institucional do Iphan. Fonte: https:\/\/mucuge.chapada.ba\/pontodecultura\/<\/p>","protected":false},"author":4,"featured_media":1232,"comment_status":"open","ping_status":"open","sticky":false,"template":"","format":"standard","meta":{"_acf_changed":false,"_gspb_post_css":"","footnotes":""},"categories":[2,26],"tags":[43,31,32,42],"class_list":["post-1231","post","type-post","status-publish","format-standard","has-post-thumbnail","hentry","category-culturaviva","category-ponto-de-cultura","tag-cultura-digital","tag-literatura","tag-musica","tag-oficinas"],"blocksy_meta":[],"acf":[],"yoast_head":"<!-- This site is optimized with the Yoast SEO plugin v27.3 - https:\/\/yoast.com\/product\/yoast-seo-wordpress\/ -->\n<title>Ponto de Cultura de Mucug\u00ea - Rede Cultura Viva da Bahia<\/title>\n<meta name=\"robots\" content=\"index, follow, max-snippet:-1, max-image-preview:large, max-video-preview:-1\" \/>\n<link rel=\"canonical\" href=\"https:\/\/bahia.culturaviva.net.br\/pt\/cultura\/culturaviva\/ponto-de-cultura-de-mucuge\/\" \/>\n<meta property=\"og:locale\" content=\"pt_BR\" \/>\n<meta property=\"og:type\" content=\"article\" \/>\n<meta property=\"og:title\" content=\"Ponto de Cultura de Mucug\u00ea - Rede Cultura Viva da Bahia\" \/>\n<meta property=\"og:description\" content=\"Funcionamento Estamos funcionando provisoriamente no 1\u00b0 andar do Casar\u00e3o do Museu Municipal, na Pra\u00e7a Coronel Prop\u00e9rcio. O Ponto de Cultura de Mucug\u00ea possui uma gest\u00e3o compartilhada do Conselho Municipal de Cultura em parceria com a Secretaria Municipal de Cultura e Turismo e apoio institucional do Iphan. Fonte: https:\/\/mucuge.chapada.ba\/pontodecultura\/\" \/>\n<meta property=\"og:url\" content=\"https:\/\/bahia.culturaviva.net.br\/pt\/cultura\/culturaviva\/ponto-de-cultura-de-mucuge\/\" \/>\n<meta property=\"og:site_name\" content=\"Rede Cultura Viva da Bahia\" \/>\n<meta property=\"article:published_time\" content=\"2025-11-11T14:58:27+00:00\" \/>\n<meta property=\"article:modified_time\" content=\"2025-11-11T14:58:29+00:00\" \/>\n<meta property=\"og:image\" content=\"https:\/\/bahia.culturaviva.net.br\/wp-content\/uploads\/2025\/11\/ponto-de-cultura-de-mucuge.webp\" \/>\n\t<meta property=\"og:image:width\" content=\"872\" \/>\n\t<meta property=\"og:image:height\" content=\"712\" \/>\n\t<meta property=\"og:image:type\" content=\"image\/webp\" \/>\n<meta name=\"author\" content=\"Carla Uhlmann\" \/>\n<meta name=\"twitter:card\" content=\"summary_large_image\" \/>\n<meta name=\"twitter:label1\" content=\"Escrito por\" \/>\n\t<meta name=\"twitter:data1\" content=\"Carla Uhlmann\" \/>\n\t<meta name=\"twitter:label2\" content=\"Est. tempo de leitura\" \/>\n\t<meta name=\"twitter:data2\" content=\"1 minuto\" \/>\n<script type=\"application\/ld+json\" class=\"yoast-schema-graph\">{\"@context\":\"https:\\\/\\\/schema.org\",\"@graph\":[{\"@type\":\"Article\",\"@id\":\"https:\\\/\\\/bahia.culturaviva.net.br\\\/cultura\\\/culturaviva\\\/ponto-de-cultura-de-mucuge\\\/#article\",\"isPartOf\":{\"@id\":\"https:\\\/\\\/bahia.culturaviva.net.br\\\/cultura\\\/culturaviva\\\/ponto-de-cultura-de-mucuge\\\/\"},\"author\":{\"name\":\"Carla Uhlmann\",\"@id\":\"https:\\\/\\\/bahia.culturaviva.net.br\\\/#\\\/schema\\\/person\\\/6e78da73e0acb5b6b65735aa9584dba0\"},\"headline\":\"Ponto de Cultura de Mucug\u00ea\",\"datePublished\":\"2025-11-11T14:58:27+00:00\",\"dateModified\":\"2025-11-11T14:58:29+00:00\",\"mainEntityOfPage\":{\"@id\":\"https:\\\/\\\/bahia.culturaviva.net.br\\\/cultura\\\/culturaviva\\\/ponto-de-cultura-de-mucuge\\\/\"},\"wordCount\":60,\"commentCount\":0,\"publisher\":{\"@id\":\"https:\\\/\\\/bahia.culturaviva.net.br\\\/#organization\"},\"image\":{\"@id\":\"https:\\\/\\\/bahia.culturaviva.net.br\\\/cultura\\\/culturaviva\\\/ponto-de-cultura-de-mucuge\\\/#primaryimage\"},\"thumbnailUrl\":\"https:\\\/\\\/bahia.culturaviva.net.br\\\/wp-content\\\/uploads\\\/2025\\\/11\\\/ponto-de-cultura-de-mucuge.webp\",\"keywords\":[\"Cultura Digital\",\"Literatura\",\"M\u00fasica\",\"Oficinas\"],\"articleSection\":[\"Cultura Viva\",\"Ponto de Cultura\"],\"inLanguage\":\"pt-BR\",\"potentialAction\":[{\"@type\":\"CommentAction\",\"name\":\"Comment\",\"target\":[\"https:\\\/\\\/bahia.culturaviva.net.br\\\/cultura\\\/culturaviva\\\/ponto-de-cultura-de-mucuge\\\/#respond\"]}]},{\"@type\":\"WebPage\",\"@id\":\"https:\\\/\\\/bahia.culturaviva.net.br\\\/cultura\\\/culturaviva\\\/ponto-de-cultura-de-mucuge\\\/\",\"url\":\"https:\\\/\\\/bahia.culturaviva.net.br\\\/cultura\\\/culturaviva\\\/ponto-de-cultura-de-mucuge\\\/\",\"name\":\"Ponto de Cultura de Mucug\u00ea - Rede Cultura Viva da Bahia\",\"isPartOf\":{\"@id\":\"https:\\\/\\\/bahia.culturaviva.net.br\\\/#website\"},\"primaryImageOfPage\":{\"@id\":\"https:\\\/\\\/bahia.culturaviva.net.br\\\/cultura\\\/culturaviva\\\/ponto-de-cultura-de-mucuge\\\/#primaryimage\"},\"image\":{\"@id\":\"https:\\\/\\\/bahia.culturaviva.net.br\\\/cultura\\\/culturaviva\\\/ponto-de-cultura-de-mucuge\\\/#primaryimage\"},\"thumbnailUrl\":\"https:\\\/\\\/bahia.culturaviva.net.br\\\/wp-content\\\/uploads\\\/2025\\\/11\\\/ponto-de-cultura-de-mucuge.webp\",\"datePublished\":\"2025-11-11T14:58:27+00:00\",\"dateModified\":\"2025-11-11T14:58:29+00:00\",\"breadcrumb\":{\"@id\":\"https:\\\/\\\/bahia.culturaviva.net.br\\\/cultura\\\/culturaviva\\\/ponto-de-cultura-de-mucuge\\\/#breadcrumb\"},\"inLanguage\":\"pt-BR\",\"potentialAction\":[{\"@type\":\"ReadAction\",\"target\":[\"https:\\\/\\\/bahia.culturaviva.net.br\\\/cultura\\\/culturaviva\\\/ponto-de-cultura-de-mucuge\\\/\"]}]},{\"@type\":\"ImageObject\",\"inLanguage\":\"pt-BR\",\"@id\":\"https:\\\/\\\/bahia.culturaviva.net.br\\\/cultura\\\/culturaviva\\\/ponto-de-cultura-de-mucuge\\\/#primaryimage\",\"url\":\"https:\\\/\\\/bahia.culturaviva.net.br\\\/wp-content\\\/uploads\\\/2025\\\/11\\\/ponto-de-cultura-de-mucuge.webp\",\"contentUrl\":\"https:\\\/\\\/bahia.culturaviva.net.br\\\/wp-content\\\/uploads\\\/2025\\\/11\\\/ponto-de-cultura-de-mucuge.webp\",\"width\":872,\"height\":712},{\"@type\":\"BreadcrumbList\",\"@id\":\"https:\\\/\\\/bahia.culturaviva.net.br\\\/cultura\\\/culturaviva\\\/ponto-de-cultura-de-mucuge\\\/#breadcrumb\",\"itemListElement\":[{\"@type\":\"ListItem\",\"position\":1,\"name\":\"In\u00edcio\",\"item\":\"https:\\\/\\\/bahia.culturaviva.net.br\\\/\"},{\"@type\":\"ListItem\",\"position\":2,\"name\":\"Ponto de Cultura de Mucug\u00ea\"}]},{\"@type\":\"WebSite\",\"@id\":\"https:\\\/\\\/bahia.culturaviva.net.br\\\/#website\",\"url\":\"https:\\\/\\\/bahia.culturaviva.net.br\\\/\",\"name\":\"Rede Cultura Viva da Bahia\",\"description\":\"Espa\u00e7o para Acervo, Informa\u00e7\u00e3o e Participa\u00e7\u00e3o Social da Rede de Pontos de Cultura da Bahia\",\"publisher\":{\"@id\":\"https:\\\/\\\/bahia.culturaviva.net.br\\\/#organization\"},\"potentialAction\":[{\"@type\":\"SearchAction\",\"target\":{\"@type\":\"EntryPoint\",\"urlTemplate\":\"https:\\\/\\\/bahia.culturaviva.net.br\\\/?s={search_term_string}\"},\"query-input\":{\"@type\":\"PropertyValueSpecification\",\"valueRequired\":true,\"valueName\":\"search_term_string\"}}],\"inLanguage\":\"pt-BR\"},{\"@type\":\"Organization\",\"@id\":\"https:\\\/\\\/bahia.culturaviva.net.br\\\/#organization\",\"name\":\"Rede Cultura Viva da Bahia\",\"url\":\"https:\\\/\\\/bahia.culturaviva.net.br\\\/\",\"logo\":{\"@type\":\"ImageObject\",\"inLanguage\":\"pt-BR\",\"@id\":\"https:\\\/\\\/bahia.culturaviva.net.br\\\/#\\\/schema\\\/logo\\\/image\\\/\",\"url\":\"https:\\\/\\\/bahia.culturaviva.net.br\\\/wp-content\\\/uploads\\\/2025\\\/11\\\/logo-plataforma-culturaviva-bahia-branco.png\",\"contentUrl\":\"https:\\\/\\\/bahia.culturaviva.net.br\\\/wp-content\\\/uploads\\\/2025\\\/11\\\/logo-plataforma-culturaviva-bahia-branco.png\",\"width\":628,\"height\":652,\"caption\":\"Rede Cultura Viva da Bahia\"},\"image\":{\"@id\":\"https:\\\/\\\/bahia.culturaviva.net.br\\\/#\\\/schema\\\/logo\\\/image\\\/\"}},{\"@type\":\"Person\",\"@id\":\"https:\\\/\\\/bahia.culturaviva.net.br\\\/#\\\/schema\\\/person\\\/6e78da73e0acb5b6b65735aa9584dba0\",\"name\":\"Carla Uhlmann\",\"image\":{\"@type\":\"ImageObject\",\"inLanguage\":\"pt-BR\",\"@id\":\"https:\\\/\\\/secure.gravatar.com\\\/avatar\\\/174652d1afb5fe35d03517b4ac78b9aae436c9a12e364319b1fc0cf646d4a933?s=96&d=mm&r=g\",\"url\":\"https:\\\/\\\/secure.gravatar.com\\\/avatar\\\/174652d1afb5fe35d03517b4ac78b9aae436c9a12e364319b1fc0cf646d4a933?s=96&d=mm&r=g\",\"contentUrl\":\"https:\\\/\\\/secure.gravatar.com\\\/avatar\\\/174652d1afb5fe35d03517b4ac78b9aae436c9a12e364319b1fc0cf646d4a933?s=96&d=mm&r=g\",\"caption\":\"Carla Uhlmann\"},\"url\":\"https:\\\/\\\/bahia.culturaviva.net.br\\\/pt\\\/author\\\/carlauhlmann\\\/\"}]}<\/script>\n<!-- \/ Yoast SEO plugin. -->","yoast_head_json":{"title":"Ponto de Cultura de Mucug\u00ea - Rede Cultura Viva da Bahia","robots":{"index":"index","follow":"follow","max-snippet":"max-snippet:-1","max-image-preview":"max-image-preview:large","max-video-preview":"max-video-preview:-1"},"canonical":"https:\/\/bahia.culturaviva.net.br\/pt\/cultura\/culturaviva\/ponto-de-cultura-de-mucuge\/","og_locale":"pt_BR","og_type":"article","og_title":"Ponto de Cultura de Mucug\u00ea - Rede Cultura Viva da Bahia","og_description":"Funcionamento Estamos funcionando provisoriamente no 1\u00b0 andar do Casar\u00e3o do Museu Municipal, na Pra\u00e7a Coronel Prop\u00e9rcio. O Ponto de Cultura de Mucug\u00ea possui uma gest\u00e3o compartilhada do Conselho Municipal de Cultura em parceria com a Secretaria Municipal de Cultura e Turismo e apoio institucional do Iphan. Fonte: https:\/\/mucuge.chapada.ba\/pontodecultura\/","og_url":"https:\/\/bahia.culturaviva.net.br\/pt\/cultura\/culturaviva\/ponto-de-cultura-de-mucuge\/","og_site_name":"Rede Cultura Viva da Bahia","article_published_time":"2025-11-11T14:58:27+00:00","article_modified_time":"2025-11-11T14:58:29+00:00","og_image":[{"width":872,"height":712,"url":"https:\/\/bahia.culturaviva.net.br\/wp-content\/uploads\/2025\/11\/ponto-de-cultura-de-mucuge.webp","type":"image\/webp"}],"author":"Carla Uhlmann","twitter_card":"summary_large_image","twitter_misc":{"Escrito por":"Carla Uhlmann","Est. tempo de leitura":"1 minuto"},"schema":{"@context":"https:\/\/schema.org","@graph":[{"@type":"Article","@id":"https:\/\/bahia.culturaviva.net.br\/cultura\/culturaviva\/ponto-de-cultura-de-mucuge\/#article","isPartOf":{"@id":"https:\/\/bahia.culturaviva.net.br\/cultura\/culturaviva\/ponto-de-cultura-de-mucuge\/"},"author":{"name":"Carla Uhlmann","@id":"https:\/\/bahia.culturaviva.net.br\/#\/schema\/person\/6e78da73e0acb5b6b65735aa9584dba0"},"headline":"Ponto de Cultura de Mucug\u00ea","datePublished":"2025-11-11T14:58:27+00:00","dateModified":"2025-11-11T14:58:29+00:00","mainEntityOfPage":{"@id":"https:\/\/bahia.culturaviva.net.br\/cultura\/culturaviva\/ponto-de-cultura-de-mucuge\/"},"wordCount":60,"commentCount":0,"publisher":{"@id":"https:\/\/bahia.culturaviva.net.br\/#organization"},"image":{"@id":"https:\/\/bahia.culturaviva.net.br\/cultura\/culturaviva\/ponto-de-cultura-de-mucuge\/#primaryimage"},"thumbnailUrl":"https:\/\/bahia.culturaviva.net.br\/wp-content\/uploads\/2025\/11\/ponto-de-cultura-de-mucuge.webp","keywords":["Cultura Digital","Literatura","M\u00fasica","Oficinas"],"articleSection":["Cultura Viva","Ponto de Cultura"],"inLanguage":"pt-BR","potentialAction":[{"@type":"CommentAction","name":"Comment","target":["https:\/\/bahia.culturaviva.net.br\/cultura\/culturaviva\/ponto-de-cultura-de-mucuge\/#respond"]}]},{"@type":"WebPage","@id":"https:\/\/bahia.culturaviva.net.br\/cultura\/culturaviva\/ponto-de-cultura-de-mucuge\/","url":"https:\/\/bahia.culturaviva.net.br\/cultura\/culturaviva\/ponto-de-cultura-de-mucuge\/","name":"Ponto de Cultura de Mucug\u00ea - Rede Cultura Viva da Bahia","isPartOf":{"@id":"https:\/\/bahia.culturaviva.net.br\/#website"},"primaryImageOfPage":{"@id":"https:\/\/bahia.culturaviva.net.br\/cultura\/culturaviva\/ponto-de-cultura-de-mucuge\/#primaryimage"},"image":{"@id":"https:\/\/bahia.culturaviva.net.br\/cultura\/culturaviva\/ponto-de-cultura-de-mucuge\/#primaryimage"},"thumbnailUrl":"https:\/\/bahia.culturaviva.net.br\/wp-content\/uploads\/2025\/11\/ponto-de-cultura-de-mucuge.webp","datePublished":"2025-11-11T14:58:27+00:00","dateModified":"2025-11-11T14:58:29+00:00","breadcrumb":{"@id":"https:\/\/bahia.culturaviva.net.br\/cultura\/culturaviva\/ponto-de-cultura-de-mucuge\/#breadcrumb"},"inLanguage":"pt-BR","potentialAction":[{"@type":"ReadAction","target":["https:\/\/bahia.culturaviva.net.br\/cultura\/culturaviva\/ponto-de-cultura-de-mucuge\/"]}]},{"@type":"ImageObject","inLanguage":"pt-BR","@id":"https:\/\/bahia.culturaviva.net.br\/cultura\/culturaviva\/ponto-de-cultura-de-mucuge\/#primaryimage","url":"https:\/\/bahia.culturaviva.net.br\/wp-content\/uploads\/2025\/11\/ponto-de-cultura-de-mucuge.webp","contentUrl":"https:\/\/bahia.culturaviva.net.br\/wp-content\/uploads\/2025\/11\/ponto-de-cultura-de-mucuge.webp","width":872,"height":712},{"@type":"BreadcrumbList","@id":"https:\/\/bahia.culturaviva.net.br\/cultura\/culturaviva\/ponto-de-cultura-de-mucuge\/#breadcrumb","itemListElement":[{"@type":"ListItem","position":1,"name":"In\u00edcio","item":"https:\/\/bahia.culturaviva.net.br\/"},{"@type":"ListItem","position":2,"name":"Ponto de Cultura de Mucug\u00ea"}]},{"@type":"WebSite","@id":"https:\/\/bahia.culturaviva.net.br\/#website","url":"https:\/\/bahia.culturaviva.net.br\/","name":"Rede Cultura Viva da Bahia","description":"Espa\u00e7o para Acervo, Informa\u00e7\u00e3o e Participa\u00e7\u00e3o Social da Rede de Pontos de Cultura da Bahia","publisher":{"@id":"https:\/\/bahia.culturaviva.net.br\/#organization"},"potentialAction":[{"@type":"SearchAction","target":{"@type":"EntryPoint","urlTemplate":"https:\/\/bahia.culturaviva.net.br\/?s={search_term_string}"},"query-input":{"@type":"PropertyValueSpecification","valueRequired":true,"valueName":"search_term_string"}}],"inLanguage":"pt-BR"},{"@type":"Organization","@id":"https:\/\/bahia.culturaviva.net.br\/#organization","name":"Rede Cultura Viva da Bahia","url":"https:\/\/bahia.culturaviva.net.br\/","logo":{"@type":"ImageObject","inLanguage":"pt-BR","@id":"https:\/\/bahia.culturaviva.net.br\/#\/schema\/logo\/image\/","url":"https:\/\/bahia.culturaviva.net.br\/wp-content\/uploads\/2025\/11\/logo-plataforma-culturaviva-bahia-branco.png","contentUrl":"https:\/\/bahia.culturaviva.net.br\/wp-content\/uploads\/2025\/11\/logo-plataforma-culturaviva-bahia-branco.png","width":628,"height":652,"caption":"Rede Cultura Viva da Bahia"},"image":{"@id":"https:\/\/bahia.culturaviva.net.br\/#\/schema\/logo\/image\/"}},{"@type":"Person","@id":"https:\/\/bahia.culturaviva.net.br\/#\/schema\/person\/6e78da73e0acb5b6b65735aa9584dba0","name":"Carla Uhlmann","image":{"@type":"ImageObject","inLanguage":"pt-BR","@id":"https:\/\/secure.gravatar.com\/avatar\/174652d1afb5fe35d03517b4ac78b9aae436c9a12e364319b1fc0cf646d4a933?s=96&d=mm&r=g","url":"https:\/\/secure.gravatar.com\/avatar\/174652d1afb5fe35d03517b4ac78b9aae436c9a12e364319b1fc0cf646d4a933?s=96&d=mm&r=g","contentUrl":"https:\/\/secure.gravatar.com\/avatar\/174652d1afb5fe35d03517b4ac78b9aae436c9a12e364319b1fc0cf646d4a933?s=96&d=mm&r=g","caption":"Carla Uhlmann"},"url":"https:\/\/bahia.culturaviva.net.br\/pt\/author\/carlauhlmann\/"}]}},"_links":{"self":[{"href":"https:\/\/bahia.culturaviva.net.br\/pt\/wp-json\/wp\/v2\/posts\/1231","targetHints":{"allow":["GET"]}}],"collection":[{"href":"https:\/\/bahia.culturaviva.net.br\/pt\/wp-json\/wp\/v2\/posts"}],"about":[{"href":"https:\/\/bahia.culturaviva.net.br\/pt\/wp-json\/wp\/v2\/types\/post"}],"author":[{"embeddable":true,"href":"https:\/\/bahia.culturaviva.net.br\/pt\/wp-json\/wp\/v2\/users\/4"}],"replies":[{"embeddable":true,"href":"https:\/\/bahia.culturaviva.net.br\/pt\/wp-json\/wp\/v2\/comments?post=1231"}],"version-history":[{"count":1,"href":"https:\/\/bahia.culturaviva.net.br\/pt\/wp-json\/wp\/v2\/posts\/1231\/revisions"}],"predecessor-version":[{"id":1234,"href":"https:\/\/bahia.culturaviva.net.br\/pt\/wp-json\/wp\/v2\/posts\/1231\/revisions\/1234"}],"wp:featuredmedia":[{"embeddable":true,"href":"https:\/\/bahia.culturaviva.net.br\/pt\/wp-json\/wp\/v2\/media\/1232"}],"wp:attachment":[{"href":"https:\/\/bahia.culturaviva.net.br\/pt\/wp-json\/wp\/v2\/media?parent=1231"}],"wp:term":[{"taxonomy":"category","embeddable":true,"href":"https:\/\/bahia.culturaviva.net.br\/pt\/wp-json\/wp\/v2\/categories?post=1231"},{"taxonomy":"post_tag","embeddable":true,"href":"https:\/\/bahia.culturaviva.net.br\/pt\/wp-json\/wp\/v2\/tags?post=1231"}],"curies":[{"name":"wp","href":"https:\/\/api.w.org\/{rel}","templated":true}]}}