{"id":1235,"date":"2025-11-11T15:14:45","date_gmt":"2025-11-11T18:14:45","guid":{"rendered":"https:\/\/bahia.culturaviva.net.br\/?p=1235"},"modified":"2025-11-11T15:14:47","modified_gmt":"2025-11-11T18:14:47","slug":"mucuge-faz-historia-em-canarana-filarmonica-lyra-popular-emociona-no-1o-encontro-de-filarmonicas","status":"publish","type":"post","link":"https:\/\/bahia.culturaviva.net.br\/pt\/cultura\/culturaviva\/mucuge-faz-historia-em-canarana-filarmonica-lyra-popular-emociona-no-1o-encontro-de-filarmonicas\/","title":{"rendered":"Mucug\u00ea faz hist\u00f3ria em Canarana: Filarm\u00f4nica Lyra Popular emociona no 1\u00ba Encontro de Filarm\u00f4nicas"},"content":{"rendered":"<figure class=\"wp-block-image size-large\"><img loading=\"lazy\" decoding=\"async\" width=\"1024\" height=\"769\" src=\"https:\/\/bahia.culturaviva.net.br\/wp-content\/uploads\/2025\/11\/1000009497-1024x769-FL18Gj.jpg\" alt=\"\" class=\"wp-image-1238\" srcset=\"https:\/\/bahia.culturaviva.net.br\/wp-content\/uploads\/2025\/11\/1000009497-1024x769-FL18Gj.jpg 1024w, https:\/\/bahia.culturaviva.net.br\/wp-content\/uploads\/2025\/11\/1000009497-1024x769-FL18Gj-300x225.jpg 300w, https:\/\/bahia.culturaviva.net.br\/wp-content\/uploads\/2025\/11\/1000009497-1024x769-FL18Gj-768x577.jpg 768w, https:\/\/bahia.culturaviva.net.br\/wp-content\/uploads\/2025\/11\/1000009497-1024x769-FL18Gj-16x12.jpg 16w, https:\/\/bahia.culturaviva.net.br\/wp-content\/uploads\/2025\/11\/1000009497-1024x769-FL18Gj-205x154.jpg 205w, https:\/\/bahia.culturaviva.net.br\/wp-content\/uploads\/2025\/11\/1000009497-1024x769-FL18Gj-480x360.jpg 480w\" sizes=\"auto, (max-width: 1024px) 100vw, 1024px\" \/><\/figure>\n\n\n\n<p>Canarana-BA - 12 de julho de 2025. Uma cena inesquec\u00edvel tomou as ruas da cidade de Canarana: a chegada das filarm\u00f4nicas ao 1\u00ba Encontro de Filarm\u00f4nicas, promovido pela Filarm\u00f4nica Jo\u00e3o Mendes de Almeida (FJMA). Entre elas, uma presen\u00e7a se destacou n\u00e3o apenas pela execu\u00e7\u00e3o musical impec\u00e1vel, mas pela hist\u00f3ria que carrega: a Filarm\u00f4nica Lyra Popular de Mucug\u00ea (FLPM), que emocionou o p\u00fablico com sua tradi\u00e7\u00e3o, representatividade cultural e for\u00e7a comunit\u00e1ria.<\/p>\n\n\n\n<p>Logo em seu desfile de chegada, a FLPM apresentou um repert\u00f3rio simb\u00f3lico: o dobrado \u201cRodrigo Brand\u00e3o Queiroz\u201d, composi\u00e7\u00e3o do mucugeense Arthur Campos, seguido pelo dobrado \u201cDaniel\u201d, do maestro aba\u00edrense Odim de Melo - duas obras que representam a for\u00e7a da m\u00fasica regional e a valoriza\u00e7\u00e3o dos compositores da Chapada Diamantina.<\/p>\n\n\n\n<p>O evento reuniu mais de 300 m\u00fasicos vindos de diversas cidades da Bahia e do estado de Alagoas, formando um grande \u201cband\u00e3o\u201d que reverberou nas ruas o verdadeiro poder da m\u00fasica como linguagem universal.<\/p>\n\n\n\n<figure class=\"wp-block-image size-large\"><img loading=\"lazy\" decoding=\"async\" width=\"819\" height=\"1024\" src=\"https:\/\/bahia.culturaviva.net.br\/wp-content\/uploads\/2025\/11\/1000009521-819x1024-1.jpg\" alt=\"\" class=\"wp-image-1242\" srcset=\"https:\/\/bahia.culturaviva.net.br\/wp-content\/uploads\/2025\/11\/1000009521-819x1024-1.jpg 819w, https:\/\/bahia.culturaviva.net.br\/wp-content\/uploads\/2025\/11\/1000009521-819x1024-1-240x300.jpg 240w, https:\/\/bahia.culturaviva.net.br\/wp-content\/uploads\/2025\/11\/1000009521-819x1024-1-768x960.jpg 768w, https:\/\/bahia.culturaviva.net.br\/wp-content\/uploads\/2025\/11\/1000009521-819x1024-1-10x12.jpg 10w, https:\/\/bahia.culturaviva.net.br\/wp-content\/uploads\/2025\/11\/1000009521-819x1024-1-205x256.jpg 205w, https:\/\/bahia.culturaviva.net.br\/wp-content\/uploads\/2025\/11\/1000009521-819x1024-1-480x600.jpg 480w\" sizes=\"auto, (max-width: 819px) 100vw, 819px\" \/><\/figure>\n\n\n\n<p>Al\u00e9m da Lyra Popular de Mucug\u00ea, participaram:<\/p>\n\n\n\n<p>- Minerva Morrense<\/p>\n\n\n\n<p>- Sociedade Phylarmonica Lyra Popular de Len\u00e7\u00f3is<\/p>\n\n\n\n<p>- Filarm\u00f4nica Santa Cec\u00edlia de Palmeiras<\/p>\n\n\n\n<p>- Filarm\u00f4nica Jos\u00e9 Vitor de Carvalho<\/p>\n\n\n\n<p>- Filarm\u00f4nica Professor Otac\u00edlio Cerafim<\/p>\n\n\n\n<p>- Filarm\u00f4nica Municipal Tenente Jos\u00e9 Nic\u00e1cio de Souza (Alagoas)<\/p>\n\n\n\n<figure class=\"wp-block-image size-large\"><img loading=\"lazy\" decoding=\"async\" width=\"1024\" height=\"769\" src=\"https:\/\/bahia.culturaviva.net.br\/wp-content\/uploads\/2025\/11\/1000009500-1024x769-1.jpg\" alt=\"\" class=\"wp-image-1239\" srcset=\"https:\/\/bahia.culturaviva.net.br\/wp-content\/uploads\/2025\/11\/1000009500-1024x769-1.jpg 1024w, https:\/\/bahia.culturaviva.net.br\/wp-content\/uploads\/2025\/11\/1000009500-1024x769-1-300x225.jpg 300w, https:\/\/bahia.culturaviva.net.br\/wp-content\/uploads\/2025\/11\/1000009500-1024x769-1-768x577.jpg 768w, https:\/\/bahia.culturaviva.net.br\/wp-content\/uploads\/2025\/11\/1000009500-1024x769-1-16x12.jpg 16w, https:\/\/bahia.culturaviva.net.br\/wp-content\/uploads\/2025\/11\/1000009500-1024x769-1-205x154.jpg 205w, https:\/\/bahia.culturaviva.net.br\/wp-content\/uploads\/2025\/11\/1000009500-1024x769-1-480x360.jpg 480w\" sizes=\"auto, (max-width: 1024px) 100vw, 1024px\" \/><\/figure>\n\n\n\n<p>Forma\u00e7\u00e3o e inclus\u00e3o musical como pilares do encontro.<\/p>\n\n\n\n<p>Mais do que uma apresenta\u00e7\u00e3o musical, o encontro foi tamb\u00e9m um espa\u00e7o de forma\u00e7\u00e3o pedag\u00f3gica, com oficinas t\u00e9cnicas voltadas ao desenvolvimento dos m\u00fasicos:<\/p>\n\n\n\n<p>- Trompete e metais, com o maestro Rodrigo Reis (FLPM) e coordenador pedag\u00f3gico da (FUB);<\/p>\n\n\n\n<p>- Clarineta, com o professor Luiz Epaminondas, da Filarm\u00f4nica de Alagoas.<\/p>\n\n\n\n<p>As oficinas foram um marco importante no evento, como destacou o maestro Rodrigo Reis em entrevista: \u201cA oficina \u00e9 onde o verdadeiro encontro acontece. Aqui o m\u00fasico n\u00e3o apenas se apresenta, mas cresce, aprende, troca saberes e volta pra casa maior do que chegou\u201d. Todas as corpora\u00e7\u00f5es receberam lembran\u00e7as especiais, e o evento ainda contou com a presen\u00e7a de autoridades locais, como a Prefeita de Canarana, Marleide Oliveira, e o Secret\u00e1rio de Cultura, professor Aleandro Oliveira, que refor\u00e7aram seu apoio \u00e0 cultura musical da regi\u00e3o. A Lyra de Mucug\u00ea: quando o futuro encontra o passado.<\/p>\n\n\n\n<figure class=\"wp-block-image size-large\"><img loading=\"lazy\" decoding=\"async\" width=\"819\" height=\"1024\" src=\"https:\/\/bahia.culturaviva.net.br\/wp-content\/uploads\/2025\/11\/1000009522-819x1024-1.jpg\" alt=\"\" class=\"wp-image-1241\" srcset=\"https:\/\/bahia.culturaviva.net.br\/wp-content\/uploads\/2025\/11\/1000009522-819x1024-1.jpg 819w, https:\/\/bahia.culturaviva.net.br\/wp-content\/uploads\/2025\/11\/1000009522-819x1024-1-240x300.jpg 240w, https:\/\/bahia.culturaviva.net.br\/wp-content\/uploads\/2025\/11\/1000009522-819x1024-1-768x960.jpg 768w, https:\/\/bahia.culturaviva.net.br\/wp-content\/uploads\/2025\/11\/1000009522-819x1024-1-10x12.jpg 10w, https:\/\/bahia.culturaviva.net.br\/wp-content\/uploads\/2025\/11\/1000009522-819x1024-1-205x256.jpg 205w, https:\/\/bahia.culturaviva.net.br\/wp-content\/uploads\/2025\/11\/1000009522-819x1024-1-480x600.jpg 480w\" sizes=\"auto, (max-width: 819px) 100vw, 819px\" \/><\/figure>\n\n\n\n<p>A participa\u00e7\u00e3o da Filarm\u00f4nica Lyra Popular de Mucug\u00ea nesse encontro \u00e9 tamb\u00e9m a confirma\u00e7\u00e3o do sucesso de um projeto de resgate hist\u00f3rico e transforma\u00e7\u00e3o social. A banda \u00e9 fruto do esfor\u00e7o coletivo para reviver a Filarm\u00f4nica Lira Mucugeense, criada no s\u00e9culo XIX pelo maestro J\u00falio C\u00e9zar e interrompida por quest\u00f5es pol\u00edticas da \u00e9poca. Hoje, sob o nome de Lyra Popular de Mucug\u00ea, a banda integra o Ponto de Cultura local, \u00e9 contemplada pela Lei de Incentivo \u00e0 Cultura (PNAB) e conta com o apoio da Prefeitura Municipal de Mucug\u00ea, atuando fortemente por meio do projeto M\u00fasica para o Futuro - um exemplo de como a arte pode transformar realidades. No encerramento do evento, o clima foi de festa: todas as bandas reunidas em um s\u00f3 cora\u00e7\u00e3o, tocando frevos, m\u00fasicas populares e carnavalescas. O que se viu em Canarana foi mais do que um encontro de bandas - foi a celebra\u00e7\u00e3o de um Brasil que canta, resiste e transforma pelo som das suas filarm\u00f4nicas.<\/p>\n\n\n\n<figure class=\"wp-block-image size-large\"><img loading=\"lazy\" decoding=\"async\" width=\"1290\" height=\"855\" src=\"https:\/\/bahia.culturaviva.net.br\/wp-content\/uploads\/2025\/11\/DSC_5049-1-scaled-1.jpg\" alt=\"\" class=\"wp-image-1243\" srcset=\"https:\/\/bahia.culturaviva.net.br\/wp-content\/uploads\/2025\/11\/DSC_5049-1-scaled-1.jpg 1290w, https:\/\/bahia.culturaviva.net.br\/wp-content\/uploads\/2025\/11\/DSC_5049-1-scaled-1-300x199.jpg 300w, https:\/\/bahia.culturaviva.net.br\/wp-content\/uploads\/2025\/11\/DSC_5049-1-scaled-1-1024x679.jpg 1024w, https:\/\/bahia.culturaviva.net.br\/wp-content\/uploads\/2025\/11\/DSC_5049-1-scaled-1-768x509.jpg 768w, https:\/\/bahia.culturaviva.net.br\/wp-content\/uploads\/2025\/11\/DSC_5049-1-scaled-1-18x12.jpg 18w, https:\/\/bahia.culturaviva.net.br\/wp-content\/uploads\/2025\/11\/DSC_5049-1-scaled-1-205x136.jpg 205w, https:\/\/bahia.culturaviva.net.br\/wp-content\/uploads\/2025\/11\/DSC_5049-1-scaled-1-480x318.jpg 480w\" sizes=\"auto, (max-width: 1290px) 100vw, 1290px\" \/><\/figure>\n\n\n\n<figure class=\"wp-block-image size-large\"><img loading=\"lazy\" decoding=\"async\" width=\"1024\" height=\"769\" src=\"https:\/\/bahia.culturaviva.net.br\/wp-content\/uploads\/2025\/11\/1000009512-1024x769-1.jpg\" alt=\"\" class=\"wp-image-1240\" srcset=\"https:\/\/bahia.culturaviva.net.br\/wp-content\/uploads\/2025\/11\/1000009512-1024x769-1.jpg 1024w, https:\/\/bahia.culturaviva.net.br\/wp-content\/uploads\/2025\/11\/1000009512-1024x769-1-300x225.jpg 300w, https:\/\/bahia.culturaviva.net.br\/wp-content\/uploads\/2025\/11\/1000009512-1024x769-1-768x577.jpg 768w, https:\/\/bahia.culturaviva.net.br\/wp-content\/uploads\/2025\/11\/1000009512-1024x769-1-16x12.jpg 16w, https:\/\/bahia.culturaviva.net.br\/wp-content\/uploads\/2025\/11\/1000009512-1024x769-1-205x154.jpg 205w, https:\/\/bahia.culturaviva.net.br\/wp-content\/uploads\/2025\/11\/1000009512-1024x769-1-480x360.jpg 480w\" sizes=\"auto, (max-width: 1024px) 100vw, 1024px\" \/><\/figure>\n\n\n\n<p>Fonte: <a href=\"https:\/\/mucuge.chapada.ba\/noticias\u00a0\">https:\/\/mucuge.chapada.ba\/noticias\u00a0<\/a><\/p>\n\n\n\n<p><\/p>","protected":false},"excerpt":{"rendered":"<p>Canarana-BA \u2013 12 de julho de 2025. Uma cena inesquec\u00edvel tomou as ruas da cidade de Canarana: a chegada das filarm\u00f4nicas ao 1\u00ba Encontro de Filarm\u00f4nicas, promovido pela Filarm\u00f4nica Jo\u00e3o Mendes de Almeida (FJMA). Entre elas, uma presen\u00e7a se destacou n\u00e3o apenas pela execu\u00e7\u00e3o musical impec\u00e1vel, mas pela hist\u00f3ria que carrega: a Filarm\u00f4nica Lyra Popular [&hellip;]<\/p>\n","protected":false},"author":4,"featured_media":1237,"comment_status":"open","ping_status":"open","sticky":false,"template":"","format":"standard","meta":{"_acf_changed":false,"_gspb_post_css":"","footnotes":""},"categories":[2,44],"tags":[45,32],"class_list":["post-1235","post","type-post","status-publish","format-standard","has-post-thumbnail","hentry","category-culturaviva","category-musica","tag-filarmonicas","tag-musica"],"blocksy_meta":[],"acf":[],"yoast_head":"<!-- This site is optimized with the Yoast SEO plugin v27.3 - https:\/\/yoast.com\/product\/yoast-seo-wordpress\/ -->\n<title>Mucug\u00ea faz hist\u00f3ria em Canarana: Filarm\u00f4nica Lyra Popular emociona no 1\u00ba Encontro de Filarm\u00f4nicas - Rede Cultura Viva da Bahia<\/title>\n<meta name=\"robots\" content=\"index, follow, max-snippet:-1, max-image-preview:large, max-video-preview:-1\" \/>\n<link rel=\"canonical\" href=\"https:\/\/bahia.culturaviva.net.br\/pt\/cultura\/culturaviva\/mucuge-faz-historia-em-canarana-filarmonica-lyra-popular-emociona-no-1o-encontro-de-filarmonicas\/\" \/>\n<meta property=\"og:locale\" content=\"pt_BR\" \/>\n<meta property=\"og:type\" content=\"article\" \/>\n<meta property=\"og:title\" content=\"Mucug\u00ea faz hist\u00f3ria em Canarana: Filarm\u00f4nica Lyra Popular emociona no 1\u00ba Encontro de Filarm\u00f4nicas - Rede Cultura Viva da Bahia\" \/>\n<meta property=\"og:description\" content=\"Canarana-BA \u2013 12 de julho de 2025. Uma cena inesquec\u00edvel tomou as ruas da cidade de Canarana: a chegada das filarm\u00f4nicas ao 1\u00ba Encontro de Filarm\u00f4nicas, promovido pela Filarm\u00f4nica Jo\u00e3o Mendes de Almeida (FJMA). Entre elas, uma presen\u00e7a se destacou n\u00e3o apenas pela execu\u00e7\u00e3o musical impec\u00e1vel, mas pela hist\u00f3ria que carrega: a Filarm\u00f4nica Lyra Popular [&hellip;]\" \/>\n<meta property=\"og:url\" content=\"https:\/\/bahia.culturaviva.net.br\/pt\/cultura\/culturaviva\/mucuge-faz-historia-em-canarana-filarmonica-lyra-popular-emociona-no-1o-encontro-de-filarmonicas\/\" \/>\n<meta property=\"og:site_name\" content=\"Rede Cultura Viva da Bahia\" \/>\n<meta property=\"article:published_time\" content=\"2025-11-11T18:14:45+00:00\" \/>\n<meta property=\"article:modified_time\" content=\"2025-11-11T18:14:47+00:00\" \/>\n<meta property=\"og:image\" content=\"https:\/\/bahia.culturaviva.net.br\/wp-content\/uploads\/2025\/11\/filarmonica.webp\" \/>\n\t<meta property=\"og:image:width\" content=\"1024\" \/>\n\t<meta property=\"og:image:height\" content=\"769\" \/>\n\t<meta property=\"og:image:type\" content=\"image\/webp\" \/>\n<meta name=\"author\" content=\"Carla Uhlmann\" \/>\n<meta name=\"twitter:card\" content=\"summary_large_image\" \/>\n<meta name=\"twitter:label1\" content=\"Escrito por\" \/>\n\t<meta name=\"twitter:data1\" content=\"Carla Uhlmann\" \/>\n\t<meta name=\"twitter:label2\" content=\"Est. tempo de leitura\" \/>\n\t<meta name=\"twitter:data2\" content=\"5 minutos\" \/>\n<script type=\"application\/ld+json\" class=\"yoast-schema-graph\">{\"@context\":\"https:\\\/\\\/schema.org\",\"@graph\":[{\"@type\":\"Article\",\"@id\":\"https:\\\/\\\/bahia.culturaviva.net.br\\\/cultura\\\/culturaviva\\\/mucuge-faz-historia-em-canarana-filarmonica-lyra-popular-emociona-no-1o-encontro-de-filarmonicas\\\/#article\",\"isPartOf\":{\"@id\":\"https:\\\/\\\/bahia.culturaviva.net.br\\\/cultura\\\/culturaviva\\\/mucuge-faz-historia-em-canarana-filarmonica-lyra-popular-emociona-no-1o-encontro-de-filarmonicas\\\/\"},\"author\":{\"name\":\"Carla Uhlmann\",\"@id\":\"https:\\\/\\\/bahia.culturaviva.net.br\\\/#\\\/schema\\\/person\\\/6e78da73e0acb5b6b65735aa9584dba0\"},\"headline\":\"Mucug\u00ea faz hist\u00f3ria em Canarana: Filarm\u00f4nica Lyra Popular emociona no 1\u00ba Encontro de Filarm\u00f4nicas\",\"datePublished\":\"2025-11-11T18:14:45+00:00\",\"dateModified\":\"2025-11-11T18:14:47+00:00\",\"mainEntityOfPage\":{\"@id\":\"https:\\\/\\\/bahia.culturaviva.net.br\\\/cultura\\\/culturaviva\\\/mucuge-faz-historia-em-canarana-filarmonica-lyra-popular-emociona-no-1o-encontro-de-filarmonicas\\\/\"},\"wordCount\":584,\"commentCount\":0,\"publisher\":{\"@id\":\"https:\\\/\\\/bahia.culturaviva.net.br\\\/#organization\"},\"image\":{\"@id\":\"https:\\\/\\\/bahia.culturaviva.net.br\\\/cultura\\\/culturaviva\\\/mucuge-faz-historia-em-canarana-filarmonica-lyra-popular-emociona-no-1o-encontro-de-filarmonicas\\\/#primaryimage\"},\"thumbnailUrl\":\"https:\\\/\\\/bahia.culturaviva.net.br\\\/wp-content\\\/uploads\\\/2025\\\/11\\\/filarmonica.webp\",\"keywords\":[\"Filarm\u00f4nicas\",\"M\u00fasica\"],\"articleSection\":[\"Cultura Viva\",\"M\u00fasica\"],\"inLanguage\":\"pt-BR\",\"potentialAction\":[{\"@type\":\"CommentAction\",\"name\":\"Comment\",\"target\":[\"https:\\\/\\\/bahia.culturaviva.net.br\\\/cultura\\\/culturaviva\\\/mucuge-faz-historia-em-canarana-filarmonica-lyra-popular-emociona-no-1o-encontro-de-filarmonicas\\\/#respond\"]}]},{\"@type\":\"WebPage\",\"@id\":\"https:\\\/\\\/bahia.culturaviva.net.br\\\/cultura\\\/culturaviva\\\/mucuge-faz-historia-em-canarana-filarmonica-lyra-popular-emociona-no-1o-encontro-de-filarmonicas\\\/\",\"url\":\"https:\\\/\\\/bahia.culturaviva.net.br\\\/cultura\\\/culturaviva\\\/mucuge-faz-historia-em-canarana-filarmonica-lyra-popular-emociona-no-1o-encontro-de-filarmonicas\\\/\",\"name\":\"Mucug\u00ea faz hist\u00f3ria em Canarana: Filarm\u00f4nica Lyra Popular emociona no 1\u00ba Encontro de Filarm\u00f4nicas - Rede Cultura Viva da Bahia\",\"isPartOf\":{\"@id\":\"https:\\\/\\\/bahia.culturaviva.net.br\\\/#website\"},\"primaryImageOfPage\":{\"@id\":\"https:\\\/\\\/bahia.culturaviva.net.br\\\/cultura\\\/culturaviva\\\/mucuge-faz-historia-em-canarana-filarmonica-lyra-popular-emociona-no-1o-encontro-de-filarmonicas\\\/#primaryimage\"},\"image\":{\"@id\":\"https:\\\/\\\/bahia.culturaviva.net.br\\\/cultura\\\/culturaviva\\\/mucuge-faz-historia-em-canarana-filarmonica-lyra-popular-emociona-no-1o-encontro-de-filarmonicas\\\/#primaryimage\"},\"thumbnailUrl\":\"https:\\\/\\\/bahia.culturaviva.net.br\\\/wp-content\\\/uploads\\\/2025\\\/11\\\/filarmonica.webp\",\"datePublished\":\"2025-11-11T18:14:45+00:00\",\"dateModified\":\"2025-11-11T18:14:47+00:00\",\"breadcrumb\":{\"@id\":\"https:\\\/\\\/bahia.culturaviva.net.br\\\/cultura\\\/culturaviva\\\/mucuge-faz-historia-em-canarana-filarmonica-lyra-popular-emociona-no-1o-encontro-de-filarmonicas\\\/#breadcrumb\"},\"inLanguage\":\"pt-BR\",\"potentialAction\":[{\"@type\":\"ReadAction\",\"target\":[\"https:\\\/\\\/bahia.culturaviva.net.br\\\/cultura\\\/culturaviva\\\/mucuge-faz-historia-em-canarana-filarmonica-lyra-popular-emociona-no-1o-encontro-de-filarmonicas\\\/\"]}]},{\"@type\":\"ImageObject\",\"inLanguage\":\"pt-BR\",\"@id\":\"https:\\\/\\\/bahia.culturaviva.net.br\\\/cultura\\\/culturaviva\\\/mucuge-faz-historia-em-canarana-filarmonica-lyra-popular-emociona-no-1o-encontro-de-filarmonicas\\\/#primaryimage\",\"url\":\"https:\\\/\\\/bahia.culturaviva.net.br\\\/wp-content\\\/uploads\\\/2025\\\/11\\\/filarmonica.webp\",\"contentUrl\":\"https:\\\/\\\/bahia.culturaviva.net.br\\\/wp-content\\\/uploads\\\/2025\\\/11\\\/filarmonica.webp\",\"width\":1024,\"height\":769},{\"@type\":\"BreadcrumbList\",\"@id\":\"https:\\\/\\\/bahia.culturaviva.net.br\\\/cultura\\\/culturaviva\\\/mucuge-faz-historia-em-canarana-filarmonica-lyra-popular-emociona-no-1o-encontro-de-filarmonicas\\\/#breadcrumb\",\"itemListElement\":[{\"@type\":\"ListItem\",\"position\":1,\"name\":\"In\u00edcio\",\"item\":\"https:\\\/\\\/bahia.culturaviva.net.br\\\/\"},{\"@type\":\"ListItem\",\"position\":2,\"name\":\"Mucug\u00ea faz hist\u00f3ria em Canarana: Filarm\u00f4nica Lyra Popular emociona no 1\u00ba Encontro de Filarm\u00f4nicas\"}]},{\"@type\":\"WebSite\",\"@id\":\"https:\\\/\\\/bahia.culturaviva.net.br\\\/#website\",\"url\":\"https:\\\/\\\/bahia.culturaviva.net.br\\\/\",\"name\":\"Rede Cultura Viva da Bahia\",\"description\":\"Espa\u00e7o para Acervo, Informa\u00e7\u00e3o e Participa\u00e7\u00e3o Social da Rede de Pontos de Cultura da Bahia\",\"publisher\":{\"@id\":\"https:\\\/\\\/bahia.culturaviva.net.br\\\/#organization\"},\"potentialAction\":[{\"@type\":\"SearchAction\",\"target\":{\"@type\":\"EntryPoint\",\"urlTemplate\":\"https:\\\/\\\/bahia.culturaviva.net.br\\\/?s={search_term_string}\"},\"query-input\":{\"@type\":\"PropertyValueSpecification\",\"valueRequired\":true,\"valueName\":\"search_term_string\"}}],\"inLanguage\":\"pt-BR\"},{\"@type\":\"Organization\",\"@id\":\"https:\\\/\\\/bahia.culturaviva.net.br\\\/#organization\",\"name\":\"Rede Cultura Viva da Bahia\",\"url\":\"https:\\\/\\\/bahia.culturaviva.net.br\\\/\",\"logo\":{\"@type\":\"ImageObject\",\"inLanguage\":\"pt-BR\",\"@id\":\"https:\\\/\\\/bahia.culturaviva.net.br\\\/#\\\/schema\\\/logo\\\/image\\\/\",\"url\":\"https:\\\/\\\/bahia.culturaviva.net.br\\\/wp-content\\\/uploads\\\/2025\\\/11\\\/logo-plataforma-culturaviva-bahia-branco.png\",\"contentUrl\":\"https:\\\/\\\/bahia.culturaviva.net.br\\\/wp-content\\\/uploads\\\/2025\\\/11\\\/logo-plataforma-culturaviva-bahia-branco.png\",\"width\":628,\"height\":652,\"caption\":\"Rede Cultura Viva da Bahia\"},\"image\":{\"@id\":\"https:\\\/\\\/bahia.culturaviva.net.br\\\/#\\\/schema\\\/logo\\\/image\\\/\"}},{\"@type\":\"Person\",\"@id\":\"https:\\\/\\\/bahia.culturaviva.net.br\\\/#\\\/schema\\\/person\\\/6e78da73e0acb5b6b65735aa9584dba0\",\"name\":\"Carla Uhlmann\",\"image\":{\"@type\":\"ImageObject\",\"inLanguage\":\"pt-BR\",\"@id\":\"https:\\\/\\\/secure.gravatar.com\\\/avatar\\\/174652d1afb5fe35d03517b4ac78b9aae436c9a12e364319b1fc0cf646d4a933?s=96&d=mm&r=g\",\"url\":\"https:\\\/\\\/secure.gravatar.com\\\/avatar\\\/174652d1afb5fe35d03517b4ac78b9aae436c9a12e364319b1fc0cf646d4a933?s=96&d=mm&r=g\",\"contentUrl\":\"https:\\\/\\\/secure.gravatar.com\\\/avatar\\\/174652d1afb5fe35d03517b4ac78b9aae436c9a12e364319b1fc0cf646d4a933?s=96&d=mm&r=g\",\"caption\":\"Carla Uhlmann\"},\"url\":\"https:\\\/\\\/bahia.culturaviva.net.br\\\/pt\\\/author\\\/carlauhlmann\\\/\"}]}<\/script>\n<!-- \/ Yoast SEO plugin. -->","yoast_head_json":{"title":"Mucug\u00ea faz hist\u00f3ria em Canarana: Filarm\u00f4nica Lyra Popular emociona no 1\u00ba Encontro de Filarm\u00f4nicas - Rede Cultura Viva da Bahia","robots":{"index":"index","follow":"follow","max-snippet":"max-snippet:-1","max-image-preview":"max-image-preview:large","max-video-preview":"max-video-preview:-1"},"canonical":"https:\/\/bahia.culturaviva.net.br\/pt\/cultura\/culturaviva\/mucuge-faz-historia-em-canarana-filarmonica-lyra-popular-emociona-no-1o-encontro-de-filarmonicas\/","og_locale":"pt_BR","og_type":"article","og_title":"Mucug\u00ea faz hist\u00f3ria em Canarana: Filarm\u00f4nica Lyra Popular emociona no 1\u00ba Encontro de Filarm\u00f4nicas - Rede Cultura Viva da Bahia","og_description":"Canarana-BA \u2013 12 de julho de 2025. Uma cena inesquec\u00edvel tomou as ruas da cidade de Canarana: a chegada das filarm\u00f4nicas ao 1\u00ba Encontro de Filarm\u00f4nicas, promovido pela Filarm\u00f4nica Jo\u00e3o Mendes de Almeida (FJMA). Entre elas, uma presen\u00e7a se destacou n\u00e3o apenas pela execu\u00e7\u00e3o musical impec\u00e1vel, mas pela hist\u00f3ria que carrega: a Filarm\u00f4nica Lyra Popular [&hellip;]","og_url":"https:\/\/bahia.culturaviva.net.br\/pt\/cultura\/culturaviva\/mucuge-faz-historia-em-canarana-filarmonica-lyra-popular-emociona-no-1o-encontro-de-filarmonicas\/","og_site_name":"Rede Cultura Viva da Bahia","article_published_time":"2025-11-11T18:14:45+00:00","article_modified_time":"2025-11-11T18:14:47+00:00","og_image":[{"width":1024,"height":769,"url":"https:\/\/bahia.culturaviva.net.br\/wp-content\/uploads\/2025\/11\/filarmonica.webp","type":"image\/webp"}],"author":"Carla Uhlmann","twitter_card":"summary_large_image","twitter_misc":{"Escrito por":"Carla Uhlmann","Est. tempo de leitura":"5 minutos"},"schema":{"@context":"https:\/\/schema.org","@graph":[{"@type":"Article","@id":"https:\/\/bahia.culturaviva.net.br\/cultura\/culturaviva\/mucuge-faz-historia-em-canarana-filarmonica-lyra-popular-emociona-no-1o-encontro-de-filarmonicas\/#article","isPartOf":{"@id":"https:\/\/bahia.culturaviva.net.br\/cultura\/culturaviva\/mucuge-faz-historia-em-canarana-filarmonica-lyra-popular-emociona-no-1o-encontro-de-filarmonicas\/"},"author":{"name":"Carla Uhlmann","@id":"https:\/\/bahia.culturaviva.net.br\/#\/schema\/person\/6e78da73e0acb5b6b65735aa9584dba0"},"headline":"Mucug\u00ea faz hist\u00f3ria em Canarana: Filarm\u00f4nica Lyra Popular emociona no 1\u00ba Encontro de Filarm\u00f4nicas","datePublished":"2025-11-11T18:14:45+00:00","dateModified":"2025-11-11T18:14:47+00:00","mainEntityOfPage":{"@id":"https:\/\/bahia.culturaviva.net.br\/cultura\/culturaviva\/mucuge-faz-historia-em-canarana-filarmonica-lyra-popular-emociona-no-1o-encontro-de-filarmonicas\/"},"wordCount":584,"commentCount":0,"publisher":{"@id":"https:\/\/bahia.culturaviva.net.br\/#organization"},"image":{"@id":"https:\/\/bahia.culturaviva.net.br\/cultura\/culturaviva\/mucuge-faz-historia-em-canarana-filarmonica-lyra-popular-emociona-no-1o-encontro-de-filarmonicas\/#primaryimage"},"thumbnailUrl":"https:\/\/bahia.culturaviva.net.br\/wp-content\/uploads\/2025\/11\/filarmonica.webp","keywords":["Filarm\u00f4nicas","M\u00fasica"],"articleSection":["Cultura Viva","M\u00fasica"],"inLanguage":"pt-BR","potentialAction":[{"@type":"CommentAction","name":"Comment","target":["https:\/\/bahia.culturaviva.net.br\/cultura\/culturaviva\/mucuge-faz-historia-em-canarana-filarmonica-lyra-popular-emociona-no-1o-encontro-de-filarmonicas\/#respond"]}]},{"@type":"WebPage","@id":"https:\/\/bahia.culturaviva.net.br\/cultura\/culturaviva\/mucuge-faz-historia-em-canarana-filarmonica-lyra-popular-emociona-no-1o-encontro-de-filarmonicas\/","url":"https:\/\/bahia.culturaviva.net.br\/cultura\/culturaviva\/mucuge-faz-historia-em-canarana-filarmonica-lyra-popular-emociona-no-1o-encontro-de-filarmonicas\/","name":"Mucug\u00ea faz hist\u00f3ria em Canarana: Filarm\u00f4nica Lyra Popular emociona no 1\u00ba Encontro de Filarm\u00f4nicas - Rede Cultura Viva da Bahia","isPartOf":{"@id":"https:\/\/bahia.culturaviva.net.br\/#website"},"primaryImageOfPage":{"@id":"https:\/\/bahia.culturaviva.net.br\/cultura\/culturaviva\/mucuge-faz-historia-em-canarana-filarmonica-lyra-popular-emociona-no-1o-encontro-de-filarmonicas\/#primaryimage"},"image":{"@id":"https:\/\/bahia.culturaviva.net.br\/cultura\/culturaviva\/mucuge-faz-historia-em-canarana-filarmonica-lyra-popular-emociona-no-1o-encontro-de-filarmonicas\/#primaryimage"},"thumbnailUrl":"https:\/\/bahia.culturaviva.net.br\/wp-content\/uploads\/2025\/11\/filarmonica.webp","datePublished":"2025-11-11T18:14:45+00:00","dateModified":"2025-11-11T18:14:47+00:00","breadcrumb":{"@id":"https:\/\/bahia.culturaviva.net.br\/cultura\/culturaviva\/mucuge-faz-historia-em-canarana-filarmonica-lyra-popular-emociona-no-1o-encontro-de-filarmonicas\/#breadcrumb"},"inLanguage":"pt-BR","potentialAction":[{"@type":"ReadAction","target":["https:\/\/bahia.culturaviva.net.br\/cultura\/culturaviva\/mucuge-faz-historia-em-canarana-filarmonica-lyra-popular-emociona-no-1o-encontro-de-filarmonicas\/"]}]},{"@type":"ImageObject","inLanguage":"pt-BR","@id":"https:\/\/bahia.culturaviva.net.br\/cultura\/culturaviva\/mucuge-faz-historia-em-canarana-filarmonica-lyra-popular-emociona-no-1o-encontro-de-filarmonicas\/#primaryimage","url":"https:\/\/bahia.culturaviva.net.br\/wp-content\/uploads\/2025\/11\/filarmonica.webp","contentUrl":"https:\/\/bahia.culturaviva.net.br\/wp-content\/uploads\/2025\/11\/filarmonica.webp","width":1024,"height":769},{"@type":"BreadcrumbList","@id":"https:\/\/bahia.culturaviva.net.br\/cultura\/culturaviva\/mucuge-faz-historia-em-canarana-filarmonica-lyra-popular-emociona-no-1o-encontro-de-filarmonicas\/#breadcrumb","itemListElement":[{"@type":"ListItem","position":1,"name":"In\u00edcio","item":"https:\/\/bahia.culturaviva.net.br\/"},{"@type":"ListItem","position":2,"name":"Mucug\u00ea faz hist\u00f3ria em Canarana: Filarm\u00f4nica Lyra Popular emociona no 1\u00ba Encontro de Filarm\u00f4nicas"}]},{"@type":"WebSite","@id":"https:\/\/bahia.culturaviva.net.br\/#website","url":"https:\/\/bahia.culturaviva.net.br\/","name":"Rede Cultura Viva da Bahia","description":"Espa\u00e7o para Acervo, Informa\u00e7\u00e3o e Participa\u00e7\u00e3o Social da Rede de Pontos de Cultura da Bahia","publisher":{"@id":"https:\/\/bahia.culturaviva.net.br\/#organization"},"potentialAction":[{"@type":"SearchAction","target":{"@type":"EntryPoint","urlTemplate":"https:\/\/bahia.culturaviva.net.br\/?s={search_term_string}"},"query-input":{"@type":"PropertyValueSpecification","valueRequired":true,"valueName":"search_term_string"}}],"inLanguage":"pt-BR"},{"@type":"Organization","@id":"https:\/\/bahia.culturaviva.net.br\/#organization","name":"Rede Cultura Viva da Bahia","url":"https:\/\/bahia.culturaviva.net.br\/","logo":{"@type":"ImageObject","inLanguage":"pt-BR","@id":"https:\/\/bahia.culturaviva.net.br\/#\/schema\/logo\/image\/","url":"https:\/\/bahia.culturaviva.net.br\/wp-content\/uploads\/2025\/11\/logo-plataforma-culturaviva-bahia-branco.png","contentUrl":"https:\/\/bahia.culturaviva.net.br\/wp-content\/uploads\/2025\/11\/logo-plataforma-culturaviva-bahia-branco.png","width":628,"height":652,"caption":"Rede Cultura Viva da Bahia"},"image":{"@id":"https:\/\/bahia.culturaviva.net.br\/#\/schema\/logo\/image\/"}},{"@type":"Person","@id":"https:\/\/bahia.culturaviva.net.br\/#\/schema\/person\/6e78da73e0acb5b6b65735aa9584dba0","name":"Carla Uhlmann","image":{"@type":"ImageObject","inLanguage":"pt-BR","@id":"https:\/\/secure.gravatar.com\/avatar\/174652d1afb5fe35d03517b4ac78b9aae436c9a12e364319b1fc0cf646d4a933?s=96&d=mm&r=g","url":"https:\/\/secure.gravatar.com\/avatar\/174652d1afb5fe35d03517b4ac78b9aae436c9a12e364319b1fc0cf646d4a933?s=96&d=mm&r=g","contentUrl":"https:\/\/secure.gravatar.com\/avatar\/174652d1afb5fe35d03517b4ac78b9aae436c9a12e364319b1fc0cf646d4a933?s=96&d=mm&r=g","caption":"Carla Uhlmann"},"url":"https:\/\/bahia.culturaviva.net.br\/pt\/author\/carlauhlmann\/"}]}},"_links":{"self":[{"href":"https:\/\/bahia.culturaviva.net.br\/pt\/wp-json\/wp\/v2\/posts\/1235","targetHints":{"allow":["GET"]}}],"collection":[{"href":"https:\/\/bahia.culturaviva.net.br\/pt\/wp-json\/wp\/v2\/posts"}],"about":[{"href":"https:\/\/bahia.culturaviva.net.br\/pt\/wp-json\/wp\/v2\/types\/post"}],"author":[{"embeddable":true,"href":"https:\/\/bahia.culturaviva.net.br\/pt\/wp-json\/wp\/v2\/users\/4"}],"replies":[{"embeddable":true,"href":"https:\/\/bahia.culturaviva.net.br\/pt\/wp-json\/wp\/v2\/comments?post=1235"}],"version-history":[{"count":1,"href":"https:\/\/bahia.culturaviva.net.br\/pt\/wp-json\/wp\/v2\/posts\/1235\/revisions"}],"predecessor-version":[{"id":1244,"href":"https:\/\/bahia.culturaviva.net.br\/pt\/wp-json\/wp\/v2\/posts\/1235\/revisions\/1244"}],"wp:featuredmedia":[{"embeddable":true,"href":"https:\/\/bahia.culturaviva.net.br\/pt\/wp-json\/wp\/v2\/media\/1237"}],"wp:attachment":[{"href":"https:\/\/bahia.culturaviva.net.br\/pt\/wp-json\/wp\/v2\/media?parent=1235"}],"wp:term":[{"taxonomy":"category","embeddable":true,"href":"https:\/\/bahia.culturaviva.net.br\/pt\/wp-json\/wp\/v2\/categories?post=1235"},{"taxonomy":"post_tag","embeddable":true,"href":"https:\/\/bahia.culturaviva.net.br\/pt\/wp-json\/wp\/v2\/tags?post=1235"}],"curies":[{"name":"wp","href":"https:\/\/api.w.org\/{rel}","templated":true}]}}