{"id":1302,"date":"2025-11-12T11:28:24","date_gmt":"2025-11-12T14:28:24","guid":{"rendered":"https:\/\/bahia.culturaviva.net.br\/?p=1302"},"modified":"2025-11-12T15:28:56","modified_gmt":"2025-11-12T18:28:56","slug":"com-cenas-gravadas-na-chapada-diamantina-o-filho-de-mil-homens-com-rodrigo-santoro-estreia-nos-cinemas","status":"publish","type":"post","link":"https:\/\/bahia.culturaviva.net.br\/pt\/literatura\/com-cenas-gravadas-na-chapada-diamantina-o-filho-de-mil-homens-com-rodrigo-santoro-estreia-nos-cinemas\/","title":{"rendered":"Com cenas gravadas na Chapada Diamantina, \u201cO Filho de Mil Homens\u201d, com Rodrigo Santoro, estreia nos cinemas"},"content":{"rendered":"\n<ul class=\"wp-block-list\">\n<li><a href=\"https:\/\/chapadanews.com.br\/2025\/10\/31\/\"><time>outubro 31, 2025<\/time><\/a><\/li>\n\n\n\n<li><a href=\"https:\/\/chapadanews.com.br\/2025\/10\/31\/com-cenas-gravadas-na-chapada-diamantina-o-filho-de-mil-homens-com-rodrigo-santoro-estreia-nos-cinemas\/\">https:\/\/chapadanews.com.br\/2025\/10\/31\/com-cenas-gravadas-na-chapada-diamantina-o-filho-de-mil-homens-com-rodrigo-santoro-estreia-nos-cinemas\/<\/a><\/li>\n<\/ul>\n\n\n\n<figure class=\"wp-block-image size-large\"><img loading=\"lazy\" decoding=\"async\" width=\"1024\" height=\"1024\" src=\"https:\/\/bahia.culturaviva.net.br\/wp-content\/uploads\/2025\/11\/filme-o-filho-de-mil-homens-1024x1024.jpg\" alt=\"\" class=\"wp-image-1303\" srcset=\"https:\/\/bahia.culturaviva.net.br\/wp-content\/uploads\/2025\/11\/filme-o-filho-de-mil-homens-1024x1024.jpg 1024w, https:\/\/bahia.culturaviva.net.br\/wp-content\/uploads\/2025\/11\/filme-o-filho-de-mil-homens-300x300.jpg 300w, https:\/\/bahia.culturaviva.net.br\/wp-content\/uploads\/2025\/11\/filme-o-filho-de-mil-homens-150x150.jpg 150w, https:\/\/bahia.culturaviva.net.br\/wp-content\/uploads\/2025\/11\/filme-o-filho-de-mil-homens-768x768.jpg 768w, https:\/\/bahia.culturaviva.net.br\/wp-content\/uploads\/2025\/11\/filme-o-filho-de-mil-homens-12x12.jpg 12w, https:\/\/bahia.culturaviva.net.br\/wp-content\/uploads\/2025\/11\/filme-o-filho-de-mil-homens-40x40.jpg 40w, https:\/\/bahia.culturaviva.net.br\/wp-content\/uploads\/2025\/11\/filme-o-filho-de-mil-homens-275x275.jpg 275w, https:\/\/bahia.culturaviva.net.br\/wp-content\/uploads\/2025\/11\/filme-o-filho-de-mil-homens-205x205.jpg 205w, https:\/\/bahia.culturaviva.net.br\/wp-content\/uploads\/2025\/11\/filme-o-filho-de-mil-homens-480x480.jpg 480w, https:\/\/bahia.culturaviva.net.br\/wp-content\/uploads\/2025\/11\/filme-o-filho-de-mil-homens.jpg 1400w\" sizes=\"auto, (max-width: 1024px) 100vw, 1024px\" \/><\/figure>\n\n\n\n<h3 class=\"wp-block-heading\" id=\"longa-dirigido-por-daniel-rezende-e-inspirado-na-obra-do-escritor-portugues-valter-hugo-mae-e-destaca-paisagens-baianas\"><strong><em>Longa dirigido por Daniel Rezende \u00e9 inspirado na obra do escritor portugu\u00eas Valter Hugo M\u00e3e e destaca paisagens baianas.<\/em><\/strong><\/h3>\n\n\n\n<p>O ator Rodrigo Santoro estrela \u201c<em>O Filho de Mil Homens\u201d<\/em>, novo longa do diretor Daniel Rezende, que estreou nesta quinta-feira (30) em cinemas selecionados de todo o pa\u00eds. Parte das cenas foi gravada na Chapada Diamantina, na Bahia, e tamb\u00e9m em B\u00fazios, no Rio de Janeiro.<\/p>\n\n\n\n<p>Inspirado no livro hom\u00f4nimo do escritor portugu\u00eas Valter Hugo M\u00e3e, o filme acompanha Cris\u00f3stomo, um pescador solit\u00e1rio que v\u00ea em Camilo (Miguel Martines), um garoto \u00f3rf\u00e3o, a possibilidade de construir uma fam\u00edlia. No caminho, eles se conectam com Antonino (Johnny Massaro) e Isaura (Rebeca Jamir), formando um n\u00facleo guiado por afetos, pertencimento e aceita\u00e7\u00e3o.<\/p>\n\n\n\n<p>\u201cConceber o Cris\u00f3stomo foi t\u00e3o profundo quanto me despedir dele. \u00c9 uma personagem que vou levar pra vida. Ele me atravessou. Principalmente porque Cris\u00f3stomo comove. Fora da fic\u00e7\u00e3o, eu gostaria de ser amigo dele\u201d, afirmou Rodrigo Santoro.<\/p>\n\n\n\n<p>Nas redes sociais, o ator tamb\u00e9m celebrou o trabalho em equipe. \u201c\u00c9 um filme lindo, dirigido por @danirez [sic] e feito com uma harmonia entre elenco e equipe t\u00e9cnica extremamente dedicados. \u00c9 um filme respeitoso com a obra que o inspirou, de mesmo nome, do escritor @valterhugomae.\u201d<\/p>\n\n\n\n<p>Ap\u00f3s a temporada nos cinemas,&nbsp;<em>O Filho de Mil Homens<\/em>&nbsp;ser\u00e1 lan\u00e7ado em novembro na Netflix.<\/p>\n\n\n\n<p><strong><em>Fonte: Al\u00f4 Al\u00f4 Bahia | Foto: Divulga\u00e7\u00e3o Netflix<\/em><\/strong><\/p>\n\n\n\n<figure class=\"wp-block-embed is-type-video is-provider-youtube wp-block-embed-youtube wp-embed-aspect-16-9 wp-has-aspect-ratio\"><div class=\"wp-block-embed__wrapper\">\n<iframe loading=\"lazy\" title=\"O Filho de Mil Homens | Trailer oficial | Netflix Brasil\" width=\"1290\" height=\"726\" src=\"https:\/\/www.youtube.com\/embed\/Q7F-uj7oWFw?feature=oembed\" frameborder=\"0\" allow=\"accelerometer; autoplay; clipboard-write; encrypted-media; gyroscope; picture-in-picture; web-share\" referrerpolicy=\"strict-origin-when-cross-origin\" allowfullscreen><\/iframe>\n<\/div><\/figure>\n\n\n\n<p>O Filho de Mil Homens | Trailer oficial | Netflix Brasil<\/p>\n\n\n\n<p><\/p>\n","protected":false},"excerpt":{"rendered":"<p>Longa dirigido por Daniel Rezende \u00e9 inspirado na obra do escritor portugu\u00eas Valter Hugo M\u00e3e e destaca paisagens baianas. O ator Rodrigo Santoro estrela \u201cO Filho de Mil Homens\u201d, novo longa do diretor Daniel Rezende, que estreou nesta quinta-feira (30) em cinemas selecionados de todo o pa\u00eds. Parte das cenas foi gravada na Chapada Diamantina, [&hellip;]<\/p>\n","protected":false},"author":4,"featured_media":1303,"comment_status":"open","ping_status":"open","sticky":false,"template":"","format":"standard","meta":{"_acf_changed":false,"_gspb_post_css":"","footnotes":""},"categories":[57,59,30],"tags":[58,10,31],"class_list":["post-1302","post","type-post","status-publish","format-standard","has-post-thumbnail","hentry","category-cinema","category-cultura","category-literatura","tag-audiovisual","tag-hot","tag-literatura"],"blocksy_meta":[],"acf":[],"yoast_head":"<!-- This site is optimized with the Yoast SEO plugin v27.3 - https:\/\/yoast.com\/product\/yoast-seo-wordpress\/ -->\n<title>Com cenas gravadas na Chapada Diamantina, \u201cO Filho de Mil Homens\u201d, com Rodrigo Santoro, estreia nos cinemas - Rede Cultura Viva da Bahia<\/title>\n<meta name=\"robots\" content=\"index, follow, max-snippet:-1, max-image-preview:large, max-video-preview:-1\" \/>\n<link rel=\"canonical\" href=\"https:\/\/bahia.culturaviva.net.br\/pt\/literatura\/com-cenas-gravadas-na-chapada-diamantina-o-filho-de-mil-homens-com-rodrigo-santoro-estreia-nos-cinemas\/\" \/>\n<meta property=\"og:locale\" content=\"pt_BR\" \/>\n<meta property=\"og:type\" content=\"article\" \/>\n<meta property=\"og:title\" content=\"Com cenas gravadas na Chapada Diamantina, \u201cO Filho de Mil Homens\u201d, com Rodrigo Santoro, estreia nos cinemas - Rede Cultura Viva da Bahia\" \/>\n<meta property=\"og:description\" content=\"Longa dirigido por Daniel Rezende \u00e9 inspirado na obra do escritor portugu\u00eas Valter Hugo M\u00e3e e destaca paisagens baianas. O ator Rodrigo Santoro estrela \u201cO Filho de Mil Homens\u201d, novo longa do diretor Daniel Rezende, que estreou nesta quinta-feira (30) em cinemas selecionados de todo o pa\u00eds. Parte das cenas foi gravada na Chapada Diamantina, [&hellip;]\" \/>\n<meta property=\"og:url\" content=\"https:\/\/bahia.culturaviva.net.br\/pt\/literatura\/com-cenas-gravadas-na-chapada-diamantina-o-filho-de-mil-homens-com-rodrigo-santoro-estreia-nos-cinemas\/\" \/>\n<meta property=\"og:site_name\" content=\"Rede Cultura Viva da Bahia\" \/>\n<meta property=\"article:published_time\" content=\"2025-11-12T14:28:24+00:00\" \/>\n<meta property=\"article:modified_time\" content=\"2025-11-12T18:28:56+00:00\" \/>\n<meta property=\"og:image\" content=\"https:\/\/bahia.culturaviva.net.br\/wp-content\/uploads\/2025\/11\/filme-o-filho-de-mil-homens.jpg\" \/>\n\t<meta property=\"og:image:width\" content=\"1400\" \/>\n\t<meta property=\"og:image:height\" content=\"1400\" \/>\n\t<meta property=\"og:image:type\" content=\"image\/jpeg\" \/>\n<meta name=\"author\" content=\"Carla Uhlmann\" \/>\n<meta name=\"twitter:card\" content=\"summary_large_image\" \/>\n<meta name=\"twitter:label1\" content=\"Escrito por\" \/>\n\t<meta name=\"twitter:data1\" content=\"Carla Uhlmann\" \/>\n\t<meta name=\"twitter:label2\" content=\"Est. tempo de leitura\" \/>\n\t<meta name=\"twitter:data2\" content=\"2 minutos\" \/>\n<script type=\"application\/ld+json\" class=\"yoast-schema-graph\">{\"@context\":\"https:\\\/\\\/schema.org\",\"@graph\":[{\"@type\":\"Article\",\"@id\":\"https:\\\/\\\/bahia.culturaviva.net.br\\\/literatura\\\/com-cenas-gravadas-na-chapada-diamantina-o-filho-de-mil-homens-com-rodrigo-santoro-estreia-nos-cinemas\\\/#article\",\"isPartOf\":{\"@id\":\"https:\\\/\\\/bahia.culturaviva.net.br\\\/literatura\\\/com-cenas-gravadas-na-chapada-diamantina-o-filho-de-mil-homens-com-rodrigo-santoro-estreia-nos-cinemas\\\/\"},\"author\":{\"name\":\"Carla Uhlmann\",\"@id\":\"https:\\\/\\\/bahia.culturaviva.net.br\\\/#\\\/schema\\\/person\\\/6e78da73e0acb5b6b65735aa9584dba0\"},\"headline\":\"Com cenas gravadas na Chapada Diamantina, \u201cO Filho de Mil Homens\u201d, com Rodrigo Santoro, estreia nos cinemas\",\"datePublished\":\"2025-11-12T14:28:24+00:00\",\"dateModified\":\"2025-11-12T18:28:56+00:00\",\"mainEntityOfPage\":{\"@id\":\"https:\\\/\\\/bahia.culturaviva.net.br\\\/literatura\\\/com-cenas-gravadas-na-chapada-diamantina-o-filho-de-mil-homens-com-rodrigo-santoro-estreia-nos-cinemas\\\/\"},\"wordCount\":287,\"commentCount\":0,\"publisher\":{\"@id\":\"https:\\\/\\\/bahia.culturaviva.net.br\\\/#organization\"},\"image\":{\"@id\":\"https:\\\/\\\/bahia.culturaviva.net.br\\\/literatura\\\/com-cenas-gravadas-na-chapada-diamantina-o-filho-de-mil-homens-com-rodrigo-santoro-estreia-nos-cinemas\\\/#primaryimage\"},\"thumbnailUrl\":\"https:\\\/\\\/bahia.culturaviva.net.br\\\/wp-content\\\/uploads\\\/2025\\\/11\\\/filme-o-filho-de-mil-homens.jpg\",\"keywords\":[\"Audiovisual\",\"Importante\",\"Literatura\"],\"articleSection\":[\"Cinema\",\"Cultura\",\"Literatura\"],\"inLanguage\":\"pt-BR\",\"potentialAction\":[{\"@type\":\"CommentAction\",\"name\":\"Comment\",\"target\":[\"https:\\\/\\\/bahia.culturaviva.net.br\\\/literatura\\\/com-cenas-gravadas-na-chapada-diamantina-o-filho-de-mil-homens-com-rodrigo-santoro-estreia-nos-cinemas\\\/#respond\"]}]},{\"@type\":\"WebPage\",\"@id\":\"https:\\\/\\\/bahia.culturaviva.net.br\\\/literatura\\\/com-cenas-gravadas-na-chapada-diamantina-o-filho-de-mil-homens-com-rodrigo-santoro-estreia-nos-cinemas\\\/\",\"url\":\"https:\\\/\\\/bahia.culturaviva.net.br\\\/literatura\\\/com-cenas-gravadas-na-chapada-diamantina-o-filho-de-mil-homens-com-rodrigo-santoro-estreia-nos-cinemas\\\/\",\"name\":\"Com cenas gravadas na Chapada Diamantina, \u201cO Filho de Mil Homens\u201d, com Rodrigo Santoro, estreia nos cinemas - Rede Cultura Viva da Bahia\",\"isPartOf\":{\"@id\":\"https:\\\/\\\/bahia.culturaviva.net.br\\\/#website\"},\"primaryImageOfPage\":{\"@id\":\"https:\\\/\\\/bahia.culturaviva.net.br\\\/literatura\\\/com-cenas-gravadas-na-chapada-diamantina-o-filho-de-mil-homens-com-rodrigo-santoro-estreia-nos-cinemas\\\/#primaryimage\"},\"image\":{\"@id\":\"https:\\\/\\\/bahia.culturaviva.net.br\\\/literatura\\\/com-cenas-gravadas-na-chapada-diamantina-o-filho-de-mil-homens-com-rodrigo-santoro-estreia-nos-cinemas\\\/#primaryimage\"},\"thumbnailUrl\":\"https:\\\/\\\/bahia.culturaviva.net.br\\\/wp-content\\\/uploads\\\/2025\\\/11\\\/filme-o-filho-de-mil-homens.jpg\",\"datePublished\":\"2025-11-12T14:28:24+00:00\",\"dateModified\":\"2025-11-12T18:28:56+00:00\",\"breadcrumb\":{\"@id\":\"https:\\\/\\\/bahia.culturaviva.net.br\\\/literatura\\\/com-cenas-gravadas-na-chapada-diamantina-o-filho-de-mil-homens-com-rodrigo-santoro-estreia-nos-cinemas\\\/#breadcrumb\"},\"inLanguage\":\"pt-BR\",\"potentialAction\":[{\"@type\":\"ReadAction\",\"target\":[\"https:\\\/\\\/bahia.culturaviva.net.br\\\/literatura\\\/com-cenas-gravadas-na-chapada-diamantina-o-filho-de-mil-homens-com-rodrigo-santoro-estreia-nos-cinemas\\\/\"]}]},{\"@type\":\"ImageObject\",\"inLanguage\":\"pt-BR\",\"@id\":\"https:\\\/\\\/bahia.culturaviva.net.br\\\/literatura\\\/com-cenas-gravadas-na-chapada-diamantina-o-filho-de-mil-homens-com-rodrigo-santoro-estreia-nos-cinemas\\\/#primaryimage\",\"url\":\"https:\\\/\\\/bahia.culturaviva.net.br\\\/wp-content\\\/uploads\\\/2025\\\/11\\\/filme-o-filho-de-mil-homens.jpg\",\"contentUrl\":\"https:\\\/\\\/bahia.culturaviva.net.br\\\/wp-content\\\/uploads\\\/2025\\\/11\\\/filme-o-filho-de-mil-homens.jpg\",\"width\":1400,\"height\":1400},{\"@type\":\"BreadcrumbList\",\"@id\":\"https:\\\/\\\/bahia.culturaviva.net.br\\\/literatura\\\/com-cenas-gravadas-na-chapada-diamantina-o-filho-de-mil-homens-com-rodrigo-santoro-estreia-nos-cinemas\\\/#breadcrumb\",\"itemListElement\":[{\"@type\":\"ListItem\",\"position\":1,\"name\":\"In\u00edcio\",\"item\":\"https:\\\/\\\/bahia.culturaviva.net.br\\\/\"},{\"@type\":\"ListItem\",\"position\":2,\"name\":\"Com cenas gravadas na Chapada Diamantina, \u201cO Filho de Mil Homens\u201d, com Rodrigo Santoro, estreia nos cinemas\"}]},{\"@type\":\"WebSite\",\"@id\":\"https:\\\/\\\/bahia.culturaviva.net.br\\\/#website\",\"url\":\"https:\\\/\\\/bahia.culturaviva.net.br\\\/\",\"name\":\"Rede Cultura Viva da Bahia\",\"description\":\"Espa\u00e7o para Acervo, Informa\u00e7\u00e3o e Participa\u00e7\u00e3o Social da Rede de Pontos de Cultura da Bahia\",\"publisher\":{\"@id\":\"https:\\\/\\\/bahia.culturaviva.net.br\\\/#organization\"},\"potentialAction\":[{\"@type\":\"SearchAction\",\"target\":{\"@type\":\"EntryPoint\",\"urlTemplate\":\"https:\\\/\\\/bahia.culturaviva.net.br\\\/?s={search_term_string}\"},\"query-input\":{\"@type\":\"PropertyValueSpecification\",\"valueRequired\":true,\"valueName\":\"search_term_string\"}}],\"inLanguage\":\"pt-BR\"},{\"@type\":\"Organization\",\"@id\":\"https:\\\/\\\/bahia.culturaviva.net.br\\\/#organization\",\"name\":\"Rede Cultura Viva da Bahia\",\"url\":\"https:\\\/\\\/bahia.culturaviva.net.br\\\/\",\"logo\":{\"@type\":\"ImageObject\",\"inLanguage\":\"pt-BR\",\"@id\":\"https:\\\/\\\/bahia.culturaviva.net.br\\\/#\\\/schema\\\/logo\\\/image\\\/\",\"url\":\"https:\\\/\\\/bahia.culturaviva.net.br\\\/wp-content\\\/uploads\\\/2025\\\/11\\\/logo-plataforma-culturaviva-bahia-branco.png\",\"contentUrl\":\"https:\\\/\\\/bahia.culturaviva.net.br\\\/wp-content\\\/uploads\\\/2025\\\/11\\\/logo-plataforma-culturaviva-bahia-branco.png\",\"width\":628,\"height\":652,\"caption\":\"Rede Cultura Viva da Bahia\"},\"image\":{\"@id\":\"https:\\\/\\\/bahia.culturaviva.net.br\\\/#\\\/schema\\\/logo\\\/image\\\/\"}},{\"@type\":\"Person\",\"@id\":\"https:\\\/\\\/bahia.culturaviva.net.br\\\/#\\\/schema\\\/person\\\/6e78da73e0acb5b6b65735aa9584dba0\",\"name\":\"Carla Uhlmann\",\"image\":{\"@type\":\"ImageObject\",\"inLanguage\":\"pt-BR\",\"@id\":\"https:\\\/\\\/secure.gravatar.com\\\/avatar\\\/174652d1afb5fe35d03517b4ac78b9aae436c9a12e364319b1fc0cf646d4a933?s=96&d=mm&r=g\",\"url\":\"https:\\\/\\\/secure.gravatar.com\\\/avatar\\\/174652d1afb5fe35d03517b4ac78b9aae436c9a12e364319b1fc0cf646d4a933?s=96&d=mm&r=g\",\"contentUrl\":\"https:\\\/\\\/secure.gravatar.com\\\/avatar\\\/174652d1afb5fe35d03517b4ac78b9aae436c9a12e364319b1fc0cf646d4a933?s=96&d=mm&r=g\",\"caption\":\"Carla Uhlmann\"},\"url\":\"https:\\\/\\\/bahia.culturaviva.net.br\\\/pt\\\/author\\\/carlauhlmann\\\/\"}]}<\/script>\n<!-- \/ Yoast SEO plugin. -->","yoast_head_json":{"title":"Com cenas gravadas na Chapada Diamantina, \u201cO Filho de Mil Homens\u201d, com Rodrigo Santoro, estreia nos cinemas - Rede Cultura Viva da Bahia","robots":{"index":"index","follow":"follow","max-snippet":"max-snippet:-1","max-image-preview":"max-image-preview:large","max-video-preview":"max-video-preview:-1"},"canonical":"https:\/\/bahia.culturaviva.net.br\/pt\/literatura\/com-cenas-gravadas-na-chapada-diamantina-o-filho-de-mil-homens-com-rodrigo-santoro-estreia-nos-cinemas\/","og_locale":"pt_BR","og_type":"article","og_title":"Com cenas gravadas na Chapada Diamantina, \u201cO Filho de Mil Homens\u201d, com Rodrigo Santoro, estreia nos cinemas - Rede Cultura Viva da Bahia","og_description":"Longa dirigido por Daniel Rezende \u00e9 inspirado na obra do escritor portugu\u00eas Valter Hugo M\u00e3e e destaca paisagens baianas. O ator Rodrigo Santoro estrela \u201cO Filho de Mil Homens\u201d, novo longa do diretor Daniel Rezende, que estreou nesta quinta-feira (30) em cinemas selecionados de todo o pa\u00eds. Parte das cenas foi gravada na Chapada Diamantina, [&hellip;]","og_url":"https:\/\/bahia.culturaviva.net.br\/pt\/literatura\/com-cenas-gravadas-na-chapada-diamantina-o-filho-de-mil-homens-com-rodrigo-santoro-estreia-nos-cinemas\/","og_site_name":"Rede Cultura Viva da Bahia","article_published_time":"2025-11-12T14:28:24+00:00","article_modified_time":"2025-11-12T18:28:56+00:00","og_image":[{"width":1400,"height":1400,"url":"https:\/\/bahia.culturaviva.net.br\/wp-content\/uploads\/2025\/11\/filme-o-filho-de-mil-homens.jpg","type":"image\/jpeg"}],"author":"Carla Uhlmann","twitter_card":"summary_large_image","twitter_misc":{"Escrito por":"Carla Uhlmann","Est. tempo de leitura":"2 minutos"},"schema":{"@context":"https:\/\/schema.org","@graph":[{"@type":"Article","@id":"https:\/\/bahia.culturaviva.net.br\/literatura\/com-cenas-gravadas-na-chapada-diamantina-o-filho-de-mil-homens-com-rodrigo-santoro-estreia-nos-cinemas\/#article","isPartOf":{"@id":"https:\/\/bahia.culturaviva.net.br\/literatura\/com-cenas-gravadas-na-chapada-diamantina-o-filho-de-mil-homens-com-rodrigo-santoro-estreia-nos-cinemas\/"},"author":{"name":"Carla Uhlmann","@id":"https:\/\/bahia.culturaviva.net.br\/#\/schema\/person\/6e78da73e0acb5b6b65735aa9584dba0"},"headline":"Com cenas gravadas na Chapada Diamantina, \u201cO Filho de Mil Homens\u201d, com Rodrigo Santoro, estreia nos cinemas","datePublished":"2025-11-12T14:28:24+00:00","dateModified":"2025-11-12T18:28:56+00:00","mainEntityOfPage":{"@id":"https:\/\/bahia.culturaviva.net.br\/literatura\/com-cenas-gravadas-na-chapada-diamantina-o-filho-de-mil-homens-com-rodrigo-santoro-estreia-nos-cinemas\/"},"wordCount":287,"commentCount":0,"publisher":{"@id":"https:\/\/bahia.culturaviva.net.br\/#organization"},"image":{"@id":"https:\/\/bahia.culturaviva.net.br\/literatura\/com-cenas-gravadas-na-chapada-diamantina-o-filho-de-mil-homens-com-rodrigo-santoro-estreia-nos-cinemas\/#primaryimage"},"thumbnailUrl":"https:\/\/bahia.culturaviva.net.br\/wp-content\/uploads\/2025\/11\/filme-o-filho-de-mil-homens.jpg","keywords":["Audiovisual","Importante","Literatura"],"articleSection":["Cinema","Cultura","Literatura"],"inLanguage":"pt-BR","potentialAction":[{"@type":"CommentAction","name":"Comment","target":["https:\/\/bahia.culturaviva.net.br\/literatura\/com-cenas-gravadas-na-chapada-diamantina-o-filho-de-mil-homens-com-rodrigo-santoro-estreia-nos-cinemas\/#respond"]}]},{"@type":"WebPage","@id":"https:\/\/bahia.culturaviva.net.br\/literatura\/com-cenas-gravadas-na-chapada-diamantina-o-filho-de-mil-homens-com-rodrigo-santoro-estreia-nos-cinemas\/","url":"https:\/\/bahia.culturaviva.net.br\/literatura\/com-cenas-gravadas-na-chapada-diamantina-o-filho-de-mil-homens-com-rodrigo-santoro-estreia-nos-cinemas\/","name":"Com cenas gravadas na Chapada Diamantina, \u201cO Filho de Mil Homens\u201d, com Rodrigo Santoro, estreia nos cinemas - Rede Cultura Viva da Bahia","isPartOf":{"@id":"https:\/\/bahia.culturaviva.net.br\/#website"},"primaryImageOfPage":{"@id":"https:\/\/bahia.culturaviva.net.br\/literatura\/com-cenas-gravadas-na-chapada-diamantina-o-filho-de-mil-homens-com-rodrigo-santoro-estreia-nos-cinemas\/#primaryimage"},"image":{"@id":"https:\/\/bahia.culturaviva.net.br\/literatura\/com-cenas-gravadas-na-chapada-diamantina-o-filho-de-mil-homens-com-rodrigo-santoro-estreia-nos-cinemas\/#primaryimage"},"thumbnailUrl":"https:\/\/bahia.culturaviva.net.br\/wp-content\/uploads\/2025\/11\/filme-o-filho-de-mil-homens.jpg","datePublished":"2025-11-12T14:28:24+00:00","dateModified":"2025-11-12T18:28:56+00:00","breadcrumb":{"@id":"https:\/\/bahia.culturaviva.net.br\/literatura\/com-cenas-gravadas-na-chapada-diamantina-o-filho-de-mil-homens-com-rodrigo-santoro-estreia-nos-cinemas\/#breadcrumb"},"inLanguage":"pt-BR","potentialAction":[{"@type":"ReadAction","target":["https:\/\/bahia.culturaviva.net.br\/literatura\/com-cenas-gravadas-na-chapada-diamantina-o-filho-de-mil-homens-com-rodrigo-santoro-estreia-nos-cinemas\/"]}]},{"@type":"ImageObject","inLanguage":"pt-BR","@id":"https:\/\/bahia.culturaviva.net.br\/literatura\/com-cenas-gravadas-na-chapada-diamantina-o-filho-de-mil-homens-com-rodrigo-santoro-estreia-nos-cinemas\/#primaryimage","url":"https:\/\/bahia.culturaviva.net.br\/wp-content\/uploads\/2025\/11\/filme-o-filho-de-mil-homens.jpg","contentUrl":"https:\/\/bahia.culturaviva.net.br\/wp-content\/uploads\/2025\/11\/filme-o-filho-de-mil-homens.jpg","width":1400,"height":1400},{"@type":"BreadcrumbList","@id":"https:\/\/bahia.culturaviva.net.br\/literatura\/com-cenas-gravadas-na-chapada-diamantina-o-filho-de-mil-homens-com-rodrigo-santoro-estreia-nos-cinemas\/#breadcrumb","itemListElement":[{"@type":"ListItem","position":1,"name":"In\u00edcio","item":"https:\/\/bahia.culturaviva.net.br\/"},{"@type":"ListItem","position":2,"name":"Com cenas gravadas na Chapada Diamantina, \u201cO Filho de Mil Homens\u201d, com Rodrigo Santoro, estreia nos cinemas"}]},{"@type":"WebSite","@id":"https:\/\/bahia.culturaviva.net.br\/#website","url":"https:\/\/bahia.culturaviva.net.br\/","name":"Rede Cultura Viva da Bahia","description":"Espa\u00e7o para Acervo, Informa\u00e7\u00e3o e Participa\u00e7\u00e3o Social da Rede de Pontos de Cultura da Bahia","publisher":{"@id":"https:\/\/bahia.culturaviva.net.br\/#organization"},"potentialAction":[{"@type":"SearchAction","target":{"@type":"EntryPoint","urlTemplate":"https:\/\/bahia.culturaviva.net.br\/?s={search_term_string}"},"query-input":{"@type":"PropertyValueSpecification","valueRequired":true,"valueName":"search_term_string"}}],"inLanguage":"pt-BR"},{"@type":"Organization","@id":"https:\/\/bahia.culturaviva.net.br\/#organization","name":"Rede Cultura Viva da Bahia","url":"https:\/\/bahia.culturaviva.net.br\/","logo":{"@type":"ImageObject","inLanguage":"pt-BR","@id":"https:\/\/bahia.culturaviva.net.br\/#\/schema\/logo\/image\/","url":"https:\/\/bahia.culturaviva.net.br\/wp-content\/uploads\/2025\/11\/logo-plataforma-culturaviva-bahia-branco.png","contentUrl":"https:\/\/bahia.culturaviva.net.br\/wp-content\/uploads\/2025\/11\/logo-plataforma-culturaviva-bahia-branco.png","width":628,"height":652,"caption":"Rede Cultura Viva da Bahia"},"image":{"@id":"https:\/\/bahia.culturaviva.net.br\/#\/schema\/logo\/image\/"}},{"@type":"Person","@id":"https:\/\/bahia.culturaviva.net.br\/#\/schema\/person\/6e78da73e0acb5b6b65735aa9584dba0","name":"Carla Uhlmann","image":{"@type":"ImageObject","inLanguage":"pt-BR","@id":"https:\/\/secure.gravatar.com\/avatar\/174652d1afb5fe35d03517b4ac78b9aae436c9a12e364319b1fc0cf646d4a933?s=96&d=mm&r=g","url":"https:\/\/secure.gravatar.com\/avatar\/174652d1afb5fe35d03517b4ac78b9aae436c9a12e364319b1fc0cf646d4a933?s=96&d=mm&r=g","contentUrl":"https:\/\/secure.gravatar.com\/avatar\/174652d1afb5fe35d03517b4ac78b9aae436c9a12e364319b1fc0cf646d4a933?s=96&d=mm&r=g","caption":"Carla Uhlmann"},"url":"https:\/\/bahia.culturaviva.net.br\/pt\/author\/carlauhlmann\/"}]}},"_links":{"self":[{"href":"https:\/\/bahia.culturaviva.net.br\/pt\/wp-json\/wp\/v2\/posts\/1302","targetHints":{"allow":["GET"]}}],"collection":[{"href":"https:\/\/bahia.culturaviva.net.br\/pt\/wp-json\/wp\/v2\/posts"}],"about":[{"href":"https:\/\/bahia.culturaviva.net.br\/pt\/wp-json\/wp\/v2\/types\/post"}],"author":[{"embeddable":true,"href":"https:\/\/bahia.culturaviva.net.br\/pt\/wp-json\/wp\/v2\/users\/4"}],"replies":[{"embeddable":true,"href":"https:\/\/bahia.culturaviva.net.br\/pt\/wp-json\/wp\/v2\/comments?post=1302"}],"version-history":[{"count":1,"href":"https:\/\/bahia.culturaviva.net.br\/pt\/wp-json\/wp\/v2\/posts\/1302\/revisions"}],"predecessor-version":[{"id":1304,"href":"https:\/\/bahia.culturaviva.net.br\/pt\/wp-json\/wp\/v2\/posts\/1302\/revisions\/1304"}],"wp:featuredmedia":[{"embeddable":true,"href":"https:\/\/bahia.culturaviva.net.br\/pt\/wp-json\/wp\/v2\/media\/1303"}],"wp:attachment":[{"href":"https:\/\/bahia.culturaviva.net.br\/pt\/wp-json\/wp\/v2\/media?parent=1302"}],"wp:term":[{"taxonomy":"category","embeddable":true,"href":"https:\/\/bahia.culturaviva.net.br\/pt\/wp-json\/wp\/v2\/categories?post=1302"},{"taxonomy":"post_tag","embeddable":true,"href":"https:\/\/bahia.culturaviva.net.br\/pt\/wp-json\/wp\/v2\/tags?post=1302"}],"curies":[{"name":"wp","href":"https:\/\/api.w.org\/{rel}","templated":true}]}}