{"id":1309,"date":"2025-11-12T14:58:57","date_gmt":"2025-11-12T17:58:57","guid":{"rendered":"https:\/\/bahia.culturaviva.net.br\/?p=1309"},"modified":"2025-11-12T14:58:59","modified_gmt":"2025-11-12T17:58:59","slug":"vitoria-da-conquista-celebrou-185-anos-com-inauguracao-da-carreta-da-cultura","status":"publish","type":"post","link":"https:\/\/bahia.culturaviva.net.br\/pt\/cultura\/vitoria-da-conquista-celebrou-185-anos-com-inauguracao-da-carreta-da-cultura\/","title":{"rendered":"Vit\u00f3ria da Conquista comemorou 185 anos com a inaugura\u00e7\u00e3o da Carreta da Cultura"},"content":{"rendered":"<p>Vit\u00f3ria da Conquista comemorou neste domingo (9) seus 185 anos de emancipa\u00e7\u00e3o pol\u00edtica com um marco hist\u00f3rico para a democratiza\u00e7\u00e3o do acesso \u00e0 arte e \u00e0 cultura: a inaugura\u00e7\u00e3o da Carreta da Cultura, equipamento itinerante que levar\u00e1 m\u00fasica, teatro, dan\u00e7a e diversas express\u00f5es art\u00edsticas a todas as regi\u00f5es do munic\u00edpio, incluindo distritos e comunidades rurais.<\/p>\n\n\n\n<figure class=\"wp-block-image size-large\"><img decoding=\"async\" src=\"https:\/\/www.pmvc.ba.gov.br\/wp-content\/uploads\/CONQUITA_185-ANOA_09_11_2025DSC_1994-1024x680.jpg\" alt=\"\"\/><\/figure>\n\n\n\n<p>O local escolhido para o lan\u00e7amento da carreta foi o Parque Municipal Lagoa das Bateias. O espa\u00e7o, que se consolidou como um dos principais pontos de esporte e lazer da zona oeste, recebeu uma extensa programa\u00e7\u00e3o cultural ao longo do dia, incluindo o evento religioso \u201cPedalando para Jesus\u201d e a Feira Itinerante da Economia Solid\u00e1ria.<\/p>\n\n\n\n<figure class=\"wp-block-image size-large\"><img decoding=\"async\" src=\"https:\/\/www.pmvc.ba.gov.br\/wp-content\/uploads\/CONQUITA_185-ANOA_09_11_2025DSC_2088-e1762817419521-1024x594.jpg\" alt=\"\"\/><\/figure>\n\n\n\n<p>No palco, alunos e professores do Conservat\u00f3rio Municipal de M\u00fasica realizaram as primeiras apresenta\u00e7\u00f5es, seguidas por artistas locais e uma participa\u00e7\u00e3o especial do secret\u00e1rio municipal de Cultura, Eug\u00eanio Avelino (Xangai), que destacou a import\u00e2ncia da iniciativa para a cultura local. \u201cEsse projeto foi pensado com muito carinho e esmero, porque n\u00f3s precisamos democratizar cada vez mais a cultura e a prefeita tamb\u00e9m tem esse sentimento, essa necessidade de levar arte e cultura para o nosso povo que se encontra nos quatro cantos do munic\u00edpio, para aqueles que n\u00e3o tem condi\u00e7\u00e3o de ir ao teatro, aos shows. A carreta deixou de ser sonho e se tornou realidade\u201d, disse Xangai.<\/p>\n\n\n\n<figure class=\"wp-block-image size-large\"><img decoding=\"async\" src=\"https:\/\/www.pmvc.ba.gov.br\/wp-content\/uploads\/CONQUITA_185-ANOA_09_11_2025DSC_2130-1024x680.jpg\" alt=\"\"\/><\/figure>\n\n\n\n<p>A carreta possui 30m\u00b2 de palco, al\u00e9m de camarim climatizado, banheiro, frigobar, e estrutura de acessibilidade com elevador e escada avi\u00f4nica, garantindo o acesso de artistas cadeirantes. O ve\u00edculo tamb\u00e9m conta com sala t\u00e9cnica para som e ilumina\u00e7\u00e3o e um gerador de energia pr\u00f3prio, o que permitir\u00e1 apresenta\u00e7\u00f5es em localidades sem rede el\u00e9trica.<\/p>\n\n\n\n<figure class=\"wp-block-image size-large\"><img decoding=\"async\" src=\"https:\/\/www.pmvc.ba.gov.br\/wp-content\/uploads\/CONQUITA_185-ANOA_09_11_2025DSC_1922-1024x680.jpg\" alt=\"\"\/><\/figure>\n\n\n\n<p>A prefeita Sheila Lemos destacou o simbolismo da entrega como um reconhecimento \u00e0 forte identidade cultural conquistense, que \u00e9 um celeiro de v\u00e1rios artistas. \u201cEm uma terra de grande produ\u00e7\u00e3o cultural, com nomes como Elomar e Glauber Rocha, \u00e9 fundamental investir para que a cultura chegue a todos. Atrav\u00e9s dessa carreta, vamos levar arte e talento aos lugares mais distantes do munic\u00edpio\u201d, afirmou Sheila.<\/p>\n\n\n\n<figure class=\"wp-block-image size-large\"><img decoding=\"async\" src=\"https:\/\/www.pmvc.ba.gov.br\/wp-content\/uploads\/WhatsApp-Image-2025-11-09-at-13.33.42-1024x576.jpeg\" alt=\"\"\/><\/figure>\n\n\n\n<p>Alice abra\u00e7ada por sua m\u00e3e, Nat\u00e1lia. Entre as primeiras atra\u00e7\u00f5es a subir ao palco m\u00f3vel estava Alice Souza, estudante do Conservat\u00f3rio Municipal e aspirante \u00e0 cantora. Alice falou sobre a experi\u00eancia de ser uma das escolhidas para inaugurar o equipamento. \u201cFiquei nervosa e, ao mesmo tempo, muito feliz de ser uma das escolhidas. O espa\u00e7o \u00e9 confort\u00e1vel e bem estruturado, a gente se sente valorizado como artista\u201d, declarou Alice.<\/p>\n\n\n\n<figure class=\"wp-block-image size-large\"><img decoding=\"async\" src=\"https:\/\/www.pmvc.ba.gov.br\/wp-content\/uploads\/CONQUITA_185-ANOA_09_11_2025DSC_1806-1024x680.jpg\" alt=\"\"\/><\/figure>\n\n\n\n<p>O assessor especial de Cultura, Alecxandre Magno, explicou que a concep\u00e7\u00e3o da carreta foi resultado de um amplo di\u00e1logo com a classe art\u00edstica e com o Conselho Municipal de Cultura, e o projeto foi aprovado pela prefeita Sheila. \u201cA Carreta da Cultura chegou para democratizar a cultura no nosso munic\u00edpio. \u00c9 o palco itinerante que vai at\u00e9 a zona rural e aos bairros perif\u00e9ricos. Esse projeto foi sonhado junto, com artistas, servidores, gestores e agora \u00e9 uma realidade\u201d, salientou Alecxandre.<\/p>\n\n\n\n<p><strong>Pedalando para Jesus<\/strong><\/p>\n\n\n\n<p>Durante as comemora\u00e7\u00f5es, a Lagoa das Bateias tamb\u00e9m recebeu o \u201cPedalando para Jesus\u201d, evento que integra e que encerra a Semana da Cultura Evang\u00e9lica. Em sua 19\u00aa edi\u00e7\u00e3o, o passeio cicl\u00edstico reuniu dezenas de participantes, que percorreram o trajeto da Pra\u00e7a Vitor Brito at\u00e9 a Lagoa das Bateias.<\/p>\n\n\n\n<figure class=\"wp-block-image size-large\"><img decoding=\"async\" src=\"https:\/\/www.pmvc.ba.gov.br\/wp-content\/uploads\/CONQUITA_185-ANOA_09_11_2025DSC_2061-1024x680.jpg\" alt=\"\"\/><\/figure>\n\n\n\n<p>A ciclista Rita Damasceno comemorou a revitaliza\u00e7\u00e3o do parque e o espa\u00e7o de conviv\u00eancia criado para a comunidade. \u201cAntes, a Lagoa das Bateias era esquecida. Hoje, virou ponto tur\u00edstico e de lazer. A gente pedala, traz a fam\u00edlia, faz piquenique. \u00c9 um presente para toda a cidade\u201d, afirmou Rita.<\/p>\n\n\n\n<p><strong>Feira Itinerante da Economia Solid\u00e1ria<\/strong><\/p>\n\n\n\n<p>Outro destaque da programa\u00e7\u00e3o foi a Feira Itinerante da Economia Solid\u00e1ria, promovida pela Secretaria Municipal de Desenvolvimento Econ\u00f4mico (SMDE).<\/p>\n\n\n\n<figure class=\"wp-block-image size-large\"><img decoding=\"async\" src=\"https:\/\/www.pmvc.ba.gov.br\/wp-content\/uploads\/CONQUITA_185-ANOA_09_11_2025DSC_2065-1024x680.jpg\" alt=\"\"\/><\/figure>\n\n\n\n<p>O coordenador do projeto, Danillo Kiribamba, explicou que a\u00e7\u00f5es como essa geram renda e fortalecem pequenos empreendedores e declara que o projeto deve prosseguir ao longo do ano. \u201cA feira fomenta a economia local, valoriza os ambulantes e artes\u00e3os e cria um espa\u00e7o de conviv\u00eancia entre cultura e desenvolvimento\u201d, completou Kiribamba.<\/p>\n\n\n\n<figure class=\"wp-block-image\"><a class=\"cboxElement\" href=\"https:\/\/www.pmvc.ba.gov.br\/wp-content\/uploads\/CONQUITA_185-ANOA_09_11_2025DSC_1901.jpg\"><img decoding=\"async\" src=\"https:\/\/www.pmvc.ba.gov.br\/wp-content\/uploads\/CONQUITA_185-ANOA_09_11_2025DSC_1901-1024x680.jpg\" alt=\"\"\/><\/a><\/figure>\n\n\n\n<figure class=\"wp-block-image\"><a class=\"cboxElement\" href=\"https:\/\/www.pmvc.ba.gov.br\/wp-content\/uploads\/CONQUITA_185-ANOA_09_11_2025DSC_1905.jpg\"><img decoding=\"async\" src=\"https:\/\/www.pmvc.ba.gov.br\/wp-content\/uploads\/CONQUITA_185-ANOA_09_11_2025DSC_1905-1024x680.jpg\" alt=\"\"\/><\/a><\/figure>\n\n\n\n<figure class=\"wp-block-image\"><a class=\"cboxElement\" href=\"https:\/\/www.pmvc.ba.gov.br\/wp-content\/uploads\/CONQUITA_185-ANOA_09_11_2025DSC_1919.jpg\"><img decoding=\"async\" src=\"https:\/\/www.pmvc.ba.gov.br\/wp-content\/uploads\/CONQUITA_185-ANOA_09_11_2025DSC_1919-1024x680.jpg\" alt=\"\"\/><\/a><\/figure>\n\n\n\n<figure class=\"wp-block-image\"><a class=\"cboxElement\" href=\"https:\/\/www.pmvc.ba.gov.br\/wp-content\/uploads\/CONQUITA_185-ANOA_09_11_2025DSC_1937.jpg\"><img decoding=\"async\" src=\"https:\/\/www.pmvc.ba.gov.br\/wp-content\/uploads\/CONQUITA_185-ANOA_09_11_2025DSC_1937-1024x680.jpg\" alt=\"\"\/><\/a><\/figure>\n\n\n\n<figure class=\"wp-block-image\"><a class=\"cboxElement\" href=\"https:\/\/www.pmvc.ba.gov.br\/wp-content\/uploads\/CONQUITA_185-ANOA_09_11_2025DSC_2036.jpg\"><img decoding=\"async\" src=\"https:\/\/www.pmvc.ba.gov.br\/wp-content\/uploads\/CONQUITA_185-ANOA_09_11_2025DSC_2036-1024x680.jpg\" alt=\"\"\/><\/a><\/figure>\n\n\n\n<figure class=\"wp-block-image\"><a class=\"cboxElement\" href=\"https:\/\/www.pmvc.ba.gov.br\/wp-content\/uploads\/CONQUITA_185-ANOA_09_11_2025DSC_2083.jpg\"><img decoding=\"async\" src=\"https:\/\/www.pmvc.ba.gov.br\/wp-content\/uploads\/CONQUITA_185-ANOA_09_11_2025DSC_2083-1024x680.jpg\" alt=\"\"\/><\/a><\/figure>\n\n\n\n<figure class=\"wp-block-image\"><a class=\"cboxElement\" href=\"https:\/\/www.pmvc.ba.gov.br\/wp-content\/uploads\/CONQUITA_185-ANOA_09_11_2025DSC_2090.jpg\"><img decoding=\"async\" src=\"https:\/\/www.pmvc.ba.gov.br\/wp-content\/uploads\/CONQUITA_185-ANOA_09_11_2025DSC_2090-1024x680.jpg\" alt=\"\"\/><\/a><\/figure>\n\n\n\n<figure class=\"wp-block-image\"><a class=\"cboxElement\" href=\"https:\/\/www.pmvc.ba.gov.br\/wp-content\/uploads\/CONQUITA_185-ANOA_09_11_2025DSC_2100.jpg\"><img decoding=\"async\" src=\"https:\/\/www.pmvc.ba.gov.br\/wp-content\/uploads\/CONQUITA_185-ANOA_09_11_2025DSC_2100-1024x680.jpg\" alt=\"\"\/><\/a><\/figure>\n\n\n\n<figure class=\"wp-block-image\"><a class=\"cboxElement\" href=\"https:\/\/www.pmvc.ba.gov.br\/wp-content\/uploads\/CONQUITA_185-ANOA_09_11_2025DSC_2103.jpg\"><img decoding=\"async\" src=\"https:\/\/www.pmvc.ba.gov.br\/wp-content\/uploads\/CONQUITA_185-ANOA_09_11_2025DSC_2103-1024x680.jpg\" alt=\"\"\/><\/a><\/figure>\n\n\n\n<figure class=\"wp-block-image\"><a class=\"cboxElement\" href=\"https:\/\/www.pmvc.ba.gov.br\/wp-content\/uploads\/CONQUITA_185-ANOA_09_11_2025DSC_2072.jpg\"><img decoding=\"async\" src=\"https:\/\/www.pmvc.ba.gov.br\/wp-content\/uploads\/CONQUITA_185-ANOA_09_11_2025DSC_2072-1024x680.jpg\" alt=\"\"\/><\/a><\/figure>\n\n\n\n<figure class=\"wp-block-image\"><a class=\"cboxElement\" href=\"https:\/\/www.pmvc.ba.gov.br\/wp-content\/uploads\/CONQUITA_185-ANOA_09_11_2025DSC_1875.jpg\"><img decoding=\"async\" src=\"https:\/\/www.pmvc.ba.gov.br\/wp-content\/uploads\/CONQUITA_185-ANOA_09_11_2025DSC_1875-1024x680.jpg\" alt=\"\"\/><\/a><\/figure>\n\n\n\n<figure class=\"wp-block-image\"><a class=\"cboxElement\" href=\"https:\/\/www.pmvc.ba.gov.br\/wp-content\/uploads\/CONQUITA_185-ANOA_09_11_2025DSC_1862.jpg\"><img decoding=\"async\" src=\"https:\/\/www.pmvc.ba.gov.br\/wp-content\/uploads\/CONQUITA_185-ANOA_09_11_2025DSC_1862-1024x680.jpg\" alt=\"\"\/><\/a><\/figure>\n\n\n\n<p>Fonte: <a href=\"https:\/\/www.pmvc.ba.gov.br\/vitoria-da-conquista-celebrou-185-anos-com-inauguracao-da-carreta-da-cultura\/\">https:\/\/www.pmvc.ba.gov.br\/vitoria-da-conquista-celebrou-185-anos-com-inauguracao-da-carreta-da-cultura\/<\/a><\/p>\n\n\n\n<p><\/p>","protected":false},"excerpt":{"rendered":"<p>Vit\u00f3ria da Conquista comemorou neste domingo (9) seus 185 anos de emancipa\u00e7\u00e3o pol\u00edtica com um marco hist\u00f3rico para a democratiza\u00e7\u00e3o do acesso \u00e0 arte e \u00e0 cultura: a inaugura\u00e7\u00e3o da Carreta da Cultura, equipamento itinerante que levar\u00e1 m\u00fasica, teatro, dan\u00e7a e diversas express\u00f5es art\u00edsticas a todas as regi\u00f5es do munic\u00edpio, incluindo distritos e comunidades rurais. [&hellip;]<\/p>\n","protected":false},"author":4,"featured_media":1310,"comment_status":"open","ping_status":"open","sticky":false,"template":"","format":"standard","meta":{"_acf_changed":false,"_gspb_post_css":"","footnotes":""},"categories":[63,59],"tags":[61,62,31,32,60],"class_list":["post-1309","post","type-post","status-publish","format-standard","has-post-thumbnail","hentry","category-carreta-da-cultura","category-cultura","tag-danca","tag-economia-solidaria","tag-literatura","tag-musica","tag-teatro"],"blocksy_meta":[],"acf":[],"yoast_head":"<!-- This site is optimized with the Yoast SEO plugin v27.3 - https:\/\/yoast.com\/product\/yoast-seo-wordpress\/ -->\n<title>Vit\u00f3ria da Conquista celebrou 185 anos com inaugura\u00e7\u00e3o da Carreta da Cultura - Rede Cultura Viva da Bahia<\/title>\n<meta name=\"robots\" content=\"index, follow, max-snippet:-1, max-image-preview:large, max-video-preview:-1\" \/>\n<link rel=\"canonical\" href=\"https:\/\/bahia.culturaviva.net.br\/pt\/cultura\/vitoria-da-conquista-celebrou-185-anos-com-inauguracao-da-carreta-da-cultura\/\" \/>\n<meta property=\"og:locale\" content=\"pt_BR\" \/>\n<meta property=\"og:type\" content=\"article\" \/>\n<meta property=\"og:title\" content=\"Vit\u00f3ria da Conquista celebrou 185 anos com inaugura\u00e7\u00e3o da Carreta da Cultura - Rede Cultura Viva da Bahia\" \/>\n<meta property=\"og:description\" content=\"Vit\u00f3ria da Conquista comemorou neste domingo (9) seus 185 anos de emancipa\u00e7\u00e3o pol\u00edtica com um marco hist\u00f3rico para a democratiza\u00e7\u00e3o do acesso \u00e0 arte e \u00e0 cultura: a inaugura\u00e7\u00e3o da Carreta da Cultura, equipamento itinerante que levar\u00e1 m\u00fasica, teatro, dan\u00e7a e diversas express\u00f5es art\u00edsticas a todas as regi\u00f5es do munic\u00edpio, incluindo distritos e comunidades rurais. [&hellip;]\" \/>\n<meta property=\"og:url\" content=\"https:\/\/bahia.culturaviva.net.br\/pt\/cultura\/vitoria-da-conquista-celebrou-185-anos-com-inauguracao-da-carreta-da-cultura\/\" \/>\n<meta property=\"og:site_name\" content=\"Rede Cultura Viva da Bahia\" \/>\n<meta property=\"article:published_time\" content=\"2025-11-12T17:58:57+00:00\" \/>\n<meta property=\"article:modified_time\" content=\"2025-11-12T17:58:59+00:00\" \/>\n<meta property=\"og:image\" content=\"https:\/\/bahia.culturaviva.net.br\/wp-content\/uploads\/2025\/11\/CONQUITA_185-ANOA_09_11_2025DSC_1994-1024x680-1.jpg\" \/>\n\t<meta property=\"og:image:width\" content=\"1024\" \/>\n\t<meta property=\"og:image:height\" content=\"680\" \/>\n\t<meta property=\"og:image:type\" content=\"image\/jpeg\" \/>\n<meta name=\"author\" content=\"Carla Uhlmann\" \/>\n<meta name=\"twitter:card\" content=\"summary_large_image\" \/>\n<meta name=\"twitter:label1\" content=\"Escrito por\" \/>\n\t<meta name=\"twitter:data1\" content=\"Carla Uhlmann\" \/>\n\t<meta name=\"twitter:label2\" content=\"Est. tempo de leitura\" \/>\n\t<meta name=\"twitter:data2\" content=\"8 minutos\" \/>\n<script type=\"application\/ld+json\" class=\"yoast-schema-graph\">{\"@context\":\"https:\\\/\\\/schema.org\",\"@graph\":[{\"@type\":\"Article\",\"@id\":\"https:\\\/\\\/bahia.culturaviva.net.br\\\/cultura\\\/vitoria-da-conquista-celebrou-185-anos-com-inauguracao-da-carreta-da-cultura\\\/#article\",\"isPartOf\":{\"@id\":\"https:\\\/\\\/bahia.culturaviva.net.br\\\/cultura\\\/vitoria-da-conquista-celebrou-185-anos-com-inauguracao-da-carreta-da-cultura\\\/\"},\"author\":{\"name\":\"Carla Uhlmann\",\"@id\":\"https:\\\/\\\/bahia.culturaviva.net.br\\\/#\\\/schema\\\/person\\\/6e78da73e0acb5b6b65735aa9584dba0\"},\"headline\":\"Vit\u00f3ria da Conquista celebrou 185 anos com inaugura\u00e7\u00e3o da Carreta da Cultura\",\"datePublished\":\"2025-11-12T17:58:57+00:00\",\"dateModified\":\"2025-11-12T17:58:59+00:00\",\"mainEntityOfPage\":{\"@id\":\"https:\\\/\\\/bahia.culturaviva.net.br\\\/cultura\\\/vitoria-da-conquista-celebrou-185-anos-com-inauguracao-da-carreta-da-cultura\\\/\"},\"wordCount\":742,\"commentCount\":0,\"publisher\":{\"@id\":\"https:\\\/\\\/bahia.culturaviva.net.br\\\/#organization\"},\"image\":{\"@id\":\"https:\\\/\\\/bahia.culturaviva.net.br\\\/cultura\\\/vitoria-da-conquista-celebrou-185-anos-com-inauguracao-da-carreta-da-cultura\\\/#primaryimage\"},\"thumbnailUrl\":\"https:\\\/\\\/bahia.culturaviva.net.br\\\/wp-content\\\/uploads\\\/2025\\\/11\\\/CONQUITA_185-ANOA_09_11_2025DSC_1994-1024x680-1.jpg\",\"keywords\":[\"Dan\u00e7a\",\"Economia Solid\u00e1ria\",\"Literatura\",\"M\u00fasica\",\"Teatro\"],\"articleSection\":[\"Carreta da Cultura\",\"Cultura\"],\"inLanguage\":\"pt-BR\",\"potentialAction\":[{\"@type\":\"CommentAction\",\"name\":\"Comment\",\"target\":[\"https:\\\/\\\/bahia.culturaviva.net.br\\\/cultura\\\/vitoria-da-conquista-celebrou-185-anos-com-inauguracao-da-carreta-da-cultura\\\/#respond\"]}]},{\"@type\":\"WebPage\",\"@id\":\"https:\\\/\\\/bahia.culturaviva.net.br\\\/cultura\\\/vitoria-da-conquista-celebrou-185-anos-com-inauguracao-da-carreta-da-cultura\\\/\",\"url\":\"https:\\\/\\\/bahia.culturaviva.net.br\\\/cultura\\\/vitoria-da-conquista-celebrou-185-anos-com-inauguracao-da-carreta-da-cultura\\\/\",\"name\":\"Vit\u00f3ria da Conquista celebrou 185 anos com inaugura\u00e7\u00e3o da Carreta da Cultura - Rede Cultura Viva da Bahia\",\"isPartOf\":{\"@id\":\"https:\\\/\\\/bahia.culturaviva.net.br\\\/#website\"},\"primaryImageOfPage\":{\"@id\":\"https:\\\/\\\/bahia.culturaviva.net.br\\\/cultura\\\/vitoria-da-conquista-celebrou-185-anos-com-inauguracao-da-carreta-da-cultura\\\/#primaryimage\"},\"image\":{\"@id\":\"https:\\\/\\\/bahia.culturaviva.net.br\\\/cultura\\\/vitoria-da-conquista-celebrou-185-anos-com-inauguracao-da-carreta-da-cultura\\\/#primaryimage\"},\"thumbnailUrl\":\"https:\\\/\\\/bahia.culturaviva.net.br\\\/wp-content\\\/uploads\\\/2025\\\/11\\\/CONQUITA_185-ANOA_09_11_2025DSC_1994-1024x680-1.jpg\",\"datePublished\":\"2025-11-12T17:58:57+00:00\",\"dateModified\":\"2025-11-12T17:58:59+00:00\",\"breadcrumb\":{\"@id\":\"https:\\\/\\\/bahia.culturaviva.net.br\\\/cultura\\\/vitoria-da-conquista-celebrou-185-anos-com-inauguracao-da-carreta-da-cultura\\\/#breadcrumb\"},\"inLanguage\":\"pt-BR\",\"potentialAction\":[{\"@type\":\"ReadAction\",\"target\":[\"https:\\\/\\\/bahia.culturaviva.net.br\\\/cultura\\\/vitoria-da-conquista-celebrou-185-anos-com-inauguracao-da-carreta-da-cultura\\\/\"]}]},{\"@type\":\"ImageObject\",\"inLanguage\":\"pt-BR\",\"@id\":\"https:\\\/\\\/bahia.culturaviva.net.br\\\/cultura\\\/vitoria-da-conquista-celebrou-185-anos-com-inauguracao-da-carreta-da-cultura\\\/#primaryimage\",\"url\":\"https:\\\/\\\/bahia.culturaviva.net.br\\\/wp-content\\\/uploads\\\/2025\\\/11\\\/CONQUITA_185-ANOA_09_11_2025DSC_1994-1024x680-1.jpg\",\"contentUrl\":\"https:\\\/\\\/bahia.culturaviva.net.br\\\/wp-content\\\/uploads\\\/2025\\\/11\\\/CONQUITA_185-ANOA_09_11_2025DSC_1994-1024x680-1.jpg\",\"width\":1024,\"height\":680},{\"@type\":\"BreadcrumbList\",\"@id\":\"https:\\\/\\\/bahia.culturaviva.net.br\\\/cultura\\\/vitoria-da-conquista-celebrou-185-anos-com-inauguracao-da-carreta-da-cultura\\\/#breadcrumb\",\"itemListElement\":[{\"@type\":\"ListItem\",\"position\":1,\"name\":\"In\u00edcio\",\"item\":\"https:\\\/\\\/bahia.culturaviva.net.br\\\/\"},{\"@type\":\"ListItem\",\"position\":2,\"name\":\"Vit\u00f3ria da Conquista celebrou 185 anos com inaugura\u00e7\u00e3o da Carreta da Cultura\"}]},{\"@type\":\"WebSite\",\"@id\":\"https:\\\/\\\/bahia.culturaviva.net.br\\\/#website\",\"url\":\"https:\\\/\\\/bahia.culturaviva.net.br\\\/\",\"name\":\"Rede Cultura Viva da Bahia\",\"description\":\"Espa\u00e7o para Acervo, Informa\u00e7\u00e3o e Participa\u00e7\u00e3o Social da Rede de Pontos de Cultura da Bahia\",\"publisher\":{\"@id\":\"https:\\\/\\\/bahia.culturaviva.net.br\\\/#organization\"},\"potentialAction\":[{\"@type\":\"SearchAction\",\"target\":{\"@type\":\"EntryPoint\",\"urlTemplate\":\"https:\\\/\\\/bahia.culturaviva.net.br\\\/?s={search_term_string}\"},\"query-input\":{\"@type\":\"PropertyValueSpecification\",\"valueRequired\":true,\"valueName\":\"search_term_string\"}}],\"inLanguage\":\"pt-BR\"},{\"@type\":\"Organization\",\"@id\":\"https:\\\/\\\/bahia.culturaviva.net.br\\\/#organization\",\"name\":\"Rede Cultura Viva da Bahia\",\"url\":\"https:\\\/\\\/bahia.culturaviva.net.br\\\/\",\"logo\":{\"@type\":\"ImageObject\",\"inLanguage\":\"pt-BR\",\"@id\":\"https:\\\/\\\/bahia.culturaviva.net.br\\\/#\\\/schema\\\/logo\\\/image\\\/\",\"url\":\"https:\\\/\\\/bahia.culturaviva.net.br\\\/wp-content\\\/uploads\\\/2025\\\/11\\\/logo-plataforma-culturaviva-bahia-branco.png\",\"contentUrl\":\"https:\\\/\\\/bahia.culturaviva.net.br\\\/wp-content\\\/uploads\\\/2025\\\/11\\\/logo-plataforma-culturaviva-bahia-branco.png\",\"width\":628,\"height\":652,\"caption\":\"Rede Cultura Viva da Bahia\"},\"image\":{\"@id\":\"https:\\\/\\\/bahia.culturaviva.net.br\\\/#\\\/schema\\\/logo\\\/image\\\/\"}},{\"@type\":\"Person\",\"@id\":\"https:\\\/\\\/bahia.culturaviva.net.br\\\/#\\\/schema\\\/person\\\/6e78da73e0acb5b6b65735aa9584dba0\",\"name\":\"Carla Uhlmann\",\"image\":{\"@type\":\"ImageObject\",\"inLanguage\":\"pt-BR\",\"@id\":\"https:\\\/\\\/secure.gravatar.com\\\/avatar\\\/174652d1afb5fe35d03517b4ac78b9aae436c9a12e364319b1fc0cf646d4a933?s=96&d=mm&r=g\",\"url\":\"https:\\\/\\\/secure.gravatar.com\\\/avatar\\\/174652d1afb5fe35d03517b4ac78b9aae436c9a12e364319b1fc0cf646d4a933?s=96&d=mm&r=g\",\"contentUrl\":\"https:\\\/\\\/secure.gravatar.com\\\/avatar\\\/174652d1afb5fe35d03517b4ac78b9aae436c9a12e364319b1fc0cf646d4a933?s=96&d=mm&r=g\",\"caption\":\"Carla Uhlmann\"},\"url\":\"https:\\\/\\\/bahia.culturaviva.net.br\\\/pt\\\/author\\\/carlauhlmann\\\/\"}]}<\/script>\n<!-- \/ Yoast SEO plugin. -->","yoast_head_json":{"title":"Vit\u00f3ria da Conquista celebrou 185 anos com inaugura\u00e7\u00e3o da Carreta da Cultura - Rede Cultura Viva da Bahia","robots":{"index":"index","follow":"follow","max-snippet":"max-snippet:-1","max-image-preview":"max-image-preview:large","max-video-preview":"max-video-preview:-1"},"canonical":"https:\/\/bahia.culturaviva.net.br\/pt\/cultura\/vitoria-da-conquista-celebrou-185-anos-com-inauguracao-da-carreta-da-cultura\/","og_locale":"pt_BR","og_type":"article","og_title":"Vit\u00f3ria da Conquista celebrou 185 anos com inaugura\u00e7\u00e3o da Carreta da Cultura - Rede Cultura Viva da Bahia","og_description":"Vit\u00f3ria da Conquista comemorou neste domingo (9) seus 185 anos de emancipa\u00e7\u00e3o pol\u00edtica com um marco hist\u00f3rico para a democratiza\u00e7\u00e3o do acesso \u00e0 arte e \u00e0 cultura: a inaugura\u00e7\u00e3o da Carreta da Cultura, equipamento itinerante que levar\u00e1 m\u00fasica, teatro, dan\u00e7a e diversas express\u00f5es art\u00edsticas a todas as regi\u00f5es do munic\u00edpio, incluindo distritos e comunidades rurais. [&hellip;]","og_url":"https:\/\/bahia.culturaviva.net.br\/pt\/cultura\/vitoria-da-conquista-celebrou-185-anos-com-inauguracao-da-carreta-da-cultura\/","og_site_name":"Rede Cultura Viva da Bahia","article_published_time":"2025-11-12T17:58:57+00:00","article_modified_time":"2025-11-12T17:58:59+00:00","og_image":[{"width":1024,"height":680,"url":"https:\/\/bahia.culturaviva.net.br\/wp-content\/uploads\/2025\/11\/CONQUITA_185-ANOA_09_11_2025DSC_1994-1024x680-1.jpg","type":"image\/jpeg"}],"author":"Carla Uhlmann","twitter_card":"summary_large_image","twitter_misc":{"Escrito por":"Carla Uhlmann","Est. tempo de leitura":"8 minutos"},"schema":{"@context":"https:\/\/schema.org","@graph":[{"@type":"Article","@id":"https:\/\/bahia.culturaviva.net.br\/cultura\/vitoria-da-conquista-celebrou-185-anos-com-inauguracao-da-carreta-da-cultura\/#article","isPartOf":{"@id":"https:\/\/bahia.culturaviva.net.br\/cultura\/vitoria-da-conquista-celebrou-185-anos-com-inauguracao-da-carreta-da-cultura\/"},"author":{"name":"Carla Uhlmann","@id":"https:\/\/bahia.culturaviva.net.br\/#\/schema\/person\/6e78da73e0acb5b6b65735aa9584dba0"},"headline":"Vit\u00f3ria da Conquista celebrou 185 anos com inaugura\u00e7\u00e3o da Carreta da Cultura","datePublished":"2025-11-12T17:58:57+00:00","dateModified":"2025-11-12T17:58:59+00:00","mainEntityOfPage":{"@id":"https:\/\/bahia.culturaviva.net.br\/cultura\/vitoria-da-conquista-celebrou-185-anos-com-inauguracao-da-carreta-da-cultura\/"},"wordCount":742,"commentCount":0,"publisher":{"@id":"https:\/\/bahia.culturaviva.net.br\/#organization"},"image":{"@id":"https:\/\/bahia.culturaviva.net.br\/cultura\/vitoria-da-conquista-celebrou-185-anos-com-inauguracao-da-carreta-da-cultura\/#primaryimage"},"thumbnailUrl":"https:\/\/bahia.culturaviva.net.br\/wp-content\/uploads\/2025\/11\/CONQUITA_185-ANOA_09_11_2025DSC_1994-1024x680-1.jpg","keywords":["Dan\u00e7a","Economia Solid\u00e1ria","Literatura","M\u00fasica","Teatro"],"articleSection":["Carreta da Cultura","Cultura"],"inLanguage":"pt-BR","potentialAction":[{"@type":"CommentAction","name":"Comment","target":["https:\/\/bahia.culturaviva.net.br\/cultura\/vitoria-da-conquista-celebrou-185-anos-com-inauguracao-da-carreta-da-cultura\/#respond"]}]},{"@type":"WebPage","@id":"https:\/\/bahia.culturaviva.net.br\/cultura\/vitoria-da-conquista-celebrou-185-anos-com-inauguracao-da-carreta-da-cultura\/","url":"https:\/\/bahia.culturaviva.net.br\/cultura\/vitoria-da-conquista-celebrou-185-anos-com-inauguracao-da-carreta-da-cultura\/","name":"Vit\u00f3ria da Conquista celebrou 185 anos com inaugura\u00e7\u00e3o da Carreta da Cultura - Rede Cultura Viva da Bahia","isPartOf":{"@id":"https:\/\/bahia.culturaviva.net.br\/#website"},"primaryImageOfPage":{"@id":"https:\/\/bahia.culturaviva.net.br\/cultura\/vitoria-da-conquista-celebrou-185-anos-com-inauguracao-da-carreta-da-cultura\/#primaryimage"},"image":{"@id":"https:\/\/bahia.culturaviva.net.br\/cultura\/vitoria-da-conquista-celebrou-185-anos-com-inauguracao-da-carreta-da-cultura\/#primaryimage"},"thumbnailUrl":"https:\/\/bahia.culturaviva.net.br\/wp-content\/uploads\/2025\/11\/CONQUITA_185-ANOA_09_11_2025DSC_1994-1024x680-1.jpg","datePublished":"2025-11-12T17:58:57+00:00","dateModified":"2025-11-12T17:58:59+00:00","breadcrumb":{"@id":"https:\/\/bahia.culturaviva.net.br\/cultura\/vitoria-da-conquista-celebrou-185-anos-com-inauguracao-da-carreta-da-cultura\/#breadcrumb"},"inLanguage":"pt-BR","potentialAction":[{"@type":"ReadAction","target":["https:\/\/bahia.culturaviva.net.br\/cultura\/vitoria-da-conquista-celebrou-185-anos-com-inauguracao-da-carreta-da-cultura\/"]}]},{"@type":"ImageObject","inLanguage":"pt-BR","@id":"https:\/\/bahia.culturaviva.net.br\/cultura\/vitoria-da-conquista-celebrou-185-anos-com-inauguracao-da-carreta-da-cultura\/#primaryimage","url":"https:\/\/bahia.culturaviva.net.br\/wp-content\/uploads\/2025\/11\/CONQUITA_185-ANOA_09_11_2025DSC_1994-1024x680-1.jpg","contentUrl":"https:\/\/bahia.culturaviva.net.br\/wp-content\/uploads\/2025\/11\/CONQUITA_185-ANOA_09_11_2025DSC_1994-1024x680-1.jpg","width":1024,"height":680},{"@type":"BreadcrumbList","@id":"https:\/\/bahia.culturaviva.net.br\/cultura\/vitoria-da-conquista-celebrou-185-anos-com-inauguracao-da-carreta-da-cultura\/#breadcrumb","itemListElement":[{"@type":"ListItem","position":1,"name":"In\u00edcio","item":"https:\/\/bahia.culturaviva.net.br\/"},{"@type":"ListItem","position":2,"name":"Vit\u00f3ria da Conquista celebrou 185 anos com inaugura\u00e7\u00e3o da Carreta da Cultura"}]},{"@type":"WebSite","@id":"https:\/\/bahia.culturaviva.net.br\/#website","url":"https:\/\/bahia.culturaviva.net.br\/","name":"Rede Cultura Viva da Bahia","description":"Espa\u00e7o para Acervo, Informa\u00e7\u00e3o e Participa\u00e7\u00e3o Social da Rede de Pontos de Cultura da Bahia","publisher":{"@id":"https:\/\/bahia.culturaviva.net.br\/#organization"},"potentialAction":[{"@type":"SearchAction","target":{"@type":"EntryPoint","urlTemplate":"https:\/\/bahia.culturaviva.net.br\/?s={search_term_string}"},"query-input":{"@type":"PropertyValueSpecification","valueRequired":true,"valueName":"search_term_string"}}],"inLanguage":"pt-BR"},{"@type":"Organization","@id":"https:\/\/bahia.culturaviva.net.br\/#organization","name":"Rede Cultura Viva da Bahia","url":"https:\/\/bahia.culturaviva.net.br\/","logo":{"@type":"ImageObject","inLanguage":"pt-BR","@id":"https:\/\/bahia.culturaviva.net.br\/#\/schema\/logo\/image\/","url":"https:\/\/bahia.culturaviva.net.br\/wp-content\/uploads\/2025\/11\/logo-plataforma-culturaviva-bahia-branco.png","contentUrl":"https:\/\/bahia.culturaviva.net.br\/wp-content\/uploads\/2025\/11\/logo-plataforma-culturaviva-bahia-branco.png","width":628,"height":652,"caption":"Rede Cultura Viva da Bahia"},"image":{"@id":"https:\/\/bahia.culturaviva.net.br\/#\/schema\/logo\/image\/"}},{"@type":"Person","@id":"https:\/\/bahia.culturaviva.net.br\/#\/schema\/person\/6e78da73e0acb5b6b65735aa9584dba0","name":"Carla Uhlmann","image":{"@type":"ImageObject","inLanguage":"pt-BR","@id":"https:\/\/secure.gravatar.com\/avatar\/174652d1afb5fe35d03517b4ac78b9aae436c9a12e364319b1fc0cf646d4a933?s=96&d=mm&r=g","url":"https:\/\/secure.gravatar.com\/avatar\/174652d1afb5fe35d03517b4ac78b9aae436c9a12e364319b1fc0cf646d4a933?s=96&d=mm&r=g","contentUrl":"https:\/\/secure.gravatar.com\/avatar\/174652d1afb5fe35d03517b4ac78b9aae436c9a12e364319b1fc0cf646d4a933?s=96&d=mm&r=g","caption":"Carla Uhlmann"},"url":"https:\/\/bahia.culturaviva.net.br\/pt\/author\/carlauhlmann\/"}]}},"_links":{"self":[{"href":"https:\/\/bahia.culturaviva.net.br\/pt\/wp-json\/wp\/v2\/posts\/1309","targetHints":{"allow":["GET"]}}],"collection":[{"href":"https:\/\/bahia.culturaviva.net.br\/pt\/wp-json\/wp\/v2\/posts"}],"about":[{"href":"https:\/\/bahia.culturaviva.net.br\/pt\/wp-json\/wp\/v2\/types\/post"}],"author":[{"embeddable":true,"href":"https:\/\/bahia.culturaviva.net.br\/pt\/wp-json\/wp\/v2\/users\/4"}],"replies":[{"embeddable":true,"href":"https:\/\/bahia.culturaviva.net.br\/pt\/wp-json\/wp\/v2\/comments?post=1309"}],"version-history":[{"count":1,"href":"https:\/\/bahia.culturaviva.net.br\/pt\/wp-json\/wp\/v2\/posts\/1309\/revisions"}],"predecessor-version":[{"id":1311,"href":"https:\/\/bahia.culturaviva.net.br\/pt\/wp-json\/wp\/v2\/posts\/1309\/revisions\/1311"}],"wp:featuredmedia":[{"embeddable":true,"href":"https:\/\/bahia.culturaviva.net.br\/pt\/wp-json\/wp\/v2\/media\/1310"}],"wp:attachment":[{"href":"https:\/\/bahia.culturaviva.net.br\/pt\/wp-json\/wp\/v2\/media?parent=1309"}],"wp:term":[{"taxonomy":"category","embeddable":true,"href":"https:\/\/bahia.culturaviva.net.br\/pt\/wp-json\/wp\/v2\/categories?post=1309"},{"taxonomy":"post_tag","embeddable":true,"href":"https:\/\/bahia.culturaviva.net.br\/pt\/wp-json\/wp\/v2\/tags?post=1309"}],"curies":[{"name":"wp","href":"https:\/\/api.w.org\/{rel}","templated":true}]}}