{"id":1313,"date":"2025-11-12T15:16:50","date_gmt":"2025-11-12T18:16:50","guid":{"rendered":"https:\/\/bahia.culturaviva.net.br\/?p=1313"},"modified":"2025-11-12T15:16:52","modified_gmt":"2025-11-12T18:16:52","slug":"brilho-do-rio-multicultura-barreiras-ganha-ponto-de-cultura-voltado-para-manifestacoes-artisticas-da-regiao","status":"publish","type":"post","link":"https:\/\/bahia.culturaviva.net.br\/pt\/cultura\/brilho-do-rio-multicultura-barreiras-ganha-ponto-de-cultura-voltado-para-manifestacoes-artisticas-da-regiao\/","title":{"rendered":"Brilho do Rio Multicultura: Barreiras ganha Ponto de Cultura voltado para manifesta\u00e7\u00f5es art\u00edsticas da regi\u00e3o"},"content":{"rendered":"<p>Uma Coletiva de Imprensa anteceder\u00e1 a abertura oficial do Espa\u00e7o<\/p>\n\n\n\n<figure class=\"wp-block-image size-large\"><img decoding=\"async\" src=\"https:\/\/sigivilares.com.br\/wp-content\/uploads\/2025\/10\/Brilho-do-Rio-Multicultura11025-1200x800.jpeg\" alt=\"\"\/><\/figure>\n\n\n\n<p>Barreiras se prepara para receber um novo espa\u00e7o cultural, que tem o prop\u00f3sito de reunir e aquilombar artistas, fazedores de cultura e amantes das artes. Com previs\u00e3o de abertura para o dia 18 de outubro, o Brilho do Rio - Multicultura est\u00e1 sendo estruturado para acolher iniciativas art\u00edsticas, talentos e projetos que t\u00eam fortalecido a cena cultural do Oeste da Bahia, sobretudo no munic\u00edpio de Barreiras e no territ\u00f3rio da Bacia do Rio Grande, segundo afirma o idealizador do equipamento, Maur\u00edcio Fa\u00edsca, que al\u00e9m de produtor cultural \u00e9 tamb\u00e9m professor do Instituto Federal de Ci\u00eancia e Tecnologia da Bahia - IFBA.<\/p>\n\n\n\n<figure class=\"wp-block-image\"><img decoding=\"async\" src=\"https:\/\/sigivilares.com.br\/wp-content\/uploads\/2025\/10\/Brilho-do-Rio-Multicultura110251.jpeg\" alt=\"\" class=\"wp-image-84728\"\/><\/figure>\n\n\n\n<p>Com as obras em fase de finaliza\u00e7\u00e3o, o Ponto de Cultura est\u00e1 sendo equipado com dois palcos, fixo e din\u00e2mico, caixa c\u00eanica para apresenta\u00e7\u00f5es teatrais com ilumina\u00e7\u00e3o e som profissional e salas que v\u00e3o comportar produtoras, \u00e1reas de ensaio, aulas de dan\u00e7as, teatro, m\u00fasica, capoeira, dentre outras atividades.&nbsp;<\/p>\n\n\n\n<p>O espa\u00e7o j\u00e1 desperta entusiasmo entre agentes culturais, coletivos e artistas da regi\u00e3o, que veem na iniciativa uma oportunidade de consolidar Barreiras como um polo de refer\u00eancia cultural no interior da Bahia. \u201cEsse espa\u00e7o ser\u00e1 um ref\u00fagio e, ao mesmo tempo, uma vitrine para os artistas locais. Estamos ansiosos pelo Brilho do Rio\u201d, afirma o artista pl\u00e1stico e empres\u00e1rio, In\u00e1cio Cordeiro.<\/p>\n\n\n\n<figure class=\"wp-block-image\"><img decoding=\"async\" src=\"https:\/\/sigivilares.com.br\/wp-content\/uploads\/2025\/10\/Brilho-do-Rio-Multicultura110253.jpeg\" alt=\"\" class=\"wp-image-84727\"\/><\/figure>\n\n\n\n<p>O Brilho do Rio Multicultura ser\u00e1 gerido pelo Grupo de Investiga\u00e7\u00e3o Corporal em Artes - GICA - Coletivo. Para um dos coordenadores do Gica, Saul Santos, o espa\u00e7o tem o diferencial de valorizar, acolher e fomentar a cadeia criativa da cultura. \u201cA ideia \u00e9 reunir pessoas que acreditem na arte como caminho de transforma\u00e7\u00e3o humana e social, constru\u00e7\u00e3o de identidade, pertencimento e profissionaliza\u00e7\u00e3o\u201d, afirma Saul, que tamb\u00e9m \u00e9 professor do IFBA.<\/p>\n\n\n\n<p><strong>Coletiva de Imprensa&nbsp;<\/strong>- Uma coletiva de imprensa marcar\u00e1 a abertura oficial dos trabalhos do Brilho do Rio Multicultura. O encontro com os profissionais de comunica\u00e7\u00e3o vai acontecer no dia&nbsp;<strong>17\/10 \u00e0s 17h30<\/strong>, e anteceder\u00e1 a inaugura\u00e7\u00e3o do espa\u00e7o. \u201cSer\u00e1 uma oportunidade para apresentar \u00e0 comunidade e \u00e0 imprensa a proposta do projeto, suas atividades e os impactos culturais que pretende gerar. Desde j\u00e1, contamos com a presen\u00e7a de toda imprensa local\u201d, convida Maur\u00edcio.<\/p>\n\n\n\n<p>O Brilho do Rio Multicultura est\u00e1 localizado na rua An\u00edsio Teixeira 495, S\u00e3o Miguel, Barreiras-Bahia.<\/p>\n\n\n\n<p><strong><em>Assessoria de Comunica\u00e7\u00e3o: Virgilia Vieira<\/em><\/strong><\/p>\n\n\n\n<p>Fonte: <a href=\"https:\/\/sigivilares.com.br\/brilho-do-rio-multicultura-barreiras-ganha-ponto-de-cultura-voltado-para-manifestacoes-artisticas-da-regiao\/\">https:\/\/sigivilares.com.br\/brilho-do-rio-multicultura-barreiras-ganha-ponto-de-cultura-voltado-para-manifestacoes-artisticas-da-regiao\/<\/a><\/p>\n\n\n\n<p><\/p>","protected":false},"excerpt":{"rendered":"<p>Uma Coletiva de Imprensa anteceder\u00e1 a abertura oficial do Espa\u00e7o Barreiras se prepara para receber um novo espa\u00e7o cultural, que tem o prop\u00f3sito de reunir e aquilombar artistas, fazedores de cultura e amantes das artes. Com previs\u00e3o de abertura para o dia 18 de outubro, o Brilho do Rio \u2013 Multicultura est\u00e1 sendo estruturado para [&hellip;]<\/p>\n","protected":false},"author":4,"featured_media":1314,"comment_status":"open","ping_status":"open","sticky":false,"template":"","format":"standard","meta":{"_acf_changed":false,"_gspb_post_css":"","footnotes":""},"categories":[59,26],"tags":[38,31,32,42,60],"class_list":["post-1313","post","type-post","status-publish","format-standard","has-post-thumbnail","hentry","category-cultura","category-ponto-de-cultura","tag-fotografia","tag-literatura","tag-musica","tag-oficinas","tag-teatro"],"blocksy_meta":[],"acf":[],"yoast_head":"<!-- This site is optimized with the Yoast SEO plugin v27.3 - https:\/\/yoast.com\/product\/yoast-seo-wordpress\/ -->\n<title>Brilho do Rio Multicultura: Barreiras ganha Ponto de Cultura voltado para manifesta\u00e7\u00f5es art\u00edsticas da regi\u00e3o - Rede Cultura Viva da Bahia<\/title>\n<meta name=\"robots\" content=\"index, follow, max-snippet:-1, max-image-preview:large, max-video-preview:-1\" \/>\n<link rel=\"canonical\" href=\"https:\/\/bahia.culturaviva.net.br\/pt\/cultura\/brilho-do-rio-multicultura-barreiras-ganha-ponto-de-cultura-voltado-para-manifestacoes-artisticas-da-regiao\/\" \/>\n<meta property=\"og:locale\" content=\"pt_BR\" \/>\n<meta property=\"og:type\" content=\"article\" \/>\n<meta property=\"og:title\" content=\"Brilho do Rio Multicultura: Barreiras ganha Ponto de Cultura voltado para manifesta\u00e7\u00f5es art\u00edsticas da regi\u00e3o - Rede Cultura Viva da Bahia\" \/>\n<meta property=\"og:description\" content=\"Uma Coletiva de Imprensa anteceder\u00e1 a abertura oficial do Espa\u00e7o Barreiras se prepara para receber um novo espa\u00e7o cultural, que tem o prop\u00f3sito de reunir e aquilombar artistas, fazedores de cultura e amantes das artes. Com previs\u00e3o de abertura para o dia 18 de outubro, o Brilho do Rio \u2013 Multicultura est\u00e1 sendo estruturado para [&hellip;]\" \/>\n<meta property=\"og:url\" content=\"https:\/\/bahia.culturaviva.net.br\/pt\/cultura\/brilho-do-rio-multicultura-barreiras-ganha-ponto-de-cultura-voltado-para-manifestacoes-artisticas-da-regiao\/\" \/>\n<meta property=\"og:site_name\" content=\"Rede Cultura Viva da Bahia\" \/>\n<meta property=\"article:published_time\" content=\"2025-11-12T18:16:50+00:00\" \/>\n<meta property=\"article:modified_time\" content=\"2025-11-12T18:16:52+00:00\" \/>\n<meta property=\"og:image\" content=\"https:\/\/bahia.culturaviva.net.br\/wp-content\/uploads\/2025\/11\/Brilho-do-Rio-Multicultura11025-1200x800-1.jpeg\" \/>\n\t<meta property=\"og:image:width\" content=\"1200\" \/>\n\t<meta property=\"og:image:height\" content=\"800\" \/>\n\t<meta property=\"og:image:type\" content=\"image\/jpeg\" \/>\n<meta name=\"author\" content=\"Carla Uhlmann\" \/>\n<meta name=\"twitter:card\" content=\"summary_large_image\" \/>\n<meta name=\"twitter:label1\" content=\"Escrito por\" \/>\n\t<meta name=\"twitter:data1\" content=\"Carla Uhlmann\" \/>\n\t<meta name=\"twitter:label2\" content=\"Est. tempo de leitura\" \/>\n\t<meta name=\"twitter:data2\" content=\"3 minutos\" \/>\n<script type=\"application\/ld+json\" class=\"yoast-schema-graph\">{\"@context\":\"https:\\\/\\\/schema.org\",\"@graph\":[{\"@type\":\"Article\",\"@id\":\"https:\\\/\\\/bahia.culturaviva.net.br\\\/cultura\\\/brilho-do-rio-multicultura-barreiras-ganha-ponto-de-cultura-voltado-para-manifestacoes-artisticas-da-regiao\\\/#article\",\"isPartOf\":{\"@id\":\"https:\\\/\\\/bahia.culturaviva.net.br\\\/cultura\\\/brilho-do-rio-multicultura-barreiras-ganha-ponto-de-cultura-voltado-para-manifestacoes-artisticas-da-regiao\\\/\"},\"author\":{\"name\":\"Carla Uhlmann\",\"@id\":\"https:\\\/\\\/bahia.culturaviva.net.br\\\/#\\\/schema\\\/person\\\/6e78da73e0acb5b6b65735aa9584dba0\"},\"headline\":\"Brilho do Rio Multicultura: Barreiras ganha Ponto de Cultura voltado para manifesta\u00e7\u00f5es art\u00edsticas da regi\u00e3o\",\"datePublished\":\"2025-11-12T18:16:50+00:00\",\"dateModified\":\"2025-11-12T18:16:52+00:00\",\"mainEntityOfPage\":{\"@id\":\"https:\\\/\\\/bahia.culturaviva.net.br\\\/cultura\\\/brilho-do-rio-multicultura-barreiras-ganha-ponto-de-cultura-voltado-para-manifestacoes-artisticas-da-regiao\\\/\"},\"wordCount\":442,\"commentCount\":0,\"publisher\":{\"@id\":\"https:\\\/\\\/bahia.culturaviva.net.br\\\/#organization\"},\"image\":{\"@id\":\"https:\\\/\\\/bahia.culturaviva.net.br\\\/cultura\\\/brilho-do-rio-multicultura-barreiras-ganha-ponto-de-cultura-voltado-para-manifestacoes-artisticas-da-regiao\\\/#primaryimage\"},\"thumbnailUrl\":\"https:\\\/\\\/bahia.culturaviva.net.br\\\/wp-content\\\/uploads\\\/2025\\\/11\\\/Brilho-do-Rio-Multicultura11025-1200x800-1.jpeg\",\"keywords\":[\"Fotografia\",\"Literatura\",\"M\u00fasica\",\"Oficinas\",\"Teatro\"],\"articleSection\":[\"Cultura\",\"Ponto de Cultura\"],\"inLanguage\":\"pt-BR\",\"potentialAction\":[{\"@type\":\"CommentAction\",\"name\":\"Comment\",\"target\":[\"https:\\\/\\\/bahia.culturaviva.net.br\\\/cultura\\\/brilho-do-rio-multicultura-barreiras-ganha-ponto-de-cultura-voltado-para-manifestacoes-artisticas-da-regiao\\\/#respond\"]}]},{\"@type\":\"WebPage\",\"@id\":\"https:\\\/\\\/bahia.culturaviva.net.br\\\/cultura\\\/brilho-do-rio-multicultura-barreiras-ganha-ponto-de-cultura-voltado-para-manifestacoes-artisticas-da-regiao\\\/\",\"url\":\"https:\\\/\\\/bahia.culturaviva.net.br\\\/cultura\\\/brilho-do-rio-multicultura-barreiras-ganha-ponto-de-cultura-voltado-para-manifestacoes-artisticas-da-regiao\\\/\",\"name\":\"Brilho do Rio Multicultura: Barreiras ganha Ponto de Cultura voltado para manifesta\u00e7\u00f5es art\u00edsticas da regi\u00e3o - Rede Cultura Viva da Bahia\",\"isPartOf\":{\"@id\":\"https:\\\/\\\/bahia.culturaviva.net.br\\\/#website\"},\"primaryImageOfPage\":{\"@id\":\"https:\\\/\\\/bahia.culturaviva.net.br\\\/cultura\\\/brilho-do-rio-multicultura-barreiras-ganha-ponto-de-cultura-voltado-para-manifestacoes-artisticas-da-regiao\\\/#primaryimage\"},\"image\":{\"@id\":\"https:\\\/\\\/bahia.culturaviva.net.br\\\/cultura\\\/brilho-do-rio-multicultura-barreiras-ganha-ponto-de-cultura-voltado-para-manifestacoes-artisticas-da-regiao\\\/#primaryimage\"},\"thumbnailUrl\":\"https:\\\/\\\/bahia.culturaviva.net.br\\\/wp-content\\\/uploads\\\/2025\\\/11\\\/Brilho-do-Rio-Multicultura11025-1200x800-1.jpeg\",\"datePublished\":\"2025-11-12T18:16:50+00:00\",\"dateModified\":\"2025-11-12T18:16:52+00:00\",\"breadcrumb\":{\"@id\":\"https:\\\/\\\/bahia.culturaviva.net.br\\\/cultura\\\/brilho-do-rio-multicultura-barreiras-ganha-ponto-de-cultura-voltado-para-manifestacoes-artisticas-da-regiao\\\/#breadcrumb\"},\"inLanguage\":\"pt-BR\",\"potentialAction\":[{\"@type\":\"ReadAction\",\"target\":[\"https:\\\/\\\/bahia.culturaviva.net.br\\\/cultura\\\/brilho-do-rio-multicultura-barreiras-ganha-ponto-de-cultura-voltado-para-manifestacoes-artisticas-da-regiao\\\/\"]}]},{\"@type\":\"ImageObject\",\"inLanguage\":\"pt-BR\",\"@id\":\"https:\\\/\\\/bahia.culturaviva.net.br\\\/cultura\\\/brilho-do-rio-multicultura-barreiras-ganha-ponto-de-cultura-voltado-para-manifestacoes-artisticas-da-regiao\\\/#primaryimage\",\"url\":\"https:\\\/\\\/bahia.culturaviva.net.br\\\/wp-content\\\/uploads\\\/2025\\\/11\\\/Brilho-do-Rio-Multicultura11025-1200x800-1.jpeg\",\"contentUrl\":\"https:\\\/\\\/bahia.culturaviva.net.br\\\/wp-content\\\/uploads\\\/2025\\\/11\\\/Brilho-do-Rio-Multicultura11025-1200x800-1.jpeg\",\"width\":1200,\"height\":800},{\"@type\":\"BreadcrumbList\",\"@id\":\"https:\\\/\\\/bahia.culturaviva.net.br\\\/cultura\\\/brilho-do-rio-multicultura-barreiras-ganha-ponto-de-cultura-voltado-para-manifestacoes-artisticas-da-regiao\\\/#breadcrumb\",\"itemListElement\":[{\"@type\":\"ListItem\",\"position\":1,\"name\":\"In\u00edcio\",\"item\":\"https:\\\/\\\/bahia.culturaviva.net.br\\\/\"},{\"@type\":\"ListItem\",\"position\":2,\"name\":\"Brilho do Rio Multicultura: Barreiras ganha Ponto de Cultura voltado para manifesta\u00e7\u00f5es art\u00edsticas da regi\u00e3o\"}]},{\"@type\":\"WebSite\",\"@id\":\"https:\\\/\\\/bahia.culturaviva.net.br\\\/#website\",\"url\":\"https:\\\/\\\/bahia.culturaviva.net.br\\\/\",\"name\":\"Rede Cultura Viva da Bahia\",\"description\":\"Espa\u00e7o para Acervo, Informa\u00e7\u00e3o e Participa\u00e7\u00e3o Social da Rede de Pontos de Cultura da Bahia\",\"publisher\":{\"@id\":\"https:\\\/\\\/bahia.culturaviva.net.br\\\/#organization\"},\"potentialAction\":[{\"@type\":\"SearchAction\",\"target\":{\"@type\":\"EntryPoint\",\"urlTemplate\":\"https:\\\/\\\/bahia.culturaviva.net.br\\\/?s={search_term_string}\"},\"query-input\":{\"@type\":\"PropertyValueSpecification\",\"valueRequired\":true,\"valueName\":\"search_term_string\"}}],\"inLanguage\":\"pt-BR\"},{\"@type\":\"Organization\",\"@id\":\"https:\\\/\\\/bahia.culturaviva.net.br\\\/#organization\",\"name\":\"Rede Cultura Viva da Bahia\",\"url\":\"https:\\\/\\\/bahia.culturaviva.net.br\\\/\",\"logo\":{\"@type\":\"ImageObject\",\"inLanguage\":\"pt-BR\",\"@id\":\"https:\\\/\\\/bahia.culturaviva.net.br\\\/#\\\/schema\\\/logo\\\/image\\\/\",\"url\":\"https:\\\/\\\/bahia.culturaviva.net.br\\\/wp-content\\\/uploads\\\/2025\\\/11\\\/logo-plataforma-culturaviva-bahia-branco.png\",\"contentUrl\":\"https:\\\/\\\/bahia.culturaviva.net.br\\\/wp-content\\\/uploads\\\/2025\\\/11\\\/logo-plataforma-culturaviva-bahia-branco.png\",\"width\":628,\"height\":652,\"caption\":\"Rede Cultura Viva da Bahia\"},\"image\":{\"@id\":\"https:\\\/\\\/bahia.culturaviva.net.br\\\/#\\\/schema\\\/logo\\\/image\\\/\"}},{\"@type\":\"Person\",\"@id\":\"https:\\\/\\\/bahia.culturaviva.net.br\\\/#\\\/schema\\\/person\\\/6e78da73e0acb5b6b65735aa9584dba0\",\"name\":\"Carla Uhlmann\",\"image\":{\"@type\":\"ImageObject\",\"inLanguage\":\"pt-BR\",\"@id\":\"https:\\\/\\\/secure.gravatar.com\\\/avatar\\\/174652d1afb5fe35d03517b4ac78b9aae436c9a12e364319b1fc0cf646d4a933?s=96&d=mm&r=g\",\"url\":\"https:\\\/\\\/secure.gravatar.com\\\/avatar\\\/174652d1afb5fe35d03517b4ac78b9aae436c9a12e364319b1fc0cf646d4a933?s=96&d=mm&r=g\",\"contentUrl\":\"https:\\\/\\\/secure.gravatar.com\\\/avatar\\\/174652d1afb5fe35d03517b4ac78b9aae436c9a12e364319b1fc0cf646d4a933?s=96&d=mm&r=g\",\"caption\":\"Carla Uhlmann\"},\"url\":\"https:\\\/\\\/bahia.culturaviva.net.br\\\/pt\\\/author\\\/carlauhlmann\\\/\"}]}<\/script>\n<!-- \/ Yoast SEO plugin. -->","yoast_head_json":{"title":"Brilho do Rio Multicultura: Barreiras ganha Ponto de Cultura voltado para manifesta\u00e7\u00f5es art\u00edsticas da regi\u00e3o - Rede Cultura Viva da Bahia","robots":{"index":"index","follow":"follow","max-snippet":"max-snippet:-1","max-image-preview":"max-image-preview:large","max-video-preview":"max-video-preview:-1"},"canonical":"https:\/\/bahia.culturaviva.net.br\/pt\/cultura\/brilho-do-rio-multicultura-barreiras-ganha-ponto-de-cultura-voltado-para-manifestacoes-artisticas-da-regiao\/","og_locale":"pt_BR","og_type":"article","og_title":"Brilho do Rio Multicultura: Barreiras ganha Ponto de Cultura voltado para manifesta\u00e7\u00f5es art\u00edsticas da regi\u00e3o - Rede Cultura Viva da Bahia","og_description":"Uma Coletiva de Imprensa anteceder\u00e1 a abertura oficial do Espa\u00e7o Barreiras se prepara para receber um novo espa\u00e7o cultural, que tem o prop\u00f3sito de reunir e aquilombar artistas, fazedores de cultura e amantes das artes. Com previs\u00e3o de abertura para o dia 18 de outubro, o Brilho do Rio \u2013 Multicultura est\u00e1 sendo estruturado para [&hellip;]","og_url":"https:\/\/bahia.culturaviva.net.br\/pt\/cultura\/brilho-do-rio-multicultura-barreiras-ganha-ponto-de-cultura-voltado-para-manifestacoes-artisticas-da-regiao\/","og_site_name":"Rede Cultura Viva da Bahia","article_published_time":"2025-11-12T18:16:50+00:00","article_modified_time":"2025-11-12T18:16:52+00:00","og_image":[{"width":1200,"height":800,"url":"https:\/\/bahia.culturaviva.net.br\/wp-content\/uploads\/2025\/11\/Brilho-do-Rio-Multicultura11025-1200x800-1.jpeg","type":"image\/jpeg"}],"author":"Carla Uhlmann","twitter_card":"summary_large_image","twitter_misc":{"Escrito por":"Carla Uhlmann","Est. tempo de leitura":"3 minutos"},"schema":{"@context":"https:\/\/schema.org","@graph":[{"@type":"Article","@id":"https:\/\/bahia.culturaviva.net.br\/cultura\/brilho-do-rio-multicultura-barreiras-ganha-ponto-de-cultura-voltado-para-manifestacoes-artisticas-da-regiao\/#article","isPartOf":{"@id":"https:\/\/bahia.culturaviva.net.br\/cultura\/brilho-do-rio-multicultura-barreiras-ganha-ponto-de-cultura-voltado-para-manifestacoes-artisticas-da-regiao\/"},"author":{"name":"Carla Uhlmann","@id":"https:\/\/bahia.culturaviva.net.br\/#\/schema\/person\/6e78da73e0acb5b6b65735aa9584dba0"},"headline":"Brilho do Rio Multicultura: Barreiras ganha Ponto de Cultura voltado para manifesta\u00e7\u00f5es art\u00edsticas da regi\u00e3o","datePublished":"2025-11-12T18:16:50+00:00","dateModified":"2025-11-12T18:16:52+00:00","mainEntityOfPage":{"@id":"https:\/\/bahia.culturaviva.net.br\/cultura\/brilho-do-rio-multicultura-barreiras-ganha-ponto-de-cultura-voltado-para-manifestacoes-artisticas-da-regiao\/"},"wordCount":442,"commentCount":0,"publisher":{"@id":"https:\/\/bahia.culturaviva.net.br\/#organization"},"image":{"@id":"https:\/\/bahia.culturaviva.net.br\/cultura\/brilho-do-rio-multicultura-barreiras-ganha-ponto-de-cultura-voltado-para-manifestacoes-artisticas-da-regiao\/#primaryimage"},"thumbnailUrl":"https:\/\/bahia.culturaviva.net.br\/wp-content\/uploads\/2025\/11\/Brilho-do-Rio-Multicultura11025-1200x800-1.jpeg","keywords":["Fotografia","Literatura","M\u00fasica","Oficinas","Teatro"],"articleSection":["Cultura","Ponto de Cultura"],"inLanguage":"pt-BR","potentialAction":[{"@type":"CommentAction","name":"Comment","target":["https:\/\/bahia.culturaviva.net.br\/cultura\/brilho-do-rio-multicultura-barreiras-ganha-ponto-de-cultura-voltado-para-manifestacoes-artisticas-da-regiao\/#respond"]}]},{"@type":"WebPage","@id":"https:\/\/bahia.culturaviva.net.br\/cultura\/brilho-do-rio-multicultura-barreiras-ganha-ponto-de-cultura-voltado-para-manifestacoes-artisticas-da-regiao\/","url":"https:\/\/bahia.culturaviva.net.br\/cultura\/brilho-do-rio-multicultura-barreiras-ganha-ponto-de-cultura-voltado-para-manifestacoes-artisticas-da-regiao\/","name":"Brilho do Rio Multicultura: Barreiras ganha Ponto de Cultura voltado para manifesta\u00e7\u00f5es art\u00edsticas da regi\u00e3o - Rede Cultura Viva da Bahia","isPartOf":{"@id":"https:\/\/bahia.culturaviva.net.br\/#website"},"primaryImageOfPage":{"@id":"https:\/\/bahia.culturaviva.net.br\/cultura\/brilho-do-rio-multicultura-barreiras-ganha-ponto-de-cultura-voltado-para-manifestacoes-artisticas-da-regiao\/#primaryimage"},"image":{"@id":"https:\/\/bahia.culturaviva.net.br\/cultura\/brilho-do-rio-multicultura-barreiras-ganha-ponto-de-cultura-voltado-para-manifestacoes-artisticas-da-regiao\/#primaryimage"},"thumbnailUrl":"https:\/\/bahia.culturaviva.net.br\/wp-content\/uploads\/2025\/11\/Brilho-do-Rio-Multicultura11025-1200x800-1.jpeg","datePublished":"2025-11-12T18:16:50+00:00","dateModified":"2025-11-12T18:16:52+00:00","breadcrumb":{"@id":"https:\/\/bahia.culturaviva.net.br\/cultura\/brilho-do-rio-multicultura-barreiras-ganha-ponto-de-cultura-voltado-para-manifestacoes-artisticas-da-regiao\/#breadcrumb"},"inLanguage":"pt-BR","potentialAction":[{"@type":"ReadAction","target":["https:\/\/bahia.culturaviva.net.br\/cultura\/brilho-do-rio-multicultura-barreiras-ganha-ponto-de-cultura-voltado-para-manifestacoes-artisticas-da-regiao\/"]}]},{"@type":"ImageObject","inLanguage":"pt-BR","@id":"https:\/\/bahia.culturaviva.net.br\/cultura\/brilho-do-rio-multicultura-barreiras-ganha-ponto-de-cultura-voltado-para-manifestacoes-artisticas-da-regiao\/#primaryimage","url":"https:\/\/bahia.culturaviva.net.br\/wp-content\/uploads\/2025\/11\/Brilho-do-Rio-Multicultura11025-1200x800-1.jpeg","contentUrl":"https:\/\/bahia.culturaviva.net.br\/wp-content\/uploads\/2025\/11\/Brilho-do-Rio-Multicultura11025-1200x800-1.jpeg","width":1200,"height":800},{"@type":"BreadcrumbList","@id":"https:\/\/bahia.culturaviva.net.br\/cultura\/brilho-do-rio-multicultura-barreiras-ganha-ponto-de-cultura-voltado-para-manifestacoes-artisticas-da-regiao\/#breadcrumb","itemListElement":[{"@type":"ListItem","position":1,"name":"In\u00edcio","item":"https:\/\/bahia.culturaviva.net.br\/"},{"@type":"ListItem","position":2,"name":"Brilho do Rio Multicultura: Barreiras ganha Ponto de Cultura voltado para manifesta\u00e7\u00f5es art\u00edsticas da regi\u00e3o"}]},{"@type":"WebSite","@id":"https:\/\/bahia.culturaviva.net.br\/#website","url":"https:\/\/bahia.culturaviva.net.br\/","name":"Rede Cultura Viva da Bahia","description":"Espa\u00e7o para Acervo, Informa\u00e7\u00e3o e Participa\u00e7\u00e3o Social da Rede de Pontos de Cultura da Bahia","publisher":{"@id":"https:\/\/bahia.culturaviva.net.br\/#organization"},"potentialAction":[{"@type":"SearchAction","target":{"@type":"EntryPoint","urlTemplate":"https:\/\/bahia.culturaviva.net.br\/?s={search_term_string}"},"query-input":{"@type":"PropertyValueSpecification","valueRequired":true,"valueName":"search_term_string"}}],"inLanguage":"pt-BR"},{"@type":"Organization","@id":"https:\/\/bahia.culturaviva.net.br\/#organization","name":"Rede Cultura Viva da Bahia","url":"https:\/\/bahia.culturaviva.net.br\/","logo":{"@type":"ImageObject","inLanguage":"pt-BR","@id":"https:\/\/bahia.culturaviva.net.br\/#\/schema\/logo\/image\/","url":"https:\/\/bahia.culturaviva.net.br\/wp-content\/uploads\/2025\/11\/logo-plataforma-culturaviva-bahia-branco.png","contentUrl":"https:\/\/bahia.culturaviva.net.br\/wp-content\/uploads\/2025\/11\/logo-plataforma-culturaviva-bahia-branco.png","width":628,"height":652,"caption":"Rede Cultura Viva da Bahia"},"image":{"@id":"https:\/\/bahia.culturaviva.net.br\/#\/schema\/logo\/image\/"}},{"@type":"Person","@id":"https:\/\/bahia.culturaviva.net.br\/#\/schema\/person\/6e78da73e0acb5b6b65735aa9584dba0","name":"Carla Uhlmann","image":{"@type":"ImageObject","inLanguage":"pt-BR","@id":"https:\/\/secure.gravatar.com\/avatar\/174652d1afb5fe35d03517b4ac78b9aae436c9a12e364319b1fc0cf646d4a933?s=96&d=mm&r=g","url":"https:\/\/secure.gravatar.com\/avatar\/174652d1afb5fe35d03517b4ac78b9aae436c9a12e364319b1fc0cf646d4a933?s=96&d=mm&r=g","contentUrl":"https:\/\/secure.gravatar.com\/avatar\/174652d1afb5fe35d03517b4ac78b9aae436c9a12e364319b1fc0cf646d4a933?s=96&d=mm&r=g","caption":"Carla Uhlmann"},"url":"https:\/\/bahia.culturaviva.net.br\/pt\/author\/carlauhlmann\/"}]}},"_links":{"self":[{"href":"https:\/\/bahia.culturaviva.net.br\/pt\/wp-json\/wp\/v2\/posts\/1313","targetHints":{"allow":["GET"]}}],"collection":[{"href":"https:\/\/bahia.culturaviva.net.br\/pt\/wp-json\/wp\/v2\/posts"}],"about":[{"href":"https:\/\/bahia.culturaviva.net.br\/pt\/wp-json\/wp\/v2\/types\/post"}],"author":[{"embeddable":true,"href":"https:\/\/bahia.culturaviva.net.br\/pt\/wp-json\/wp\/v2\/users\/4"}],"replies":[{"embeddable":true,"href":"https:\/\/bahia.culturaviva.net.br\/pt\/wp-json\/wp\/v2\/comments?post=1313"}],"version-history":[{"count":1,"href":"https:\/\/bahia.culturaviva.net.br\/pt\/wp-json\/wp\/v2\/posts\/1313\/revisions"}],"predecessor-version":[{"id":1315,"href":"https:\/\/bahia.culturaviva.net.br\/pt\/wp-json\/wp\/v2\/posts\/1313\/revisions\/1315"}],"wp:featuredmedia":[{"embeddable":true,"href":"https:\/\/bahia.culturaviva.net.br\/pt\/wp-json\/wp\/v2\/media\/1314"}],"wp:attachment":[{"href":"https:\/\/bahia.culturaviva.net.br\/pt\/wp-json\/wp\/v2\/media?parent=1313"}],"wp:term":[{"taxonomy":"category","embeddable":true,"href":"https:\/\/bahia.culturaviva.net.br\/pt\/wp-json\/wp\/v2\/categories?post=1313"},{"taxonomy":"post_tag","embeddable":true,"href":"https:\/\/bahia.culturaviva.net.br\/pt\/wp-json\/wp\/v2\/tags?post=1313"}],"curies":[{"name":"wp","href":"https:\/\/api.w.org\/{rel}","templated":true}]}}