{"id":1331,"date":"2025-11-13T11:34:37","date_gmt":"2025-11-13T14:34:37","guid":{"rendered":"https:\/\/bahia.culturaviva.net.br\/?p=1331"},"modified":"2025-11-26T15:05:30","modified_gmt":"2025-11-26T18:05:30","slug":"romaria-de-canudos-se-destaca-entre-os-atrativos-turisticos-dos-caminhos-do-sertao","status":"publish","type":"post","link":"https:\/\/bahia.culturaviva.net.br\/pt\/cultura\/romaria-de-canudos-se-destaca-entre-os-atrativos-turisticos-dos-caminhos-do-sertao\/","title":{"rendered":"Romaria de Canudos se destaca entre os atrativos tur\u00edsticos dos Caminhos do Sert\u00e3o"},"content":{"rendered":"<figure class=\"wp-block-image size-large\"><img loading=\"lazy\" decoding=\"async\" width=\"1024\" height=\"652\" src=\"https:\/\/bahia.culturaviva.net.br\/wp-content\/uploads\/2025\/11\/canudos-1024x652.jpeg\" alt=\"\" class=\"wp-image-1332\" srcset=\"https:\/\/bahia.culturaviva.net.br\/wp-content\/uploads\/2025\/11\/canudos-1024x652.jpeg 1024w, https:\/\/bahia.culturaviva.net.br\/wp-content\/uploads\/2025\/11\/canudos-300x191.jpeg 300w, https:\/\/bahia.culturaviva.net.br\/wp-content\/uploads\/2025\/11\/canudos-768x489.jpeg 768w, https:\/\/bahia.culturaviva.net.br\/wp-content\/uploads\/2025\/11\/canudos-18x12.jpeg 18w, https:\/\/bahia.culturaviva.net.br\/wp-content\/uploads\/2025\/11\/canudos-205x131.jpeg 205w, https:\/\/bahia.culturaviva.net.br\/wp-content\/uploads\/2025\/11\/canudos-480x306.jpeg 480w, https:\/\/bahia.culturaviva.net.br\/wp-content\/uploads\/2025\/11\/canudos.jpeg 1179w\" sizes=\"auto, (max-width: 1024px) 100vw, 1024px\" \/><\/figure>\n\n\n\n<p>A 38\u00aa Romaria de Canudos, na zona tur\u00edstica Caminhos do Sert\u00e3o, foi encerrada no \u00faltimo domingo (26), ap\u00f3s tr\u00eas dias de programa\u00e7\u00e3o, com a participa\u00e7\u00e3o de cerca de duas mil pessoas, reunindo peregrinos e turistas. Este ano, o evento trouxe o tema \u201cBelo Monte, um modelo de bem viver para nossa casa comum\u201d, celebrando os 128 anos do fim da Guerra de Canudos, ocorrida no s\u00e9culo 19. O embate entre os seguidores do l\u00edder religioso Ant\u00f4nio Conselheiro e o Ex\u00e9rcito brasileiro \u00e9 um dos cap\u00edtulos mais marcantes da hist\u00f3ria do pa\u00eds.<\/p>\n\n\n\n<p>A romaria atraiu caravanas da Bahia, Cear\u00e1 e Pernambuco, al\u00e9m de visitantes de S\u00e3o Paulo, Rio de Janeiro e Minas Gerais. Ela representa o resgate da mem\u00f3ria de Ant\u00f4nio Conselheiro e da comunidade de Belo Monte, fundada por ele e que deu origem a Canudos, que deixou um importante legado social e pol\u00edtico. A programa\u00e7\u00e3o incluiu mesas-redondas, oficinas, manifesta\u00e7\u00f5es art\u00edsticas, culto ecum\u00eanico e visitas guiadas, que contemplaram o Parque Estadual de Canudos, o memorial em homenagem ao l\u00edder religioso e o Museu Casa de V\u00f3 Izabel, entre outros pontos atrativos.<\/p>\n\n\n\n<p>\u201cA cada ano, a romaria ganha mais representatividade, o que fortalece a nossa luta pelo reconhecimento nacional dessa manifesta\u00e7\u00e3o, por meio de um projeto de lei federal. Tamb\u00e9m abrimos di\u00e1logo produtivo com a Secretaria de Turismo do Estado (Setur-BA), visando atrair mais visitantes para o evento, e seguiremos nas tratativas\u201d, relatou Jo\u00e3o Batista Lima, pesquisador e membro do Instituto Popular Memorial de Canudos, que promove a romaria.<\/p>\n\n\n\n<p>\u201cO Sert\u00e3o est\u00e1 no radar do nosso trabalho de diversifica\u00e7\u00e3o da oferta tur\u00edstica na Bahia. J\u00e1 estamos conversando com as partes envolvidas na organiza\u00e7\u00e3o da romaria e de outros eventos em Canudos, para a\u00e7\u00f5es conjuntas que resultem no aumento do fluxo municipal de turistas\u201d, explicou o titular da Setur-BA, Maur\u00edcio Bacelar.<\/p>\n\n\n\n<p>Fonte: <a href=\"https:\/\/www.ba.gov.br\/noticias\/375041\/romaria-de-canudos-se-destaca-entre-os-atrativos-turisticos-dos-caminhos-do-sertao\">https:\/\/www.ba.gov.br\/noticias\/375041\/romaria-de-canudos-se-destaca-entre-os-atrativos-turisticos-dos-caminhos-do-sertao<\/a><\/p>\n\n\n\n<p><\/p>","protected":false},"excerpt":{"rendered":"<p>A 38\u00aa Romaria de Canudos, na zona tur\u00edstica Caminhos do Sert\u00e3o, foi encerrada no \u00faltimo domingo (26), ap\u00f3s tr\u00eas dias de programa\u00e7\u00e3o, com a participa\u00e7\u00e3o de cerca de duas mil pessoas, reunindo peregrinos e turistas. Este ano, o evento trouxe o tema \u201cBelo Monte, um modelo de bem viver para nossa casa comum\u201d, celebrando os [&hellip;]<\/p>\n","protected":false},"author":4,"featured_media":1332,"comment_status":"open","ping_status":"open","sticky":false,"template":"","format":"standard","meta":{"_acf_changed":false,"_gspb_post_css":"","footnotes":""},"categories":[59,7,18],"tags":[9],"class_list":["post-1331","post","type-post","status-publish","format-standard","has-post-thumbnail","hentry","category-cultura","category-travel","category-turismo","tag-breaking"],"blocksy_meta":[],"acf":[],"yoast_head":"<!-- This site is optimized with the Yoast SEO plugin v27.3 - https:\/\/yoast.com\/product\/yoast-seo-wordpress\/ -->\n<title>Romaria de Canudos se destaca entre os atrativos tur\u00edsticos dos Caminhos do Sert\u00e3o - Rede Cultura Viva da Bahia<\/title>\n<meta name=\"robots\" content=\"index, follow, max-snippet:-1, max-image-preview:large, max-video-preview:-1\" \/>\n<link rel=\"canonical\" href=\"https:\/\/bahia.culturaviva.net.br\/pt\/cultura\/romaria-de-canudos-se-destaca-entre-os-atrativos-turisticos-dos-caminhos-do-sertao\/\" \/>\n<meta property=\"og:locale\" content=\"pt_BR\" \/>\n<meta property=\"og:type\" content=\"article\" \/>\n<meta property=\"og:title\" content=\"Romaria de Canudos se destaca entre os atrativos tur\u00edsticos dos Caminhos do Sert\u00e3o - Rede Cultura Viva da Bahia\" \/>\n<meta property=\"og:description\" content=\"A 38\u00aa Romaria de Canudos, na zona tur\u00edstica Caminhos do Sert\u00e3o, foi encerrada no \u00faltimo domingo (26), ap\u00f3s tr\u00eas dias de programa\u00e7\u00e3o, com a participa\u00e7\u00e3o de cerca de duas mil pessoas, reunindo peregrinos e turistas. Este ano, o evento trouxe o tema \u201cBelo Monte, um modelo de bem viver para nossa casa comum\u201d, celebrando os [&hellip;]\" \/>\n<meta property=\"og:url\" content=\"https:\/\/bahia.culturaviva.net.br\/pt\/cultura\/romaria-de-canudos-se-destaca-entre-os-atrativos-turisticos-dos-caminhos-do-sertao\/\" \/>\n<meta property=\"og:site_name\" content=\"Rede Cultura Viva da Bahia\" \/>\n<meta property=\"article:published_time\" content=\"2025-11-13T14:34:37+00:00\" \/>\n<meta property=\"article:modified_time\" content=\"2025-11-26T18:05:30+00:00\" \/>\n<meta property=\"og:image\" content=\"https:\/\/bahia.culturaviva.net.br\/wp-content\/uploads\/2025\/11\/canudos.jpeg\" \/>\n\t<meta property=\"og:image:width\" content=\"1179\" \/>\n\t<meta property=\"og:image:height\" content=\"751\" \/>\n\t<meta property=\"og:image:type\" content=\"image\/jpeg\" \/>\n<meta name=\"author\" content=\"Carla Uhlmann\" \/>\n<meta name=\"twitter:card\" content=\"summary_large_image\" \/>\n<meta name=\"twitter:label1\" content=\"Escrito por\" \/>\n\t<meta name=\"twitter:data1\" content=\"Carla Uhlmann\" \/>\n\t<meta name=\"twitter:label2\" content=\"Est. tempo de leitura\" \/>\n\t<meta name=\"twitter:data2\" content=\"3 minutos\" \/>\n<script type=\"application\/ld+json\" class=\"yoast-schema-graph\">{\"@context\":\"https:\\\/\\\/schema.org\",\"@graph\":[{\"@type\":\"Article\",\"@id\":\"https:\\\/\\\/bahia.culturaviva.net.br\\\/cultura\\\/romaria-de-canudos-se-destaca-entre-os-atrativos-turisticos-dos-caminhos-do-sertao\\\/#article\",\"isPartOf\":{\"@id\":\"https:\\\/\\\/bahia.culturaviva.net.br\\\/cultura\\\/romaria-de-canudos-se-destaca-entre-os-atrativos-turisticos-dos-caminhos-do-sertao\\\/\"},\"author\":{\"name\":\"Carla Uhlmann\",\"@id\":\"https:\\\/\\\/bahia.culturaviva.net.br\\\/#\\\/schema\\\/person\\\/6e78da73e0acb5b6b65735aa9584dba0\"},\"headline\":\"Romaria de Canudos se destaca entre os atrativos tur\u00edsticos dos Caminhos do Sert\u00e3o\",\"datePublished\":\"2025-11-13T14:34:37+00:00\",\"dateModified\":\"2025-11-26T18:05:30+00:00\",\"mainEntityOfPage\":{\"@id\":\"https:\\\/\\\/bahia.culturaviva.net.br\\\/cultura\\\/romaria-de-canudos-se-destaca-entre-os-atrativos-turisticos-dos-caminhos-do-sertao\\\/\"},\"wordCount\":350,\"commentCount\":0,\"publisher\":{\"@id\":\"https:\\\/\\\/bahia.culturaviva.net.br\\\/#organization\"},\"image\":{\"@id\":\"https:\\\/\\\/bahia.culturaviva.net.br\\\/cultura\\\/romaria-de-canudos-se-destaca-entre-os-atrativos-turisticos-dos-caminhos-do-sertao\\\/#primaryimage\"},\"thumbnailUrl\":\"https:\\\/\\\/bahia.culturaviva.net.br\\\/wp-content\\\/uploads\\\/2025\\\/11\\\/canudos.jpeg\",\"keywords\":[\"Extra\"],\"articleSection\":[\"Cultura\",\"Travel\",\"Turismo\"],\"inLanguage\":\"pt-BR\",\"potentialAction\":[{\"@type\":\"CommentAction\",\"name\":\"Comment\",\"target\":[\"https:\\\/\\\/bahia.culturaviva.net.br\\\/cultura\\\/romaria-de-canudos-se-destaca-entre-os-atrativos-turisticos-dos-caminhos-do-sertao\\\/#respond\"]}]},{\"@type\":\"WebPage\",\"@id\":\"https:\\\/\\\/bahia.culturaviva.net.br\\\/cultura\\\/romaria-de-canudos-se-destaca-entre-os-atrativos-turisticos-dos-caminhos-do-sertao\\\/\",\"url\":\"https:\\\/\\\/bahia.culturaviva.net.br\\\/cultura\\\/romaria-de-canudos-se-destaca-entre-os-atrativos-turisticos-dos-caminhos-do-sertao\\\/\",\"name\":\"Romaria de Canudos se destaca entre os atrativos tur\u00edsticos dos Caminhos do Sert\u00e3o - Rede Cultura Viva da Bahia\",\"isPartOf\":{\"@id\":\"https:\\\/\\\/bahia.culturaviva.net.br\\\/#website\"},\"primaryImageOfPage\":{\"@id\":\"https:\\\/\\\/bahia.culturaviva.net.br\\\/cultura\\\/romaria-de-canudos-se-destaca-entre-os-atrativos-turisticos-dos-caminhos-do-sertao\\\/#primaryimage\"},\"image\":{\"@id\":\"https:\\\/\\\/bahia.culturaviva.net.br\\\/cultura\\\/romaria-de-canudos-se-destaca-entre-os-atrativos-turisticos-dos-caminhos-do-sertao\\\/#primaryimage\"},\"thumbnailUrl\":\"https:\\\/\\\/bahia.culturaviva.net.br\\\/wp-content\\\/uploads\\\/2025\\\/11\\\/canudos.jpeg\",\"datePublished\":\"2025-11-13T14:34:37+00:00\",\"dateModified\":\"2025-11-26T18:05:30+00:00\",\"breadcrumb\":{\"@id\":\"https:\\\/\\\/bahia.culturaviva.net.br\\\/cultura\\\/romaria-de-canudos-se-destaca-entre-os-atrativos-turisticos-dos-caminhos-do-sertao\\\/#breadcrumb\"},\"inLanguage\":\"pt-BR\",\"potentialAction\":[{\"@type\":\"ReadAction\",\"target\":[\"https:\\\/\\\/bahia.culturaviva.net.br\\\/cultura\\\/romaria-de-canudos-se-destaca-entre-os-atrativos-turisticos-dos-caminhos-do-sertao\\\/\"]}]},{\"@type\":\"ImageObject\",\"inLanguage\":\"pt-BR\",\"@id\":\"https:\\\/\\\/bahia.culturaviva.net.br\\\/cultura\\\/romaria-de-canudos-se-destaca-entre-os-atrativos-turisticos-dos-caminhos-do-sertao\\\/#primaryimage\",\"url\":\"https:\\\/\\\/bahia.culturaviva.net.br\\\/wp-content\\\/uploads\\\/2025\\\/11\\\/canudos.jpeg\",\"contentUrl\":\"https:\\\/\\\/bahia.culturaviva.net.br\\\/wp-content\\\/uploads\\\/2025\\\/11\\\/canudos.jpeg\",\"width\":1179,\"height\":751},{\"@type\":\"BreadcrumbList\",\"@id\":\"https:\\\/\\\/bahia.culturaviva.net.br\\\/cultura\\\/romaria-de-canudos-se-destaca-entre-os-atrativos-turisticos-dos-caminhos-do-sertao\\\/#breadcrumb\",\"itemListElement\":[{\"@type\":\"ListItem\",\"position\":1,\"name\":\"In\u00edcio\",\"item\":\"https:\\\/\\\/bahia.culturaviva.net.br\\\/\"},{\"@type\":\"ListItem\",\"position\":2,\"name\":\"Romaria de Canudos se destaca entre os atrativos tur\u00edsticos dos Caminhos do Sert\u00e3o\"}]},{\"@type\":\"WebSite\",\"@id\":\"https:\\\/\\\/bahia.culturaviva.net.br\\\/#website\",\"url\":\"https:\\\/\\\/bahia.culturaviva.net.br\\\/\",\"name\":\"Rede Cultura Viva da Bahia\",\"description\":\"Espa\u00e7o para Acervo, Informa\u00e7\u00e3o e Participa\u00e7\u00e3o Social da Rede de Pontos de Cultura da Bahia\",\"publisher\":{\"@id\":\"https:\\\/\\\/bahia.culturaviva.net.br\\\/#organization\"},\"potentialAction\":[{\"@type\":\"SearchAction\",\"target\":{\"@type\":\"EntryPoint\",\"urlTemplate\":\"https:\\\/\\\/bahia.culturaviva.net.br\\\/?s={search_term_string}\"},\"query-input\":{\"@type\":\"PropertyValueSpecification\",\"valueRequired\":true,\"valueName\":\"search_term_string\"}}],\"inLanguage\":\"pt-BR\"},{\"@type\":\"Organization\",\"@id\":\"https:\\\/\\\/bahia.culturaviva.net.br\\\/#organization\",\"name\":\"Rede Cultura Viva da Bahia\",\"url\":\"https:\\\/\\\/bahia.culturaviva.net.br\\\/\",\"logo\":{\"@type\":\"ImageObject\",\"inLanguage\":\"pt-BR\",\"@id\":\"https:\\\/\\\/bahia.culturaviva.net.br\\\/#\\\/schema\\\/logo\\\/image\\\/\",\"url\":\"https:\\\/\\\/bahia.culturaviva.net.br\\\/wp-content\\\/uploads\\\/2025\\\/11\\\/logo-plataforma-culturaviva-bahia-branco.png\",\"contentUrl\":\"https:\\\/\\\/bahia.culturaviva.net.br\\\/wp-content\\\/uploads\\\/2025\\\/11\\\/logo-plataforma-culturaviva-bahia-branco.png\",\"width\":628,\"height\":652,\"caption\":\"Rede Cultura Viva da Bahia\"},\"image\":{\"@id\":\"https:\\\/\\\/bahia.culturaviva.net.br\\\/#\\\/schema\\\/logo\\\/image\\\/\"}},{\"@type\":\"Person\",\"@id\":\"https:\\\/\\\/bahia.culturaviva.net.br\\\/#\\\/schema\\\/person\\\/6e78da73e0acb5b6b65735aa9584dba0\",\"name\":\"Carla Uhlmann\",\"image\":{\"@type\":\"ImageObject\",\"inLanguage\":\"pt-BR\",\"@id\":\"https:\\\/\\\/secure.gravatar.com\\\/avatar\\\/174652d1afb5fe35d03517b4ac78b9aae436c9a12e364319b1fc0cf646d4a933?s=96&d=mm&r=g\",\"url\":\"https:\\\/\\\/secure.gravatar.com\\\/avatar\\\/174652d1afb5fe35d03517b4ac78b9aae436c9a12e364319b1fc0cf646d4a933?s=96&d=mm&r=g\",\"contentUrl\":\"https:\\\/\\\/secure.gravatar.com\\\/avatar\\\/174652d1afb5fe35d03517b4ac78b9aae436c9a12e364319b1fc0cf646d4a933?s=96&d=mm&r=g\",\"caption\":\"Carla Uhlmann\"},\"url\":\"https:\\\/\\\/bahia.culturaviva.net.br\\\/pt\\\/author\\\/carlauhlmann\\\/\"}]}<\/script>\n<!-- \/ Yoast SEO plugin. -->","yoast_head_json":{"title":"Romaria de Canudos se destaca entre os atrativos tur\u00edsticos dos Caminhos do Sert\u00e3o - Rede Cultura Viva da Bahia","robots":{"index":"index","follow":"follow","max-snippet":"max-snippet:-1","max-image-preview":"max-image-preview:large","max-video-preview":"max-video-preview:-1"},"canonical":"https:\/\/bahia.culturaviva.net.br\/pt\/cultura\/romaria-de-canudos-se-destaca-entre-os-atrativos-turisticos-dos-caminhos-do-sertao\/","og_locale":"pt_BR","og_type":"article","og_title":"Romaria de Canudos se destaca entre os atrativos tur\u00edsticos dos Caminhos do Sert\u00e3o - Rede Cultura Viva da Bahia","og_description":"A 38\u00aa Romaria de Canudos, na zona tur\u00edstica Caminhos do Sert\u00e3o, foi encerrada no \u00faltimo domingo (26), ap\u00f3s tr\u00eas dias de programa\u00e7\u00e3o, com a participa\u00e7\u00e3o de cerca de duas mil pessoas, reunindo peregrinos e turistas. Este ano, o evento trouxe o tema \u201cBelo Monte, um modelo de bem viver para nossa casa comum\u201d, celebrando os [&hellip;]","og_url":"https:\/\/bahia.culturaviva.net.br\/pt\/cultura\/romaria-de-canudos-se-destaca-entre-os-atrativos-turisticos-dos-caminhos-do-sertao\/","og_site_name":"Rede Cultura Viva da Bahia","article_published_time":"2025-11-13T14:34:37+00:00","article_modified_time":"2025-11-26T18:05:30+00:00","og_image":[{"width":1179,"height":751,"url":"https:\/\/bahia.culturaviva.net.br\/wp-content\/uploads\/2025\/11\/canudos.jpeg","type":"image\/jpeg"}],"author":"Carla Uhlmann","twitter_card":"summary_large_image","twitter_misc":{"Escrito por":"Carla Uhlmann","Est. tempo de leitura":"3 minutos"},"schema":{"@context":"https:\/\/schema.org","@graph":[{"@type":"Article","@id":"https:\/\/bahia.culturaviva.net.br\/cultura\/romaria-de-canudos-se-destaca-entre-os-atrativos-turisticos-dos-caminhos-do-sertao\/#article","isPartOf":{"@id":"https:\/\/bahia.culturaviva.net.br\/cultura\/romaria-de-canudos-se-destaca-entre-os-atrativos-turisticos-dos-caminhos-do-sertao\/"},"author":{"name":"Carla Uhlmann","@id":"https:\/\/bahia.culturaviva.net.br\/#\/schema\/person\/6e78da73e0acb5b6b65735aa9584dba0"},"headline":"Romaria de Canudos se destaca entre os atrativos tur\u00edsticos dos Caminhos do Sert\u00e3o","datePublished":"2025-11-13T14:34:37+00:00","dateModified":"2025-11-26T18:05:30+00:00","mainEntityOfPage":{"@id":"https:\/\/bahia.culturaviva.net.br\/cultura\/romaria-de-canudos-se-destaca-entre-os-atrativos-turisticos-dos-caminhos-do-sertao\/"},"wordCount":350,"commentCount":0,"publisher":{"@id":"https:\/\/bahia.culturaviva.net.br\/#organization"},"image":{"@id":"https:\/\/bahia.culturaviva.net.br\/cultura\/romaria-de-canudos-se-destaca-entre-os-atrativos-turisticos-dos-caminhos-do-sertao\/#primaryimage"},"thumbnailUrl":"https:\/\/bahia.culturaviva.net.br\/wp-content\/uploads\/2025\/11\/canudos.jpeg","keywords":["Extra"],"articleSection":["Cultura","Travel","Turismo"],"inLanguage":"pt-BR","potentialAction":[{"@type":"CommentAction","name":"Comment","target":["https:\/\/bahia.culturaviva.net.br\/cultura\/romaria-de-canudos-se-destaca-entre-os-atrativos-turisticos-dos-caminhos-do-sertao\/#respond"]}]},{"@type":"WebPage","@id":"https:\/\/bahia.culturaviva.net.br\/cultura\/romaria-de-canudos-se-destaca-entre-os-atrativos-turisticos-dos-caminhos-do-sertao\/","url":"https:\/\/bahia.culturaviva.net.br\/cultura\/romaria-de-canudos-se-destaca-entre-os-atrativos-turisticos-dos-caminhos-do-sertao\/","name":"Romaria de Canudos se destaca entre os atrativos tur\u00edsticos dos Caminhos do Sert\u00e3o - Rede Cultura Viva da Bahia","isPartOf":{"@id":"https:\/\/bahia.culturaviva.net.br\/#website"},"primaryImageOfPage":{"@id":"https:\/\/bahia.culturaviva.net.br\/cultura\/romaria-de-canudos-se-destaca-entre-os-atrativos-turisticos-dos-caminhos-do-sertao\/#primaryimage"},"image":{"@id":"https:\/\/bahia.culturaviva.net.br\/cultura\/romaria-de-canudos-se-destaca-entre-os-atrativos-turisticos-dos-caminhos-do-sertao\/#primaryimage"},"thumbnailUrl":"https:\/\/bahia.culturaviva.net.br\/wp-content\/uploads\/2025\/11\/canudos.jpeg","datePublished":"2025-11-13T14:34:37+00:00","dateModified":"2025-11-26T18:05:30+00:00","breadcrumb":{"@id":"https:\/\/bahia.culturaviva.net.br\/cultura\/romaria-de-canudos-se-destaca-entre-os-atrativos-turisticos-dos-caminhos-do-sertao\/#breadcrumb"},"inLanguage":"pt-BR","potentialAction":[{"@type":"ReadAction","target":["https:\/\/bahia.culturaviva.net.br\/cultura\/romaria-de-canudos-se-destaca-entre-os-atrativos-turisticos-dos-caminhos-do-sertao\/"]}]},{"@type":"ImageObject","inLanguage":"pt-BR","@id":"https:\/\/bahia.culturaviva.net.br\/cultura\/romaria-de-canudos-se-destaca-entre-os-atrativos-turisticos-dos-caminhos-do-sertao\/#primaryimage","url":"https:\/\/bahia.culturaviva.net.br\/wp-content\/uploads\/2025\/11\/canudos.jpeg","contentUrl":"https:\/\/bahia.culturaviva.net.br\/wp-content\/uploads\/2025\/11\/canudos.jpeg","width":1179,"height":751},{"@type":"BreadcrumbList","@id":"https:\/\/bahia.culturaviva.net.br\/cultura\/romaria-de-canudos-se-destaca-entre-os-atrativos-turisticos-dos-caminhos-do-sertao\/#breadcrumb","itemListElement":[{"@type":"ListItem","position":1,"name":"In\u00edcio","item":"https:\/\/bahia.culturaviva.net.br\/"},{"@type":"ListItem","position":2,"name":"Romaria de Canudos se destaca entre os atrativos tur\u00edsticos dos Caminhos do Sert\u00e3o"}]},{"@type":"WebSite","@id":"https:\/\/bahia.culturaviva.net.br\/#website","url":"https:\/\/bahia.culturaviva.net.br\/","name":"Rede Cultura Viva da Bahia","description":"Espa\u00e7o para Acervo, Informa\u00e7\u00e3o e Participa\u00e7\u00e3o Social da Rede de Pontos de Cultura da Bahia","publisher":{"@id":"https:\/\/bahia.culturaviva.net.br\/#organization"},"potentialAction":[{"@type":"SearchAction","target":{"@type":"EntryPoint","urlTemplate":"https:\/\/bahia.culturaviva.net.br\/?s={search_term_string}"},"query-input":{"@type":"PropertyValueSpecification","valueRequired":true,"valueName":"search_term_string"}}],"inLanguage":"pt-BR"},{"@type":"Organization","@id":"https:\/\/bahia.culturaviva.net.br\/#organization","name":"Rede Cultura Viva da Bahia","url":"https:\/\/bahia.culturaviva.net.br\/","logo":{"@type":"ImageObject","inLanguage":"pt-BR","@id":"https:\/\/bahia.culturaviva.net.br\/#\/schema\/logo\/image\/","url":"https:\/\/bahia.culturaviva.net.br\/wp-content\/uploads\/2025\/11\/logo-plataforma-culturaviva-bahia-branco.png","contentUrl":"https:\/\/bahia.culturaviva.net.br\/wp-content\/uploads\/2025\/11\/logo-plataforma-culturaviva-bahia-branco.png","width":628,"height":652,"caption":"Rede Cultura Viva da Bahia"},"image":{"@id":"https:\/\/bahia.culturaviva.net.br\/#\/schema\/logo\/image\/"}},{"@type":"Person","@id":"https:\/\/bahia.culturaviva.net.br\/#\/schema\/person\/6e78da73e0acb5b6b65735aa9584dba0","name":"Carla Uhlmann","image":{"@type":"ImageObject","inLanguage":"pt-BR","@id":"https:\/\/secure.gravatar.com\/avatar\/174652d1afb5fe35d03517b4ac78b9aae436c9a12e364319b1fc0cf646d4a933?s=96&d=mm&r=g","url":"https:\/\/secure.gravatar.com\/avatar\/174652d1afb5fe35d03517b4ac78b9aae436c9a12e364319b1fc0cf646d4a933?s=96&d=mm&r=g","contentUrl":"https:\/\/secure.gravatar.com\/avatar\/174652d1afb5fe35d03517b4ac78b9aae436c9a12e364319b1fc0cf646d4a933?s=96&d=mm&r=g","caption":"Carla Uhlmann"},"url":"https:\/\/bahia.culturaviva.net.br\/pt\/author\/carlauhlmann\/"}]}},"_links":{"self":[{"href":"https:\/\/bahia.culturaviva.net.br\/pt\/wp-json\/wp\/v2\/posts\/1331","targetHints":{"allow":["GET"]}}],"collection":[{"href":"https:\/\/bahia.culturaviva.net.br\/pt\/wp-json\/wp\/v2\/posts"}],"about":[{"href":"https:\/\/bahia.culturaviva.net.br\/pt\/wp-json\/wp\/v2\/types\/post"}],"author":[{"embeddable":true,"href":"https:\/\/bahia.culturaviva.net.br\/pt\/wp-json\/wp\/v2\/users\/4"}],"replies":[{"embeddable":true,"href":"https:\/\/bahia.culturaviva.net.br\/pt\/wp-json\/wp\/v2\/comments?post=1331"}],"version-history":[{"count":1,"href":"https:\/\/bahia.culturaviva.net.br\/pt\/wp-json\/wp\/v2\/posts\/1331\/revisions"}],"predecessor-version":[{"id":1333,"href":"https:\/\/bahia.culturaviva.net.br\/pt\/wp-json\/wp\/v2\/posts\/1331\/revisions\/1333"}],"wp:featuredmedia":[{"embeddable":true,"href":"https:\/\/bahia.culturaviva.net.br\/pt\/wp-json\/wp\/v2\/media\/1332"}],"wp:attachment":[{"href":"https:\/\/bahia.culturaviva.net.br\/pt\/wp-json\/wp\/v2\/media?parent=1331"}],"wp:term":[{"taxonomy":"category","embeddable":true,"href":"https:\/\/bahia.culturaviva.net.br\/pt\/wp-json\/wp\/v2\/categories?post=1331"},{"taxonomy":"post_tag","embeddable":true,"href":"https:\/\/bahia.culturaviva.net.br\/pt\/wp-json\/wp\/v2\/tags?post=1331"}],"curies":[{"name":"wp","href":"https:\/\/api.w.org\/{rel}","templated":true}]}}