{"id":1353,"date":"2025-11-13T14:52:24","date_gmt":"2025-11-13T17:52:24","guid":{"rendered":"https:\/\/bahia.culturaviva.net.br\/?p=1353"},"modified":"2025-11-13T14:52:25","modified_gmt":"2025-11-13T17:52:25","slug":"cultura-viva-recebera-investimento-de-r-415-milhoes-no-segundo-ciclo-da-aldir-blanc","status":"publish","type":"post","link":"https:\/\/bahia.culturaviva.net.br\/pt\/cultura\/cultura-viva-recebera-investimento-de-r-415-milhoes-no-segundo-ciclo-da-aldir-blanc\/","title":{"rendered":"Cultura Viva recebe investimento de R$ 415 milh\u00f5es no segundo ciclo da Aldir Blanc"},"content":{"rendered":"<p>Valor ultrapassa o piso legal e mobiliza mais de mil entes federados em todo o pa\u00eds<\/p>\n\n\n\n<p>Publicado em 24\/10\/2025 16h06<\/p>\n\n\n\n<figure class=\"wp-block-image size-full\"><img loading=\"lazy\" decoding=\"async\" width=\"768\" height=\"510\" src=\"https:\/\/bahia.culturaviva.net.br\/wp-content\/uploads\/2025\/11\/cultura-viva-gov.png\" alt=\"\" class=\"wp-image-1354\" srcset=\"https:\/\/bahia.culturaviva.net.br\/wp-content\/uploads\/2025\/11\/cultura-viva-gov.png 768w, https:\/\/bahia.culturaviva.net.br\/wp-content\/uploads\/2025\/11\/cultura-viva-gov-300x199.png 300w, https:\/\/bahia.culturaviva.net.br\/wp-content\/uploads\/2025\/11\/cultura-viva-gov-18x12.png 18w, https:\/\/bahia.culturaviva.net.br\/wp-content\/uploads\/2025\/11\/cultura-viva-gov-205x136.png 205w, https:\/\/bahia.culturaviva.net.br\/wp-content\/uploads\/2025\/11\/cultura-viva-gov-480x319.png 480w\" sizes=\"auto, (max-width: 768px) 100vw, 768px\" \/><\/figure>\n\n\n\n<p class=\"has-text-align-center\">Foto: Vitu Lima - Casa Cavaleiro de Jorge<\/p>\n\n\n\n<p>O Minist\u00e9rio da Cultura (MinC) identificou que cerca de mil entes federados - incluindo estados, Distrito Federal e munic\u00edpios - devem investir na Pol\u00edtica Nacional de Cultura Viva (PNCV) parte dos recursos recebidos no segundo ciclo da Pol\u00edtica Nacional Aldir Blanc de Fomento \u00e0 Cultura. O valor total destinado nesta a\u00e7\u00e3o chega a R$ 415,57 milh\u00f5es. A estimativa \u00e9 que os editais contemplem 7.220 Pontos e Pont\u00f5es de Cultura em todas as regi\u00f5es do pa\u00eds.<\/p>\n\n\n\n<p>Os dados foram extra\u00eddos dos Planos de Aplica\u00e7\u00e3o de Recursos (PAR) enviados pelos gestores culturais e mostram que o valor supera os R$389 vinculados pelo Minist\u00e9rio da Cultura no segundo ciclo.<\/p>\n\n\n\n<p>\u201cAssim como no primeiro ano da Cultura Viva na Aldir Blanc, superamos as expectativas tanto em recursos quanto no n\u00famero de entes federados comprometidos com a pol\u00edtica. Al\u00e9m dos 27 estados e dos 696 munic\u00edpios com obrigatoriedade de investir no PNCV, outros 300 decidiram aderir voluntariamente \u00e0 iniciativa, fortalecendo essa potente parceria p\u00fablico-comunit\u00e1ria e as a\u00e7\u00f5es da Rede Cultura Viva\u201d, comemora a secret\u00e1ria de Cidadania e Diversidade Cultural do MinC, M\u00e1rcia Rollemberg.<\/p>\n\n\n\n<p><strong>Investimento em projetos de Pontos e Pont\u00f5es de Cultura<\/strong><br><br>Dos recursos previstos, R$289,99 milh\u00f5es - o que equivale a 69,78% do volume de recursos destinados ao Cultura Viva - ser\u00e3o aplicados no fomento de projetos de Pontos e Pont\u00f5es de Cultura.<br><br>\u201cO investimento, determinado pelo Presidente Lula e pela Ministra Margareth Menezes, promover\u00e1 melhores condi\u00e7\u00f5es para estrutura\u00e7\u00e3o das iniciativas de base comunit\u00e1ria, maior oferta de bens e servi\u00e7os culturais para a popula\u00e7\u00e3o, al\u00e9m de gerar postos de trabalho e melhores condi\u00e7\u00f5es para trabalhadores e trabalhadoras da cultura\u201d, observou o diretor da PNCV, Jo\u00e3o Pontes.<\/p>\n\n\n\n<p>Em rela\u00e7\u00e3o aos Pontos de Cultura, devem ser contemplados, com recursos federais, 2.164 projetos, que podem ter dura\u00e7\u00e3o de 12, 24 ou 36 meses para atua\u00e7\u00e3o junto aos seus territ\u00f3rios e comunidades, fortalecendo os direitos culturais, o acesso a bens e servi\u00e7os culturais e a maior rede de educa\u00e7\u00e3o e forma\u00e7\u00e3o do campo cultural. Considerando a composi\u00e7\u00e3o de Comit\u00eas Gestores, ser\u00e3o 10.820 organiza\u00e7\u00f5es da sociedade civil mobilizadas, al\u00e9m de 2.164 servi\u00e7os p\u00fablicos nos territ\u00f3rios de atua\u00e7\u00e3o dos Pontos fomentados. Ao todo, devem ser publicados 544 editais (28 estaduais\/DF e 516 municipais) para fomento a projetos de Pontos de Cultura, totalizando R$242,74 milh\u00f5es (R$ 85,67 milh\u00f5es via editais estaduais; R$ 157,07 milh\u00f5es via municipais). A m\u00e9dia \u00e9 de R$112,17 mil por projeto.<br><br>J\u00e1 o n\u00famero de Pont\u00f5es potencializados deve chegar a 113 (76 selecionados em editais estaduais e 37, em municipais). Essas entidades promovem a forma\u00e7\u00e3o, articula\u00e7\u00e3o, mobiliza\u00e7\u00e3o e mapeamento das redes de Pontos de Cultura de todo o pa\u00eds, mobilizando, no m\u00ednimo, 565 Agentes de Cultura Viva. No total, ser\u00e3o destinados R$ 47,25 milh\u00f5es para fomento a projetos de Pont\u00f5es de Cultura, com uma m\u00e9dia de R$ 418mil por projeto.<br><br><strong>Premia\u00e7\u00f5es para quase 5 mil Pontos e Pont\u00f5es<\/strong><\/p>\n\n\n\n<p>Al\u00e9m dos editais de fomento a projetos, o segundo ciclo da Cultura Viva na Aldir Blanc prev\u00ea R$94,42 milh\u00f5es em premia\u00e7\u00f5es, contemplando 4.943 Pontos e Pont\u00f5es de Cultura - 803 por meio de editais estaduais e 4.140 via editais municipais. O valor m\u00e9dio dos pr\u00eamios ser\u00e1 de R$28,2 mil nos editais estaduais e R$17,4 mil nos municipais.<\/p>\n\n\n\n<p>Ao contr\u00e1rio dos editais de fomento a projetos que ser\u00e3o destinados a Pontos e Pont\u00f5es de Cultura j\u00e1 certificados, os instrumentos de premia\u00e7\u00e3o devem ser abertos a novas entidades e coletivos que desejam ser certificados.<br><br><strong>Bolsa Cultura Viva para Mestras e Mestres<\/strong><br><br>Outro destaque \u00e9 a Bolsa Cultura Viva, que contemplar\u00e1 1.696 mestras e mestres das culturas tradicionais e populares para que realizem atividades de compartilhamento de seus conhecimentos em comunidades, Pontos de Cultura e escolas p\u00fablicas.<\/p>\n\n\n\n<p>A estimativa \u00e9 que 367 sejam selecionados via editais estaduais e 1.329 em municipais, somando R$18,20 milh\u00f5es. Cada mestra e mestre receber\u00e1 uma bolsa mensal de R$2.100,00, pelo per\u00edodo de 6 a 12 meses, prorrog\u00e1vel.<br><br><strong>F\u00f3runs e Teias<\/strong><\/p>\n\n\n\n<p>Munic\u00edpios, estados e DF tamb\u00e9m podem destinar parte dos recursos da Cultura Viva na Aldir Blanc para F\u00f3runs e Teias, eventos voltados \u00e0 articula\u00e7\u00e3o e ao fortalecimento da rede de Pontos de Cultura. A previs\u00e3o \u00e9 de que sejam realizados 100 eventos (18 estaduais\/distritais e 82 municipais), com investimento federal de R$12,19 milh\u00f5es.<\/p>\n\n\n\n<p>Considerando a contrapartida obrigat\u00f3ria m\u00ednima de 25% por parte dos entes locais (mais de R$2,44 milh\u00f5es), o total investido deve alcan\u00e7ar R$14,63 milh\u00f5es.<\/p>\n\n\n\n<p>Os F\u00f3runs e Teias apoiados com recursos da Aldir Blanc dever\u00e3o ser constru\u00eddos em conjunto com as redes municipais e estaduais de Pontos de Cultura e suas representa\u00e7\u00f5es, vinculadas e legitimadas pela Comiss\u00e3o Nacional de Pontos de Cultura. Esses eventos devem respeitar o Regimento do F\u00f3rum Nacional de Pontos de Cultura e ter seu calend\u00e1rio pactuado com a Secretaria de Cidadania e Diversidade Cultural do MinC.<\/p>\n\n\n\n<p>Fonte: <a href=\"https:\/\/www.gov.br\/culturaviva\/pt-br\/acesso-a-informacao\/noticias\/cultura-viva-recebera-investimento-de-r-415-milhoes-no-segundo-ciclo-da-aldir-blanc\">https:\/\/www.gov.br\/culturaviva\/pt-br\/acesso-a-informacao\/noticias\/cultura-viva-recebera-investimento-de-r-415-milhoes-no-segundo-ciclo-da-aldir-blanc<\/a><\/p>\n\n\n\n<p><\/p>","protected":false},"excerpt":{"rendered":"<p>Valor ultrapassa o piso legal e mobiliza mais de mil entes federados em todo o pa\u00eds Publicado em\u00a024\/10\/2025 16h06 Foto: Vitu Lima &#8211; Casa Cavaleiro de Jorge Minist\u00e9rio da Cultura (MinC) identificou que cerca de mil entes federados &#8211; incluindo estados, Distrito Federal e munic\u00edpios &#8211; devem investir na Pol\u00edtica Nacional de Cultura Viva (PNCV) [&hellip;]<\/p>\n","protected":false},"author":4,"featured_media":1354,"comment_status":"open","ping_status":"open","sticky":false,"template":"","format":"standard","meta":{"_acf_changed":false,"_gspb_post_css":"","footnotes":""},"categories":[59,65,25,16,26],"tags":[9,10],"class_list":["post-1353","post","type-post","status-publish","format-standard","has-post-thumbnail","hentry","category-cultura","category-cultura-popular","category-pnab","category-pontaodecultura","category-ponto-de-cultura","tag-breaking","tag-hot"],"blocksy_meta":[],"acf":[],"yoast_head":"<!-- This site is optimized with the Yoast SEO plugin v27.3 - https:\/\/yoast.com\/product\/yoast-seo-wordpress\/ -->\n<title>Cultura Viva receber\u00e1 investimento de R$ 415 milh\u00f5es no segundo ciclo da Aldir Blanc - Rede Cultura Viva da Bahia<\/title>\n<meta name=\"robots\" content=\"index, follow, max-snippet:-1, max-image-preview:large, max-video-preview:-1\" \/>\n<link rel=\"canonical\" href=\"https:\/\/bahia.culturaviva.net.br\/pt\/pontaodecultura\/cultura-viva-recebera-investimento-de-r-415-milhoes-no-segundo-ciclo-da-aldir-blanc\/\" \/>\n<meta property=\"og:locale\" content=\"pt_BR\" \/>\n<meta property=\"og:type\" content=\"article\" \/>\n<meta property=\"og:title\" content=\"Cultura Viva receber\u00e1 investimento de R$ 415 milh\u00f5es no segundo ciclo da Aldir Blanc - Rede Cultura Viva da Bahia\" \/>\n<meta property=\"og:description\" content=\"Valor ultrapassa o piso legal e mobiliza mais de mil entes federados em todo o pa\u00eds Publicado em\u00a024\/10\/2025 16h06 Foto: Vitu Lima &#8211; Casa Cavaleiro de Jorge Minist\u00e9rio da Cultura (MinC) identificou que cerca de mil entes federados &#8211; incluindo estados, Distrito Federal e munic\u00edpios &#8211; devem investir na Pol\u00edtica Nacional de Cultura Viva (PNCV) [&hellip;]\" \/>\n<meta property=\"og:url\" content=\"https:\/\/bahia.culturaviva.net.br\/pt\/pontaodecultura\/cultura-viva-recebera-investimento-de-r-415-milhoes-no-segundo-ciclo-da-aldir-blanc\/\" \/>\n<meta property=\"og:site_name\" content=\"Rede Cultura Viva da Bahia\" \/>\n<meta property=\"article:published_time\" content=\"2025-11-13T17:52:24+00:00\" \/>\n<meta property=\"article:modified_time\" content=\"2025-11-13T17:52:25+00:00\" \/>\n<meta property=\"og:image\" content=\"https:\/\/bahia.culturaviva.net.br\/wp-content\/uploads\/2025\/11\/cultura-viva-gov.png\" \/>\n\t<meta property=\"og:image:width\" content=\"768\" \/>\n\t<meta property=\"og:image:height\" content=\"510\" \/>\n\t<meta property=\"og:image:type\" content=\"image\/png\" \/>\n<meta name=\"author\" content=\"Carla Uhlmann\" \/>\n<meta name=\"twitter:card\" content=\"summary_large_image\" \/>\n<meta name=\"twitter:label1\" content=\"Escrito por\" \/>\n\t<meta name=\"twitter:data1\" content=\"Carla Uhlmann\" \/>\n\t<meta name=\"twitter:label2\" content=\"Est. tempo de leitura\" \/>\n\t<meta name=\"twitter:data2\" content=\"5 minutos\" \/>\n<script type=\"application\/ld+json\" class=\"yoast-schema-graph\">{\"@context\":\"https:\\\/\\\/schema.org\",\"@graph\":[{\"@type\":\"Article\",\"@id\":\"https:\\\/\\\/bahia.culturaviva.net.br\\\/pontaodecultura\\\/cultura-viva-recebera-investimento-de-r-415-milhoes-no-segundo-ciclo-da-aldir-blanc\\\/#article\",\"isPartOf\":{\"@id\":\"https:\\\/\\\/bahia.culturaviva.net.br\\\/pontaodecultura\\\/cultura-viva-recebera-investimento-de-r-415-milhoes-no-segundo-ciclo-da-aldir-blanc\\\/\"},\"author\":{\"name\":\"Carla Uhlmann\",\"@id\":\"https:\\\/\\\/bahia.culturaviva.net.br\\\/#\\\/schema\\\/person\\\/6e78da73e0acb5b6b65735aa9584dba0\"},\"headline\":\"Cultura Viva receber\u00e1 investimento de R$ 415 milh\u00f5es no segundo ciclo da Aldir Blanc\",\"datePublished\":\"2025-11-13T17:52:24+00:00\",\"dateModified\":\"2025-11-13T17:52:25+00:00\",\"mainEntityOfPage\":{\"@id\":\"https:\\\/\\\/bahia.culturaviva.net.br\\\/pontaodecultura\\\/cultura-viva-recebera-investimento-de-r-415-milhoes-no-segundo-ciclo-da-aldir-blanc\\\/\"},\"wordCount\":888,\"commentCount\":0,\"publisher\":{\"@id\":\"https:\\\/\\\/bahia.culturaviva.net.br\\\/#organization\"},\"image\":{\"@id\":\"https:\\\/\\\/bahia.culturaviva.net.br\\\/pontaodecultura\\\/cultura-viva-recebera-investimento-de-r-415-milhoes-no-segundo-ciclo-da-aldir-blanc\\\/#primaryimage\"},\"thumbnailUrl\":\"https:\\\/\\\/bahia.culturaviva.net.br\\\/wp-content\\\/uploads\\\/2025\\\/11\\\/cultura-viva-gov.png\",\"keywords\":[\"Extra\",\"Importante\"],\"articleSection\":[\"Cultura\",\"Cultura Popular\",\"PNAB\",\"Pont\u00e3o de Cultura\",\"Ponto de Cultura\"],\"inLanguage\":\"pt-BR\",\"potentialAction\":[{\"@type\":\"CommentAction\",\"name\":\"Comment\",\"target\":[\"https:\\\/\\\/bahia.culturaviva.net.br\\\/pontaodecultura\\\/cultura-viva-recebera-investimento-de-r-415-milhoes-no-segundo-ciclo-da-aldir-blanc\\\/#respond\"]}]},{\"@type\":\"WebPage\",\"@id\":\"https:\\\/\\\/bahia.culturaviva.net.br\\\/pontaodecultura\\\/cultura-viva-recebera-investimento-de-r-415-milhoes-no-segundo-ciclo-da-aldir-blanc\\\/\",\"url\":\"https:\\\/\\\/bahia.culturaviva.net.br\\\/pontaodecultura\\\/cultura-viva-recebera-investimento-de-r-415-milhoes-no-segundo-ciclo-da-aldir-blanc\\\/\",\"name\":\"Cultura Viva receber\u00e1 investimento de R$ 415 milh\u00f5es no segundo ciclo da Aldir Blanc - Rede Cultura Viva da Bahia\",\"isPartOf\":{\"@id\":\"https:\\\/\\\/bahia.culturaviva.net.br\\\/#website\"},\"primaryImageOfPage\":{\"@id\":\"https:\\\/\\\/bahia.culturaviva.net.br\\\/pontaodecultura\\\/cultura-viva-recebera-investimento-de-r-415-milhoes-no-segundo-ciclo-da-aldir-blanc\\\/#primaryimage\"},\"image\":{\"@id\":\"https:\\\/\\\/bahia.culturaviva.net.br\\\/pontaodecultura\\\/cultura-viva-recebera-investimento-de-r-415-milhoes-no-segundo-ciclo-da-aldir-blanc\\\/#primaryimage\"},\"thumbnailUrl\":\"https:\\\/\\\/bahia.culturaviva.net.br\\\/wp-content\\\/uploads\\\/2025\\\/11\\\/cultura-viva-gov.png\",\"datePublished\":\"2025-11-13T17:52:24+00:00\",\"dateModified\":\"2025-11-13T17:52:25+00:00\",\"breadcrumb\":{\"@id\":\"https:\\\/\\\/bahia.culturaviva.net.br\\\/pontaodecultura\\\/cultura-viva-recebera-investimento-de-r-415-milhoes-no-segundo-ciclo-da-aldir-blanc\\\/#breadcrumb\"},\"inLanguage\":\"pt-BR\",\"potentialAction\":[{\"@type\":\"ReadAction\",\"target\":[\"https:\\\/\\\/bahia.culturaviva.net.br\\\/pontaodecultura\\\/cultura-viva-recebera-investimento-de-r-415-milhoes-no-segundo-ciclo-da-aldir-blanc\\\/\"]}]},{\"@type\":\"ImageObject\",\"inLanguage\":\"pt-BR\",\"@id\":\"https:\\\/\\\/bahia.culturaviva.net.br\\\/pontaodecultura\\\/cultura-viva-recebera-investimento-de-r-415-milhoes-no-segundo-ciclo-da-aldir-blanc\\\/#primaryimage\",\"url\":\"https:\\\/\\\/bahia.culturaviva.net.br\\\/wp-content\\\/uploads\\\/2025\\\/11\\\/cultura-viva-gov.png\",\"contentUrl\":\"https:\\\/\\\/bahia.culturaviva.net.br\\\/wp-content\\\/uploads\\\/2025\\\/11\\\/cultura-viva-gov.png\",\"width\":768,\"height\":510},{\"@type\":\"BreadcrumbList\",\"@id\":\"https:\\\/\\\/bahia.culturaviva.net.br\\\/pontaodecultura\\\/cultura-viva-recebera-investimento-de-r-415-milhoes-no-segundo-ciclo-da-aldir-blanc\\\/#breadcrumb\",\"itemListElement\":[{\"@type\":\"ListItem\",\"position\":1,\"name\":\"In\u00edcio\",\"item\":\"https:\\\/\\\/bahia.culturaviva.net.br\\\/\"},{\"@type\":\"ListItem\",\"position\":2,\"name\":\"Cultura Viva receber\u00e1 investimento de R$ 415 milh\u00f5es no segundo ciclo da Aldir Blanc\"}]},{\"@type\":\"WebSite\",\"@id\":\"https:\\\/\\\/bahia.culturaviva.net.br\\\/#website\",\"url\":\"https:\\\/\\\/bahia.culturaviva.net.br\\\/\",\"name\":\"Rede Cultura Viva da Bahia\",\"description\":\"Espa\u00e7o para Acervo, Informa\u00e7\u00e3o e Participa\u00e7\u00e3o Social da Rede de Pontos de Cultura da Bahia\",\"publisher\":{\"@id\":\"https:\\\/\\\/bahia.culturaviva.net.br\\\/#organization\"},\"potentialAction\":[{\"@type\":\"SearchAction\",\"target\":{\"@type\":\"EntryPoint\",\"urlTemplate\":\"https:\\\/\\\/bahia.culturaviva.net.br\\\/?s={search_term_string}\"},\"query-input\":{\"@type\":\"PropertyValueSpecification\",\"valueRequired\":true,\"valueName\":\"search_term_string\"}}],\"inLanguage\":\"pt-BR\"},{\"@type\":\"Organization\",\"@id\":\"https:\\\/\\\/bahia.culturaviva.net.br\\\/#organization\",\"name\":\"Rede Cultura Viva da Bahia\",\"url\":\"https:\\\/\\\/bahia.culturaviva.net.br\\\/\",\"logo\":{\"@type\":\"ImageObject\",\"inLanguage\":\"pt-BR\",\"@id\":\"https:\\\/\\\/bahia.culturaviva.net.br\\\/#\\\/schema\\\/logo\\\/image\\\/\",\"url\":\"https:\\\/\\\/bahia.culturaviva.net.br\\\/wp-content\\\/uploads\\\/2025\\\/11\\\/logo-plataforma-culturaviva-bahia-branco.png\",\"contentUrl\":\"https:\\\/\\\/bahia.culturaviva.net.br\\\/wp-content\\\/uploads\\\/2025\\\/11\\\/logo-plataforma-culturaviva-bahia-branco.png\",\"width\":628,\"height\":652,\"caption\":\"Rede Cultura Viva da Bahia\"},\"image\":{\"@id\":\"https:\\\/\\\/bahia.culturaviva.net.br\\\/#\\\/schema\\\/logo\\\/image\\\/\"}},{\"@type\":\"Person\",\"@id\":\"https:\\\/\\\/bahia.culturaviva.net.br\\\/#\\\/schema\\\/person\\\/6e78da73e0acb5b6b65735aa9584dba0\",\"name\":\"Carla Uhlmann\",\"image\":{\"@type\":\"ImageObject\",\"inLanguage\":\"pt-BR\",\"@id\":\"https:\\\/\\\/secure.gravatar.com\\\/avatar\\\/174652d1afb5fe35d03517b4ac78b9aae436c9a12e364319b1fc0cf646d4a933?s=96&d=mm&r=g\",\"url\":\"https:\\\/\\\/secure.gravatar.com\\\/avatar\\\/174652d1afb5fe35d03517b4ac78b9aae436c9a12e364319b1fc0cf646d4a933?s=96&d=mm&r=g\",\"contentUrl\":\"https:\\\/\\\/secure.gravatar.com\\\/avatar\\\/174652d1afb5fe35d03517b4ac78b9aae436c9a12e364319b1fc0cf646d4a933?s=96&d=mm&r=g\",\"caption\":\"Carla Uhlmann\"},\"url\":\"https:\\\/\\\/bahia.culturaviva.net.br\\\/pt\\\/author\\\/carlauhlmann\\\/\"}]}<\/script>\n<!-- \/ Yoast SEO plugin. -->","yoast_head_json":{"title":"Cultura Viva receber\u00e1 investimento de R$ 415 milh\u00f5es no segundo ciclo da Aldir Blanc - Rede Cultura Viva da Bahia","robots":{"index":"index","follow":"follow","max-snippet":"max-snippet:-1","max-image-preview":"max-image-preview:large","max-video-preview":"max-video-preview:-1"},"canonical":"https:\/\/bahia.culturaviva.net.br\/pt\/pontaodecultura\/cultura-viva-recebera-investimento-de-r-415-milhoes-no-segundo-ciclo-da-aldir-blanc\/","og_locale":"pt_BR","og_type":"article","og_title":"Cultura Viva receber\u00e1 investimento de R$ 415 milh\u00f5es no segundo ciclo da Aldir Blanc - Rede Cultura Viva da Bahia","og_description":"Valor ultrapassa o piso legal e mobiliza mais de mil entes federados em todo o pa\u00eds Publicado em\u00a024\/10\/2025 16h06 Foto: Vitu Lima &#8211; Casa Cavaleiro de Jorge Minist\u00e9rio da Cultura (MinC) identificou que cerca de mil entes federados &#8211; incluindo estados, Distrito Federal e munic\u00edpios &#8211; devem investir na Pol\u00edtica Nacional de Cultura Viva (PNCV) [&hellip;]","og_url":"https:\/\/bahia.culturaviva.net.br\/pt\/pontaodecultura\/cultura-viva-recebera-investimento-de-r-415-milhoes-no-segundo-ciclo-da-aldir-blanc\/","og_site_name":"Rede Cultura Viva da Bahia","article_published_time":"2025-11-13T17:52:24+00:00","article_modified_time":"2025-11-13T17:52:25+00:00","og_image":[{"width":768,"height":510,"url":"https:\/\/bahia.culturaviva.net.br\/wp-content\/uploads\/2025\/11\/cultura-viva-gov.png","type":"image\/png"}],"author":"Carla Uhlmann","twitter_card":"summary_large_image","twitter_misc":{"Escrito por":"Carla Uhlmann","Est. tempo de leitura":"5 minutos"},"schema":{"@context":"https:\/\/schema.org","@graph":[{"@type":"Article","@id":"https:\/\/bahia.culturaviva.net.br\/pontaodecultura\/cultura-viva-recebera-investimento-de-r-415-milhoes-no-segundo-ciclo-da-aldir-blanc\/#article","isPartOf":{"@id":"https:\/\/bahia.culturaviva.net.br\/pontaodecultura\/cultura-viva-recebera-investimento-de-r-415-milhoes-no-segundo-ciclo-da-aldir-blanc\/"},"author":{"name":"Carla Uhlmann","@id":"https:\/\/bahia.culturaviva.net.br\/#\/schema\/person\/6e78da73e0acb5b6b65735aa9584dba0"},"headline":"Cultura Viva receber\u00e1 investimento de R$ 415 milh\u00f5es no segundo ciclo da Aldir Blanc","datePublished":"2025-11-13T17:52:24+00:00","dateModified":"2025-11-13T17:52:25+00:00","mainEntityOfPage":{"@id":"https:\/\/bahia.culturaviva.net.br\/pontaodecultura\/cultura-viva-recebera-investimento-de-r-415-milhoes-no-segundo-ciclo-da-aldir-blanc\/"},"wordCount":888,"commentCount":0,"publisher":{"@id":"https:\/\/bahia.culturaviva.net.br\/#organization"},"image":{"@id":"https:\/\/bahia.culturaviva.net.br\/pontaodecultura\/cultura-viva-recebera-investimento-de-r-415-milhoes-no-segundo-ciclo-da-aldir-blanc\/#primaryimage"},"thumbnailUrl":"https:\/\/bahia.culturaviva.net.br\/wp-content\/uploads\/2025\/11\/cultura-viva-gov.png","keywords":["Extra","Importante"],"articleSection":["Cultura","Cultura Popular","PNAB","Pont\u00e3o de Cultura","Ponto de Cultura"],"inLanguage":"pt-BR","potentialAction":[{"@type":"CommentAction","name":"Comment","target":["https:\/\/bahia.culturaviva.net.br\/pontaodecultura\/cultura-viva-recebera-investimento-de-r-415-milhoes-no-segundo-ciclo-da-aldir-blanc\/#respond"]}]},{"@type":"WebPage","@id":"https:\/\/bahia.culturaviva.net.br\/pontaodecultura\/cultura-viva-recebera-investimento-de-r-415-milhoes-no-segundo-ciclo-da-aldir-blanc\/","url":"https:\/\/bahia.culturaviva.net.br\/pontaodecultura\/cultura-viva-recebera-investimento-de-r-415-milhoes-no-segundo-ciclo-da-aldir-blanc\/","name":"Cultura Viva receber\u00e1 investimento de R$ 415 milh\u00f5es no segundo ciclo da Aldir Blanc - Rede Cultura Viva da Bahia","isPartOf":{"@id":"https:\/\/bahia.culturaviva.net.br\/#website"},"primaryImageOfPage":{"@id":"https:\/\/bahia.culturaviva.net.br\/pontaodecultura\/cultura-viva-recebera-investimento-de-r-415-milhoes-no-segundo-ciclo-da-aldir-blanc\/#primaryimage"},"image":{"@id":"https:\/\/bahia.culturaviva.net.br\/pontaodecultura\/cultura-viva-recebera-investimento-de-r-415-milhoes-no-segundo-ciclo-da-aldir-blanc\/#primaryimage"},"thumbnailUrl":"https:\/\/bahia.culturaviva.net.br\/wp-content\/uploads\/2025\/11\/cultura-viva-gov.png","datePublished":"2025-11-13T17:52:24+00:00","dateModified":"2025-11-13T17:52:25+00:00","breadcrumb":{"@id":"https:\/\/bahia.culturaviva.net.br\/pontaodecultura\/cultura-viva-recebera-investimento-de-r-415-milhoes-no-segundo-ciclo-da-aldir-blanc\/#breadcrumb"},"inLanguage":"pt-BR","potentialAction":[{"@type":"ReadAction","target":["https:\/\/bahia.culturaviva.net.br\/pontaodecultura\/cultura-viva-recebera-investimento-de-r-415-milhoes-no-segundo-ciclo-da-aldir-blanc\/"]}]},{"@type":"ImageObject","inLanguage":"pt-BR","@id":"https:\/\/bahia.culturaviva.net.br\/pontaodecultura\/cultura-viva-recebera-investimento-de-r-415-milhoes-no-segundo-ciclo-da-aldir-blanc\/#primaryimage","url":"https:\/\/bahia.culturaviva.net.br\/wp-content\/uploads\/2025\/11\/cultura-viva-gov.png","contentUrl":"https:\/\/bahia.culturaviva.net.br\/wp-content\/uploads\/2025\/11\/cultura-viva-gov.png","width":768,"height":510},{"@type":"BreadcrumbList","@id":"https:\/\/bahia.culturaviva.net.br\/pontaodecultura\/cultura-viva-recebera-investimento-de-r-415-milhoes-no-segundo-ciclo-da-aldir-blanc\/#breadcrumb","itemListElement":[{"@type":"ListItem","position":1,"name":"In\u00edcio","item":"https:\/\/bahia.culturaviva.net.br\/"},{"@type":"ListItem","position":2,"name":"Cultura Viva receber\u00e1 investimento de R$ 415 milh\u00f5es no segundo ciclo da Aldir Blanc"}]},{"@type":"WebSite","@id":"https:\/\/bahia.culturaviva.net.br\/#website","url":"https:\/\/bahia.culturaviva.net.br\/","name":"Rede Cultura Viva da Bahia","description":"Espa\u00e7o para Acervo, Informa\u00e7\u00e3o e Participa\u00e7\u00e3o Social da Rede de Pontos de Cultura da Bahia","publisher":{"@id":"https:\/\/bahia.culturaviva.net.br\/#organization"},"potentialAction":[{"@type":"SearchAction","target":{"@type":"EntryPoint","urlTemplate":"https:\/\/bahia.culturaviva.net.br\/?s={search_term_string}"},"query-input":{"@type":"PropertyValueSpecification","valueRequired":true,"valueName":"search_term_string"}}],"inLanguage":"pt-BR"},{"@type":"Organization","@id":"https:\/\/bahia.culturaviva.net.br\/#organization","name":"Rede Cultura Viva da Bahia","url":"https:\/\/bahia.culturaviva.net.br\/","logo":{"@type":"ImageObject","inLanguage":"pt-BR","@id":"https:\/\/bahia.culturaviva.net.br\/#\/schema\/logo\/image\/","url":"https:\/\/bahia.culturaviva.net.br\/wp-content\/uploads\/2025\/11\/logo-plataforma-culturaviva-bahia-branco.png","contentUrl":"https:\/\/bahia.culturaviva.net.br\/wp-content\/uploads\/2025\/11\/logo-plataforma-culturaviva-bahia-branco.png","width":628,"height":652,"caption":"Rede Cultura Viva da Bahia"},"image":{"@id":"https:\/\/bahia.culturaviva.net.br\/#\/schema\/logo\/image\/"}},{"@type":"Person","@id":"https:\/\/bahia.culturaviva.net.br\/#\/schema\/person\/6e78da73e0acb5b6b65735aa9584dba0","name":"Carla Uhlmann","image":{"@type":"ImageObject","inLanguage":"pt-BR","@id":"https:\/\/secure.gravatar.com\/avatar\/174652d1afb5fe35d03517b4ac78b9aae436c9a12e364319b1fc0cf646d4a933?s=96&d=mm&r=g","url":"https:\/\/secure.gravatar.com\/avatar\/174652d1afb5fe35d03517b4ac78b9aae436c9a12e364319b1fc0cf646d4a933?s=96&d=mm&r=g","contentUrl":"https:\/\/secure.gravatar.com\/avatar\/174652d1afb5fe35d03517b4ac78b9aae436c9a12e364319b1fc0cf646d4a933?s=96&d=mm&r=g","caption":"Carla Uhlmann"},"url":"https:\/\/bahia.culturaviva.net.br\/pt\/author\/carlauhlmann\/"}]}},"_links":{"self":[{"href":"https:\/\/bahia.culturaviva.net.br\/pt\/wp-json\/wp\/v2\/posts\/1353","targetHints":{"allow":["GET"]}}],"collection":[{"href":"https:\/\/bahia.culturaviva.net.br\/pt\/wp-json\/wp\/v2\/posts"}],"about":[{"href":"https:\/\/bahia.culturaviva.net.br\/pt\/wp-json\/wp\/v2\/types\/post"}],"author":[{"embeddable":true,"href":"https:\/\/bahia.culturaviva.net.br\/pt\/wp-json\/wp\/v2\/users\/4"}],"replies":[{"embeddable":true,"href":"https:\/\/bahia.culturaviva.net.br\/pt\/wp-json\/wp\/v2\/comments?post=1353"}],"version-history":[{"count":1,"href":"https:\/\/bahia.culturaviva.net.br\/pt\/wp-json\/wp\/v2\/posts\/1353\/revisions"}],"predecessor-version":[{"id":1355,"href":"https:\/\/bahia.culturaviva.net.br\/pt\/wp-json\/wp\/v2\/posts\/1353\/revisions\/1355"}],"wp:featuredmedia":[{"embeddable":true,"href":"https:\/\/bahia.culturaviva.net.br\/pt\/wp-json\/wp\/v2\/media\/1354"}],"wp:attachment":[{"href":"https:\/\/bahia.culturaviva.net.br\/pt\/wp-json\/wp\/v2\/media?parent=1353"}],"wp:term":[{"taxonomy":"category","embeddable":true,"href":"https:\/\/bahia.culturaviva.net.br\/pt\/wp-json\/wp\/v2\/categories?post=1353"},{"taxonomy":"post_tag","embeddable":true,"href":"https:\/\/bahia.culturaviva.net.br\/pt\/wp-json\/wp\/v2\/tags?post=1353"}],"curies":[{"name":"wp","href":"https:\/\/api.w.org\/{rel}","templated":true}]}}