{"id":1359,"date":"2025-11-13T15:21:08","date_gmt":"2025-11-13T18:21:08","guid":{"rendered":"https:\/\/bahia.culturaviva.net.br\/?p=1359"},"modified":"2025-11-13T15:21:09","modified_gmt":"2025-11-13T18:21:09","slug":"ministerio-da-cultura-lanca-modelos-de-editais-do-segundo-ciclo-da-cultura-viva-na-aldir-blanc","status":"publish","type":"post","link":"https:\/\/bahia.culturaviva.net.br\/pt\/cultura\/ministerio-da-cultura-lanca-modelos-de-editais-do-segundo-ciclo-da-cultura-viva-na-aldir-blanc\/","title":{"rendered":"Minist\u00e9rio da Cultura lan\u00e7a modelos de editais do segundo ciclo da Cultura Viva na Aldir Blanc"},"content":{"rendered":"<p>Documentos orientam estados, DF e munic\u00edpios na execu\u00e7\u00e3o dos recursos federais destinados aos Pontos de Cultura<\/p>\n\n\n\n<p>Publicado em 04\/11\/2025 14h00 | Atualizado em 07\/11\/2025 20h07<br><\/p>\n\n\n\n<figure class=\"wp-block-image size-full\"><img loading=\"lazy\" decoding=\"async\" width=\"768\" height=\"510\" src=\"https:\/\/bahia.culturaviva.net.br\/wp-content\/uploads\/2025\/11\/rede-cultura-viva.png\" alt=\"\" class=\"wp-image-1360\" srcset=\"https:\/\/bahia.culturaviva.net.br\/wp-content\/uploads\/2025\/11\/rede-cultura-viva.png 768w, https:\/\/bahia.culturaviva.net.br\/wp-content\/uploads\/2025\/11\/rede-cultura-viva-300x199.png 300w, https:\/\/bahia.culturaviva.net.br\/wp-content\/uploads\/2025\/11\/rede-cultura-viva-18x12.png 18w, https:\/\/bahia.culturaviva.net.br\/wp-content\/uploads\/2025\/11\/rede-cultura-viva-205x136.png 205w, https:\/\/bahia.culturaviva.net.br\/wp-content\/uploads\/2025\/11\/rede-cultura-viva-480x319.png 480w\" sizes=\"auto, (max-width: 768px) 100vw, 768px\" \/><\/figure>\n\n\n\n<p>OMinist\u00e9rio da Cultura (MinC), por meio da Secretaria de Cidadania e Diversidade Cultural, disponibilizou nesta ter\u00e7a-feira (4) os modelos de editais para a implementa\u00e7\u00e3o da Pol\u00edtica Nacional da Cultura Viva (PNCV) no segundo ciclo da Pol\u00edtica Nacional Aldir Blanc de Fomento \u00e0 Cultura. As minutas dispon\u00edveis&nbsp;<a href=\"https:\/\/www.gov.br\/culturaviva\/pt-br\/rede-cultura-viva\/cultura-viva-na-aldir-blanc\/modelos-de-editais\/view\">aqui&nbsp;<\/a>ser\u00e3o utilizadas pelos gestores municipais, estaduais e distritais na execu\u00e7\u00e3o dos mais de R$ 415 milh\u00f5es destinados pelo governo federal para fortalecer os projetos continuados de pontos e pont\u00f5es de cultura, as premia\u00e7\u00f5es e a Bolsa Cultura Viva para Mestras e Mestres das Culturas Tradicionais e Populares, uma inova\u00e7\u00e3o deste ciclo e que j\u00e1 havia sido anunciada em setembro deste ano. Os documentos tamb\u00e9m definem as diretrizes e os limites para que os entes federativos possam estabelecer crit\u00e9rios de regionaliza\u00e7\u00e3o e prioriza\u00e7\u00e3o de tem\u00e1ticas e linguagens de acordo com as suas pol\u00edticas culturais.<\/p>\n\n\n\n<p>\u201c\u00c9 um momento de olhar para a Pol\u00edtica Cultura Viva, fazer com que ela aconte\u00e7a e que o recurso chegue na ponta, reconhecendo os grupos, os coletivos e os fazedores de cultura, principalmente as culturas de base comunit\u00e1ria, tradicionais, populares, ind\u00edgenas, quilombolas e essa grande diversidade cultural que existe em cada territ\u00f3rio. \u00c9 muito importante que a gente aplique essa modelagem de editais para expandir essa rede em todo o Brasil. A ministra Margareth Menezes quer fazer a Cultura Viva do tamanho do Brasil e n\u00f3s estamos trabalhando para isso\u201d, explicou a secret\u00e1ria de Cidadania e Diversidade Cultural, M\u00e1rcia Rollemberg.<\/p>\n\n\n\n<p>Diretrizes e valores<\/p>\n\n\n\n<p>Os editais lan\u00e7ados pelos estados, DF e munic\u00edpios devem seguir obrigatoriamente as minutas do MinC e as diretrizes definidas pela Portaria 206, de 13 de maio de 2025.<\/p>\n\n\n\n<p>De acordo com as \u00faltimas orienta\u00e7\u00f5es do Minist\u00e9rio, os editais de fomento a projetos ser\u00e3o destinados a pontos e pont\u00f5es de cultura j\u00e1 certificados, que ter\u00e3o acesso a R$290 milh\u00f5es dos recursos vinculados \u00e0 PNCV neste segundo ciclo da Aldir Blanc.<\/p>\n\n\n\n<p>J\u00e1 as premia\u00e7\u00f5es, que v\u00e3o somar R$ 94 milh\u00f5es em investimentos, poder\u00e3o contemplar entidades e coletivos que ainda n\u00e3o fazem parte oficialmente da rede Cultura Viva. Caber\u00e1 \u00e0s comiss\u00f5es julgadoras dos editais o papel de analisar sua poss\u00edvel inclus\u00e3o no Cadastro Nacional, sem a necessidade de nova an\u00e1lise da Comiss\u00e3o Nacional de Certifica\u00e7\u00e3o Simplificada de Pontos e Pont\u00f5es de Cultura.<\/p>\n\n\n\n<p>Em rela\u00e7\u00e3o \u00e0 Bolsa Cultura Viva para Mestras e Mestres das Culturas Tradicionais e Populares, o valor total investido ser\u00e1 de R$18,2 milh\u00f5es. Cada mestra e mestre contemplado nos editais receber\u00e1 uma bolsa mensal de R$2.100,00 (equivalente \u00e0 bolsa de mestrado estabelecida pelo Conselho Nacional de Desenvolvimento Cient\u00edfico e Tecnol\u00f3gico - CNPq), pelo per\u00edodo de 6 a 12 meses, prorrog\u00e1vel, para realizar atividades de compartilhamento de seus conhecimentos em comunidades, Pontos de Cultura e escolas p\u00fablicas.<\/p>\n\n\n\n<p>Atualiza\u00e7\u00e3o cadastral<\/p>\n\n\n\n<p>As entidades e grupos culturais devem acessar os sites e demais canais oficiais das secretarias de cultura de seus estados e munic\u00edpios para se informar sobre o lan\u00e7amento dos editais. Para aqueles que j\u00e1 s\u00e3o certificados, \u00e9 importante tamb\u00e9m que realizem a atualiza\u00e7\u00e3o de seus dados no Cadastro Nacional de Pontos e Pont\u00f5es de Cultura, garantindo o acesso \u00e0s novas oportunidades de fomento.<\/p>\n\n\n\n<p>Saiba mais sobre as linhas de investimento:<\/p>\n\n\n\n<ul class=\"wp-block-list\">\n<li><a href=\"https:\/\/www.gov.br\/culturaviva\/pt-br\/rede-cultura-viva\/cultura-viva-na-aldir-blanc\/fomento-a-projetos-de-pontos-e-pontoes-de-cultura\">Fomento a Projetos Continuados a Pontos e Pont\u00f5es de Cultura<\/a><\/li>\n\n\n\n<li><a href=\"https:\/\/www.gov.br\/culturaviva\/pt-br\/rede-cultura-viva\/cultura-viva-na-aldir-blanc\/premiacao-de-pontos-e-pontoes-de-cultura\">Premia\u00e7\u00e3o de Pontos e Pont\u00f5es de Cultura<\/a><\/li>\n\n\n\n<li><a href=\"https:\/\/www.gov.br\/culturaviva\/pt-br\/rede-cultura-viva\/cultura-viva-na-aldir-blanc\/concessao-de-bolsa-cultura-viva-para-mestras-e-mestres-das-culturas-tradicionais-e-populares\/view\">Bolsa Cultura Viva para Mestras e Mestres das Culturas Tradicionais e Populares<\/a><\/li>\n\n\n\n<li><a href=\"https:\/\/www.gov.br\/culturaviva\/pt-br\/rede-cultura-viva\/cultura-viva-na-aldir-blanc\/foruns-e-teias-de-pontos-de-cultura\/view\">F\u00f3runs e Teias de Pontos de Cultura\u00a0<\/a><\/li>\n<\/ul>\n\n\n\n<p>Fonte: <a href=\"https:\/\/www.gov.br\/culturaviva\/pt-br\/acesso-a-informacao\/noticias\/ministerio-da-cultura-lanca-modelos-de-editais-do-segundo-ciclo-da-cultura-viva-na-aldir-blanc\">https:\/\/www.gov.br\/culturaviva\/pt-br\/acesso-a-informacao\/noticias\/ministerio-da-cultura-lanca-modelos-de-editais-do-segundo-ciclo-da-cultura-viva-na-aldir-blanc<\/a><\/p>\n\n\n\n<p><\/p>","protected":false},"excerpt":{"rendered":"<p>Documentos orientam estados, DF e munic\u00edpios na execu\u00e7\u00e3o dos recursos federais destinados aos Pontos de Cultura Publicado em\u00a004\/11\/2025 14h00 |\u00a0Atualizado em\u00a007\/11\/2025 20h07 OMinist\u00e9rio da Cultura (MinC), por meio da Secretaria de Cidadania e Diversidade Cultural, disponibilizou nesta ter\u00e7a-feira (4) os modelos de editais para a implementa\u00e7\u00e3o da Pol\u00edtica Nacional da Cultura Viva (PNCV) no segundo [&hellip;]<\/p>\n","protected":false},"author":4,"featured_media":1360,"comment_status":"open","ping_status":"open","sticky":false,"template":"","format":"standard","meta":{"_acf_changed":false,"_gspb_post_css":"","footnotes":""},"categories":[59,65,25,16,26],"tags":[66],"class_list":["post-1359","post","type-post","status-publish","format-standard","has-post-thumbnail","hentry","category-cultura","category-cultura-popular","category-pnab","category-pontaodecultura","category-ponto-de-cultura","tag-worth-reading"],"blocksy_meta":[],"acf":[],"yoast_head":"<!-- This site is optimized with the Yoast SEO plugin v27.3 - https:\/\/yoast.com\/product\/yoast-seo-wordpress\/ -->\n<title>Minist\u00e9rio da Cultura lan\u00e7a modelos de editais do segundo ciclo da Cultura Viva na Aldir Blanc - Rede Cultura Viva da Bahia<\/title>\n<meta name=\"robots\" content=\"index, follow, max-snippet:-1, max-image-preview:large, max-video-preview:-1\" \/>\n<link rel=\"canonical\" href=\"https:\/\/bahia.culturaviva.net.br\/pt\/pontaodecultura\/ministerio-da-cultura-lanca-modelos-de-editais-do-segundo-ciclo-da-cultura-viva-na-aldir-blanc\/\" \/>\n<meta property=\"og:locale\" content=\"pt_BR\" \/>\n<meta property=\"og:type\" content=\"article\" \/>\n<meta property=\"og:title\" content=\"Minist\u00e9rio da Cultura lan\u00e7a modelos de editais do segundo ciclo da Cultura Viva na Aldir Blanc - Rede Cultura Viva da Bahia\" \/>\n<meta property=\"og:description\" content=\"Documentos orientam estados, DF e munic\u00edpios na execu\u00e7\u00e3o dos recursos federais destinados aos Pontos de Cultura Publicado em\u00a004\/11\/2025 14h00 |\u00a0Atualizado em\u00a007\/11\/2025 20h07 OMinist\u00e9rio da Cultura (MinC), por meio da Secretaria de Cidadania e Diversidade Cultural, disponibilizou nesta ter\u00e7a-feira (4) os modelos de editais para a implementa\u00e7\u00e3o da Pol\u00edtica Nacional da Cultura Viva (PNCV) no segundo [&hellip;]\" \/>\n<meta property=\"og:url\" content=\"https:\/\/bahia.culturaviva.net.br\/pt\/pontaodecultura\/ministerio-da-cultura-lanca-modelos-de-editais-do-segundo-ciclo-da-cultura-viva-na-aldir-blanc\/\" \/>\n<meta property=\"og:site_name\" content=\"Rede Cultura Viva da Bahia\" \/>\n<meta property=\"article:published_time\" content=\"2025-11-13T18:21:08+00:00\" \/>\n<meta property=\"article:modified_time\" content=\"2025-11-13T18:21:09+00:00\" \/>\n<meta property=\"og:image\" content=\"https:\/\/bahia.culturaviva.net.br\/wp-content\/uploads\/2025\/11\/rede-cultura-viva.png\" \/>\n\t<meta property=\"og:image:width\" content=\"768\" \/>\n\t<meta property=\"og:image:height\" content=\"510\" \/>\n\t<meta property=\"og:image:type\" content=\"image\/png\" \/>\n<meta name=\"author\" content=\"Carla Uhlmann\" \/>\n<meta name=\"twitter:card\" content=\"summary_large_image\" \/>\n<meta name=\"twitter:label1\" content=\"Escrito por\" \/>\n\t<meta name=\"twitter:data1\" content=\"Carla Uhlmann\" \/>\n\t<meta name=\"twitter:label2\" content=\"Est. tempo de leitura\" \/>\n\t<meta name=\"twitter:data2\" content=\"4 minutos\" \/>\n<script type=\"application\/ld+json\" class=\"yoast-schema-graph\">{\"@context\":\"https:\\\/\\\/schema.org\",\"@graph\":[{\"@type\":\"Article\",\"@id\":\"https:\\\/\\\/bahia.culturaviva.net.br\\\/pontaodecultura\\\/ministerio-da-cultura-lanca-modelos-de-editais-do-segundo-ciclo-da-cultura-viva-na-aldir-blanc\\\/#article\",\"isPartOf\":{\"@id\":\"https:\\\/\\\/bahia.culturaviva.net.br\\\/pontaodecultura\\\/ministerio-da-cultura-lanca-modelos-de-editais-do-segundo-ciclo-da-cultura-viva-na-aldir-blanc\\\/\"},\"author\":{\"name\":\"Carla Uhlmann\",\"@id\":\"https:\\\/\\\/bahia.culturaviva.net.br\\\/#\\\/schema\\\/person\\\/6e78da73e0acb5b6b65735aa9584dba0\"},\"headline\":\"Minist\u00e9rio da Cultura lan\u00e7a modelos de editais do segundo ciclo da Cultura Viva na Aldir Blanc\",\"datePublished\":\"2025-11-13T18:21:08+00:00\",\"dateModified\":\"2025-11-13T18:21:09+00:00\",\"mainEntityOfPage\":{\"@id\":\"https:\\\/\\\/bahia.culturaviva.net.br\\\/pontaodecultura\\\/ministerio-da-cultura-lanca-modelos-de-editais-do-segundo-ciclo-da-cultura-viva-na-aldir-blanc\\\/\"},\"wordCount\":659,\"commentCount\":0,\"publisher\":{\"@id\":\"https:\\\/\\\/bahia.culturaviva.net.br\\\/#organization\"},\"image\":{\"@id\":\"https:\\\/\\\/bahia.culturaviva.net.br\\\/pontaodecultura\\\/ministerio-da-cultura-lanca-modelos-de-editais-do-segundo-ciclo-da-cultura-viva-na-aldir-blanc\\\/#primaryimage\"},\"thumbnailUrl\":\"https:\\\/\\\/bahia.culturaviva.net.br\\\/wp-content\\\/uploads\\\/2025\\\/11\\\/rede-cultura-viva.png\",\"keywords\":[\"Worth Reading\"],\"articleSection\":[\"Cultura\",\"Cultura Popular\",\"PNAB\",\"Pont\u00e3o de Cultura\",\"Ponto de Cultura\"],\"inLanguage\":\"pt-BR\",\"potentialAction\":[{\"@type\":\"CommentAction\",\"name\":\"Comment\",\"target\":[\"https:\\\/\\\/bahia.culturaviva.net.br\\\/pontaodecultura\\\/ministerio-da-cultura-lanca-modelos-de-editais-do-segundo-ciclo-da-cultura-viva-na-aldir-blanc\\\/#respond\"]}]},{\"@type\":\"WebPage\",\"@id\":\"https:\\\/\\\/bahia.culturaviva.net.br\\\/pontaodecultura\\\/ministerio-da-cultura-lanca-modelos-de-editais-do-segundo-ciclo-da-cultura-viva-na-aldir-blanc\\\/\",\"url\":\"https:\\\/\\\/bahia.culturaviva.net.br\\\/pontaodecultura\\\/ministerio-da-cultura-lanca-modelos-de-editais-do-segundo-ciclo-da-cultura-viva-na-aldir-blanc\\\/\",\"name\":\"Minist\u00e9rio da Cultura lan\u00e7a modelos de editais do segundo ciclo da Cultura Viva na Aldir Blanc - Rede Cultura Viva da Bahia\",\"isPartOf\":{\"@id\":\"https:\\\/\\\/bahia.culturaviva.net.br\\\/#website\"},\"primaryImageOfPage\":{\"@id\":\"https:\\\/\\\/bahia.culturaviva.net.br\\\/pontaodecultura\\\/ministerio-da-cultura-lanca-modelos-de-editais-do-segundo-ciclo-da-cultura-viva-na-aldir-blanc\\\/#primaryimage\"},\"image\":{\"@id\":\"https:\\\/\\\/bahia.culturaviva.net.br\\\/pontaodecultura\\\/ministerio-da-cultura-lanca-modelos-de-editais-do-segundo-ciclo-da-cultura-viva-na-aldir-blanc\\\/#primaryimage\"},\"thumbnailUrl\":\"https:\\\/\\\/bahia.culturaviva.net.br\\\/wp-content\\\/uploads\\\/2025\\\/11\\\/rede-cultura-viva.png\",\"datePublished\":\"2025-11-13T18:21:08+00:00\",\"dateModified\":\"2025-11-13T18:21:09+00:00\",\"breadcrumb\":{\"@id\":\"https:\\\/\\\/bahia.culturaviva.net.br\\\/pontaodecultura\\\/ministerio-da-cultura-lanca-modelos-de-editais-do-segundo-ciclo-da-cultura-viva-na-aldir-blanc\\\/#breadcrumb\"},\"inLanguage\":\"pt-BR\",\"potentialAction\":[{\"@type\":\"ReadAction\",\"target\":[\"https:\\\/\\\/bahia.culturaviva.net.br\\\/pontaodecultura\\\/ministerio-da-cultura-lanca-modelos-de-editais-do-segundo-ciclo-da-cultura-viva-na-aldir-blanc\\\/\"]}]},{\"@type\":\"ImageObject\",\"inLanguage\":\"pt-BR\",\"@id\":\"https:\\\/\\\/bahia.culturaviva.net.br\\\/pontaodecultura\\\/ministerio-da-cultura-lanca-modelos-de-editais-do-segundo-ciclo-da-cultura-viva-na-aldir-blanc\\\/#primaryimage\",\"url\":\"https:\\\/\\\/bahia.culturaviva.net.br\\\/wp-content\\\/uploads\\\/2025\\\/11\\\/rede-cultura-viva.png\",\"contentUrl\":\"https:\\\/\\\/bahia.culturaviva.net.br\\\/wp-content\\\/uploads\\\/2025\\\/11\\\/rede-cultura-viva.png\",\"width\":768,\"height\":510},{\"@type\":\"BreadcrumbList\",\"@id\":\"https:\\\/\\\/bahia.culturaviva.net.br\\\/pontaodecultura\\\/ministerio-da-cultura-lanca-modelos-de-editais-do-segundo-ciclo-da-cultura-viva-na-aldir-blanc\\\/#breadcrumb\",\"itemListElement\":[{\"@type\":\"ListItem\",\"position\":1,\"name\":\"In\u00edcio\",\"item\":\"https:\\\/\\\/bahia.culturaviva.net.br\\\/\"},{\"@type\":\"ListItem\",\"position\":2,\"name\":\"Minist\u00e9rio da Cultura lan\u00e7a modelos de editais do segundo ciclo da Cultura Viva na Aldir Blanc\"}]},{\"@type\":\"WebSite\",\"@id\":\"https:\\\/\\\/bahia.culturaviva.net.br\\\/#website\",\"url\":\"https:\\\/\\\/bahia.culturaviva.net.br\\\/\",\"name\":\"Rede Cultura Viva da Bahia\",\"description\":\"Espa\u00e7o para Acervo, Informa\u00e7\u00e3o e Participa\u00e7\u00e3o Social da Rede de Pontos de Cultura da Bahia\",\"publisher\":{\"@id\":\"https:\\\/\\\/bahia.culturaviva.net.br\\\/#organization\"},\"potentialAction\":[{\"@type\":\"SearchAction\",\"target\":{\"@type\":\"EntryPoint\",\"urlTemplate\":\"https:\\\/\\\/bahia.culturaviva.net.br\\\/?s={search_term_string}\"},\"query-input\":{\"@type\":\"PropertyValueSpecification\",\"valueRequired\":true,\"valueName\":\"search_term_string\"}}],\"inLanguage\":\"pt-BR\"},{\"@type\":\"Organization\",\"@id\":\"https:\\\/\\\/bahia.culturaviva.net.br\\\/#organization\",\"name\":\"Rede Cultura Viva da Bahia\",\"url\":\"https:\\\/\\\/bahia.culturaviva.net.br\\\/\",\"logo\":{\"@type\":\"ImageObject\",\"inLanguage\":\"pt-BR\",\"@id\":\"https:\\\/\\\/bahia.culturaviva.net.br\\\/#\\\/schema\\\/logo\\\/image\\\/\",\"url\":\"https:\\\/\\\/bahia.culturaviva.net.br\\\/wp-content\\\/uploads\\\/2025\\\/11\\\/logo-plataforma-culturaviva-bahia-branco.png\",\"contentUrl\":\"https:\\\/\\\/bahia.culturaviva.net.br\\\/wp-content\\\/uploads\\\/2025\\\/11\\\/logo-plataforma-culturaviva-bahia-branco.png\",\"width\":628,\"height\":652,\"caption\":\"Rede Cultura Viva da Bahia\"},\"image\":{\"@id\":\"https:\\\/\\\/bahia.culturaviva.net.br\\\/#\\\/schema\\\/logo\\\/image\\\/\"}},{\"@type\":\"Person\",\"@id\":\"https:\\\/\\\/bahia.culturaviva.net.br\\\/#\\\/schema\\\/person\\\/6e78da73e0acb5b6b65735aa9584dba0\",\"name\":\"Carla Uhlmann\",\"image\":{\"@type\":\"ImageObject\",\"inLanguage\":\"pt-BR\",\"@id\":\"https:\\\/\\\/secure.gravatar.com\\\/avatar\\\/174652d1afb5fe35d03517b4ac78b9aae436c9a12e364319b1fc0cf646d4a933?s=96&d=mm&r=g\",\"url\":\"https:\\\/\\\/secure.gravatar.com\\\/avatar\\\/174652d1afb5fe35d03517b4ac78b9aae436c9a12e364319b1fc0cf646d4a933?s=96&d=mm&r=g\",\"contentUrl\":\"https:\\\/\\\/secure.gravatar.com\\\/avatar\\\/174652d1afb5fe35d03517b4ac78b9aae436c9a12e364319b1fc0cf646d4a933?s=96&d=mm&r=g\",\"caption\":\"Carla Uhlmann\"},\"url\":\"https:\\\/\\\/bahia.culturaviva.net.br\\\/pt\\\/author\\\/carlauhlmann\\\/\"}]}<\/script>\n<!-- \/ Yoast SEO plugin. -->","yoast_head_json":{"title":"Minist\u00e9rio da Cultura lan\u00e7a modelos de editais do segundo ciclo da Cultura Viva na Aldir Blanc - Rede Cultura Viva da Bahia","robots":{"index":"index","follow":"follow","max-snippet":"max-snippet:-1","max-image-preview":"max-image-preview:large","max-video-preview":"max-video-preview:-1"},"canonical":"https:\/\/bahia.culturaviva.net.br\/pt\/pontaodecultura\/ministerio-da-cultura-lanca-modelos-de-editais-do-segundo-ciclo-da-cultura-viva-na-aldir-blanc\/","og_locale":"pt_BR","og_type":"article","og_title":"Minist\u00e9rio da Cultura lan\u00e7a modelos de editais do segundo ciclo da Cultura Viva na Aldir Blanc - Rede Cultura Viva da Bahia","og_description":"Documentos orientam estados, DF e munic\u00edpios na execu\u00e7\u00e3o dos recursos federais destinados aos Pontos de Cultura Publicado em\u00a004\/11\/2025 14h00 |\u00a0Atualizado em\u00a007\/11\/2025 20h07 OMinist\u00e9rio da Cultura (MinC), por meio da Secretaria de Cidadania e Diversidade Cultural, disponibilizou nesta ter\u00e7a-feira (4) os modelos de editais para a implementa\u00e7\u00e3o da Pol\u00edtica Nacional da Cultura Viva (PNCV) no segundo [&hellip;]","og_url":"https:\/\/bahia.culturaviva.net.br\/pt\/pontaodecultura\/ministerio-da-cultura-lanca-modelos-de-editais-do-segundo-ciclo-da-cultura-viva-na-aldir-blanc\/","og_site_name":"Rede Cultura Viva da Bahia","article_published_time":"2025-11-13T18:21:08+00:00","article_modified_time":"2025-11-13T18:21:09+00:00","og_image":[{"width":768,"height":510,"url":"https:\/\/bahia.culturaviva.net.br\/wp-content\/uploads\/2025\/11\/rede-cultura-viva.png","type":"image\/png"}],"author":"Carla Uhlmann","twitter_card":"summary_large_image","twitter_misc":{"Escrito por":"Carla Uhlmann","Est. tempo de leitura":"4 minutos"},"schema":{"@context":"https:\/\/schema.org","@graph":[{"@type":"Article","@id":"https:\/\/bahia.culturaviva.net.br\/pontaodecultura\/ministerio-da-cultura-lanca-modelos-de-editais-do-segundo-ciclo-da-cultura-viva-na-aldir-blanc\/#article","isPartOf":{"@id":"https:\/\/bahia.culturaviva.net.br\/pontaodecultura\/ministerio-da-cultura-lanca-modelos-de-editais-do-segundo-ciclo-da-cultura-viva-na-aldir-blanc\/"},"author":{"name":"Carla Uhlmann","@id":"https:\/\/bahia.culturaviva.net.br\/#\/schema\/person\/6e78da73e0acb5b6b65735aa9584dba0"},"headline":"Minist\u00e9rio da Cultura lan\u00e7a modelos de editais do segundo ciclo da Cultura Viva na Aldir Blanc","datePublished":"2025-11-13T18:21:08+00:00","dateModified":"2025-11-13T18:21:09+00:00","mainEntityOfPage":{"@id":"https:\/\/bahia.culturaviva.net.br\/pontaodecultura\/ministerio-da-cultura-lanca-modelos-de-editais-do-segundo-ciclo-da-cultura-viva-na-aldir-blanc\/"},"wordCount":659,"commentCount":0,"publisher":{"@id":"https:\/\/bahia.culturaviva.net.br\/#organization"},"image":{"@id":"https:\/\/bahia.culturaviva.net.br\/pontaodecultura\/ministerio-da-cultura-lanca-modelos-de-editais-do-segundo-ciclo-da-cultura-viva-na-aldir-blanc\/#primaryimage"},"thumbnailUrl":"https:\/\/bahia.culturaviva.net.br\/wp-content\/uploads\/2025\/11\/rede-cultura-viva.png","keywords":["Worth Reading"],"articleSection":["Cultura","Cultura Popular","PNAB","Pont\u00e3o de Cultura","Ponto de Cultura"],"inLanguage":"pt-BR","potentialAction":[{"@type":"CommentAction","name":"Comment","target":["https:\/\/bahia.culturaviva.net.br\/pontaodecultura\/ministerio-da-cultura-lanca-modelos-de-editais-do-segundo-ciclo-da-cultura-viva-na-aldir-blanc\/#respond"]}]},{"@type":"WebPage","@id":"https:\/\/bahia.culturaviva.net.br\/pontaodecultura\/ministerio-da-cultura-lanca-modelos-de-editais-do-segundo-ciclo-da-cultura-viva-na-aldir-blanc\/","url":"https:\/\/bahia.culturaviva.net.br\/pontaodecultura\/ministerio-da-cultura-lanca-modelos-de-editais-do-segundo-ciclo-da-cultura-viva-na-aldir-blanc\/","name":"Minist\u00e9rio da Cultura lan\u00e7a modelos de editais do segundo ciclo da Cultura Viva na Aldir Blanc - Rede Cultura Viva da Bahia","isPartOf":{"@id":"https:\/\/bahia.culturaviva.net.br\/#website"},"primaryImageOfPage":{"@id":"https:\/\/bahia.culturaviva.net.br\/pontaodecultura\/ministerio-da-cultura-lanca-modelos-de-editais-do-segundo-ciclo-da-cultura-viva-na-aldir-blanc\/#primaryimage"},"image":{"@id":"https:\/\/bahia.culturaviva.net.br\/pontaodecultura\/ministerio-da-cultura-lanca-modelos-de-editais-do-segundo-ciclo-da-cultura-viva-na-aldir-blanc\/#primaryimage"},"thumbnailUrl":"https:\/\/bahia.culturaviva.net.br\/wp-content\/uploads\/2025\/11\/rede-cultura-viva.png","datePublished":"2025-11-13T18:21:08+00:00","dateModified":"2025-11-13T18:21:09+00:00","breadcrumb":{"@id":"https:\/\/bahia.culturaviva.net.br\/pontaodecultura\/ministerio-da-cultura-lanca-modelos-de-editais-do-segundo-ciclo-da-cultura-viva-na-aldir-blanc\/#breadcrumb"},"inLanguage":"pt-BR","potentialAction":[{"@type":"ReadAction","target":["https:\/\/bahia.culturaviva.net.br\/pontaodecultura\/ministerio-da-cultura-lanca-modelos-de-editais-do-segundo-ciclo-da-cultura-viva-na-aldir-blanc\/"]}]},{"@type":"ImageObject","inLanguage":"pt-BR","@id":"https:\/\/bahia.culturaviva.net.br\/pontaodecultura\/ministerio-da-cultura-lanca-modelos-de-editais-do-segundo-ciclo-da-cultura-viva-na-aldir-blanc\/#primaryimage","url":"https:\/\/bahia.culturaviva.net.br\/wp-content\/uploads\/2025\/11\/rede-cultura-viva.png","contentUrl":"https:\/\/bahia.culturaviva.net.br\/wp-content\/uploads\/2025\/11\/rede-cultura-viva.png","width":768,"height":510},{"@type":"BreadcrumbList","@id":"https:\/\/bahia.culturaviva.net.br\/pontaodecultura\/ministerio-da-cultura-lanca-modelos-de-editais-do-segundo-ciclo-da-cultura-viva-na-aldir-blanc\/#breadcrumb","itemListElement":[{"@type":"ListItem","position":1,"name":"In\u00edcio","item":"https:\/\/bahia.culturaviva.net.br\/"},{"@type":"ListItem","position":2,"name":"Minist\u00e9rio da Cultura lan\u00e7a modelos de editais do segundo ciclo da Cultura Viva na Aldir Blanc"}]},{"@type":"WebSite","@id":"https:\/\/bahia.culturaviva.net.br\/#website","url":"https:\/\/bahia.culturaviva.net.br\/","name":"Rede Cultura Viva da Bahia","description":"Espa\u00e7o para Acervo, Informa\u00e7\u00e3o e Participa\u00e7\u00e3o Social da Rede de Pontos de Cultura da Bahia","publisher":{"@id":"https:\/\/bahia.culturaviva.net.br\/#organization"},"potentialAction":[{"@type":"SearchAction","target":{"@type":"EntryPoint","urlTemplate":"https:\/\/bahia.culturaviva.net.br\/?s={search_term_string}"},"query-input":{"@type":"PropertyValueSpecification","valueRequired":true,"valueName":"search_term_string"}}],"inLanguage":"pt-BR"},{"@type":"Organization","@id":"https:\/\/bahia.culturaviva.net.br\/#organization","name":"Rede Cultura Viva da Bahia","url":"https:\/\/bahia.culturaviva.net.br\/","logo":{"@type":"ImageObject","inLanguage":"pt-BR","@id":"https:\/\/bahia.culturaviva.net.br\/#\/schema\/logo\/image\/","url":"https:\/\/bahia.culturaviva.net.br\/wp-content\/uploads\/2025\/11\/logo-plataforma-culturaviva-bahia-branco.png","contentUrl":"https:\/\/bahia.culturaviva.net.br\/wp-content\/uploads\/2025\/11\/logo-plataforma-culturaviva-bahia-branco.png","width":628,"height":652,"caption":"Rede Cultura Viva da Bahia"},"image":{"@id":"https:\/\/bahia.culturaviva.net.br\/#\/schema\/logo\/image\/"}},{"@type":"Person","@id":"https:\/\/bahia.culturaviva.net.br\/#\/schema\/person\/6e78da73e0acb5b6b65735aa9584dba0","name":"Carla Uhlmann","image":{"@type":"ImageObject","inLanguage":"pt-BR","@id":"https:\/\/secure.gravatar.com\/avatar\/174652d1afb5fe35d03517b4ac78b9aae436c9a12e364319b1fc0cf646d4a933?s=96&d=mm&r=g","url":"https:\/\/secure.gravatar.com\/avatar\/174652d1afb5fe35d03517b4ac78b9aae436c9a12e364319b1fc0cf646d4a933?s=96&d=mm&r=g","contentUrl":"https:\/\/secure.gravatar.com\/avatar\/174652d1afb5fe35d03517b4ac78b9aae436c9a12e364319b1fc0cf646d4a933?s=96&d=mm&r=g","caption":"Carla Uhlmann"},"url":"https:\/\/bahia.culturaviva.net.br\/pt\/author\/carlauhlmann\/"}]}},"_links":{"self":[{"href":"https:\/\/bahia.culturaviva.net.br\/pt\/wp-json\/wp\/v2\/posts\/1359","targetHints":{"allow":["GET"]}}],"collection":[{"href":"https:\/\/bahia.culturaviva.net.br\/pt\/wp-json\/wp\/v2\/posts"}],"about":[{"href":"https:\/\/bahia.culturaviva.net.br\/pt\/wp-json\/wp\/v2\/types\/post"}],"author":[{"embeddable":true,"href":"https:\/\/bahia.culturaviva.net.br\/pt\/wp-json\/wp\/v2\/users\/4"}],"replies":[{"embeddable":true,"href":"https:\/\/bahia.culturaviva.net.br\/pt\/wp-json\/wp\/v2\/comments?post=1359"}],"version-history":[{"count":1,"href":"https:\/\/bahia.culturaviva.net.br\/pt\/wp-json\/wp\/v2\/posts\/1359\/revisions"}],"predecessor-version":[{"id":1361,"href":"https:\/\/bahia.culturaviva.net.br\/pt\/wp-json\/wp\/v2\/posts\/1359\/revisions\/1361"}],"wp:featuredmedia":[{"embeddable":true,"href":"https:\/\/bahia.culturaviva.net.br\/pt\/wp-json\/wp\/v2\/media\/1360"}],"wp:attachment":[{"href":"https:\/\/bahia.culturaviva.net.br\/pt\/wp-json\/wp\/v2\/media?parent=1359"}],"wp:term":[{"taxonomy":"category","embeddable":true,"href":"https:\/\/bahia.culturaviva.net.br\/pt\/wp-json\/wp\/v2\/categories?post=1359"},{"taxonomy":"post_tag","embeddable":true,"href":"https:\/\/bahia.culturaviva.net.br\/pt\/wp-json\/wp\/v2\/tags?post=1359"}],"curies":[{"name":"wp","href":"https:\/\/api.w.org\/{rel}","templated":true}]}}