{"id":1363,"date":"2025-11-13T18:03:13","date_gmt":"2025-11-13T21:03:13","guid":{"rendered":"https:\/\/bahia.culturaviva.net.br\/?p=1363"},"modified":"2025-11-13T18:03:14","modified_gmt":"2025-11-13T21:03:14","slug":"minidocumentario-sobre-a-feira-das-artes-de-mucuge-tem-exibicao-na-sede-e-na-zona-rural","status":"publish","type":"post","link":"https:\/\/bahia.culturaviva.net.br\/pt\/cultura\/minidocumentario-sobre-a-feira-das-artes-de-mucuge-tem-exibicao-na-sede-e-na-zona-rural\/","title":{"rendered":"Minidocument\u00e1rio sobre a Feira das Artes de Mucug\u00ea tem exibi\u00e7\u00e3o na sede e na zona rural"},"content":{"rendered":"<p><a href=\"https:\/\/mucuge.chapada.ba\/livyan\/\">Livyan Bicalho<\/a> | 29 de maio de 2025 <a href=\"https:\/\/mucuge.chapada.ba\/category\/feiradasartes\/\">Feira das Artes<\/a><\/p>\n\n\n\n<p><\/p>\n\n\n\n<figure class=\"wp-block-image size-full\"><img loading=\"lazy\" decoding=\"async\" width=\"1024\" height=\"1024\" src=\"https:\/\/bahia.culturaviva.net.br\/wp-content\/uploads\/2025\/11\/Mini-doc-feira-das-artes.webp\" alt=\"\" class=\"wp-image-1364\" srcset=\"https:\/\/bahia.culturaviva.net.br\/wp-content\/uploads\/2025\/11\/Mini-doc-feira-das-artes.webp 1024w, https:\/\/bahia.culturaviva.net.br\/wp-content\/uploads\/2025\/11\/Mini-doc-feira-das-artes-300x300.webp 300w, https:\/\/bahia.culturaviva.net.br\/wp-content\/uploads\/2025\/11\/Mini-doc-feira-das-artes-150x150.webp 150w, https:\/\/bahia.culturaviva.net.br\/wp-content\/uploads\/2025\/11\/Mini-doc-feira-das-artes-768x768.webp 768w, https:\/\/bahia.culturaviva.net.br\/wp-content\/uploads\/2025\/11\/Mini-doc-feira-das-artes-12x12.webp 12w, https:\/\/bahia.culturaviva.net.br\/wp-content\/uploads\/2025\/11\/Mini-doc-feira-das-artes-40x40.webp 40w, https:\/\/bahia.culturaviva.net.br\/wp-content\/uploads\/2025\/11\/Mini-doc-feira-das-artes-275x275.webp 275w, https:\/\/bahia.culturaviva.net.br\/wp-content\/uploads\/2025\/11\/Mini-doc-feira-das-artes-205x205.webp 205w, https:\/\/bahia.culturaviva.net.br\/wp-content\/uploads\/2025\/11\/Mini-doc-feira-das-artes-480x480.webp 480w\" sizes=\"auto, (max-width: 1024px) 100vw, 1024px\" \/><\/figure>\n\n\n\n<p>Vai ter, vai ter Feira das Artes em Mucug\u00ea!!! H\u00e1 mais de 7 anos esta rima se faz presente pelos becos e esquinas da cidade tombada pelo Instituto do Patrim\u00f4nio Hist\u00f3rico e Art\u00edstico Nacional (IPHAN) e que re\u00fane entre seus casar\u00f5es e pequenos sobrados uma grande riqueza cultural de mestes, artes\u00e3os, artistas e fazedores de cultura.<\/p>\n\n\n\n<p>Para conhecer um pouco melhor essa hist\u00f3ria, quem j\u00e1 foi reconhecido e quem trabalha nos bastidores para fazer isso acontecer foi realizado o minidocument\u00e1rio: \u201cFeira das Artes de Mucug\u00ea, tem arte pra dar e vender\u201d, dirigido por Livyan Bicalho e Pedro Jatob\u00e1. O audiovisual foi filmado e editado por Pedro Jatob\u00e1 e Luciano Barreto e ilustra\u00e7\u00f5es de Nando. Todos os envolvidos na produ\u00e7\u00e3o do curta s\u00e3o fazedores culturais do munic\u00edpio e colaboraram com a realiza\u00e7\u00e3o das edi\u00e7\u00f5es do evento ao longo desse per\u00edodo.<\/p>\n\n\n\n<p>O minidocument\u00e1rio com 15 minutos de dura\u00e7\u00e3o re\u00fane depoimentos de artistas, moradores e mestres homenageados ao longo dos 7 anos e 12 edi\u00e7\u00f5es da Feira das Artes de Mucug\u00ea.<\/p>\n\n\n\n<p>Programa\u00e7\u00e3o de Exibi\u00e7\u00e3o do Curta:<\/p>\n\n\n\n<p><strong>29\/5 - Escola Lapidar (Sede)<\/strong><\/p>\n\n\n\n<p><strong>30\/5 - Escola Municipal Eurico Belo (Guin\u00e9)<\/strong><\/p>\n\n\n\n<p><strong>15\/6 - 13\u00aa Edi\u00e7\u00e3o da Feira das Artes de Mucug\u00ea (Sede)<\/strong><\/p>\n\n\n\n<p>O curta-metragem recebeu apoio financeiro da Lei Paulo Gustavo Municipal de 2023 e apoio da Secretaria Municipal de Cultura, Ponto de Cultura de Mucug\u00ea e Ponto de Cultura de Guin\u00e9 para exibi\u00e7\u00e3o da produ\u00e7\u00e3o audiovisual tanto na sede quanto na zona rural.<\/p>\n\n\n\n<p>Ficou com vontade de ver? Assista ao MiniDoc online:<video controls=\"\" src=\"https:\/\/app.rios.org.br\/index.php\/s\/fTGt8X9KdZiwJwy\/download?path=&amp;files=Minidoc%20Feira%20das%20Artes%20de%20Mucuge%20-%20Tem%20Arte%20para%20Dar%20e%20Vender%20-%202025.mp4\"><\/video><\/p>\n\n\n\n<h3 class=\"wp-block-heading\" id=\"relacionado\"><\/h3>\n\n\n\n<p>Fonte: <a href=\"https:\/\/mucuge.chapada.ba\/feiradasartes\/minidoc\/\">https:\/\/mucuge.chapada.ba\/feiradasartes\/minidoc\/<\/a><\/p>\n\n\n\n<p><\/p>","protected":false},"excerpt":{"rendered":"<p>Livyan Bicalho | 29 de maio de 2025 | Feira das Artes Vai ter, vai ter Feira das Artes em Mucug\u00ea!!! H\u00e1 mais de 7 anos esta rima se faz presente pelos becos e esquinas da cidade tombada pelo Instituto do Patrim\u00f4nio Hist\u00f3rico e Art\u00edstico Nacional (IPHAN) e que re\u00fane entre seus casar\u00f5es e pequenos [&hellip;]<\/p>\n","protected":false},"author":4,"featured_media":1364,"comment_status":"open","ping_status":"open","sticky":false,"template":"","format":"standard","meta":{"_acf_changed":false,"_gspb_post_css":"","footnotes":""},"categories":[59],"tags":[58,62,67,39,21],"class_list":["post-1363","post","type-post","status-publish","format-standard","has-post-thumbnail","hentry","category-cultura","tag-audiovisual","tag-economia-solidaria","tag-feira-das-artes","tag-memoria","tag-sustentabilidade"],"blocksy_meta":[],"acf":[],"yoast_head":"<!-- This site is optimized with the Yoast SEO plugin v27.3 - https:\/\/yoast.com\/product\/yoast-seo-wordpress\/ -->\n<title>Minidocument\u00e1rio sobre a Feira das Artes de Mucug\u00ea tem exibi\u00e7\u00e3o na sede e na zona rural - Rede Cultura Viva da Bahia<\/title>\n<meta name=\"robots\" content=\"index, follow, max-snippet:-1, max-image-preview:large, max-video-preview:-1\" \/>\n<link rel=\"canonical\" href=\"https:\/\/bahia.culturaviva.net.br\/pt\/cultura\/minidocumentario-sobre-a-feira-das-artes-de-mucuge-tem-exibicao-na-sede-e-na-zona-rural\/\" \/>\n<meta property=\"og:locale\" content=\"pt_BR\" \/>\n<meta property=\"og:type\" content=\"article\" \/>\n<meta property=\"og:title\" content=\"Minidocument\u00e1rio sobre a Feira das Artes de Mucug\u00ea tem exibi\u00e7\u00e3o na sede e na zona rural - Rede Cultura Viva da Bahia\" \/>\n<meta property=\"og:description\" content=\"Livyan Bicalho | 29 de maio de 2025 | Feira das Artes Vai ter, vai ter Feira das Artes em Mucug\u00ea!!! H\u00e1 mais de 7 anos esta rima se faz presente pelos becos e esquinas da cidade tombada pelo Instituto do Patrim\u00f4nio Hist\u00f3rico e Art\u00edstico Nacional (IPHAN) e que re\u00fane entre seus casar\u00f5es e pequenos [&hellip;]\" \/>\n<meta property=\"og:url\" content=\"https:\/\/bahia.culturaviva.net.br\/pt\/cultura\/minidocumentario-sobre-a-feira-das-artes-de-mucuge-tem-exibicao-na-sede-e-na-zona-rural\/\" \/>\n<meta property=\"og:site_name\" content=\"Rede Cultura Viva da Bahia\" \/>\n<meta property=\"article:published_time\" content=\"2025-11-13T21:03:13+00:00\" \/>\n<meta property=\"article:modified_time\" content=\"2025-11-13T21:03:14+00:00\" \/>\n<meta property=\"og:image\" content=\"https:\/\/bahia.culturaviva.net.br\/wp-content\/uploads\/2025\/11\/Mini-doc-feira-das-artes.webp\" \/>\n\t<meta property=\"og:image:width\" content=\"1024\" \/>\n\t<meta property=\"og:image:height\" content=\"1024\" \/>\n\t<meta property=\"og:image:type\" content=\"image\/webp\" \/>\n<meta name=\"author\" content=\"Carla Uhlmann\" \/>\n<meta name=\"twitter:card\" content=\"summary_large_image\" \/>\n<meta name=\"twitter:label1\" content=\"Escrito por\" \/>\n\t<meta name=\"twitter:data1\" content=\"Carla Uhlmann\" \/>\n\t<meta name=\"twitter:label2\" content=\"Est. tempo de leitura\" \/>\n\t<meta name=\"twitter:data2\" content=\"2 minutos\" \/>\n<script type=\"application\/ld+json\" class=\"yoast-schema-graph\">{\"@context\":\"https:\\\/\\\/schema.org\",\"@graph\":[{\"@type\":\"Article\",\"@id\":\"https:\\\/\\\/bahia.culturaviva.net.br\\\/cultura\\\/minidocumentario-sobre-a-feira-das-artes-de-mucuge-tem-exibicao-na-sede-e-na-zona-rural\\\/#article\",\"isPartOf\":{\"@id\":\"https:\\\/\\\/bahia.culturaviva.net.br\\\/cultura\\\/minidocumentario-sobre-a-feira-das-artes-de-mucuge-tem-exibicao-na-sede-e-na-zona-rural\\\/\"},\"author\":{\"name\":\"Carla Uhlmann\",\"@id\":\"https:\\\/\\\/bahia.culturaviva.net.br\\\/#\\\/schema\\\/person\\\/6e78da73e0acb5b6b65735aa9584dba0\"},\"headline\":\"Minidocument\u00e1rio sobre a Feira das Artes de Mucug\u00ea tem exibi\u00e7\u00e3o na sede e na zona rural\",\"datePublished\":\"2025-11-13T21:03:13+00:00\",\"dateModified\":\"2025-11-13T21:03:14+00:00\",\"mainEntityOfPage\":{\"@id\":\"https:\\\/\\\/bahia.culturaviva.net.br\\\/cultura\\\/minidocumentario-sobre-a-feira-das-artes-de-mucuge-tem-exibicao-na-sede-e-na-zona-rural\\\/\"},\"wordCount\":291,\"commentCount\":0,\"publisher\":{\"@id\":\"https:\\\/\\\/bahia.culturaviva.net.br\\\/#organization\"},\"image\":{\"@id\":\"https:\\\/\\\/bahia.culturaviva.net.br\\\/cultura\\\/minidocumentario-sobre-a-feira-das-artes-de-mucuge-tem-exibicao-na-sede-e-na-zona-rural\\\/#primaryimage\"},\"thumbnailUrl\":\"https:\\\/\\\/bahia.culturaviva.net.br\\\/wp-content\\\/uploads\\\/2025\\\/11\\\/Mini-doc-feira-das-artes.webp\",\"keywords\":[\"Audiovisual\",\"Economia Solid\u00e1ria\",\"Feira das Artes\",\"Mem\u00f3ria\",\"Sustentabilidade\"],\"articleSection\":[\"Cultura\"],\"inLanguage\":\"pt-BR\",\"potentialAction\":[{\"@type\":\"CommentAction\",\"name\":\"Comment\",\"target\":[\"https:\\\/\\\/bahia.culturaviva.net.br\\\/cultura\\\/minidocumentario-sobre-a-feira-das-artes-de-mucuge-tem-exibicao-na-sede-e-na-zona-rural\\\/#respond\"]}]},{\"@type\":\"WebPage\",\"@id\":\"https:\\\/\\\/bahia.culturaviva.net.br\\\/cultura\\\/minidocumentario-sobre-a-feira-das-artes-de-mucuge-tem-exibicao-na-sede-e-na-zona-rural\\\/\",\"url\":\"https:\\\/\\\/bahia.culturaviva.net.br\\\/cultura\\\/minidocumentario-sobre-a-feira-das-artes-de-mucuge-tem-exibicao-na-sede-e-na-zona-rural\\\/\",\"name\":\"Minidocument\u00e1rio sobre a Feira das Artes de Mucug\u00ea tem exibi\u00e7\u00e3o na sede e na zona rural - Rede Cultura Viva da Bahia\",\"isPartOf\":{\"@id\":\"https:\\\/\\\/bahia.culturaviva.net.br\\\/#website\"},\"primaryImageOfPage\":{\"@id\":\"https:\\\/\\\/bahia.culturaviva.net.br\\\/cultura\\\/minidocumentario-sobre-a-feira-das-artes-de-mucuge-tem-exibicao-na-sede-e-na-zona-rural\\\/#primaryimage\"},\"image\":{\"@id\":\"https:\\\/\\\/bahia.culturaviva.net.br\\\/cultura\\\/minidocumentario-sobre-a-feira-das-artes-de-mucuge-tem-exibicao-na-sede-e-na-zona-rural\\\/#primaryimage\"},\"thumbnailUrl\":\"https:\\\/\\\/bahia.culturaviva.net.br\\\/wp-content\\\/uploads\\\/2025\\\/11\\\/Mini-doc-feira-das-artes.webp\",\"datePublished\":\"2025-11-13T21:03:13+00:00\",\"dateModified\":\"2025-11-13T21:03:14+00:00\",\"breadcrumb\":{\"@id\":\"https:\\\/\\\/bahia.culturaviva.net.br\\\/cultura\\\/minidocumentario-sobre-a-feira-das-artes-de-mucuge-tem-exibicao-na-sede-e-na-zona-rural\\\/#breadcrumb\"},\"inLanguage\":\"pt-BR\",\"potentialAction\":[{\"@type\":\"ReadAction\",\"target\":[\"https:\\\/\\\/bahia.culturaviva.net.br\\\/cultura\\\/minidocumentario-sobre-a-feira-das-artes-de-mucuge-tem-exibicao-na-sede-e-na-zona-rural\\\/\"]}]},{\"@type\":\"ImageObject\",\"inLanguage\":\"pt-BR\",\"@id\":\"https:\\\/\\\/bahia.culturaviva.net.br\\\/cultura\\\/minidocumentario-sobre-a-feira-das-artes-de-mucuge-tem-exibicao-na-sede-e-na-zona-rural\\\/#primaryimage\",\"url\":\"https:\\\/\\\/bahia.culturaviva.net.br\\\/wp-content\\\/uploads\\\/2025\\\/11\\\/Mini-doc-feira-das-artes.webp\",\"contentUrl\":\"https:\\\/\\\/bahia.culturaviva.net.br\\\/wp-content\\\/uploads\\\/2025\\\/11\\\/Mini-doc-feira-das-artes.webp\",\"width\":1024,\"height\":1024},{\"@type\":\"BreadcrumbList\",\"@id\":\"https:\\\/\\\/bahia.culturaviva.net.br\\\/cultura\\\/minidocumentario-sobre-a-feira-das-artes-de-mucuge-tem-exibicao-na-sede-e-na-zona-rural\\\/#breadcrumb\",\"itemListElement\":[{\"@type\":\"ListItem\",\"position\":1,\"name\":\"In\u00edcio\",\"item\":\"https:\\\/\\\/bahia.culturaviva.net.br\\\/\"},{\"@type\":\"ListItem\",\"position\":2,\"name\":\"Minidocument\u00e1rio sobre a Feira das Artes de Mucug\u00ea tem exibi\u00e7\u00e3o na sede e na zona rural\"}]},{\"@type\":\"WebSite\",\"@id\":\"https:\\\/\\\/bahia.culturaviva.net.br\\\/#website\",\"url\":\"https:\\\/\\\/bahia.culturaviva.net.br\\\/\",\"name\":\"Rede Cultura Viva da Bahia\",\"description\":\"Espa\u00e7o para Acervo, Informa\u00e7\u00e3o e Participa\u00e7\u00e3o Social da Rede de Pontos de Cultura da Bahia\",\"publisher\":{\"@id\":\"https:\\\/\\\/bahia.culturaviva.net.br\\\/#organization\"},\"potentialAction\":[{\"@type\":\"SearchAction\",\"target\":{\"@type\":\"EntryPoint\",\"urlTemplate\":\"https:\\\/\\\/bahia.culturaviva.net.br\\\/?s={search_term_string}\"},\"query-input\":{\"@type\":\"PropertyValueSpecification\",\"valueRequired\":true,\"valueName\":\"search_term_string\"}}],\"inLanguage\":\"pt-BR\"},{\"@type\":\"Organization\",\"@id\":\"https:\\\/\\\/bahia.culturaviva.net.br\\\/#organization\",\"name\":\"Rede Cultura Viva da Bahia\",\"url\":\"https:\\\/\\\/bahia.culturaviva.net.br\\\/\",\"logo\":{\"@type\":\"ImageObject\",\"inLanguage\":\"pt-BR\",\"@id\":\"https:\\\/\\\/bahia.culturaviva.net.br\\\/#\\\/schema\\\/logo\\\/image\\\/\",\"url\":\"https:\\\/\\\/bahia.culturaviva.net.br\\\/wp-content\\\/uploads\\\/2025\\\/11\\\/logo-plataforma-culturaviva-bahia-branco.png\",\"contentUrl\":\"https:\\\/\\\/bahia.culturaviva.net.br\\\/wp-content\\\/uploads\\\/2025\\\/11\\\/logo-plataforma-culturaviva-bahia-branco.png\",\"width\":628,\"height\":652,\"caption\":\"Rede Cultura Viva da Bahia\"},\"image\":{\"@id\":\"https:\\\/\\\/bahia.culturaviva.net.br\\\/#\\\/schema\\\/logo\\\/image\\\/\"}},{\"@type\":\"Person\",\"@id\":\"https:\\\/\\\/bahia.culturaviva.net.br\\\/#\\\/schema\\\/person\\\/6e78da73e0acb5b6b65735aa9584dba0\",\"name\":\"Carla Uhlmann\",\"image\":{\"@type\":\"ImageObject\",\"inLanguage\":\"pt-BR\",\"@id\":\"https:\\\/\\\/secure.gravatar.com\\\/avatar\\\/174652d1afb5fe35d03517b4ac78b9aae436c9a12e364319b1fc0cf646d4a933?s=96&d=mm&r=g\",\"url\":\"https:\\\/\\\/secure.gravatar.com\\\/avatar\\\/174652d1afb5fe35d03517b4ac78b9aae436c9a12e364319b1fc0cf646d4a933?s=96&d=mm&r=g\",\"contentUrl\":\"https:\\\/\\\/secure.gravatar.com\\\/avatar\\\/174652d1afb5fe35d03517b4ac78b9aae436c9a12e364319b1fc0cf646d4a933?s=96&d=mm&r=g\",\"caption\":\"Carla Uhlmann\"},\"url\":\"https:\\\/\\\/bahia.culturaviva.net.br\\\/pt\\\/author\\\/carlauhlmann\\\/\"}]}<\/script>\n<!-- \/ Yoast SEO plugin. -->","yoast_head_json":{"title":"Minidocument\u00e1rio sobre a Feira das Artes de Mucug\u00ea tem exibi\u00e7\u00e3o na sede e na zona rural - Rede Cultura Viva da Bahia","robots":{"index":"index","follow":"follow","max-snippet":"max-snippet:-1","max-image-preview":"max-image-preview:large","max-video-preview":"max-video-preview:-1"},"canonical":"https:\/\/bahia.culturaviva.net.br\/pt\/cultura\/minidocumentario-sobre-a-feira-das-artes-de-mucuge-tem-exibicao-na-sede-e-na-zona-rural\/","og_locale":"pt_BR","og_type":"article","og_title":"Minidocument\u00e1rio sobre a Feira das Artes de Mucug\u00ea tem exibi\u00e7\u00e3o na sede e na zona rural - Rede Cultura Viva da Bahia","og_description":"Livyan Bicalho | 29 de maio de 2025 | Feira das Artes Vai ter, vai ter Feira das Artes em Mucug\u00ea!!! H\u00e1 mais de 7 anos esta rima se faz presente pelos becos e esquinas da cidade tombada pelo Instituto do Patrim\u00f4nio Hist\u00f3rico e Art\u00edstico Nacional (IPHAN) e que re\u00fane entre seus casar\u00f5es e pequenos [&hellip;]","og_url":"https:\/\/bahia.culturaviva.net.br\/pt\/cultura\/minidocumentario-sobre-a-feira-das-artes-de-mucuge-tem-exibicao-na-sede-e-na-zona-rural\/","og_site_name":"Rede Cultura Viva da Bahia","article_published_time":"2025-11-13T21:03:13+00:00","article_modified_time":"2025-11-13T21:03:14+00:00","og_image":[{"width":1024,"height":1024,"url":"https:\/\/bahia.culturaviva.net.br\/wp-content\/uploads\/2025\/11\/Mini-doc-feira-das-artes.webp","type":"image\/webp"}],"author":"Carla Uhlmann","twitter_card":"summary_large_image","twitter_misc":{"Escrito por":"Carla Uhlmann","Est. tempo de leitura":"2 minutos"},"schema":{"@context":"https:\/\/schema.org","@graph":[{"@type":"Article","@id":"https:\/\/bahia.culturaviva.net.br\/cultura\/minidocumentario-sobre-a-feira-das-artes-de-mucuge-tem-exibicao-na-sede-e-na-zona-rural\/#article","isPartOf":{"@id":"https:\/\/bahia.culturaviva.net.br\/cultura\/minidocumentario-sobre-a-feira-das-artes-de-mucuge-tem-exibicao-na-sede-e-na-zona-rural\/"},"author":{"name":"Carla Uhlmann","@id":"https:\/\/bahia.culturaviva.net.br\/#\/schema\/person\/6e78da73e0acb5b6b65735aa9584dba0"},"headline":"Minidocument\u00e1rio sobre a Feira das Artes de Mucug\u00ea tem exibi\u00e7\u00e3o na sede e na zona rural","datePublished":"2025-11-13T21:03:13+00:00","dateModified":"2025-11-13T21:03:14+00:00","mainEntityOfPage":{"@id":"https:\/\/bahia.culturaviva.net.br\/cultura\/minidocumentario-sobre-a-feira-das-artes-de-mucuge-tem-exibicao-na-sede-e-na-zona-rural\/"},"wordCount":291,"commentCount":0,"publisher":{"@id":"https:\/\/bahia.culturaviva.net.br\/#organization"},"image":{"@id":"https:\/\/bahia.culturaviva.net.br\/cultura\/minidocumentario-sobre-a-feira-das-artes-de-mucuge-tem-exibicao-na-sede-e-na-zona-rural\/#primaryimage"},"thumbnailUrl":"https:\/\/bahia.culturaviva.net.br\/wp-content\/uploads\/2025\/11\/Mini-doc-feira-das-artes.webp","keywords":["Audiovisual","Economia Solid\u00e1ria","Feira das Artes","Mem\u00f3ria","Sustentabilidade"],"articleSection":["Cultura"],"inLanguage":"pt-BR","potentialAction":[{"@type":"CommentAction","name":"Comment","target":["https:\/\/bahia.culturaviva.net.br\/cultura\/minidocumentario-sobre-a-feira-das-artes-de-mucuge-tem-exibicao-na-sede-e-na-zona-rural\/#respond"]}]},{"@type":"WebPage","@id":"https:\/\/bahia.culturaviva.net.br\/cultura\/minidocumentario-sobre-a-feira-das-artes-de-mucuge-tem-exibicao-na-sede-e-na-zona-rural\/","url":"https:\/\/bahia.culturaviva.net.br\/cultura\/minidocumentario-sobre-a-feira-das-artes-de-mucuge-tem-exibicao-na-sede-e-na-zona-rural\/","name":"Minidocument\u00e1rio sobre a Feira das Artes de Mucug\u00ea tem exibi\u00e7\u00e3o na sede e na zona rural - Rede Cultura Viva da Bahia","isPartOf":{"@id":"https:\/\/bahia.culturaviva.net.br\/#website"},"primaryImageOfPage":{"@id":"https:\/\/bahia.culturaviva.net.br\/cultura\/minidocumentario-sobre-a-feira-das-artes-de-mucuge-tem-exibicao-na-sede-e-na-zona-rural\/#primaryimage"},"image":{"@id":"https:\/\/bahia.culturaviva.net.br\/cultura\/minidocumentario-sobre-a-feira-das-artes-de-mucuge-tem-exibicao-na-sede-e-na-zona-rural\/#primaryimage"},"thumbnailUrl":"https:\/\/bahia.culturaviva.net.br\/wp-content\/uploads\/2025\/11\/Mini-doc-feira-das-artes.webp","datePublished":"2025-11-13T21:03:13+00:00","dateModified":"2025-11-13T21:03:14+00:00","breadcrumb":{"@id":"https:\/\/bahia.culturaviva.net.br\/cultura\/minidocumentario-sobre-a-feira-das-artes-de-mucuge-tem-exibicao-na-sede-e-na-zona-rural\/#breadcrumb"},"inLanguage":"pt-BR","potentialAction":[{"@type":"ReadAction","target":["https:\/\/bahia.culturaviva.net.br\/cultura\/minidocumentario-sobre-a-feira-das-artes-de-mucuge-tem-exibicao-na-sede-e-na-zona-rural\/"]}]},{"@type":"ImageObject","inLanguage":"pt-BR","@id":"https:\/\/bahia.culturaviva.net.br\/cultura\/minidocumentario-sobre-a-feira-das-artes-de-mucuge-tem-exibicao-na-sede-e-na-zona-rural\/#primaryimage","url":"https:\/\/bahia.culturaviva.net.br\/wp-content\/uploads\/2025\/11\/Mini-doc-feira-das-artes.webp","contentUrl":"https:\/\/bahia.culturaviva.net.br\/wp-content\/uploads\/2025\/11\/Mini-doc-feira-das-artes.webp","width":1024,"height":1024},{"@type":"BreadcrumbList","@id":"https:\/\/bahia.culturaviva.net.br\/cultura\/minidocumentario-sobre-a-feira-das-artes-de-mucuge-tem-exibicao-na-sede-e-na-zona-rural\/#breadcrumb","itemListElement":[{"@type":"ListItem","position":1,"name":"In\u00edcio","item":"https:\/\/bahia.culturaviva.net.br\/"},{"@type":"ListItem","position":2,"name":"Minidocument\u00e1rio sobre a Feira das Artes de Mucug\u00ea tem exibi\u00e7\u00e3o na sede e na zona rural"}]},{"@type":"WebSite","@id":"https:\/\/bahia.culturaviva.net.br\/#website","url":"https:\/\/bahia.culturaviva.net.br\/","name":"Rede Cultura Viva da Bahia","description":"Espa\u00e7o para Acervo, Informa\u00e7\u00e3o e Participa\u00e7\u00e3o Social da Rede de Pontos de Cultura da Bahia","publisher":{"@id":"https:\/\/bahia.culturaviva.net.br\/#organization"},"potentialAction":[{"@type":"SearchAction","target":{"@type":"EntryPoint","urlTemplate":"https:\/\/bahia.culturaviva.net.br\/?s={search_term_string}"},"query-input":{"@type":"PropertyValueSpecification","valueRequired":true,"valueName":"search_term_string"}}],"inLanguage":"pt-BR"},{"@type":"Organization","@id":"https:\/\/bahia.culturaviva.net.br\/#organization","name":"Rede Cultura Viva da Bahia","url":"https:\/\/bahia.culturaviva.net.br\/","logo":{"@type":"ImageObject","inLanguage":"pt-BR","@id":"https:\/\/bahia.culturaviva.net.br\/#\/schema\/logo\/image\/","url":"https:\/\/bahia.culturaviva.net.br\/wp-content\/uploads\/2025\/11\/logo-plataforma-culturaviva-bahia-branco.png","contentUrl":"https:\/\/bahia.culturaviva.net.br\/wp-content\/uploads\/2025\/11\/logo-plataforma-culturaviva-bahia-branco.png","width":628,"height":652,"caption":"Rede Cultura Viva da Bahia"},"image":{"@id":"https:\/\/bahia.culturaviva.net.br\/#\/schema\/logo\/image\/"}},{"@type":"Person","@id":"https:\/\/bahia.culturaviva.net.br\/#\/schema\/person\/6e78da73e0acb5b6b65735aa9584dba0","name":"Carla Uhlmann","image":{"@type":"ImageObject","inLanguage":"pt-BR","@id":"https:\/\/secure.gravatar.com\/avatar\/174652d1afb5fe35d03517b4ac78b9aae436c9a12e364319b1fc0cf646d4a933?s=96&d=mm&r=g","url":"https:\/\/secure.gravatar.com\/avatar\/174652d1afb5fe35d03517b4ac78b9aae436c9a12e364319b1fc0cf646d4a933?s=96&d=mm&r=g","contentUrl":"https:\/\/secure.gravatar.com\/avatar\/174652d1afb5fe35d03517b4ac78b9aae436c9a12e364319b1fc0cf646d4a933?s=96&d=mm&r=g","caption":"Carla Uhlmann"},"url":"https:\/\/bahia.culturaviva.net.br\/pt\/author\/carlauhlmann\/"}]}},"_links":{"self":[{"href":"https:\/\/bahia.culturaviva.net.br\/pt\/wp-json\/wp\/v2\/posts\/1363","targetHints":{"allow":["GET"]}}],"collection":[{"href":"https:\/\/bahia.culturaviva.net.br\/pt\/wp-json\/wp\/v2\/posts"}],"about":[{"href":"https:\/\/bahia.culturaviva.net.br\/pt\/wp-json\/wp\/v2\/types\/post"}],"author":[{"embeddable":true,"href":"https:\/\/bahia.culturaviva.net.br\/pt\/wp-json\/wp\/v2\/users\/4"}],"replies":[{"embeddable":true,"href":"https:\/\/bahia.culturaviva.net.br\/pt\/wp-json\/wp\/v2\/comments?post=1363"}],"version-history":[{"count":1,"href":"https:\/\/bahia.culturaviva.net.br\/pt\/wp-json\/wp\/v2\/posts\/1363\/revisions"}],"predecessor-version":[{"id":1365,"href":"https:\/\/bahia.culturaviva.net.br\/pt\/wp-json\/wp\/v2\/posts\/1363\/revisions\/1365"}],"wp:featuredmedia":[{"embeddable":true,"href":"https:\/\/bahia.culturaviva.net.br\/pt\/wp-json\/wp\/v2\/media\/1364"}],"wp:attachment":[{"href":"https:\/\/bahia.culturaviva.net.br\/pt\/wp-json\/wp\/v2\/media?parent=1363"}],"wp:term":[{"taxonomy":"category","embeddable":true,"href":"https:\/\/bahia.culturaviva.net.br\/pt\/wp-json\/wp\/v2\/categories?post=1363"},{"taxonomy":"post_tag","embeddable":true,"href":"https:\/\/bahia.culturaviva.net.br\/pt\/wp-json\/wp\/v2\/tags?post=1363"}],"curies":[{"name":"wp","href":"https:\/\/api.w.org\/{rel}","templated":true}]}}