{"id":1370,"date":"2025-11-14T13:25:00","date_gmt":"2025-11-14T16:25:00","guid":{"rendered":"https:\/\/bahia.culturaviva.net.br\/?p=1370"},"modified":"2025-11-14T15:36:16","modified_gmt":"2025-11-14T18:36:16","slug":"flircontas-abre-inscricoes-para-selecao-de-autores","status":"publish","type":"post","link":"https:\/\/bahia.culturaviva.net.br\/pt\/flircontas\/flircontas-abre-inscricoes-para-selecao-de-autores\/","title":{"rendered":"FLIRCONTAS abre inscri\u00e7\u00f5es para sele\u00e7\u00e3o de autores"},"content":{"rendered":"<p>O Coletivo respons\u00e1vel pelo Festival Liter\u00e1rio de Rio de Contas (FLIRCONTAS) abriu, nesta sexta-feira (14), um <a href=\"https:\/\/acrobat.adobe.com\/id\/urn:aaid:sc:US:50ba7818-ffcf-48c0-8c61-12237cc65a98\">edital<\/a> para selecionar autores interessados em participar do lan\u00e7amento coletivo de obras e na utiliza\u00e7\u00e3o de um estande compartilhado durante o evento. A iniciativa busca reunir escritores com trabalhos j\u00e1 publicados e ampliar a visibilidade das produ\u00e7\u00f5es liter\u00e1rias independentes.<\/p>\n\n\n\n<p>Ser\u00e3o disponibilizadas cinco vagas destinadas a autores residentes no Brasil, maiores de 18 anos e com ao menos uma obra liter\u00e1ria publicada. As inscri\u00e7\u00f5es s\u00e3o gratuitas, devem ser feitas pelo formul\u00e1rio digital (<strong><a href=\"https:\/\/forms.gle\/BVKuKPxVvSyyLzJU6\">https:\/\/forms.gle\/BVKuKPxVvSyyLzJU6<\/a><\/strong>) e ficam abertas at\u00e9 a pr\u00f3xima ter\u00e7a-feira, <strong>18 de novembro<\/strong>.<\/p>\n\n\n\n<p><\/p>","protected":false},"excerpt":{"rendered":"<p>O Coletivo respons\u00e1vel pelo Festival Liter\u00e1rio de Rio de Contas (FLIRCONTAS) abriu, nesta sexta-feira (14), um edital para selecionar autores interessados em participar do lan\u00e7amento coletivo de obras e na utiliza\u00e7\u00e3o de um estande compartilhado durante o evento. A iniciativa busca reunir escritores com trabalhos j\u00e1 publicados e ampliar a visibilidade das produ\u00e7\u00f5es liter\u00e1rias independentes. [&hellip;]<\/p>\n","protected":false},"author":5,"featured_media":1371,"comment_status":"open","ping_status":"open","sticky":false,"template":"","format":"standard","meta":{"_acf_changed":false,"_gspb_post_css":"","footnotes":""},"categories":[68],"tags":[71,70,69],"class_list":["post-1370","post","type-post","status-publish","format-standard","has-post-thumbnail","hentry","category-flircontas","tag-autores","tag-edital","tag-flircontas"],"blocksy_meta":[],"acf":[],"yoast_head":"<!-- This site is optimized with the Yoast SEO plugin v27.3 - https:\/\/yoast.com\/product\/yoast-seo-wordpress\/ -->\n<title>FLIRCONTAS abre inscri\u00e7\u00f5es para sele\u00e7\u00e3o de autores - Rede Cultura Viva da Bahia<\/title>\n<meta name=\"robots\" content=\"index, follow, max-snippet:-1, max-image-preview:large, max-video-preview:-1\" \/>\n<link rel=\"canonical\" href=\"https:\/\/bahia.culturaviva.net.br\/pt\/flircontas\/flircontas-abre-inscricoes-para-selecao-de-autores\/\" \/>\n<meta property=\"og:locale\" content=\"pt_BR\" \/>\n<meta property=\"og:type\" content=\"article\" \/>\n<meta property=\"og:title\" content=\"FLIRCONTAS abre inscri\u00e7\u00f5es para sele\u00e7\u00e3o de autores - Rede Cultura Viva da Bahia\" \/>\n<meta property=\"og:description\" content=\"O Coletivo respons\u00e1vel pelo Festival Liter\u00e1rio de Rio de Contas (FLIRCONTAS) abriu, nesta sexta-feira (14), um edital para selecionar autores interessados em participar do lan\u00e7amento coletivo de obras e na utiliza\u00e7\u00e3o de um estande compartilhado durante o evento. A iniciativa busca reunir escritores com trabalhos j\u00e1 publicados e ampliar a visibilidade das produ\u00e7\u00f5es liter\u00e1rias independentes. [&hellip;]\" \/>\n<meta property=\"og:url\" content=\"https:\/\/bahia.culturaviva.net.br\/pt\/flircontas\/flircontas-abre-inscricoes-para-selecao-de-autores\/\" \/>\n<meta property=\"og:site_name\" content=\"Rede Cultura Viva da Bahia\" \/>\n<meta property=\"article:published_time\" content=\"2025-11-14T16:25:00+00:00\" \/>\n<meta property=\"article:modified_time\" content=\"2025-11-14T18:36:16+00:00\" \/>\n<meta property=\"og:image\" content=\"https:\/\/bahia.culturaviva.net.br\/wp-content\/uploads\/2025\/11\/Design-sem-nome-1.png\" \/>\n\t<meta property=\"og:image:width\" content=\"1600\" \/>\n\t<meta property=\"og:image:height\" content=\"1200\" \/>\n\t<meta property=\"og:image:type\" content=\"image\/png\" \/>\n<meta name=\"author\" content=\"Gustavo Medeiros\" \/>\n<meta name=\"twitter:card\" content=\"summary_large_image\" \/>\n<meta name=\"twitter:label1\" content=\"Escrito por\" \/>\n\t<meta name=\"twitter:data1\" content=\"Gustavo Medeiros\" \/>\n\t<meta name=\"twitter:label2\" content=\"Est. tempo de leitura\" \/>\n\t<meta name=\"twitter:data2\" content=\"1 minuto\" \/>\n<script type=\"application\/ld+json\" class=\"yoast-schema-graph\">{\"@context\":\"https:\\\/\\\/schema.org\",\"@graph\":[{\"@type\":\"Article\",\"@id\":\"https:\\\/\\\/bahia.culturaviva.net.br\\\/flircontas\\\/flircontas-abre-inscricoes-para-selecao-de-autores\\\/#article\",\"isPartOf\":{\"@id\":\"https:\\\/\\\/bahia.culturaviva.net.br\\\/flircontas\\\/flircontas-abre-inscricoes-para-selecao-de-autores\\\/\"},\"author\":{\"name\":\"Gustavo Medeiros\",\"@id\":\"https:\\\/\\\/bahia.culturaviva.net.br\\\/#\\\/schema\\\/person\\\/f94981373011b5863e00a94890c91090\"},\"headline\":\"FLIRCONTAS abre inscri\u00e7\u00f5es para sele\u00e7\u00e3o de autores\",\"datePublished\":\"2025-11-14T16:25:00+00:00\",\"dateModified\":\"2025-11-14T18:36:16+00:00\",\"mainEntityOfPage\":{\"@id\":\"https:\\\/\\\/bahia.culturaviva.net.br\\\/flircontas\\\/flircontas-abre-inscricoes-para-selecao-de-autores\\\/\"},\"wordCount\":120,\"commentCount\":0,\"publisher\":{\"@id\":\"https:\\\/\\\/bahia.culturaviva.net.br\\\/#organization\"},\"image\":{\"@id\":\"https:\\\/\\\/bahia.culturaviva.net.br\\\/flircontas\\\/flircontas-abre-inscricoes-para-selecao-de-autores\\\/#primaryimage\"},\"thumbnailUrl\":\"https:\\\/\\\/bahia.culturaviva.net.br\\\/wp-content\\\/uploads\\\/2025\\\/11\\\/Design-sem-nome-1.png\",\"keywords\":[\"autores\",\"edital\",\"flircontas\"],\"articleSection\":[\"Flircontas\"],\"inLanguage\":\"pt-BR\",\"potentialAction\":[{\"@type\":\"CommentAction\",\"name\":\"Comment\",\"target\":[\"https:\\\/\\\/bahia.culturaviva.net.br\\\/flircontas\\\/flircontas-abre-inscricoes-para-selecao-de-autores\\\/#respond\"]}]},{\"@type\":\"WebPage\",\"@id\":\"https:\\\/\\\/bahia.culturaviva.net.br\\\/flircontas\\\/flircontas-abre-inscricoes-para-selecao-de-autores\\\/\",\"url\":\"https:\\\/\\\/bahia.culturaviva.net.br\\\/flircontas\\\/flircontas-abre-inscricoes-para-selecao-de-autores\\\/\",\"name\":\"FLIRCONTAS abre inscri\u00e7\u00f5es para sele\u00e7\u00e3o de autores - Rede Cultura Viva da Bahia\",\"isPartOf\":{\"@id\":\"https:\\\/\\\/bahia.culturaviva.net.br\\\/#website\"},\"primaryImageOfPage\":{\"@id\":\"https:\\\/\\\/bahia.culturaviva.net.br\\\/flircontas\\\/flircontas-abre-inscricoes-para-selecao-de-autores\\\/#primaryimage\"},\"image\":{\"@id\":\"https:\\\/\\\/bahia.culturaviva.net.br\\\/flircontas\\\/flircontas-abre-inscricoes-para-selecao-de-autores\\\/#primaryimage\"},\"thumbnailUrl\":\"https:\\\/\\\/bahia.culturaviva.net.br\\\/wp-content\\\/uploads\\\/2025\\\/11\\\/Design-sem-nome-1.png\",\"datePublished\":\"2025-11-14T16:25:00+00:00\",\"dateModified\":\"2025-11-14T18:36:16+00:00\",\"breadcrumb\":{\"@id\":\"https:\\\/\\\/bahia.culturaviva.net.br\\\/flircontas\\\/flircontas-abre-inscricoes-para-selecao-de-autores\\\/#breadcrumb\"},\"inLanguage\":\"pt-BR\",\"potentialAction\":[{\"@type\":\"ReadAction\",\"target\":[\"https:\\\/\\\/bahia.culturaviva.net.br\\\/flircontas\\\/flircontas-abre-inscricoes-para-selecao-de-autores\\\/\"]}]},{\"@type\":\"ImageObject\",\"inLanguage\":\"pt-BR\",\"@id\":\"https:\\\/\\\/bahia.culturaviva.net.br\\\/flircontas\\\/flircontas-abre-inscricoes-para-selecao-de-autores\\\/#primaryimage\",\"url\":\"https:\\\/\\\/bahia.culturaviva.net.br\\\/wp-content\\\/uploads\\\/2025\\\/11\\\/Design-sem-nome-1.png\",\"contentUrl\":\"https:\\\/\\\/bahia.culturaviva.net.br\\\/wp-content\\\/uploads\\\/2025\\\/11\\\/Design-sem-nome-1.png\",\"width\":1600,\"height\":1200},{\"@type\":\"BreadcrumbList\",\"@id\":\"https:\\\/\\\/bahia.culturaviva.net.br\\\/flircontas\\\/flircontas-abre-inscricoes-para-selecao-de-autores\\\/#breadcrumb\",\"itemListElement\":[{\"@type\":\"ListItem\",\"position\":1,\"name\":\"In\u00edcio\",\"item\":\"https:\\\/\\\/bahia.culturaviva.net.br\\\/\"},{\"@type\":\"ListItem\",\"position\":2,\"name\":\"FLIRCONTAS abre inscri\u00e7\u00f5es para sele\u00e7\u00e3o de autores\"}]},{\"@type\":\"WebSite\",\"@id\":\"https:\\\/\\\/bahia.culturaviva.net.br\\\/#website\",\"url\":\"https:\\\/\\\/bahia.culturaviva.net.br\\\/\",\"name\":\"Rede Cultura Viva da Bahia\",\"description\":\"Espa\u00e7o para Acervo, Informa\u00e7\u00e3o e Participa\u00e7\u00e3o Social da Rede de Pontos de Cultura da Bahia\",\"publisher\":{\"@id\":\"https:\\\/\\\/bahia.culturaviva.net.br\\\/#organization\"},\"potentialAction\":[{\"@type\":\"SearchAction\",\"target\":{\"@type\":\"EntryPoint\",\"urlTemplate\":\"https:\\\/\\\/bahia.culturaviva.net.br\\\/?s={search_term_string}\"},\"query-input\":{\"@type\":\"PropertyValueSpecification\",\"valueRequired\":true,\"valueName\":\"search_term_string\"}}],\"inLanguage\":\"pt-BR\"},{\"@type\":\"Organization\",\"@id\":\"https:\\\/\\\/bahia.culturaviva.net.br\\\/#organization\",\"name\":\"Rede Cultura Viva da Bahia\",\"url\":\"https:\\\/\\\/bahia.culturaviva.net.br\\\/\",\"logo\":{\"@type\":\"ImageObject\",\"inLanguage\":\"pt-BR\",\"@id\":\"https:\\\/\\\/bahia.culturaviva.net.br\\\/#\\\/schema\\\/logo\\\/image\\\/\",\"url\":\"https:\\\/\\\/bahia.culturaviva.net.br\\\/wp-content\\\/uploads\\\/2025\\\/11\\\/logo-plataforma-culturaviva-bahia-branco.png\",\"contentUrl\":\"https:\\\/\\\/bahia.culturaviva.net.br\\\/wp-content\\\/uploads\\\/2025\\\/11\\\/logo-plataforma-culturaviva-bahia-branco.png\",\"width\":628,\"height\":652,\"caption\":\"Rede Cultura Viva da Bahia\"},\"image\":{\"@id\":\"https:\\\/\\\/bahia.culturaviva.net.br\\\/#\\\/schema\\\/logo\\\/image\\\/\"}},{\"@type\":\"Person\",\"@id\":\"https:\\\/\\\/bahia.culturaviva.net.br\\\/#\\\/schema\\\/person\\\/f94981373011b5863e00a94890c91090\",\"name\":\"Gustavo Medeiros\",\"image\":{\"@type\":\"ImageObject\",\"inLanguage\":\"pt-BR\",\"@id\":\"https:\\\/\\\/secure.gravatar.com\\\/avatar\\\/f827bf50846cc3705e474dcacdab7842308a5b30d92b2b10d4fb284726ac45d3?s=96&d=mm&r=g\",\"url\":\"https:\\\/\\\/secure.gravatar.com\\\/avatar\\\/f827bf50846cc3705e474dcacdab7842308a5b30d92b2b10d4fb284726ac45d3?s=96&d=mm&r=g\",\"contentUrl\":\"https:\\\/\\\/secure.gravatar.com\\\/avatar\\\/f827bf50846cc3705e474dcacdab7842308a5b30d92b2b10d4fb284726ac45d3?s=96&d=mm&r=g\",\"caption\":\"Gustavo Medeiros\"},\"url\":\"https:\\\/\\\/bahia.culturaviva.net.br\\\/pt\\\/author\\\/gustavomedeiros\\\/\"}]}<\/script>\n<!-- \/ Yoast SEO plugin. -->","yoast_head_json":{"title":"FLIRCONTAS abre inscri\u00e7\u00f5es para sele\u00e7\u00e3o de autores - Rede Cultura Viva da Bahia","robots":{"index":"index","follow":"follow","max-snippet":"max-snippet:-1","max-image-preview":"max-image-preview:large","max-video-preview":"max-video-preview:-1"},"canonical":"https:\/\/bahia.culturaviva.net.br\/pt\/flircontas\/flircontas-abre-inscricoes-para-selecao-de-autores\/","og_locale":"pt_BR","og_type":"article","og_title":"FLIRCONTAS abre inscri\u00e7\u00f5es para sele\u00e7\u00e3o de autores - Rede Cultura Viva da Bahia","og_description":"O Coletivo respons\u00e1vel pelo Festival Liter\u00e1rio de Rio de Contas (FLIRCONTAS) abriu, nesta sexta-feira (14), um edital para selecionar autores interessados em participar do lan\u00e7amento coletivo de obras e na utiliza\u00e7\u00e3o de um estande compartilhado durante o evento. A iniciativa busca reunir escritores com trabalhos j\u00e1 publicados e ampliar a visibilidade das produ\u00e7\u00f5es liter\u00e1rias independentes. [&hellip;]","og_url":"https:\/\/bahia.culturaviva.net.br\/pt\/flircontas\/flircontas-abre-inscricoes-para-selecao-de-autores\/","og_site_name":"Rede Cultura Viva da Bahia","article_published_time":"2025-11-14T16:25:00+00:00","article_modified_time":"2025-11-14T18:36:16+00:00","og_image":[{"width":1600,"height":1200,"url":"https:\/\/bahia.culturaviva.net.br\/wp-content\/uploads\/2025\/11\/Design-sem-nome-1.png","type":"image\/png"}],"author":"Gustavo Medeiros","twitter_card":"summary_large_image","twitter_misc":{"Escrito por":"Gustavo Medeiros","Est. tempo de leitura":"1 minuto"},"schema":{"@context":"https:\/\/schema.org","@graph":[{"@type":"Article","@id":"https:\/\/bahia.culturaviva.net.br\/flircontas\/flircontas-abre-inscricoes-para-selecao-de-autores\/#article","isPartOf":{"@id":"https:\/\/bahia.culturaviva.net.br\/flircontas\/flircontas-abre-inscricoes-para-selecao-de-autores\/"},"author":{"name":"Gustavo Medeiros","@id":"https:\/\/bahia.culturaviva.net.br\/#\/schema\/person\/f94981373011b5863e00a94890c91090"},"headline":"FLIRCONTAS abre inscri\u00e7\u00f5es para sele\u00e7\u00e3o de autores","datePublished":"2025-11-14T16:25:00+00:00","dateModified":"2025-11-14T18:36:16+00:00","mainEntityOfPage":{"@id":"https:\/\/bahia.culturaviva.net.br\/flircontas\/flircontas-abre-inscricoes-para-selecao-de-autores\/"},"wordCount":120,"commentCount":0,"publisher":{"@id":"https:\/\/bahia.culturaviva.net.br\/#organization"},"image":{"@id":"https:\/\/bahia.culturaviva.net.br\/flircontas\/flircontas-abre-inscricoes-para-selecao-de-autores\/#primaryimage"},"thumbnailUrl":"https:\/\/bahia.culturaviva.net.br\/wp-content\/uploads\/2025\/11\/Design-sem-nome-1.png","keywords":["autores","edital","flircontas"],"articleSection":["Flircontas"],"inLanguage":"pt-BR","potentialAction":[{"@type":"CommentAction","name":"Comment","target":["https:\/\/bahia.culturaviva.net.br\/flircontas\/flircontas-abre-inscricoes-para-selecao-de-autores\/#respond"]}]},{"@type":"WebPage","@id":"https:\/\/bahia.culturaviva.net.br\/flircontas\/flircontas-abre-inscricoes-para-selecao-de-autores\/","url":"https:\/\/bahia.culturaviva.net.br\/flircontas\/flircontas-abre-inscricoes-para-selecao-de-autores\/","name":"FLIRCONTAS abre inscri\u00e7\u00f5es para sele\u00e7\u00e3o de autores - Rede Cultura Viva da Bahia","isPartOf":{"@id":"https:\/\/bahia.culturaviva.net.br\/#website"},"primaryImageOfPage":{"@id":"https:\/\/bahia.culturaviva.net.br\/flircontas\/flircontas-abre-inscricoes-para-selecao-de-autores\/#primaryimage"},"image":{"@id":"https:\/\/bahia.culturaviva.net.br\/flircontas\/flircontas-abre-inscricoes-para-selecao-de-autores\/#primaryimage"},"thumbnailUrl":"https:\/\/bahia.culturaviva.net.br\/wp-content\/uploads\/2025\/11\/Design-sem-nome-1.png","datePublished":"2025-11-14T16:25:00+00:00","dateModified":"2025-11-14T18:36:16+00:00","breadcrumb":{"@id":"https:\/\/bahia.culturaviva.net.br\/flircontas\/flircontas-abre-inscricoes-para-selecao-de-autores\/#breadcrumb"},"inLanguage":"pt-BR","potentialAction":[{"@type":"ReadAction","target":["https:\/\/bahia.culturaviva.net.br\/flircontas\/flircontas-abre-inscricoes-para-selecao-de-autores\/"]}]},{"@type":"ImageObject","inLanguage":"pt-BR","@id":"https:\/\/bahia.culturaviva.net.br\/flircontas\/flircontas-abre-inscricoes-para-selecao-de-autores\/#primaryimage","url":"https:\/\/bahia.culturaviva.net.br\/wp-content\/uploads\/2025\/11\/Design-sem-nome-1.png","contentUrl":"https:\/\/bahia.culturaviva.net.br\/wp-content\/uploads\/2025\/11\/Design-sem-nome-1.png","width":1600,"height":1200},{"@type":"BreadcrumbList","@id":"https:\/\/bahia.culturaviva.net.br\/flircontas\/flircontas-abre-inscricoes-para-selecao-de-autores\/#breadcrumb","itemListElement":[{"@type":"ListItem","position":1,"name":"In\u00edcio","item":"https:\/\/bahia.culturaviva.net.br\/"},{"@type":"ListItem","position":2,"name":"FLIRCONTAS abre inscri\u00e7\u00f5es para sele\u00e7\u00e3o de autores"}]},{"@type":"WebSite","@id":"https:\/\/bahia.culturaviva.net.br\/#website","url":"https:\/\/bahia.culturaviva.net.br\/","name":"Rede Cultura Viva da Bahia","description":"Espa\u00e7o para Acervo, Informa\u00e7\u00e3o e Participa\u00e7\u00e3o Social da Rede de Pontos de Cultura da Bahia","publisher":{"@id":"https:\/\/bahia.culturaviva.net.br\/#organization"},"potentialAction":[{"@type":"SearchAction","target":{"@type":"EntryPoint","urlTemplate":"https:\/\/bahia.culturaviva.net.br\/?s={search_term_string}"},"query-input":{"@type":"PropertyValueSpecification","valueRequired":true,"valueName":"search_term_string"}}],"inLanguage":"pt-BR"},{"@type":"Organization","@id":"https:\/\/bahia.culturaviva.net.br\/#organization","name":"Rede Cultura Viva da Bahia","url":"https:\/\/bahia.culturaviva.net.br\/","logo":{"@type":"ImageObject","inLanguage":"pt-BR","@id":"https:\/\/bahia.culturaviva.net.br\/#\/schema\/logo\/image\/","url":"https:\/\/bahia.culturaviva.net.br\/wp-content\/uploads\/2025\/11\/logo-plataforma-culturaviva-bahia-branco.png","contentUrl":"https:\/\/bahia.culturaviva.net.br\/wp-content\/uploads\/2025\/11\/logo-plataforma-culturaviva-bahia-branco.png","width":628,"height":652,"caption":"Rede Cultura Viva da Bahia"},"image":{"@id":"https:\/\/bahia.culturaviva.net.br\/#\/schema\/logo\/image\/"}},{"@type":"Person","@id":"https:\/\/bahia.culturaviva.net.br\/#\/schema\/person\/f94981373011b5863e00a94890c91090","name":"Gustavo Medeiros","image":{"@type":"ImageObject","inLanguage":"pt-BR","@id":"https:\/\/secure.gravatar.com\/avatar\/f827bf50846cc3705e474dcacdab7842308a5b30d92b2b10d4fb284726ac45d3?s=96&d=mm&r=g","url":"https:\/\/secure.gravatar.com\/avatar\/f827bf50846cc3705e474dcacdab7842308a5b30d92b2b10d4fb284726ac45d3?s=96&d=mm&r=g","contentUrl":"https:\/\/secure.gravatar.com\/avatar\/f827bf50846cc3705e474dcacdab7842308a5b30d92b2b10d4fb284726ac45d3?s=96&d=mm&r=g","caption":"Gustavo Medeiros"},"url":"https:\/\/bahia.culturaviva.net.br\/pt\/author\/gustavomedeiros\/"}]}},"_links":{"self":[{"href":"https:\/\/bahia.culturaviva.net.br\/pt\/wp-json\/wp\/v2\/posts\/1370","targetHints":{"allow":["GET"]}}],"collection":[{"href":"https:\/\/bahia.culturaviva.net.br\/pt\/wp-json\/wp\/v2\/posts"}],"about":[{"href":"https:\/\/bahia.culturaviva.net.br\/pt\/wp-json\/wp\/v2\/types\/post"}],"author":[{"embeddable":true,"href":"https:\/\/bahia.culturaviva.net.br\/pt\/wp-json\/wp\/v2\/users\/5"}],"replies":[{"embeddable":true,"href":"https:\/\/bahia.culturaviva.net.br\/pt\/wp-json\/wp\/v2\/comments?post=1370"}],"version-history":[{"count":2,"href":"https:\/\/bahia.culturaviva.net.br\/pt\/wp-json\/wp\/v2\/posts\/1370\/revisions"}],"predecessor-version":[{"id":1381,"href":"https:\/\/bahia.culturaviva.net.br\/pt\/wp-json\/wp\/v2\/posts\/1370\/revisions\/1381"}],"wp:featuredmedia":[{"embeddable":true,"href":"https:\/\/bahia.culturaviva.net.br\/pt\/wp-json\/wp\/v2\/media\/1371"}],"wp:attachment":[{"href":"https:\/\/bahia.culturaviva.net.br\/pt\/wp-json\/wp\/v2\/media?parent=1370"}],"wp:term":[{"taxonomy":"category","embeddable":true,"href":"https:\/\/bahia.culturaviva.net.br\/pt\/wp-json\/wp\/v2\/categories?post=1370"},{"taxonomy":"post_tag","embeddable":true,"href":"https:\/\/bahia.culturaviva.net.br\/pt\/wp-json\/wp\/v2\/tags?post=1370"}],"curies":[{"name":"wp","href":"https:\/\/api.w.org\/{rel}","templated":true}]}}