{"id":1377,"date":"2025-11-14T14:16:15","date_gmt":"2025-11-14T17:16:15","guid":{"rendered":"https:\/\/bahia.culturaviva.net.br\/?p=1377"},"modified":"2025-11-14T14:16:16","modified_gmt":"2025-11-14T17:16:16","slug":"brasil-atinge-10-mil-pontos-e-pontoes-de-cultura-certificados","status":"publish","type":"post","link":"https:\/\/bahia.culturaviva.net.br\/pt\/cultura\/brasil-atinge-10-mil-pontos-e-pontoes-de-cultura-certificados\/","title":{"rendered":"Brasil atinge 10 mil Pontos e Pont\u00f5es de Cultura certificados"},"content":{"rendered":"<p>Desse total, 2.800 foram inclu\u00eddos somente entre 1\u00ba de agosto e 2 de outubro. Editais com recursos federais impulsionam o crescimento da rede<\/p>\n\n\n\n<p>Ag\u00eancia Gov | Via Minist\u00e9rio da Cultura<\/p>\n\n\n\n<figure class=\"wp-block-image size-full\"><img loading=\"lazy\" decoding=\"async\" width=\"823\" height=\"513\" src=\"https:\/\/bahia.culturaviva.net.br\/wp-content\/uploads\/2025\/11\/pontos-e-pontoes-de-cultura.png\" alt=\"\" class=\"wp-image-1378\" srcset=\"https:\/\/bahia.culturaviva.net.br\/wp-content\/uploads\/2025\/11\/pontos-e-pontoes-de-cultura.png 823w, https:\/\/bahia.culturaviva.net.br\/wp-content\/uploads\/2025\/11\/pontos-e-pontoes-de-cultura-300x187.png 300w, https:\/\/bahia.culturaviva.net.br\/wp-content\/uploads\/2025\/11\/pontos-e-pontoes-de-cultura-768x479.png 768w, https:\/\/bahia.culturaviva.net.br\/wp-content\/uploads\/2025\/11\/pontos-e-pontoes-de-cultura-18x12.png 18w, https:\/\/bahia.culturaviva.net.br\/wp-content\/uploads\/2025\/11\/pontos-e-pontoes-de-cultura-205x128.png 205w, https:\/\/bahia.culturaviva.net.br\/wp-content\/uploads\/2025\/11\/pontos-e-pontoes-de-cultura-480x299.png 480w\" sizes=\"auto, (max-width: 823px) 100vw, 823px\" \/><\/figure>\n\n\n\n<p><span style=\"color: var(--theme-palette-color-2, #00509d);\" class=\"stk-highlight\"><strong>O crescimento da rede \u00e9 resultado direto da reativa\u00e7\u00e3o da Cultura Viva e do maior investimento j\u00e1 feito em mais de duas d\u00e9cadas<\/strong><\/span><\/p>\n\n\n\n<p>Coordenado pelo Minist\u00e9rio da Cultura (MinC), o Cadastro Nacional de Pontos e Pont\u00f5es de Cultura alcan\u00e7ou a marca de 10 mil entidades e coletivos culturais certificados em todo o pa\u00eds. Desse total, 2.800 foram inclu\u00eddos somente entre 1\u00ba de agosto e 2 de outubro, com a importa\u00e7\u00e3o dos editais lan\u00e7ados com os recursos da Pol\u00edtica Nacional Aldir Blanc de Fomento \u00e0 Cultura destinados \u00e0 execu\u00e7\u00e3o da Pol\u00edtica Nacional de Cultura Viva (PNCV).<\/p>\n\n\n\n<p>A nova ferramenta permite que os entes federados incluam no Cadastro Nacional as organiza\u00e7\u00f5es culturais selecionadas em seus editais certificadores. At\u00e9 o momento, j\u00e1 conclu\u00edram o envio das informa\u00e7\u00f5es 13 governos estaduais\/distritais: Bahia, Cear\u00e1, Distrito Federal, Esp\u00edrito Santo, Goi\u00e1s, Mato Grosso do Sul, Para\u00edba, Paran\u00e1, Rio de Janeiro, Rio Grande do Norte, Rio Grande do Sul, Santa Catarina e S\u00e3o Paulo. Os demais estados ainda devem inserir os dados das iniciativas reconhecidas localmente.<\/p>\n\n\n\n<p>Entre os munic\u00edpios, mais de 200 realizaram o processo, entre eles as capitais, Belo Horizonte, Curitiba, Florian\u00f3polis, S\u00e3o Paulo, Teresina, Rio de Janeiro e Rio Branco. A expectativa do MinC \u00e9 que mais de mil munic\u00edpios ainda realizem esse processo nos pr\u00f3ximos meses.<\/p>\n\n\n\n<p>A secret\u00e1ria de Cidadania e Diversidade Cultural, M\u00e1rcia Rollemberg, lembra que o compartilhamento dessas informa\u00e7\u00f5es faz parte da gest\u00e3o compartilhada da PNCV entre Uni\u00e3o, Estados, Distrito Federal e Munic\u00edpios. Destacou ainda que o crescimento da rede \u00e9 resultado direto da reativa\u00e7\u00e3o da Cultura Viva e do maior investimento j\u00e1 feito na Cultura Viva em mais de duas d\u00e9cadas de exist\u00eancia.<\/p>\n\n\n\n<p>\u201cEssa marca de 10 mil Pontos de Cultura certificados \u00e9 motivo de celebra\u00e7\u00e3o e resultado da retomada da cultura no Brasil, compromisso assumido pelo presidente Lula e a ministra da Cultura, Margareth Menezes. Quando o MinC foi recriado em 2023, havia pouco mais de 4 mil certifica\u00e7\u00f5es. Em apenas tr\u00eas anos, esse n\u00famero mais do que dobrou. A nossa meta \u00e9 ter a Cultura Viva do tamanho do Brasil, fortalecendo essa pol\u00edtica como uma das portas mais democr\u00e1ticas de acesso aos bens e servi\u00e7os culturais do pa\u00eds e chegando a nossas mestras e mestres das culturas tradicionais e populares, a todo o campo da diversidade e abrangendo as diversas linguagens e express\u00f5es art\u00edsticas\u201d, avaliou a secret\u00e1ria.<\/p>\n\n\n\n<p>No primeiro ciclo da Aldir Blanc, a Cultura Viva recebeu o investimento de aproximadamente R$ 450 milh\u00f5es. O valor se deve a obrigatoriedade dos estados e do DF investirem no PNCV, pelo menos, 10% dos recursos recebidos pelo Governo Federal, e dos munic\u00edpios contemplados com mais de R$ 360 mil destinarem o m\u00ednimo de 20% para fortalecer a rede de Pontos de Cultura de seus territ\u00f3rios. Por meio dos recursos vinculados \u00e0 Pol\u00edtica Aldir Blanc de Fomento \u00e0 Cultura, fomentamos cerca de 15 mil Pontos e Pont\u00f5es de Cultura no primeiro ciclo, em editais executados por todos os 27 estados\/DF e mais de 1.200 munic\u00edpios.<\/p>\n\n\n\n<p>\u201cO investimento tem oportunizado as condi\u00e7\u00f5es para que a Pol\u00edtica Nacional de Cultura Viva conquiste uma capilaridade e escala nunca antes vistas em seus 21 anos de hist\u00f3ria. Muitas entidades e coletivos (como povos ind\u00edgenas, comunidades quilombolas, grupos de teatro comunit\u00e1rio, de dan\u00e7a, hip-hop) sequer sabiam da exist\u00eancia do Cadastro, que foi criado em 2016. Ou seja, o crescimento do Cadastro reflete n\u00e3o s\u00f3 a amplia\u00e7\u00e3o da pol\u00edtica p\u00fablica, mas todo um movimento popular de tomada de consci\u00eancia sobre os direitos culturais\u201d, afirmou o diretor da PNCV, Jo\u00e3o Pontes.<\/p>\n\n\n\n<p>No primeiro ano da Aldir Blanc, todos os editais lan\u00e7ados para a Cultura Viva foram certificadores, ou seja, possibilitaram que entidades culturais selecionadas - mesmo sem certifica\u00e7\u00e3o pr\u00e9via - fossem automaticamente inclu\u00eddas no Cadastro Nacional no processo de importa\u00e7\u00e3o de dados. Nesta segunda etapa, 50% dos recursos dever\u00e3o ser destinados \u00e0queles que j\u00e1 s\u00e3o reconhecidos. Apenas os editais de pr\u00eamios ser\u00e3o certificadores.<\/p>\n\n\n\n<p>Ao mesmo tempo, a Comiss\u00e3o Nacional de Certifica\u00e7\u00e3o Simplificada, integrada pelo poder p\u00fablico e a sociedade civil, segue com a an\u00e1lise das inscri\u00e7\u00f5es feitas diretamente no Cadastro Nacional. As importa\u00e7\u00f5es realizadas por estados, DF e munic\u00edpios est\u00e3o reduzindo a demanda da Comiss\u00e3o e acelerando a certifica\u00e7\u00e3o das organiza\u00e7\u00f5es culturais.<\/p>\n\n\n\n<h4 class=\"wp-block-heading\" id=\"atualizacao-cadastral\"><strong>Atualiza\u00e7\u00e3o cadastral<\/strong><\/h4>\n\n\n\n<p>Ap\u00f3s serem inclu\u00eddas no Cadastro Nacional, as organiza\u00e7\u00f5es culturais - tanto as rec\u00e9m-certificadas quanto as j\u00e1 integrantes da base - devem realizar a atualiza\u00e7\u00e3o cadastral na plataforma.<\/p>\n\n\n\n<p>O procedimento exige o preenchimento de informa\u00e7\u00f5es como identidade institucional, \u00e1reas de atua\u00e7\u00e3o, hist\u00f3rico cultural, contatos e endere\u00e7o, permitindo a visualiza\u00e7\u00e3o no Mapa Cultura Viva. Esse \u00e9 o instrumento p\u00fablico que permite \u00e0 sociedade visualizar e conhecer a rede de iniciativas culturais espalhadas pelo pa\u00eds.<\/p>\n\n\n\n<p>A atualiza\u00e7\u00e3o possibilita a gera\u00e7\u00e3o de dados qualificados, que servem de base para o aprimoramento das pol\u00edticas p\u00fablicas, o fortalecimento da gest\u00e3o compartilhada e a amplia\u00e7\u00e3o da participa\u00e7\u00e3o social.<\/p>\n\n\n\n<p>Fonte: <a href=\"https:\/\/agenciagov.ebc.com.br\/noticias\/202510\/com-os-dados-entregues-por-estados-df-e-municipio-minc-atinge-10-mil-pontos-e-pontoes-de-cultura-certificados-em-todo-o-brasil\">https:\/\/agenciagov.ebc.com.br\/noticias\/202510\/com-os-dados-entregues-por-estados-df-e-municipio-minc-atinge-10-mil-pontos-e-pontoes-de-cultura-certificados-em-todo-o-brasil<\/a><\/p>\n\n\n\n<p><\/p>","protected":false},"excerpt":{"rendered":"<p>Desse total, 2.800 foram inclu\u00eddos somente entre 1\u00ba de agosto e 2 de outubro. Editais com recursos federais impulsiona o crescimento da rede Ag\u00eancia Gov | Via Minist\u00e9rio da Cultura Crescimento da rede \u00e9 resultado direto da reativa\u00e7\u00e3o da Cultura Viva e do maior investimento j\u00e1 feito em mais de duas d\u00e9cadas Coordenado pelo Minist\u00e9rio [&hellip;]<\/p>\n","protected":false},"author":4,"featured_media":1378,"comment_status":"open","ping_status":"open","sticky":false,"template":"","format":"standard","meta":{"_acf_changed":false,"_gspb_post_css":"","footnotes":""},"categories":[59,65,16,26],"tags":[72],"class_list":["post-1377","post","type-post","status-publish","format-standard","has-post-thumbnail","hentry","category-cultura","category-cultura-popular","category-pontaodecultura","category-ponto-de-cultura","tag-ministerio-da-cultura"],"blocksy_meta":[],"acf":[],"yoast_head":"<!-- This site is optimized with the Yoast SEO plugin v27.3 - https:\/\/yoast.com\/product\/yoast-seo-wordpress\/ -->\n<title>Brasil atinge 10 mil Pontos e Pont\u00f5es de Cultura certificados - Rede Cultura Viva da Bahia<\/title>\n<meta name=\"robots\" content=\"index, follow, max-snippet:-1, max-image-preview:large, max-video-preview:-1\" \/>\n<link rel=\"canonical\" href=\"https:\/\/bahia.culturaviva.net.br\/pt\/pontaodecultura\/brasil-atinge-10-mil-pontos-e-pontoes-de-cultura-certificados\/\" \/>\n<meta property=\"og:locale\" content=\"pt_BR\" \/>\n<meta property=\"og:type\" content=\"article\" \/>\n<meta property=\"og:title\" content=\"Brasil atinge 10 mil Pontos e Pont\u00f5es de Cultura certificados - Rede Cultura Viva da Bahia\" \/>\n<meta property=\"og:description\" content=\"Desse total, 2.800 foram inclu\u00eddos somente entre 1\u00ba de agosto e 2 de outubro. Editais com recursos federais impulsiona o crescimento da rede Ag\u00eancia Gov | Via Minist\u00e9rio da Cultura Crescimento da rede \u00e9 resultado direto da reativa\u00e7\u00e3o da Cultura Viva e do maior investimento j\u00e1 feito em mais de duas d\u00e9cadas Coordenado pelo Minist\u00e9rio [&hellip;]\" \/>\n<meta property=\"og:url\" content=\"https:\/\/bahia.culturaviva.net.br\/pt\/pontaodecultura\/brasil-atinge-10-mil-pontos-e-pontoes-de-cultura-certificados\/\" \/>\n<meta property=\"og:site_name\" content=\"Rede Cultura Viva da Bahia\" \/>\n<meta property=\"article:published_time\" content=\"2025-11-14T17:16:15+00:00\" \/>\n<meta property=\"article:modified_time\" content=\"2025-11-14T17:16:16+00:00\" \/>\n<meta property=\"og:image\" content=\"https:\/\/bahia.culturaviva.net.br\/wp-content\/uploads\/2025\/11\/pontos-e-pontoes-de-cultura.png\" \/>\n\t<meta property=\"og:image:width\" content=\"823\" \/>\n\t<meta property=\"og:image:height\" content=\"513\" \/>\n\t<meta property=\"og:image:type\" content=\"image\/png\" \/>\n<meta name=\"author\" content=\"Carla Uhlmann\" \/>\n<meta name=\"twitter:card\" content=\"summary_large_image\" \/>\n<meta name=\"twitter:label1\" content=\"Escrito por\" \/>\n\t<meta name=\"twitter:data1\" content=\"Carla Uhlmann\" \/>\n\t<meta name=\"twitter:label2\" content=\"Est. tempo de leitura\" \/>\n\t<meta name=\"twitter:data2\" content=\"5 minutos\" \/>\n<script type=\"application\/ld+json\" class=\"yoast-schema-graph\">{\"@context\":\"https:\\\/\\\/schema.org\",\"@graph\":[{\"@type\":\"Article\",\"@id\":\"https:\\\/\\\/bahia.culturaviva.net.br\\\/pontaodecultura\\\/brasil-atinge-10-mil-pontos-e-pontoes-de-cultura-certificados\\\/#article\",\"isPartOf\":{\"@id\":\"https:\\\/\\\/bahia.culturaviva.net.br\\\/pontaodecultura\\\/brasil-atinge-10-mil-pontos-e-pontoes-de-cultura-certificados\\\/\"},\"author\":{\"name\":\"Carla Uhlmann\",\"@id\":\"https:\\\/\\\/bahia.culturaviva.net.br\\\/#\\\/schema\\\/person\\\/6e78da73e0acb5b6b65735aa9584dba0\"},\"headline\":\"Brasil atinge 10 mil Pontos e Pont\u00f5es de Cultura certificados\",\"datePublished\":\"2025-11-14T17:16:15+00:00\",\"dateModified\":\"2025-11-14T17:16:16+00:00\",\"mainEntityOfPage\":{\"@id\":\"https:\\\/\\\/bahia.culturaviva.net.br\\\/pontaodecultura\\\/brasil-atinge-10-mil-pontos-e-pontoes-de-cultura-certificados\\\/\"},\"wordCount\":914,\"commentCount\":0,\"publisher\":{\"@id\":\"https:\\\/\\\/bahia.culturaviva.net.br\\\/#organization\"},\"image\":{\"@id\":\"https:\\\/\\\/bahia.culturaviva.net.br\\\/pontaodecultura\\\/brasil-atinge-10-mil-pontos-e-pontoes-de-cultura-certificados\\\/#primaryimage\"},\"thumbnailUrl\":\"https:\\\/\\\/bahia.culturaviva.net.br\\\/wp-content\\\/uploads\\\/2025\\\/11\\\/pontos-e-pontoes-de-cultura.png\",\"keywords\":[\"Minist\u00e9rio da Cultura\"],\"articleSection\":[\"Cultura\",\"Cultura Popular\",\"Pont\u00e3o de Cultura\",\"Ponto de Cultura\"],\"inLanguage\":\"pt-BR\",\"potentialAction\":[{\"@type\":\"CommentAction\",\"name\":\"Comment\",\"target\":[\"https:\\\/\\\/bahia.culturaviva.net.br\\\/pontaodecultura\\\/brasil-atinge-10-mil-pontos-e-pontoes-de-cultura-certificados\\\/#respond\"]}]},{\"@type\":\"WebPage\",\"@id\":\"https:\\\/\\\/bahia.culturaviva.net.br\\\/pontaodecultura\\\/brasil-atinge-10-mil-pontos-e-pontoes-de-cultura-certificados\\\/\",\"url\":\"https:\\\/\\\/bahia.culturaviva.net.br\\\/pontaodecultura\\\/brasil-atinge-10-mil-pontos-e-pontoes-de-cultura-certificados\\\/\",\"name\":\"Brasil atinge 10 mil Pontos e Pont\u00f5es de Cultura certificados - Rede Cultura Viva da Bahia\",\"isPartOf\":{\"@id\":\"https:\\\/\\\/bahia.culturaviva.net.br\\\/#website\"},\"primaryImageOfPage\":{\"@id\":\"https:\\\/\\\/bahia.culturaviva.net.br\\\/pontaodecultura\\\/brasil-atinge-10-mil-pontos-e-pontoes-de-cultura-certificados\\\/#primaryimage\"},\"image\":{\"@id\":\"https:\\\/\\\/bahia.culturaviva.net.br\\\/pontaodecultura\\\/brasil-atinge-10-mil-pontos-e-pontoes-de-cultura-certificados\\\/#primaryimage\"},\"thumbnailUrl\":\"https:\\\/\\\/bahia.culturaviva.net.br\\\/wp-content\\\/uploads\\\/2025\\\/11\\\/pontos-e-pontoes-de-cultura.png\",\"datePublished\":\"2025-11-14T17:16:15+00:00\",\"dateModified\":\"2025-11-14T17:16:16+00:00\",\"breadcrumb\":{\"@id\":\"https:\\\/\\\/bahia.culturaviva.net.br\\\/pontaodecultura\\\/brasil-atinge-10-mil-pontos-e-pontoes-de-cultura-certificados\\\/#breadcrumb\"},\"inLanguage\":\"pt-BR\",\"potentialAction\":[{\"@type\":\"ReadAction\",\"target\":[\"https:\\\/\\\/bahia.culturaviva.net.br\\\/pontaodecultura\\\/brasil-atinge-10-mil-pontos-e-pontoes-de-cultura-certificados\\\/\"]}]},{\"@type\":\"ImageObject\",\"inLanguage\":\"pt-BR\",\"@id\":\"https:\\\/\\\/bahia.culturaviva.net.br\\\/pontaodecultura\\\/brasil-atinge-10-mil-pontos-e-pontoes-de-cultura-certificados\\\/#primaryimage\",\"url\":\"https:\\\/\\\/bahia.culturaviva.net.br\\\/wp-content\\\/uploads\\\/2025\\\/11\\\/pontos-e-pontoes-de-cultura.png\",\"contentUrl\":\"https:\\\/\\\/bahia.culturaviva.net.br\\\/wp-content\\\/uploads\\\/2025\\\/11\\\/pontos-e-pontoes-de-cultura.png\",\"width\":823,\"height\":513},{\"@type\":\"BreadcrumbList\",\"@id\":\"https:\\\/\\\/bahia.culturaviva.net.br\\\/pontaodecultura\\\/brasil-atinge-10-mil-pontos-e-pontoes-de-cultura-certificados\\\/#breadcrumb\",\"itemListElement\":[{\"@type\":\"ListItem\",\"position\":1,\"name\":\"In\u00edcio\",\"item\":\"https:\\\/\\\/bahia.culturaviva.net.br\\\/\"},{\"@type\":\"ListItem\",\"position\":2,\"name\":\"Brasil atinge 10 mil Pontos e Pont\u00f5es de Cultura certificados\"}]},{\"@type\":\"WebSite\",\"@id\":\"https:\\\/\\\/bahia.culturaviva.net.br\\\/#website\",\"url\":\"https:\\\/\\\/bahia.culturaviva.net.br\\\/\",\"name\":\"Rede Cultura Viva da Bahia\",\"description\":\"Espa\u00e7o para Acervo, Informa\u00e7\u00e3o e Participa\u00e7\u00e3o Social da Rede de Pontos de Cultura da Bahia\",\"publisher\":{\"@id\":\"https:\\\/\\\/bahia.culturaviva.net.br\\\/#organization\"},\"potentialAction\":[{\"@type\":\"SearchAction\",\"target\":{\"@type\":\"EntryPoint\",\"urlTemplate\":\"https:\\\/\\\/bahia.culturaviva.net.br\\\/?s={search_term_string}\"},\"query-input\":{\"@type\":\"PropertyValueSpecification\",\"valueRequired\":true,\"valueName\":\"search_term_string\"}}],\"inLanguage\":\"pt-BR\"},{\"@type\":\"Organization\",\"@id\":\"https:\\\/\\\/bahia.culturaviva.net.br\\\/#organization\",\"name\":\"Rede Cultura Viva da Bahia\",\"url\":\"https:\\\/\\\/bahia.culturaviva.net.br\\\/\",\"logo\":{\"@type\":\"ImageObject\",\"inLanguage\":\"pt-BR\",\"@id\":\"https:\\\/\\\/bahia.culturaviva.net.br\\\/#\\\/schema\\\/logo\\\/image\\\/\",\"url\":\"https:\\\/\\\/bahia.culturaviva.net.br\\\/wp-content\\\/uploads\\\/2025\\\/11\\\/logo-plataforma-culturaviva-bahia-branco.png\",\"contentUrl\":\"https:\\\/\\\/bahia.culturaviva.net.br\\\/wp-content\\\/uploads\\\/2025\\\/11\\\/logo-plataforma-culturaviva-bahia-branco.png\",\"width\":628,\"height\":652,\"caption\":\"Rede Cultura Viva da Bahia\"},\"image\":{\"@id\":\"https:\\\/\\\/bahia.culturaviva.net.br\\\/#\\\/schema\\\/logo\\\/image\\\/\"}},{\"@type\":\"Person\",\"@id\":\"https:\\\/\\\/bahia.culturaviva.net.br\\\/#\\\/schema\\\/person\\\/6e78da73e0acb5b6b65735aa9584dba0\",\"name\":\"Carla Uhlmann\",\"image\":{\"@type\":\"ImageObject\",\"inLanguage\":\"pt-BR\",\"@id\":\"https:\\\/\\\/secure.gravatar.com\\\/avatar\\\/174652d1afb5fe35d03517b4ac78b9aae436c9a12e364319b1fc0cf646d4a933?s=96&d=mm&r=g\",\"url\":\"https:\\\/\\\/secure.gravatar.com\\\/avatar\\\/174652d1afb5fe35d03517b4ac78b9aae436c9a12e364319b1fc0cf646d4a933?s=96&d=mm&r=g\",\"contentUrl\":\"https:\\\/\\\/secure.gravatar.com\\\/avatar\\\/174652d1afb5fe35d03517b4ac78b9aae436c9a12e364319b1fc0cf646d4a933?s=96&d=mm&r=g\",\"caption\":\"Carla Uhlmann\"},\"url\":\"https:\\\/\\\/bahia.culturaviva.net.br\\\/pt\\\/author\\\/carlauhlmann\\\/\"}]}<\/script>\n<!-- \/ Yoast SEO plugin. -->","yoast_head_json":{"title":"Brasil atinge 10 mil Pontos e Pont\u00f5es de Cultura certificados - Rede Cultura Viva da Bahia","robots":{"index":"index","follow":"follow","max-snippet":"max-snippet:-1","max-image-preview":"max-image-preview:large","max-video-preview":"max-video-preview:-1"},"canonical":"https:\/\/bahia.culturaviva.net.br\/pt\/pontaodecultura\/brasil-atinge-10-mil-pontos-e-pontoes-de-cultura-certificados\/","og_locale":"pt_BR","og_type":"article","og_title":"Brasil atinge 10 mil Pontos e Pont\u00f5es de Cultura certificados - Rede Cultura Viva da Bahia","og_description":"Desse total, 2.800 foram inclu\u00eddos somente entre 1\u00ba de agosto e 2 de outubro. Editais com recursos federais impulsiona o crescimento da rede Ag\u00eancia Gov | Via Minist\u00e9rio da Cultura Crescimento da rede \u00e9 resultado direto da reativa\u00e7\u00e3o da Cultura Viva e do maior investimento j\u00e1 feito em mais de duas d\u00e9cadas Coordenado pelo Minist\u00e9rio [&hellip;]","og_url":"https:\/\/bahia.culturaviva.net.br\/pt\/pontaodecultura\/brasil-atinge-10-mil-pontos-e-pontoes-de-cultura-certificados\/","og_site_name":"Rede Cultura Viva da Bahia","article_published_time":"2025-11-14T17:16:15+00:00","article_modified_time":"2025-11-14T17:16:16+00:00","og_image":[{"width":823,"height":513,"url":"https:\/\/bahia.culturaviva.net.br\/wp-content\/uploads\/2025\/11\/pontos-e-pontoes-de-cultura.png","type":"image\/png"}],"author":"Carla Uhlmann","twitter_card":"summary_large_image","twitter_misc":{"Escrito por":"Carla Uhlmann","Est. tempo de leitura":"5 minutos"},"schema":{"@context":"https:\/\/schema.org","@graph":[{"@type":"Article","@id":"https:\/\/bahia.culturaviva.net.br\/pontaodecultura\/brasil-atinge-10-mil-pontos-e-pontoes-de-cultura-certificados\/#article","isPartOf":{"@id":"https:\/\/bahia.culturaviva.net.br\/pontaodecultura\/brasil-atinge-10-mil-pontos-e-pontoes-de-cultura-certificados\/"},"author":{"name":"Carla Uhlmann","@id":"https:\/\/bahia.culturaviva.net.br\/#\/schema\/person\/6e78da73e0acb5b6b65735aa9584dba0"},"headline":"Brasil atinge 10 mil Pontos e Pont\u00f5es de Cultura certificados","datePublished":"2025-11-14T17:16:15+00:00","dateModified":"2025-11-14T17:16:16+00:00","mainEntityOfPage":{"@id":"https:\/\/bahia.culturaviva.net.br\/pontaodecultura\/brasil-atinge-10-mil-pontos-e-pontoes-de-cultura-certificados\/"},"wordCount":914,"commentCount":0,"publisher":{"@id":"https:\/\/bahia.culturaviva.net.br\/#organization"},"image":{"@id":"https:\/\/bahia.culturaviva.net.br\/pontaodecultura\/brasil-atinge-10-mil-pontos-e-pontoes-de-cultura-certificados\/#primaryimage"},"thumbnailUrl":"https:\/\/bahia.culturaviva.net.br\/wp-content\/uploads\/2025\/11\/pontos-e-pontoes-de-cultura.png","keywords":["Minist\u00e9rio da Cultura"],"articleSection":["Cultura","Cultura Popular","Pont\u00e3o de Cultura","Ponto de Cultura"],"inLanguage":"pt-BR","potentialAction":[{"@type":"CommentAction","name":"Comment","target":["https:\/\/bahia.culturaviva.net.br\/pontaodecultura\/brasil-atinge-10-mil-pontos-e-pontoes-de-cultura-certificados\/#respond"]}]},{"@type":"WebPage","@id":"https:\/\/bahia.culturaviva.net.br\/pontaodecultura\/brasil-atinge-10-mil-pontos-e-pontoes-de-cultura-certificados\/","url":"https:\/\/bahia.culturaviva.net.br\/pontaodecultura\/brasil-atinge-10-mil-pontos-e-pontoes-de-cultura-certificados\/","name":"Brasil atinge 10 mil Pontos e Pont\u00f5es de Cultura certificados - Rede Cultura Viva da Bahia","isPartOf":{"@id":"https:\/\/bahia.culturaviva.net.br\/#website"},"primaryImageOfPage":{"@id":"https:\/\/bahia.culturaviva.net.br\/pontaodecultura\/brasil-atinge-10-mil-pontos-e-pontoes-de-cultura-certificados\/#primaryimage"},"image":{"@id":"https:\/\/bahia.culturaviva.net.br\/pontaodecultura\/brasil-atinge-10-mil-pontos-e-pontoes-de-cultura-certificados\/#primaryimage"},"thumbnailUrl":"https:\/\/bahia.culturaviva.net.br\/wp-content\/uploads\/2025\/11\/pontos-e-pontoes-de-cultura.png","datePublished":"2025-11-14T17:16:15+00:00","dateModified":"2025-11-14T17:16:16+00:00","breadcrumb":{"@id":"https:\/\/bahia.culturaviva.net.br\/pontaodecultura\/brasil-atinge-10-mil-pontos-e-pontoes-de-cultura-certificados\/#breadcrumb"},"inLanguage":"pt-BR","potentialAction":[{"@type":"ReadAction","target":["https:\/\/bahia.culturaviva.net.br\/pontaodecultura\/brasil-atinge-10-mil-pontos-e-pontoes-de-cultura-certificados\/"]}]},{"@type":"ImageObject","inLanguage":"pt-BR","@id":"https:\/\/bahia.culturaviva.net.br\/pontaodecultura\/brasil-atinge-10-mil-pontos-e-pontoes-de-cultura-certificados\/#primaryimage","url":"https:\/\/bahia.culturaviva.net.br\/wp-content\/uploads\/2025\/11\/pontos-e-pontoes-de-cultura.png","contentUrl":"https:\/\/bahia.culturaviva.net.br\/wp-content\/uploads\/2025\/11\/pontos-e-pontoes-de-cultura.png","width":823,"height":513},{"@type":"BreadcrumbList","@id":"https:\/\/bahia.culturaviva.net.br\/pontaodecultura\/brasil-atinge-10-mil-pontos-e-pontoes-de-cultura-certificados\/#breadcrumb","itemListElement":[{"@type":"ListItem","position":1,"name":"In\u00edcio","item":"https:\/\/bahia.culturaviva.net.br\/"},{"@type":"ListItem","position":2,"name":"Brasil atinge 10 mil Pontos e Pont\u00f5es de Cultura certificados"}]},{"@type":"WebSite","@id":"https:\/\/bahia.culturaviva.net.br\/#website","url":"https:\/\/bahia.culturaviva.net.br\/","name":"Rede Cultura Viva da Bahia","description":"Espa\u00e7o para Acervo, Informa\u00e7\u00e3o e Participa\u00e7\u00e3o Social da Rede de Pontos de Cultura da Bahia","publisher":{"@id":"https:\/\/bahia.culturaviva.net.br\/#organization"},"potentialAction":[{"@type":"SearchAction","target":{"@type":"EntryPoint","urlTemplate":"https:\/\/bahia.culturaviva.net.br\/?s={search_term_string}"},"query-input":{"@type":"PropertyValueSpecification","valueRequired":true,"valueName":"search_term_string"}}],"inLanguage":"pt-BR"},{"@type":"Organization","@id":"https:\/\/bahia.culturaviva.net.br\/#organization","name":"Rede Cultura Viva da Bahia","url":"https:\/\/bahia.culturaviva.net.br\/","logo":{"@type":"ImageObject","inLanguage":"pt-BR","@id":"https:\/\/bahia.culturaviva.net.br\/#\/schema\/logo\/image\/","url":"https:\/\/bahia.culturaviva.net.br\/wp-content\/uploads\/2025\/11\/logo-plataforma-culturaviva-bahia-branco.png","contentUrl":"https:\/\/bahia.culturaviva.net.br\/wp-content\/uploads\/2025\/11\/logo-plataforma-culturaviva-bahia-branco.png","width":628,"height":652,"caption":"Rede Cultura Viva da Bahia"},"image":{"@id":"https:\/\/bahia.culturaviva.net.br\/#\/schema\/logo\/image\/"}},{"@type":"Person","@id":"https:\/\/bahia.culturaviva.net.br\/#\/schema\/person\/6e78da73e0acb5b6b65735aa9584dba0","name":"Carla Uhlmann","image":{"@type":"ImageObject","inLanguage":"pt-BR","@id":"https:\/\/secure.gravatar.com\/avatar\/174652d1afb5fe35d03517b4ac78b9aae436c9a12e364319b1fc0cf646d4a933?s=96&d=mm&r=g","url":"https:\/\/secure.gravatar.com\/avatar\/174652d1afb5fe35d03517b4ac78b9aae436c9a12e364319b1fc0cf646d4a933?s=96&d=mm&r=g","contentUrl":"https:\/\/secure.gravatar.com\/avatar\/174652d1afb5fe35d03517b4ac78b9aae436c9a12e364319b1fc0cf646d4a933?s=96&d=mm&r=g","caption":"Carla Uhlmann"},"url":"https:\/\/bahia.culturaviva.net.br\/pt\/author\/carlauhlmann\/"}]}},"_links":{"self":[{"href":"https:\/\/bahia.culturaviva.net.br\/pt\/wp-json\/wp\/v2\/posts\/1377","targetHints":{"allow":["GET"]}}],"collection":[{"href":"https:\/\/bahia.culturaviva.net.br\/pt\/wp-json\/wp\/v2\/posts"}],"about":[{"href":"https:\/\/bahia.culturaviva.net.br\/pt\/wp-json\/wp\/v2\/types\/post"}],"author":[{"embeddable":true,"href":"https:\/\/bahia.culturaviva.net.br\/pt\/wp-json\/wp\/v2\/users\/4"}],"replies":[{"embeddable":true,"href":"https:\/\/bahia.culturaviva.net.br\/pt\/wp-json\/wp\/v2\/comments?post=1377"}],"version-history":[{"count":1,"href":"https:\/\/bahia.culturaviva.net.br\/pt\/wp-json\/wp\/v2\/posts\/1377\/revisions"}],"predecessor-version":[{"id":1379,"href":"https:\/\/bahia.culturaviva.net.br\/pt\/wp-json\/wp\/v2\/posts\/1377\/revisions\/1379"}],"wp:featuredmedia":[{"embeddable":true,"href":"https:\/\/bahia.culturaviva.net.br\/pt\/wp-json\/wp\/v2\/media\/1378"}],"wp:attachment":[{"href":"https:\/\/bahia.culturaviva.net.br\/pt\/wp-json\/wp\/v2\/media?parent=1377"}],"wp:term":[{"taxonomy":"category","embeddable":true,"href":"https:\/\/bahia.culturaviva.net.br\/pt\/wp-json\/wp\/v2\/categories?post=1377"},{"taxonomy":"post_tag","embeddable":true,"href":"https:\/\/bahia.culturaviva.net.br\/pt\/wp-json\/wp\/v2\/tags?post=1377"}],"curies":[{"name":"wp","href":"https:\/\/api.w.org\/{rel}","templated":true}]}}