{"id":1395,"date":"2025-11-17T11:20:02","date_gmt":"2025-11-17T14:20:02","guid":{"rendered":"https:\/\/bahia.culturaviva.net.br\/?p=1395"},"modified":"2025-11-17T12:07:42","modified_gmt":"2025-11-17T15:07:42","slug":"proposta-pelo-ministerio-da-cultura-criacao-do-dia-nacional-do-hip-hop-e-aprovada-na-camara","status":"publish","type":"post","link":"https:\/\/bahia.culturaviva.net.br\/pt\/cultura\/proposta-pelo-ministerio-da-cultura-criacao-do-dia-nacional-do-hip-hop-e-aprovada-na-camara\/","title":{"rendered":"Proposta pelo Minist\u00e9rio da Cultura, cria\u00e7\u00e3o do Dia Nacional do Hip-Hop \u00e9 aprovada na C\u00e2mara"},"content":{"rendered":"\n<p>Texto segue para o Senado e tamb\u00e9m cria a semana de valoriza\u00e7\u00e3o da cultura Hip-Hop<\/p>\n\n\n\n<figure class=\"wp-block-image size-full\"><img loading=\"lazy\" decoding=\"async\" width=\"768\" height=\"510\" src=\"https:\/\/bahia.culturaviva.net.br\/wp-content\/uploads\/2025\/11\/hip-hop.png\" alt=\"\" class=\"wp-image-1396\" srcset=\"https:\/\/bahia.culturaviva.net.br\/wp-content\/uploads\/2025\/11\/hip-hop.png 768w, https:\/\/bahia.culturaviva.net.br\/wp-content\/uploads\/2025\/11\/hip-hop-300x199.png 300w, https:\/\/bahia.culturaviva.net.br\/wp-content\/uploads\/2025\/11\/hip-hop-18x12.png 18w, https:\/\/bahia.culturaviva.net.br\/wp-content\/uploads\/2025\/11\/hip-hop-205x136.png 205w, https:\/\/bahia.culturaviva.net.br\/wp-content\/uploads\/2025\/11\/hip-hop-480x319.png 480w\" sizes=\"auto, (max-width: 768px) 100vw, 768px\" \/><\/figure>\n\n\n\n<p class=\"has-text-align-center\">Foto: Victor Vec \/ MinC<\/p>\n\n\n\n<p>De autoria do Poder Executivo com o apoio do Minist\u00e9rio da Cultura (MinC), o Projeto de Lei 5660\/23 &#8211; que institui o Dia Nacional do Hip-Hop, em 11 de agosto, e a Semana de Valoriza\u00e7\u00e3o da Cultura Hip-Hop \u2013 avan\u00e7ou no Congresso Nacional. O texto foi aprovado nesta ter\u00e7a-feira (11) na C\u00e2mara dos Deputados e segue agora para tramita\u00e7\u00e3o no Senado. A aprova\u00e7\u00e3o ocorre em um momento simb\u00f3lico, na v\u00e9spera do Dia Mundial do Hip-Hop, comemorado hoje (12), e no m\u00eas da consci\u00eancia negra, refor\u00e7ando a import\u00e2ncia dessa manifesta\u00e7\u00e3o cultual urbana e perif\u00e9rica.<\/p>\n\n\n\n<p>&#8220;Celebramos esse importante passo no reconhecimento dessa manifesta\u00e7\u00e3o t\u00e3o pulsante e cada vez mais expressiva em nosso pa\u00eds. Aqui [no BRASIL], O Hip-Hop agredou nossa cultura \u00e0s suas origens, marcada por esse 12 de novembro. O MinC parabeniza a organiza\u00e7\u00e3o desse movimento que \u00e9 simbolo de resit\u00eancia e de combate ao racismo\u201d, destacou a ministra da Cultura, Margareth Menezes.<\/p>\n\n\n\n<p>Segundo a secret\u00e1ria de Cidadania e Diversidade Cultural, M\u00e1rcia Rollemberg, a proposta de institui\u00e7\u00e3o dessa data no calend\u00e1rio nacional nasceu da escuta ativa e do di\u00e1logo com os fazedores de cultura. Tamb\u00e9m se soma a um conjunto de pol\u00edticas p\u00fablicas que vem sendo implementadas pelo MinC desde 2023 para atender ao movimento.<\/p>\n\n\n\n<p>\u201cFoi uma proposta e conquista dos fazedores da cultura Hip-Hop em articula\u00e7\u00e3o com o governo e a frente parlamentar. Nesse di\u00e1logo, o Minist\u00e9rio agregou a semana de valoriza\u00e7\u00e3o por compreender ser fundamental envolver a sociedade e tamb\u00e9m os governos do DF, estaduais e municipais para fortalecer um conjunto de pol\u00edticas p\u00fablicas, implementadas pelo MinC desde 2023, ampliando os direitos culturais em todo o pa\u00eds.&nbsp;O compromisso com a valoriza\u00e7\u00e3o da cultura Hip-Hop \u00e9 reconhecer sua pot\u00eancia como express\u00e3o art\u00edstica, mas tamb\u00e9m como movimento que inova, produz conhecimentos e foi constru\u00eddo na resist\u00eancia e na luta contra o racismo, na defesa da democracia, pela transforma\u00e7\u00e3o social nos territ\u00f3rios. Sempre pautando a cidadania, a inclus\u00e3o e a democracia cultural\u201d, defendeu M\u00e1rcia.<\/p>\n\n\n\n<p>Para a Constru\u00e7\u00e3o Nacional do Hip-Hop, a maior coaliz\u00e3o de hip-hop da Am\u00e9rica Latina, a aprova\u00e7\u00e3o desse projeto de lei na C\u00e2mara \u00e9 uma forma de reconhecer a contribui\u00e7\u00e3o hist\u00f3rica dessa cultura para o desenvolvimento do pa\u00eds. \u201c\u00c9 uma medida que contribui com o combate \u00e0s desigualdades e valoriza a identidade do povo preto e perif\u00e9rico. Aponta que n\u00e3o d\u00e1 mais para termos um pa\u00eds extremamente racista, garante \u00e0s futuras gera\u00e7\u00f5es o direito de exercer a cultura, ou seja, essa aprova\u00e7\u00e3o \u00e9 uma promo\u00e7\u00e3o do direito do hip-hopper. A partir dessa Lei, poderemos celebrar nossa mem\u00f3ria, resist\u00eancia e lutas\u201d, avaliou Cl\u00e1udia Maciel, da Constru\u00e7\u00e3o Nacional.<\/p>\n\n\n\n<p>Hist\u00f3rico<\/p>\n\n\n\n<p>O envio do Projeto de Lei foi anunciado pela ministra Margareth em outubro de 2023, durante o lan\u00e7amento do Edital Pr\u00eamio Cultura Viva Constru\u00e7\u00e3o Nacional do Hip-Hop, que somou o investimento \u00e9 de R$ 6 milh\u00f5es para contemplar 325 a\u00e7\u00f5es culturais.<\/p>\n\n\n\n<p>Em novembro do mesmo ano, o presidente Lula assinou o PL, encaminhando-o ao Congresso Nacional, e o Decreto N\u00ba 11.784\/2023, que apresenta as diretrizes nacionais para as a\u00e7\u00f5es de valoriza\u00e7\u00e3o e fomento do Hip-Hop. Foi um marco hist\u00f3rico que valorizou os cinco elementos estruturantes dessa cultura: DJ, MC, Breaking, Graffiti e Conhecimento.<\/p>\n\n\n\n<p>\u201cA parceria com o Governo Federal, em especial com o Minist\u00e9rio da Cultura, revolucionou a hist\u00f3ria do hip-hop para os pr\u00f3ximos 10 anos. Hoje, quando se fala em desenvolvimento das cidades e Estados, o Hip-Hop \u00e9 citado como exemplo. Quando se fala em justi\u00e7a social, meio ambiente, educa\u00e7\u00e3o, toda e qualquer \u00e1rea de desenvolvimento humano, \u00e9 reconhecido que o Hip-Hop sempre ser\u00e1 pilar fundamental para a efic\u00e1cia dessas pol\u00edticas nos territ\u00f3rios. O Minist\u00e9rio da Cultura ampliou para o mundo, e n\u00e3o s\u00f3 para o Brasil, que existe aqui um Hip-Hop genu\u00edno. N\u00e3o somos c\u00f3pias americanas, mesmo sendo l\u00e1 o local considerado ber\u00e7o do Hip-Hop\u201d, completou Cl\u00e1udia.<\/p>\n\n\n\n<p>Pont\u00e3o<\/p>\n\n\n\n<p>No conjunto de iniciativas realizadas pelo MinC, destaca-se ainda a parceria com o Pont\u00e3o de Cultura Viva Hip-Hop, que \u00e9 coordenado pelo Instituto Trocando Ideia, para desenvolver a\u00e7\u00f5es de forma\u00e7\u00e3o, mobiliza\u00e7\u00e3o e articula\u00e7\u00e3o da Pol\u00edtica Nacional de Cultura Viva (PNCV).<\/p>\n\n\n\n<p>\u201cO Hip-Hop \u00e9 uma cultura de base comunit\u00e1ria, que est\u00e1 presente em todas as periferias do mundo. O que nos move \u00e9 a justi\u00e7a social, o bem viver, a arte que engaja e salva. \u00c9 neste lugar que a Cultura Viva e o Hip-Hop se encontram\u201d, explicou Fabiana Menini, representante do Pont\u00e3o.<\/p>\n\n\n\n<p>O Pont\u00e3o est\u00e1 presente em tr\u00eas regi\u00f5es do Brasil. Na primeira etapa do projeto, j\u00e1 realizou atividades com Agentes Cultura Viva, 25 forma\u00e7\u00f5es em 8 cidades, lan\u00e7ou uma m\u00fasica cypher com tema democracia, promoveu a campanha Amplifique Democracia, e atendeu a 120 grupos organizados sobre temas como acesso \u00e0s pol\u00edticas de cultura, elabora\u00e7\u00e3o de projetos culturais, inclus\u00e3o no Mapa da Cultura, combate a Fake New e como estruturar campanhas no meio digital.<\/p>\n\n\n\n<p>Fonte: <a href=\"https:\/\/www.gov.br\/culturaviva\/pt-br\/acesso-a-informacao\/noticias\/proposta-pelo-ministerio-da-cultura-criacao-do-dia-nacional-do-hip-hop-e-aprovada-na-camara\">https:\/\/www.gov.br\/culturaviva\/pt-br\/acesso-a-informacao\/noticias\/proposta-pelo-ministerio-da-cultura-criacao-do-dia-nacional-do-hip-hop-e-aprovada-na-camara<\/a><\/p>\n\n\n\n<p><\/p>\n","protected":false},"excerpt":{"rendered":"<p>Texto segue para o Senado e tamb\u00e9m cria a semana de valoriza\u00e7\u00e3o da cultura Hip-Hop Foto: Victor Vec \/ MinC De autoria do Poder Executivo com o apoio do Minist\u00e9rio da Cultura (MinC), o Projeto de Lei 5660\/23 &#8211; que institui o Dia Nacional do Hip-Hop, em 11 de agosto, e a Semana de Valoriza\u00e7\u00e3o [&hellip;]<\/p>\n","protected":false},"author":4,"featured_media":1396,"comment_status":"open","ping_status":"open","sticky":false,"template":"","format":"standard","meta":{"_acf_changed":false,"_gspb_post_css":"","footnotes":""},"categories":[59],"tags":[73],"class_list":["post-1395","post","type-post","status-publish","format-standard","has-post-thumbnail","hentry","category-cultura","tag-hip-hop"],"blocksy_meta":[],"acf":[],"yoast_head":"<!-- This site is optimized with the Yoast SEO plugin v27.3 - https:\/\/yoast.com\/product\/yoast-seo-wordpress\/ -->\n<title>Proposta pelo Minist\u00e9rio da Cultura, cria\u00e7\u00e3o do Dia Nacional do Hip-Hop \u00e9 aprovada na C\u00e2mara - Rede Cultura Viva da Bahia<\/title>\n<meta name=\"robots\" content=\"index, follow, max-snippet:-1, max-image-preview:large, max-video-preview:-1\" \/>\n<link rel=\"canonical\" href=\"https:\/\/bahia.culturaviva.net.br\/pt\/cultura\/proposta-pelo-ministerio-da-cultura-criacao-do-dia-nacional-do-hip-hop-e-aprovada-na-camara\/\" \/>\n<meta property=\"og:locale\" content=\"pt_BR\" \/>\n<meta property=\"og:type\" content=\"article\" \/>\n<meta property=\"og:title\" content=\"Proposta pelo Minist\u00e9rio da Cultura, cria\u00e7\u00e3o do Dia Nacional do Hip-Hop \u00e9 aprovada na C\u00e2mara - Rede Cultura Viva da Bahia\" \/>\n<meta property=\"og:description\" content=\"Texto segue para o Senado e tamb\u00e9m cria a semana de valoriza\u00e7\u00e3o da cultura Hip-Hop Foto: Victor Vec \/ MinC De autoria do Poder Executivo com o apoio do Minist\u00e9rio da Cultura (MinC), o Projeto de Lei 5660\/23 &#8211; que institui o Dia Nacional do Hip-Hop, em 11 de agosto, e a Semana de Valoriza\u00e7\u00e3o [&hellip;]\" \/>\n<meta property=\"og:url\" content=\"https:\/\/bahia.culturaviva.net.br\/pt\/cultura\/proposta-pelo-ministerio-da-cultura-criacao-do-dia-nacional-do-hip-hop-e-aprovada-na-camara\/\" \/>\n<meta property=\"og:site_name\" content=\"Rede Cultura Viva da Bahia\" \/>\n<meta property=\"article:published_time\" content=\"2025-11-17T14:20:02+00:00\" \/>\n<meta property=\"article:modified_time\" content=\"2025-11-17T15:07:42+00:00\" \/>\n<meta property=\"og:image\" content=\"https:\/\/bahia.culturaviva.net.br\/wp-content\/uploads\/2025\/11\/hip-hop.png\" \/>\n\t<meta property=\"og:image:width\" content=\"768\" \/>\n\t<meta property=\"og:image:height\" content=\"510\" \/>\n\t<meta property=\"og:image:type\" content=\"image\/png\" \/>\n<meta name=\"author\" content=\"Carla Uhlmann\" \/>\n<meta name=\"twitter:card\" content=\"summary_large_image\" \/>\n<meta name=\"twitter:label1\" content=\"Escrito por\" \/>\n\t<meta name=\"twitter:data1\" content=\"Carla Uhlmann\" \/>\n\t<meta name=\"twitter:label2\" content=\"Est. tempo de leitura\" \/>\n\t<meta name=\"twitter:data2\" content=\"5 minutos\" \/>\n<script type=\"application\/ld+json\" class=\"yoast-schema-graph\">{\"@context\":\"https:\\\/\\\/schema.org\",\"@graph\":[{\"@type\":\"Article\",\"@id\":\"https:\\\/\\\/bahia.culturaviva.net.br\\\/cultura\\\/proposta-pelo-ministerio-da-cultura-criacao-do-dia-nacional-do-hip-hop-e-aprovada-na-camara\\\/#article\",\"isPartOf\":{\"@id\":\"https:\\\/\\\/bahia.culturaviva.net.br\\\/cultura\\\/proposta-pelo-ministerio-da-cultura-criacao-do-dia-nacional-do-hip-hop-e-aprovada-na-camara\\\/\"},\"author\":{\"name\":\"Carla Uhlmann\",\"@id\":\"https:\\\/\\\/bahia.culturaviva.net.br\\\/#\\\/schema\\\/person\\\/6e78da73e0acb5b6b65735aa9584dba0\"},\"headline\":\"Proposta pelo Minist\u00e9rio da Cultura, cria\u00e7\u00e3o do Dia Nacional do Hip-Hop \u00e9 aprovada na C\u00e2mara\",\"datePublished\":\"2025-11-17T14:20:02+00:00\",\"dateModified\":\"2025-11-17T15:07:42+00:00\",\"mainEntityOfPage\":{\"@id\":\"https:\\\/\\\/bahia.culturaviva.net.br\\\/cultura\\\/proposta-pelo-ministerio-da-cultura-criacao-do-dia-nacional-do-hip-hop-e-aprovada-na-camara\\\/\"},\"wordCount\":922,\"commentCount\":0,\"publisher\":{\"@id\":\"https:\\\/\\\/bahia.culturaviva.net.br\\\/#organization\"},\"image\":{\"@id\":\"https:\\\/\\\/bahia.culturaviva.net.br\\\/cultura\\\/proposta-pelo-ministerio-da-cultura-criacao-do-dia-nacional-do-hip-hop-e-aprovada-na-camara\\\/#primaryimage\"},\"thumbnailUrl\":\"https:\\\/\\\/bahia.culturaviva.net.br\\\/wp-content\\\/uploads\\\/2025\\\/11\\\/hip-hop.png\",\"keywords\":[\"Hip-hop\"],\"articleSection\":[\"Cultura\"],\"inLanguage\":\"pt-BR\",\"potentialAction\":[{\"@type\":\"CommentAction\",\"name\":\"Comment\",\"target\":[\"https:\\\/\\\/bahia.culturaviva.net.br\\\/cultura\\\/proposta-pelo-ministerio-da-cultura-criacao-do-dia-nacional-do-hip-hop-e-aprovada-na-camara\\\/#respond\"]}]},{\"@type\":\"WebPage\",\"@id\":\"https:\\\/\\\/bahia.culturaviva.net.br\\\/cultura\\\/proposta-pelo-ministerio-da-cultura-criacao-do-dia-nacional-do-hip-hop-e-aprovada-na-camara\\\/\",\"url\":\"https:\\\/\\\/bahia.culturaviva.net.br\\\/cultura\\\/proposta-pelo-ministerio-da-cultura-criacao-do-dia-nacional-do-hip-hop-e-aprovada-na-camara\\\/\",\"name\":\"Proposta pelo Minist\u00e9rio da Cultura, cria\u00e7\u00e3o do Dia Nacional do Hip-Hop \u00e9 aprovada na C\u00e2mara - Rede Cultura Viva da Bahia\",\"isPartOf\":{\"@id\":\"https:\\\/\\\/bahia.culturaviva.net.br\\\/#website\"},\"primaryImageOfPage\":{\"@id\":\"https:\\\/\\\/bahia.culturaviva.net.br\\\/cultura\\\/proposta-pelo-ministerio-da-cultura-criacao-do-dia-nacional-do-hip-hop-e-aprovada-na-camara\\\/#primaryimage\"},\"image\":{\"@id\":\"https:\\\/\\\/bahia.culturaviva.net.br\\\/cultura\\\/proposta-pelo-ministerio-da-cultura-criacao-do-dia-nacional-do-hip-hop-e-aprovada-na-camara\\\/#primaryimage\"},\"thumbnailUrl\":\"https:\\\/\\\/bahia.culturaviva.net.br\\\/wp-content\\\/uploads\\\/2025\\\/11\\\/hip-hop.png\",\"datePublished\":\"2025-11-17T14:20:02+00:00\",\"dateModified\":\"2025-11-17T15:07:42+00:00\",\"breadcrumb\":{\"@id\":\"https:\\\/\\\/bahia.culturaviva.net.br\\\/cultura\\\/proposta-pelo-ministerio-da-cultura-criacao-do-dia-nacional-do-hip-hop-e-aprovada-na-camara\\\/#breadcrumb\"},\"inLanguage\":\"pt-BR\",\"potentialAction\":[{\"@type\":\"ReadAction\",\"target\":[\"https:\\\/\\\/bahia.culturaviva.net.br\\\/cultura\\\/proposta-pelo-ministerio-da-cultura-criacao-do-dia-nacional-do-hip-hop-e-aprovada-na-camara\\\/\"]}]},{\"@type\":\"ImageObject\",\"inLanguage\":\"pt-BR\",\"@id\":\"https:\\\/\\\/bahia.culturaviva.net.br\\\/cultura\\\/proposta-pelo-ministerio-da-cultura-criacao-do-dia-nacional-do-hip-hop-e-aprovada-na-camara\\\/#primaryimage\",\"url\":\"https:\\\/\\\/bahia.culturaviva.net.br\\\/wp-content\\\/uploads\\\/2025\\\/11\\\/hip-hop.png\",\"contentUrl\":\"https:\\\/\\\/bahia.culturaviva.net.br\\\/wp-content\\\/uploads\\\/2025\\\/11\\\/hip-hop.png\",\"width\":768,\"height\":510},{\"@type\":\"BreadcrumbList\",\"@id\":\"https:\\\/\\\/bahia.culturaviva.net.br\\\/cultura\\\/proposta-pelo-ministerio-da-cultura-criacao-do-dia-nacional-do-hip-hop-e-aprovada-na-camara\\\/#breadcrumb\",\"itemListElement\":[{\"@type\":\"ListItem\",\"position\":1,\"name\":\"In\u00edcio\",\"item\":\"https:\\\/\\\/bahia.culturaviva.net.br\\\/\"},{\"@type\":\"ListItem\",\"position\":2,\"name\":\"Proposta pelo Minist\u00e9rio da Cultura, cria\u00e7\u00e3o do Dia Nacional do Hip-Hop \u00e9 aprovada na C\u00e2mara\"}]},{\"@type\":\"WebSite\",\"@id\":\"https:\\\/\\\/bahia.culturaviva.net.br\\\/#website\",\"url\":\"https:\\\/\\\/bahia.culturaviva.net.br\\\/\",\"name\":\"Rede Cultura Viva da Bahia\",\"description\":\"Espa\u00e7o para Acervo, Informa\u00e7\u00e3o e Participa\u00e7\u00e3o Social da Rede de Pontos de Cultura da Bahia\",\"publisher\":{\"@id\":\"https:\\\/\\\/bahia.culturaviva.net.br\\\/#organization\"},\"potentialAction\":[{\"@type\":\"SearchAction\",\"target\":{\"@type\":\"EntryPoint\",\"urlTemplate\":\"https:\\\/\\\/bahia.culturaviva.net.br\\\/?s={search_term_string}\"},\"query-input\":{\"@type\":\"PropertyValueSpecification\",\"valueRequired\":true,\"valueName\":\"search_term_string\"}}],\"inLanguage\":\"pt-BR\"},{\"@type\":\"Organization\",\"@id\":\"https:\\\/\\\/bahia.culturaviva.net.br\\\/#organization\",\"name\":\"Rede Cultura Viva da Bahia\",\"url\":\"https:\\\/\\\/bahia.culturaviva.net.br\\\/\",\"logo\":{\"@type\":\"ImageObject\",\"inLanguage\":\"pt-BR\",\"@id\":\"https:\\\/\\\/bahia.culturaviva.net.br\\\/#\\\/schema\\\/logo\\\/image\\\/\",\"url\":\"https:\\\/\\\/bahia.culturaviva.net.br\\\/wp-content\\\/uploads\\\/2025\\\/11\\\/logo-plataforma-culturaviva-bahia-branco.png\",\"contentUrl\":\"https:\\\/\\\/bahia.culturaviva.net.br\\\/wp-content\\\/uploads\\\/2025\\\/11\\\/logo-plataforma-culturaviva-bahia-branco.png\",\"width\":628,\"height\":652,\"caption\":\"Rede Cultura Viva da Bahia\"},\"image\":{\"@id\":\"https:\\\/\\\/bahia.culturaviva.net.br\\\/#\\\/schema\\\/logo\\\/image\\\/\"}},{\"@type\":\"Person\",\"@id\":\"https:\\\/\\\/bahia.culturaviva.net.br\\\/#\\\/schema\\\/person\\\/6e78da73e0acb5b6b65735aa9584dba0\",\"name\":\"Carla Uhlmann\",\"image\":{\"@type\":\"ImageObject\",\"inLanguage\":\"pt-BR\",\"@id\":\"https:\\\/\\\/secure.gravatar.com\\\/avatar\\\/174652d1afb5fe35d03517b4ac78b9aae436c9a12e364319b1fc0cf646d4a933?s=96&d=mm&r=g\",\"url\":\"https:\\\/\\\/secure.gravatar.com\\\/avatar\\\/174652d1afb5fe35d03517b4ac78b9aae436c9a12e364319b1fc0cf646d4a933?s=96&d=mm&r=g\",\"contentUrl\":\"https:\\\/\\\/secure.gravatar.com\\\/avatar\\\/174652d1afb5fe35d03517b4ac78b9aae436c9a12e364319b1fc0cf646d4a933?s=96&d=mm&r=g\",\"caption\":\"Carla Uhlmann\"},\"url\":\"https:\\\/\\\/bahia.culturaviva.net.br\\\/pt\\\/author\\\/carlauhlmann\\\/\"}]}<\/script>\n<!-- \/ Yoast SEO plugin. -->","yoast_head_json":{"title":"Proposta pelo Minist\u00e9rio da Cultura, cria\u00e7\u00e3o do Dia Nacional do Hip-Hop \u00e9 aprovada na C\u00e2mara - Rede Cultura Viva da Bahia","robots":{"index":"index","follow":"follow","max-snippet":"max-snippet:-1","max-image-preview":"max-image-preview:large","max-video-preview":"max-video-preview:-1"},"canonical":"https:\/\/bahia.culturaviva.net.br\/pt\/cultura\/proposta-pelo-ministerio-da-cultura-criacao-do-dia-nacional-do-hip-hop-e-aprovada-na-camara\/","og_locale":"pt_BR","og_type":"article","og_title":"Proposta pelo Minist\u00e9rio da Cultura, cria\u00e7\u00e3o do Dia Nacional do Hip-Hop \u00e9 aprovada na C\u00e2mara - Rede Cultura Viva da Bahia","og_description":"Texto segue para o Senado e tamb\u00e9m cria a semana de valoriza\u00e7\u00e3o da cultura Hip-Hop Foto: Victor Vec \/ MinC De autoria do Poder Executivo com o apoio do Minist\u00e9rio da Cultura (MinC), o Projeto de Lei 5660\/23 &#8211; que institui o Dia Nacional do Hip-Hop, em 11 de agosto, e a Semana de Valoriza\u00e7\u00e3o [&hellip;]","og_url":"https:\/\/bahia.culturaviva.net.br\/pt\/cultura\/proposta-pelo-ministerio-da-cultura-criacao-do-dia-nacional-do-hip-hop-e-aprovada-na-camara\/","og_site_name":"Rede Cultura Viva da Bahia","article_published_time":"2025-11-17T14:20:02+00:00","article_modified_time":"2025-11-17T15:07:42+00:00","og_image":[{"width":768,"height":510,"url":"https:\/\/bahia.culturaviva.net.br\/wp-content\/uploads\/2025\/11\/hip-hop.png","type":"image\/png"}],"author":"Carla Uhlmann","twitter_card":"summary_large_image","twitter_misc":{"Escrito por":"Carla Uhlmann","Est. tempo de leitura":"5 minutos"},"schema":{"@context":"https:\/\/schema.org","@graph":[{"@type":"Article","@id":"https:\/\/bahia.culturaviva.net.br\/cultura\/proposta-pelo-ministerio-da-cultura-criacao-do-dia-nacional-do-hip-hop-e-aprovada-na-camara\/#article","isPartOf":{"@id":"https:\/\/bahia.culturaviva.net.br\/cultura\/proposta-pelo-ministerio-da-cultura-criacao-do-dia-nacional-do-hip-hop-e-aprovada-na-camara\/"},"author":{"name":"Carla Uhlmann","@id":"https:\/\/bahia.culturaviva.net.br\/#\/schema\/person\/6e78da73e0acb5b6b65735aa9584dba0"},"headline":"Proposta pelo Minist\u00e9rio da Cultura, cria\u00e7\u00e3o do Dia Nacional do Hip-Hop \u00e9 aprovada na C\u00e2mara","datePublished":"2025-11-17T14:20:02+00:00","dateModified":"2025-11-17T15:07:42+00:00","mainEntityOfPage":{"@id":"https:\/\/bahia.culturaviva.net.br\/cultura\/proposta-pelo-ministerio-da-cultura-criacao-do-dia-nacional-do-hip-hop-e-aprovada-na-camara\/"},"wordCount":922,"commentCount":0,"publisher":{"@id":"https:\/\/bahia.culturaviva.net.br\/#organization"},"image":{"@id":"https:\/\/bahia.culturaviva.net.br\/cultura\/proposta-pelo-ministerio-da-cultura-criacao-do-dia-nacional-do-hip-hop-e-aprovada-na-camara\/#primaryimage"},"thumbnailUrl":"https:\/\/bahia.culturaviva.net.br\/wp-content\/uploads\/2025\/11\/hip-hop.png","keywords":["Hip-hop"],"articleSection":["Cultura"],"inLanguage":"pt-BR","potentialAction":[{"@type":"CommentAction","name":"Comment","target":["https:\/\/bahia.culturaviva.net.br\/cultura\/proposta-pelo-ministerio-da-cultura-criacao-do-dia-nacional-do-hip-hop-e-aprovada-na-camara\/#respond"]}]},{"@type":"WebPage","@id":"https:\/\/bahia.culturaviva.net.br\/cultura\/proposta-pelo-ministerio-da-cultura-criacao-do-dia-nacional-do-hip-hop-e-aprovada-na-camara\/","url":"https:\/\/bahia.culturaviva.net.br\/cultura\/proposta-pelo-ministerio-da-cultura-criacao-do-dia-nacional-do-hip-hop-e-aprovada-na-camara\/","name":"Proposta pelo Minist\u00e9rio da Cultura, cria\u00e7\u00e3o do Dia Nacional do Hip-Hop \u00e9 aprovada na C\u00e2mara - Rede Cultura Viva da Bahia","isPartOf":{"@id":"https:\/\/bahia.culturaviva.net.br\/#website"},"primaryImageOfPage":{"@id":"https:\/\/bahia.culturaviva.net.br\/cultura\/proposta-pelo-ministerio-da-cultura-criacao-do-dia-nacional-do-hip-hop-e-aprovada-na-camara\/#primaryimage"},"image":{"@id":"https:\/\/bahia.culturaviva.net.br\/cultura\/proposta-pelo-ministerio-da-cultura-criacao-do-dia-nacional-do-hip-hop-e-aprovada-na-camara\/#primaryimage"},"thumbnailUrl":"https:\/\/bahia.culturaviva.net.br\/wp-content\/uploads\/2025\/11\/hip-hop.png","datePublished":"2025-11-17T14:20:02+00:00","dateModified":"2025-11-17T15:07:42+00:00","breadcrumb":{"@id":"https:\/\/bahia.culturaviva.net.br\/cultura\/proposta-pelo-ministerio-da-cultura-criacao-do-dia-nacional-do-hip-hop-e-aprovada-na-camara\/#breadcrumb"},"inLanguage":"pt-BR","potentialAction":[{"@type":"ReadAction","target":["https:\/\/bahia.culturaviva.net.br\/cultura\/proposta-pelo-ministerio-da-cultura-criacao-do-dia-nacional-do-hip-hop-e-aprovada-na-camara\/"]}]},{"@type":"ImageObject","inLanguage":"pt-BR","@id":"https:\/\/bahia.culturaviva.net.br\/cultura\/proposta-pelo-ministerio-da-cultura-criacao-do-dia-nacional-do-hip-hop-e-aprovada-na-camara\/#primaryimage","url":"https:\/\/bahia.culturaviva.net.br\/wp-content\/uploads\/2025\/11\/hip-hop.png","contentUrl":"https:\/\/bahia.culturaviva.net.br\/wp-content\/uploads\/2025\/11\/hip-hop.png","width":768,"height":510},{"@type":"BreadcrumbList","@id":"https:\/\/bahia.culturaviva.net.br\/cultura\/proposta-pelo-ministerio-da-cultura-criacao-do-dia-nacional-do-hip-hop-e-aprovada-na-camara\/#breadcrumb","itemListElement":[{"@type":"ListItem","position":1,"name":"In\u00edcio","item":"https:\/\/bahia.culturaviva.net.br\/"},{"@type":"ListItem","position":2,"name":"Proposta pelo Minist\u00e9rio da Cultura, cria\u00e7\u00e3o do Dia Nacional do Hip-Hop \u00e9 aprovada na C\u00e2mara"}]},{"@type":"WebSite","@id":"https:\/\/bahia.culturaviva.net.br\/#website","url":"https:\/\/bahia.culturaviva.net.br\/","name":"Rede Cultura Viva da Bahia","description":"Espa\u00e7o para Acervo, Informa\u00e7\u00e3o e Participa\u00e7\u00e3o Social da Rede de Pontos de Cultura da Bahia","publisher":{"@id":"https:\/\/bahia.culturaviva.net.br\/#organization"},"potentialAction":[{"@type":"SearchAction","target":{"@type":"EntryPoint","urlTemplate":"https:\/\/bahia.culturaviva.net.br\/?s={search_term_string}"},"query-input":{"@type":"PropertyValueSpecification","valueRequired":true,"valueName":"search_term_string"}}],"inLanguage":"pt-BR"},{"@type":"Organization","@id":"https:\/\/bahia.culturaviva.net.br\/#organization","name":"Rede Cultura Viva da Bahia","url":"https:\/\/bahia.culturaviva.net.br\/","logo":{"@type":"ImageObject","inLanguage":"pt-BR","@id":"https:\/\/bahia.culturaviva.net.br\/#\/schema\/logo\/image\/","url":"https:\/\/bahia.culturaviva.net.br\/wp-content\/uploads\/2025\/11\/logo-plataforma-culturaviva-bahia-branco.png","contentUrl":"https:\/\/bahia.culturaviva.net.br\/wp-content\/uploads\/2025\/11\/logo-plataforma-culturaviva-bahia-branco.png","width":628,"height":652,"caption":"Rede Cultura Viva da Bahia"},"image":{"@id":"https:\/\/bahia.culturaviva.net.br\/#\/schema\/logo\/image\/"}},{"@type":"Person","@id":"https:\/\/bahia.culturaviva.net.br\/#\/schema\/person\/6e78da73e0acb5b6b65735aa9584dba0","name":"Carla Uhlmann","image":{"@type":"ImageObject","inLanguage":"pt-BR","@id":"https:\/\/secure.gravatar.com\/avatar\/174652d1afb5fe35d03517b4ac78b9aae436c9a12e364319b1fc0cf646d4a933?s=96&d=mm&r=g","url":"https:\/\/secure.gravatar.com\/avatar\/174652d1afb5fe35d03517b4ac78b9aae436c9a12e364319b1fc0cf646d4a933?s=96&d=mm&r=g","contentUrl":"https:\/\/secure.gravatar.com\/avatar\/174652d1afb5fe35d03517b4ac78b9aae436c9a12e364319b1fc0cf646d4a933?s=96&d=mm&r=g","caption":"Carla Uhlmann"},"url":"https:\/\/bahia.culturaviva.net.br\/pt\/author\/carlauhlmann\/"}]}},"_links":{"self":[{"href":"https:\/\/bahia.culturaviva.net.br\/pt\/wp-json\/wp\/v2\/posts\/1395","targetHints":{"allow":["GET"]}}],"collection":[{"href":"https:\/\/bahia.culturaviva.net.br\/pt\/wp-json\/wp\/v2\/posts"}],"about":[{"href":"https:\/\/bahia.culturaviva.net.br\/pt\/wp-json\/wp\/v2\/types\/post"}],"author":[{"embeddable":true,"href":"https:\/\/bahia.culturaviva.net.br\/pt\/wp-json\/wp\/v2\/users\/4"}],"replies":[{"embeddable":true,"href":"https:\/\/bahia.culturaviva.net.br\/pt\/wp-json\/wp\/v2\/comments?post=1395"}],"version-history":[{"count":1,"href":"https:\/\/bahia.culturaviva.net.br\/pt\/wp-json\/wp\/v2\/posts\/1395\/revisions"}],"predecessor-version":[{"id":1397,"href":"https:\/\/bahia.culturaviva.net.br\/pt\/wp-json\/wp\/v2\/posts\/1395\/revisions\/1397"}],"wp:featuredmedia":[{"embeddable":true,"href":"https:\/\/bahia.culturaviva.net.br\/pt\/wp-json\/wp\/v2\/media\/1396"}],"wp:attachment":[{"href":"https:\/\/bahia.culturaviva.net.br\/pt\/wp-json\/wp\/v2\/media?parent=1395"}],"wp:term":[{"taxonomy":"category","embeddable":true,"href":"https:\/\/bahia.culturaviva.net.br\/pt\/wp-json\/wp\/v2\/categories?post=1395"},{"taxonomy":"post_tag","embeddable":true,"href":"https:\/\/bahia.culturaviva.net.br\/pt\/wp-json\/wp\/v2\/tags?post=1395"}],"curies":[{"name":"wp","href":"https:\/\/api.w.org\/{rel}","templated":true}]}}