{"id":1414,"date":"2025-11-18T23:04:37","date_gmt":"2025-11-19T02:04:37","guid":{"rendered":"https:\/\/bahia.culturaviva.net.br\/?p=1414"},"modified":"2025-11-18T23:08:42","modified_gmt":"2025-11-19T02:08:42","slug":"roda-de-conversa-discutira-mudancas-climaticas-durante-o-flircontas","status":"publish","type":"post","link":"https:\/\/bahia.culturaviva.net.br\/pt\/flircontas\/roda-de-conversa-discutira-mudancas-climaticas-durante-o-flircontas\/","title":{"rendered":"Roda de conversa discutir\u00e1 mudan\u00e7as clim\u00e1ticas durante o Flircontas"},"content":{"rendered":"<p>Uma roda de conversa promete movimentar o Clube Riocontense durante o Flircontas. O evento, que vai acontecer no dia 28 de novembro (sexta-feira), tem como finalidade promover discuss\u00f5es sobre as mudan\u00e7as clim\u00e1ticas e os impactos que elas trazem \u00e0s comunidades...<br><br>Participam da atividade o <strong>cacique Juvenal Payay\u00e1<\/strong>, o historiador <strong>Ant\u00f4nio Marcos<\/strong>, o documentarista e comunicador <strong>Kal Pau-Ferro<\/strong>, o presidente da Associa\u00e7\u00e3o Kariri da Panelada, <strong>Paulo Dodero<\/strong>, e um representante do povo Kariri da Panelada, <strong>Raquel Dodero<\/strong>. A media\u00e7\u00e3o ser\u00e1 conduzida pela professora e mestre em gest\u00e3o social <strong>Ana Paula Soares<\/strong>.<br><br>Os participantes pretendem promover um espa\u00e7o de escuta e partilha, refor\u00e7ando a compreens\u00e3o de que a natureza n\u00e3o est\u00e1 dissociada da vida humana e que as mudan\u00e7as clim\u00e1ticas j\u00e1 alteram rotinas, modos de exist\u00eancia e ecossistemas.<\/p>","protected":false},"excerpt":{"rendered":"<p>Uma roda de conversa promete movimentar o Club Riocontense durante o Flircontas. O evento, que vai acontecer no dia 28 de novembro (sexta-feira), tem como finalidade promover discuss\u00f5es sobre as mudan\u00e7as climaticas e os impactos que elas trazem \u00e0s comunidades e \u00e0 natureza. Participam da atividade o cacique Juvenal Payay\u00e1, o historiador Ant\u00f4nio Marcos, o [&hellip;]<\/p>\n","protected":false},"author":5,"featured_media":1371,"comment_status":"open","ping_status":"open","sticky":false,"template":"","format":"standard","meta":{"_acf_changed":false,"_gspb_post_css":"","footnotes":""},"categories":[68],"tags":[77,78,76],"class_list":["post-1414","post","type-post","status-publish","format-standard","has-post-thumbnail","hentry","category-flircontas","tag-conversa","tag-mudancas","tag-roda"],"blocksy_meta":[],"acf":[],"yoast_head":"<!-- This site is optimized with the Yoast SEO plugin v27.3 - https:\/\/yoast.com\/product\/yoast-seo-wordpress\/ -->\n<title>Roda de conversa discutir\u00e1 mudan\u00e7as clim\u00e1ticas durante o Flircontas - Rede Cultura Viva da Bahia<\/title>\n<meta name=\"robots\" content=\"index, follow, max-snippet:-1, max-image-preview:large, max-video-preview:-1\" \/>\n<link rel=\"canonical\" href=\"https:\/\/bahia.culturaviva.net.br\/pt\/flircontas\/roda-de-conversa-discutira-mudancas-climaticas-durante-o-flircontas\/\" \/>\n<meta property=\"og:locale\" content=\"pt_BR\" \/>\n<meta property=\"og:type\" content=\"article\" \/>\n<meta property=\"og:title\" content=\"Roda de conversa discutir\u00e1 mudan\u00e7as clim\u00e1ticas durante o Flircontas - Rede Cultura Viva da Bahia\" \/>\n<meta property=\"og:description\" content=\"Uma roda de conversa promete movimentar o Club Riocontense durante o Flircontas. O evento, que vai acontecer no dia 28 de novembro (sexta-feira), tem como finalidade promover discuss\u00f5es sobre as mudan\u00e7as climaticas e os impactos que elas trazem \u00e0s comunidades e \u00e0 natureza. Participam da atividade o cacique Juvenal Payay\u00e1, o historiador Ant\u00f4nio Marcos, o [&hellip;]\" \/>\n<meta property=\"og:url\" content=\"https:\/\/bahia.culturaviva.net.br\/pt\/flircontas\/roda-de-conversa-discutira-mudancas-climaticas-durante-o-flircontas\/\" \/>\n<meta property=\"og:site_name\" content=\"Rede Cultura Viva da Bahia\" \/>\n<meta property=\"article:published_time\" content=\"2025-11-19T02:04:37+00:00\" \/>\n<meta property=\"article:modified_time\" content=\"2025-11-19T02:08:42+00:00\" \/>\n<meta property=\"og:image\" content=\"https:\/\/bahia.culturaviva.net.br\/wp-content\/uploads\/2025\/11\/Design-sem-nome-1.png\" \/>\n\t<meta property=\"og:image:width\" content=\"1600\" \/>\n\t<meta property=\"og:image:height\" content=\"1200\" \/>\n\t<meta property=\"og:image:type\" content=\"image\/png\" \/>\n<meta name=\"author\" content=\"Gustavo Medeiros\" \/>\n<meta name=\"twitter:card\" content=\"summary_large_image\" \/>\n<meta name=\"twitter:label1\" content=\"Escrito por\" \/>\n\t<meta name=\"twitter:data1\" content=\"Gustavo Medeiros\" \/>\n\t<meta name=\"twitter:label2\" content=\"Est. tempo de leitura\" \/>\n\t<meta name=\"twitter:data2\" content=\"1 minuto\" \/>\n<script type=\"application\/ld+json\" class=\"yoast-schema-graph\">{\"@context\":\"https:\\\/\\\/schema.org\",\"@graph\":[{\"@type\":\"Article\",\"@id\":\"https:\\\/\\\/bahia.culturaviva.net.br\\\/flircontas\\\/roda-de-conversa-discutira-mudancas-climaticas-durante-o-flircontas\\\/#article\",\"isPartOf\":{\"@id\":\"https:\\\/\\\/bahia.culturaviva.net.br\\\/flircontas\\\/roda-de-conversa-discutira-mudancas-climaticas-durante-o-flircontas\\\/\"},\"author\":{\"name\":\"Gustavo Medeiros\",\"@id\":\"https:\\\/\\\/bahia.culturaviva.net.br\\\/#\\\/schema\\\/person\\\/f94981373011b5863e00a94890c91090\"},\"headline\":\"Roda de conversa discutir\u00e1 mudan\u00e7as clim\u00e1ticas durante o Flircontas\",\"datePublished\":\"2025-11-19T02:04:37+00:00\",\"dateModified\":\"2025-11-19T02:08:42+00:00\",\"mainEntityOfPage\":{\"@id\":\"https:\\\/\\\/bahia.culturaviva.net.br\\\/flircontas\\\/roda-de-conversa-discutira-mudancas-climaticas-durante-o-flircontas\\\/\"},\"wordCount\":151,\"commentCount\":0,\"publisher\":{\"@id\":\"https:\\\/\\\/bahia.culturaviva.net.br\\\/#organization\"},\"image\":{\"@id\":\"https:\\\/\\\/bahia.culturaviva.net.br\\\/flircontas\\\/roda-de-conversa-discutira-mudancas-climaticas-durante-o-flircontas\\\/#primaryimage\"},\"thumbnailUrl\":\"https:\\\/\\\/bahia.culturaviva.net.br\\\/wp-content\\\/uploads\\\/2025\\\/11\\\/Design-sem-nome-1.png\",\"keywords\":[\"conversa\",\"mudancas\",\"roda\"],\"articleSection\":[\"Flircontas\"],\"inLanguage\":\"pt-BR\",\"potentialAction\":[{\"@type\":\"CommentAction\",\"name\":\"Comment\",\"target\":[\"https:\\\/\\\/bahia.culturaviva.net.br\\\/flircontas\\\/roda-de-conversa-discutira-mudancas-climaticas-durante-o-flircontas\\\/#respond\"]}]},{\"@type\":\"WebPage\",\"@id\":\"https:\\\/\\\/bahia.culturaviva.net.br\\\/flircontas\\\/roda-de-conversa-discutira-mudancas-climaticas-durante-o-flircontas\\\/\",\"url\":\"https:\\\/\\\/bahia.culturaviva.net.br\\\/flircontas\\\/roda-de-conversa-discutira-mudancas-climaticas-durante-o-flircontas\\\/\",\"name\":\"Roda de conversa discutir\u00e1 mudan\u00e7as clim\u00e1ticas durante o Flircontas - Rede Cultura Viva da Bahia\",\"isPartOf\":{\"@id\":\"https:\\\/\\\/bahia.culturaviva.net.br\\\/#website\"},\"primaryImageOfPage\":{\"@id\":\"https:\\\/\\\/bahia.culturaviva.net.br\\\/flircontas\\\/roda-de-conversa-discutira-mudancas-climaticas-durante-o-flircontas\\\/#primaryimage\"},\"image\":{\"@id\":\"https:\\\/\\\/bahia.culturaviva.net.br\\\/flircontas\\\/roda-de-conversa-discutira-mudancas-climaticas-durante-o-flircontas\\\/#primaryimage\"},\"thumbnailUrl\":\"https:\\\/\\\/bahia.culturaviva.net.br\\\/wp-content\\\/uploads\\\/2025\\\/11\\\/Design-sem-nome-1.png\",\"datePublished\":\"2025-11-19T02:04:37+00:00\",\"dateModified\":\"2025-11-19T02:08:42+00:00\",\"breadcrumb\":{\"@id\":\"https:\\\/\\\/bahia.culturaviva.net.br\\\/flircontas\\\/roda-de-conversa-discutira-mudancas-climaticas-durante-o-flircontas\\\/#breadcrumb\"},\"inLanguage\":\"pt-BR\",\"potentialAction\":[{\"@type\":\"ReadAction\",\"target\":[\"https:\\\/\\\/bahia.culturaviva.net.br\\\/flircontas\\\/roda-de-conversa-discutira-mudancas-climaticas-durante-o-flircontas\\\/\"]}]},{\"@type\":\"ImageObject\",\"inLanguage\":\"pt-BR\",\"@id\":\"https:\\\/\\\/bahia.culturaviva.net.br\\\/flircontas\\\/roda-de-conversa-discutira-mudancas-climaticas-durante-o-flircontas\\\/#primaryimage\",\"url\":\"https:\\\/\\\/bahia.culturaviva.net.br\\\/wp-content\\\/uploads\\\/2025\\\/11\\\/Design-sem-nome-1.png\",\"contentUrl\":\"https:\\\/\\\/bahia.culturaviva.net.br\\\/wp-content\\\/uploads\\\/2025\\\/11\\\/Design-sem-nome-1.png\",\"width\":1600,\"height\":1200},{\"@type\":\"BreadcrumbList\",\"@id\":\"https:\\\/\\\/bahia.culturaviva.net.br\\\/flircontas\\\/roda-de-conversa-discutira-mudancas-climaticas-durante-o-flircontas\\\/#breadcrumb\",\"itemListElement\":[{\"@type\":\"ListItem\",\"position\":1,\"name\":\"In\u00edcio\",\"item\":\"https:\\\/\\\/bahia.culturaviva.net.br\\\/\"},{\"@type\":\"ListItem\",\"position\":2,\"name\":\"Roda de conversa discutir\u00e1 mudan\u00e7as clim\u00e1ticas durante o Flircontas\"}]},{\"@type\":\"WebSite\",\"@id\":\"https:\\\/\\\/bahia.culturaviva.net.br\\\/#website\",\"url\":\"https:\\\/\\\/bahia.culturaviva.net.br\\\/\",\"name\":\"Rede Cultura Viva da Bahia\",\"description\":\"Espa\u00e7o para Acervo, Informa\u00e7\u00e3o e Participa\u00e7\u00e3o Social da Rede de Pontos de Cultura da Bahia\",\"publisher\":{\"@id\":\"https:\\\/\\\/bahia.culturaviva.net.br\\\/#organization\"},\"potentialAction\":[{\"@type\":\"SearchAction\",\"target\":{\"@type\":\"EntryPoint\",\"urlTemplate\":\"https:\\\/\\\/bahia.culturaviva.net.br\\\/?s={search_term_string}\"},\"query-input\":{\"@type\":\"PropertyValueSpecification\",\"valueRequired\":true,\"valueName\":\"search_term_string\"}}],\"inLanguage\":\"pt-BR\"},{\"@type\":\"Organization\",\"@id\":\"https:\\\/\\\/bahia.culturaviva.net.br\\\/#organization\",\"name\":\"Rede Cultura Viva da Bahia\",\"url\":\"https:\\\/\\\/bahia.culturaviva.net.br\\\/\",\"logo\":{\"@type\":\"ImageObject\",\"inLanguage\":\"pt-BR\",\"@id\":\"https:\\\/\\\/bahia.culturaviva.net.br\\\/#\\\/schema\\\/logo\\\/image\\\/\",\"url\":\"https:\\\/\\\/bahia.culturaviva.net.br\\\/wp-content\\\/uploads\\\/2025\\\/11\\\/logo-plataforma-culturaviva-bahia-branco.png\",\"contentUrl\":\"https:\\\/\\\/bahia.culturaviva.net.br\\\/wp-content\\\/uploads\\\/2025\\\/11\\\/logo-plataforma-culturaviva-bahia-branco.png\",\"width\":628,\"height\":652,\"caption\":\"Rede Cultura Viva da Bahia\"},\"image\":{\"@id\":\"https:\\\/\\\/bahia.culturaviva.net.br\\\/#\\\/schema\\\/logo\\\/image\\\/\"}},{\"@type\":\"Person\",\"@id\":\"https:\\\/\\\/bahia.culturaviva.net.br\\\/#\\\/schema\\\/person\\\/f94981373011b5863e00a94890c91090\",\"name\":\"Gustavo Medeiros\",\"image\":{\"@type\":\"ImageObject\",\"inLanguage\":\"pt-BR\",\"@id\":\"https:\\\/\\\/secure.gravatar.com\\\/avatar\\\/f827bf50846cc3705e474dcacdab7842308a5b30d92b2b10d4fb284726ac45d3?s=96&d=mm&r=g\",\"url\":\"https:\\\/\\\/secure.gravatar.com\\\/avatar\\\/f827bf50846cc3705e474dcacdab7842308a5b30d92b2b10d4fb284726ac45d3?s=96&d=mm&r=g\",\"contentUrl\":\"https:\\\/\\\/secure.gravatar.com\\\/avatar\\\/f827bf50846cc3705e474dcacdab7842308a5b30d92b2b10d4fb284726ac45d3?s=96&d=mm&r=g\",\"caption\":\"Gustavo Medeiros\"},\"url\":\"https:\\\/\\\/bahia.culturaviva.net.br\\\/pt\\\/author\\\/gustavomedeiros\\\/\"}]}<\/script>\n<!-- \/ Yoast SEO plugin. -->","yoast_head_json":{"title":"Roda de conversa discutir\u00e1 mudan\u00e7as clim\u00e1ticas durante o Flircontas - Rede Cultura Viva da Bahia","robots":{"index":"index","follow":"follow","max-snippet":"max-snippet:-1","max-image-preview":"max-image-preview:large","max-video-preview":"max-video-preview:-1"},"canonical":"https:\/\/bahia.culturaviva.net.br\/pt\/flircontas\/roda-de-conversa-discutira-mudancas-climaticas-durante-o-flircontas\/","og_locale":"pt_BR","og_type":"article","og_title":"Roda de conversa discutir\u00e1 mudan\u00e7as clim\u00e1ticas durante o Flircontas - Rede Cultura Viva da Bahia","og_description":"Uma roda de conversa promete movimentar o Club Riocontense durante o Flircontas. O evento, que vai acontecer no dia 28 de novembro (sexta-feira), tem como finalidade promover discuss\u00f5es sobre as mudan\u00e7as climaticas e os impactos que elas trazem \u00e0s comunidades e \u00e0 natureza. Participam da atividade o cacique Juvenal Payay\u00e1, o historiador Ant\u00f4nio Marcos, o [&hellip;]","og_url":"https:\/\/bahia.culturaviva.net.br\/pt\/flircontas\/roda-de-conversa-discutira-mudancas-climaticas-durante-o-flircontas\/","og_site_name":"Rede Cultura Viva da Bahia","article_published_time":"2025-11-19T02:04:37+00:00","article_modified_time":"2025-11-19T02:08:42+00:00","og_image":[{"width":1600,"height":1200,"url":"https:\/\/bahia.culturaviva.net.br\/wp-content\/uploads\/2025\/11\/Design-sem-nome-1.png","type":"image\/png"}],"author":"Gustavo Medeiros","twitter_card":"summary_large_image","twitter_misc":{"Escrito por":"Gustavo Medeiros","Est. tempo de leitura":"1 minuto"},"schema":{"@context":"https:\/\/schema.org","@graph":[{"@type":"Article","@id":"https:\/\/bahia.culturaviva.net.br\/flircontas\/roda-de-conversa-discutira-mudancas-climaticas-durante-o-flircontas\/#article","isPartOf":{"@id":"https:\/\/bahia.culturaviva.net.br\/flircontas\/roda-de-conversa-discutira-mudancas-climaticas-durante-o-flircontas\/"},"author":{"name":"Gustavo Medeiros","@id":"https:\/\/bahia.culturaviva.net.br\/#\/schema\/person\/f94981373011b5863e00a94890c91090"},"headline":"Roda de conversa discutir\u00e1 mudan\u00e7as clim\u00e1ticas durante o Flircontas","datePublished":"2025-11-19T02:04:37+00:00","dateModified":"2025-11-19T02:08:42+00:00","mainEntityOfPage":{"@id":"https:\/\/bahia.culturaviva.net.br\/flircontas\/roda-de-conversa-discutira-mudancas-climaticas-durante-o-flircontas\/"},"wordCount":151,"commentCount":0,"publisher":{"@id":"https:\/\/bahia.culturaviva.net.br\/#organization"},"image":{"@id":"https:\/\/bahia.culturaviva.net.br\/flircontas\/roda-de-conversa-discutira-mudancas-climaticas-durante-o-flircontas\/#primaryimage"},"thumbnailUrl":"https:\/\/bahia.culturaviva.net.br\/wp-content\/uploads\/2025\/11\/Design-sem-nome-1.png","keywords":["conversa","mudancas","roda"],"articleSection":["Flircontas"],"inLanguage":"pt-BR","potentialAction":[{"@type":"CommentAction","name":"Comment","target":["https:\/\/bahia.culturaviva.net.br\/flircontas\/roda-de-conversa-discutira-mudancas-climaticas-durante-o-flircontas\/#respond"]}]},{"@type":"WebPage","@id":"https:\/\/bahia.culturaviva.net.br\/flircontas\/roda-de-conversa-discutira-mudancas-climaticas-durante-o-flircontas\/","url":"https:\/\/bahia.culturaviva.net.br\/flircontas\/roda-de-conversa-discutira-mudancas-climaticas-durante-o-flircontas\/","name":"Roda de conversa discutir\u00e1 mudan\u00e7as clim\u00e1ticas durante o Flircontas - Rede Cultura Viva da Bahia","isPartOf":{"@id":"https:\/\/bahia.culturaviva.net.br\/#website"},"primaryImageOfPage":{"@id":"https:\/\/bahia.culturaviva.net.br\/flircontas\/roda-de-conversa-discutira-mudancas-climaticas-durante-o-flircontas\/#primaryimage"},"image":{"@id":"https:\/\/bahia.culturaviva.net.br\/flircontas\/roda-de-conversa-discutira-mudancas-climaticas-durante-o-flircontas\/#primaryimage"},"thumbnailUrl":"https:\/\/bahia.culturaviva.net.br\/wp-content\/uploads\/2025\/11\/Design-sem-nome-1.png","datePublished":"2025-11-19T02:04:37+00:00","dateModified":"2025-11-19T02:08:42+00:00","breadcrumb":{"@id":"https:\/\/bahia.culturaviva.net.br\/flircontas\/roda-de-conversa-discutira-mudancas-climaticas-durante-o-flircontas\/#breadcrumb"},"inLanguage":"pt-BR","potentialAction":[{"@type":"ReadAction","target":["https:\/\/bahia.culturaviva.net.br\/flircontas\/roda-de-conversa-discutira-mudancas-climaticas-durante-o-flircontas\/"]}]},{"@type":"ImageObject","inLanguage":"pt-BR","@id":"https:\/\/bahia.culturaviva.net.br\/flircontas\/roda-de-conversa-discutira-mudancas-climaticas-durante-o-flircontas\/#primaryimage","url":"https:\/\/bahia.culturaviva.net.br\/wp-content\/uploads\/2025\/11\/Design-sem-nome-1.png","contentUrl":"https:\/\/bahia.culturaviva.net.br\/wp-content\/uploads\/2025\/11\/Design-sem-nome-1.png","width":1600,"height":1200},{"@type":"BreadcrumbList","@id":"https:\/\/bahia.culturaviva.net.br\/flircontas\/roda-de-conversa-discutira-mudancas-climaticas-durante-o-flircontas\/#breadcrumb","itemListElement":[{"@type":"ListItem","position":1,"name":"In\u00edcio","item":"https:\/\/bahia.culturaviva.net.br\/"},{"@type":"ListItem","position":2,"name":"Roda de conversa discutir\u00e1 mudan\u00e7as clim\u00e1ticas durante o Flircontas"}]},{"@type":"WebSite","@id":"https:\/\/bahia.culturaviva.net.br\/#website","url":"https:\/\/bahia.culturaviva.net.br\/","name":"Rede Cultura Viva da Bahia","description":"Espa\u00e7o para Acervo, Informa\u00e7\u00e3o e Participa\u00e7\u00e3o Social da Rede de Pontos de Cultura da Bahia","publisher":{"@id":"https:\/\/bahia.culturaviva.net.br\/#organization"},"potentialAction":[{"@type":"SearchAction","target":{"@type":"EntryPoint","urlTemplate":"https:\/\/bahia.culturaviva.net.br\/?s={search_term_string}"},"query-input":{"@type":"PropertyValueSpecification","valueRequired":true,"valueName":"search_term_string"}}],"inLanguage":"pt-BR"},{"@type":"Organization","@id":"https:\/\/bahia.culturaviva.net.br\/#organization","name":"Rede Cultura Viva da Bahia","url":"https:\/\/bahia.culturaviva.net.br\/","logo":{"@type":"ImageObject","inLanguage":"pt-BR","@id":"https:\/\/bahia.culturaviva.net.br\/#\/schema\/logo\/image\/","url":"https:\/\/bahia.culturaviva.net.br\/wp-content\/uploads\/2025\/11\/logo-plataforma-culturaviva-bahia-branco.png","contentUrl":"https:\/\/bahia.culturaviva.net.br\/wp-content\/uploads\/2025\/11\/logo-plataforma-culturaviva-bahia-branco.png","width":628,"height":652,"caption":"Rede Cultura Viva da Bahia"},"image":{"@id":"https:\/\/bahia.culturaviva.net.br\/#\/schema\/logo\/image\/"}},{"@type":"Person","@id":"https:\/\/bahia.culturaviva.net.br\/#\/schema\/person\/f94981373011b5863e00a94890c91090","name":"Gustavo Medeiros","image":{"@type":"ImageObject","inLanguage":"pt-BR","@id":"https:\/\/secure.gravatar.com\/avatar\/f827bf50846cc3705e474dcacdab7842308a5b30d92b2b10d4fb284726ac45d3?s=96&d=mm&r=g","url":"https:\/\/secure.gravatar.com\/avatar\/f827bf50846cc3705e474dcacdab7842308a5b30d92b2b10d4fb284726ac45d3?s=96&d=mm&r=g","contentUrl":"https:\/\/secure.gravatar.com\/avatar\/f827bf50846cc3705e474dcacdab7842308a5b30d92b2b10d4fb284726ac45d3?s=96&d=mm&r=g","caption":"Gustavo Medeiros"},"url":"https:\/\/bahia.culturaviva.net.br\/pt\/author\/gustavomedeiros\/"}]}},"_links":{"self":[{"href":"https:\/\/bahia.culturaviva.net.br\/pt\/wp-json\/wp\/v2\/posts\/1414","targetHints":{"allow":["GET"]}}],"collection":[{"href":"https:\/\/bahia.culturaviva.net.br\/pt\/wp-json\/wp\/v2\/posts"}],"about":[{"href":"https:\/\/bahia.culturaviva.net.br\/pt\/wp-json\/wp\/v2\/types\/post"}],"author":[{"embeddable":true,"href":"https:\/\/bahia.culturaviva.net.br\/pt\/wp-json\/wp\/v2\/users\/5"}],"replies":[{"embeddable":true,"href":"https:\/\/bahia.culturaviva.net.br\/pt\/wp-json\/wp\/v2\/comments?post=1414"}],"version-history":[{"count":1,"href":"https:\/\/bahia.culturaviva.net.br\/pt\/wp-json\/wp\/v2\/posts\/1414\/revisions"}],"predecessor-version":[{"id":1415,"href":"https:\/\/bahia.culturaviva.net.br\/pt\/wp-json\/wp\/v2\/posts\/1414\/revisions\/1415"}],"wp:featuredmedia":[{"embeddable":true,"href":"https:\/\/bahia.culturaviva.net.br\/pt\/wp-json\/wp\/v2\/media\/1371"}],"wp:attachment":[{"href":"https:\/\/bahia.culturaviva.net.br\/pt\/wp-json\/wp\/v2\/media?parent=1414"}],"wp:term":[{"taxonomy":"category","embeddable":true,"href":"https:\/\/bahia.culturaviva.net.br\/pt\/wp-json\/wp\/v2\/categories?post=1414"},{"taxonomy":"post_tag","embeddable":true,"href":"https:\/\/bahia.culturaviva.net.br\/pt\/wp-json\/wp\/v2\/tags?post=1414"}],"curies":[{"name":"wp","href":"https:\/\/api.w.org\/{rel}","templated":true}]}}