{"id":1423,"date":"2025-11-21T12:00:00","date_gmt":"2025-11-21T15:00:00","guid":{"rendered":"https:\/\/bahia.culturaviva.net.br\/?p=1423"},"modified":"2025-11-21T08:20:49","modified_gmt":"2025-11-21T11:20:49","slug":"roda-de-conversa-destaca-educacao-quilombola-como-caminho-de-liberdade","status":"publish","type":"post","link":"https:\/\/bahia.culturaviva.net.br\/pt\/flircontas\/roda-de-conversa-destaca-educacao-quilombola-como-caminho-de-liberdade\/","title":{"rendered":"Roda de conversa destaca educa\u00e7\u00e3o quilombola como caminho de liberdade"},"content":{"rendered":"<p>Nas comunidades quilombolas, o saber floresce da conviv\u00eancia, do cuidado e da partilha - \u00e9 semente, corpo e mem\u00f3ria em movimento. Essa pot\u00eancia coletiva ser\u00e1 o foco da roda de conversa que integra a programa\u00e7\u00e3o oficial do FLIRCONTAS no dia... <strong>28 de novembro<\/strong>, \u00e0s <strong>14h<\/strong>, n\u00e3o <strong>Clube Riocontense<\/strong>.<\/p>\n\n\n\n<p>A atividade contar\u00e1 com a participa\u00e7\u00e3o da <strong>deputada estadual Olivia Santana<\/strong>, da pesquisadora <strong>Gessica Maria<\/strong>, do l\u00edder quilombola <strong>Carmo Joaquim<\/strong> e da representante da Funda\u00e7\u00e3o Cultural Palmares, <strong>Aline Silva<\/strong>. A media\u00e7\u00e3o ser\u00e1 conduzida pela secretaria municipal de Assist\u00eancia Social, <strong>Lindaura Tereza<\/strong>. A finalidade da roda consiste em ampliar o di\u00e1logo entre territ\u00f3rio, pol\u00edtica p\u00fablica e ancestralidade.<\/p>\n\n\n\n<p>O encontro prop\u00f5e tamb\u00e9m uma discuss\u00e3o da educa\u00e7\u00e3o quilombola como pr\u00e1tica de liberdade e continuidade ancestral, refletindo sobre como o territ\u00f3rio e a experi\u00eancia coletiva podem inspirar novas formas de ensinar e aprender com consci\u00eancia antirracista.<\/p>\n\n\n\n<p>A programa\u00e7\u00e3o inclui ainda <strong>apresenta\u00e7\u00e3o cultural e performance de dan\u00e7a do Col\u00e9gio Estadual Carlos Souto<\/strong>, celebrando a for\u00e7a da juventude quilombola e suas tradi\u00e7\u00f5es.<\/p>","protected":false},"excerpt":{"rendered":"<p>Nas comunidades quilombolas, o saber floresce da conviv\u00eancia, do cuidado e da partilha \u2014 \u00e9 semente, corpo e mem\u00f3ria em movimento. Essa pot\u00eancia coletiva ser\u00e1 o foco da roda de conversa que integra a programa\u00e7\u00e3o oficial do FLIRCONTAS no dia 28 de novembro, \u00e0s 14h, no Club Riocontense. A atividade contar\u00e1 com a participa\u00e7\u00e3o da [&hellip;]<\/p>\n","protected":false},"author":5,"featured_media":1371,"comment_status":"open","ping_status":"open","sticky":false,"template":"","format":"standard","meta":{"_acf_changed":false,"_gspb_post_css":"","footnotes":""},"categories":[68],"tags":[77,86,87,76],"class_list":["post-1423","post","type-post","status-publish","format-standard","has-post-thumbnail","hentry","category-flircontas","tag-conversa","tag-educacao","tag-quilombola","tag-roda"],"blocksy_meta":[],"acf":[],"yoast_head":"<!-- This site is optimized with the Yoast SEO plugin v27.3 - https:\/\/yoast.com\/product\/yoast-seo-wordpress\/ -->\n<title>Roda de conversa destaca educa\u00e7\u00e3o quilombola como caminho de liberdade - Rede Cultura Viva da Bahia<\/title>\n<meta name=\"robots\" content=\"index, follow, max-snippet:-1, max-image-preview:large, max-video-preview:-1\" \/>\n<link rel=\"canonical\" href=\"https:\/\/bahia.culturaviva.net.br\/pt\/flircontas\/roda-de-conversa-destaca-educacao-quilombola-como-caminho-de-liberdade\/\" \/>\n<meta property=\"og:locale\" content=\"pt_BR\" \/>\n<meta property=\"og:type\" content=\"article\" \/>\n<meta property=\"og:title\" content=\"Roda de conversa destaca educa\u00e7\u00e3o quilombola como caminho de liberdade - Rede Cultura Viva da Bahia\" \/>\n<meta property=\"og:description\" content=\"Nas comunidades quilombolas, o saber floresce da conviv\u00eancia, do cuidado e da partilha \u2014 \u00e9 semente, corpo e mem\u00f3ria em movimento. Essa pot\u00eancia coletiva ser\u00e1 o foco da roda de conversa que integra a programa\u00e7\u00e3o oficial do FLIRCONTAS no dia 28 de novembro, \u00e0s 14h, no Club Riocontense. A atividade contar\u00e1 com a participa\u00e7\u00e3o da [&hellip;]\" \/>\n<meta property=\"og:url\" content=\"https:\/\/bahia.culturaviva.net.br\/pt\/flircontas\/roda-de-conversa-destaca-educacao-quilombola-como-caminho-de-liberdade\/\" \/>\n<meta property=\"og:site_name\" content=\"Rede Cultura Viva da Bahia\" \/>\n<meta property=\"article:published_time\" content=\"2025-11-21T15:00:00+00:00\" \/>\n<meta property=\"og:image\" content=\"https:\/\/bahia.culturaviva.net.br\/wp-content\/uploads\/2025\/11\/Design-sem-nome-1.png\" \/>\n\t<meta property=\"og:image:width\" content=\"1600\" \/>\n\t<meta property=\"og:image:height\" content=\"1200\" \/>\n\t<meta property=\"og:image:type\" content=\"image\/png\" \/>\n<meta name=\"author\" content=\"Gustavo Medeiros\" \/>\n<meta name=\"twitter:card\" content=\"summary_large_image\" \/>\n<meta name=\"twitter:label1\" content=\"Escrito por\" \/>\n\t<meta name=\"twitter:data1\" content=\"Gustavo Medeiros\" \/>\n\t<meta name=\"twitter:label2\" content=\"Est. tempo de leitura\" \/>\n\t<meta name=\"twitter:data2\" content=\"2 minutos\" \/>\n<script type=\"application\/ld+json\" class=\"yoast-schema-graph\">{\"@context\":\"https:\\\/\\\/schema.org\",\"@graph\":[{\"@type\":\"Article\",\"@id\":\"https:\\\/\\\/bahia.culturaviva.net.br\\\/flircontas\\\/roda-de-conversa-destaca-educacao-quilombola-como-caminho-de-liberdade\\\/#article\",\"isPartOf\":{\"@id\":\"https:\\\/\\\/bahia.culturaviva.net.br\\\/flircontas\\\/roda-de-conversa-destaca-educacao-quilombola-como-caminho-de-liberdade\\\/\"},\"author\":{\"name\":\"Gustavo Medeiros\",\"@id\":\"https:\\\/\\\/bahia.culturaviva.net.br\\\/#\\\/schema\\\/person\\\/f94981373011b5863e00a94890c91090\"},\"headline\":\"Roda de conversa destaca educa\u00e7\u00e3o quilombola como caminho de liberdade\",\"datePublished\":\"2025-11-21T15:00:00+00:00\",\"mainEntityOfPage\":{\"@id\":\"https:\\\/\\\/bahia.culturaviva.net.br\\\/flircontas\\\/roda-de-conversa-destaca-educacao-quilombola-como-caminho-de-liberdade\\\/\"},\"wordCount\":200,\"commentCount\":0,\"publisher\":{\"@id\":\"https:\\\/\\\/bahia.culturaviva.net.br\\\/#organization\"},\"image\":{\"@id\":\"https:\\\/\\\/bahia.culturaviva.net.br\\\/flircontas\\\/roda-de-conversa-destaca-educacao-quilombola-como-caminho-de-liberdade\\\/#primaryimage\"},\"thumbnailUrl\":\"https:\\\/\\\/bahia.culturaviva.net.br\\\/wp-content\\\/uploads\\\/2025\\\/11\\\/Design-sem-nome-1.png\",\"keywords\":[\"conversa\",\"educacao\",\"quilombola\",\"roda\"],\"articleSection\":[\"Flircontas\"],\"inLanguage\":\"pt-BR\",\"potentialAction\":[{\"@type\":\"CommentAction\",\"name\":\"Comment\",\"target\":[\"https:\\\/\\\/bahia.culturaviva.net.br\\\/flircontas\\\/roda-de-conversa-destaca-educacao-quilombola-como-caminho-de-liberdade\\\/#respond\"]}]},{\"@type\":\"WebPage\",\"@id\":\"https:\\\/\\\/bahia.culturaviva.net.br\\\/flircontas\\\/roda-de-conversa-destaca-educacao-quilombola-como-caminho-de-liberdade\\\/\",\"url\":\"https:\\\/\\\/bahia.culturaviva.net.br\\\/flircontas\\\/roda-de-conversa-destaca-educacao-quilombola-como-caminho-de-liberdade\\\/\",\"name\":\"Roda de conversa destaca educa\u00e7\u00e3o quilombola como caminho de liberdade - Rede Cultura Viva da Bahia\",\"isPartOf\":{\"@id\":\"https:\\\/\\\/bahia.culturaviva.net.br\\\/#website\"},\"primaryImageOfPage\":{\"@id\":\"https:\\\/\\\/bahia.culturaviva.net.br\\\/flircontas\\\/roda-de-conversa-destaca-educacao-quilombola-como-caminho-de-liberdade\\\/#primaryimage\"},\"image\":{\"@id\":\"https:\\\/\\\/bahia.culturaviva.net.br\\\/flircontas\\\/roda-de-conversa-destaca-educacao-quilombola-como-caminho-de-liberdade\\\/#primaryimage\"},\"thumbnailUrl\":\"https:\\\/\\\/bahia.culturaviva.net.br\\\/wp-content\\\/uploads\\\/2025\\\/11\\\/Design-sem-nome-1.png\",\"datePublished\":\"2025-11-21T15:00:00+00:00\",\"breadcrumb\":{\"@id\":\"https:\\\/\\\/bahia.culturaviva.net.br\\\/flircontas\\\/roda-de-conversa-destaca-educacao-quilombola-como-caminho-de-liberdade\\\/#breadcrumb\"},\"inLanguage\":\"pt-BR\",\"potentialAction\":[{\"@type\":\"ReadAction\",\"target\":[\"https:\\\/\\\/bahia.culturaviva.net.br\\\/flircontas\\\/roda-de-conversa-destaca-educacao-quilombola-como-caminho-de-liberdade\\\/\"]}]},{\"@type\":\"ImageObject\",\"inLanguage\":\"pt-BR\",\"@id\":\"https:\\\/\\\/bahia.culturaviva.net.br\\\/flircontas\\\/roda-de-conversa-destaca-educacao-quilombola-como-caminho-de-liberdade\\\/#primaryimage\",\"url\":\"https:\\\/\\\/bahia.culturaviva.net.br\\\/wp-content\\\/uploads\\\/2025\\\/11\\\/Design-sem-nome-1.png\",\"contentUrl\":\"https:\\\/\\\/bahia.culturaviva.net.br\\\/wp-content\\\/uploads\\\/2025\\\/11\\\/Design-sem-nome-1.png\",\"width\":1600,\"height\":1200},{\"@type\":\"BreadcrumbList\",\"@id\":\"https:\\\/\\\/bahia.culturaviva.net.br\\\/flircontas\\\/roda-de-conversa-destaca-educacao-quilombola-como-caminho-de-liberdade\\\/#breadcrumb\",\"itemListElement\":[{\"@type\":\"ListItem\",\"position\":1,\"name\":\"In\u00edcio\",\"item\":\"https:\\\/\\\/bahia.culturaviva.net.br\\\/\"},{\"@type\":\"ListItem\",\"position\":2,\"name\":\"Roda de conversa destaca educa\u00e7\u00e3o quilombola como caminho de liberdade\"}]},{\"@type\":\"WebSite\",\"@id\":\"https:\\\/\\\/bahia.culturaviva.net.br\\\/#website\",\"url\":\"https:\\\/\\\/bahia.culturaviva.net.br\\\/\",\"name\":\"Rede Cultura Viva da Bahia\",\"description\":\"Espa\u00e7o para Acervo, Informa\u00e7\u00e3o e Participa\u00e7\u00e3o Social da Rede de Pontos de Cultura da Bahia\",\"publisher\":{\"@id\":\"https:\\\/\\\/bahia.culturaviva.net.br\\\/#organization\"},\"potentialAction\":[{\"@type\":\"SearchAction\",\"target\":{\"@type\":\"EntryPoint\",\"urlTemplate\":\"https:\\\/\\\/bahia.culturaviva.net.br\\\/?s={search_term_string}\"},\"query-input\":{\"@type\":\"PropertyValueSpecification\",\"valueRequired\":true,\"valueName\":\"search_term_string\"}}],\"inLanguage\":\"pt-BR\"},{\"@type\":\"Organization\",\"@id\":\"https:\\\/\\\/bahia.culturaviva.net.br\\\/#organization\",\"name\":\"Rede Cultura Viva da Bahia\",\"url\":\"https:\\\/\\\/bahia.culturaviva.net.br\\\/\",\"logo\":{\"@type\":\"ImageObject\",\"inLanguage\":\"pt-BR\",\"@id\":\"https:\\\/\\\/bahia.culturaviva.net.br\\\/#\\\/schema\\\/logo\\\/image\\\/\",\"url\":\"https:\\\/\\\/bahia.culturaviva.net.br\\\/wp-content\\\/uploads\\\/2025\\\/11\\\/logo-plataforma-culturaviva-bahia-branco.png\",\"contentUrl\":\"https:\\\/\\\/bahia.culturaviva.net.br\\\/wp-content\\\/uploads\\\/2025\\\/11\\\/logo-plataforma-culturaviva-bahia-branco.png\",\"width\":628,\"height\":652,\"caption\":\"Rede Cultura Viva da Bahia\"},\"image\":{\"@id\":\"https:\\\/\\\/bahia.culturaviva.net.br\\\/#\\\/schema\\\/logo\\\/image\\\/\"}},{\"@type\":\"Person\",\"@id\":\"https:\\\/\\\/bahia.culturaviva.net.br\\\/#\\\/schema\\\/person\\\/f94981373011b5863e00a94890c91090\",\"name\":\"Gustavo Medeiros\",\"image\":{\"@type\":\"ImageObject\",\"inLanguage\":\"pt-BR\",\"@id\":\"https:\\\/\\\/secure.gravatar.com\\\/avatar\\\/f827bf50846cc3705e474dcacdab7842308a5b30d92b2b10d4fb284726ac45d3?s=96&d=mm&r=g\",\"url\":\"https:\\\/\\\/secure.gravatar.com\\\/avatar\\\/f827bf50846cc3705e474dcacdab7842308a5b30d92b2b10d4fb284726ac45d3?s=96&d=mm&r=g\",\"contentUrl\":\"https:\\\/\\\/secure.gravatar.com\\\/avatar\\\/f827bf50846cc3705e474dcacdab7842308a5b30d92b2b10d4fb284726ac45d3?s=96&d=mm&r=g\",\"caption\":\"Gustavo Medeiros\"},\"url\":\"https:\\\/\\\/bahia.culturaviva.net.br\\\/pt\\\/author\\\/gustavomedeiros\\\/\"}]}<\/script>\n<!-- \/ Yoast SEO plugin. -->","yoast_head_json":{"title":"Roda de conversa destaca educa\u00e7\u00e3o quilombola como caminho de liberdade - Rede Cultura Viva da Bahia","robots":{"index":"index","follow":"follow","max-snippet":"max-snippet:-1","max-image-preview":"max-image-preview:large","max-video-preview":"max-video-preview:-1"},"canonical":"https:\/\/bahia.culturaviva.net.br\/pt\/flircontas\/roda-de-conversa-destaca-educacao-quilombola-como-caminho-de-liberdade\/","og_locale":"pt_BR","og_type":"article","og_title":"Roda de conversa destaca educa\u00e7\u00e3o quilombola como caminho de liberdade - Rede Cultura Viva da Bahia","og_description":"Nas comunidades quilombolas, o saber floresce da conviv\u00eancia, do cuidado e da partilha \u2014 \u00e9 semente, corpo e mem\u00f3ria em movimento. Essa pot\u00eancia coletiva ser\u00e1 o foco da roda de conversa que integra a programa\u00e7\u00e3o oficial do FLIRCONTAS no dia 28 de novembro, \u00e0s 14h, no Club Riocontense. A atividade contar\u00e1 com a participa\u00e7\u00e3o da [&hellip;]","og_url":"https:\/\/bahia.culturaviva.net.br\/pt\/flircontas\/roda-de-conversa-destaca-educacao-quilombola-como-caminho-de-liberdade\/","og_site_name":"Rede Cultura Viva da Bahia","article_published_time":"2025-11-21T15:00:00+00:00","og_image":[{"width":1600,"height":1200,"url":"https:\/\/bahia.culturaviva.net.br\/wp-content\/uploads\/2025\/11\/Design-sem-nome-1.png","type":"image\/png"}],"author":"Gustavo Medeiros","twitter_card":"summary_large_image","twitter_misc":{"Escrito por":"Gustavo Medeiros","Est. tempo de leitura":"2 minutos"},"schema":{"@context":"https:\/\/schema.org","@graph":[{"@type":"Article","@id":"https:\/\/bahia.culturaviva.net.br\/flircontas\/roda-de-conversa-destaca-educacao-quilombola-como-caminho-de-liberdade\/#article","isPartOf":{"@id":"https:\/\/bahia.culturaviva.net.br\/flircontas\/roda-de-conversa-destaca-educacao-quilombola-como-caminho-de-liberdade\/"},"author":{"name":"Gustavo Medeiros","@id":"https:\/\/bahia.culturaviva.net.br\/#\/schema\/person\/f94981373011b5863e00a94890c91090"},"headline":"Roda de conversa destaca educa\u00e7\u00e3o quilombola como caminho de liberdade","datePublished":"2025-11-21T15:00:00+00:00","mainEntityOfPage":{"@id":"https:\/\/bahia.culturaviva.net.br\/flircontas\/roda-de-conversa-destaca-educacao-quilombola-como-caminho-de-liberdade\/"},"wordCount":200,"commentCount":0,"publisher":{"@id":"https:\/\/bahia.culturaviva.net.br\/#organization"},"image":{"@id":"https:\/\/bahia.culturaviva.net.br\/flircontas\/roda-de-conversa-destaca-educacao-quilombola-como-caminho-de-liberdade\/#primaryimage"},"thumbnailUrl":"https:\/\/bahia.culturaviva.net.br\/wp-content\/uploads\/2025\/11\/Design-sem-nome-1.png","keywords":["conversa","educacao","quilombola","roda"],"articleSection":["Flircontas"],"inLanguage":"pt-BR","potentialAction":[{"@type":"CommentAction","name":"Comment","target":["https:\/\/bahia.culturaviva.net.br\/flircontas\/roda-de-conversa-destaca-educacao-quilombola-como-caminho-de-liberdade\/#respond"]}]},{"@type":"WebPage","@id":"https:\/\/bahia.culturaviva.net.br\/flircontas\/roda-de-conversa-destaca-educacao-quilombola-como-caminho-de-liberdade\/","url":"https:\/\/bahia.culturaviva.net.br\/flircontas\/roda-de-conversa-destaca-educacao-quilombola-como-caminho-de-liberdade\/","name":"Roda de conversa destaca educa\u00e7\u00e3o quilombola como caminho de liberdade - Rede Cultura Viva da Bahia","isPartOf":{"@id":"https:\/\/bahia.culturaviva.net.br\/#website"},"primaryImageOfPage":{"@id":"https:\/\/bahia.culturaviva.net.br\/flircontas\/roda-de-conversa-destaca-educacao-quilombola-como-caminho-de-liberdade\/#primaryimage"},"image":{"@id":"https:\/\/bahia.culturaviva.net.br\/flircontas\/roda-de-conversa-destaca-educacao-quilombola-como-caminho-de-liberdade\/#primaryimage"},"thumbnailUrl":"https:\/\/bahia.culturaviva.net.br\/wp-content\/uploads\/2025\/11\/Design-sem-nome-1.png","datePublished":"2025-11-21T15:00:00+00:00","breadcrumb":{"@id":"https:\/\/bahia.culturaviva.net.br\/flircontas\/roda-de-conversa-destaca-educacao-quilombola-como-caminho-de-liberdade\/#breadcrumb"},"inLanguage":"pt-BR","potentialAction":[{"@type":"ReadAction","target":["https:\/\/bahia.culturaviva.net.br\/flircontas\/roda-de-conversa-destaca-educacao-quilombola-como-caminho-de-liberdade\/"]}]},{"@type":"ImageObject","inLanguage":"pt-BR","@id":"https:\/\/bahia.culturaviva.net.br\/flircontas\/roda-de-conversa-destaca-educacao-quilombola-como-caminho-de-liberdade\/#primaryimage","url":"https:\/\/bahia.culturaviva.net.br\/wp-content\/uploads\/2025\/11\/Design-sem-nome-1.png","contentUrl":"https:\/\/bahia.culturaviva.net.br\/wp-content\/uploads\/2025\/11\/Design-sem-nome-1.png","width":1600,"height":1200},{"@type":"BreadcrumbList","@id":"https:\/\/bahia.culturaviva.net.br\/flircontas\/roda-de-conversa-destaca-educacao-quilombola-como-caminho-de-liberdade\/#breadcrumb","itemListElement":[{"@type":"ListItem","position":1,"name":"In\u00edcio","item":"https:\/\/bahia.culturaviva.net.br\/"},{"@type":"ListItem","position":2,"name":"Roda de conversa destaca educa\u00e7\u00e3o quilombola como caminho de liberdade"}]},{"@type":"WebSite","@id":"https:\/\/bahia.culturaviva.net.br\/#website","url":"https:\/\/bahia.culturaviva.net.br\/","name":"Rede Cultura Viva da Bahia","description":"Espa\u00e7o para Acervo, Informa\u00e7\u00e3o e Participa\u00e7\u00e3o Social da Rede de Pontos de Cultura da Bahia","publisher":{"@id":"https:\/\/bahia.culturaviva.net.br\/#organization"},"potentialAction":[{"@type":"SearchAction","target":{"@type":"EntryPoint","urlTemplate":"https:\/\/bahia.culturaviva.net.br\/?s={search_term_string}"},"query-input":{"@type":"PropertyValueSpecification","valueRequired":true,"valueName":"search_term_string"}}],"inLanguage":"pt-BR"},{"@type":"Organization","@id":"https:\/\/bahia.culturaviva.net.br\/#organization","name":"Rede Cultura Viva da Bahia","url":"https:\/\/bahia.culturaviva.net.br\/","logo":{"@type":"ImageObject","inLanguage":"pt-BR","@id":"https:\/\/bahia.culturaviva.net.br\/#\/schema\/logo\/image\/","url":"https:\/\/bahia.culturaviva.net.br\/wp-content\/uploads\/2025\/11\/logo-plataforma-culturaviva-bahia-branco.png","contentUrl":"https:\/\/bahia.culturaviva.net.br\/wp-content\/uploads\/2025\/11\/logo-plataforma-culturaviva-bahia-branco.png","width":628,"height":652,"caption":"Rede Cultura Viva da Bahia"},"image":{"@id":"https:\/\/bahia.culturaviva.net.br\/#\/schema\/logo\/image\/"}},{"@type":"Person","@id":"https:\/\/bahia.culturaviva.net.br\/#\/schema\/person\/f94981373011b5863e00a94890c91090","name":"Gustavo Medeiros","image":{"@type":"ImageObject","inLanguage":"pt-BR","@id":"https:\/\/secure.gravatar.com\/avatar\/f827bf50846cc3705e474dcacdab7842308a5b30d92b2b10d4fb284726ac45d3?s=96&d=mm&r=g","url":"https:\/\/secure.gravatar.com\/avatar\/f827bf50846cc3705e474dcacdab7842308a5b30d92b2b10d4fb284726ac45d3?s=96&d=mm&r=g","contentUrl":"https:\/\/secure.gravatar.com\/avatar\/f827bf50846cc3705e474dcacdab7842308a5b30d92b2b10d4fb284726ac45d3?s=96&d=mm&r=g","caption":"Gustavo Medeiros"},"url":"https:\/\/bahia.culturaviva.net.br\/pt\/author\/gustavomedeiros\/"}]}},"_links":{"self":[{"href":"https:\/\/bahia.culturaviva.net.br\/pt\/wp-json\/wp\/v2\/posts\/1423","targetHints":{"allow":["GET"]}}],"collection":[{"href":"https:\/\/bahia.culturaviva.net.br\/pt\/wp-json\/wp\/v2\/posts"}],"about":[{"href":"https:\/\/bahia.culturaviva.net.br\/pt\/wp-json\/wp\/v2\/types\/post"}],"author":[{"embeddable":true,"href":"https:\/\/bahia.culturaviva.net.br\/pt\/wp-json\/wp\/v2\/users\/5"}],"replies":[{"embeddable":true,"href":"https:\/\/bahia.culturaviva.net.br\/pt\/wp-json\/wp\/v2\/comments?post=1423"}],"version-history":[{"count":2,"href":"https:\/\/bahia.culturaviva.net.br\/pt\/wp-json\/wp\/v2\/posts\/1423\/revisions"}],"predecessor-version":[{"id":1425,"href":"https:\/\/bahia.culturaviva.net.br\/pt\/wp-json\/wp\/v2\/posts\/1423\/revisions\/1425"}],"wp:featuredmedia":[{"embeddable":true,"href":"https:\/\/bahia.culturaviva.net.br\/pt\/wp-json\/wp\/v2\/media\/1371"}],"wp:attachment":[{"href":"https:\/\/bahia.culturaviva.net.br\/pt\/wp-json\/wp\/v2\/media?parent=1423"}],"wp:term":[{"taxonomy":"category","embeddable":true,"href":"https:\/\/bahia.culturaviva.net.br\/pt\/wp-json\/wp\/v2\/categories?post=1423"},{"taxonomy":"post_tag","embeddable":true,"href":"https:\/\/bahia.culturaviva.net.br\/pt\/wp-json\/wp\/v2\/tags?post=1423"}],"curies":[{"name":"wp","href":"https:\/\/api.w.org\/{rel}","templated":true}]}}