{"id":1454,"date":"2025-11-22T06:00:00","date_gmt":"2025-11-22T09:00:00","guid":{"rendered":"https:\/\/bahia.culturaviva.net.br\/?p=1454"},"modified":"2025-11-21T20:28:40","modified_gmt":"2025-11-21T23:28:40","slug":"flircontas-ganha-espacos-dedicados-a-infancia-e-a-juventude","status":"publish","type":"post","link":"https:\/\/bahia.culturaviva.net.br\/pt\/flircontas\/flircontas-ganha-espacos-dedicados-a-infancia-e-a-juventude\/","title":{"rendered":"FLIRCONTAS ganha espa\u00e7os dedicados \u00e0 inf\u00e2ncia e \u00e0 juventude"},"content":{"rendered":"<p>O FLIRCONTAS deste ano ganhou dois espa\u00e7os especiais que aprofundam a proposta do festival de alcan\u00e7ar diferentes p\u00fablicos e fortalecer a rela\u00e7\u00e3o entre literatura, identidade e cria\u00e7\u00e3o coletiva: o Flircontinhas e o Flirrua.<br><br>Voltado especialmente para o p\u00fablico infantil, o Flircontinhas se consolida como o Territ\u00f3rio da Inf\u00e2ncia, um espa\u00e7o de encantamento e descoberta onde a literatura ganha voz, corpo e brincadeira. A programa\u00e7\u00e3o re\u00fane conta\u00e7\u00f5es de hist\u00f3rias, teatro, oficinas e jogos liter\u00e1rios, criando um ambiente l\u00fadico que estimula o imagin\u00e1rio e desperta o prazer pela leitura desde cedo.<br><br>J\u00e1 o Flirrua celebra a for\u00e7a criativa da juventude. Concebido como espa\u00e7o de experimenta\u00e7\u00e3o e express\u00e3o, o ambiente re\u00fane m\u00faltiplas manifesta\u00e7\u00f5es culturais, fazendo do encontro entre literatura, oralidade e cultura, um campo f\u00e9rtil para novas narrativas e protagonismos.<br><br>Com os espa\u00e7os voltados para esses p\u00fablicos, o FLIRCONTAS reafirma seu compromisso em formar leitores, valorizar trajet\u00f3rias jovens e ampliar o alcance democr\u00e1tico da literatura no territ\u00f3rio.<\/p>\n\n\n\n<p><\/p>","protected":false},"excerpt":{"rendered":"<p>O FLIRCONTAS deste ano ganha dois espa\u00e7os especiais que aprofundam a proposta do festival de alcan\u00e7ar diferentes p\u00fablicos e fortalecer a rela\u00e7\u00e3o entre literatura, identidade e cria\u00e7\u00e3o coletiva: o Flircontinhas e o Flirrua. Voltado especialmente para o p\u00fablico infantil, o Flircontinhas se consolida como o Territ\u00f3rio da Inf\u00e2ncia, um espa\u00e7o de encantamento e descoberta onde [&hellip;]<\/p>\n","protected":false},"author":5,"featured_media":1371,"comment_status":"open","ping_status":"open","sticky":false,"template":"","format":"standard","meta":{"_acf_changed":false,"_gspb_post_css":"","footnotes":""},"categories":[68],"tags":[92,93,94],"class_list":["post-1454","post","type-post","status-publish","format-standard","has-post-thumbnail","hentry","category-flircontas","tag-flicontinhas","tag-flirrua","tag-infancia"],"blocksy_meta":[],"acf":[],"yoast_head":"<!-- This site is optimized with the Yoast SEO plugin v27.3 - https:\/\/yoast.com\/product\/yoast-seo-wordpress\/ -->\n<title>FLIRCONTAS ganha espa\u00e7os dedicados \u00e0 inf\u00e2ncia e \u00e0 juventude - Rede Cultura Viva da Bahia<\/title>\n<meta name=\"robots\" content=\"index, follow, max-snippet:-1, max-image-preview:large, max-video-preview:-1\" \/>\n<link rel=\"canonical\" href=\"https:\/\/bahia.culturaviva.net.br\/pt\/flircontas\/flircontas-ganha-espacos-dedicados-a-infancia-e-a-juventude\/\" \/>\n<meta property=\"og:locale\" content=\"pt_BR\" \/>\n<meta property=\"og:type\" content=\"article\" \/>\n<meta property=\"og:title\" content=\"FLIRCONTAS ganha espa\u00e7os dedicados \u00e0 inf\u00e2ncia e \u00e0 juventude - Rede Cultura Viva da Bahia\" \/>\n<meta property=\"og:description\" content=\"O FLIRCONTAS deste ano ganha dois espa\u00e7os especiais que aprofundam a proposta do festival de alcan\u00e7ar diferentes p\u00fablicos e fortalecer a rela\u00e7\u00e3o entre literatura, identidade e cria\u00e7\u00e3o coletiva: o Flircontinhas e o Flirrua. Voltado especialmente para o p\u00fablico infantil, o Flircontinhas se consolida como o Territ\u00f3rio da Inf\u00e2ncia, um espa\u00e7o de encantamento e descoberta onde [&hellip;]\" \/>\n<meta property=\"og:url\" content=\"https:\/\/bahia.culturaviva.net.br\/pt\/flircontas\/flircontas-ganha-espacos-dedicados-a-infancia-e-a-juventude\/\" \/>\n<meta property=\"og:site_name\" content=\"Rede Cultura Viva da Bahia\" \/>\n<meta property=\"article:published_time\" content=\"2025-11-22T09:00:00+00:00\" \/>\n<meta property=\"og:image\" content=\"https:\/\/bahia.culturaviva.net.br\/wp-content\/uploads\/2025\/11\/Design-sem-nome-1.png\" \/>\n\t<meta property=\"og:image:width\" content=\"1600\" \/>\n\t<meta property=\"og:image:height\" content=\"1200\" \/>\n\t<meta property=\"og:image:type\" content=\"image\/png\" \/>\n<meta name=\"author\" content=\"Gustavo Medeiros\" \/>\n<meta name=\"twitter:card\" content=\"summary_large_image\" \/>\n<meta name=\"twitter:label1\" content=\"Escrito por\" \/>\n\t<meta name=\"twitter:data1\" content=\"Gustavo Medeiros\" \/>\n\t<meta name=\"twitter:label2\" content=\"Est. tempo de leitura\" \/>\n\t<meta name=\"twitter:data2\" content=\"2 minutos\" \/>\n<script type=\"application\/ld+json\" class=\"yoast-schema-graph\">{\"@context\":\"https:\\\/\\\/schema.org\",\"@graph\":[{\"@type\":\"Article\",\"@id\":\"https:\\\/\\\/bahia.culturaviva.net.br\\\/flircontas\\\/flircontas-ganha-espacos-dedicados-a-infancia-e-a-juventude\\\/#article\",\"isPartOf\":{\"@id\":\"https:\\\/\\\/bahia.culturaviva.net.br\\\/flircontas\\\/flircontas-ganha-espacos-dedicados-a-infancia-e-a-juventude\\\/\"},\"author\":{\"name\":\"Gustavo Medeiros\",\"@id\":\"https:\\\/\\\/bahia.culturaviva.net.br\\\/#\\\/schema\\\/person\\\/f94981373011b5863e00a94890c91090\"},\"headline\":\"FLIRCONTAS ganha espa\u00e7os dedicados \u00e0 inf\u00e2ncia e \u00e0 juventude\",\"datePublished\":\"2025-11-22T09:00:00+00:00\",\"mainEntityOfPage\":{\"@id\":\"https:\\\/\\\/bahia.culturaviva.net.br\\\/flircontas\\\/flircontas-ganha-espacos-dedicados-a-infancia-e-a-juventude\\\/\"},\"wordCount\":192,\"commentCount\":0,\"publisher\":{\"@id\":\"https:\\\/\\\/bahia.culturaviva.net.br\\\/#organization\"},\"image\":{\"@id\":\"https:\\\/\\\/bahia.culturaviva.net.br\\\/flircontas\\\/flircontas-ganha-espacos-dedicados-a-infancia-e-a-juventude\\\/#primaryimage\"},\"thumbnailUrl\":\"https:\\\/\\\/bahia.culturaviva.net.br\\\/wp-content\\\/uploads\\\/2025\\\/11\\\/Design-sem-nome-1.png\",\"keywords\":[\"flicontinhas\",\"flirrua\",\"infancia\"],\"articleSection\":[\"Flircontas\"],\"inLanguage\":\"pt-BR\",\"potentialAction\":[{\"@type\":\"CommentAction\",\"name\":\"Comment\",\"target\":[\"https:\\\/\\\/bahia.culturaviva.net.br\\\/flircontas\\\/flircontas-ganha-espacos-dedicados-a-infancia-e-a-juventude\\\/#respond\"]}]},{\"@type\":\"WebPage\",\"@id\":\"https:\\\/\\\/bahia.culturaviva.net.br\\\/flircontas\\\/flircontas-ganha-espacos-dedicados-a-infancia-e-a-juventude\\\/\",\"url\":\"https:\\\/\\\/bahia.culturaviva.net.br\\\/flircontas\\\/flircontas-ganha-espacos-dedicados-a-infancia-e-a-juventude\\\/\",\"name\":\"FLIRCONTAS ganha espa\u00e7os dedicados \u00e0 inf\u00e2ncia e \u00e0 juventude - Rede Cultura Viva da Bahia\",\"isPartOf\":{\"@id\":\"https:\\\/\\\/bahia.culturaviva.net.br\\\/#website\"},\"primaryImageOfPage\":{\"@id\":\"https:\\\/\\\/bahia.culturaviva.net.br\\\/flircontas\\\/flircontas-ganha-espacos-dedicados-a-infancia-e-a-juventude\\\/#primaryimage\"},\"image\":{\"@id\":\"https:\\\/\\\/bahia.culturaviva.net.br\\\/flircontas\\\/flircontas-ganha-espacos-dedicados-a-infancia-e-a-juventude\\\/#primaryimage\"},\"thumbnailUrl\":\"https:\\\/\\\/bahia.culturaviva.net.br\\\/wp-content\\\/uploads\\\/2025\\\/11\\\/Design-sem-nome-1.png\",\"datePublished\":\"2025-11-22T09:00:00+00:00\",\"breadcrumb\":{\"@id\":\"https:\\\/\\\/bahia.culturaviva.net.br\\\/flircontas\\\/flircontas-ganha-espacos-dedicados-a-infancia-e-a-juventude\\\/#breadcrumb\"},\"inLanguage\":\"pt-BR\",\"potentialAction\":[{\"@type\":\"ReadAction\",\"target\":[\"https:\\\/\\\/bahia.culturaviva.net.br\\\/flircontas\\\/flircontas-ganha-espacos-dedicados-a-infancia-e-a-juventude\\\/\"]}]},{\"@type\":\"ImageObject\",\"inLanguage\":\"pt-BR\",\"@id\":\"https:\\\/\\\/bahia.culturaviva.net.br\\\/flircontas\\\/flircontas-ganha-espacos-dedicados-a-infancia-e-a-juventude\\\/#primaryimage\",\"url\":\"https:\\\/\\\/bahia.culturaviva.net.br\\\/wp-content\\\/uploads\\\/2025\\\/11\\\/Design-sem-nome-1.png\",\"contentUrl\":\"https:\\\/\\\/bahia.culturaviva.net.br\\\/wp-content\\\/uploads\\\/2025\\\/11\\\/Design-sem-nome-1.png\",\"width\":1600,\"height\":1200},{\"@type\":\"BreadcrumbList\",\"@id\":\"https:\\\/\\\/bahia.culturaviva.net.br\\\/flircontas\\\/flircontas-ganha-espacos-dedicados-a-infancia-e-a-juventude\\\/#breadcrumb\",\"itemListElement\":[{\"@type\":\"ListItem\",\"position\":1,\"name\":\"In\u00edcio\",\"item\":\"https:\\\/\\\/bahia.culturaviva.net.br\\\/\"},{\"@type\":\"ListItem\",\"position\":2,\"name\":\"FLIRCONTAS ganha espa\u00e7os dedicados \u00e0 inf\u00e2ncia e \u00e0 juventude\"}]},{\"@type\":\"WebSite\",\"@id\":\"https:\\\/\\\/bahia.culturaviva.net.br\\\/#website\",\"url\":\"https:\\\/\\\/bahia.culturaviva.net.br\\\/\",\"name\":\"Rede Cultura Viva da Bahia\",\"description\":\"Espa\u00e7o para Acervo, Informa\u00e7\u00e3o e Participa\u00e7\u00e3o Social da Rede de Pontos de Cultura da Bahia\",\"publisher\":{\"@id\":\"https:\\\/\\\/bahia.culturaviva.net.br\\\/#organization\"},\"potentialAction\":[{\"@type\":\"SearchAction\",\"target\":{\"@type\":\"EntryPoint\",\"urlTemplate\":\"https:\\\/\\\/bahia.culturaviva.net.br\\\/?s={search_term_string}\"},\"query-input\":{\"@type\":\"PropertyValueSpecification\",\"valueRequired\":true,\"valueName\":\"search_term_string\"}}],\"inLanguage\":\"pt-BR\"},{\"@type\":\"Organization\",\"@id\":\"https:\\\/\\\/bahia.culturaviva.net.br\\\/#organization\",\"name\":\"Rede Cultura Viva da Bahia\",\"url\":\"https:\\\/\\\/bahia.culturaviva.net.br\\\/\",\"logo\":{\"@type\":\"ImageObject\",\"inLanguage\":\"pt-BR\",\"@id\":\"https:\\\/\\\/bahia.culturaviva.net.br\\\/#\\\/schema\\\/logo\\\/image\\\/\",\"url\":\"https:\\\/\\\/bahia.culturaviva.net.br\\\/wp-content\\\/uploads\\\/2025\\\/11\\\/logo-plataforma-culturaviva-bahia-branco.png\",\"contentUrl\":\"https:\\\/\\\/bahia.culturaviva.net.br\\\/wp-content\\\/uploads\\\/2025\\\/11\\\/logo-plataforma-culturaviva-bahia-branco.png\",\"width\":628,\"height\":652,\"caption\":\"Rede Cultura Viva da Bahia\"},\"image\":{\"@id\":\"https:\\\/\\\/bahia.culturaviva.net.br\\\/#\\\/schema\\\/logo\\\/image\\\/\"}},{\"@type\":\"Person\",\"@id\":\"https:\\\/\\\/bahia.culturaviva.net.br\\\/#\\\/schema\\\/person\\\/f94981373011b5863e00a94890c91090\",\"name\":\"Gustavo Medeiros\",\"image\":{\"@type\":\"ImageObject\",\"inLanguage\":\"pt-BR\",\"@id\":\"https:\\\/\\\/secure.gravatar.com\\\/avatar\\\/f827bf50846cc3705e474dcacdab7842308a5b30d92b2b10d4fb284726ac45d3?s=96&d=mm&r=g\",\"url\":\"https:\\\/\\\/secure.gravatar.com\\\/avatar\\\/f827bf50846cc3705e474dcacdab7842308a5b30d92b2b10d4fb284726ac45d3?s=96&d=mm&r=g\",\"contentUrl\":\"https:\\\/\\\/secure.gravatar.com\\\/avatar\\\/f827bf50846cc3705e474dcacdab7842308a5b30d92b2b10d4fb284726ac45d3?s=96&d=mm&r=g\",\"caption\":\"Gustavo Medeiros\"},\"url\":\"https:\\\/\\\/bahia.culturaviva.net.br\\\/pt\\\/author\\\/gustavomedeiros\\\/\"}]}<\/script>\n<!-- \/ Yoast SEO plugin. -->","yoast_head_json":{"title":"FLIRCONTAS ganha espa\u00e7os dedicados \u00e0 inf\u00e2ncia e \u00e0 juventude - Rede Cultura Viva da Bahia","robots":{"index":"index","follow":"follow","max-snippet":"max-snippet:-1","max-image-preview":"max-image-preview:large","max-video-preview":"max-video-preview:-1"},"canonical":"https:\/\/bahia.culturaviva.net.br\/pt\/flircontas\/flircontas-ganha-espacos-dedicados-a-infancia-e-a-juventude\/","og_locale":"pt_BR","og_type":"article","og_title":"FLIRCONTAS ganha espa\u00e7os dedicados \u00e0 inf\u00e2ncia e \u00e0 juventude - Rede Cultura Viva da Bahia","og_description":"O FLIRCONTAS deste ano ganha dois espa\u00e7os especiais que aprofundam a proposta do festival de alcan\u00e7ar diferentes p\u00fablicos e fortalecer a rela\u00e7\u00e3o entre literatura, identidade e cria\u00e7\u00e3o coletiva: o Flircontinhas e o Flirrua. Voltado especialmente para o p\u00fablico infantil, o Flircontinhas se consolida como o Territ\u00f3rio da Inf\u00e2ncia, um espa\u00e7o de encantamento e descoberta onde [&hellip;]","og_url":"https:\/\/bahia.culturaviva.net.br\/pt\/flircontas\/flircontas-ganha-espacos-dedicados-a-infancia-e-a-juventude\/","og_site_name":"Rede Cultura Viva da Bahia","article_published_time":"2025-11-22T09:00:00+00:00","og_image":[{"width":1600,"height":1200,"url":"https:\/\/bahia.culturaviva.net.br\/wp-content\/uploads\/2025\/11\/Design-sem-nome-1.png","type":"image\/png"}],"author":"Gustavo Medeiros","twitter_card":"summary_large_image","twitter_misc":{"Escrito por":"Gustavo Medeiros","Est. tempo de leitura":"2 minutos"},"schema":{"@context":"https:\/\/schema.org","@graph":[{"@type":"Article","@id":"https:\/\/bahia.culturaviva.net.br\/flircontas\/flircontas-ganha-espacos-dedicados-a-infancia-e-a-juventude\/#article","isPartOf":{"@id":"https:\/\/bahia.culturaviva.net.br\/flircontas\/flircontas-ganha-espacos-dedicados-a-infancia-e-a-juventude\/"},"author":{"name":"Gustavo Medeiros","@id":"https:\/\/bahia.culturaviva.net.br\/#\/schema\/person\/f94981373011b5863e00a94890c91090"},"headline":"FLIRCONTAS ganha espa\u00e7os dedicados \u00e0 inf\u00e2ncia e \u00e0 juventude","datePublished":"2025-11-22T09:00:00+00:00","mainEntityOfPage":{"@id":"https:\/\/bahia.culturaviva.net.br\/flircontas\/flircontas-ganha-espacos-dedicados-a-infancia-e-a-juventude\/"},"wordCount":192,"commentCount":0,"publisher":{"@id":"https:\/\/bahia.culturaviva.net.br\/#organization"},"image":{"@id":"https:\/\/bahia.culturaviva.net.br\/flircontas\/flircontas-ganha-espacos-dedicados-a-infancia-e-a-juventude\/#primaryimage"},"thumbnailUrl":"https:\/\/bahia.culturaviva.net.br\/wp-content\/uploads\/2025\/11\/Design-sem-nome-1.png","keywords":["flicontinhas","flirrua","infancia"],"articleSection":["Flircontas"],"inLanguage":"pt-BR","potentialAction":[{"@type":"CommentAction","name":"Comment","target":["https:\/\/bahia.culturaviva.net.br\/flircontas\/flircontas-ganha-espacos-dedicados-a-infancia-e-a-juventude\/#respond"]}]},{"@type":"WebPage","@id":"https:\/\/bahia.culturaviva.net.br\/flircontas\/flircontas-ganha-espacos-dedicados-a-infancia-e-a-juventude\/","url":"https:\/\/bahia.culturaviva.net.br\/flircontas\/flircontas-ganha-espacos-dedicados-a-infancia-e-a-juventude\/","name":"FLIRCONTAS ganha espa\u00e7os dedicados \u00e0 inf\u00e2ncia e \u00e0 juventude - Rede Cultura Viva da Bahia","isPartOf":{"@id":"https:\/\/bahia.culturaviva.net.br\/#website"},"primaryImageOfPage":{"@id":"https:\/\/bahia.culturaviva.net.br\/flircontas\/flircontas-ganha-espacos-dedicados-a-infancia-e-a-juventude\/#primaryimage"},"image":{"@id":"https:\/\/bahia.culturaviva.net.br\/flircontas\/flircontas-ganha-espacos-dedicados-a-infancia-e-a-juventude\/#primaryimage"},"thumbnailUrl":"https:\/\/bahia.culturaviva.net.br\/wp-content\/uploads\/2025\/11\/Design-sem-nome-1.png","datePublished":"2025-11-22T09:00:00+00:00","breadcrumb":{"@id":"https:\/\/bahia.culturaviva.net.br\/flircontas\/flircontas-ganha-espacos-dedicados-a-infancia-e-a-juventude\/#breadcrumb"},"inLanguage":"pt-BR","potentialAction":[{"@type":"ReadAction","target":["https:\/\/bahia.culturaviva.net.br\/flircontas\/flircontas-ganha-espacos-dedicados-a-infancia-e-a-juventude\/"]}]},{"@type":"ImageObject","inLanguage":"pt-BR","@id":"https:\/\/bahia.culturaviva.net.br\/flircontas\/flircontas-ganha-espacos-dedicados-a-infancia-e-a-juventude\/#primaryimage","url":"https:\/\/bahia.culturaviva.net.br\/wp-content\/uploads\/2025\/11\/Design-sem-nome-1.png","contentUrl":"https:\/\/bahia.culturaviva.net.br\/wp-content\/uploads\/2025\/11\/Design-sem-nome-1.png","width":1600,"height":1200},{"@type":"BreadcrumbList","@id":"https:\/\/bahia.culturaviva.net.br\/flircontas\/flircontas-ganha-espacos-dedicados-a-infancia-e-a-juventude\/#breadcrumb","itemListElement":[{"@type":"ListItem","position":1,"name":"In\u00edcio","item":"https:\/\/bahia.culturaviva.net.br\/"},{"@type":"ListItem","position":2,"name":"FLIRCONTAS ganha espa\u00e7os dedicados \u00e0 inf\u00e2ncia e \u00e0 juventude"}]},{"@type":"WebSite","@id":"https:\/\/bahia.culturaviva.net.br\/#website","url":"https:\/\/bahia.culturaviva.net.br\/","name":"Rede Cultura Viva da Bahia","description":"Espa\u00e7o para Acervo, Informa\u00e7\u00e3o e Participa\u00e7\u00e3o Social da Rede de Pontos de Cultura da Bahia","publisher":{"@id":"https:\/\/bahia.culturaviva.net.br\/#organization"},"potentialAction":[{"@type":"SearchAction","target":{"@type":"EntryPoint","urlTemplate":"https:\/\/bahia.culturaviva.net.br\/?s={search_term_string}"},"query-input":{"@type":"PropertyValueSpecification","valueRequired":true,"valueName":"search_term_string"}}],"inLanguage":"pt-BR"},{"@type":"Organization","@id":"https:\/\/bahia.culturaviva.net.br\/#organization","name":"Rede Cultura Viva da Bahia","url":"https:\/\/bahia.culturaviva.net.br\/","logo":{"@type":"ImageObject","inLanguage":"pt-BR","@id":"https:\/\/bahia.culturaviva.net.br\/#\/schema\/logo\/image\/","url":"https:\/\/bahia.culturaviva.net.br\/wp-content\/uploads\/2025\/11\/logo-plataforma-culturaviva-bahia-branco.png","contentUrl":"https:\/\/bahia.culturaviva.net.br\/wp-content\/uploads\/2025\/11\/logo-plataforma-culturaviva-bahia-branco.png","width":628,"height":652,"caption":"Rede Cultura Viva da Bahia"},"image":{"@id":"https:\/\/bahia.culturaviva.net.br\/#\/schema\/logo\/image\/"}},{"@type":"Person","@id":"https:\/\/bahia.culturaviva.net.br\/#\/schema\/person\/f94981373011b5863e00a94890c91090","name":"Gustavo Medeiros","image":{"@type":"ImageObject","inLanguage":"pt-BR","@id":"https:\/\/secure.gravatar.com\/avatar\/f827bf50846cc3705e474dcacdab7842308a5b30d92b2b10d4fb284726ac45d3?s=96&d=mm&r=g","url":"https:\/\/secure.gravatar.com\/avatar\/f827bf50846cc3705e474dcacdab7842308a5b30d92b2b10d4fb284726ac45d3?s=96&d=mm&r=g","contentUrl":"https:\/\/secure.gravatar.com\/avatar\/f827bf50846cc3705e474dcacdab7842308a5b30d92b2b10d4fb284726ac45d3?s=96&d=mm&r=g","caption":"Gustavo Medeiros"},"url":"https:\/\/bahia.culturaviva.net.br\/pt\/author\/gustavomedeiros\/"}]}},"_links":{"self":[{"href":"https:\/\/bahia.culturaviva.net.br\/pt\/wp-json\/wp\/v2\/posts\/1454","targetHints":{"allow":["GET"]}}],"collection":[{"href":"https:\/\/bahia.culturaviva.net.br\/pt\/wp-json\/wp\/v2\/posts"}],"about":[{"href":"https:\/\/bahia.culturaviva.net.br\/pt\/wp-json\/wp\/v2\/types\/post"}],"author":[{"embeddable":true,"href":"https:\/\/bahia.culturaviva.net.br\/pt\/wp-json\/wp\/v2\/users\/5"}],"replies":[{"embeddable":true,"href":"https:\/\/bahia.culturaviva.net.br\/pt\/wp-json\/wp\/v2\/comments?post=1454"}],"version-history":[{"count":1,"href":"https:\/\/bahia.culturaviva.net.br\/pt\/wp-json\/wp\/v2\/posts\/1454\/revisions"}],"predecessor-version":[{"id":1455,"href":"https:\/\/bahia.culturaviva.net.br\/pt\/wp-json\/wp\/v2\/posts\/1454\/revisions\/1455"}],"wp:featuredmedia":[{"embeddable":true,"href":"https:\/\/bahia.culturaviva.net.br\/pt\/wp-json\/wp\/v2\/media\/1371"}],"wp:attachment":[{"href":"https:\/\/bahia.culturaviva.net.br\/pt\/wp-json\/wp\/v2\/media?parent=1454"}],"wp:term":[{"taxonomy":"category","embeddable":true,"href":"https:\/\/bahia.culturaviva.net.br\/pt\/wp-json\/wp\/v2\/categories?post=1454"},{"taxonomy":"post_tag","embeddable":true,"href":"https:\/\/bahia.culturaviva.net.br\/pt\/wp-json\/wp\/v2\/tags?post=1454"}],"curies":[{"name":"wp","href":"https:\/\/api.w.org\/{rel}","templated":true}]}}