{"id":1505,"date":"2025-11-24T20:55:32","date_gmt":"2025-11-24T23:55:32","guid":{"rendered":"https:\/\/bahia.culturaviva.net.br\/?p=1505"},"modified":"2025-11-25T15:36:03","modified_gmt":"2025-11-25T18:36:03","slug":"confira-a-programacao-do-flircontinhas","status":"publish","type":"post","link":"https:\/\/bahia.culturaviva.net.br\/pt\/flircontas\/confira-a-programacao-do-flircontinhas\/","title":{"rendered":"Confira a programa\u00e7\u00e3o do Flircontinhas"},"content":{"rendered":"<p>O Flircontinhas promete dois dias de pura divers\u00e3o para o p\u00fablico infantil na Tenda Laurindo R\u00e9gis, montada no Estrela da Chapada, com uma programa\u00e7\u00e3o variada que inclui pintura facial, brincadeiras, conta\u00e7\u00f5es de hist\u00f3rias e o \u00d4nibus BIBEX da Funda\u00e7\u00e3o Pedro Calmon funcionando das 8h \u00e0s 17h.<\/p>\n\n\n\n<p> Na programa\u00e7\u00e3o do espa\u00e7o, est\u00e3o as apresenta\u00e7\u00f5es teatrais e circenses, lan\u00e7amentos de livros, oficinas criativas como <em>O Livro do Futuro<\/em> e n\u00fameros culturais que v\u00e3o do teatro \u00e0 capoeira - um encontro vibrante onde a literatura se mistura com arte, jogo e imagina\u00e7\u00e3o para celebrar a inf\u00e2ncia no FLIRCONTAS.<\/p>\n\n\n\n<p><\/p>\n\n\n\n<p>Confira aqui tudo o que vai acontecer no Flrcontinhas<\/p>\n\n\n\n<p><strong>28 de novembro, sexta-feira<\/strong><\/p>\n\n\n\n<p><strong>Local : Tenda Laurindo R\u00e9gis - Estrela da Chapada<\/strong><\/p>\n\n\n\n<p>08h \u00e0s 17h&nbsp;<\/p>\n\n\n\n<p>Pintura facial e brincadeiras<\/p>\n\n\n\n<p>08h - Espet\u00e1culo A Barcarola Encantada - Grupo de Teatro Vira Toco<\/p>\n\n\n\n<p>09h \u00e0s 17h<\/p>\n\n\n\n<p>Conta\u00e7\u00e3o de hist\u00f3rias e Projeto Leve e Leia<\/p>\n\n\n\n<p>\u00d4nibus BIBEX - Funda\u00e7\u00e3o Pedro Calmon<\/p>\n\n\n\n<p>09h - Conta\u00e7\u00e3o de Hist\u00f3rias - Gra\u00e7a Salles e Nadja + Lan\u00e7amento de livro<\/p>\n\n\n\n<p>10h - Apresenta\u00e7\u00e3o Gira Mundo - Circo Giramundo&nbsp;<\/p>\n\n\n\n<p>13h - Performance Oficina - O Livro do Futuro&nbsp;<\/p>\n\n\n\n<p>14h30 - Lan\u00e7amento Coletivo - Cole\u00e7\u00e3o Estudantes da Escola Mato Grosso<\/p>\n\n\n\n<p>15h30 - Espet\u00e1culo A Barcarola Encantada - Grupo de Teatro Vira Toco<\/p>\n\n\n\n<p><strong>29 de novembro - s\u00e1bado<br>Local : Tenda Laurindo R\u00e9gis - Estrela da Chapada<\/strong><br><br>8h \u00e0s 17h\u00a0<br>Pintura facial e brincadeiras<br><br>09h \u00e0s 17h<br>Conta\u00e7\u00e3o de hist\u00f3rias e Projeto Leve e Leia<br>\u00d4nibus BIBEX - Funda\u00e7\u00e3o Pedro Calmon<br><br>09h30 - Espet\u00e1culo A Barcarola Encantada - Grupo de Teatro Vira Toco<br>10h30 - Apresenta\u00e7\u00e3o O Nariz Encantado - Coletivo Dupla de Dois<br>15h - Roda de Capoeira do Ponto de Cultura OASIS - Grupo Gueto<\/p>","protected":false},"excerpt":{"rendered":"<p>O Flircontinhas promete dois dias de pura divers\u00e3o para o p\u00fablico infantil na Tenda Laurindo R\u00e9gis, montada no Estrela da Chapada, com uma programa\u00e7\u00e3o variada que inclui pintura facial, brincadeiras, conta\u00e7\u00f5es de hist\u00f3rias e o \u00d4nibus BIBEX da Funda\u00e7\u00e3o Pedro Calmon funcionando das 8h \u00e0s 17h. Na programa\u00e7\u00e3o do espa\u00e7o, est\u00e3o as apresenta\u00e7\u00f5es teatrais e [&hellip;]<\/p>\n","protected":false},"author":5,"featured_media":1371,"comment_status":"open","ping_status":"open","sticky":false,"template":"","format":"standard","meta":{"_acf_changed":false,"_gspb_post_css":"","footnotes":""},"categories":[68],"tags":[9,96,97],"class_list":["post-1505","post","type-post","status-publish","format-standard","has-post-thumbnail","hentry","category-flircontas","tag-breaking","tag-flircontinhas","tag-programacao"],"blocksy_meta":[],"acf":[],"yoast_head":"<!-- This site is optimized with the Yoast SEO plugin v27.3 - https:\/\/yoast.com\/product\/yoast-seo-wordpress\/ -->\n<title>Confira a programa\u00e7\u00e3o do Flircontinhas - Rede Cultura Viva da Bahia<\/title>\n<meta name=\"robots\" content=\"index, follow, max-snippet:-1, max-image-preview:large, max-video-preview:-1\" \/>\n<link rel=\"canonical\" href=\"https:\/\/bahia.culturaviva.net.br\/pt\/flircontas\/confira-a-programacao-do-flircontinhas\/\" \/>\n<meta property=\"og:locale\" content=\"pt_BR\" \/>\n<meta property=\"og:type\" content=\"article\" \/>\n<meta property=\"og:title\" content=\"Confira a programa\u00e7\u00e3o do Flircontinhas - Rede Cultura Viva da Bahia\" \/>\n<meta property=\"og:description\" content=\"O Flircontinhas promete dois dias de pura divers\u00e3o para o p\u00fablico infantil na Tenda Laurindo R\u00e9gis, montada no Estrela da Chapada, com uma programa\u00e7\u00e3o variada que inclui pintura facial, brincadeiras, conta\u00e7\u00f5es de hist\u00f3rias e o \u00d4nibus BIBEX da Funda\u00e7\u00e3o Pedro Calmon funcionando das 8h \u00e0s 17h. Na programa\u00e7\u00e3o do espa\u00e7o, est\u00e3o as apresenta\u00e7\u00f5es teatrais e [&hellip;]\" \/>\n<meta property=\"og:url\" content=\"https:\/\/bahia.culturaviva.net.br\/pt\/flircontas\/confira-a-programacao-do-flircontinhas\/\" \/>\n<meta property=\"og:site_name\" content=\"Rede Cultura Viva da Bahia\" \/>\n<meta property=\"article:published_time\" content=\"2025-11-24T23:55:32+00:00\" \/>\n<meta property=\"article:modified_time\" content=\"2025-11-25T18:36:03+00:00\" \/>\n<meta property=\"og:image\" content=\"https:\/\/bahia.culturaviva.net.br\/wp-content\/uploads\/2025\/11\/Design-sem-nome-1.png\" \/>\n\t<meta property=\"og:image:width\" content=\"1600\" \/>\n\t<meta property=\"og:image:height\" content=\"1200\" \/>\n\t<meta property=\"og:image:type\" content=\"image\/png\" \/>\n<meta name=\"author\" content=\"Gustavo Medeiros\" \/>\n<meta name=\"twitter:card\" content=\"summary_large_image\" \/>\n<meta name=\"twitter:label1\" content=\"Escrito por\" \/>\n\t<meta name=\"twitter:data1\" content=\"Gustavo Medeiros\" \/>\n\t<meta name=\"twitter:label2\" content=\"Est. tempo de leitura\" \/>\n\t<meta name=\"twitter:data2\" content=\"2 minutos\" \/>\n<script type=\"application\/ld+json\" class=\"yoast-schema-graph\">{\"@context\":\"https:\\\/\\\/schema.org\",\"@graph\":[{\"@type\":\"Article\",\"@id\":\"https:\\\/\\\/bahia.culturaviva.net.br\\\/flircontas\\\/confira-a-programacao-do-flircontinhas\\\/#article\",\"isPartOf\":{\"@id\":\"https:\\\/\\\/bahia.culturaviva.net.br\\\/flircontas\\\/confira-a-programacao-do-flircontinhas\\\/\"},\"author\":{\"name\":\"Gustavo Medeiros\",\"@id\":\"https:\\\/\\\/bahia.culturaviva.net.br\\\/#\\\/schema\\\/person\\\/f94981373011b5863e00a94890c91090\"},\"headline\":\"Confira a programa\u00e7\u00e3o do Flircontinhas\",\"datePublished\":\"2025-11-24T23:55:32+00:00\",\"dateModified\":\"2025-11-25T18:36:03+00:00\",\"mainEntityOfPage\":{\"@id\":\"https:\\\/\\\/bahia.culturaviva.net.br\\\/flircontas\\\/confira-a-programacao-do-flircontinhas\\\/\"},\"wordCount\":318,\"commentCount\":0,\"publisher\":{\"@id\":\"https:\\\/\\\/bahia.culturaviva.net.br\\\/#organization\"},\"image\":{\"@id\":\"https:\\\/\\\/bahia.culturaviva.net.br\\\/flircontas\\\/confira-a-programacao-do-flircontinhas\\\/#primaryimage\"},\"thumbnailUrl\":\"https:\\\/\\\/bahia.culturaviva.net.br\\\/wp-content\\\/uploads\\\/2025\\\/11\\\/Design-sem-nome-1.png\",\"keywords\":[\"Extra\",\"flircontinhas\",\"programacao\"],\"articleSection\":[\"Flircontas\"],\"inLanguage\":\"pt-BR\",\"potentialAction\":[{\"@type\":\"CommentAction\",\"name\":\"Comment\",\"target\":[\"https:\\\/\\\/bahia.culturaviva.net.br\\\/flircontas\\\/confira-a-programacao-do-flircontinhas\\\/#respond\"]}]},{\"@type\":\"WebPage\",\"@id\":\"https:\\\/\\\/bahia.culturaviva.net.br\\\/flircontas\\\/confira-a-programacao-do-flircontinhas\\\/\",\"url\":\"https:\\\/\\\/bahia.culturaviva.net.br\\\/flircontas\\\/confira-a-programacao-do-flircontinhas\\\/\",\"name\":\"Confira a programa\u00e7\u00e3o do Flircontinhas - Rede Cultura Viva da Bahia\",\"isPartOf\":{\"@id\":\"https:\\\/\\\/bahia.culturaviva.net.br\\\/#website\"},\"primaryImageOfPage\":{\"@id\":\"https:\\\/\\\/bahia.culturaviva.net.br\\\/flircontas\\\/confira-a-programacao-do-flircontinhas\\\/#primaryimage\"},\"image\":{\"@id\":\"https:\\\/\\\/bahia.culturaviva.net.br\\\/flircontas\\\/confira-a-programacao-do-flircontinhas\\\/#primaryimage\"},\"thumbnailUrl\":\"https:\\\/\\\/bahia.culturaviva.net.br\\\/wp-content\\\/uploads\\\/2025\\\/11\\\/Design-sem-nome-1.png\",\"datePublished\":\"2025-11-24T23:55:32+00:00\",\"dateModified\":\"2025-11-25T18:36:03+00:00\",\"breadcrumb\":{\"@id\":\"https:\\\/\\\/bahia.culturaviva.net.br\\\/flircontas\\\/confira-a-programacao-do-flircontinhas\\\/#breadcrumb\"},\"inLanguage\":\"pt-BR\",\"potentialAction\":[{\"@type\":\"ReadAction\",\"target\":[\"https:\\\/\\\/bahia.culturaviva.net.br\\\/flircontas\\\/confira-a-programacao-do-flircontinhas\\\/\"]}]},{\"@type\":\"ImageObject\",\"inLanguage\":\"pt-BR\",\"@id\":\"https:\\\/\\\/bahia.culturaviva.net.br\\\/flircontas\\\/confira-a-programacao-do-flircontinhas\\\/#primaryimage\",\"url\":\"https:\\\/\\\/bahia.culturaviva.net.br\\\/wp-content\\\/uploads\\\/2025\\\/11\\\/Design-sem-nome-1.png\",\"contentUrl\":\"https:\\\/\\\/bahia.culturaviva.net.br\\\/wp-content\\\/uploads\\\/2025\\\/11\\\/Design-sem-nome-1.png\",\"width\":1600,\"height\":1200},{\"@type\":\"BreadcrumbList\",\"@id\":\"https:\\\/\\\/bahia.culturaviva.net.br\\\/flircontas\\\/confira-a-programacao-do-flircontinhas\\\/#breadcrumb\",\"itemListElement\":[{\"@type\":\"ListItem\",\"position\":1,\"name\":\"In\u00edcio\",\"item\":\"https:\\\/\\\/bahia.culturaviva.net.br\\\/\"},{\"@type\":\"ListItem\",\"position\":2,\"name\":\"Confira a programa\u00e7\u00e3o do Flircontinhas\"}]},{\"@type\":\"WebSite\",\"@id\":\"https:\\\/\\\/bahia.culturaviva.net.br\\\/#website\",\"url\":\"https:\\\/\\\/bahia.culturaviva.net.br\\\/\",\"name\":\"Rede Cultura Viva da Bahia\",\"description\":\"Espa\u00e7o para Acervo, Informa\u00e7\u00e3o e Participa\u00e7\u00e3o Social da Rede de Pontos de Cultura da Bahia\",\"publisher\":{\"@id\":\"https:\\\/\\\/bahia.culturaviva.net.br\\\/#organization\"},\"potentialAction\":[{\"@type\":\"SearchAction\",\"target\":{\"@type\":\"EntryPoint\",\"urlTemplate\":\"https:\\\/\\\/bahia.culturaviva.net.br\\\/?s={search_term_string}\"},\"query-input\":{\"@type\":\"PropertyValueSpecification\",\"valueRequired\":true,\"valueName\":\"search_term_string\"}}],\"inLanguage\":\"pt-BR\"},{\"@type\":\"Organization\",\"@id\":\"https:\\\/\\\/bahia.culturaviva.net.br\\\/#organization\",\"name\":\"Rede Cultura Viva da Bahia\",\"url\":\"https:\\\/\\\/bahia.culturaviva.net.br\\\/\",\"logo\":{\"@type\":\"ImageObject\",\"inLanguage\":\"pt-BR\",\"@id\":\"https:\\\/\\\/bahia.culturaviva.net.br\\\/#\\\/schema\\\/logo\\\/image\\\/\",\"url\":\"https:\\\/\\\/bahia.culturaviva.net.br\\\/wp-content\\\/uploads\\\/2025\\\/11\\\/logo-plataforma-culturaviva-bahia-branco.png\",\"contentUrl\":\"https:\\\/\\\/bahia.culturaviva.net.br\\\/wp-content\\\/uploads\\\/2025\\\/11\\\/logo-plataforma-culturaviva-bahia-branco.png\",\"width\":628,\"height\":652,\"caption\":\"Rede Cultura Viva da Bahia\"},\"image\":{\"@id\":\"https:\\\/\\\/bahia.culturaviva.net.br\\\/#\\\/schema\\\/logo\\\/image\\\/\"}},{\"@type\":\"Person\",\"@id\":\"https:\\\/\\\/bahia.culturaviva.net.br\\\/#\\\/schema\\\/person\\\/f94981373011b5863e00a94890c91090\",\"name\":\"Gustavo Medeiros\",\"image\":{\"@type\":\"ImageObject\",\"inLanguage\":\"pt-BR\",\"@id\":\"https:\\\/\\\/secure.gravatar.com\\\/avatar\\\/f827bf50846cc3705e474dcacdab7842308a5b30d92b2b10d4fb284726ac45d3?s=96&d=mm&r=g\",\"url\":\"https:\\\/\\\/secure.gravatar.com\\\/avatar\\\/f827bf50846cc3705e474dcacdab7842308a5b30d92b2b10d4fb284726ac45d3?s=96&d=mm&r=g\",\"contentUrl\":\"https:\\\/\\\/secure.gravatar.com\\\/avatar\\\/f827bf50846cc3705e474dcacdab7842308a5b30d92b2b10d4fb284726ac45d3?s=96&d=mm&r=g\",\"caption\":\"Gustavo Medeiros\"},\"url\":\"https:\\\/\\\/bahia.culturaviva.net.br\\\/pt\\\/author\\\/gustavomedeiros\\\/\"}]}<\/script>\n<!-- \/ Yoast SEO plugin. -->","yoast_head_json":{"title":"Confira a programa\u00e7\u00e3o do Flircontinhas - Rede Cultura Viva da Bahia","robots":{"index":"index","follow":"follow","max-snippet":"max-snippet:-1","max-image-preview":"max-image-preview:large","max-video-preview":"max-video-preview:-1"},"canonical":"https:\/\/bahia.culturaviva.net.br\/pt\/flircontas\/confira-a-programacao-do-flircontinhas\/","og_locale":"pt_BR","og_type":"article","og_title":"Confira a programa\u00e7\u00e3o do Flircontinhas - Rede Cultura Viva da Bahia","og_description":"O Flircontinhas promete dois dias de pura divers\u00e3o para o p\u00fablico infantil na Tenda Laurindo R\u00e9gis, montada no Estrela da Chapada, com uma programa\u00e7\u00e3o variada que inclui pintura facial, brincadeiras, conta\u00e7\u00f5es de hist\u00f3rias e o \u00d4nibus BIBEX da Funda\u00e7\u00e3o Pedro Calmon funcionando das 8h \u00e0s 17h. Na programa\u00e7\u00e3o do espa\u00e7o, est\u00e3o as apresenta\u00e7\u00f5es teatrais e [&hellip;]","og_url":"https:\/\/bahia.culturaviva.net.br\/pt\/flircontas\/confira-a-programacao-do-flircontinhas\/","og_site_name":"Rede Cultura Viva da Bahia","article_published_time":"2025-11-24T23:55:32+00:00","article_modified_time":"2025-11-25T18:36:03+00:00","og_image":[{"width":1600,"height":1200,"url":"https:\/\/bahia.culturaviva.net.br\/wp-content\/uploads\/2025\/11\/Design-sem-nome-1.png","type":"image\/png"}],"author":"Gustavo Medeiros","twitter_card":"summary_large_image","twitter_misc":{"Escrito por":"Gustavo Medeiros","Est. tempo de leitura":"2 minutos"},"schema":{"@context":"https:\/\/schema.org","@graph":[{"@type":"Article","@id":"https:\/\/bahia.culturaviva.net.br\/flircontas\/confira-a-programacao-do-flircontinhas\/#article","isPartOf":{"@id":"https:\/\/bahia.culturaviva.net.br\/flircontas\/confira-a-programacao-do-flircontinhas\/"},"author":{"name":"Gustavo Medeiros","@id":"https:\/\/bahia.culturaviva.net.br\/#\/schema\/person\/f94981373011b5863e00a94890c91090"},"headline":"Confira a programa\u00e7\u00e3o do Flircontinhas","datePublished":"2025-11-24T23:55:32+00:00","dateModified":"2025-11-25T18:36:03+00:00","mainEntityOfPage":{"@id":"https:\/\/bahia.culturaviva.net.br\/flircontas\/confira-a-programacao-do-flircontinhas\/"},"wordCount":318,"commentCount":0,"publisher":{"@id":"https:\/\/bahia.culturaviva.net.br\/#organization"},"image":{"@id":"https:\/\/bahia.culturaviva.net.br\/flircontas\/confira-a-programacao-do-flircontinhas\/#primaryimage"},"thumbnailUrl":"https:\/\/bahia.culturaviva.net.br\/wp-content\/uploads\/2025\/11\/Design-sem-nome-1.png","keywords":["Extra","flircontinhas","programacao"],"articleSection":["Flircontas"],"inLanguage":"pt-BR","potentialAction":[{"@type":"CommentAction","name":"Comment","target":["https:\/\/bahia.culturaviva.net.br\/flircontas\/confira-a-programacao-do-flircontinhas\/#respond"]}]},{"@type":"WebPage","@id":"https:\/\/bahia.culturaviva.net.br\/flircontas\/confira-a-programacao-do-flircontinhas\/","url":"https:\/\/bahia.culturaviva.net.br\/flircontas\/confira-a-programacao-do-flircontinhas\/","name":"Confira a programa\u00e7\u00e3o do Flircontinhas - Rede Cultura Viva da Bahia","isPartOf":{"@id":"https:\/\/bahia.culturaviva.net.br\/#website"},"primaryImageOfPage":{"@id":"https:\/\/bahia.culturaviva.net.br\/flircontas\/confira-a-programacao-do-flircontinhas\/#primaryimage"},"image":{"@id":"https:\/\/bahia.culturaviva.net.br\/flircontas\/confira-a-programacao-do-flircontinhas\/#primaryimage"},"thumbnailUrl":"https:\/\/bahia.culturaviva.net.br\/wp-content\/uploads\/2025\/11\/Design-sem-nome-1.png","datePublished":"2025-11-24T23:55:32+00:00","dateModified":"2025-11-25T18:36:03+00:00","breadcrumb":{"@id":"https:\/\/bahia.culturaviva.net.br\/flircontas\/confira-a-programacao-do-flircontinhas\/#breadcrumb"},"inLanguage":"pt-BR","potentialAction":[{"@type":"ReadAction","target":["https:\/\/bahia.culturaviva.net.br\/flircontas\/confira-a-programacao-do-flircontinhas\/"]}]},{"@type":"ImageObject","inLanguage":"pt-BR","@id":"https:\/\/bahia.culturaviva.net.br\/flircontas\/confira-a-programacao-do-flircontinhas\/#primaryimage","url":"https:\/\/bahia.culturaviva.net.br\/wp-content\/uploads\/2025\/11\/Design-sem-nome-1.png","contentUrl":"https:\/\/bahia.culturaviva.net.br\/wp-content\/uploads\/2025\/11\/Design-sem-nome-1.png","width":1600,"height":1200},{"@type":"BreadcrumbList","@id":"https:\/\/bahia.culturaviva.net.br\/flircontas\/confira-a-programacao-do-flircontinhas\/#breadcrumb","itemListElement":[{"@type":"ListItem","position":1,"name":"In\u00edcio","item":"https:\/\/bahia.culturaviva.net.br\/"},{"@type":"ListItem","position":2,"name":"Confira a programa\u00e7\u00e3o do Flircontinhas"}]},{"@type":"WebSite","@id":"https:\/\/bahia.culturaviva.net.br\/#website","url":"https:\/\/bahia.culturaviva.net.br\/","name":"Rede Cultura Viva da Bahia","description":"Espa\u00e7o para Acervo, Informa\u00e7\u00e3o e Participa\u00e7\u00e3o Social da Rede de Pontos de Cultura da Bahia","publisher":{"@id":"https:\/\/bahia.culturaviva.net.br\/#organization"},"potentialAction":[{"@type":"SearchAction","target":{"@type":"EntryPoint","urlTemplate":"https:\/\/bahia.culturaviva.net.br\/?s={search_term_string}"},"query-input":{"@type":"PropertyValueSpecification","valueRequired":true,"valueName":"search_term_string"}}],"inLanguage":"pt-BR"},{"@type":"Organization","@id":"https:\/\/bahia.culturaviva.net.br\/#organization","name":"Rede Cultura Viva da Bahia","url":"https:\/\/bahia.culturaviva.net.br\/","logo":{"@type":"ImageObject","inLanguage":"pt-BR","@id":"https:\/\/bahia.culturaviva.net.br\/#\/schema\/logo\/image\/","url":"https:\/\/bahia.culturaviva.net.br\/wp-content\/uploads\/2025\/11\/logo-plataforma-culturaviva-bahia-branco.png","contentUrl":"https:\/\/bahia.culturaviva.net.br\/wp-content\/uploads\/2025\/11\/logo-plataforma-culturaviva-bahia-branco.png","width":628,"height":652,"caption":"Rede Cultura Viva da Bahia"},"image":{"@id":"https:\/\/bahia.culturaviva.net.br\/#\/schema\/logo\/image\/"}},{"@type":"Person","@id":"https:\/\/bahia.culturaviva.net.br\/#\/schema\/person\/f94981373011b5863e00a94890c91090","name":"Gustavo Medeiros","image":{"@type":"ImageObject","inLanguage":"pt-BR","@id":"https:\/\/secure.gravatar.com\/avatar\/f827bf50846cc3705e474dcacdab7842308a5b30d92b2b10d4fb284726ac45d3?s=96&d=mm&r=g","url":"https:\/\/secure.gravatar.com\/avatar\/f827bf50846cc3705e474dcacdab7842308a5b30d92b2b10d4fb284726ac45d3?s=96&d=mm&r=g","contentUrl":"https:\/\/secure.gravatar.com\/avatar\/f827bf50846cc3705e474dcacdab7842308a5b30d92b2b10d4fb284726ac45d3?s=96&d=mm&r=g","caption":"Gustavo Medeiros"},"url":"https:\/\/bahia.culturaviva.net.br\/pt\/author\/gustavomedeiros\/"}]}},"_links":{"self":[{"href":"https:\/\/bahia.culturaviva.net.br\/pt\/wp-json\/wp\/v2\/posts\/1505","targetHints":{"allow":["GET"]}}],"collection":[{"href":"https:\/\/bahia.culturaviva.net.br\/pt\/wp-json\/wp\/v2\/posts"}],"about":[{"href":"https:\/\/bahia.culturaviva.net.br\/pt\/wp-json\/wp\/v2\/types\/post"}],"author":[{"embeddable":true,"href":"https:\/\/bahia.culturaviva.net.br\/pt\/wp-json\/wp\/v2\/users\/5"}],"replies":[{"embeddable":true,"href":"https:\/\/bahia.culturaviva.net.br\/pt\/wp-json\/wp\/v2\/comments?post=1505"}],"version-history":[{"count":1,"href":"https:\/\/bahia.culturaviva.net.br\/pt\/wp-json\/wp\/v2\/posts\/1505\/revisions"}],"predecessor-version":[{"id":1506,"href":"https:\/\/bahia.culturaviva.net.br\/pt\/wp-json\/wp\/v2\/posts\/1505\/revisions\/1506"}],"wp:featuredmedia":[{"embeddable":true,"href":"https:\/\/bahia.culturaviva.net.br\/pt\/wp-json\/wp\/v2\/media\/1371"}],"wp:attachment":[{"href":"https:\/\/bahia.culturaviva.net.br\/pt\/wp-json\/wp\/v2\/media?parent=1505"}],"wp:term":[{"taxonomy":"category","embeddable":true,"href":"https:\/\/bahia.culturaviva.net.br\/pt\/wp-json\/wp\/v2\/categories?post=1505"},{"taxonomy":"post_tag","embeddable":true,"href":"https:\/\/bahia.culturaviva.net.br\/pt\/wp-json\/wp\/v2\/tags?post=1505"}],"curies":[{"name":"wp","href":"https:\/\/api.w.org\/{rel}","templated":true}]}}