{"id":1543,"date":"2025-11-26T06:00:00","date_gmt":"2025-11-26T09:00:00","guid":{"rendered":"https:\/\/bahia.culturaviva.net.br\/?p=1543"},"modified":"2025-11-25T22:25:15","modified_gmt":"2025-11-26T01:25:15","slug":"conversa-com-o-autor-promove-discussao-sobre-historia-e-identidade","status":"publish","type":"post","link":"https:\/\/bahia.culturaviva.net.br\/pt\/flircontas\/conversa-com-o-autor-promove-discussao-sobre-historia-e-identidade\/","title":{"rendered":"Conversa com o Autor promove discuss\u00e3o sobre hist\u00f3ria e identidade"},"content":{"rendered":"<p>A Bahia \u00e9 um territ\u00f3rio que pulsa mem\u00f3ria - e o FLIRCONTAS abre caminho para que essas hist\u00f3rias ganhem voz no Conversa com o Autor, que vai reunir, na pr\u00f3xima sexta-feira (28), na Tenda Maria Brand\u00e3o, os autores Mois\u00e9s Frutuoso e Jair Cardoso para revisitar epis\u00f3dios decisivos da forma\u00e7\u00e3o pol\u00edtica baiana, em um di\u00e1logo que entrela\u00e7a passado e presente. <\/p>\n\n\n\n<p>Com media\u00e7\u00e3o de <strong>Ana Paula Soares<\/strong>, O encontro conduz o p\u00fablico aos bastidores das pesquisas e \u00e0s disputas que moldaram o imagin\u00e1rio local. <em>\u201cMorram Marotos - Antilusitanismo, Projetos e Identidades Pol\u00edticas em Rio de Contas (1822-1823)\u201d<\/em>, A obra em que Frutuoso ilumina um cap\u00edtulo vibrante e pouco explorado da hist\u00f3ria regional.<\/p>","protected":false},"excerpt":{"rendered":"<p>A Bahia \u00e9 um territ\u00f3rio que pulsa mem\u00f3ria \u2014 e o FLIRCONTAS abre caminho para que essas hist\u00f3rias ganhem voz no Conversa com o Autor, que vai reunir, na pr\u00f3xima sexta-feira (28), na Tenda Maria Brand\u00e3o, os autores Mois\u00e9s Frutuoso e Jair Cardoso para revisitar epis\u00f3dios decisivos da forma\u00e7\u00e3o pol\u00edtica baiana, em um di\u00e1logo que [&hellip;]<\/p>\n","protected":false},"author":5,"featured_media":1371,"comment_status":"open","ping_status":"open","sticky":false,"template":"","format":"standard","meta":{"_acf_changed":false,"_gspb_post_css":"","footnotes":""},"categories":[68],"tags":[100,77,101,102],"class_list":["post-1543","post","type-post","status-publish","format-standard","has-post-thumbnail","hentry","category-flircontas","tag-autor","tag-conversa","tag-historia","tag-identidade"],"blocksy_meta":[],"acf":[],"yoast_head":"<!-- This site is optimized with the Yoast SEO plugin v27.3 - https:\/\/yoast.com\/product\/yoast-seo-wordpress\/ -->\n<title>Conversa com o Autor promove discuss\u00e3o sobre hist\u00f3ria e identidade - Rede Cultura Viva da Bahia<\/title>\n<meta name=\"robots\" content=\"index, follow, max-snippet:-1, max-image-preview:large, max-video-preview:-1\" \/>\n<link rel=\"canonical\" href=\"https:\/\/bahia.culturaviva.net.br\/pt\/flircontas\/conversa-com-o-autor-promove-discussao-sobre-historia-e-identidade\/\" \/>\n<meta property=\"og:locale\" content=\"pt_BR\" \/>\n<meta property=\"og:type\" content=\"article\" \/>\n<meta property=\"og:title\" content=\"Conversa com o Autor promove discuss\u00e3o sobre hist\u00f3ria e identidade - Rede Cultura Viva da Bahia\" \/>\n<meta property=\"og:description\" content=\"A Bahia \u00e9 um territ\u00f3rio que pulsa mem\u00f3ria \u2014 e o FLIRCONTAS abre caminho para que essas hist\u00f3rias ganhem voz no Conversa com o Autor, que vai reunir, na pr\u00f3xima sexta-feira (28), na Tenda Maria Brand\u00e3o, os autores Mois\u00e9s Frutuoso e Jair Cardoso para revisitar epis\u00f3dios decisivos da forma\u00e7\u00e3o pol\u00edtica baiana, em um di\u00e1logo que [&hellip;]\" \/>\n<meta property=\"og:url\" content=\"https:\/\/bahia.culturaviva.net.br\/pt\/flircontas\/conversa-com-o-autor-promove-discussao-sobre-historia-e-identidade\/\" \/>\n<meta property=\"og:site_name\" content=\"Rede Cultura Viva da Bahia\" \/>\n<meta property=\"article:published_time\" content=\"2025-11-26T09:00:00+00:00\" \/>\n<meta property=\"og:image\" content=\"https:\/\/bahia.culturaviva.net.br\/wp-content\/uploads\/2025\/11\/Design-sem-nome-1.png\" \/>\n\t<meta property=\"og:image:width\" content=\"1600\" \/>\n\t<meta property=\"og:image:height\" content=\"1200\" \/>\n\t<meta property=\"og:image:type\" content=\"image\/png\" \/>\n<meta name=\"author\" content=\"Gustavo Medeiros\" \/>\n<meta name=\"twitter:card\" content=\"summary_large_image\" \/>\n<meta name=\"twitter:label1\" content=\"Escrito por\" \/>\n\t<meta name=\"twitter:data1\" content=\"Gustavo Medeiros\" \/>\n\t<meta name=\"twitter:label2\" content=\"Est. tempo de leitura\" \/>\n\t<meta name=\"twitter:data2\" content=\"1 minuto\" \/>\n<script type=\"application\/ld+json\" class=\"yoast-schema-graph\">{\"@context\":\"https:\\\/\\\/schema.org\",\"@graph\":[{\"@type\":\"Article\",\"@id\":\"https:\\\/\\\/bahia.culturaviva.net.br\\\/flircontas\\\/conversa-com-o-autor-promove-discussao-sobre-historia-e-identidade\\\/#article\",\"isPartOf\":{\"@id\":\"https:\\\/\\\/bahia.culturaviva.net.br\\\/flircontas\\\/conversa-com-o-autor-promove-discussao-sobre-historia-e-identidade\\\/\"},\"author\":{\"name\":\"Gustavo Medeiros\",\"@id\":\"https:\\\/\\\/bahia.culturaviva.net.br\\\/#\\\/schema\\\/person\\\/f94981373011b5863e00a94890c91090\"},\"headline\":\"Conversa com o Autor promove discuss\u00e3o sobre hist\u00f3ria e identidade\",\"datePublished\":\"2025-11-26T09:00:00+00:00\",\"mainEntityOfPage\":{\"@id\":\"https:\\\/\\\/bahia.culturaviva.net.br\\\/flircontas\\\/conversa-com-o-autor-promove-discussao-sobre-historia-e-identidade\\\/\"},\"wordCount\":142,\"commentCount\":0,\"publisher\":{\"@id\":\"https:\\\/\\\/bahia.culturaviva.net.br\\\/#organization\"},\"image\":{\"@id\":\"https:\\\/\\\/bahia.culturaviva.net.br\\\/flircontas\\\/conversa-com-o-autor-promove-discussao-sobre-historia-e-identidade\\\/#primaryimage\"},\"thumbnailUrl\":\"https:\\\/\\\/bahia.culturaviva.net.br\\\/wp-content\\\/uploads\\\/2025\\\/11\\\/Design-sem-nome-1.png\",\"keywords\":[\"autor\",\"conversa\",\"historia\",\"identidade\"],\"articleSection\":[\"Flircontas\"],\"inLanguage\":\"pt-BR\",\"potentialAction\":[{\"@type\":\"CommentAction\",\"name\":\"Comment\",\"target\":[\"https:\\\/\\\/bahia.culturaviva.net.br\\\/flircontas\\\/conversa-com-o-autor-promove-discussao-sobre-historia-e-identidade\\\/#respond\"]}]},{\"@type\":\"WebPage\",\"@id\":\"https:\\\/\\\/bahia.culturaviva.net.br\\\/flircontas\\\/conversa-com-o-autor-promove-discussao-sobre-historia-e-identidade\\\/\",\"url\":\"https:\\\/\\\/bahia.culturaviva.net.br\\\/flircontas\\\/conversa-com-o-autor-promove-discussao-sobre-historia-e-identidade\\\/\",\"name\":\"Conversa com o Autor promove discuss\u00e3o sobre hist\u00f3ria e identidade - Rede Cultura Viva da Bahia\",\"isPartOf\":{\"@id\":\"https:\\\/\\\/bahia.culturaviva.net.br\\\/#website\"},\"primaryImageOfPage\":{\"@id\":\"https:\\\/\\\/bahia.culturaviva.net.br\\\/flircontas\\\/conversa-com-o-autor-promove-discussao-sobre-historia-e-identidade\\\/#primaryimage\"},\"image\":{\"@id\":\"https:\\\/\\\/bahia.culturaviva.net.br\\\/flircontas\\\/conversa-com-o-autor-promove-discussao-sobre-historia-e-identidade\\\/#primaryimage\"},\"thumbnailUrl\":\"https:\\\/\\\/bahia.culturaviva.net.br\\\/wp-content\\\/uploads\\\/2025\\\/11\\\/Design-sem-nome-1.png\",\"datePublished\":\"2025-11-26T09:00:00+00:00\",\"breadcrumb\":{\"@id\":\"https:\\\/\\\/bahia.culturaviva.net.br\\\/flircontas\\\/conversa-com-o-autor-promove-discussao-sobre-historia-e-identidade\\\/#breadcrumb\"},\"inLanguage\":\"pt-BR\",\"potentialAction\":[{\"@type\":\"ReadAction\",\"target\":[\"https:\\\/\\\/bahia.culturaviva.net.br\\\/flircontas\\\/conversa-com-o-autor-promove-discussao-sobre-historia-e-identidade\\\/\"]}]},{\"@type\":\"ImageObject\",\"inLanguage\":\"pt-BR\",\"@id\":\"https:\\\/\\\/bahia.culturaviva.net.br\\\/flircontas\\\/conversa-com-o-autor-promove-discussao-sobre-historia-e-identidade\\\/#primaryimage\",\"url\":\"https:\\\/\\\/bahia.culturaviva.net.br\\\/wp-content\\\/uploads\\\/2025\\\/11\\\/Design-sem-nome-1.png\",\"contentUrl\":\"https:\\\/\\\/bahia.culturaviva.net.br\\\/wp-content\\\/uploads\\\/2025\\\/11\\\/Design-sem-nome-1.png\",\"width\":1600,\"height\":1200},{\"@type\":\"BreadcrumbList\",\"@id\":\"https:\\\/\\\/bahia.culturaviva.net.br\\\/flircontas\\\/conversa-com-o-autor-promove-discussao-sobre-historia-e-identidade\\\/#breadcrumb\",\"itemListElement\":[{\"@type\":\"ListItem\",\"position\":1,\"name\":\"In\u00edcio\",\"item\":\"https:\\\/\\\/bahia.culturaviva.net.br\\\/\"},{\"@type\":\"ListItem\",\"position\":2,\"name\":\"Conversa com o Autor promove discuss\u00e3o sobre hist\u00f3ria e identidade\"}]},{\"@type\":\"WebSite\",\"@id\":\"https:\\\/\\\/bahia.culturaviva.net.br\\\/#website\",\"url\":\"https:\\\/\\\/bahia.culturaviva.net.br\\\/\",\"name\":\"Rede Cultura Viva da Bahia\",\"description\":\"Espa\u00e7o para Acervo, Informa\u00e7\u00e3o e Participa\u00e7\u00e3o Social da Rede de Pontos de Cultura da Bahia\",\"publisher\":{\"@id\":\"https:\\\/\\\/bahia.culturaviva.net.br\\\/#organization\"},\"potentialAction\":[{\"@type\":\"SearchAction\",\"target\":{\"@type\":\"EntryPoint\",\"urlTemplate\":\"https:\\\/\\\/bahia.culturaviva.net.br\\\/?s={search_term_string}\"},\"query-input\":{\"@type\":\"PropertyValueSpecification\",\"valueRequired\":true,\"valueName\":\"search_term_string\"}}],\"inLanguage\":\"pt-BR\"},{\"@type\":\"Organization\",\"@id\":\"https:\\\/\\\/bahia.culturaviva.net.br\\\/#organization\",\"name\":\"Rede Cultura Viva da Bahia\",\"url\":\"https:\\\/\\\/bahia.culturaviva.net.br\\\/\",\"logo\":{\"@type\":\"ImageObject\",\"inLanguage\":\"pt-BR\",\"@id\":\"https:\\\/\\\/bahia.culturaviva.net.br\\\/#\\\/schema\\\/logo\\\/image\\\/\",\"url\":\"https:\\\/\\\/bahia.culturaviva.net.br\\\/wp-content\\\/uploads\\\/2025\\\/11\\\/logo-plataforma-culturaviva-bahia-branco.png\",\"contentUrl\":\"https:\\\/\\\/bahia.culturaviva.net.br\\\/wp-content\\\/uploads\\\/2025\\\/11\\\/logo-plataforma-culturaviva-bahia-branco.png\",\"width\":628,\"height\":652,\"caption\":\"Rede Cultura Viva da Bahia\"},\"image\":{\"@id\":\"https:\\\/\\\/bahia.culturaviva.net.br\\\/#\\\/schema\\\/logo\\\/image\\\/\"}},{\"@type\":\"Person\",\"@id\":\"https:\\\/\\\/bahia.culturaviva.net.br\\\/#\\\/schema\\\/person\\\/f94981373011b5863e00a94890c91090\",\"name\":\"Gustavo Medeiros\",\"image\":{\"@type\":\"ImageObject\",\"inLanguage\":\"pt-BR\",\"@id\":\"https:\\\/\\\/secure.gravatar.com\\\/avatar\\\/f827bf50846cc3705e474dcacdab7842308a5b30d92b2b10d4fb284726ac45d3?s=96&d=mm&r=g\",\"url\":\"https:\\\/\\\/secure.gravatar.com\\\/avatar\\\/f827bf50846cc3705e474dcacdab7842308a5b30d92b2b10d4fb284726ac45d3?s=96&d=mm&r=g\",\"contentUrl\":\"https:\\\/\\\/secure.gravatar.com\\\/avatar\\\/f827bf50846cc3705e474dcacdab7842308a5b30d92b2b10d4fb284726ac45d3?s=96&d=mm&r=g\",\"caption\":\"Gustavo Medeiros\"},\"url\":\"https:\\\/\\\/bahia.culturaviva.net.br\\\/pt\\\/author\\\/gustavomedeiros\\\/\"}]}<\/script>\n<!-- \/ Yoast SEO plugin. -->","yoast_head_json":{"title":"Conversa com o Autor promove discuss\u00e3o sobre hist\u00f3ria e identidade - Rede Cultura Viva da Bahia","robots":{"index":"index","follow":"follow","max-snippet":"max-snippet:-1","max-image-preview":"max-image-preview:large","max-video-preview":"max-video-preview:-1"},"canonical":"https:\/\/bahia.culturaviva.net.br\/pt\/flircontas\/conversa-com-o-autor-promove-discussao-sobre-historia-e-identidade\/","og_locale":"pt_BR","og_type":"article","og_title":"Conversa com o Autor promove discuss\u00e3o sobre hist\u00f3ria e identidade - Rede Cultura Viva da Bahia","og_description":"A Bahia \u00e9 um territ\u00f3rio que pulsa mem\u00f3ria \u2014 e o FLIRCONTAS abre caminho para que essas hist\u00f3rias ganhem voz no Conversa com o Autor, que vai reunir, na pr\u00f3xima sexta-feira (28), na Tenda Maria Brand\u00e3o, os autores Mois\u00e9s Frutuoso e Jair Cardoso para revisitar epis\u00f3dios decisivos da forma\u00e7\u00e3o pol\u00edtica baiana, em um di\u00e1logo que [&hellip;]","og_url":"https:\/\/bahia.culturaviva.net.br\/pt\/flircontas\/conversa-com-o-autor-promove-discussao-sobre-historia-e-identidade\/","og_site_name":"Rede Cultura Viva da Bahia","article_published_time":"2025-11-26T09:00:00+00:00","og_image":[{"width":1600,"height":1200,"url":"https:\/\/bahia.culturaviva.net.br\/wp-content\/uploads\/2025\/11\/Design-sem-nome-1.png","type":"image\/png"}],"author":"Gustavo Medeiros","twitter_card":"summary_large_image","twitter_misc":{"Escrito por":"Gustavo Medeiros","Est. tempo de leitura":"1 minuto"},"schema":{"@context":"https:\/\/schema.org","@graph":[{"@type":"Article","@id":"https:\/\/bahia.culturaviva.net.br\/flircontas\/conversa-com-o-autor-promove-discussao-sobre-historia-e-identidade\/#article","isPartOf":{"@id":"https:\/\/bahia.culturaviva.net.br\/flircontas\/conversa-com-o-autor-promove-discussao-sobre-historia-e-identidade\/"},"author":{"name":"Gustavo Medeiros","@id":"https:\/\/bahia.culturaviva.net.br\/#\/schema\/person\/f94981373011b5863e00a94890c91090"},"headline":"Conversa com o Autor promove discuss\u00e3o sobre hist\u00f3ria e identidade","datePublished":"2025-11-26T09:00:00+00:00","mainEntityOfPage":{"@id":"https:\/\/bahia.culturaviva.net.br\/flircontas\/conversa-com-o-autor-promove-discussao-sobre-historia-e-identidade\/"},"wordCount":142,"commentCount":0,"publisher":{"@id":"https:\/\/bahia.culturaviva.net.br\/#organization"},"image":{"@id":"https:\/\/bahia.culturaviva.net.br\/flircontas\/conversa-com-o-autor-promove-discussao-sobre-historia-e-identidade\/#primaryimage"},"thumbnailUrl":"https:\/\/bahia.culturaviva.net.br\/wp-content\/uploads\/2025\/11\/Design-sem-nome-1.png","keywords":["autor","conversa","historia","identidade"],"articleSection":["Flircontas"],"inLanguage":"pt-BR","potentialAction":[{"@type":"CommentAction","name":"Comment","target":["https:\/\/bahia.culturaviva.net.br\/flircontas\/conversa-com-o-autor-promove-discussao-sobre-historia-e-identidade\/#respond"]}]},{"@type":"WebPage","@id":"https:\/\/bahia.culturaviva.net.br\/flircontas\/conversa-com-o-autor-promove-discussao-sobre-historia-e-identidade\/","url":"https:\/\/bahia.culturaviva.net.br\/flircontas\/conversa-com-o-autor-promove-discussao-sobre-historia-e-identidade\/","name":"Conversa com o Autor promove discuss\u00e3o sobre hist\u00f3ria e identidade - Rede Cultura Viva da Bahia","isPartOf":{"@id":"https:\/\/bahia.culturaviva.net.br\/#website"},"primaryImageOfPage":{"@id":"https:\/\/bahia.culturaviva.net.br\/flircontas\/conversa-com-o-autor-promove-discussao-sobre-historia-e-identidade\/#primaryimage"},"image":{"@id":"https:\/\/bahia.culturaviva.net.br\/flircontas\/conversa-com-o-autor-promove-discussao-sobre-historia-e-identidade\/#primaryimage"},"thumbnailUrl":"https:\/\/bahia.culturaviva.net.br\/wp-content\/uploads\/2025\/11\/Design-sem-nome-1.png","datePublished":"2025-11-26T09:00:00+00:00","breadcrumb":{"@id":"https:\/\/bahia.culturaviva.net.br\/flircontas\/conversa-com-o-autor-promove-discussao-sobre-historia-e-identidade\/#breadcrumb"},"inLanguage":"pt-BR","potentialAction":[{"@type":"ReadAction","target":["https:\/\/bahia.culturaviva.net.br\/flircontas\/conversa-com-o-autor-promove-discussao-sobre-historia-e-identidade\/"]}]},{"@type":"ImageObject","inLanguage":"pt-BR","@id":"https:\/\/bahia.culturaviva.net.br\/flircontas\/conversa-com-o-autor-promove-discussao-sobre-historia-e-identidade\/#primaryimage","url":"https:\/\/bahia.culturaviva.net.br\/wp-content\/uploads\/2025\/11\/Design-sem-nome-1.png","contentUrl":"https:\/\/bahia.culturaviva.net.br\/wp-content\/uploads\/2025\/11\/Design-sem-nome-1.png","width":1600,"height":1200},{"@type":"BreadcrumbList","@id":"https:\/\/bahia.culturaviva.net.br\/flircontas\/conversa-com-o-autor-promove-discussao-sobre-historia-e-identidade\/#breadcrumb","itemListElement":[{"@type":"ListItem","position":1,"name":"In\u00edcio","item":"https:\/\/bahia.culturaviva.net.br\/"},{"@type":"ListItem","position":2,"name":"Conversa com o Autor promove discuss\u00e3o sobre hist\u00f3ria e identidade"}]},{"@type":"WebSite","@id":"https:\/\/bahia.culturaviva.net.br\/#website","url":"https:\/\/bahia.culturaviva.net.br\/","name":"Rede Cultura Viva da Bahia","description":"Espa\u00e7o para Acervo, Informa\u00e7\u00e3o e Participa\u00e7\u00e3o Social da Rede de Pontos de Cultura da Bahia","publisher":{"@id":"https:\/\/bahia.culturaviva.net.br\/#organization"},"potentialAction":[{"@type":"SearchAction","target":{"@type":"EntryPoint","urlTemplate":"https:\/\/bahia.culturaviva.net.br\/?s={search_term_string}"},"query-input":{"@type":"PropertyValueSpecification","valueRequired":true,"valueName":"search_term_string"}}],"inLanguage":"pt-BR"},{"@type":"Organization","@id":"https:\/\/bahia.culturaviva.net.br\/#organization","name":"Rede Cultura Viva da Bahia","url":"https:\/\/bahia.culturaviva.net.br\/","logo":{"@type":"ImageObject","inLanguage":"pt-BR","@id":"https:\/\/bahia.culturaviva.net.br\/#\/schema\/logo\/image\/","url":"https:\/\/bahia.culturaviva.net.br\/wp-content\/uploads\/2025\/11\/logo-plataforma-culturaviva-bahia-branco.png","contentUrl":"https:\/\/bahia.culturaviva.net.br\/wp-content\/uploads\/2025\/11\/logo-plataforma-culturaviva-bahia-branco.png","width":628,"height":652,"caption":"Rede Cultura Viva da Bahia"},"image":{"@id":"https:\/\/bahia.culturaviva.net.br\/#\/schema\/logo\/image\/"}},{"@type":"Person","@id":"https:\/\/bahia.culturaviva.net.br\/#\/schema\/person\/f94981373011b5863e00a94890c91090","name":"Gustavo Medeiros","image":{"@type":"ImageObject","inLanguage":"pt-BR","@id":"https:\/\/secure.gravatar.com\/avatar\/f827bf50846cc3705e474dcacdab7842308a5b30d92b2b10d4fb284726ac45d3?s=96&d=mm&r=g","url":"https:\/\/secure.gravatar.com\/avatar\/f827bf50846cc3705e474dcacdab7842308a5b30d92b2b10d4fb284726ac45d3?s=96&d=mm&r=g","contentUrl":"https:\/\/secure.gravatar.com\/avatar\/f827bf50846cc3705e474dcacdab7842308a5b30d92b2b10d4fb284726ac45d3?s=96&d=mm&r=g","caption":"Gustavo Medeiros"},"url":"https:\/\/bahia.culturaviva.net.br\/pt\/author\/gustavomedeiros\/"}]}},"_links":{"self":[{"href":"https:\/\/bahia.culturaviva.net.br\/pt\/wp-json\/wp\/v2\/posts\/1543","targetHints":{"allow":["GET"]}}],"collection":[{"href":"https:\/\/bahia.culturaviva.net.br\/pt\/wp-json\/wp\/v2\/posts"}],"about":[{"href":"https:\/\/bahia.culturaviva.net.br\/pt\/wp-json\/wp\/v2\/types\/post"}],"author":[{"embeddable":true,"href":"https:\/\/bahia.culturaviva.net.br\/pt\/wp-json\/wp\/v2\/users\/5"}],"replies":[{"embeddable":true,"href":"https:\/\/bahia.culturaviva.net.br\/pt\/wp-json\/wp\/v2\/comments?post=1543"}],"version-history":[{"count":2,"href":"https:\/\/bahia.culturaviva.net.br\/pt\/wp-json\/wp\/v2\/posts\/1543\/revisions"}],"predecessor-version":[{"id":1545,"href":"https:\/\/bahia.culturaviva.net.br\/pt\/wp-json\/wp\/v2\/posts\/1543\/revisions\/1545"}],"wp:featuredmedia":[{"embeddable":true,"href":"https:\/\/bahia.culturaviva.net.br\/pt\/wp-json\/wp\/v2\/media\/1371"}],"wp:attachment":[{"href":"https:\/\/bahia.culturaviva.net.br\/pt\/wp-json\/wp\/v2\/media?parent=1543"}],"wp:term":[{"taxonomy":"category","embeddable":true,"href":"https:\/\/bahia.culturaviva.net.br\/pt\/wp-json\/wp\/v2\/categories?post=1543"},{"taxonomy":"post_tag","embeddable":true,"href":"https:\/\/bahia.culturaviva.net.br\/pt\/wp-json\/wp\/v2\/tags?post=1543"}],"curies":[{"name":"wp","href":"https:\/\/api.w.org\/{rel}","templated":true}]}}