{"id":1559,"date":"2025-11-26T22:51:23","date_gmt":"2025-11-27T01:51:23","guid":{"rendered":"https:\/\/bahia.culturaviva.net.br\/?p=1559"},"modified":"2025-11-26T22:51:24","modified_gmt":"2025-11-27T01:51:24","slug":"divulgada-a-programacao-geral","status":"publish","type":"post","link":"https:\/\/bahia.culturaviva.net.br\/pt\/flircontas\/divulgada-a-programacao-geral\/","title":{"rendered":"Divulgada a programa\u00e7\u00e3o geral"},"content":{"rendered":"<p>A programa\u00e7\u00e3o do FLIRCONTAS j\u00e1 est\u00e1 no ar para voc\u00ea n\u00e3o perder nada do que vai acontecer na cidade. S\u00e3o tr\u00eas dias de imers\u00e3o em literatura, arte e cultura para todas as idades, reunindo debates, lan\u00e7amentos, m\u00fasica, exposi\u00e7\u00f5es, atividades infantis e muito mais. Um festival diverso, pulsante e acolhedor, feito para quem deseja viver Rio de Contas em sua plenitude criativa.<\/p>\n\n\n\n<p>Confira aqui a programa\u00e7\u00e3o<\/p>\n\n\n\n<p><strong>27 de novembro - Quinta-feira<\/strong><\/p>\n\n\n\n<p>13h - Janelas Liter\u00e1rias - Poemas dos estudantes da rede municipal. Janelas do Centro Hist\u00f3rico<\/p>\n\n\n\n<p>16h - Cortejo Cultural Sa\u00edda do CIRCEA - Centro Hist\u00f3rico<\/p>\n\n\n\n<p>19h - Abertura Oficial e homenageados&nbsp;<\/p>\n\n\n\n<p>Apresenta\u00e7\u00e3o - Lira dos artistas<br>Palco Carmo Joaquim - Pra\u00e7a da Matriz<\/p>\n\n\n\n<p><strong>28 de novembro - Sexta-feira<\/strong><\/p>\n\n\n\n<p>8h - Espet\u00e1culo A Barcarola Encantada - Grupo Vira Toco (Flircontinhas)<br>Tenda Laurindo R\u00e9gis - Estrela da Chapada<\/p>\n\n\n\n<p>8h -17h - Pintura facial e brincadeiras (Flircontinhas)<br>Tenda Laurindo R\u00e9gis - Estrela da Chapada<\/p>\n\n\n\n<p>8h -17h - Exposi\u00e7\u00e3o Projeto Arca de No\u00e9 - Poemas do Autor Vin\u00edcius de Morais - Escola Juvenal Candido De Oliveira - CEMJCO<\/p>\n\n\n\n<p>Tenda Laurindo R\u00e9gis - Estrela da Chapada&nbsp;<\/p>\n\n\n\n<p>08h30 - Apresenta\u00e7\u00e3o Cultural Bumba Meu Boi da Escola Despertar&nbsp;<\/p>\n\n\n\n<p>Tenda Laurindo R\u00e9gis - Estrela da Chapada&nbsp;<\/p>\n\n\n\n<p>9h - Conta\u00e7\u00e3o de hist\u00f3rias + Lan\u00e7amento de livro \u201cO pincel da Lulu\u201d com Nadja Nunes (Flircontinhas)<br>Tenda Laurindo R\u00e9gis - Estrela da Chapada&nbsp;<\/p>\n\n\n\n<p>9h - Roda de Conversa \u201cA Terra Fala - Vozes Ind\u00edgenas\u201d<br>Clube Rio Contense<\/p>\n\n\n\n<p>9h-17h - Conta\u00e7\u00e3o de hist\u00f3rias e projeto Leve e Leia - BIBEX Funda\u00e7\u00e3o Pedro Calmon (Flircontinhas)<br>Tenda Laurindo R\u00e9gis - Estrela da Chapada&nbsp;<\/p>\n\n\n\n<p>10h - Apresenta\u00e7\u00e3o Circo Giramundo (Flircontinhas)<br>Tenda Laurindo R\u00e9gis - Estrela da Chapada&nbsp;<\/p>\n\n\n\n<p>10h - Oficina de audiovisual com Carlos Souto<br>Casa de C\u00e2mara e Cadeia<\/p>\n\n\n\n<p>10h30 - Painel Tem\u00e1tico O Papel da Literatura na Identidade e Cidadania Cultural com Em\u00edlio Tapioca e Gil Moreira<br>Clube Rio Contense<\/p>\n\n\n\n<p>10h -18h - Exposi\u00e7\u00e3o \u201cCores, Sabores, Saberes e Movimentos da Nossa Hist\u00f3ria\u201d - Projeto AVE dos estudantes das Escolas Estaduais do Territ\u00f3rio Chapada Diamantina (FlirRua)<br>F\u00f3rum<\/p>\n\n\n\n<p>13h - Oficina \/ Performance \u201cO Livro do Futuro\u201d com Jo\u00e3o Gonzaga (Flircontinhas)<br>Tenda Laurindo R\u00e9gis - Estrela da Chapada&nbsp;&nbsp;<\/p>\n\n\n\n<p>14h - Pedro Malazartes - Performance do Ponto de Cultura de Caetit\u00e9<br>Cal\u00e7ad\u00e3o do F\u00f3rum<\/p>\n\n\n\n<p>14h - Roda de Conversa \u201cA Terra Ensina - Saberes Quilombolas e Educa\u00e7\u00e3o Antirracista\u201d<br>Clube Rio Contense<\/p>\n\n\n\n<p>14h30 - Lan\u00e7amento Coletivo - Cole\u00e7\u00e3o Estudantes da Escola Mato Grosso<\/p>\n\n\n\n<p>70 livros escritos pelos alunos do EF 1 da Escola Ana Petrolina (Flircontinhas)<br>Tenda Laurindo R\u00e9gis - Estrela da Chapada&nbsp;<\/p>\n\n\n\n<p>15h - Expo Mari\u00f4 - Arte de Terreiro + OASIS: Mem\u00f3rias e Trajet\u00f3ria do Ponto de Cultura OASIS<\/p>\n\n\n\n<p>Tenda Maria Brand\u00e3o<\/p>\n\n\n\n<p>15h30 - Roda de Conversa \u201cA Terra Guarda - Povos de Terreiro\u201d<br>Clube Rio Contense<\/p>\n\n\n\n<p>15h30 - Espet\u00e1culo A Barcarola Encantada (Flircontinhas)&nbsp;<\/p>\n\n\n\n<p>Tenda Laurindo R\u00e9gis -Espa\u00e7o Estrela da Chapada<\/p>\n\n\n\n<p>16h30 - Conversa com Ryane Le\u00e3o e Lan\u00e7amento de Estudantes do IFBA + Coral<\/p>\n\n\n\n<p>Tenda Maria Brand\u00e3o<\/p>\n\n\n\n<p>17h30 - Lan\u00e7amento do livro \u201cMorram Marotos!\u201d + bate papo com Mois\u00e9s Frutuoso e Jair Cardoso<br>Tenda Maria Brand\u00e3o<\/p>\n\n\n\n<p>18h - Mostra de Curtas (FlirCine\/Facine)<br>F\u00f3rum<\/p>\n\n\n\n<p>18h30 - Lan\u00e7amento Coletivo - Contos e Cr\u00f4nicas + pocket show Folha do Carvoeiro<br>Cal\u00e7ad\u00e3o do F\u00f3rum - Tenda Maria Brand\u00e3o<\/p>\n\n\n\n<p>20h - Shows: Quintas do Samba - 4Ns - Carlinhos Brown<br>Palco Carmo Joaquim<\/p>\n\n\n\n<p><strong>29 de novembro - S\u00e1bado<\/strong><\/p>\n\n\n\n<p>8h - Pintura facial e brincadeiras (Flircontinhas)<br>Clube Rio Contense<\/p>\n\n\n\n<p>8h -17h - Exposi\u00e7\u00e3o Projeto Arca de No\u00e9 - Poemas do Autor Vin\u00edcius de Morais - Escola Juvenal Candido De Oliveira<\/p>\n\n\n\n<p>8h30 - Juventudes (FlirRua)<br>Clube Rio&nbsp;<\/p>\n\n\n\n<p>8h30 - Apresenta\u00e7\u00e3o Projeto Despertar - Se\u00e7\u00e3o de Educa\u00e7\u00e3o do Munic\u00edpio - Estudantes da Rede&nbsp;<\/p>\n\n\n\n<p>Cal\u00e7ad\u00e3o do F\u00f3rum&nbsp;<\/p>\n\n\n\n<p>9h-17h - Conta\u00e7\u00e3o de hist\u00f3rias e projeto Leve e Leia - BIBEX Funda\u00e7\u00e3o Pedro Calmon (Flircontinhas)<br>Tenda Laurindo R\u00e9gis - Estrela da Chapada&nbsp;<\/p>\n\n\n\n<p>09h-11h30 - Trilha da Palavra: Oficina de escrita e exerc\u00edcios de imagina\u00e7\u00e3o com Tom Correa<\/p>\n\n\n\n<p>Col\u00e9gio Carlos Souto<\/p>\n\n\n\n<p>9h-12h - Expo Mari\u00f4 - Arte de Terreiro + OASIS: Mem\u00f3rias e Trajet\u00f3ria do Ponto de Cultura&nbsp;<\/p>\n\n\n\n<p>Espa\u00e7o OASIS<\/p>\n\n\n\n<p>9h-11h - Oficina Cultura Viva (Pedro Jatob\u00e1)<br>Ponto Oasis<\/p>\n\n\n\n<p>9h - Lan\u00e7amento Coletivo (Autores selecionados)<\/p>\n\n\n\n<p>Performance de Rique Silva (Sarau Boteco Po\u00e9tico)<br>Tenda Maria Brand\u00e3o\u00a0<\/p>\n\n\n\n<p>9h30 - Espet\u00e1culo A Barcarola Encantada (Flircontinhas)&nbsp;<\/p>\n\n\n\n<p>Tenda Maria Brand\u00e3o<\/p>\n\n\n\n<p>10h - Pol\u00edticas Culturais do MINC -FUNARTE para Rio de Contas com Maria Mariguella e Ana Rosa<\/p>\n\n\n\n<p>Tenda Maria Brand\u00e3o<\/p>\n\n\n\n<p>10h - Exposi\u00e7\u00e3o \u201cCores, Sabores, Saberes e Movimentos da Nossa Hist\u00f3ria\u201d (FlirRua)<\/p>\n\n\n\n<p>Ponto de Cultura OASIS ;<\/p>\n\n\n\n<p>10h30 - Conversa com o autor Jean Wyllys. Media\u00e7\u00e3o Marluccia Ara\u00fajo<br>Tenda Maria Brand\u00e3o<\/p>\n\n\n\n<p>10h30 - O Nariz Encantado (Flircontinhas)<br>Tenda Laurindo R\u00e9gis - Espa\u00e7o Estrela da Chapada&nbsp;<\/p>\n\n\n\n<p>11h30 - Performance Gira Mundo<br>Cal\u00e7ad\u00e3o do F\u00f3rum<\/p>\n\n\n\n<p>13h - Performance \u201cDesenho por Saber\u201d<br>Cal\u00e7ad\u00e3o do F\u00f3rum<\/p>\n\n\n\n<p>13h-16h30 - Encontro Tecendo Redes + F\u00f3rum Livre dos Pontos de Cultura&nbsp;<\/p>\n\n\n\n<p>Lan\u00e7amento da Plataforma Cultura Viva Bahia<\/p>\n\n\n\n<p>Apresenta\u00e7\u00e3o Abass\u00e1 de Oxal\u00e1 e Cortejo com Pontos de Cultura e Manifesta\u00e7\u00f5es Culturais do Territ\u00f3rio<br>Clube Rio Contense<\/p>\n\n\n\n<p>14h Conta\u00e7\u00e3o de hist\u00f3ria com Gra\u00e7a Sales (Flircontinhas)<\/p>\n\n\n\n<p>14h - 3\u00ba Encontro ForTe CulTura com Em\u00edlio Tapioca<\/p>\n\n\n\n<p>Clube Rio Contense<\/p>\n\n\n\n<p>14h30h - Roda de conversa escrita criativa e produ\u00e7\u00e3o liter\u00e1ria de jornalistas e comunicadores com Jean Wyllys&nbsp;<\/p>\n\n\n\n<p>15h - Roda de Capoeira - Flircontinhas<br>Ponto de cultura Oasis<\/p>\n\n\n\n<p>16h30 - Janela Musical - Jo\u00e3o Gonzaga<br>Janela do F\u00f3rum<\/p>\n\n\n\n<p>17h40 - Performance \u201cA Palavra no Corpo\u201d<br>Pra\u00e7a do F\u00f3rum<\/p>\n\n\n\n<p>18h-19h30 - Mostra de Filmes (FlirCine + Facine)<br>Teatro S\u00e3o Carlos<\/p>\n\n\n\n<p>20h - Shows: Afrosamba - Yaya Massemba - Del Feliz - Olodum<br>Palco Principal<\/p>","protected":false},"excerpt":{"rendered":"<p>A programa\u00e7\u00e3o do FLIRCONTAS j\u00e1 est\u00e1 no ar para voc\u00ea n\u00e3o perder nada do que vai acontecer na cidade. S\u00e3o tr\u00eas dias de imers\u00e3o em literatura, arte e cultura para todas as idades, reunindo debates, lan\u00e7amentos, m\u00fasica, exposi\u00e7\u00f5es, atividades infantis e muito mais. Um festival diverso, pulsante e acolhedor, feito para quem deseja viver Rio [&hellip;]<\/p>\n","protected":false},"author":5,"featured_media":1371,"comment_status":"open","ping_status":"open","sticky":false,"template":"","format":"standard","meta":{"_acf_changed":false,"_gspb_post_css":"","footnotes":""},"categories":[68],"tags":[69,97],"class_list":["post-1559","post","type-post","status-publish","format-standard","has-post-thumbnail","hentry","category-flircontas","tag-flircontas","tag-programacao"],"blocksy_meta":[],"acf":[],"yoast_head":"<!-- This site is optimized with the Yoast SEO plugin v27.3 - https:\/\/yoast.com\/product\/yoast-seo-wordpress\/ -->\n<title>Divulgada a programa\u00e7\u00e3o geral - Rede Cultura Viva da Bahia<\/title>\n<meta name=\"robots\" content=\"index, follow, max-snippet:-1, max-image-preview:large, max-video-preview:-1\" \/>\n<link rel=\"canonical\" href=\"https:\/\/bahia.culturaviva.net.br\/pt\/flircontas\/divulgada-a-programacao-geral\/\" \/>\n<meta property=\"og:locale\" content=\"pt_BR\" \/>\n<meta property=\"og:type\" content=\"article\" \/>\n<meta property=\"og:title\" content=\"Divulgada a programa\u00e7\u00e3o geral - Rede Cultura Viva da Bahia\" \/>\n<meta property=\"og:description\" content=\"A programa\u00e7\u00e3o do FLIRCONTAS j\u00e1 est\u00e1 no ar para voc\u00ea n\u00e3o perder nada do que vai acontecer na cidade. S\u00e3o tr\u00eas dias de imers\u00e3o em literatura, arte e cultura para todas as idades, reunindo debates, lan\u00e7amentos, m\u00fasica, exposi\u00e7\u00f5es, atividades infantis e muito mais. Um festival diverso, pulsante e acolhedor, feito para quem deseja viver Rio [&hellip;]\" \/>\n<meta property=\"og:url\" content=\"https:\/\/bahia.culturaviva.net.br\/pt\/flircontas\/divulgada-a-programacao-geral\/\" \/>\n<meta property=\"og:site_name\" content=\"Rede Cultura Viva da Bahia\" \/>\n<meta property=\"article:published_time\" content=\"2025-11-27T01:51:23+00:00\" \/>\n<meta property=\"article:modified_time\" content=\"2025-11-27T01:51:24+00:00\" \/>\n<meta property=\"og:image\" content=\"https:\/\/bahia.culturaviva.net.br\/wp-content\/uploads\/2025\/11\/Design-sem-nome-1.png\" \/>\n\t<meta property=\"og:image:width\" content=\"1600\" \/>\n\t<meta property=\"og:image:height\" content=\"1200\" \/>\n\t<meta property=\"og:image:type\" content=\"image\/png\" \/>\n<meta name=\"author\" content=\"Gustavo Medeiros\" \/>\n<meta name=\"twitter:card\" content=\"summary_large_image\" \/>\n<meta name=\"twitter:label1\" content=\"Escrito por\" \/>\n\t<meta name=\"twitter:data1\" content=\"Gustavo Medeiros\" \/>\n\t<meta name=\"twitter:label2\" content=\"Est. tempo de leitura\" \/>\n\t<meta name=\"twitter:data2\" content=\"5 minutos\" \/>\n<script type=\"application\/ld+json\" class=\"yoast-schema-graph\">{\"@context\":\"https:\\\/\\\/schema.org\",\"@graph\":[{\"@type\":\"Article\",\"@id\":\"https:\\\/\\\/bahia.culturaviva.net.br\\\/flircontas\\\/divulgada-a-programacao-geral\\\/#article\",\"isPartOf\":{\"@id\":\"https:\\\/\\\/bahia.culturaviva.net.br\\\/flircontas\\\/divulgada-a-programacao-geral\\\/\"},\"author\":{\"name\":\"Gustavo Medeiros\",\"@id\":\"https:\\\/\\\/bahia.culturaviva.net.br\\\/#\\\/schema\\\/person\\\/f94981373011b5863e00a94890c91090\"},\"headline\":\"Divulgada a programa\u00e7\u00e3o geral\",\"datePublished\":\"2025-11-27T01:51:23+00:00\",\"dateModified\":\"2025-11-27T01:51:24+00:00\",\"mainEntityOfPage\":{\"@id\":\"https:\\\/\\\/bahia.culturaviva.net.br\\\/flircontas\\\/divulgada-a-programacao-geral\\\/\"},\"wordCount\":988,\"commentCount\":0,\"publisher\":{\"@id\":\"https:\\\/\\\/bahia.culturaviva.net.br\\\/#organization\"},\"image\":{\"@id\":\"https:\\\/\\\/bahia.culturaviva.net.br\\\/flircontas\\\/divulgada-a-programacao-geral\\\/#primaryimage\"},\"thumbnailUrl\":\"https:\\\/\\\/bahia.culturaviva.net.br\\\/wp-content\\\/uploads\\\/2025\\\/11\\\/Design-sem-nome-1.png\",\"keywords\":[\"flircontas\",\"programacao\"],\"articleSection\":[\"Flircontas\"],\"inLanguage\":\"pt-BR\",\"potentialAction\":[{\"@type\":\"CommentAction\",\"name\":\"Comment\",\"target\":[\"https:\\\/\\\/bahia.culturaviva.net.br\\\/flircontas\\\/divulgada-a-programacao-geral\\\/#respond\"]}]},{\"@type\":\"WebPage\",\"@id\":\"https:\\\/\\\/bahia.culturaviva.net.br\\\/flircontas\\\/divulgada-a-programacao-geral\\\/\",\"url\":\"https:\\\/\\\/bahia.culturaviva.net.br\\\/flircontas\\\/divulgada-a-programacao-geral\\\/\",\"name\":\"Divulgada a programa\u00e7\u00e3o geral - Rede Cultura Viva da Bahia\",\"isPartOf\":{\"@id\":\"https:\\\/\\\/bahia.culturaviva.net.br\\\/#website\"},\"primaryImageOfPage\":{\"@id\":\"https:\\\/\\\/bahia.culturaviva.net.br\\\/flircontas\\\/divulgada-a-programacao-geral\\\/#primaryimage\"},\"image\":{\"@id\":\"https:\\\/\\\/bahia.culturaviva.net.br\\\/flircontas\\\/divulgada-a-programacao-geral\\\/#primaryimage\"},\"thumbnailUrl\":\"https:\\\/\\\/bahia.culturaviva.net.br\\\/wp-content\\\/uploads\\\/2025\\\/11\\\/Design-sem-nome-1.png\",\"datePublished\":\"2025-11-27T01:51:23+00:00\",\"dateModified\":\"2025-11-27T01:51:24+00:00\",\"breadcrumb\":{\"@id\":\"https:\\\/\\\/bahia.culturaviva.net.br\\\/flircontas\\\/divulgada-a-programacao-geral\\\/#breadcrumb\"},\"inLanguage\":\"pt-BR\",\"potentialAction\":[{\"@type\":\"ReadAction\",\"target\":[\"https:\\\/\\\/bahia.culturaviva.net.br\\\/flircontas\\\/divulgada-a-programacao-geral\\\/\"]}]},{\"@type\":\"ImageObject\",\"inLanguage\":\"pt-BR\",\"@id\":\"https:\\\/\\\/bahia.culturaviva.net.br\\\/flircontas\\\/divulgada-a-programacao-geral\\\/#primaryimage\",\"url\":\"https:\\\/\\\/bahia.culturaviva.net.br\\\/wp-content\\\/uploads\\\/2025\\\/11\\\/Design-sem-nome-1.png\",\"contentUrl\":\"https:\\\/\\\/bahia.culturaviva.net.br\\\/wp-content\\\/uploads\\\/2025\\\/11\\\/Design-sem-nome-1.png\",\"width\":1600,\"height\":1200},{\"@type\":\"BreadcrumbList\",\"@id\":\"https:\\\/\\\/bahia.culturaviva.net.br\\\/flircontas\\\/divulgada-a-programacao-geral\\\/#breadcrumb\",\"itemListElement\":[{\"@type\":\"ListItem\",\"position\":1,\"name\":\"In\u00edcio\",\"item\":\"https:\\\/\\\/bahia.culturaviva.net.br\\\/\"},{\"@type\":\"ListItem\",\"position\":2,\"name\":\"Divulgada a programa\u00e7\u00e3o geral\"}]},{\"@type\":\"WebSite\",\"@id\":\"https:\\\/\\\/bahia.culturaviva.net.br\\\/#website\",\"url\":\"https:\\\/\\\/bahia.culturaviva.net.br\\\/\",\"name\":\"Rede Cultura Viva da Bahia\",\"description\":\"Espa\u00e7o para Acervo, Informa\u00e7\u00e3o e Participa\u00e7\u00e3o Social da Rede de Pontos de Cultura da Bahia\",\"publisher\":{\"@id\":\"https:\\\/\\\/bahia.culturaviva.net.br\\\/#organization\"},\"potentialAction\":[{\"@type\":\"SearchAction\",\"target\":{\"@type\":\"EntryPoint\",\"urlTemplate\":\"https:\\\/\\\/bahia.culturaviva.net.br\\\/?s={search_term_string}\"},\"query-input\":{\"@type\":\"PropertyValueSpecification\",\"valueRequired\":true,\"valueName\":\"search_term_string\"}}],\"inLanguage\":\"pt-BR\"},{\"@type\":\"Organization\",\"@id\":\"https:\\\/\\\/bahia.culturaviva.net.br\\\/#organization\",\"name\":\"Rede Cultura Viva da Bahia\",\"url\":\"https:\\\/\\\/bahia.culturaviva.net.br\\\/\",\"logo\":{\"@type\":\"ImageObject\",\"inLanguage\":\"pt-BR\",\"@id\":\"https:\\\/\\\/bahia.culturaviva.net.br\\\/#\\\/schema\\\/logo\\\/image\\\/\",\"url\":\"https:\\\/\\\/bahia.culturaviva.net.br\\\/wp-content\\\/uploads\\\/2025\\\/11\\\/logo-plataforma-culturaviva-bahia-branco.png\",\"contentUrl\":\"https:\\\/\\\/bahia.culturaviva.net.br\\\/wp-content\\\/uploads\\\/2025\\\/11\\\/logo-plataforma-culturaviva-bahia-branco.png\",\"width\":628,\"height\":652,\"caption\":\"Rede Cultura Viva da Bahia\"},\"image\":{\"@id\":\"https:\\\/\\\/bahia.culturaviva.net.br\\\/#\\\/schema\\\/logo\\\/image\\\/\"}},{\"@type\":\"Person\",\"@id\":\"https:\\\/\\\/bahia.culturaviva.net.br\\\/#\\\/schema\\\/person\\\/f94981373011b5863e00a94890c91090\",\"name\":\"Gustavo Medeiros\",\"image\":{\"@type\":\"ImageObject\",\"inLanguage\":\"pt-BR\",\"@id\":\"https:\\\/\\\/secure.gravatar.com\\\/avatar\\\/f827bf50846cc3705e474dcacdab7842308a5b30d92b2b10d4fb284726ac45d3?s=96&d=mm&r=g\",\"url\":\"https:\\\/\\\/secure.gravatar.com\\\/avatar\\\/f827bf50846cc3705e474dcacdab7842308a5b30d92b2b10d4fb284726ac45d3?s=96&d=mm&r=g\",\"contentUrl\":\"https:\\\/\\\/secure.gravatar.com\\\/avatar\\\/f827bf50846cc3705e474dcacdab7842308a5b30d92b2b10d4fb284726ac45d3?s=96&d=mm&r=g\",\"caption\":\"Gustavo Medeiros\"},\"url\":\"https:\\\/\\\/bahia.culturaviva.net.br\\\/pt\\\/author\\\/gustavomedeiros\\\/\"}]}<\/script>\n<!-- \/ Yoast SEO plugin. -->","yoast_head_json":{"title":"Divulgada a programa\u00e7\u00e3o geral - Rede Cultura Viva da Bahia","robots":{"index":"index","follow":"follow","max-snippet":"max-snippet:-1","max-image-preview":"max-image-preview:large","max-video-preview":"max-video-preview:-1"},"canonical":"https:\/\/bahia.culturaviva.net.br\/pt\/flircontas\/divulgada-a-programacao-geral\/","og_locale":"pt_BR","og_type":"article","og_title":"Divulgada a programa\u00e7\u00e3o geral - Rede Cultura Viva da Bahia","og_description":"A programa\u00e7\u00e3o do FLIRCONTAS j\u00e1 est\u00e1 no ar para voc\u00ea n\u00e3o perder nada do que vai acontecer na cidade. S\u00e3o tr\u00eas dias de imers\u00e3o em literatura, arte e cultura para todas as idades, reunindo debates, lan\u00e7amentos, m\u00fasica, exposi\u00e7\u00f5es, atividades infantis e muito mais. Um festival diverso, pulsante e acolhedor, feito para quem deseja viver Rio [&hellip;]","og_url":"https:\/\/bahia.culturaviva.net.br\/pt\/flircontas\/divulgada-a-programacao-geral\/","og_site_name":"Rede Cultura Viva da Bahia","article_published_time":"2025-11-27T01:51:23+00:00","article_modified_time":"2025-11-27T01:51:24+00:00","og_image":[{"width":1600,"height":1200,"url":"https:\/\/bahia.culturaviva.net.br\/wp-content\/uploads\/2025\/11\/Design-sem-nome-1.png","type":"image\/png"}],"author":"Gustavo Medeiros","twitter_card":"summary_large_image","twitter_misc":{"Escrito por":"Gustavo Medeiros","Est. tempo de leitura":"5 minutos"},"schema":{"@context":"https:\/\/schema.org","@graph":[{"@type":"Article","@id":"https:\/\/bahia.culturaviva.net.br\/flircontas\/divulgada-a-programacao-geral\/#article","isPartOf":{"@id":"https:\/\/bahia.culturaviva.net.br\/flircontas\/divulgada-a-programacao-geral\/"},"author":{"name":"Gustavo Medeiros","@id":"https:\/\/bahia.culturaviva.net.br\/#\/schema\/person\/f94981373011b5863e00a94890c91090"},"headline":"Divulgada a programa\u00e7\u00e3o geral","datePublished":"2025-11-27T01:51:23+00:00","dateModified":"2025-11-27T01:51:24+00:00","mainEntityOfPage":{"@id":"https:\/\/bahia.culturaviva.net.br\/flircontas\/divulgada-a-programacao-geral\/"},"wordCount":988,"commentCount":0,"publisher":{"@id":"https:\/\/bahia.culturaviva.net.br\/#organization"},"image":{"@id":"https:\/\/bahia.culturaviva.net.br\/flircontas\/divulgada-a-programacao-geral\/#primaryimage"},"thumbnailUrl":"https:\/\/bahia.culturaviva.net.br\/wp-content\/uploads\/2025\/11\/Design-sem-nome-1.png","keywords":["flircontas","programacao"],"articleSection":["Flircontas"],"inLanguage":"pt-BR","potentialAction":[{"@type":"CommentAction","name":"Comment","target":["https:\/\/bahia.culturaviva.net.br\/flircontas\/divulgada-a-programacao-geral\/#respond"]}]},{"@type":"WebPage","@id":"https:\/\/bahia.culturaviva.net.br\/flircontas\/divulgada-a-programacao-geral\/","url":"https:\/\/bahia.culturaviva.net.br\/flircontas\/divulgada-a-programacao-geral\/","name":"Divulgada a programa\u00e7\u00e3o geral - Rede Cultura Viva da Bahia","isPartOf":{"@id":"https:\/\/bahia.culturaviva.net.br\/#website"},"primaryImageOfPage":{"@id":"https:\/\/bahia.culturaviva.net.br\/flircontas\/divulgada-a-programacao-geral\/#primaryimage"},"image":{"@id":"https:\/\/bahia.culturaviva.net.br\/flircontas\/divulgada-a-programacao-geral\/#primaryimage"},"thumbnailUrl":"https:\/\/bahia.culturaviva.net.br\/wp-content\/uploads\/2025\/11\/Design-sem-nome-1.png","datePublished":"2025-11-27T01:51:23+00:00","dateModified":"2025-11-27T01:51:24+00:00","breadcrumb":{"@id":"https:\/\/bahia.culturaviva.net.br\/flircontas\/divulgada-a-programacao-geral\/#breadcrumb"},"inLanguage":"pt-BR","potentialAction":[{"@type":"ReadAction","target":["https:\/\/bahia.culturaviva.net.br\/flircontas\/divulgada-a-programacao-geral\/"]}]},{"@type":"ImageObject","inLanguage":"pt-BR","@id":"https:\/\/bahia.culturaviva.net.br\/flircontas\/divulgada-a-programacao-geral\/#primaryimage","url":"https:\/\/bahia.culturaviva.net.br\/wp-content\/uploads\/2025\/11\/Design-sem-nome-1.png","contentUrl":"https:\/\/bahia.culturaviva.net.br\/wp-content\/uploads\/2025\/11\/Design-sem-nome-1.png","width":1600,"height":1200},{"@type":"BreadcrumbList","@id":"https:\/\/bahia.culturaviva.net.br\/flircontas\/divulgada-a-programacao-geral\/#breadcrumb","itemListElement":[{"@type":"ListItem","position":1,"name":"In\u00edcio","item":"https:\/\/bahia.culturaviva.net.br\/"},{"@type":"ListItem","position":2,"name":"Divulgada a programa\u00e7\u00e3o geral"}]},{"@type":"WebSite","@id":"https:\/\/bahia.culturaviva.net.br\/#website","url":"https:\/\/bahia.culturaviva.net.br\/","name":"Rede Cultura Viva da Bahia","description":"Espa\u00e7o para Acervo, Informa\u00e7\u00e3o e Participa\u00e7\u00e3o Social da Rede de Pontos de Cultura da Bahia","publisher":{"@id":"https:\/\/bahia.culturaviva.net.br\/#organization"},"potentialAction":[{"@type":"SearchAction","target":{"@type":"EntryPoint","urlTemplate":"https:\/\/bahia.culturaviva.net.br\/?s={search_term_string}"},"query-input":{"@type":"PropertyValueSpecification","valueRequired":true,"valueName":"search_term_string"}}],"inLanguage":"pt-BR"},{"@type":"Organization","@id":"https:\/\/bahia.culturaviva.net.br\/#organization","name":"Rede Cultura Viva da Bahia","url":"https:\/\/bahia.culturaviva.net.br\/","logo":{"@type":"ImageObject","inLanguage":"pt-BR","@id":"https:\/\/bahia.culturaviva.net.br\/#\/schema\/logo\/image\/","url":"https:\/\/bahia.culturaviva.net.br\/wp-content\/uploads\/2025\/11\/logo-plataforma-culturaviva-bahia-branco.png","contentUrl":"https:\/\/bahia.culturaviva.net.br\/wp-content\/uploads\/2025\/11\/logo-plataforma-culturaviva-bahia-branco.png","width":628,"height":652,"caption":"Rede Cultura Viva da Bahia"},"image":{"@id":"https:\/\/bahia.culturaviva.net.br\/#\/schema\/logo\/image\/"}},{"@type":"Person","@id":"https:\/\/bahia.culturaviva.net.br\/#\/schema\/person\/f94981373011b5863e00a94890c91090","name":"Gustavo Medeiros","image":{"@type":"ImageObject","inLanguage":"pt-BR","@id":"https:\/\/secure.gravatar.com\/avatar\/f827bf50846cc3705e474dcacdab7842308a5b30d92b2b10d4fb284726ac45d3?s=96&d=mm&r=g","url":"https:\/\/secure.gravatar.com\/avatar\/f827bf50846cc3705e474dcacdab7842308a5b30d92b2b10d4fb284726ac45d3?s=96&d=mm&r=g","contentUrl":"https:\/\/secure.gravatar.com\/avatar\/f827bf50846cc3705e474dcacdab7842308a5b30d92b2b10d4fb284726ac45d3?s=96&d=mm&r=g","caption":"Gustavo Medeiros"},"url":"https:\/\/bahia.culturaviva.net.br\/pt\/author\/gustavomedeiros\/"}]}},"_links":{"self":[{"href":"https:\/\/bahia.culturaviva.net.br\/pt\/wp-json\/wp\/v2\/posts\/1559","targetHints":{"allow":["GET"]}}],"collection":[{"href":"https:\/\/bahia.culturaviva.net.br\/pt\/wp-json\/wp\/v2\/posts"}],"about":[{"href":"https:\/\/bahia.culturaviva.net.br\/pt\/wp-json\/wp\/v2\/types\/post"}],"author":[{"embeddable":true,"href":"https:\/\/bahia.culturaviva.net.br\/pt\/wp-json\/wp\/v2\/users\/5"}],"replies":[{"embeddable":true,"href":"https:\/\/bahia.culturaviva.net.br\/pt\/wp-json\/wp\/v2\/comments?post=1559"}],"version-history":[{"count":1,"href":"https:\/\/bahia.culturaviva.net.br\/pt\/wp-json\/wp\/v2\/posts\/1559\/revisions"}],"predecessor-version":[{"id":1560,"href":"https:\/\/bahia.culturaviva.net.br\/pt\/wp-json\/wp\/v2\/posts\/1559\/revisions\/1560"}],"wp:featuredmedia":[{"embeddable":true,"href":"https:\/\/bahia.culturaviva.net.br\/pt\/wp-json\/wp\/v2\/media\/1371"}],"wp:attachment":[{"href":"https:\/\/bahia.culturaviva.net.br\/pt\/wp-json\/wp\/v2\/media?parent=1559"}],"wp:term":[{"taxonomy":"category","embeddable":true,"href":"https:\/\/bahia.culturaviva.net.br\/pt\/wp-json\/wp\/v2\/categories?post=1559"},{"taxonomy":"post_tag","embeddable":true,"href":"https:\/\/bahia.culturaviva.net.br\/pt\/wp-json\/wp\/v2\/tags?post=1559"}],"curies":[{"name":"wp","href":"https:\/\/api.w.org\/{rel}","templated":true}]}}