{"id":1729,"date":"2026-01-06T09:37:43","date_gmt":"2026-01-06T12:37:43","guid":{"rendered":"https:\/\/bahia.culturaviva.net.br\/variedades\/ufologo-alonso-regis-doa-acervo-de-livros-sobre-ufologia-a-morro-do-chapeu\/"},"modified":"2026-01-06T09:37:43","modified_gmt":"2026-01-06T12:37:43","slug":"ufologo-alonso-regis-doa-acervo-de-livros-sobre-ufologia-a-morro-do-chapeu","status":"publish","type":"post","link":"https:\/\/bahia.culturaviva.net.br\/pt\/variedades\/ufologo-alonso-regis-doa-acervo-de-livros-sobre-ufologia-a-morro-do-chapeu\/","title":{"rendered":"Uf\u00f3logo Alonso R\u00e9gis doa acervo de livros sobre Ufologia a Morro do Chap\u00e9u"},"content":{"rendered":"<figure class=\"wp-block-image size-large\"><img loading=\"lazy\" decoding=\"async\" data-recalc-dims=\"1\" width=\"1024\" height=\"771\" src=\"https:\/\/i0.wp.com\/cultura.chapada.ba\/wp-content\/uploads\/2026\/01\/WhatsApp-Image-2025-12-20-at-16.24.20.jpeg?resize=1024%2C771&amp;ssl=1\" alt=\"\" class=\"wp-image-9224\" \/><\/figure>\n<p><em>Foto: (Da esquerda para a direita: Franco William Novaes Dourado (Dir. de Turismo), Sr. Alonso Regis (Uf\u00f3logo)<\/em><\/p>\n<p>O munic\u00edpio de Morro do Chap\u00e9u, por meio da Prefeitura Municipal, da Secretaria Municipal de Cultura e Turismo (SECULT) e da Biblioteca Municipal Professor Ernesto Carneiro Ribeiro, recebeu uma importante doa\u00e7\u00e3o cultural: um diversificado acervo de livros sobre Ufologia, gentilmente doado pelo pesquisador e uf\u00f3logo Alonso R\u00e9gis.<\/p>\n<p>A doa\u00e7\u00e3o foi recebida e organizada inicialmente no dia 19 de dezembro de 2025. A presen\u00e7a da equipe t\u00e9cnica refor\u00e7a o compromisso institucional da gest\u00e3o municipal com a valoriza\u00e7\u00e3o da cultura, da mem\u00f3ria e da produ\u00e7\u00e3o do conhecimento.<\/p>\n<p>O acervo, composto por uma diversidade de t\u00edtulos voltados ao estudo do fen\u00f4meno ufol\u00f3gico, passa a integrar oficialmente o patrim\u00f4nio bibliogr\u00e1fico do munic\u00edpio. Como forma de reconhecimento e valoriza\u00e7\u00e3o dessa contribui\u00e7\u00e3o, a Biblioteca Municipal criar\u00e1 uma ala tem\u00e1tica dedicada \u00e0 Ufologia, que levar\u00e1 o nome de Alonso R\u00e9gis, tornando-se um espa\u00e7o permanente de consulta, pesquisa e forma\u00e7\u00e3o para estudantes, pesquisadores e a comunidade em geral.<\/p>\n<p>Sobre Alonso R\u00e9gis<\/p>\n<p>Alonso R\u00e9gis nasceu em 31 de mar\u00e7o de 1938, em uma cidade do interior chamada Lagoa dos Gatos. Seu interesse pela Ufologia surgiu ainda na inf\u00e2ncia, quando teve seu primeiro avistamento de um objeto voador n\u00e3o identificado (OVNI) aos 12 anos de idade, experi\u00eancia que despertou uma curiosidade que o acompanharia por toda a vida.<\/p>\n<p>Servidor do Banco do Brasil, Alonso R\u00e9gis transferiu-se, em 1983, de Pernambuco para Morro do Chap\u00e9u, ap\u00f3s solicitar transfer\u00eancia funcional, vindo inicialmente sozinho para resolver pend\u00eancias, com a fam\u00edlia chegando posteriormente. Desde ent\u00e3o, construiu uma trajet\u00f3ria marcada pela pesquisa, pelo estudo e pela difus\u00e3o do conhecimento ufol\u00f3gico, estabelecendo v\u00ednculos profundos com o munic\u00edpio.<\/p>\n<p>A doa\u00e7\u00e3o do acervo fortalece o papel da Biblioteca Municipal Professor Ernesto Carneiro Ribeiro como espa\u00e7o democr\u00e1tico de acesso ao saber e reafirma o compromisso da SECULT com a preserva\u00e7\u00e3o da mem\u00f3ria, o incentivo \u00e0 pesquisa e o di\u00e1logo entre cultura, ci\u00eancia e turismo. A nova ala tem\u00e1tica dedicada \u00e0 Ufologia contribuir\u00e1 para ampliar debates, estimular estudos e consolidar Morro do Chap\u00e9u como refer\u00eancia tamb\u00e9m nesse campo de investiga\u00e7\u00e3o.<\/p>\n<figure class=\"wp-block-image aligncenter size-large\"><img loading=\"lazy\" decoding=\"async\" data-recalc-dims=\"1\" width=\"576\" height=\"1024\" src=\"https:\/\/i0.wp.com\/cultura.chapada.ba\/wp-content\/uploads\/2026\/01\/WhatsApp-Image-2025-12-20-at-16.27.22.jpeg?resize=576%2C1024&amp;ssl=1\" alt=\"\" class=\"wp-image-9225\" \/><\/figure>\n<p>O post <a href=\"https:\/\/cultura.chapada.ba\/variedades\/ufologo-alonso-regis-doa-acervo-de-livros-sobre-ufologia-a-morro-do-chapeu\/\">Uf\u00f3logo Alonso R\u00e9gis doa acervo de livros sobre Ufologia a Morro do Chap\u00e9u<\/a> apareceu primeiro em <a href=\"https:\/\/cultura.chapada.ba\/\">Rede Cultura Viva Chapada Diamantina<\/a>.<\/p>","protected":false},"excerpt":{"rendered":"<p>Uf\u00f3logo Alonso R\u00e9gis doa acervo de livros sobre Ufologia a Morro do Chap\u00e9u<\/p>","protected":false},"author":1,"featured_media":0,"comment_status":"open","ping_status":"open","sticky":false,"template":"","format":"standard","meta":{"_acf_changed":false,"_gspb_post_css":"","footnotes":""},"categories":[],"tags":[55],"class_list":["post-1729","post","type-post","status-publish","format-standard","has-post-thumbnail","hentry","tag-chapada-diamantina"],"blocksy_meta":[],"acf":[],"yoast_head":"<!-- This site is optimized with the Yoast SEO plugin v27.3 - https:\/\/yoast.com\/product\/yoast-seo-wordpress\/ -->\n<title>Uf\u00f3logo Alonso R\u00e9gis doa acervo de livros sobre Ufologia a Morro do Chap\u00e9u - Rede Cultura Viva da Bahia<\/title>\n<meta name=\"robots\" content=\"index, follow, max-snippet:-1, max-image-preview:large, max-video-preview:-1\" \/>\n<link rel=\"canonical\" href=\"https:\/\/bahia.culturaviva.net.br\/pt\/variedades\/ufologo-alonso-regis-doa-acervo-de-livros-sobre-ufologia-a-morro-do-chapeu\/\" \/>\n<meta property=\"og:locale\" content=\"pt_BR\" \/>\n<meta property=\"og:type\" content=\"article\" \/>\n<meta property=\"og:title\" content=\"Uf\u00f3logo Alonso R\u00e9gis doa acervo de livros sobre Ufologia a Morro do Chap\u00e9u - Rede Cultura Viva da Bahia\" \/>\n<meta property=\"og:description\" content=\"Uf\u00f3logo Alonso R\u00e9gis doa acervo de livros sobre Ufologia a Morro do Chap\u00e9u\" \/>\n<meta property=\"og:url\" content=\"https:\/\/bahia.culturaviva.net.br\/pt\/variedades\/ufologo-alonso-regis-doa-acervo-de-livros-sobre-ufologia-a-morro-do-chapeu\/\" \/>\n<meta property=\"og:site_name\" content=\"Rede Cultura Viva da Bahia\" \/>\n<meta property=\"article:published_time\" content=\"2026-01-06T12:37:43+00:00\" \/>\n<meta name=\"author\" content=\"bahia_admin\" \/>\n<meta name=\"twitter:card\" content=\"summary_large_image\" \/>\n<meta name=\"twitter:label1\" content=\"Escrito por\" \/>\n\t<meta name=\"twitter:data1\" content=\"bahia_admin\" \/>\n\t<meta name=\"twitter:label2\" content=\"Est. tempo de leitura\" \/>\n\t<meta name=\"twitter:data2\" content=\"2 minutos\" \/>\n<script type=\"application\/ld+json\" class=\"yoast-schema-graph\">{\"@context\":\"https:\\\/\\\/schema.org\",\"@graph\":[{\"@type\":\"Article\",\"@id\":\"https:\\\/\\\/bahia.culturaviva.net.br\\\/variedades\\\/ufologo-alonso-regis-doa-acervo-de-livros-sobre-ufologia-a-morro-do-chapeu\\\/#article\",\"isPartOf\":{\"@id\":\"https:\\\/\\\/bahia.culturaviva.net.br\\\/variedades\\\/ufologo-alonso-regis-doa-acervo-de-livros-sobre-ufologia-a-morro-do-chapeu\\\/\"},\"author\":{\"name\":\"bahia_admin\",\"@id\":\"https:\\\/\\\/bahia.culturaviva.net.br\\\/#\\\/schema\\\/person\\\/35c36cd27181b85d03202236583bfaa1\"},\"headline\":\"Uf\u00f3logo Alonso R\u00e9gis doa acervo de livros sobre Ufologia a Morro do Chap\u00e9u\",\"datePublished\":\"2026-01-06T12:37:43+00:00\",\"mainEntityOfPage\":{\"@id\":\"https:\\\/\\\/bahia.culturaviva.net.br\\\/variedades\\\/ufologo-alonso-regis-doa-acervo-de-livros-sobre-ufologia-a-morro-do-chapeu\\\/\"},\"wordCount\":435,\"commentCount\":0,\"publisher\":{\"@id\":\"https:\\\/\\\/bahia.culturaviva.net.br\\\/#organization\"},\"image\":{\"@id\":\"https:\\\/\\\/bahia.culturaviva.net.br\\\/variedades\\\/ufologo-alonso-regis-doa-acervo-de-livros-sobre-ufologia-a-morro-do-chapeu\\\/#primaryimage\"},\"thumbnailUrl\":\"https:\\\/\\\/i0.wp.com\\\/cultura.chapada.ba\\\/wp-content\\\/uploads\\\/2026\\\/01\\\/WhatsApp-Image-2025-12-20-at-16.24.20.jpeg?resize=1024%2C771&amp;ssl=1\",\"keywords\":[\"Chapada Diamantina\"],\"inLanguage\":\"pt-BR\",\"potentialAction\":[{\"@type\":\"CommentAction\",\"name\":\"Comment\",\"target\":[\"https:\\\/\\\/bahia.culturaviva.net.br\\\/variedades\\\/ufologo-alonso-regis-doa-acervo-de-livros-sobre-ufologia-a-morro-do-chapeu\\\/#respond\"]}]},{\"@type\":\"WebPage\",\"@id\":\"https:\\\/\\\/bahia.culturaviva.net.br\\\/variedades\\\/ufologo-alonso-regis-doa-acervo-de-livros-sobre-ufologia-a-morro-do-chapeu\\\/\",\"url\":\"https:\\\/\\\/bahia.culturaviva.net.br\\\/variedades\\\/ufologo-alonso-regis-doa-acervo-de-livros-sobre-ufologia-a-morro-do-chapeu\\\/\",\"name\":\"Uf\u00f3logo Alonso R\u00e9gis doa acervo de livros sobre Ufologia a Morro do Chap\u00e9u - Rede Cultura Viva da Bahia\",\"isPartOf\":{\"@id\":\"https:\\\/\\\/bahia.culturaviva.net.br\\\/#website\"},\"primaryImageOfPage\":{\"@id\":\"https:\\\/\\\/bahia.culturaviva.net.br\\\/variedades\\\/ufologo-alonso-regis-doa-acervo-de-livros-sobre-ufologia-a-morro-do-chapeu\\\/#primaryimage\"},\"image\":{\"@id\":\"https:\\\/\\\/bahia.culturaviva.net.br\\\/variedades\\\/ufologo-alonso-regis-doa-acervo-de-livros-sobre-ufologia-a-morro-do-chapeu\\\/#primaryimage\"},\"thumbnailUrl\":\"https:\\\/\\\/i0.wp.com\\\/cultura.chapada.ba\\\/wp-content\\\/uploads\\\/2026\\\/01\\\/WhatsApp-Image-2025-12-20-at-16.24.20.jpeg?resize=1024%2C771&amp;ssl=1\",\"datePublished\":\"2026-01-06T12:37:43+00:00\",\"breadcrumb\":{\"@id\":\"https:\\\/\\\/bahia.culturaviva.net.br\\\/variedades\\\/ufologo-alonso-regis-doa-acervo-de-livros-sobre-ufologia-a-morro-do-chapeu\\\/#breadcrumb\"},\"inLanguage\":\"pt-BR\",\"potentialAction\":[{\"@type\":\"ReadAction\",\"target\":[\"https:\\\/\\\/bahia.culturaviva.net.br\\\/variedades\\\/ufologo-alonso-regis-doa-acervo-de-livros-sobre-ufologia-a-morro-do-chapeu\\\/\"]}]},{\"@type\":\"ImageObject\",\"inLanguage\":\"pt-BR\",\"@id\":\"https:\\\/\\\/bahia.culturaviva.net.br\\\/variedades\\\/ufologo-alonso-regis-doa-acervo-de-livros-sobre-ufologia-a-morro-do-chapeu\\\/#primaryimage\",\"url\":\"https:\\\/\\\/i0.wp.com\\\/cultura.chapada.ba\\\/wp-content\\\/uploads\\\/2026\\\/01\\\/WhatsApp-Image-2025-12-20-at-16.24.20.jpeg?resize=1024%2C771&amp;ssl=1\",\"contentUrl\":\"https:\\\/\\\/i0.wp.com\\\/cultura.chapada.ba\\\/wp-content\\\/uploads\\\/2026\\\/01\\\/WhatsApp-Image-2025-12-20-at-16.24.20.jpeg?resize=1024%2C771&amp;ssl=1\"},{\"@type\":\"BreadcrumbList\",\"@id\":\"https:\\\/\\\/bahia.culturaviva.net.br\\\/variedades\\\/ufologo-alonso-regis-doa-acervo-de-livros-sobre-ufologia-a-morro-do-chapeu\\\/#breadcrumb\",\"itemListElement\":[{\"@type\":\"ListItem\",\"position\":1,\"name\":\"In\u00edcio\",\"item\":\"https:\\\/\\\/bahia.culturaviva.net.br\\\/\"},{\"@type\":\"ListItem\",\"position\":2,\"name\":\"Uf\u00f3logo Alonso R\u00e9gis doa acervo de livros sobre Ufologia a Morro do Chap\u00e9u\"}]},{\"@type\":\"WebSite\",\"@id\":\"https:\\\/\\\/bahia.culturaviva.net.br\\\/#website\",\"url\":\"https:\\\/\\\/bahia.culturaviva.net.br\\\/\",\"name\":\"Rede Cultura Viva da Bahia\",\"description\":\"Espa\u00e7o para Acervo, Informa\u00e7\u00e3o e Participa\u00e7\u00e3o Social da Rede de Pontos de Cultura da Bahia\",\"publisher\":{\"@id\":\"https:\\\/\\\/bahia.culturaviva.net.br\\\/#organization\"},\"potentialAction\":[{\"@type\":\"SearchAction\",\"target\":{\"@type\":\"EntryPoint\",\"urlTemplate\":\"https:\\\/\\\/bahia.culturaviva.net.br\\\/?s={search_term_string}\"},\"query-input\":{\"@type\":\"PropertyValueSpecification\",\"valueRequired\":true,\"valueName\":\"search_term_string\"}}],\"inLanguage\":\"pt-BR\"},{\"@type\":\"Organization\",\"@id\":\"https:\\\/\\\/bahia.culturaviva.net.br\\\/#organization\",\"name\":\"Rede Cultura Viva da Bahia\",\"url\":\"https:\\\/\\\/bahia.culturaviva.net.br\\\/\",\"logo\":{\"@type\":\"ImageObject\",\"inLanguage\":\"pt-BR\",\"@id\":\"https:\\\/\\\/bahia.culturaviva.net.br\\\/#\\\/schema\\\/logo\\\/image\\\/\",\"url\":\"https:\\\/\\\/bahia.culturaviva.net.br\\\/wp-content\\\/uploads\\\/2025\\\/11\\\/logo-plataforma-culturaviva-bahia-branco.png\",\"contentUrl\":\"https:\\\/\\\/bahia.culturaviva.net.br\\\/wp-content\\\/uploads\\\/2025\\\/11\\\/logo-plataforma-culturaviva-bahia-branco.png\",\"width\":628,\"height\":652,\"caption\":\"Rede Cultura Viva da Bahia\"},\"image\":{\"@id\":\"https:\\\/\\\/bahia.culturaviva.net.br\\\/#\\\/schema\\\/logo\\\/image\\\/\"}},{\"@type\":\"Person\",\"@id\":\"https:\\\/\\\/bahia.culturaviva.net.br\\\/#\\\/schema\\\/person\\\/35c36cd27181b85d03202236583bfaa1\",\"name\":\"bahia_admin\",\"image\":{\"@type\":\"ImageObject\",\"inLanguage\":\"pt-BR\",\"@id\":\"https:\\\/\\\/secure.gravatar.com\\\/avatar\\\/f7d712956d3d145b4bc1a972f4e32b29dca00b96e04cbbc7a8abdde0832777a1?s=96&d=mm&r=g\",\"url\":\"https:\\\/\\\/secure.gravatar.com\\\/avatar\\\/f7d712956d3d145b4bc1a972f4e32b29dca00b96e04cbbc7a8abdde0832777a1?s=96&d=mm&r=g\",\"contentUrl\":\"https:\\\/\\\/secure.gravatar.com\\\/avatar\\\/f7d712956d3d145b4bc1a972f4e32b29dca00b96e04cbbc7a8abdde0832777a1?s=96&d=mm&r=g\",\"caption\":\"bahia_admin\"},\"sameAs\":[\"https:\\\/\\\/bahia.culturaviva.net.br\"],\"url\":\"https:\\\/\\\/bahia.culturaviva.net.br\\\/pt\\\/author\\\/bahia_admin\\\/\"}]}<\/script>\n<!-- \/ Yoast SEO plugin. -->","yoast_head_json":{"title":"Uf\u00f3logo Alonso R\u00e9gis doa acervo de livros sobre Ufologia a Morro do Chap\u00e9u - Rede Cultura Viva da Bahia","robots":{"index":"index","follow":"follow","max-snippet":"max-snippet:-1","max-image-preview":"max-image-preview:large","max-video-preview":"max-video-preview:-1"},"canonical":"https:\/\/bahia.culturaviva.net.br\/pt\/variedades\/ufologo-alonso-regis-doa-acervo-de-livros-sobre-ufologia-a-morro-do-chapeu\/","og_locale":"pt_BR","og_type":"article","og_title":"Uf\u00f3logo Alonso R\u00e9gis doa acervo de livros sobre Ufologia a Morro do Chap\u00e9u - Rede Cultura Viva da Bahia","og_description":"Uf\u00f3logo Alonso R\u00e9gis doa acervo de livros sobre Ufologia a Morro do Chap\u00e9u","og_url":"https:\/\/bahia.culturaviva.net.br\/pt\/variedades\/ufologo-alonso-regis-doa-acervo-de-livros-sobre-ufologia-a-morro-do-chapeu\/","og_site_name":"Rede Cultura Viva da Bahia","article_published_time":"2026-01-06T12:37:43+00:00","author":"bahia_admin","twitter_card":"summary_large_image","twitter_misc":{"Escrito por":"bahia_admin","Est. tempo de leitura":"2 minutos"},"schema":{"@context":"https:\/\/schema.org","@graph":[{"@type":"Article","@id":"https:\/\/bahia.culturaviva.net.br\/variedades\/ufologo-alonso-regis-doa-acervo-de-livros-sobre-ufologia-a-morro-do-chapeu\/#article","isPartOf":{"@id":"https:\/\/bahia.culturaviva.net.br\/variedades\/ufologo-alonso-regis-doa-acervo-de-livros-sobre-ufologia-a-morro-do-chapeu\/"},"author":{"name":"bahia_admin","@id":"https:\/\/bahia.culturaviva.net.br\/#\/schema\/person\/35c36cd27181b85d03202236583bfaa1"},"headline":"Uf\u00f3logo Alonso R\u00e9gis doa acervo de livros sobre Ufologia a Morro do Chap\u00e9u","datePublished":"2026-01-06T12:37:43+00:00","mainEntityOfPage":{"@id":"https:\/\/bahia.culturaviva.net.br\/variedades\/ufologo-alonso-regis-doa-acervo-de-livros-sobre-ufologia-a-morro-do-chapeu\/"},"wordCount":435,"commentCount":0,"publisher":{"@id":"https:\/\/bahia.culturaviva.net.br\/#organization"},"image":{"@id":"https:\/\/bahia.culturaviva.net.br\/variedades\/ufologo-alonso-regis-doa-acervo-de-livros-sobre-ufologia-a-morro-do-chapeu\/#primaryimage"},"thumbnailUrl":"https:\/\/i0.wp.com\/cultura.chapada.ba\/wp-content\/uploads\/2026\/01\/WhatsApp-Image-2025-12-20-at-16.24.20.jpeg?resize=1024%2C771&amp;ssl=1","keywords":["Chapada Diamantina"],"inLanguage":"pt-BR","potentialAction":[{"@type":"CommentAction","name":"Comment","target":["https:\/\/bahia.culturaviva.net.br\/variedades\/ufologo-alonso-regis-doa-acervo-de-livros-sobre-ufologia-a-morro-do-chapeu\/#respond"]}]},{"@type":"WebPage","@id":"https:\/\/bahia.culturaviva.net.br\/variedades\/ufologo-alonso-regis-doa-acervo-de-livros-sobre-ufologia-a-morro-do-chapeu\/","url":"https:\/\/bahia.culturaviva.net.br\/variedades\/ufologo-alonso-regis-doa-acervo-de-livros-sobre-ufologia-a-morro-do-chapeu\/","name":"Uf\u00f3logo Alonso R\u00e9gis doa acervo de livros sobre Ufologia a Morro do Chap\u00e9u - Rede Cultura Viva da Bahia","isPartOf":{"@id":"https:\/\/bahia.culturaviva.net.br\/#website"},"primaryImageOfPage":{"@id":"https:\/\/bahia.culturaviva.net.br\/variedades\/ufologo-alonso-regis-doa-acervo-de-livros-sobre-ufologia-a-morro-do-chapeu\/#primaryimage"},"image":{"@id":"https:\/\/bahia.culturaviva.net.br\/variedades\/ufologo-alonso-regis-doa-acervo-de-livros-sobre-ufologia-a-morro-do-chapeu\/#primaryimage"},"thumbnailUrl":"https:\/\/i0.wp.com\/cultura.chapada.ba\/wp-content\/uploads\/2026\/01\/WhatsApp-Image-2025-12-20-at-16.24.20.jpeg?resize=1024%2C771&amp;ssl=1","datePublished":"2026-01-06T12:37:43+00:00","breadcrumb":{"@id":"https:\/\/bahia.culturaviva.net.br\/variedades\/ufologo-alonso-regis-doa-acervo-de-livros-sobre-ufologia-a-morro-do-chapeu\/#breadcrumb"},"inLanguage":"pt-BR","potentialAction":[{"@type":"ReadAction","target":["https:\/\/bahia.culturaviva.net.br\/variedades\/ufologo-alonso-regis-doa-acervo-de-livros-sobre-ufologia-a-morro-do-chapeu\/"]}]},{"@type":"ImageObject","inLanguage":"pt-BR","@id":"https:\/\/bahia.culturaviva.net.br\/variedades\/ufologo-alonso-regis-doa-acervo-de-livros-sobre-ufologia-a-morro-do-chapeu\/#primaryimage","url":"https:\/\/i0.wp.com\/cultura.chapada.ba\/wp-content\/uploads\/2026\/01\/WhatsApp-Image-2025-12-20-at-16.24.20.jpeg?resize=1024%2C771&amp;ssl=1","contentUrl":"https:\/\/i0.wp.com\/cultura.chapada.ba\/wp-content\/uploads\/2026\/01\/WhatsApp-Image-2025-12-20-at-16.24.20.jpeg?resize=1024%2C771&amp;ssl=1"},{"@type":"BreadcrumbList","@id":"https:\/\/bahia.culturaviva.net.br\/variedades\/ufologo-alonso-regis-doa-acervo-de-livros-sobre-ufologia-a-morro-do-chapeu\/#breadcrumb","itemListElement":[{"@type":"ListItem","position":1,"name":"In\u00edcio","item":"https:\/\/bahia.culturaviva.net.br\/"},{"@type":"ListItem","position":2,"name":"Uf\u00f3logo Alonso R\u00e9gis doa acervo de livros sobre Ufologia a Morro do Chap\u00e9u"}]},{"@type":"WebSite","@id":"https:\/\/bahia.culturaviva.net.br\/#website","url":"https:\/\/bahia.culturaviva.net.br\/","name":"Rede Cultura Viva da Bahia","description":"Espa\u00e7o para Acervo, Informa\u00e7\u00e3o e Participa\u00e7\u00e3o Social da Rede de Pontos de Cultura da Bahia","publisher":{"@id":"https:\/\/bahia.culturaviva.net.br\/#organization"},"potentialAction":[{"@type":"SearchAction","target":{"@type":"EntryPoint","urlTemplate":"https:\/\/bahia.culturaviva.net.br\/?s={search_term_string}"},"query-input":{"@type":"PropertyValueSpecification","valueRequired":true,"valueName":"search_term_string"}}],"inLanguage":"pt-BR"},{"@type":"Organization","@id":"https:\/\/bahia.culturaviva.net.br\/#organization","name":"Rede Cultura Viva da Bahia","url":"https:\/\/bahia.culturaviva.net.br\/","logo":{"@type":"ImageObject","inLanguage":"pt-BR","@id":"https:\/\/bahia.culturaviva.net.br\/#\/schema\/logo\/image\/","url":"https:\/\/bahia.culturaviva.net.br\/wp-content\/uploads\/2025\/11\/logo-plataforma-culturaviva-bahia-branco.png","contentUrl":"https:\/\/bahia.culturaviva.net.br\/wp-content\/uploads\/2025\/11\/logo-plataforma-culturaviva-bahia-branco.png","width":628,"height":652,"caption":"Rede Cultura Viva da Bahia"},"image":{"@id":"https:\/\/bahia.culturaviva.net.br\/#\/schema\/logo\/image\/"}},{"@type":"Person","@id":"https:\/\/bahia.culturaviva.net.br\/#\/schema\/person\/35c36cd27181b85d03202236583bfaa1","name":"bahia_admin","image":{"@type":"ImageObject","inLanguage":"pt-BR","@id":"https:\/\/secure.gravatar.com\/avatar\/f7d712956d3d145b4bc1a972f4e32b29dca00b96e04cbbc7a8abdde0832777a1?s=96&d=mm&r=g","url":"https:\/\/secure.gravatar.com\/avatar\/f7d712956d3d145b4bc1a972f4e32b29dca00b96e04cbbc7a8abdde0832777a1?s=96&d=mm&r=g","contentUrl":"https:\/\/secure.gravatar.com\/avatar\/f7d712956d3d145b4bc1a972f4e32b29dca00b96e04cbbc7a8abdde0832777a1?s=96&d=mm&r=g","caption":"bahia_admin"},"sameAs":["https:\/\/bahia.culturaviva.net.br"],"url":"https:\/\/bahia.culturaviva.net.br\/pt\/author\/bahia_admin\/"}]}},"_links":{"self":[{"href":"https:\/\/bahia.culturaviva.net.br\/pt\/wp-json\/wp\/v2\/posts\/1729","targetHints":{"allow":["GET"]}}],"collection":[{"href":"https:\/\/bahia.culturaviva.net.br\/pt\/wp-json\/wp\/v2\/posts"}],"about":[{"href":"https:\/\/bahia.culturaviva.net.br\/pt\/wp-json\/wp\/v2\/types\/post"}],"author":[{"embeddable":true,"href":"https:\/\/bahia.culturaviva.net.br\/pt\/wp-json\/wp\/v2\/users\/1"}],"replies":[{"embeddable":true,"href":"https:\/\/bahia.culturaviva.net.br\/pt\/wp-json\/wp\/v2\/comments?post=1729"}],"version-history":[{"count":0,"href":"https:\/\/bahia.culturaviva.net.br\/pt\/wp-json\/wp\/v2\/posts\/1729\/revisions"}],"wp:attachment":[{"href":"https:\/\/bahia.culturaviva.net.br\/pt\/wp-json\/wp\/v2\/media?parent=1729"}],"wp:term":[{"taxonomy":"category","embeddable":true,"href":"https:\/\/bahia.culturaviva.net.br\/pt\/wp-json\/wp\/v2\/categories?post=1729"},{"taxonomy":"post_tag","embeddable":true,"href":"https:\/\/bahia.culturaviva.net.br\/pt\/wp-json\/wp\/v2\/tags?post=1729"}],"curies":[{"name":"wp","href":"https:\/\/api.w.org\/{rel}","templated":true}]}}