{"id":1784,"date":"2026-01-24T16:18:24","date_gmt":"2026-01-24T19:18:24","guid":{"rendered":"https:\/\/bahia.culturaviva.net.br\/variedades\/retomada-das-acoes-do-projeto-3a-edicao-do-forte-cultura-emergencia-cultural\/"},"modified":"2026-01-24T16:18:24","modified_gmt":"2026-01-24T19:18:24","slug":"retomada-das-acoes-do-projeto-3a-edicao-do-forte-cultura-emergencia-cultural","status":"publish","type":"post","link":"https:\/\/bahia.culturaviva.net.br\/pt\/variedades\/retomada-das-acoes-do-projeto-3a-edicao-do-forte-cultura-emergencia-cultural\/","title":{"rendered":"Retomada das a\u00e7\u00f5es do Projeto 3\u00aa Edi\u00e7\u00e3o do ForTe CulTura - Emerg\u00eancia Cultural"},"content":{"rendered":"<figure class=\"wp-block-image size-large\"><img loading=\"lazy\" decoding=\"async\" data-recalc-dims=\"1\" width=\"819\" height=\"1024\" src=\"https:\/\/i0.wp.com\/cultura.chapada.ba\/wp-content\/uploads\/2026\/01\/WhatsApp-Image-2026-01-24-at-14.55.28.jpeg?resize=819%2C1024&amp;ssl=1\" alt=\"\" class=\"wp-image-9233\" \/><\/figure>\n<p>\ud83d\udea8 ATEN\u00c7\u00c3O, GALERA CHAPADEIRA! \ud83d\udea8<\/p>\n<p>As Oficinas de Uso da Plataforma Rede Cultura Viva est\u00e3o DE VOLTA! \ud83c\udfaf\ud83c\udf40\ud83d\udc40<\/p>\n<p>Se voc\u00ea faz cultura na Chapada Diamantina, essa \u00e9 a sua chance de fortalecer, divulgar e valorizar seus fazeres e saberes culturais \ud83d\udca5<\/p>\n<p>\ud83d\udc49 Inscreva-se agora:<br \/>\ud83d\udd17 https:\/\/cultura.chapada.ba\/emergenciacultural<\/p>\n<p>Vagas dispon\u00edveis nas datas indicadas - n\u00e3o deixe para depois!<\/p>\n<p>\ud83c\udfad Projeto ForTe CulTura - 3\u00aa Edi\u00e7\u00e3o<br \/>O projeto retoma suas atividades de forma\u00e7\u00e3o, frui\u00e7\u00e3o e difus\u00e3o cultural, com oficinas voltadas ao uso da Plataforma Cultura Viva da Chapada Diamantina<br \/>\ud83d\udd17 https:\/\/cultura.chapada.ba\/<\/p>\n<p>\ud83d\uddd3\ufe0f Per\u00edodo: janeiro a fevereiro<\/p>\n<p>\ud83d\udccc Sobre o projeto<br \/>Esta iniciativa foi contemplada pelos Editais da Pol\u00edtica Nacional Aldir Blanc - Bahia, com apoio financeiro do Governo do Estado da Bahia, por meio da Secretaria de Cultura do Estado da Bahia (SECULT-BA), via PNAB, dirigida pelo Minist\u00e9rio da Cultura - Governo Federal.<\/p>\n<p>O projeto tamb\u00e9m \u00e9 contemplado pela Pol\u00edtica Nacional Cultura Viva, no \u00e2mbito do Edital Cultura Viva e Territ\u00f3rios de Identidade - Edital n\u00ba 28\/2024.<\/p>\n<p>\ud83c\udfdb\ufe0f Pessoa Jur\u00eddica sem fins lucrativos<br \/>\ud83d\udcc4 CNPJ: 07.652.375\/0001-85<br \/>\ud83c\udfb6 Raz\u00e3o Social: Viver Cultura e Meio Ambiente<br \/>\u2728 Ponto de Cultura Abass\u00e1 de Oxal\u00e1<\/p>\n<p>\ud83d\udce3 Bora fortalecer a Cultura Viva da Chapada!<\/p>\n<h1 class=\"wp-block-heading\">ForTeCultura #Emerg\u00eanciaCultural<\/h1>\n<h1 class=\"wp-block-heading\">pnabbahia #culturaviva @secultba<\/h1>\n<p>@minc @viverculturama @bocainacomunidadequilombola @universidade.chapada.ba @ocachapada @oasisriodecontas @pontaotecendoredes @nte03<\/p>\n<p>Compartilhe, marque a galera e participe \ud83d\udc9b\ud83c\udf3f<\/p>\n<p>O post <a href=\"https:\/\/cultura.chapada.ba\/variedades\/retomada-das-acoes-do-projeto-3a-edicao-do-forte-cultura-emergencia-cultural\/\">Retomada das a\u00e7\u00f5es do Projeto 3\u00aa Edi\u00e7\u00e3o do ForTe CulTura - Emerg\u00eancia Cultural<\/a> apareceu primeiro em <a href=\"https:\/\/cultura.chapada.ba\/\">Rede Cultura Viva Chapada Diamantina<\/a>.<\/p>","protected":false},"excerpt":{"rendered":"<p>Retomada das a\u00e7\u00f5es do Projeto 3\u00aa Edi\u00e7\u00e3o do ForTe CulTura - Emerg\u00eancia Cultural<\/p>","protected":false},"author":1,"featured_media":0,"comment_status":"open","ping_status":"open","sticky":false,"template":"","format":"standard","meta":{"_acf_changed":false,"_gspb_post_css":"","footnotes":""},"categories":[],"tags":[55],"class_list":["post-1784","post","type-post","status-publish","format-standard","has-post-thumbnail","hentry","tag-chapada-diamantina"],"blocksy_meta":[],"acf":[],"yoast_head":"<!-- This site is optimized with the Yoast SEO plugin v27.3 - https:\/\/yoast.com\/product\/yoast-seo-wordpress\/ -->\n<title>Retomada das a\u00e7\u00f5es do Projeto 3\u00aa Edi\u00e7\u00e3o do ForTe CulTura \u2013 Emerg\u00eancia Cultural - Rede Cultura Viva da Bahia<\/title>\n<meta name=\"robots\" content=\"index, follow, max-snippet:-1, max-image-preview:large, max-video-preview:-1\" \/>\n<link rel=\"canonical\" href=\"https:\/\/bahia.culturaviva.net.br\/pt\/variedades\/retomada-das-acoes-do-projeto-3a-edicao-do-forte-cultura-emergencia-cultural\/\" \/>\n<meta property=\"og:locale\" content=\"pt_BR\" \/>\n<meta property=\"og:type\" content=\"article\" \/>\n<meta property=\"og:title\" content=\"Retomada das a\u00e7\u00f5es do Projeto 3\u00aa Edi\u00e7\u00e3o do ForTe CulTura \u2013 Emerg\u00eancia Cultural - Rede Cultura Viva da Bahia\" \/>\n<meta property=\"og:description\" content=\"Retomada das a\u00e7\u00f5es do Projeto 3\u00aa Edi\u00e7\u00e3o do ForTe CulTura \u2013 Emerg\u00eancia Cultural\" \/>\n<meta property=\"og:url\" content=\"https:\/\/bahia.culturaviva.net.br\/pt\/variedades\/retomada-das-acoes-do-projeto-3a-edicao-do-forte-cultura-emergencia-cultural\/\" \/>\n<meta property=\"og:site_name\" content=\"Rede Cultura Viva da Bahia\" \/>\n<meta property=\"article:published_time\" content=\"2026-01-24T19:18:24+00:00\" \/>\n<meta name=\"author\" content=\"bahia_admin\" \/>\n<meta name=\"twitter:card\" content=\"summary_large_image\" \/>\n<meta name=\"twitter:label1\" content=\"Escrito por\" \/>\n\t<meta name=\"twitter:data1\" content=\"bahia_admin\" \/>\n\t<meta name=\"twitter:label2\" content=\"Est. tempo de leitura\" \/>\n\t<meta name=\"twitter:data2\" content=\"1 minuto\" \/>\n<script type=\"application\/ld+json\" class=\"yoast-schema-graph\">{\"@context\":\"https:\\\/\\\/schema.org\",\"@graph\":[{\"@type\":\"Article\",\"@id\":\"https:\\\/\\\/bahia.culturaviva.net.br\\\/variedades\\\/retomada-das-acoes-do-projeto-3a-edicao-do-forte-cultura-emergencia-cultural\\\/#article\",\"isPartOf\":{\"@id\":\"https:\\\/\\\/bahia.culturaviva.net.br\\\/variedades\\\/retomada-das-acoes-do-projeto-3a-edicao-do-forte-cultura-emergencia-cultural\\\/\"},\"author\":{\"name\":\"bahia_admin\",\"@id\":\"https:\\\/\\\/bahia.culturaviva.net.br\\\/#\\\/schema\\\/person\\\/35c36cd27181b85d03202236583bfaa1\"},\"headline\":\"Retomada das a\u00e7\u00f5es do Projeto 3\u00aa Edi\u00e7\u00e3o do ForTe CulTura \u2013 Emerg\u00eancia Cultural\",\"datePublished\":\"2026-01-24T19:18:24+00:00\",\"mainEntityOfPage\":{\"@id\":\"https:\\\/\\\/bahia.culturaviva.net.br\\\/variedades\\\/retomada-das-acoes-do-projeto-3a-edicao-do-forte-cultura-emergencia-cultural\\\/\"},\"wordCount\":253,\"commentCount\":0,\"publisher\":{\"@id\":\"https:\\\/\\\/bahia.culturaviva.net.br\\\/#organization\"},\"image\":{\"@id\":\"https:\\\/\\\/bahia.culturaviva.net.br\\\/variedades\\\/retomada-das-acoes-do-projeto-3a-edicao-do-forte-cultura-emergencia-cultural\\\/#primaryimage\"},\"thumbnailUrl\":\"https:\\\/\\\/i0.wp.com\\\/cultura.chapada.ba\\\/wp-content\\\/uploads\\\/2026\\\/01\\\/WhatsApp-Image-2026-01-24-at-14.55.28.jpeg?resize=819%2C1024&amp;ssl=1\",\"keywords\":[\"Chapada Diamantina\"],\"inLanguage\":\"pt-BR\",\"potentialAction\":[{\"@type\":\"CommentAction\",\"name\":\"Comment\",\"target\":[\"https:\\\/\\\/bahia.culturaviva.net.br\\\/variedades\\\/retomada-das-acoes-do-projeto-3a-edicao-do-forte-cultura-emergencia-cultural\\\/#respond\"]}]},{\"@type\":\"WebPage\",\"@id\":\"https:\\\/\\\/bahia.culturaviva.net.br\\\/variedades\\\/retomada-das-acoes-do-projeto-3a-edicao-do-forte-cultura-emergencia-cultural\\\/\",\"url\":\"https:\\\/\\\/bahia.culturaviva.net.br\\\/variedades\\\/retomada-das-acoes-do-projeto-3a-edicao-do-forte-cultura-emergencia-cultural\\\/\",\"name\":\"Retomada das a\u00e7\u00f5es do Projeto 3\u00aa Edi\u00e7\u00e3o do ForTe CulTura \u2013 Emerg\u00eancia Cultural - Rede Cultura Viva da Bahia\",\"isPartOf\":{\"@id\":\"https:\\\/\\\/bahia.culturaviva.net.br\\\/#website\"},\"primaryImageOfPage\":{\"@id\":\"https:\\\/\\\/bahia.culturaviva.net.br\\\/variedades\\\/retomada-das-acoes-do-projeto-3a-edicao-do-forte-cultura-emergencia-cultural\\\/#primaryimage\"},\"image\":{\"@id\":\"https:\\\/\\\/bahia.culturaviva.net.br\\\/variedades\\\/retomada-das-acoes-do-projeto-3a-edicao-do-forte-cultura-emergencia-cultural\\\/#primaryimage\"},\"thumbnailUrl\":\"https:\\\/\\\/i0.wp.com\\\/cultura.chapada.ba\\\/wp-content\\\/uploads\\\/2026\\\/01\\\/WhatsApp-Image-2026-01-24-at-14.55.28.jpeg?resize=819%2C1024&amp;ssl=1\",\"datePublished\":\"2026-01-24T19:18:24+00:00\",\"breadcrumb\":{\"@id\":\"https:\\\/\\\/bahia.culturaviva.net.br\\\/variedades\\\/retomada-das-acoes-do-projeto-3a-edicao-do-forte-cultura-emergencia-cultural\\\/#breadcrumb\"},\"inLanguage\":\"pt-BR\",\"potentialAction\":[{\"@type\":\"ReadAction\",\"target\":[\"https:\\\/\\\/bahia.culturaviva.net.br\\\/variedades\\\/retomada-das-acoes-do-projeto-3a-edicao-do-forte-cultura-emergencia-cultural\\\/\"]}]},{\"@type\":\"ImageObject\",\"inLanguage\":\"pt-BR\",\"@id\":\"https:\\\/\\\/bahia.culturaviva.net.br\\\/variedades\\\/retomada-das-acoes-do-projeto-3a-edicao-do-forte-cultura-emergencia-cultural\\\/#primaryimage\",\"url\":\"https:\\\/\\\/i0.wp.com\\\/cultura.chapada.ba\\\/wp-content\\\/uploads\\\/2026\\\/01\\\/WhatsApp-Image-2026-01-24-at-14.55.28.jpeg?resize=819%2C1024&amp;ssl=1\",\"contentUrl\":\"https:\\\/\\\/i0.wp.com\\\/cultura.chapada.ba\\\/wp-content\\\/uploads\\\/2026\\\/01\\\/WhatsApp-Image-2026-01-24-at-14.55.28.jpeg?resize=819%2C1024&amp;ssl=1\"},{\"@type\":\"BreadcrumbList\",\"@id\":\"https:\\\/\\\/bahia.culturaviva.net.br\\\/variedades\\\/retomada-das-acoes-do-projeto-3a-edicao-do-forte-cultura-emergencia-cultural\\\/#breadcrumb\",\"itemListElement\":[{\"@type\":\"ListItem\",\"position\":1,\"name\":\"In\u00edcio\",\"item\":\"https:\\\/\\\/bahia.culturaviva.net.br\\\/\"},{\"@type\":\"ListItem\",\"position\":2,\"name\":\"Retomada das a\u00e7\u00f5es do Projeto 3\u00aa Edi\u00e7\u00e3o do ForTe CulTura \u2013 Emerg\u00eancia Cultural\"}]},{\"@type\":\"WebSite\",\"@id\":\"https:\\\/\\\/bahia.culturaviva.net.br\\\/#website\",\"url\":\"https:\\\/\\\/bahia.culturaviva.net.br\\\/\",\"name\":\"Rede Cultura Viva da Bahia\",\"description\":\"Espa\u00e7o para Acervo, Informa\u00e7\u00e3o e Participa\u00e7\u00e3o Social da Rede de Pontos de Cultura da Bahia\",\"publisher\":{\"@id\":\"https:\\\/\\\/bahia.culturaviva.net.br\\\/#organization\"},\"potentialAction\":[{\"@type\":\"SearchAction\",\"target\":{\"@type\":\"EntryPoint\",\"urlTemplate\":\"https:\\\/\\\/bahia.culturaviva.net.br\\\/?s={search_term_string}\"},\"query-input\":{\"@type\":\"PropertyValueSpecification\",\"valueRequired\":true,\"valueName\":\"search_term_string\"}}],\"inLanguage\":\"pt-BR\"},{\"@type\":\"Organization\",\"@id\":\"https:\\\/\\\/bahia.culturaviva.net.br\\\/#organization\",\"name\":\"Rede Cultura Viva da Bahia\",\"url\":\"https:\\\/\\\/bahia.culturaviva.net.br\\\/\",\"logo\":{\"@type\":\"ImageObject\",\"inLanguage\":\"pt-BR\",\"@id\":\"https:\\\/\\\/bahia.culturaviva.net.br\\\/#\\\/schema\\\/logo\\\/image\\\/\",\"url\":\"https:\\\/\\\/bahia.culturaviva.net.br\\\/wp-content\\\/uploads\\\/2025\\\/11\\\/logo-plataforma-culturaviva-bahia-branco.png\",\"contentUrl\":\"https:\\\/\\\/bahia.culturaviva.net.br\\\/wp-content\\\/uploads\\\/2025\\\/11\\\/logo-plataforma-culturaviva-bahia-branco.png\",\"width\":628,\"height\":652,\"caption\":\"Rede Cultura Viva da Bahia\"},\"image\":{\"@id\":\"https:\\\/\\\/bahia.culturaviva.net.br\\\/#\\\/schema\\\/logo\\\/image\\\/\"}},{\"@type\":\"Person\",\"@id\":\"https:\\\/\\\/bahia.culturaviva.net.br\\\/#\\\/schema\\\/person\\\/35c36cd27181b85d03202236583bfaa1\",\"name\":\"bahia_admin\",\"image\":{\"@type\":\"ImageObject\",\"inLanguage\":\"pt-BR\",\"@id\":\"https:\\\/\\\/secure.gravatar.com\\\/avatar\\\/f7d712956d3d145b4bc1a972f4e32b29dca00b96e04cbbc7a8abdde0832777a1?s=96&d=mm&r=g\",\"url\":\"https:\\\/\\\/secure.gravatar.com\\\/avatar\\\/f7d712956d3d145b4bc1a972f4e32b29dca00b96e04cbbc7a8abdde0832777a1?s=96&d=mm&r=g\",\"contentUrl\":\"https:\\\/\\\/secure.gravatar.com\\\/avatar\\\/f7d712956d3d145b4bc1a972f4e32b29dca00b96e04cbbc7a8abdde0832777a1?s=96&d=mm&r=g\",\"caption\":\"bahia_admin\"},\"sameAs\":[\"https:\\\/\\\/bahia.culturaviva.net.br\"],\"url\":\"https:\\\/\\\/bahia.culturaviva.net.br\\\/pt\\\/author\\\/bahia_admin\\\/\"}]}<\/script>\n<!-- \/ Yoast SEO plugin. -->","yoast_head_json":{"title":"Retomada das a\u00e7\u00f5es do Projeto 3\u00aa Edi\u00e7\u00e3o do ForTe CulTura \u2013 Emerg\u00eancia Cultural - Rede Cultura Viva da Bahia","robots":{"index":"index","follow":"follow","max-snippet":"max-snippet:-1","max-image-preview":"max-image-preview:large","max-video-preview":"max-video-preview:-1"},"canonical":"https:\/\/bahia.culturaviva.net.br\/pt\/variedades\/retomada-das-acoes-do-projeto-3a-edicao-do-forte-cultura-emergencia-cultural\/","og_locale":"pt_BR","og_type":"article","og_title":"Retomada das a\u00e7\u00f5es do Projeto 3\u00aa Edi\u00e7\u00e3o do ForTe CulTura \u2013 Emerg\u00eancia Cultural - Rede Cultura Viva da Bahia","og_description":"Retomada das a\u00e7\u00f5es do Projeto 3\u00aa Edi\u00e7\u00e3o do ForTe CulTura \u2013 Emerg\u00eancia Cultural","og_url":"https:\/\/bahia.culturaviva.net.br\/pt\/variedades\/retomada-das-acoes-do-projeto-3a-edicao-do-forte-cultura-emergencia-cultural\/","og_site_name":"Rede Cultura Viva da Bahia","article_published_time":"2026-01-24T19:18:24+00:00","author":"bahia_admin","twitter_card":"summary_large_image","twitter_misc":{"Escrito por":"bahia_admin","Est. tempo de leitura":"1 minuto"},"schema":{"@context":"https:\/\/schema.org","@graph":[{"@type":"Article","@id":"https:\/\/bahia.culturaviva.net.br\/variedades\/retomada-das-acoes-do-projeto-3a-edicao-do-forte-cultura-emergencia-cultural\/#article","isPartOf":{"@id":"https:\/\/bahia.culturaviva.net.br\/variedades\/retomada-das-acoes-do-projeto-3a-edicao-do-forte-cultura-emergencia-cultural\/"},"author":{"name":"bahia_admin","@id":"https:\/\/bahia.culturaviva.net.br\/#\/schema\/person\/35c36cd27181b85d03202236583bfaa1"},"headline":"Retomada das a\u00e7\u00f5es do Projeto 3\u00aa Edi\u00e7\u00e3o do ForTe CulTura \u2013 Emerg\u00eancia Cultural","datePublished":"2026-01-24T19:18:24+00:00","mainEntityOfPage":{"@id":"https:\/\/bahia.culturaviva.net.br\/variedades\/retomada-das-acoes-do-projeto-3a-edicao-do-forte-cultura-emergencia-cultural\/"},"wordCount":253,"commentCount":0,"publisher":{"@id":"https:\/\/bahia.culturaviva.net.br\/#organization"},"image":{"@id":"https:\/\/bahia.culturaviva.net.br\/variedades\/retomada-das-acoes-do-projeto-3a-edicao-do-forte-cultura-emergencia-cultural\/#primaryimage"},"thumbnailUrl":"https:\/\/i0.wp.com\/cultura.chapada.ba\/wp-content\/uploads\/2026\/01\/WhatsApp-Image-2026-01-24-at-14.55.28.jpeg?resize=819%2C1024&amp;ssl=1","keywords":["Chapada Diamantina"],"inLanguage":"pt-BR","potentialAction":[{"@type":"CommentAction","name":"Comment","target":["https:\/\/bahia.culturaviva.net.br\/variedades\/retomada-das-acoes-do-projeto-3a-edicao-do-forte-cultura-emergencia-cultural\/#respond"]}]},{"@type":"WebPage","@id":"https:\/\/bahia.culturaviva.net.br\/variedades\/retomada-das-acoes-do-projeto-3a-edicao-do-forte-cultura-emergencia-cultural\/","url":"https:\/\/bahia.culturaviva.net.br\/variedades\/retomada-das-acoes-do-projeto-3a-edicao-do-forte-cultura-emergencia-cultural\/","name":"Retomada das a\u00e7\u00f5es do Projeto 3\u00aa Edi\u00e7\u00e3o do ForTe CulTura \u2013 Emerg\u00eancia Cultural - Rede Cultura Viva da Bahia","isPartOf":{"@id":"https:\/\/bahia.culturaviva.net.br\/#website"},"primaryImageOfPage":{"@id":"https:\/\/bahia.culturaviva.net.br\/variedades\/retomada-das-acoes-do-projeto-3a-edicao-do-forte-cultura-emergencia-cultural\/#primaryimage"},"image":{"@id":"https:\/\/bahia.culturaviva.net.br\/variedades\/retomada-das-acoes-do-projeto-3a-edicao-do-forte-cultura-emergencia-cultural\/#primaryimage"},"thumbnailUrl":"https:\/\/i0.wp.com\/cultura.chapada.ba\/wp-content\/uploads\/2026\/01\/WhatsApp-Image-2026-01-24-at-14.55.28.jpeg?resize=819%2C1024&amp;ssl=1","datePublished":"2026-01-24T19:18:24+00:00","breadcrumb":{"@id":"https:\/\/bahia.culturaviva.net.br\/variedades\/retomada-das-acoes-do-projeto-3a-edicao-do-forte-cultura-emergencia-cultural\/#breadcrumb"},"inLanguage":"pt-BR","potentialAction":[{"@type":"ReadAction","target":["https:\/\/bahia.culturaviva.net.br\/variedades\/retomada-das-acoes-do-projeto-3a-edicao-do-forte-cultura-emergencia-cultural\/"]}]},{"@type":"ImageObject","inLanguage":"pt-BR","@id":"https:\/\/bahia.culturaviva.net.br\/variedades\/retomada-das-acoes-do-projeto-3a-edicao-do-forte-cultura-emergencia-cultural\/#primaryimage","url":"https:\/\/i0.wp.com\/cultura.chapada.ba\/wp-content\/uploads\/2026\/01\/WhatsApp-Image-2026-01-24-at-14.55.28.jpeg?resize=819%2C1024&amp;ssl=1","contentUrl":"https:\/\/i0.wp.com\/cultura.chapada.ba\/wp-content\/uploads\/2026\/01\/WhatsApp-Image-2026-01-24-at-14.55.28.jpeg?resize=819%2C1024&amp;ssl=1"},{"@type":"BreadcrumbList","@id":"https:\/\/bahia.culturaviva.net.br\/variedades\/retomada-das-acoes-do-projeto-3a-edicao-do-forte-cultura-emergencia-cultural\/#breadcrumb","itemListElement":[{"@type":"ListItem","position":1,"name":"In\u00edcio","item":"https:\/\/bahia.culturaviva.net.br\/"},{"@type":"ListItem","position":2,"name":"Retomada das a\u00e7\u00f5es do Projeto 3\u00aa Edi\u00e7\u00e3o do ForTe CulTura \u2013 Emerg\u00eancia Cultural"}]},{"@type":"WebSite","@id":"https:\/\/bahia.culturaviva.net.br\/#website","url":"https:\/\/bahia.culturaviva.net.br\/","name":"Rede Cultura Viva da Bahia","description":"Espa\u00e7o para Acervo, Informa\u00e7\u00e3o e Participa\u00e7\u00e3o Social da Rede de Pontos de Cultura da Bahia","publisher":{"@id":"https:\/\/bahia.culturaviva.net.br\/#organization"},"potentialAction":[{"@type":"SearchAction","target":{"@type":"EntryPoint","urlTemplate":"https:\/\/bahia.culturaviva.net.br\/?s={search_term_string}"},"query-input":{"@type":"PropertyValueSpecification","valueRequired":true,"valueName":"search_term_string"}}],"inLanguage":"pt-BR"},{"@type":"Organization","@id":"https:\/\/bahia.culturaviva.net.br\/#organization","name":"Rede Cultura Viva da Bahia","url":"https:\/\/bahia.culturaviva.net.br\/","logo":{"@type":"ImageObject","inLanguage":"pt-BR","@id":"https:\/\/bahia.culturaviva.net.br\/#\/schema\/logo\/image\/","url":"https:\/\/bahia.culturaviva.net.br\/wp-content\/uploads\/2025\/11\/logo-plataforma-culturaviva-bahia-branco.png","contentUrl":"https:\/\/bahia.culturaviva.net.br\/wp-content\/uploads\/2025\/11\/logo-plataforma-culturaviva-bahia-branco.png","width":628,"height":652,"caption":"Rede Cultura Viva da Bahia"},"image":{"@id":"https:\/\/bahia.culturaviva.net.br\/#\/schema\/logo\/image\/"}},{"@type":"Person","@id":"https:\/\/bahia.culturaviva.net.br\/#\/schema\/person\/35c36cd27181b85d03202236583bfaa1","name":"bahia_admin","image":{"@type":"ImageObject","inLanguage":"pt-BR","@id":"https:\/\/secure.gravatar.com\/avatar\/f7d712956d3d145b4bc1a972f4e32b29dca00b96e04cbbc7a8abdde0832777a1?s=96&d=mm&r=g","url":"https:\/\/secure.gravatar.com\/avatar\/f7d712956d3d145b4bc1a972f4e32b29dca00b96e04cbbc7a8abdde0832777a1?s=96&d=mm&r=g","contentUrl":"https:\/\/secure.gravatar.com\/avatar\/f7d712956d3d145b4bc1a972f4e32b29dca00b96e04cbbc7a8abdde0832777a1?s=96&d=mm&r=g","caption":"bahia_admin"},"sameAs":["https:\/\/bahia.culturaviva.net.br"],"url":"https:\/\/bahia.culturaviva.net.br\/pt\/author\/bahia_admin\/"}]}},"_links":{"self":[{"href":"https:\/\/bahia.culturaviva.net.br\/pt\/wp-json\/wp\/v2\/posts\/1784","targetHints":{"allow":["GET"]}}],"collection":[{"href":"https:\/\/bahia.culturaviva.net.br\/pt\/wp-json\/wp\/v2\/posts"}],"about":[{"href":"https:\/\/bahia.culturaviva.net.br\/pt\/wp-json\/wp\/v2\/types\/post"}],"author":[{"embeddable":true,"href":"https:\/\/bahia.culturaviva.net.br\/pt\/wp-json\/wp\/v2\/users\/1"}],"replies":[{"embeddable":true,"href":"https:\/\/bahia.culturaviva.net.br\/pt\/wp-json\/wp\/v2\/comments?post=1784"}],"version-history":[{"count":0,"href":"https:\/\/bahia.culturaviva.net.br\/pt\/wp-json\/wp\/v2\/posts\/1784\/revisions"}],"wp:attachment":[{"href":"https:\/\/bahia.culturaviva.net.br\/pt\/wp-json\/wp\/v2\/media?parent=1784"}],"wp:term":[{"taxonomy":"category","embeddable":true,"href":"https:\/\/bahia.culturaviva.net.br\/pt\/wp-json\/wp\/v2\/categories?post=1784"},{"taxonomy":"post_tag","embeddable":true,"href":"https:\/\/bahia.culturaviva.net.br\/pt\/wp-json\/wp\/v2\/tags?post=1784"}],"curies":[{"name":"wp","href":"https:\/\/api.w.org\/{rel}","templated":true}]}}