{"id":2161,"date":"2026-03-13T14:04:28","date_gmt":"2026-03-13T17:04:28","guid":{"rendered":"https:\/\/bahia.culturaviva.net.br\/variedades\/vamos-salvar-a-serra-da-chapadinha\/"},"modified":"2026-03-13T14:04:28","modified_gmt":"2026-03-13T17:04:28","slug":"vamos-salvar-a-serra-da-chapadinha","status":"publish","type":"post","link":"https:\/\/bahia.culturaviva.net.br\/pt\/variedades\/vamos-salvar-a-serra-da-chapadinha\/","title":{"rendered":"Vamos salvar a Serra da Chapadinha"},"content":{"rendered":"<p>\ud83c\udf0dVAMOS CRIAR O REF\u00daGIO DE VIDA SILVESTRE NA SERRA DA CHAPADINHA\ud83c\udf0d<\/p>\n<p>Sabemos que a \u00e1gua \u00e9 um recurso finito do planeta. Proteger as \u00e1reas naturais especiais que geram gratuitamente servi\u00e7os ecossist\u00eamicos, como a \u00e1gua, vai al\u00e9m de uma quest\u00e3o estrat\u00e9gica e de soberania, \u00e9 uma quest\u00e3o de sobreviv\u00eancia humana.<\/p>\n<p>\ud83c\udd98\ufe0f O sistema capitalista, com sua busca infinita pelo lucro e expans\u00e3o cont\u00ednua, ignora o fato de que a \u00e1gua n\u00e3o \u201cnasce\u201d em barragens, ela \u201cnasce\u201d em zonas naturais preservadas com vegeta\u00e7\u00e3o nativa e que devem permanecer preservadas para haver continuidade no fornecimento de \u00e1gua, especialmente nas estiagens.\ud83c\udd98\ufe0f<\/p>\n<p>Tecnicamente \u00e9 comprovado que a Serra da Chapadinha, na Chapada Diamantina, \u00e9 atualmente a principal fonte de \u00e1gua da Bacia do Rio Paragua\u00e7u. S\u00e3o as \u00e1guas do Rio Una que abastecem a barragem de Bandeira de Melo que gera perenidade ao Rio Paragua\u00e7u, abastecendo dezenas de cidades do semi\u00e1rido baiano, altamente suscet\u00edveis aos eventos extremos e impactos do colapso clim\u00e1tico, al\u00e9m de mais de 60% da regi\u00e3o metropolitana de Salvador.<\/p>\n<p>\ud83d\udc31\ud83c\udf3b Apenas Unidades de Conserva\u00e7\u00e3o de Prote\u00e7\u00e3o Integral protegem de fato essas \u00e1reas naturais. Unidades de conserva\u00e7\u00e3o de uso sustent\u00e1vel s\u00e3o altamente permissivas, temos um exemplo tr\u00e1gico como a APA Sul da RMBH onde fica localizada a Mina do C\u00f3rrego do Feij\u00e3o, da Vale, causadora da destrui\u00e7\u00e3o em Brumadinho.<\/p>\n<p>\ud83d\udfe2 A solu\u00e7\u00e3o socioambiental para a prote\u00e7\u00e3o da Serra da Chapadinha \u00e9 uma unidade de conserva\u00e7\u00e3o de prote\u00e7\u00e3o integral chamada Ref\u00fagio de Vida Silvestre (REVIS), por ser de posse e dom\u00ednio p\u00fablico e privado, n\u00e3o h\u00e1 desapropria\u00e7\u00e3o, a REVIS pro\u00edbe apenas atividades que destroem, como a minera\u00e7\u00e3o e o desmatamento, protege a Natureza sem expulsar que cuida dela.\ud83d\udfe2<\/p>\n<p>\u26a0\ufe0f Apoie a cria\u00e7\u00e3o do Ref\u00fagio de Vida Silvestre da Serra da Chapadinha junto com o Movimento Salve a Serra da Chapadinha @salveaserradachapadinha.<br \/>Ecologia sem Luta de Classes \u00e9 Jardinagem!\u26a0\ufe0f<\/p>\n\n<p>O post <a href=\"https:\/\/cultura.chapada.ba\/variedades\/vamos-salvar-a-serra-da-chapadinha\/\">Vamos salvar a Serra da Chapadinha<\/a> apareceu primeiro em <a href=\"https:\/\/cultura.chapada.ba\/\">Rede Cultura Viva Chapada Diamantina<\/a>.<\/p>","protected":false},"excerpt":{"rendered":"<p>Vamos salvar a Serra da Chapadinha<\/p>","protected":false},"author":1,"featured_media":0,"comment_status":"open","ping_status":"open","sticky":false,"template":"","format":"standard","meta":{"_acf_changed":false,"_gspb_post_css":"","footnotes":""},"categories":[],"tags":[55],"class_list":["post-2161","post","type-post","status-publish","format-standard","hentry","tag-chapada-diamantina"],"blocksy_meta":[],"acf":[],"yoast_head":"<!-- This site is optimized with the Yoast SEO plugin v27.3 - https:\/\/yoast.com\/product\/yoast-seo-wordpress\/ -->\n<title>Vamos salvar a Serra da Chapadinha - Rede Cultura Viva da Bahia<\/title>\n<meta name=\"robots\" content=\"index, follow, max-snippet:-1, max-image-preview:large, max-video-preview:-1\" \/>\n<link rel=\"canonical\" href=\"https:\/\/bahia.culturaviva.net.br\/pt\/variedades\/vamos-salvar-a-serra-da-chapadinha\/\" \/>\n<meta property=\"og:locale\" content=\"pt_BR\" \/>\n<meta property=\"og:type\" content=\"article\" \/>\n<meta property=\"og:title\" content=\"Vamos salvar a Serra da Chapadinha - Rede Cultura Viva da Bahia\" \/>\n<meta property=\"og:description\" content=\"Vamos salvar a Serra da Chapadinha\" \/>\n<meta property=\"og:url\" content=\"https:\/\/bahia.culturaviva.net.br\/pt\/variedades\/vamos-salvar-a-serra-da-chapadinha\/\" \/>\n<meta property=\"og:site_name\" content=\"Rede Cultura Viva da Bahia\" \/>\n<meta property=\"article:published_time\" content=\"2026-03-13T17:04:28+00:00\" \/>\n<meta name=\"author\" content=\"bahia_admin\" \/>\n<meta name=\"twitter:card\" content=\"summary_large_image\" \/>\n<meta name=\"twitter:label1\" content=\"Escrito por\" \/>\n\t<meta name=\"twitter:data1\" content=\"bahia_admin\" \/>\n\t<meta name=\"twitter:label2\" content=\"Est. tempo de leitura\" \/>\n\t<meta name=\"twitter:data2\" content=\"2 minutos\" \/>\n<script type=\"application\/ld+json\" class=\"yoast-schema-graph\">{\"@context\":\"https:\\\/\\\/schema.org\",\"@graph\":[{\"@type\":\"Article\",\"@id\":\"https:\\\/\\\/bahia.culturaviva.net.br\\\/variedades\\\/vamos-salvar-a-serra-da-chapadinha\\\/#article\",\"isPartOf\":{\"@id\":\"https:\\\/\\\/bahia.culturaviva.net.br\\\/variedades\\\/vamos-salvar-a-serra-da-chapadinha\\\/\"},\"author\":{\"name\":\"bahia_admin\",\"@id\":\"https:\\\/\\\/bahia.culturaviva.net.br\\\/#\\\/schema\\\/person\\\/35c36cd27181b85d03202236583bfaa1\"},\"headline\":\"Vamos salvar a Serra da Chapadinha\",\"datePublished\":\"2026-03-13T17:04:28+00:00\",\"mainEntityOfPage\":{\"@id\":\"https:\\\/\\\/bahia.culturaviva.net.br\\\/variedades\\\/vamos-salvar-a-serra-da-chapadinha\\\/\"},\"wordCount\":357,\"commentCount\":0,\"publisher\":{\"@id\":\"https:\\\/\\\/bahia.culturaviva.net.br\\\/#organization\"},\"keywords\":[\"Chapada Diamantina\"],\"inLanguage\":\"pt-BR\",\"potentialAction\":[{\"@type\":\"CommentAction\",\"name\":\"Comment\",\"target\":[\"https:\\\/\\\/bahia.culturaviva.net.br\\\/variedades\\\/vamos-salvar-a-serra-da-chapadinha\\\/#respond\"]}]},{\"@type\":\"WebPage\",\"@id\":\"https:\\\/\\\/bahia.culturaviva.net.br\\\/variedades\\\/vamos-salvar-a-serra-da-chapadinha\\\/\",\"url\":\"https:\\\/\\\/bahia.culturaviva.net.br\\\/variedades\\\/vamos-salvar-a-serra-da-chapadinha\\\/\",\"name\":\"Vamos salvar a Serra da Chapadinha - Rede Cultura Viva da Bahia\",\"isPartOf\":{\"@id\":\"https:\\\/\\\/bahia.culturaviva.net.br\\\/#website\"},\"datePublished\":\"2026-03-13T17:04:28+00:00\",\"breadcrumb\":{\"@id\":\"https:\\\/\\\/bahia.culturaviva.net.br\\\/variedades\\\/vamos-salvar-a-serra-da-chapadinha\\\/#breadcrumb\"},\"inLanguage\":\"pt-BR\",\"potentialAction\":[{\"@type\":\"ReadAction\",\"target\":[\"https:\\\/\\\/bahia.culturaviva.net.br\\\/variedades\\\/vamos-salvar-a-serra-da-chapadinha\\\/\"]}]},{\"@type\":\"BreadcrumbList\",\"@id\":\"https:\\\/\\\/bahia.culturaviva.net.br\\\/variedades\\\/vamos-salvar-a-serra-da-chapadinha\\\/#breadcrumb\",\"itemListElement\":[{\"@type\":\"ListItem\",\"position\":1,\"name\":\"In\u00edcio\",\"item\":\"https:\\\/\\\/bahia.culturaviva.net.br\\\/\"},{\"@type\":\"ListItem\",\"position\":2,\"name\":\"Vamos salvar a Serra da Chapadinha\"}]},{\"@type\":\"WebSite\",\"@id\":\"https:\\\/\\\/bahia.culturaviva.net.br\\\/#website\",\"url\":\"https:\\\/\\\/bahia.culturaviva.net.br\\\/\",\"name\":\"Rede Cultura Viva da Bahia\",\"description\":\"Espa\u00e7o para Acervo, Informa\u00e7\u00e3o e Participa\u00e7\u00e3o Social da Rede de Pontos de Cultura da Bahia\",\"publisher\":{\"@id\":\"https:\\\/\\\/bahia.culturaviva.net.br\\\/#organization\"},\"potentialAction\":[{\"@type\":\"SearchAction\",\"target\":{\"@type\":\"EntryPoint\",\"urlTemplate\":\"https:\\\/\\\/bahia.culturaviva.net.br\\\/?s={search_term_string}\"},\"query-input\":{\"@type\":\"PropertyValueSpecification\",\"valueRequired\":true,\"valueName\":\"search_term_string\"}}],\"inLanguage\":\"pt-BR\"},{\"@type\":\"Organization\",\"@id\":\"https:\\\/\\\/bahia.culturaviva.net.br\\\/#organization\",\"name\":\"Rede Cultura Viva da Bahia\",\"url\":\"https:\\\/\\\/bahia.culturaviva.net.br\\\/\",\"logo\":{\"@type\":\"ImageObject\",\"inLanguage\":\"pt-BR\",\"@id\":\"https:\\\/\\\/bahia.culturaviva.net.br\\\/#\\\/schema\\\/logo\\\/image\\\/\",\"url\":\"https:\\\/\\\/bahia.culturaviva.net.br\\\/wp-content\\\/uploads\\\/2025\\\/11\\\/logo-plataforma-culturaviva-bahia-branco.png\",\"contentUrl\":\"https:\\\/\\\/bahia.culturaviva.net.br\\\/wp-content\\\/uploads\\\/2025\\\/11\\\/logo-plataforma-culturaviva-bahia-branco.png\",\"width\":628,\"height\":652,\"caption\":\"Rede Cultura Viva da Bahia\"},\"image\":{\"@id\":\"https:\\\/\\\/bahia.culturaviva.net.br\\\/#\\\/schema\\\/logo\\\/image\\\/\"}},{\"@type\":\"Person\",\"@id\":\"https:\\\/\\\/bahia.culturaviva.net.br\\\/#\\\/schema\\\/person\\\/35c36cd27181b85d03202236583bfaa1\",\"name\":\"bahia_admin\",\"image\":{\"@type\":\"ImageObject\",\"inLanguage\":\"pt-BR\",\"@id\":\"https:\\\/\\\/secure.gravatar.com\\\/avatar\\\/f7d712956d3d145b4bc1a972f4e32b29dca00b96e04cbbc7a8abdde0832777a1?s=96&d=mm&r=g\",\"url\":\"https:\\\/\\\/secure.gravatar.com\\\/avatar\\\/f7d712956d3d145b4bc1a972f4e32b29dca00b96e04cbbc7a8abdde0832777a1?s=96&d=mm&r=g\",\"contentUrl\":\"https:\\\/\\\/secure.gravatar.com\\\/avatar\\\/f7d712956d3d145b4bc1a972f4e32b29dca00b96e04cbbc7a8abdde0832777a1?s=96&d=mm&r=g\",\"caption\":\"bahia_admin\"},\"sameAs\":[\"https:\\\/\\\/bahia.culturaviva.net.br\"],\"url\":\"https:\\\/\\\/bahia.culturaviva.net.br\\\/pt\\\/author\\\/bahia_admin\\\/\"}]}<\/script>\n<!-- \/ Yoast SEO plugin. -->","yoast_head_json":{"title":"Vamos salvar a Serra da Chapadinha - Rede Cultura Viva da Bahia","robots":{"index":"index","follow":"follow","max-snippet":"max-snippet:-1","max-image-preview":"max-image-preview:large","max-video-preview":"max-video-preview:-1"},"canonical":"https:\/\/bahia.culturaviva.net.br\/pt\/variedades\/vamos-salvar-a-serra-da-chapadinha\/","og_locale":"pt_BR","og_type":"article","og_title":"Vamos salvar a Serra da Chapadinha - Rede Cultura Viva da Bahia","og_description":"Vamos salvar a Serra da Chapadinha","og_url":"https:\/\/bahia.culturaviva.net.br\/pt\/variedades\/vamos-salvar-a-serra-da-chapadinha\/","og_site_name":"Rede Cultura Viva da Bahia","article_published_time":"2026-03-13T17:04:28+00:00","author":"bahia_admin","twitter_card":"summary_large_image","twitter_misc":{"Escrito por":"bahia_admin","Est. tempo de leitura":"2 minutos"},"schema":{"@context":"https:\/\/schema.org","@graph":[{"@type":"Article","@id":"https:\/\/bahia.culturaviva.net.br\/variedades\/vamos-salvar-a-serra-da-chapadinha\/#article","isPartOf":{"@id":"https:\/\/bahia.culturaviva.net.br\/variedades\/vamos-salvar-a-serra-da-chapadinha\/"},"author":{"name":"bahia_admin","@id":"https:\/\/bahia.culturaviva.net.br\/#\/schema\/person\/35c36cd27181b85d03202236583bfaa1"},"headline":"Vamos salvar a Serra da Chapadinha","datePublished":"2026-03-13T17:04:28+00:00","mainEntityOfPage":{"@id":"https:\/\/bahia.culturaviva.net.br\/variedades\/vamos-salvar-a-serra-da-chapadinha\/"},"wordCount":357,"commentCount":0,"publisher":{"@id":"https:\/\/bahia.culturaviva.net.br\/#organization"},"keywords":["Chapada Diamantina"],"inLanguage":"pt-BR","potentialAction":[{"@type":"CommentAction","name":"Comment","target":["https:\/\/bahia.culturaviva.net.br\/variedades\/vamos-salvar-a-serra-da-chapadinha\/#respond"]}]},{"@type":"WebPage","@id":"https:\/\/bahia.culturaviva.net.br\/variedades\/vamos-salvar-a-serra-da-chapadinha\/","url":"https:\/\/bahia.culturaviva.net.br\/variedades\/vamos-salvar-a-serra-da-chapadinha\/","name":"Vamos salvar a Serra da Chapadinha - Rede Cultura Viva da Bahia","isPartOf":{"@id":"https:\/\/bahia.culturaviva.net.br\/#website"},"datePublished":"2026-03-13T17:04:28+00:00","breadcrumb":{"@id":"https:\/\/bahia.culturaviva.net.br\/variedades\/vamos-salvar-a-serra-da-chapadinha\/#breadcrumb"},"inLanguage":"pt-BR","potentialAction":[{"@type":"ReadAction","target":["https:\/\/bahia.culturaviva.net.br\/variedades\/vamos-salvar-a-serra-da-chapadinha\/"]}]},{"@type":"BreadcrumbList","@id":"https:\/\/bahia.culturaviva.net.br\/variedades\/vamos-salvar-a-serra-da-chapadinha\/#breadcrumb","itemListElement":[{"@type":"ListItem","position":1,"name":"In\u00edcio","item":"https:\/\/bahia.culturaviva.net.br\/"},{"@type":"ListItem","position":2,"name":"Vamos salvar a Serra da Chapadinha"}]},{"@type":"WebSite","@id":"https:\/\/bahia.culturaviva.net.br\/#website","url":"https:\/\/bahia.culturaviva.net.br\/","name":"Rede Cultura Viva da Bahia","description":"Espa\u00e7o para Acervo, Informa\u00e7\u00e3o e Participa\u00e7\u00e3o Social da Rede de Pontos de Cultura da Bahia","publisher":{"@id":"https:\/\/bahia.culturaviva.net.br\/#organization"},"potentialAction":[{"@type":"SearchAction","target":{"@type":"EntryPoint","urlTemplate":"https:\/\/bahia.culturaviva.net.br\/?s={search_term_string}"},"query-input":{"@type":"PropertyValueSpecification","valueRequired":true,"valueName":"search_term_string"}}],"inLanguage":"pt-BR"},{"@type":"Organization","@id":"https:\/\/bahia.culturaviva.net.br\/#organization","name":"Rede Cultura Viva da Bahia","url":"https:\/\/bahia.culturaviva.net.br\/","logo":{"@type":"ImageObject","inLanguage":"pt-BR","@id":"https:\/\/bahia.culturaviva.net.br\/#\/schema\/logo\/image\/","url":"https:\/\/bahia.culturaviva.net.br\/wp-content\/uploads\/2025\/11\/logo-plataforma-culturaviva-bahia-branco.png","contentUrl":"https:\/\/bahia.culturaviva.net.br\/wp-content\/uploads\/2025\/11\/logo-plataforma-culturaviva-bahia-branco.png","width":628,"height":652,"caption":"Rede Cultura Viva da Bahia"},"image":{"@id":"https:\/\/bahia.culturaviva.net.br\/#\/schema\/logo\/image\/"}},{"@type":"Person","@id":"https:\/\/bahia.culturaviva.net.br\/#\/schema\/person\/35c36cd27181b85d03202236583bfaa1","name":"bahia_admin","image":{"@type":"ImageObject","inLanguage":"pt-BR","@id":"https:\/\/secure.gravatar.com\/avatar\/f7d712956d3d145b4bc1a972f4e32b29dca00b96e04cbbc7a8abdde0832777a1?s=96&d=mm&r=g","url":"https:\/\/secure.gravatar.com\/avatar\/f7d712956d3d145b4bc1a972f4e32b29dca00b96e04cbbc7a8abdde0832777a1?s=96&d=mm&r=g","contentUrl":"https:\/\/secure.gravatar.com\/avatar\/f7d712956d3d145b4bc1a972f4e32b29dca00b96e04cbbc7a8abdde0832777a1?s=96&d=mm&r=g","caption":"bahia_admin"},"sameAs":["https:\/\/bahia.culturaviva.net.br"],"url":"https:\/\/bahia.culturaviva.net.br\/pt\/author\/bahia_admin\/"}]}},"_links":{"self":[{"href":"https:\/\/bahia.culturaviva.net.br\/pt\/wp-json\/wp\/v2\/posts\/2161","targetHints":{"allow":["GET"]}}],"collection":[{"href":"https:\/\/bahia.culturaviva.net.br\/pt\/wp-json\/wp\/v2\/posts"}],"about":[{"href":"https:\/\/bahia.culturaviva.net.br\/pt\/wp-json\/wp\/v2\/types\/post"}],"author":[{"embeddable":true,"href":"https:\/\/bahia.culturaviva.net.br\/pt\/wp-json\/wp\/v2\/users\/1"}],"replies":[{"embeddable":true,"href":"https:\/\/bahia.culturaviva.net.br\/pt\/wp-json\/wp\/v2\/comments?post=2161"}],"version-history":[{"count":0,"href":"https:\/\/bahia.culturaviva.net.br\/pt\/wp-json\/wp\/v2\/posts\/2161\/revisions"}],"wp:attachment":[{"href":"https:\/\/bahia.culturaviva.net.br\/pt\/wp-json\/wp\/v2\/media?parent=2161"}],"wp:term":[{"taxonomy":"category","embeddable":true,"href":"https:\/\/bahia.culturaviva.net.br\/pt\/wp-json\/wp\/v2\/categories?post=2161"},{"taxonomy":"post_tag","embeddable":true,"href":"https:\/\/bahia.culturaviva.net.br\/pt\/wp-json\/wp\/v2\/tags?post=2161"}],"curies":[{"name":"wp","href":"https:\/\/api.w.org\/{rel}","templated":true}]}}