{"id":2175,"date":"2026-03-14T14:35:35","date_gmt":"2026-03-14T17:35:35","guid":{"rendered":"https:\/\/bahia.culturaviva.net.br\/?p=2175"},"modified":"2026-03-14T14:35:38","modified_gmt":"2026-03-14T17:35:38","slug":"encontro-tecendo-redes-pontao-de-cultura-caetite-14-03-26","status":"publish","type":"post","link":"https:\/\/bahia.culturaviva.net.br\/pt\/variedades\/encontro-tecendo-redes-pontao-de-cultura-caetite-14-03-26\/","title":{"rendered":"ENCONTRO TECENDO REDES - PONT\u00c3O DE CULTURA - CAETIT\u00c9 - 14\/03\/26"},"content":{"rendered":"<p>E<\/p>\n\n\n\n<figure class=\"wp-block-gallery has-nested-images columns-default is-cropped wp-block-gallery-1 is-layout-flex wp-block-gallery-is-layout-flex\">\n<figure class=\"wp-block-image size-large\"><img loading=\"lazy\" decoding=\"async\" width=\"1024\" height=\"539\" data-id=\"2179\" src=\"https:\/\/bahia.culturaviva.net.br\/wp-content\/uploads\/2026\/03\/1001973887-1024x539.jpg\" alt=\"\" class=\"wp-image-2179\" srcset=\"https:\/\/bahia.culturaviva.net.br\/wp-content\/uploads\/2026\/03\/1001973887-1024x539.jpg 1024w, https:\/\/bahia.culturaviva.net.br\/wp-content\/uploads\/2026\/03\/1001973887-300x158.jpg 300w, https:\/\/bahia.culturaviva.net.br\/wp-content\/uploads\/2026\/03\/1001973887-768x404.jpg 768w, https:\/\/bahia.culturaviva.net.br\/wp-content\/uploads\/2026\/03\/1001973887-18x9.jpg 18w, https:\/\/bahia.culturaviva.net.br\/wp-content\/uploads\/2026\/03\/1001973887-205x108.jpg 205w, https:\/\/bahia.culturaviva.net.br\/wp-content\/uploads\/2026\/03\/1001973887-480x252.jpg 480w, https:\/\/bahia.culturaviva.net.br\/wp-content\/uploads\/2026\/03\/1001973887.jpg 1080w\" sizes=\"auto, (max-width: 1024px) 100vw, 1024px\" \/><\/figure>\n<\/figure>\n\n\n\n<p><\/p>","protected":false},"excerpt":{"rendered":"<p>E<\/p>","protected":false},"author":34,"featured_media":0,"comment_status":"open","ping_status":"open","sticky":false,"template":"","format":"standard","meta":{"_acf_changed":false,"_gspb_post_css":"","footnotes":""},"categories":[1],"tags":[],"class_list":["post-2175","post","type-post","status-publish","format-standard","hentry","category-variedades"],"blocksy_meta":[],"acf":[],"yoast_head":"<!-- This site is optimized with the Yoast SEO plugin v27.3 - https:\/\/yoast.com\/product\/yoast-seo-wordpress\/ -->\n<title>ENCONTRO TECENDO REDES - PONT\u00c3O DE CULTURA - CAETIT\u00c9 - 14\/03\/26 - Rede Cultura Viva da Bahia<\/title>\n<meta name=\"robots\" content=\"index, follow, max-snippet:-1, max-image-preview:large, max-video-preview:-1\" \/>\n<link rel=\"canonical\" href=\"https:\/\/bahia.culturaviva.net.br\/pt\/variedades\/encontro-tecendo-redes-pontao-de-cultura-caetite-14-03-26\/\" \/>\n<meta property=\"og:locale\" content=\"pt_BR\" \/>\n<meta property=\"og:type\" content=\"article\" \/>\n<meta property=\"og:title\" content=\"ENCONTRO TECENDO REDES - PONT\u00c3O DE CULTURA - CAETIT\u00c9 - 14\/03\/26 - Rede Cultura Viva da Bahia\" \/>\n<meta property=\"og:description\" content=\"E\" \/>\n<meta property=\"og:url\" content=\"https:\/\/bahia.culturaviva.net.br\/pt\/variedades\/encontro-tecendo-redes-pontao-de-cultura-caetite-14-03-26\/\" \/>\n<meta property=\"og:site_name\" content=\"Rede Cultura Viva da Bahia\" \/>\n<meta property=\"article:published_time\" content=\"2026-03-14T17:35:35+00:00\" \/>\n<meta property=\"article:modified_time\" content=\"2026-03-14T17:35:38+00:00\" \/>\n<meta property=\"og:image\" content=\"https:\/\/bahia.culturaviva.net.br\/wp-content\/uploads\/2026\/03\/1001973887.jpg\" \/>\n\t<meta property=\"og:image:width\" content=\"1080\" \/>\n\t<meta property=\"og:image:height\" content=\"568\" \/>\n\t<meta property=\"og:image:type\" content=\"image\/jpeg\" \/>\n<meta name=\"author\" content=\"Ivanete Cardoso\" \/>\n<meta name=\"twitter:card\" content=\"summary_large_image\" \/>\n<meta name=\"twitter:label1\" content=\"Escrito por\" \/>\n\t<meta name=\"twitter:data1\" content=\"Ivanete Cardoso\" \/>\n\t<meta name=\"twitter:label2\" content=\"Est. tempo de leitura\" \/>\n\t<meta name=\"twitter:data2\" content=\"1 minuto\" \/>\n<script type=\"application\/ld+json\" class=\"yoast-schema-graph\">{\"@context\":\"https:\\\/\\\/schema.org\",\"@graph\":[{\"@type\":\"Article\",\"@id\":\"https:\\\/\\\/bahia.culturaviva.net.br\\\/variedades\\\/encontro-tecendo-redes-pontao-de-cultura-caetite-14-03-26\\\/#article\",\"isPartOf\":{\"@id\":\"https:\\\/\\\/bahia.culturaviva.net.br\\\/variedades\\\/encontro-tecendo-redes-pontao-de-cultura-caetite-14-03-26\\\/\"},\"author\":{\"name\":\"Ivanete Cardoso\",\"@id\":\"https:\\\/\\\/bahia.culturaviva.net.br\\\/#\\\/schema\\\/person\\\/5d81a34a28260a0657eec3c39e86e174\"},\"headline\":\"ENCONTRO TECENDO REDES &#8211; PONT\u00c3O DE CULTURA &#8211; CAETIT\u00c9 &#8211; 14\\\/03\\\/26\",\"datePublished\":\"2026-03-14T17:35:35+00:00\",\"dateModified\":\"2026-03-14T17:35:38+00:00\",\"mainEntityOfPage\":{\"@id\":\"https:\\\/\\\/bahia.culturaviva.net.br\\\/variedades\\\/encontro-tecendo-redes-pontao-de-cultura-caetite-14-03-26\\\/\"},\"wordCount\":12,\"commentCount\":0,\"publisher\":{\"@id\":\"https:\\\/\\\/bahia.culturaviva.net.br\\\/#organization\"},\"image\":{\"@id\":\"https:\\\/\\\/bahia.culturaviva.net.br\\\/variedades\\\/encontro-tecendo-redes-pontao-de-cultura-caetite-14-03-26\\\/#primaryimage\"},\"thumbnailUrl\":\"https:\\\/\\\/bahia.culturaviva.net.br\\\/wp-content\\\/uploads\\\/2026\\\/03\\\/1001973887-1024x539.jpg\",\"articleSection\":[\"Variedades\"],\"inLanguage\":\"pt-BR\",\"potentialAction\":[{\"@type\":\"CommentAction\",\"name\":\"Comment\",\"target\":[\"https:\\\/\\\/bahia.culturaviva.net.br\\\/variedades\\\/encontro-tecendo-redes-pontao-de-cultura-caetite-14-03-26\\\/#respond\"]}]},{\"@type\":\"WebPage\",\"@id\":\"https:\\\/\\\/bahia.culturaviva.net.br\\\/variedades\\\/encontro-tecendo-redes-pontao-de-cultura-caetite-14-03-26\\\/\",\"url\":\"https:\\\/\\\/bahia.culturaviva.net.br\\\/variedades\\\/encontro-tecendo-redes-pontao-de-cultura-caetite-14-03-26\\\/\",\"name\":\"ENCONTRO TECENDO REDES - PONT\u00c3O DE CULTURA - CAETIT\u00c9 - 14\\\/03\\\/26 - Rede Cultura Viva da Bahia\",\"isPartOf\":{\"@id\":\"https:\\\/\\\/bahia.culturaviva.net.br\\\/#website\"},\"primaryImageOfPage\":{\"@id\":\"https:\\\/\\\/bahia.culturaviva.net.br\\\/variedades\\\/encontro-tecendo-redes-pontao-de-cultura-caetite-14-03-26\\\/#primaryimage\"},\"image\":{\"@id\":\"https:\\\/\\\/bahia.culturaviva.net.br\\\/variedades\\\/encontro-tecendo-redes-pontao-de-cultura-caetite-14-03-26\\\/#primaryimage\"},\"thumbnailUrl\":\"https:\\\/\\\/bahia.culturaviva.net.br\\\/wp-content\\\/uploads\\\/2026\\\/03\\\/1001973887-1024x539.jpg\",\"datePublished\":\"2026-03-14T17:35:35+00:00\",\"dateModified\":\"2026-03-14T17:35:38+00:00\",\"breadcrumb\":{\"@id\":\"https:\\\/\\\/bahia.culturaviva.net.br\\\/variedades\\\/encontro-tecendo-redes-pontao-de-cultura-caetite-14-03-26\\\/#breadcrumb\"},\"inLanguage\":\"pt-BR\",\"potentialAction\":[{\"@type\":\"ReadAction\",\"target\":[\"https:\\\/\\\/bahia.culturaviva.net.br\\\/variedades\\\/encontro-tecendo-redes-pontao-de-cultura-caetite-14-03-26\\\/\"]}]},{\"@type\":\"ImageObject\",\"inLanguage\":\"pt-BR\",\"@id\":\"https:\\\/\\\/bahia.culturaviva.net.br\\\/variedades\\\/encontro-tecendo-redes-pontao-de-cultura-caetite-14-03-26\\\/#primaryimage\",\"url\":\"https:\\\/\\\/bahia.culturaviva.net.br\\\/wp-content\\\/uploads\\\/2026\\\/03\\\/1001973887-1024x539.jpg\",\"contentUrl\":\"https:\\\/\\\/bahia.culturaviva.net.br\\\/wp-content\\\/uploads\\\/2026\\\/03\\\/1001973887-1024x539.jpg\"},{\"@type\":\"BreadcrumbList\",\"@id\":\"https:\\\/\\\/bahia.culturaviva.net.br\\\/variedades\\\/encontro-tecendo-redes-pontao-de-cultura-caetite-14-03-26\\\/#breadcrumb\",\"itemListElement\":[{\"@type\":\"ListItem\",\"position\":1,\"name\":\"In\u00edcio\",\"item\":\"https:\\\/\\\/bahia.culturaviva.net.br\\\/\"},{\"@type\":\"ListItem\",\"position\":2,\"name\":\"ENCONTRO TECENDO REDES &#8211; PONT\u00c3O DE CULTURA &#8211; CAETIT\u00c9 &#8211; 14\\\/03\\\/26\"}]},{\"@type\":\"WebSite\",\"@id\":\"https:\\\/\\\/bahia.culturaviva.net.br\\\/#website\",\"url\":\"https:\\\/\\\/bahia.culturaviva.net.br\\\/\",\"name\":\"Rede Cultura Viva da Bahia\",\"description\":\"Espa\u00e7o para Acervo, Informa\u00e7\u00e3o e Participa\u00e7\u00e3o Social da Rede de Pontos de Cultura da Bahia\",\"publisher\":{\"@id\":\"https:\\\/\\\/bahia.culturaviva.net.br\\\/#organization\"},\"potentialAction\":[{\"@type\":\"SearchAction\",\"target\":{\"@type\":\"EntryPoint\",\"urlTemplate\":\"https:\\\/\\\/bahia.culturaviva.net.br\\\/?s={search_term_string}\"},\"query-input\":{\"@type\":\"PropertyValueSpecification\",\"valueRequired\":true,\"valueName\":\"search_term_string\"}}],\"inLanguage\":\"pt-BR\"},{\"@type\":\"Organization\",\"@id\":\"https:\\\/\\\/bahia.culturaviva.net.br\\\/#organization\",\"name\":\"Rede Cultura Viva da Bahia\",\"url\":\"https:\\\/\\\/bahia.culturaviva.net.br\\\/\",\"logo\":{\"@type\":\"ImageObject\",\"inLanguage\":\"pt-BR\",\"@id\":\"https:\\\/\\\/bahia.culturaviva.net.br\\\/#\\\/schema\\\/logo\\\/image\\\/\",\"url\":\"https:\\\/\\\/bahia.culturaviva.net.br\\\/wp-content\\\/uploads\\\/2025\\\/11\\\/logo-plataforma-culturaviva-bahia-branco.png\",\"contentUrl\":\"https:\\\/\\\/bahia.culturaviva.net.br\\\/wp-content\\\/uploads\\\/2025\\\/11\\\/logo-plataforma-culturaviva-bahia-branco.png\",\"width\":628,\"height\":652,\"caption\":\"Rede Cultura Viva da Bahia\"},\"image\":{\"@id\":\"https:\\\/\\\/bahia.culturaviva.net.br\\\/#\\\/schema\\\/logo\\\/image\\\/\"}},{\"@type\":\"Person\",\"@id\":\"https:\\\/\\\/bahia.culturaviva.net.br\\\/#\\\/schema\\\/person\\\/5d81a34a28260a0657eec3c39e86e174\",\"name\":\"Ivanete Cardoso\",\"image\":{\"@type\":\"ImageObject\",\"inLanguage\":\"pt-BR\",\"@id\":\"https:\\\/\\\/secure.gravatar.com\\\/avatar\\\/90850cc82afae5c970dcec1f41b059c8c5791b1d20b30d103ff3a33980edd0f0?s=96&d=mm&r=g\",\"url\":\"https:\\\/\\\/secure.gravatar.com\\\/avatar\\\/90850cc82afae5c970dcec1f41b059c8c5791b1d20b30d103ff3a33980edd0f0?s=96&d=mm&r=g\",\"contentUrl\":\"https:\\\/\\\/secure.gravatar.com\\\/avatar\\\/90850cc82afae5c970dcec1f41b059c8c5791b1d20b30d103ff3a33980edd0f0?s=96&d=mm&r=g\",\"caption\":\"Ivanete Cardoso\"},\"url\":\"https:\\\/\\\/bahia.culturaviva.net.br\\\/pt\\\/author\\\/radiorederwr\\\/\"}]}<\/script>\n<!-- \/ Yoast SEO plugin. -->","yoast_head_json":{"title":"ENCONTRO TECENDO REDES - PONT\u00c3O DE CULTURA - CAETIT\u00c9 - 14\/03\/26 - Rede Cultura Viva da Bahia","robots":{"index":"index","follow":"follow","max-snippet":"max-snippet:-1","max-image-preview":"max-image-preview:large","max-video-preview":"max-video-preview:-1"},"canonical":"https:\/\/bahia.culturaviva.net.br\/pt\/variedades\/encontro-tecendo-redes-pontao-de-cultura-caetite-14-03-26\/","og_locale":"pt_BR","og_type":"article","og_title":"ENCONTRO TECENDO REDES - PONT\u00c3O DE CULTURA - CAETIT\u00c9 - 14\/03\/26 - Rede Cultura Viva da Bahia","og_description":"E","og_url":"https:\/\/bahia.culturaviva.net.br\/pt\/variedades\/encontro-tecendo-redes-pontao-de-cultura-caetite-14-03-26\/","og_site_name":"Rede Cultura Viva da Bahia","article_published_time":"2026-03-14T17:35:35+00:00","article_modified_time":"2026-03-14T17:35:38+00:00","og_image":[{"width":1080,"height":568,"url":"https:\/\/bahia.culturaviva.net.br\/wp-content\/uploads\/2026\/03\/1001973887.jpg","type":"image\/jpeg"}],"author":"Ivanete Cardoso","twitter_card":"summary_large_image","twitter_misc":{"Escrito por":"Ivanete Cardoso","Est. tempo de leitura":"1 minuto"},"schema":{"@context":"https:\/\/schema.org","@graph":[{"@type":"Article","@id":"https:\/\/bahia.culturaviva.net.br\/variedades\/encontro-tecendo-redes-pontao-de-cultura-caetite-14-03-26\/#article","isPartOf":{"@id":"https:\/\/bahia.culturaviva.net.br\/variedades\/encontro-tecendo-redes-pontao-de-cultura-caetite-14-03-26\/"},"author":{"name":"Ivanete Cardoso","@id":"https:\/\/bahia.culturaviva.net.br\/#\/schema\/person\/5d81a34a28260a0657eec3c39e86e174"},"headline":"ENCONTRO TECENDO REDES &#8211; PONT\u00c3O DE CULTURA &#8211; CAETIT\u00c9 &#8211; 14\/03\/26","datePublished":"2026-03-14T17:35:35+00:00","dateModified":"2026-03-14T17:35:38+00:00","mainEntityOfPage":{"@id":"https:\/\/bahia.culturaviva.net.br\/variedades\/encontro-tecendo-redes-pontao-de-cultura-caetite-14-03-26\/"},"wordCount":12,"commentCount":0,"publisher":{"@id":"https:\/\/bahia.culturaviva.net.br\/#organization"},"image":{"@id":"https:\/\/bahia.culturaviva.net.br\/variedades\/encontro-tecendo-redes-pontao-de-cultura-caetite-14-03-26\/#primaryimage"},"thumbnailUrl":"https:\/\/bahia.culturaviva.net.br\/wp-content\/uploads\/2026\/03\/1001973887-1024x539.jpg","articleSection":["Variedades"],"inLanguage":"pt-BR","potentialAction":[{"@type":"CommentAction","name":"Comment","target":["https:\/\/bahia.culturaviva.net.br\/variedades\/encontro-tecendo-redes-pontao-de-cultura-caetite-14-03-26\/#respond"]}]},{"@type":"WebPage","@id":"https:\/\/bahia.culturaviva.net.br\/variedades\/encontro-tecendo-redes-pontao-de-cultura-caetite-14-03-26\/","url":"https:\/\/bahia.culturaviva.net.br\/variedades\/encontro-tecendo-redes-pontao-de-cultura-caetite-14-03-26\/","name":"ENCONTRO TECENDO REDES - PONT\u00c3O DE CULTURA - CAETIT\u00c9 - 14\/03\/26 - Rede Cultura Viva da Bahia","isPartOf":{"@id":"https:\/\/bahia.culturaviva.net.br\/#website"},"primaryImageOfPage":{"@id":"https:\/\/bahia.culturaviva.net.br\/variedades\/encontro-tecendo-redes-pontao-de-cultura-caetite-14-03-26\/#primaryimage"},"image":{"@id":"https:\/\/bahia.culturaviva.net.br\/variedades\/encontro-tecendo-redes-pontao-de-cultura-caetite-14-03-26\/#primaryimage"},"thumbnailUrl":"https:\/\/bahia.culturaviva.net.br\/wp-content\/uploads\/2026\/03\/1001973887-1024x539.jpg","datePublished":"2026-03-14T17:35:35+00:00","dateModified":"2026-03-14T17:35:38+00:00","breadcrumb":{"@id":"https:\/\/bahia.culturaviva.net.br\/variedades\/encontro-tecendo-redes-pontao-de-cultura-caetite-14-03-26\/#breadcrumb"},"inLanguage":"pt-BR","potentialAction":[{"@type":"ReadAction","target":["https:\/\/bahia.culturaviva.net.br\/variedades\/encontro-tecendo-redes-pontao-de-cultura-caetite-14-03-26\/"]}]},{"@type":"ImageObject","inLanguage":"pt-BR","@id":"https:\/\/bahia.culturaviva.net.br\/variedades\/encontro-tecendo-redes-pontao-de-cultura-caetite-14-03-26\/#primaryimage","url":"https:\/\/bahia.culturaviva.net.br\/wp-content\/uploads\/2026\/03\/1001973887-1024x539.jpg","contentUrl":"https:\/\/bahia.culturaviva.net.br\/wp-content\/uploads\/2026\/03\/1001973887-1024x539.jpg"},{"@type":"BreadcrumbList","@id":"https:\/\/bahia.culturaviva.net.br\/variedades\/encontro-tecendo-redes-pontao-de-cultura-caetite-14-03-26\/#breadcrumb","itemListElement":[{"@type":"ListItem","position":1,"name":"In\u00edcio","item":"https:\/\/bahia.culturaviva.net.br\/"},{"@type":"ListItem","position":2,"name":"ENCONTRO TECENDO REDES &#8211; PONT\u00c3O DE CULTURA &#8211; CAETIT\u00c9 &#8211; 14\/03\/26"}]},{"@type":"WebSite","@id":"https:\/\/bahia.culturaviva.net.br\/#website","url":"https:\/\/bahia.culturaviva.net.br\/","name":"Rede Cultura Viva da Bahia","description":"Espa\u00e7o para Acervo, Informa\u00e7\u00e3o e Participa\u00e7\u00e3o Social da Rede de Pontos de Cultura da Bahia","publisher":{"@id":"https:\/\/bahia.culturaviva.net.br\/#organization"},"potentialAction":[{"@type":"SearchAction","target":{"@type":"EntryPoint","urlTemplate":"https:\/\/bahia.culturaviva.net.br\/?s={search_term_string}"},"query-input":{"@type":"PropertyValueSpecification","valueRequired":true,"valueName":"search_term_string"}}],"inLanguage":"pt-BR"},{"@type":"Organization","@id":"https:\/\/bahia.culturaviva.net.br\/#organization","name":"Rede Cultura Viva da Bahia","url":"https:\/\/bahia.culturaviva.net.br\/","logo":{"@type":"ImageObject","inLanguage":"pt-BR","@id":"https:\/\/bahia.culturaviva.net.br\/#\/schema\/logo\/image\/","url":"https:\/\/bahia.culturaviva.net.br\/wp-content\/uploads\/2025\/11\/logo-plataforma-culturaviva-bahia-branco.png","contentUrl":"https:\/\/bahia.culturaviva.net.br\/wp-content\/uploads\/2025\/11\/logo-plataforma-culturaviva-bahia-branco.png","width":628,"height":652,"caption":"Rede Cultura Viva da Bahia"},"image":{"@id":"https:\/\/bahia.culturaviva.net.br\/#\/schema\/logo\/image\/"}},{"@type":"Person","@id":"https:\/\/bahia.culturaviva.net.br\/#\/schema\/person\/5d81a34a28260a0657eec3c39e86e174","name":"Ivanete Cardoso","image":{"@type":"ImageObject","inLanguage":"pt-BR","@id":"https:\/\/secure.gravatar.com\/avatar\/90850cc82afae5c970dcec1f41b059c8c5791b1d20b30d103ff3a33980edd0f0?s=96&d=mm&r=g","url":"https:\/\/secure.gravatar.com\/avatar\/90850cc82afae5c970dcec1f41b059c8c5791b1d20b30d103ff3a33980edd0f0?s=96&d=mm&r=g","contentUrl":"https:\/\/secure.gravatar.com\/avatar\/90850cc82afae5c970dcec1f41b059c8c5791b1d20b30d103ff3a33980edd0f0?s=96&d=mm&r=g","caption":"Ivanete Cardoso"},"url":"https:\/\/bahia.culturaviva.net.br\/pt\/author\/radiorederwr\/"}]}},"_links":{"self":[{"href":"https:\/\/bahia.culturaviva.net.br\/pt\/wp-json\/wp\/v2\/posts\/2175","targetHints":{"allow":["GET"]}}],"collection":[{"href":"https:\/\/bahia.culturaviva.net.br\/pt\/wp-json\/wp\/v2\/posts"}],"about":[{"href":"https:\/\/bahia.culturaviva.net.br\/pt\/wp-json\/wp\/v2\/types\/post"}],"author":[{"embeddable":true,"href":"https:\/\/bahia.culturaviva.net.br\/pt\/wp-json\/wp\/v2\/users\/34"}],"replies":[{"embeddable":true,"href":"https:\/\/bahia.culturaviva.net.br\/pt\/wp-json\/wp\/v2\/comments?post=2175"}],"version-history":[{"count":1,"href":"https:\/\/bahia.culturaviva.net.br\/pt\/wp-json\/wp\/v2\/posts\/2175\/revisions"}],"predecessor-version":[{"id":2181,"href":"https:\/\/bahia.culturaviva.net.br\/pt\/wp-json\/wp\/v2\/posts\/2175\/revisions\/2181"}],"wp:attachment":[{"href":"https:\/\/bahia.culturaviva.net.br\/pt\/wp-json\/wp\/v2\/media?parent=2175"}],"wp:term":[{"taxonomy":"category","embeddable":true,"href":"https:\/\/bahia.culturaviva.net.br\/pt\/wp-json\/wp\/v2\/categories?post=2175"},{"taxonomy":"post_tag","embeddable":true,"href":"https:\/\/bahia.culturaviva.net.br\/pt\/wp-json\/wp\/v2\/tags?post=2175"}],"curies":[{"name":"wp","href":"https:\/\/api.w.org\/{rel}","templated":true}]}}