{"id":2269,"date":"2026-04-27T05:43:14","date_gmt":"2026-04-27T08:43:14","guid":{"rendered":"https:\/\/bahia.culturaviva.net.br\/variedades\/quem-sera-o-negro-quando-a-equidade-existir\/"},"modified":"2026-04-27T05:43:14","modified_gmt":"2026-04-27T08:43:14","slug":"quem-sera-o-negro-quando-a-equidade-existir","status":"publish","type":"post","link":"https:\/\/bahia.culturaviva.net.br\/pt\/variedades\/quem-sera-o-negro-quando-a-equidade-existir\/","title":{"rendered":"QUEM SER\u00c1 O NEGRO QUANDO A EQUIDADE EXISTIR?"},"content":{"rendered":"<p>A hist\u00f3ria de Mestre Satu (Saturnino Dias Nery) e Mestra Tonha (Ant\u00f4nia Lima Neri), da Comunidade Quilombola de Tocos, em Ant\u00f4nio Cardoso \u2013 BA, \u00e9 express\u00e3o viva da mem\u00f3ria, da ancestralidade e da resist\u00eancia do povo negro e quilombola no Brasil.<br \/>Com 83 e 76 anos de vida, respectivamente, representam saberes que n\u00e3o est\u00e3o apenas na oralidade, mas na constru\u00e7\u00e3o concreta da identidade cultural brasileira. S\u00e3o guardi\u00f5es da f\u00e9, da tradi\u00e7\u00e3o, do samba de roda, da coletividade e da transmiss\u00e3o de conhecimento entre gera\u00e7\u00f5es. S\u00e3o, portanto, patrim\u00f4nios vivos.<br \/>Esse processo de reconhecimento est\u00e1 inserido em uma constru\u00e7\u00e3o maior, conduzida pela PIMM Produ\u00e7\u00e3o e Eventos \u2013 Ponto de Cultura certificado pelo Minist\u00e9rio da Cultura (ID Cultura Viva n\u00ba 1637639), que atua na salvaguarda, registro e fortalecimento da mem\u00f3ria dos mestres e fazedores de cultura na base da sociedade. E \u00e9 justamente aqui que a reflex\u00e3o precisa ser ampliada.<br \/>O Brasil possui marcos legais s\u00f3lidos. A Constitui\u00e7\u00e3o Federal de 1988, em seus artigos 215 e 216, assegura o pleno exerc\u00edcio dos direitos culturais e determina ao Estado a prote\u00e7\u00e3o das manifesta\u00e7\u00f5es das culturas populares, afro-brasileiras e tradicionais. O Estatuto da Igualdade Racial (Lei n\u00ba 12.288\/2010) estabelece, em seu art. 1\u00ba e art. 3\u00ba, o dever do Estado de garantir igualdade de oportunidades e a defesa dos direitos \u00e9tnico raciais, incluindo a valoriza\u00e7\u00e3o da cultura negra. O Estatuto do Idoso (Lei n\u00ba 10.741\/2003), em seu art. 3\u00ba, assegura prioridade absoluta \u00e0 pessoa idosa, e em seu art. 10 e art. 21, garante o direito \u00e0 dignidade, \u00e0 cultura e \u00e0 preserva\u00e7\u00e3o de sua hist\u00f3ria e mem\u00f3ria, exigindo tratamento com urg\u00eancia nas pol\u00edticas p\u00fablicas. A Lei Org\u00e2nica da Assist\u00eancia Social \u2013 LOAS (Lei n\u00ba 8.742\/1993), em seu art. 2\u00ba, define como objetivo a prote\u00e7\u00e3o social, garantindo m\u00ednimos sociais e dignidade \u00e0s popula\u00e7\u00f5es em situa\u00e7\u00e3o de vulnerabilidade. E o Sistema \u00danico de Sa\u00fade \u2013 SUS (Lei n\u00ba 8.080\/1990), especialmente em seu art. 3\u00ba, reconhece que a sa\u00fade \u00e9 resultado das condi\u00e7\u00f5es sociais, culturais e econ\u00f4micas, reafirmando que qualidade de vida tamb\u00e9m passa pelo reconhecimento, pertencimento e dignidade. Al\u00e9m disso, a Pol\u00edtica Nacional de Cultura Viva (Lei n\u00ba 13.018\/2014) reconhece e fortalece a cultura de base comunit\u00e1ria como elemento estruturante da sociedade brasileira.<br \/>Ou seja: o direito existe. Est\u00e1 garantido. Est\u00e1 regulamentado. Mas existe uma dist\u00e2ncia entre o direito garantido e o direito vivido. E essa dist\u00e2ncia tem cor. Tem territ\u00f3rio. Tem hist\u00f3ria. O povo negro, quilombola, ind\u00edgena e tradicional, historicamente, n\u00e3o acessa de forma cont\u00ednua os espa\u00e7os de decis\u00e3o, de formula\u00e7\u00e3o e, principalmente, de execu\u00e7\u00e3o das pol\u00edticas p\u00fablicas. Quando acessa, precisa provar legitimidade. Quando permanece, enfrenta resist\u00eancia. E mesmo assim, \u00e9 esse povo que segue produzindo, ensinando, preservando e resolvendo na pr\u00e1tica. E quando chega, resolve. Resolve com base comunit\u00e1ria. Resolve com saber ancestral. Resolve com compromisso coletivo. Por isso, a pergunta n\u00e3o \u00e9 apenas simb\u00f3lica \u00e9 estrutural:<br \/>Quem ser\u00e1 o Negro quando a equidade existir?<br \/>E, diante dessa realidade, uma outra pergunta se imp\u00f5e, com urg\u00eancia e responsabilidade:<br \/>Ser\u00e1 que Mestre Satu e Mestra Tonha ir\u00e3o viver, em vida, o reconhecimento pleno do seu acervo, da sua hist\u00f3ria e da sua contribui\u00e7\u00e3o cultural?<br \/>Ou ser\u00e3o mais duas mem\u00f3rias que se perder\u00e3o no tempo, diante da morosidade de um sistema que j\u00e1 possui leis suficientes, mas ainda falha na sua efetiva execu\u00e7\u00e3o?<br \/>A idade avan\u00e7ada dos mestres n\u00e3o \u00e9 apenas um dado. \u00c9 um fator legal de prioridade. \u00c9 um chamado para celeridade. \u00c9 um dever do Estado e da sociedade garantir que esse reconhecimento aconte\u00e7a em vida, conforme determinam os marcos legais j\u00e1 estabelecidos. A presen\u00e7a desses mestres em espa\u00e7os institucionais n\u00e3o \u00e9 apenas simb\u00f3lica. \u00c9 hist\u00f3rica. \u00c9 reparadora. \u00c9 necess\u00e1ria. E mostra que pertencimento n\u00e3o \u00e9 concess\u00e3o \u00e9 direito. O que se constr\u00f3i hoje precisa deixar de ser exce\u00e7\u00e3o e se tornar fluxo.<br \/>Porque cultura viva n\u00e3o pode depender apenas da resist\u00eancia para existir. Ela precisa ser reconhecida, estruturada e fortalecida como pol\u00edtica p\u00fablica cont\u00ednua com prioridade, respeito e tempo adequado \u00e0 vida de quem construiu essa hist\u00f3ria. A PIMM Produ\u00e7\u00e3o e Eventos segue nesse caminho, atuando para que os processos de salvaguarda e reconhecimento da cultura de base aconte\u00e7am com mais celeridade, responsabilidade e efetividade. N\u00e3o como favor. Mas como direito. Porque quando o povo da base acessa, participa e executa, o Brasil n\u00e3o perde, o Brasil avan\u00e7a.<\/p>\n<p>Imagem: PIMM<\/p>\n<p>Por Paraguai Santos<\/p>\n<figure class=\"wp-block-image size-large\"><img loading=\"lazy\" decoding=\"async\" data-recalc-dims=\"1\" width=\"1024\" height=\"683\" src=\"https:\/\/i0.wp.com\/cultura.chapada.ba\/wp-content\/uploads\/2026\/04\/Rito-publico-1.jpeg?resize=1024%2C683&amp;ssl=1\" alt=\"\" class=\"wp-image-9546\" \/><\/figure>\n<figure class=\"wp-block-image size-large\"><img loading=\"lazy\" decoding=\"async\" data-recalc-dims=\"1\" width=\"1024\" height=\"576\" src=\"https:\/\/i0.wp.com\/cultura.chapada.ba\/wp-content\/uploads\/2026\/04\/Rito-publico-2.jpeg?resize=1024%2C576&amp;ssl=1\" alt=\"\" class=\"wp-image-9547\" \/><\/figure>\n<p>O post <a href=\"https:\/\/cultura.chapada.ba\/variedades\/quem-sera-o-negro-quando-a-equidade-existir\/\">QUEM SER\u00c1 O NEGRO QUANDO A EQUIDADE EXISTIR?<\/a> apareceu primeiro em <a href=\"https:\/\/cultura.chapada.ba\/\">Rede Cultura Viva Chapada Diamantina<\/a>.<\/p>","protected":false},"excerpt":{"rendered":"<p>QUEM SER\u00c1 O NEGRO QUANDO A EQUIDADE EXISTIR?<\/p>","protected":false},"author":1,"featured_media":0,"comment_status":"open","ping_status":"open","sticky":false,"template":"","format":"standard","meta":{"_acf_changed":false,"_gspb_post_css":"","footnotes":""},"categories":[],"tags":[55],"class_list":["post-2269","post","type-post","status-publish","format-standard","has-post-thumbnail","hentry","tag-chapada-diamantina"],"blocksy_meta":[],"acf":[],"yoast_head":"<!-- This site is optimized with the Yoast SEO plugin v27.3 - https:\/\/yoast.com\/product\/yoast-seo-wordpress\/ -->\n<title>QUEM SER\u00c1 O NEGRO QUANDO A EQUIDADE EXISTIR? - Rede Cultura Viva da Bahia<\/title>\n<meta name=\"robots\" content=\"index, follow, max-snippet:-1, max-image-preview:large, max-video-preview:-1\" \/>\n<link rel=\"canonical\" href=\"https:\/\/bahia.culturaviva.net.br\/pt\/variedades\/quem-sera-o-negro-quando-a-equidade-existir\/\" \/>\n<meta property=\"og:locale\" content=\"pt_BR\" \/>\n<meta property=\"og:type\" content=\"article\" \/>\n<meta property=\"og:title\" content=\"QUEM SER\u00c1 O NEGRO QUANDO A EQUIDADE EXISTIR? - Rede Cultura Viva da Bahia\" \/>\n<meta property=\"og:description\" content=\"QUEM SER\u00c1 O NEGRO QUANDO A EQUIDADE EXISTIR?\" \/>\n<meta property=\"og:url\" content=\"https:\/\/bahia.culturaviva.net.br\/pt\/variedades\/quem-sera-o-negro-quando-a-equidade-existir\/\" \/>\n<meta property=\"og:site_name\" content=\"Rede Cultura Viva da Bahia\" \/>\n<meta property=\"article:published_time\" content=\"2026-04-27T08:43:14+00:00\" \/>\n<meta name=\"author\" content=\"bahia_admin\" \/>\n<meta name=\"twitter:card\" content=\"summary_large_image\" \/>\n<meta name=\"twitter:label1\" content=\"Escrito por\" \/>\n\t<meta name=\"twitter:data1\" content=\"bahia_admin\" \/>\n\t<meta name=\"twitter:label2\" content=\"Est. tempo de leitura\" \/>\n\t<meta name=\"twitter:data2\" content=\"4 minutos\" \/>\n<script type=\"application\/ld+json\" class=\"yoast-schema-graph\">{\"@context\":\"https:\\\/\\\/schema.org\",\"@graph\":[{\"@type\":\"Article\",\"@id\":\"https:\\\/\\\/bahia.culturaviva.net.br\\\/variedades\\\/quem-sera-o-negro-quando-a-equidade-existir\\\/#article\",\"isPartOf\":{\"@id\":\"https:\\\/\\\/bahia.culturaviva.net.br\\\/variedades\\\/quem-sera-o-negro-quando-a-equidade-existir\\\/\"},\"author\":{\"name\":\"bahia_admin\",\"@id\":\"https:\\\/\\\/bahia.culturaviva.net.br\\\/#\\\/schema\\\/person\\\/35c36cd27181b85d03202236583bfaa1\"},\"headline\":\"QUEM SER\u00c1 O NEGRO QUANDO A EQUIDADE EXISTIR?\",\"datePublished\":\"2026-04-27T08:43:14+00:00\",\"mainEntityOfPage\":{\"@id\":\"https:\\\/\\\/bahia.culturaviva.net.br\\\/variedades\\\/quem-sera-o-negro-quando-a-equidade-existir\\\/\"},\"wordCount\":802,\"commentCount\":0,\"publisher\":{\"@id\":\"https:\\\/\\\/bahia.culturaviva.net.br\\\/#organization\"},\"image\":{\"@id\":\"https:\\\/\\\/bahia.culturaviva.net.br\\\/variedades\\\/quem-sera-o-negro-quando-a-equidade-existir\\\/#primaryimage\"},\"thumbnailUrl\":\"https:\\\/\\\/i0.wp.com\\\/cultura.chapada.ba\\\/wp-content\\\/uploads\\\/2026\\\/04\\\/Rito-publico-1.jpeg?resize=1024%2C683&amp;ssl=1\",\"keywords\":[\"Chapada Diamantina\"],\"inLanguage\":\"pt-BR\",\"potentialAction\":[{\"@type\":\"CommentAction\",\"name\":\"Comment\",\"target\":[\"https:\\\/\\\/bahia.culturaviva.net.br\\\/variedades\\\/quem-sera-o-negro-quando-a-equidade-existir\\\/#respond\"]}]},{\"@type\":\"WebPage\",\"@id\":\"https:\\\/\\\/bahia.culturaviva.net.br\\\/variedades\\\/quem-sera-o-negro-quando-a-equidade-existir\\\/\",\"url\":\"https:\\\/\\\/bahia.culturaviva.net.br\\\/variedades\\\/quem-sera-o-negro-quando-a-equidade-existir\\\/\",\"name\":\"QUEM SER\u00c1 O NEGRO QUANDO A EQUIDADE EXISTIR? - Rede Cultura Viva da Bahia\",\"isPartOf\":{\"@id\":\"https:\\\/\\\/bahia.culturaviva.net.br\\\/#website\"},\"primaryImageOfPage\":{\"@id\":\"https:\\\/\\\/bahia.culturaviva.net.br\\\/variedades\\\/quem-sera-o-negro-quando-a-equidade-existir\\\/#primaryimage\"},\"image\":{\"@id\":\"https:\\\/\\\/bahia.culturaviva.net.br\\\/variedades\\\/quem-sera-o-negro-quando-a-equidade-existir\\\/#primaryimage\"},\"thumbnailUrl\":\"https:\\\/\\\/i0.wp.com\\\/cultura.chapada.ba\\\/wp-content\\\/uploads\\\/2026\\\/04\\\/Rito-publico-1.jpeg?resize=1024%2C683&amp;ssl=1\",\"datePublished\":\"2026-04-27T08:43:14+00:00\",\"breadcrumb\":{\"@id\":\"https:\\\/\\\/bahia.culturaviva.net.br\\\/variedades\\\/quem-sera-o-negro-quando-a-equidade-existir\\\/#breadcrumb\"},\"inLanguage\":\"pt-BR\",\"potentialAction\":[{\"@type\":\"ReadAction\",\"target\":[\"https:\\\/\\\/bahia.culturaviva.net.br\\\/variedades\\\/quem-sera-o-negro-quando-a-equidade-existir\\\/\"]}]},{\"@type\":\"ImageObject\",\"inLanguage\":\"pt-BR\",\"@id\":\"https:\\\/\\\/bahia.culturaviva.net.br\\\/variedades\\\/quem-sera-o-negro-quando-a-equidade-existir\\\/#primaryimage\",\"url\":\"https:\\\/\\\/i0.wp.com\\\/cultura.chapada.ba\\\/wp-content\\\/uploads\\\/2026\\\/04\\\/Rito-publico-1.jpeg?resize=1024%2C683&amp;ssl=1\",\"contentUrl\":\"https:\\\/\\\/i0.wp.com\\\/cultura.chapada.ba\\\/wp-content\\\/uploads\\\/2026\\\/04\\\/Rito-publico-1.jpeg?resize=1024%2C683&amp;ssl=1\"},{\"@type\":\"BreadcrumbList\",\"@id\":\"https:\\\/\\\/bahia.culturaviva.net.br\\\/variedades\\\/quem-sera-o-negro-quando-a-equidade-existir\\\/#breadcrumb\",\"itemListElement\":[{\"@type\":\"ListItem\",\"position\":1,\"name\":\"In\u00edcio\",\"item\":\"https:\\\/\\\/bahia.culturaviva.net.br\\\/\"},{\"@type\":\"ListItem\",\"position\":2,\"name\":\"QUEM SER\u00c1 O NEGRO QUANDO A EQUIDADE EXISTIR?\"}]},{\"@type\":\"WebSite\",\"@id\":\"https:\\\/\\\/bahia.culturaviva.net.br\\\/#website\",\"url\":\"https:\\\/\\\/bahia.culturaviva.net.br\\\/\",\"name\":\"Rede Cultura Viva da Bahia\",\"description\":\"Espa\u00e7o para Acervo, Informa\u00e7\u00e3o e Participa\u00e7\u00e3o Social da Rede de Pontos de Cultura da Bahia\",\"publisher\":{\"@id\":\"https:\\\/\\\/bahia.culturaviva.net.br\\\/#organization\"},\"potentialAction\":[{\"@type\":\"SearchAction\",\"target\":{\"@type\":\"EntryPoint\",\"urlTemplate\":\"https:\\\/\\\/bahia.culturaviva.net.br\\\/?s={search_term_string}\"},\"query-input\":{\"@type\":\"PropertyValueSpecification\",\"valueRequired\":true,\"valueName\":\"search_term_string\"}}],\"inLanguage\":\"pt-BR\"},{\"@type\":\"Organization\",\"@id\":\"https:\\\/\\\/bahia.culturaviva.net.br\\\/#organization\",\"name\":\"Rede Cultura Viva da Bahia\",\"url\":\"https:\\\/\\\/bahia.culturaviva.net.br\\\/\",\"logo\":{\"@type\":\"ImageObject\",\"inLanguage\":\"pt-BR\",\"@id\":\"https:\\\/\\\/bahia.culturaviva.net.br\\\/#\\\/schema\\\/logo\\\/image\\\/\",\"url\":\"https:\\\/\\\/bahia.culturaviva.net.br\\\/wp-content\\\/uploads\\\/2025\\\/11\\\/logo-plataforma-culturaviva-bahia-branco.png\",\"contentUrl\":\"https:\\\/\\\/bahia.culturaviva.net.br\\\/wp-content\\\/uploads\\\/2025\\\/11\\\/logo-plataforma-culturaviva-bahia-branco.png\",\"width\":628,\"height\":652,\"caption\":\"Rede Cultura Viva da Bahia\"},\"image\":{\"@id\":\"https:\\\/\\\/bahia.culturaviva.net.br\\\/#\\\/schema\\\/logo\\\/image\\\/\"}},{\"@type\":\"Person\",\"@id\":\"https:\\\/\\\/bahia.culturaviva.net.br\\\/#\\\/schema\\\/person\\\/35c36cd27181b85d03202236583bfaa1\",\"name\":\"bahia_admin\",\"image\":{\"@type\":\"ImageObject\",\"inLanguage\":\"pt-BR\",\"@id\":\"https:\\\/\\\/secure.gravatar.com\\\/avatar\\\/f7d712956d3d145b4bc1a972f4e32b29dca00b96e04cbbc7a8abdde0832777a1?s=96&d=mm&r=g\",\"url\":\"https:\\\/\\\/secure.gravatar.com\\\/avatar\\\/f7d712956d3d145b4bc1a972f4e32b29dca00b96e04cbbc7a8abdde0832777a1?s=96&d=mm&r=g\",\"contentUrl\":\"https:\\\/\\\/secure.gravatar.com\\\/avatar\\\/f7d712956d3d145b4bc1a972f4e32b29dca00b96e04cbbc7a8abdde0832777a1?s=96&d=mm&r=g\",\"caption\":\"bahia_admin\"},\"sameAs\":[\"https:\\\/\\\/bahia.culturaviva.net.br\"],\"url\":\"https:\\\/\\\/bahia.culturaviva.net.br\\\/pt\\\/author\\\/bahia_admin\\\/\"}]}<\/script>\n<!-- \/ Yoast SEO plugin. -->","yoast_head_json":{"title":"QUEM SER\u00c1 O NEGRO QUANDO A EQUIDADE EXISTIR? - Rede Cultura Viva da Bahia","robots":{"index":"index","follow":"follow","max-snippet":"max-snippet:-1","max-image-preview":"max-image-preview:large","max-video-preview":"max-video-preview:-1"},"canonical":"https:\/\/bahia.culturaviva.net.br\/pt\/variedades\/quem-sera-o-negro-quando-a-equidade-existir\/","og_locale":"pt_BR","og_type":"article","og_title":"QUEM SER\u00c1 O NEGRO QUANDO A EQUIDADE EXISTIR? - Rede Cultura Viva da Bahia","og_description":"QUEM SER\u00c1 O NEGRO QUANDO A EQUIDADE EXISTIR?","og_url":"https:\/\/bahia.culturaviva.net.br\/pt\/variedades\/quem-sera-o-negro-quando-a-equidade-existir\/","og_site_name":"Rede Cultura Viva da Bahia","article_published_time":"2026-04-27T08:43:14+00:00","author":"bahia_admin","twitter_card":"summary_large_image","twitter_misc":{"Escrito por":"bahia_admin","Est. tempo de leitura":"4 minutos"},"schema":{"@context":"https:\/\/schema.org","@graph":[{"@type":"Article","@id":"https:\/\/bahia.culturaviva.net.br\/variedades\/quem-sera-o-negro-quando-a-equidade-existir\/#article","isPartOf":{"@id":"https:\/\/bahia.culturaviva.net.br\/variedades\/quem-sera-o-negro-quando-a-equidade-existir\/"},"author":{"name":"bahia_admin","@id":"https:\/\/bahia.culturaviva.net.br\/#\/schema\/person\/35c36cd27181b85d03202236583bfaa1"},"headline":"QUEM SER\u00c1 O NEGRO QUANDO A EQUIDADE EXISTIR?","datePublished":"2026-04-27T08:43:14+00:00","mainEntityOfPage":{"@id":"https:\/\/bahia.culturaviva.net.br\/variedades\/quem-sera-o-negro-quando-a-equidade-existir\/"},"wordCount":802,"commentCount":0,"publisher":{"@id":"https:\/\/bahia.culturaviva.net.br\/#organization"},"image":{"@id":"https:\/\/bahia.culturaviva.net.br\/variedades\/quem-sera-o-negro-quando-a-equidade-existir\/#primaryimage"},"thumbnailUrl":"https:\/\/i0.wp.com\/cultura.chapada.ba\/wp-content\/uploads\/2026\/04\/Rito-publico-1.jpeg?resize=1024%2C683&amp;ssl=1","keywords":["Chapada Diamantina"],"inLanguage":"pt-BR","potentialAction":[{"@type":"CommentAction","name":"Comment","target":["https:\/\/bahia.culturaviva.net.br\/variedades\/quem-sera-o-negro-quando-a-equidade-existir\/#respond"]}]},{"@type":"WebPage","@id":"https:\/\/bahia.culturaviva.net.br\/variedades\/quem-sera-o-negro-quando-a-equidade-existir\/","url":"https:\/\/bahia.culturaviva.net.br\/variedades\/quem-sera-o-negro-quando-a-equidade-existir\/","name":"QUEM SER\u00c1 O NEGRO QUANDO A EQUIDADE EXISTIR? - Rede Cultura Viva da Bahia","isPartOf":{"@id":"https:\/\/bahia.culturaviva.net.br\/#website"},"primaryImageOfPage":{"@id":"https:\/\/bahia.culturaviva.net.br\/variedades\/quem-sera-o-negro-quando-a-equidade-existir\/#primaryimage"},"image":{"@id":"https:\/\/bahia.culturaviva.net.br\/variedades\/quem-sera-o-negro-quando-a-equidade-existir\/#primaryimage"},"thumbnailUrl":"https:\/\/i0.wp.com\/cultura.chapada.ba\/wp-content\/uploads\/2026\/04\/Rito-publico-1.jpeg?resize=1024%2C683&amp;ssl=1","datePublished":"2026-04-27T08:43:14+00:00","breadcrumb":{"@id":"https:\/\/bahia.culturaviva.net.br\/variedades\/quem-sera-o-negro-quando-a-equidade-existir\/#breadcrumb"},"inLanguage":"pt-BR","potentialAction":[{"@type":"ReadAction","target":["https:\/\/bahia.culturaviva.net.br\/variedades\/quem-sera-o-negro-quando-a-equidade-existir\/"]}]},{"@type":"ImageObject","inLanguage":"pt-BR","@id":"https:\/\/bahia.culturaviva.net.br\/variedades\/quem-sera-o-negro-quando-a-equidade-existir\/#primaryimage","url":"https:\/\/i0.wp.com\/cultura.chapada.ba\/wp-content\/uploads\/2026\/04\/Rito-publico-1.jpeg?resize=1024%2C683&amp;ssl=1","contentUrl":"https:\/\/i0.wp.com\/cultura.chapada.ba\/wp-content\/uploads\/2026\/04\/Rito-publico-1.jpeg?resize=1024%2C683&amp;ssl=1"},{"@type":"BreadcrumbList","@id":"https:\/\/bahia.culturaviva.net.br\/variedades\/quem-sera-o-negro-quando-a-equidade-existir\/#breadcrumb","itemListElement":[{"@type":"ListItem","position":1,"name":"In\u00edcio","item":"https:\/\/bahia.culturaviva.net.br\/"},{"@type":"ListItem","position":2,"name":"QUEM SER\u00c1 O NEGRO QUANDO A EQUIDADE EXISTIR?"}]},{"@type":"WebSite","@id":"https:\/\/bahia.culturaviva.net.br\/#website","url":"https:\/\/bahia.culturaviva.net.br\/","name":"Rede Cultura Viva da Bahia","description":"Espa\u00e7o para Acervo, Informa\u00e7\u00e3o e Participa\u00e7\u00e3o Social da Rede de Pontos de Cultura da Bahia","publisher":{"@id":"https:\/\/bahia.culturaviva.net.br\/#organization"},"potentialAction":[{"@type":"SearchAction","target":{"@type":"EntryPoint","urlTemplate":"https:\/\/bahia.culturaviva.net.br\/?s={search_term_string}"},"query-input":{"@type":"PropertyValueSpecification","valueRequired":true,"valueName":"search_term_string"}}],"inLanguage":"pt-BR"},{"@type":"Organization","@id":"https:\/\/bahia.culturaviva.net.br\/#organization","name":"Rede Cultura Viva da Bahia","url":"https:\/\/bahia.culturaviva.net.br\/","logo":{"@type":"ImageObject","inLanguage":"pt-BR","@id":"https:\/\/bahia.culturaviva.net.br\/#\/schema\/logo\/image\/","url":"https:\/\/bahia.culturaviva.net.br\/wp-content\/uploads\/2025\/11\/logo-plataforma-culturaviva-bahia-branco.png","contentUrl":"https:\/\/bahia.culturaviva.net.br\/wp-content\/uploads\/2025\/11\/logo-plataforma-culturaviva-bahia-branco.png","width":628,"height":652,"caption":"Rede Cultura Viva da Bahia"},"image":{"@id":"https:\/\/bahia.culturaviva.net.br\/#\/schema\/logo\/image\/"}},{"@type":"Person","@id":"https:\/\/bahia.culturaviva.net.br\/#\/schema\/person\/35c36cd27181b85d03202236583bfaa1","name":"bahia_admin","image":{"@type":"ImageObject","inLanguage":"pt-BR","@id":"https:\/\/secure.gravatar.com\/avatar\/f7d712956d3d145b4bc1a972f4e32b29dca00b96e04cbbc7a8abdde0832777a1?s=96&d=mm&r=g","url":"https:\/\/secure.gravatar.com\/avatar\/f7d712956d3d145b4bc1a972f4e32b29dca00b96e04cbbc7a8abdde0832777a1?s=96&d=mm&r=g","contentUrl":"https:\/\/secure.gravatar.com\/avatar\/f7d712956d3d145b4bc1a972f4e32b29dca00b96e04cbbc7a8abdde0832777a1?s=96&d=mm&r=g","caption":"bahia_admin"},"sameAs":["https:\/\/bahia.culturaviva.net.br"],"url":"https:\/\/bahia.culturaviva.net.br\/pt\/author\/bahia_admin\/"}]}},"_links":{"self":[{"href":"https:\/\/bahia.culturaviva.net.br\/pt\/wp-json\/wp\/v2\/posts\/2269","targetHints":{"allow":["GET"]}}],"collection":[{"href":"https:\/\/bahia.culturaviva.net.br\/pt\/wp-json\/wp\/v2\/posts"}],"about":[{"href":"https:\/\/bahia.culturaviva.net.br\/pt\/wp-json\/wp\/v2\/types\/post"}],"author":[{"embeddable":true,"href":"https:\/\/bahia.culturaviva.net.br\/pt\/wp-json\/wp\/v2\/users\/1"}],"replies":[{"embeddable":true,"href":"https:\/\/bahia.culturaviva.net.br\/pt\/wp-json\/wp\/v2\/comments?post=2269"}],"version-history":[{"count":0,"href":"https:\/\/bahia.culturaviva.net.br\/pt\/wp-json\/wp\/v2\/posts\/2269\/revisions"}],"wp:attachment":[{"href":"https:\/\/bahia.culturaviva.net.br\/pt\/wp-json\/wp\/v2\/media?parent=2269"}],"wp:term":[{"taxonomy":"category","embeddable":true,"href":"https:\/\/bahia.culturaviva.net.br\/pt\/wp-json\/wp\/v2\/categories?post=2269"},{"taxonomy":"post_tag","embeddable":true,"href":"https:\/\/bahia.culturaviva.net.br\/pt\/wp-json\/wp\/v2\/tags?post=2269"}],"curies":[{"name":"wp","href":"https:\/\/api.w.org\/{rel}","templated":true}]}}