{"id":2279,"date":"2026-04-30T11:43:26","date_gmt":"2026-04-30T14:43:26","guid":{"rendered":"https:\/\/bahia.culturaviva.net.br\/en\/variedades\/ibicoara-estreia-sua-primeira-feira-literaria-em-maio-com-programacao-gratuita-e-diversa\/"},"modified":"2026-04-30T11:43:26","modified_gmt":"2026-04-30T14:43:26","slug":"ibicoara-estreia-sua-primeira-feira-literaria-em-maio-com-programacao-gratuita-e-diversa","status":"publish","type":"post","link":"https:\/\/bahia.culturaviva.net.br\/pt\/variedades\/ibicoara-estreia-sua-primeira-feira-literaria-em-maio-com-programacao-gratuita-e-diversa\/","title":{"rendered":"Ibicoara estreia sua primeira Feira Liter\u00e1ria em maio com programa\u00e7\u00e3o gratuita e diversa"},"content":{"rendered":"<p><img decoding=\"async\" width=\"150\" height=\"150\" src=\"https:\/\/i0.wp.com\/cultura.chapada.ba\/wp-content\/uploads\/2026\/04\/Flibic_mosaico.jpg?resize=150%2C150&amp;ssl=1\" class=\"attachment-thumbnail size-thumbnail wp-post-image\" alt=\"\" loading=\"lazy\" \/><\/p>\n<p><em><strong>Evento celebra a oralidade e a cultura popular da Chapada Diamantina com oficinas, saraus, espet\u00e1culos e feira de livros.<\/strong><\/em><\/p>\n<p>A cidade de Ibicoara, na Chapada Diamantina, vai sediar pela primeira vez uma feira liter\u00e1ria nos dias 21, 22 e 23 de maio. Com o tema <em>\u201cO Poder da Oralidade na Literatura e Cultura Brasileira\u201d<\/em>, a FLIBIC \u2013 Feira Liter\u00e1ria de Ibicoara \u2013 nasce como espa\u00e7o de encontro, celebra\u00e7\u00e3o e valoriza\u00e7\u00e3o das vozes que comp\u00f5em o territ\u00f3rio chapadeiro, onde a tradi\u00e7\u00e3o oral sempre foi guardi\u00e3 da mem\u00f3ria e da identidade local.<\/p>\n<p>A programa\u00e7\u00e3o totalmente gratuita promete movimentar a cidade com mesas liter\u00e1rias, lan\u00e7amentos de livros, oficinas, saraus, espet\u00e1culos, exposi\u00e7\u00f5es e interven\u00e7\u00f5es art\u00edsticas. Haver\u00e1 ainda uma feira de livros com editoras baianas, \u00e1rea dedicada \u00e0 economia criativa com artesanatos e produtos regionais, al\u00e9m do <em>FLIbrincante<\/em>, espa\u00e7o voltado especialmente para o p\u00fablico infantil. As atividades acontecer\u00e3o tanto na sede quanto na zona rural, em locais como o Gin\u00e1sio Poliesportivo e o Col\u00e9gio Estadual de Tempo Integral, na sede, e o Circo Redondo e o Museu Igara\u00e7u, na comunidade do Campo Redondo.<\/p>\n<p>V\u00e1rias atividades j\u00e1 come\u00e7aram a acontecer antes da data do evento: oficinas criativas em escolas p\u00fablicas, a pintura de um mural coletivo e um concurso liter\u00e1rio aberto \u00e0 comunidade. Entre os destaques est\u00e3o atividades de geotintas, muralismo po\u00e9tico, fotografia e introdu\u00e7\u00e3o \u00e0 Libras, que fortalecem o v\u00ednculo dos jovens com a arte e deixam um legado educativo para al\u00e9m dos dias do evento.<\/p>\n<figure class=\"wp-block-gallery has-nested-images columns-default is-cropped wp-block-gallery-1 is-layout-flex wp-block-gallery-is-layout-flex\">\n<figure class=\"wp-block-image size-large\"><img loading=\"lazy\" decoding=\"async\" data-recalc-dims=\"1\" width=\"1024\" height=\"682\" data-id=\"9586\" src=\"https:\/\/i0.wp.com\/cultura.chapada.ba\/wp-content\/uploads\/2026\/04\/Flibic_OficinaMuralismo.jpeg?resize=1024%2C682&amp;ssl=1\" alt=\"\" class=\"wp-image-9586\" \/><\/figure>\n<figure class=\"wp-block-image size-large\"><img loading=\"lazy\" decoding=\"async\" data-recalc-dims=\"1\" width=\"1024\" height=\"682\" data-id=\"9585\" src=\"https:\/\/i0.wp.com\/cultura.chapada.ba\/wp-content\/uploads\/2026\/04\/Flibic_OficinaLibras.jpeg?resize=1024%2C682&amp;ssl=1\" alt=\"\" class=\"wp-image-9585\" \/><\/figure>\n<figure class=\"wp-block-image size-large\"><img decoding=\"async\" data-recalc-dims=\"1\" loading=\"lazy\" width=\"768\" height=\"1024\" data-id=\"9587\" src=\"https:\/\/i0.wp.com\/cultura.chapada.ba\/wp-content\/uploads\/2026\/04\/Flibic_OficinaGeotinta.jpeg?resize=768%2C1024&amp;ssl=1\" alt=\"\" class=\"wp-image-9587\" \/><\/figure>\n<\/figure>\n<p>Idealizada pelo Coletivo Baob\u00e1 \u2013 formado por produtores culturais, educadores, curadores e artistas da regi\u00e3o \u2013, a FLIBIC busca valorizar a leitura, a arte e a cultura popular em formatos acess\u00edveis e conectados \u00e0 realidade local, tendo como protagonista a palavra falada, guardi\u00e3 de parte relevante da hist\u00f3ria de Ibicoara.<\/p>\n<p>O munic\u00edpio, com pouco mais de 20 mil habitantes, \u00e9 marcado pela natureza exuberante, pela for\u00e7a da agricultura familiar e por uma rica tradi\u00e7\u00e3o cultural, que ser\u00e1 celebrada ao longo dos tr\u00eas dias da feira.\u00a0<\/p>\n<p>A FLIBIC posiciona Ibicoara no mapa dos grandes encontros liter\u00e1rios da Bahia, celebrando a for\u00e7a da oralidade e das tradi\u00e7\u00f5es que fazem da Chapada Diamantina um territ\u00f3rio de cultura viva e pulsante.<\/p>\n<figure class=\"wp-block-image size-large is-resized\"><img decoding=\"async\" data-recalc-dims=\"1\" loading=\"lazy\" width=\"819\" height=\"1024\" src=\"https:\/\/i0.wp.com\/cultura.chapada.ba\/wp-content\/uploads\/2026\/04\/Post-1-Tela-1.png?resize=819%2C1024&amp;ssl=1\" alt=\"\" class=\"wp-image-9588\" \/><\/figure>\n<p>O evento foi contemplado no Edital de Apoio \u00e0s Festas, Feiras e Festivais Liter\u00e1rios (n\u00ba 01\/2024), por meio do Programa Bahia Liter\u00e1ria, com o apoio do Governo do Estado da Bahia, atrav\u00e9s da Secretaria de Educa\u00e7\u00e3o e da Secretaria de Cultura, via Funda\u00e7\u00e3o Pedro Calmon. O edital \u00e9 direcionado \u00e0 modalidade de fomento \u00e0 execu\u00e7\u00e3o de a\u00e7\u00f5es culturais, conforme o Decreto Federal n\u00ba 11.453\/2023, a Pol\u00edtica Estadual de Cultura (Lei n.\u00ba 12.365\/2011), o Plano Estadual de Cultura (Lei n.\u00ba 13.193\/2014), o Plano Estadual de Educa\u00e7\u00e3o da Bahia (Lei n.\u00ba 13.559\/2016) e a Lei Federal n\u00ba 14.133\/2021.<\/p>\n<p>Al\u00e9m disso, conta com o apoio cultural do Instituto de Radiodifus\u00e3o Educativa da Bahia (IRDEB), vinculado \u00e0 Secretaria de Educa\u00e7\u00e3o do Estado da Bahia, por meio da R\u00e1dio Educadora FM e da TVE Bahia.<\/p>\n<p><em>\u201cFalar de arte, de cultura \u00e9 enxergar todos esses artistas que vieram e valorizar o que j\u00e1 existe \u2013 porque temos muita coisa. Posso citar o reisado, a quadrilha, os artes\u00e3os locais, os escritores, poetas, cantadores, rimadores, muita gente que traz a literatura atrav\u00e9s da fala, da oralidade.\u201d<\/em><\/p>\n<p>\u00a0\u00a0\u00a0\u00a0\u00a0\u00a0\u00a0\u00a0\u00a0\u00a0\u00a0\u00a0\u00a0\u00a0\u00a0\u00a0\u00a0\u00a0\u00a0\u00a0\u00a0\u00a0\u00a0\u00a0\u00a0\u00a0\u00a0\u00a0\u00a0\u00a0\u00a0\u00a0\u00a0\u00a0\u00a0\u00a0\u00a0\u00a0\u00a0\u00a0\u00a0\u00a0\u00a0\u00a0\u00a0\u00a0\u00a0\u00a0\u00a0\u00a0\u00a0\u00a0<strong>Lia Guanac\u00e9, coordenadora da Feira Liter\u00e1ria de Ibicoara<\/strong><\/p>\n<p><strong>Servi\u00e7o<\/strong><\/p>\n<p>1\u00ba edi\u00e7\u00e3o de <strong>FLIBIC \u2013 Feira Liter\u00e1ria de Ibicoara\u00a0<\/strong><\/p>\n<p><strong>Data<\/strong>21. 22 e 23 de maio de 2026\u00a0<\/p>\n<p><strong>Local<\/strong>Gin\u00e1sio Poliesportivo, Col\u00e9gio Estadual de Tempo Integral de Ibicoara e Circo Redondo \u2013 Ibicoara\/Chapada Diamantina<\/p>\n<p><strong>Mais informa\u00e7\u00f5es<\/strong>:<\/p>\n<p>Site: <a href=\"https:\/\/flibic.com.br\/\">https:\/\/flibic.com.br\/<\/a> Redes Sociais <a href=\"https:\/\/www.instagram.com\/flibic?utm_source=ig_web_button_share_sheet&amp;igsh=ZDNlZDc0MzIxNw==\">@flibic<\/a><\/p>\n<p>O post <a href=\"https:\/\/cultura.chapada.ba\/municipio\/ibicoara\/ibicoara-estreia-sua-primeira-feira-literaria-em-maio-com-programacao-gratuita-e-diversa\/\">Ibicoara estreia sua primeira Feira Liter\u00e1ria em maio com programa\u00e7\u00e3o gratuita e diversa<\/a> apareceu primeiro em <a href=\"https:\/\/cultura.chapada.ba\/\">Rede Cultura Viva Chapada Diamantina<\/a>.<\/p>","protected":false},"excerpt":{"rendered":"<p>Ibicoara estreia sua primeira Feira Liter\u00e1ria em maio com programa\u00e7\u00e3o gratuita e diversa<\/p>","protected":false},"author":1,"featured_media":0,"comment_status":"open","ping_status":"open","sticky":false,"template":"","format":"standard","meta":{"_acf_changed":false,"_gspb_post_css":"","footnotes":""},"categories":[],"tags":[55],"class_list":["post-2279","post","type-post","status-publish","format-standard","has-post-thumbnail","hentry","tag-chapada-diamantina"],"blocksy_meta":[],"acf":[],"yoast_head":"<!-- This site is optimized with the Yoast SEO plugin v27.3 - https:\/\/yoast.com\/product\/yoast-seo-wordpress\/ -->\n<title>Ibicoara estreia sua primeira Feira Liter\u00e1ria em maio com programa\u00e7\u00e3o gratuita e diversa - Rede Cultura Viva da Bahia<\/title>\n<meta name=\"robots\" content=\"index, follow, max-snippet:-1, max-image-preview:large, max-video-preview:-1\" \/>\n<link rel=\"canonical\" href=\"https:\/\/bahia.culturaviva.net.br\/pt\/variedades\/ibicoara-estreia-sua-primeira-feira-literaria-em-maio-com-programacao-gratuita-e-diversa\/\" \/>\n<meta property=\"og:locale\" content=\"pt_BR\" \/>\n<meta property=\"og:type\" content=\"article\" \/>\n<meta property=\"og:title\" content=\"Ibicoara estreia sua primeira Feira Liter\u00e1ria em maio com programa\u00e7\u00e3o gratuita e diversa - Rede Cultura Viva da Bahia\" \/>\n<meta property=\"og:description\" content=\"Ibicoara estreia sua primeira Feira Liter\u00e1ria em maio com programa\u00e7\u00e3o gratuita e diversa\" \/>\n<meta property=\"og:url\" content=\"https:\/\/bahia.culturaviva.net.br\/pt\/variedades\/ibicoara-estreia-sua-primeira-feira-literaria-em-maio-com-programacao-gratuita-e-diversa\/\" \/>\n<meta property=\"og:site_name\" content=\"Rede Cultura Viva da Bahia\" \/>\n<meta property=\"article:published_time\" content=\"2026-04-30T14:43:26+00:00\" \/>\n<meta property=\"og:image\" content=\"https:\/\/i0.wp.com\/cultura.chapada.ba\/wp-content\/uploads\/2026\/04\/Flibic_mosaico.jpg?resize=150%2C150&amp;ssl=1\" \/>\n<meta name=\"author\" content=\"bahia_admin\" \/>\n<meta name=\"twitter:card\" content=\"summary_large_image\" \/>\n<meta name=\"twitter:label1\" content=\"Escrito por\" \/>\n\t<meta name=\"twitter:data1\" content=\"bahia_admin\" \/>\n\t<meta name=\"twitter:label2\" content=\"Est. tempo de leitura\" \/>\n\t<meta name=\"twitter:data2\" content=\"3 minutos\" \/>\n<script type=\"application\/ld+json\" class=\"yoast-schema-graph\">{\"@context\":\"https:\\\/\\\/schema.org\",\"@graph\":[{\"@type\":\"Article\",\"@id\":\"https:\\\/\\\/bahia.culturaviva.net.br\\\/en\\\/variedades\\\/ibicoara-estreia-sua-primeira-feira-literaria-em-maio-com-programacao-gratuita-e-diversa\\\/#article\",\"isPartOf\":{\"@id\":\"https:\\\/\\\/bahia.culturaviva.net.br\\\/en\\\/variedades\\\/ibicoara-estreia-sua-primeira-feira-literaria-em-maio-com-programacao-gratuita-e-diversa\\\/\"},\"author\":{\"name\":\"bahia_admin\",\"@id\":\"https:\\\/\\\/bahia.culturaviva.net.br\\\/#\\\/schema\\\/person\\\/35c36cd27181b85d03202236583bfaa1\"},\"headline\":\"Ibicoara estreia sua primeira Feira Liter\u00e1ria em maio com programa\u00e7\u00e3o gratuita e diversa\",\"datePublished\":\"2026-04-30T14:43:26+00:00\",\"mainEntityOfPage\":{\"@id\":\"https:\\\/\\\/bahia.culturaviva.net.br\\\/en\\\/variedades\\\/ibicoara-estreia-sua-primeira-feira-literaria-em-maio-com-programacao-gratuita-e-diversa\\\/\"},\"wordCount\":662,\"commentCount\":0,\"publisher\":{\"@id\":\"https:\\\/\\\/bahia.culturaviva.net.br\\\/#organization\"},\"image\":{\"@id\":\"https:\\\/\\\/bahia.culturaviva.net.br\\\/en\\\/variedades\\\/ibicoara-estreia-sua-primeira-feira-literaria-em-maio-com-programacao-gratuita-e-diversa\\\/#primaryimage\"},\"thumbnailUrl\":\"https:\\\/\\\/i0.wp.com\\\/cultura.chapada.ba\\\/wp-content\\\/uploads\\\/2026\\\/04\\\/Flibic_mosaico.jpg?resize=150%2C150&amp;ssl=1\",\"keywords\":[\"Chapada Diamantina\"],\"inLanguage\":\"pt-BR\",\"potentialAction\":[{\"@type\":\"CommentAction\",\"name\":\"Comment\",\"target\":[\"https:\\\/\\\/bahia.culturaviva.net.br\\\/en\\\/variedades\\\/ibicoara-estreia-sua-primeira-feira-literaria-em-maio-com-programacao-gratuita-e-diversa\\\/#respond\"]}]},{\"@type\":\"WebPage\",\"@id\":\"https:\\\/\\\/bahia.culturaviva.net.br\\\/en\\\/variedades\\\/ibicoara-estreia-sua-primeira-feira-literaria-em-maio-com-programacao-gratuita-e-diversa\\\/\",\"url\":\"https:\\\/\\\/bahia.culturaviva.net.br\\\/en\\\/variedades\\\/ibicoara-estreia-sua-primeira-feira-literaria-em-maio-com-programacao-gratuita-e-diversa\\\/\",\"name\":\"Ibicoara estreia sua primeira Feira Liter\u00e1ria em maio com programa\u00e7\u00e3o gratuita e diversa - Rede Cultura Viva da Bahia\",\"isPartOf\":{\"@id\":\"https:\\\/\\\/bahia.culturaviva.net.br\\\/#website\"},\"primaryImageOfPage\":{\"@id\":\"https:\\\/\\\/bahia.culturaviva.net.br\\\/en\\\/variedades\\\/ibicoara-estreia-sua-primeira-feira-literaria-em-maio-com-programacao-gratuita-e-diversa\\\/#primaryimage\"},\"image\":{\"@id\":\"https:\\\/\\\/bahia.culturaviva.net.br\\\/en\\\/variedades\\\/ibicoara-estreia-sua-primeira-feira-literaria-em-maio-com-programacao-gratuita-e-diversa\\\/#primaryimage\"},\"thumbnailUrl\":\"https:\\\/\\\/i0.wp.com\\\/cultura.chapada.ba\\\/wp-content\\\/uploads\\\/2026\\\/04\\\/Flibic_mosaico.jpg?resize=150%2C150&amp;ssl=1\",\"datePublished\":\"2026-04-30T14:43:26+00:00\",\"breadcrumb\":{\"@id\":\"https:\\\/\\\/bahia.culturaviva.net.br\\\/en\\\/variedades\\\/ibicoara-estreia-sua-primeira-feira-literaria-em-maio-com-programacao-gratuita-e-diversa\\\/#breadcrumb\"},\"inLanguage\":\"pt-BR\",\"potentialAction\":[{\"@type\":\"ReadAction\",\"target\":[\"https:\\\/\\\/bahia.culturaviva.net.br\\\/en\\\/variedades\\\/ibicoara-estreia-sua-primeira-feira-literaria-em-maio-com-programacao-gratuita-e-diversa\\\/\"]}]},{\"@type\":\"ImageObject\",\"inLanguage\":\"pt-BR\",\"@id\":\"https:\\\/\\\/bahia.culturaviva.net.br\\\/en\\\/variedades\\\/ibicoara-estreia-sua-primeira-feira-literaria-em-maio-com-programacao-gratuita-e-diversa\\\/#primaryimage\",\"url\":\"https:\\\/\\\/i0.wp.com\\\/cultura.chapada.ba\\\/wp-content\\\/uploads\\\/2026\\\/04\\\/Flibic_mosaico.jpg?resize=150%2C150&amp;ssl=1\",\"contentUrl\":\"https:\\\/\\\/i0.wp.com\\\/cultura.chapada.ba\\\/wp-content\\\/uploads\\\/2026\\\/04\\\/Flibic_mosaico.jpg?resize=150%2C150&amp;ssl=1\"},{\"@type\":\"BreadcrumbList\",\"@id\":\"https:\\\/\\\/bahia.culturaviva.net.br\\\/en\\\/variedades\\\/ibicoara-estreia-sua-primeira-feira-literaria-em-maio-com-programacao-gratuita-e-diversa\\\/#breadcrumb\",\"itemListElement\":[{\"@type\":\"ListItem\",\"position\":1,\"name\":\"In\u00edcio\",\"item\":\"https:\\\/\\\/bahia.culturaviva.net.br\\\/\"},{\"@type\":\"ListItem\",\"position\":2,\"name\":\"Ibicoara estreia sua primeira Feira Liter\u00e1ria em maio com programa\u00e7\u00e3o gratuita e diversa\"}]},{\"@type\":\"WebSite\",\"@id\":\"https:\\\/\\\/bahia.culturaviva.net.br\\\/#website\",\"url\":\"https:\\\/\\\/bahia.culturaviva.net.br\\\/\",\"name\":\"Rede Cultura Viva da Bahia\",\"description\":\"Espa\u00e7o para Acervo, Informa\u00e7\u00e3o e Participa\u00e7\u00e3o Social da Rede de Pontos de Cultura da Bahia\",\"publisher\":{\"@id\":\"https:\\\/\\\/bahia.culturaviva.net.br\\\/#organization\"},\"potentialAction\":[{\"@type\":\"SearchAction\",\"target\":{\"@type\":\"EntryPoint\",\"urlTemplate\":\"https:\\\/\\\/bahia.culturaviva.net.br\\\/?s={search_term_string}\"},\"query-input\":{\"@type\":\"PropertyValueSpecification\",\"valueRequired\":true,\"valueName\":\"search_term_string\"}}],\"inLanguage\":\"pt-BR\"},{\"@type\":\"Organization\",\"@id\":\"https:\\\/\\\/bahia.culturaviva.net.br\\\/#organization\",\"name\":\"Rede Cultura Viva da Bahia\",\"url\":\"https:\\\/\\\/bahia.culturaviva.net.br\\\/\",\"logo\":{\"@type\":\"ImageObject\",\"inLanguage\":\"pt-BR\",\"@id\":\"https:\\\/\\\/bahia.culturaviva.net.br\\\/#\\\/schema\\\/logo\\\/image\\\/\",\"url\":\"https:\\\/\\\/bahia.culturaviva.net.br\\\/wp-content\\\/uploads\\\/2025\\\/11\\\/logo-plataforma-culturaviva-bahia-branco.png\",\"contentUrl\":\"https:\\\/\\\/bahia.culturaviva.net.br\\\/wp-content\\\/uploads\\\/2025\\\/11\\\/logo-plataforma-culturaviva-bahia-branco.png\",\"width\":628,\"height\":652,\"caption\":\"Rede Cultura Viva da Bahia\"},\"image\":{\"@id\":\"https:\\\/\\\/bahia.culturaviva.net.br\\\/#\\\/schema\\\/logo\\\/image\\\/\"}},{\"@type\":\"Person\",\"@id\":\"https:\\\/\\\/bahia.culturaviva.net.br\\\/#\\\/schema\\\/person\\\/35c36cd27181b85d03202236583bfaa1\",\"name\":\"bahia_admin\",\"image\":{\"@type\":\"ImageObject\",\"inLanguage\":\"pt-BR\",\"@id\":\"https:\\\/\\\/secure.gravatar.com\\\/avatar\\\/f7d712956d3d145b4bc1a972f4e32b29dca00b96e04cbbc7a8abdde0832777a1?s=96&d=mm&r=g\",\"url\":\"https:\\\/\\\/secure.gravatar.com\\\/avatar\\\/f7d712956d3d145b4bc1a972f4e32b29dca00b96e04cbbc7a8abdde0832777a1?s=96&d=mm&r=g\",\"contentUrl\":\"https:\\\/\\\/secure.gravatar.com\\\/avatar\\\/f7d712956d3d145b4bc1a972f4e32b29dca00b96e04cbbc7a8abdde0832777a1?s=96&d=mm&r=g\",\"caption\":\"bahia_admin\"},\"sameAs\":[\"https:\\\/\\\/bahia.culturaviva.net.br\"],\"url\":\"https:\\\/\\\/bahia.culturaviva.net.br\\\/pt\\\/author\\\/bahia_admin\\\/\"}]}<\/script>\n<!-- \/ Yoast SEO plugin. -->","yoast_head_json":{"title":"Ibicoara estreia sua primeira Feira Liter\u00e1ria em maio com programa\u00e7\u00e3o gratuita e diversa - Rede Cultura Viva da Bahia","robots":{"index":"index","follow":"follow","max-snippet":"max-snippet:-1","max-image-preview":"max-image-preview:large","max-video-preview":"max-video-preview:-1"},"canonical":"https:\/\/bahia.culturaviva.net.br\/pt\/variedades\/ibicoara-estreia-sua-primeira-feira-literaria-em-maio-com-programacao-gratuita-e-diversa\/","og_locale":"pt_BR","og_type":"article","og_title":"Ibicoara estreia sua primeira Feira Liter\u00e1ria em maio com programa\u00e7\u00e3o gratuita e diversa - Rede Cultura Viva da Bahia","og_description":"Ibicoara estreia sua primeira Feira Liter\u00e1ria em maio com programa\u00e7\u00e3o gratuita e diversa","og_url":"https:\/\/bahia.culturaviva.net.br\/pt\/variedades\/ibicoara-estreia-sua-primeira-feira-literaria-em-maio-com-programacao-gratuita-e-diversa\/","og_site_name":"Rede Cultura Viva da Bahia","article_published_time":"2026-04-30T14:43:26+00:00","og_image":[{"url":"https:\/\/i0.wp.com\/cultura.chapada.ba\/wp-content\/uploads\/2026\/04\/Flibic_mosaico.jpg?resize=150%2C150&amp;ssl=1","type":"","width":"","height":""}],"author":"bahia_admin","twitter_card":"summary_large_image","twitter_misc":{"Escrito por":"bahia_admin","Est. tempo de leitura":"3 minutos"},"schema":{"@context":"https:\/\/schema.org","@graph":[{"@type":"Article","@id":"https:\/\/bahia.culturaviva.net.br\/en\/variedades\/ibicoara-estreia-sua-primeira-feira-literaria-em-maio-com-programacao-gratuita-e-diversa\/#article","isPartOf":{"@id":"https:\/\/bahia.culturaviva.net.br\/en\/variedades\/ibicoara-estreia-sua-primeira-feira-literaria-em-maio-com-programacao-gratuita-e-diversa\/"},"author":{"name":"bahia_admin","@id":"https:\/\/bahia.culturaviva.net.br\/#\/schema\/person\/35c36cd27181b85d03202236583bfaa1"},"headline":"Ibicoara estreia sua primeira Feira Liter\u00e1ria em maio com programa\u00e7\u00e3o gratuita e diversa","datePublished":"2026-04-30T14:43:26+00:00","mainEntityOfPage":{"@id":"https:\/\/bahia.culturaviva.net.br\/en\/variedades\/ibicoara-estreia-sua-primeira-feira-literaria-em-maio-com-programacao-gratuita-e-diversa\/"},"wordCount":662,"commentCount":0,"publisher":{"@id":"https:\/\/bahia.culturaviva.net.br\/#organization"},"image":{"@id":"https:\/\/bahia.culturaviva.net.br\/en\/variedades\/ibicoara-estreia-sua-primeira-feira-literaria-em-maio-com-programacao-gratuita-e-diversa\/#primaryimage"},"thumbnailUrl":"https:\/\/i0.wp.com\/cultura.chapada.ba\/wp-content\/uploads\/2026\/04\/Flibic_mosaico.jpg?resize=150%2C150&amp;ssl=1","keywords":["Chapada Diamantina"],"inLanguage":"pt-BR","potentialAction":[{"@type":"CommentAction","name":"Comment","target":["https:\/\/bahia.culturaviva.net.br\/en\/variedades\/ibicoara-estreia-sua-primeira-feira-literaria-em-maio-com-programacao-gratuita-e-diversa\/#respond"]}]},{"@type":"WebPage","@id":"https:\/\/bahia.culturaviva.net.br\/en\/variedades\/ibicoara-estreia-sua-primeira-feira-literaria-em-maio-com-programacao-gratuita-e-diversa\/","url":"https:\/\/bahia.culturaviva.net.br\/en\/variedades\/ibicoara-estreia-sua-primeira-feira-literaria-em-maio-com-programacao-gratuita-e-diversa\/","name":"Ibicoara estreia sua primeira Feira Liter\u00e1ria em maio com programa\u00e7\u00e3o gratuita e diversa - Rede Cultura Viva da Bahia","isPartOf":{"@id":"https:\/\/bahia.culturaviva.net.br\/#website"},"primaryImageOfPage":{"@id":"https:\/\/bahia.culturaviva.net.br\/en\/variedades\/ibicoara-estreia-sua-primeira-feira-literaria-em-maio-com-programacao-gratuita-e-diversa\/#primaryimage"},"image":{"@id":"https:\/\/bahia.culturaviva.net.br\/en\/variedades\/ibicoara-estreia-sua-primeira-feira-literaria-em-maio-com-programacao-gratuita-e-diversa\/#primaryimage"},"thumbnailUrl":"https:\/\/i0.wp.com\/cultura.chapada.ba\/wp-content\/uploads\/2026\/04\/Flibic_mosaico.jpg?resize=150%2C150&amp;ssl=1","datePublished":"2026-04-30T14:43:26+00:00","breadcrumb":{"@id":"https:\/\/bahia.culturaviva.net.br\/en\/variedades\/ibicoara-estreia-sua-primeira-feira-literaria-em-maio-com-programacao-gratuita-e-diversa\/#breadcrumb"},"inLanguage":"pt-BR","potentialAction":[{"@type":"ReadAction","target":["https:\/\/bahia.culturaviva.net.br\/en\/variedades\/ibicoara-estreia-sua-primeira-feira-literaria-em-maio-com-programacao-gratuita-e-diversa\/"]}]},{"@type":"ImageObject","inLanguage":"pt-BR","@id":"https:\/\/bahia.culturaviva.net.br\/en\/variedades\/ibicoara-estreia-sua-primeira-feira-literaria-em-maio-com-programacao-gratuita-e-diversa\/#primaryimage","url":"https:\/\/i0.wp.com\/cultura.chapada.ba\/wp-content\/uploads\/2026\/04\/Flibic_mosaico.jpg?resize=150%2C150&amp;ssl=1","contentUrl":"https:\/\/i0.wp.com\/cultura.chapada.ba\/wp-content\/uploads\/2026\/04\/Flibic_mosaico.jpg?resize=150%2C150&amp;ssl=1"},{"@type":"BreadcrumbList","@id":"https:\/\/bahia.culturaviva.net.br\/en\/variedades\/ibicoara-estreia-sua-primeira-feira-literaria-em-maio-com-programacao-gratuita-e-diversa\/#breadcrumb","itemListElement":[{"@type":"ListItem","position":1,"name":"In\u00edcio","item":"https:\/\/bahia.culturaviva.net.br\/"},{"@type":"ListItem","position":2,"name":"Ibicoara estreia sua primeira Feira Liter\u00e1ria em maio com programa\u00e7\u00e3o gratuita e diversa"}]},{"@type":"WebSite","@id":"https:\/\/bahia.culturaviva.net.br\/#website","url":"https:\/\/bahia.culturaviva.net.br\/","name":"Rede Cultura Viva da Bahia","description":"Espa\u00e7o para Acervo, Informa\u00e7\u00e3o e Participa\u00e7\u00e3o Social da Rede de Pontos de Cultura da Bahia","publisher":{"@id":"https:\/\/bahia.culturaviva.net.br\/#organization"},"potentialAction":[{"@type":"SearchAction","target":{"@type":"EntryPoint","urlTemplate":"https:\/\/bahia.culturaviva.net.br\/?s={search_term_string}"},"query-input":{"@type":"PropertyValueSpecification","valueRequired":true,"valueName":"search_term_string"}}],"inLanguage":"pt-BR"},{"@type":"Organization","@id":"https:\/\/bahia.culturaviva.net.br\/#organization","name":"Rede Cultura Viva da Bahia","url":"https:\/\/bahia.culturaviva.net.br\/","logo":{"@type":"ImageObject","inLanguage":"pt-BR","@id":"https:\/\/bahia.culturaviva.net.br\/#\/schema\/logo\/image\/","url":"https:\/\/bahia.culturaviva.net.br\/wp-content\/uploads\/2025\/11\/logo-plataforma-culturaviva-bahia-branco.png","contentUrl":"https:\/\/bahia.culturaviva.net.br\/wp-content\/uploads\/2025\/11\/logo-plataforma-culturaviva-bahia-branco.png","width":628,"height":652,"caption":"Rede Cultura Viva da Bahia"},"image":{"@id":"https:\/\/bahia.culturaviva.net.br\/#\/schema\/logo\/image\/"}},{"@type":"Person","@id":"https:\/\/bahia.culturaviva.net.br\/#\/schema\/person\/35c36cd27181b85d03202236583bfaa1","name":"bahia_admin","image":{"@type":"ImageObject","inLanguage":"pt-BR","@id":"https:\/\/secure.gravatar.com\/avatar\/f7d712956d3d145b4bc1a972f4e32b29dca00b96e04cbbc7a8abdde0832777a1?s=96&d=mm&r=g","url":"https:\/\/secure.gravatar.com\/avatar\/f7d712956d3d145b4bc1a972f4e32b29dca00b96e04cbbc7a8abdde0832777a1?s=96&d=mm&r=g","contentUrl":"https:\/\/secure.gravatar.com\/avatar\/f7d712956d3d145b4bc1a972f4e32b29dca00b96e04cbbc7a8abdde0832777a1?s=96&d=mm&r=g","caption":"bahia_admin"},"sameAs":["https:\/\/bahia.culturaviva.net.br"],"url":"https:\/\/bahia.culturaviva.net.br\/pt\/author\/bahia_admin\/"}]}},"_links":{"self":[{"href":"https:\/\/bahia.culturaviva.net.br\/pt\/wp-json\/wp\/v2\/posts\/2279","targetHints":{"allow":["GET"]}}],"collection":[{"href":"https:\/\/bahia.culturaviva.net.br\/pt\/wp-json\/wp\/v2\/posts"}],"about":[{"href":"https:\/\/bahia.culturaviva.net.br\/pt\/wp-json\/wp\/v2\/types\/post"}],"author":[{"embeddable":true,"href":"https:\/\/bahia.culturaviva.net.br\/pt\/wp-json\/wp\/v2\/users\/1"}],"replies":[{"embeddable":true,"href":"https:\/\/bahia.culturaviva.net.br\/pt\/wp-json\/wp\/v2\/comments?post=2279"}],"version-history":[{"count":0,"href":"https:\/\/bahia.culturaviva.net.br\/pt\/wp-json\/wp\/v2\/posts\/2279\/revisions"}],"wp:attachment":[{"href":"https:\/\/bahia.culturaviva.net.br\/pt\/wp-json\/wp\/v2\/media?parent=2279"}],"wp:term":[{"taxonomy":"category","embeddable":true,"href":"https:\/\/bahia.culturaviva.net.br\/pt\/wp-json\/wp\/v2\/categories?post=2279"},{"taxonomy":"post_tag","embeddable":true,"href":"https:\/\/bahia.culturaviva.net.br\/pt\/wp-json\/wp\/v2\/tags?post=2279"}],"curies":[{"name":"wp","href":"https:\/\/api.w.org\/{rel}","templated":true}]}}