{"id":2300,"date":"2026-05-02T23:38:01","date_gmt":"2026-05-03T02:38:01","guid":{"rendered":"https:\/\/bahia.culturaviva.net.br\/?p=2300"},"modified":"2026-05-02T23:46:14","modified_gmt":"2026-05-03T02:46:14","slug":"raiz-axe-e-organizacao-atreamacaf-inaugura-em-acajutiba-lnab-18-um-novo-ciclo-de-acesso-a-direitos-educacao-de-base-e-financiamento-cultural-consolidando-a-ancestralidade-como-politica-p","status":"publish","type":"post","link":"https:\/\/bahia.culturaviva.net.br\/pt\/variedades\/raiz-axe-e-organizacao-atreamacaf-inaugura-em-acajutiba-lnab-18-um-novo-ciclo-de-acesso-a-direitos-educacao-de-base-e-financiamento-cultural-consolidando-a-ancestralidade-como-politica-p\/","title":{"rendered":"Raiz, Ax\u00e9 e Organiza\u00e7\u00e3o: ATREAMACAF inaugura, em Acajutiba (LNAB-18), um novo ciclo de acesso a direitos, educa\u00e7\u00e3o de base e financiamento cultural, consolidando a ancestralidade como pol\u00edtica p\u00fablica viva na Bahia"},"content":{"rendered":"<p><\/p>\n\n\n\n<p>Acajutiba \u2013 Bahia | 1\u00ba de maio de 2026<\/p>\n\n\n\n<p>ATREAMACAF nasce em Acajutiba e marca um novo tempo de organiza\u00e7\u00e3o dos povos de terreiro no territ\u00f3rio LNAB-18.<\/p>\n\n\n\n<p>Em um movimento hist\u00f3rico de articula\u00e7\u00e3o, resist\u00eancia e afirma\u00e7\u00e3o cultural, foi institu\u00edda no dia 1\u00ba de maio de 2026 a ATREAMACAF \u2013 Associa\u00e7\u00e3o dos Terreiros e Redes de Educa\u00e7\u00e3o Ancestral, Cultura Afro-Brasileira e Ax\u00e9, no munic\u00edpio de Acajutiba, no Territ\u00f3rio de Identidade Litoral Norte e Agreste Baiano (LNAB-18).<\/p>\n\n\n\n<p>A cria\u00e7\u00e3o da associa\u00e7\u00e3o n\u00e3o surge de forma isolada, mas como resultado de um processo coletivo iniciado em janeiro de 2026, reunindo tr\u00eas importantes casas de matriz africana da periferia do munic\u00edpio, lideradas por refer\u00eancias espirituais, culturais e comunit\u00e1rias da Bahia.<\/p>\n\n\n\n<p>Os tr\u00eas pilares fundadores \u2013 cada terreiro, uma identidade<\/p>\n\n\n\n<p>A ATREAMACAF nasce a partir da uni\u00e3o dos seguintes espa\u00e7os sagrados e seus representantes:<\/p>\n\n\n\n<p>\ud83d\udd39 Il\u00ea Ax\u00e9 Od\u00e9 Ob\u00e1 Ketu<\/p>\n\n\n\n<p>Iy\u00e1 Professora Raimunda dos Anjos Silva \u2013 Presidente; Valdelice Correia Santana \u2013 Coordenadora Pedag\u00f3gica; Andressa de Jesus Machado Santos \u2013 Conselheira Fiscal. Trata-se de um terreiro com trajet\u00f3ria consolidada desde 1996, reconhecido como espa\u00e7o de cultura viva, educa\u00e7\u00e3o ancestral e fortalecimento comunit\u00e1rio.<\/p>\n\n\n\n<p>\ud83d\udd39 Onz\u00f3 Tambul\u00ea Kayamin Nzambi<\/p>\n\n\n\n<p>Tata Eronildo de Matos Victorio \u2013 Diretor Financeiro; Gabriel Ferreira Victorio \u2013 Coordenador de Economia Criativa; Jo\u00e3o Manoel Neves dos Santos \u2013 Conselheiro Fiscal. Espiritualidade Angola e continuidade hist\u00f3rica. Representado por Tata Eronildo Victorio, carrega a tradi\u00e7\u00e3o da Na\u00e7\u00e3o Angola e o legado da fam\u00edlia Vict\u00f3rio. A trajet\u00f3ria est\u00e1 diretamente ligada a Tata Nildo do Paje\u00fa, refer\u00eancia espiritual, comunit\u00e1ria e cultural, cuja atua\u00e7\u00e3o mant\u00e9m viva a rela\u00e7\u00e3o entre f\u00e9, territ\u00f3rio e responsabilidade coletiva. Aqui, o terreiro se consolida como territ\u00f3rio de cuidado, transmiss\u00e3o e continuidade hist\u00f3rica.<\/p>\n\n\n\n<p>\ud83d\udd39 Inz\u00f3 Musambu Nkosi Mukumbi<\/p>\n\n\n\n<p>Tata Eraldo Jos\u00e9 dos Santos \u2013 Diretor de Cultura; La\u00eds Nunes Pereira da Silva \u2013 Secret\u00e1ria; Ivonete Santos Silva \u2013 Conselheira. Pr\u00e1tica da mobiliza\u00e7\u00e3o e for\u00e7a comunit\u00e1ria. Sob lideran\u00e7a de Tata Eraldo Nkosi, destaca-se pela capacidade de articula\u00e7\u00e3o e mobiliza\u00e7\u00e3o. Seu chamado expressa comunidade e pertencimento: Convocando tatetus, mametus, makotas, cambondos, filhos de ngunzo, amigos e simpatizantes. O terreiro atua como espa\u00e7o de fortalecimento coletivo e conex\u00e3o entre tradi\u00e7\u00e3o e territ\u00f3rio. Legalidade, legitimidade e acesso aos direitos de resist\u00eancia isolada \u00e0 organiza\u00e7\u00e3o coletiva.<\/p>\n\n\n\n<p>Durante d\u00e9cadas, os povos de terreiro enfrentaram barreiras estruturais que limitaram seu acesso a pol\u00edticas p\u00fablicas, financiamento e reconhecimento institucional.<\/p>\n\n\n\n<p class=\"has-text-align-left\">A realidade sempre foi marcada por: racismo estrutural, intoler\u00e2ncia religiosa, invisibiliza\u00e7\u00e3o cultural, exclus\u00e3o dos espa\u00e7os de decis\u00e3o, dificuldade de acesso a recursos p\u00fablicos. A cria\u00e7\u00e3o da ATREAMACAF representa uma virada estrat\u00e9gica: sair da atua\u00e7\u00e3o isolada para a for\u00e7a coletiva institucionalizada. Um passo alinhado aos marcos legais do Brasil, a institucionaliza\u00e7\u00e3o da associa\u00e7\u00e3o n\u00e3o \u00e9 apenas simb\u00f3lica, \u00e9 juridicamente estrat\u00e9gica e politicamente leg\u00edtima, pois dialoga diretamente com os principais marcos legais brasileiros.<\/p>\n\n\n\n<p>MARCOS LEGAIS: <\/p>\n\n\n\n<p class=\"has-text-align-left\">Constitui\u00e7\u00e3o Federal de 1988 (Art. 5\u00ba, 215 e 216); Lei n\u00ba 12.288\/2010 \u2013 Estatuto da Igualdade Racial; Decreto n\u00ba 4.887\/2003; Lei n\u00ba 8.080\/1990 (SUS \u2013 Art. 3\u00ba); Lei n\u00ba 8.742\/1993 (LOAS); Lei n\u00ba 10.639\/2003 Pol\u00edtica Nacional de Cultura Viva; Lei n\u00ba 13.019\/2014 (MIROSC); Pol\u00edtica Nacional Aldir Blanc (PNAB); Educa\u00e7\u00e3o ancestral como eixo estruturante. A ATREAMACAF n\u00e3o nasce apenas como entidade cultural, mas como rede de educa\u00e7\u00e3o ancestral viva, onde o terreiro se consolida como: espa\u00e7o de forma\u00e7\u00e3o, lugar de mem\u00f3ria, territ\u00f3rio de pertencimento, n\u00facleo de fortalecimento da identidade. Esse modelo dialoga diretamente com pr\u00e1ticas pedag\u00f3gicas afrocentradas j\u00e1 desenvolvidas no territ\u00f3rio, reconhecendo que:<\/p>\n\n\n\n<p>\u201cFortalecer identidade \u00e9 fortalecer perman\u00eancia, dignidade e futuro.\u201d<\/p>\n\n\n\n<p>Intersetorialidade como um caminho real. A constru\u00e7\u00e3o da ATREAMACAF materializa, na pr\u00e1tica, aquilo que estudos t\u00e9cnicos j\u00e1 apontam: pol\u00edticas p\u00fablicas isoladas n\u00e3o resolvem desigualdades, educa\u00e7\u00e3o, cultura, sa\u00fade e assist\u00eancia precisam atuar juntas, o territ\u00f3rio precisa ser o centro da pol\u00edtica p\u00fablica. Um marco para o territ\u00f3rio LNAB-18, a ATREAMACAF se consolida como: pedra fundamental de organiza\u00e7\u00e3o territorial, instrumento de acesso a pol\u00edticas p\u00fablicas, mecanismo de fortalecimento cultural, refer\u00eancia de resist\u00eancia e continuidade ancestral. Mais do que uma associa\u00e7\u00e3o, torna-se porta de entrada para direitos que sempre existiram, mas nem sempre foram acessados.<\/p>\n\n\n\n<p>O ATO OFICIAL<\/p>\n\n\n\n<p>No dia 1\u00ba de maio de 2026, \u00e0s 14h, por meio de assembleia geral extraordin\u00e1ria realizada virtualmente na plataforma Jitsi Meet, foi oficialmente institu\u00edda a ATREAMACAF, reunindo lideran\u00e7as religiosas e comunit\u00e1rias dos povos de terreiro de Acajutiba\/BA.<\/p>\n\n\n\n<p>A assembleia, mediada por Cosme Paraguai Santos da Silva, contou com participa\u00e7\u00e3o formal das casas tradicionais, com registro, delibera\u00e7\u00e3o e posse da diretoria, consolidando juridicamente uma constru\u00e7\u00e3o coletiva iniciada meses antes.<\/p>\n\n\n\n<p>Os terreiros fundadores e suas lideran\u00e7as<\/p>\n\n\n\n<p>\ud83d\udd39 Il\u00ea Ax\u00e9 Od\u00e9 Ob\u00e1 K\u00eatu, Sob a lideran\u00e7a da Iy\u00e1 Professora Raimunda,<\/p>\n\n\n\n<p>\ud83d\udd39 Onz\u00f3 Tambul\u00ea Kayamin Nzambi, sob a condu\u00e7\u00e3o de Tata Eronildo de Matos Victorio.<\/p>\n\n\n\n<p>\ud83d\udd39 Inz\u00f3 Musambu Nkosi Mukumbi, com Tata Eraldo Jos\u00e9 dos Santos \u00e0 frente.<\/p>\n\n\n\n<p>A ATREAMACAF reafirma que: o direito sempre existiu, agora existe estrutura para acess\u00e1-lo.<\/p>\n\n\n\n<p>CONCLUS\u00c3O<\/p>\n\n\n\n<p>Quando o territ\u00f3rio se organiza, o sistema precisa responder. A experi\u00eancia de Acajutiba revela uma verdade simples: O Brasil n\u00e3o precisa de mais leis. O Brasil precisa executar melhor as leis que j\u00e1 existem. E quando o povo se organiza com identidade, ancestralidade e estrat\u00e9gia: o invis\u00edvel se torna vis\u00edvel, o isolado se torna coletivo, o direito deixa de ser distante e passa a ser acessado.<\/p>\n\n\n\n<p>FECHAMENTO<\/p>\n\n\n\n<p>A ATREAMACAF n\u00e3o nasce do zero. Nasce de uma hist\u00f3ria viva. De uma mem\u00f3ria que nunca se perdeu. De uma resist\u00eancia que nunca parou. E agora se transforma em: estrutura, acesso, continuidade e futuro.<\/p>\n\n\n\n<p>\u201cQuando as ra\u00edzes s\u00e3o profundas, n\u00e3o h\u00e1 raz\u00e3o para temer o vento.\u201d<\/p>\n\n\n\n<p>Coordena\u00e7\u00e3o T\u00e9cnica: PIMM Produ\u00e7\u00e3o e Eventos \u2013 Ponto de Cultura (MinC)<\/p>\n\n\n\n<p>ID Cultura Viva n\u00ba 1637639 | CONESABR \u2013 Consultoria Paraguai Santos<\/p>\n\n\n\n<div class=\"wp-block-stackable-image-box stk-block-image-box stk-hover-parent stk-block stk-c23d71c is-style-default\" data-block-id=\"c23d71c\"><style>.stk-c23d71c {margin-bottom:12px !important;}<\/style><div class=\"stk-block-content stk-inner-blocks has-text-align-center stk-row stk-block-image-box__content\">\n<div class=\"wp-block-stackable-column stk-block-column stk-column stk-block stk-183e911\" data-v=\"4\" data-block-id=\"183e911\"><style>.stk-183e911 {align-items:center !important;display:flex !important;}<\/style><div class=\"stk-column-wrapper stk-block-column__content stk-container stk-183e911-container stk--no-background stk--no-padding\"><div class=\"stk-block-content stk-inner-blocks stk-183e911-inner-blocks\">\n<div class=\"wp-block-stackable-image stk-block-image stk-block stk-6a2e66d\" data-block-id=\"6a2e66d\"><style>.stk-6a2e66d .stk-img-wrapper{width:100% !important;height:1100px !important;}:where(.stk-hover-parent:hover,  .stk-hover-parent.stk--is-hovered) .stk-6a2e66d .stk-img-wrapper::after{background-color:#000000B3 !important;}<\/style><figure><span class=\"stk-img-wrapper stk-image--shape-stretch\"><img loading=\"lazy\" decoding=\"async\" class=\"stk-img wp-image-2305\" src=\"https:\/\/bahia.culturaviva.net.br\/wp-content\/uploads\/2026\/05\/IMAGEM_MATERIA_ATREAMACAF04.jpeg\" width=\"1024\" height=\"1536\" srcset=\"https:\/\/bahia.culturaviva.net.br\/wp-content\/uploads\/2026\/05\/IMAGEM_MATERIA_ATREAMACAF04.jpeg 1024w, https:\/\/bahia.culturaviva.net.br\/wp-content\/uploads\/2026\/05\/IMAGEM_MATERIA_ATREAMACAF04-200x300.jpeg 200w, https:\/\/bahia.culturaviva.net.br\/wp-content\/uploads\/2026\/05\/IMAGEM_MATERIA_ATREAMACAF04-683x1024.jpeg 683w, https:\/\/bahia.culturaviva.net.br\/wp-content\/uploads\/2026\/05\/IMAGEM_MATERIA_ATREAMACAF04-768x1152.jpeg 768w, https:\/\/bahia.culturaviva.net.br\/wp-content\/uploads\/2026\/05\/IMAGEM_MATERIA_ATREAMACAF04-8x12.jpeg 8w, https:\/\/bahia.culturaviva.net.br\/wp-content\/uploads\/2026\/05\/IMAGEM_MATERIA_ATREAMACAF04-205x308.jpeg 205w, https:\/\/bahia.culturaviva.net.br\/wp-content\/uploads\/2026\/05\/IMAGEM_MATERIA_ATREAMACAF04-480x720.jpeg 480w\" sizes=\"auto, (max-width: 1024px) 100vw, 1024px\" \/><\/span><\/figure><\/div>\n<\/div><\/div><\/div>\n<\/div><\/div>\n\n\n\n<div class=\"wp-block-stackable-columns stk-block-columns stk-block stk-52dfaeb\" data-block-id=\"52dfaeb\"><div class=\"stk-row stk-inner-blocks stk-block-content stk-content-align stk-52dfaeb-column\">\n<div class=\"wp-block-stackable-column stk-block-column stk-column stk-block stk-52c4541\" data-v=\"4\" data-block-id=\"52c4541\"><div class=\"stk-column-wrapper stk-block-column__content stk-container stk-52c4541-container stk--no-background stk--no-padding\"><div class=\"stk-block-content stk-inner-blocks stk-52c4541-inner-blocks\">\n<div class=\"wp-block-stackable-columns aligncenter stk-block-columns stk-block stk-81e8ff2\" data-block-id=\"81e8ff2\"><div class=\"stk-row stk-inner-blocks stk-block-content stk-content-align stk-81e8ff2-column\">\n<div class=\"wp-block-stackable-column stk-block-column stk-column stk-block stk-d364dcf\" data-v=\"4\" data-block-id=\"d364dcf\"><div class=\"stk-column-wrapper stk-block-column__content stk-container stk-d364dcf-container stk--no-background stk--no-padding\"><div class=\"stk-block-content stk-inner-blocks stk-d364dcf-inner-blocks\">\n<div class=\"wp-block-stackable-image alignfull stk-block-image stk-block stk-588b160\" data-block-id=\"588b160\"><style>.stk-588b160 .stk-img-wrapper{width:100% !important;height:999px !important;}<\/style><figure><span class=\"stk-img-wrapper stk-image--shape-stretch\"><img loading=\"lazy\" decoding=\"async\" class=\"stk-img wp-image-2303\" src=\"https:\/\/bahia.culturaviva.net.br\/wp-content\/uploads\/2026\/05\/IMAGEM_MATERIA_ATREAMACAF02.jpeg\" width=\"1200\" height=\"1598\" srcset=\"https:\/\/bahia.culturaviva.net.br\/wp-content\/uploads\/2026\/05\/IMAGEM_MATERIA_ATREAMACAF02.jpeg 1200w, https:\/\/bahia.culturaviva.net.br\/wp-content\/uploads\/2026\/05\/IMAGEM_MATERIA_ATREAMACAF02-225x300.jpeg 225w, https:\/\/bahia.culturaviva.net.br\/wp-content\/uploads\/2026\/05\/IMAGEM_MATERIA_ATREAMACAF02-769x1024.jpeg 769w, https:\/\/bahia.culturaviva.net.br\/wp-content\/uploads\/2026\/05\/IMAGEM_MATERIA_ATREAMACAF02-768x1023.jpeg 768w, https:\/\/bahia.culturaviva.net.br\/wp-content\/uploads\/2026\/05\/IMAGEM_MATERIA_ATREAMACAF02-1153x1536.jpeg 1153w, https:\/\/bahia.culturaviva.net.br\/wp-content\/uploads\/2026\/05\/IMAGEM_MATERIA_ATREAMACAF02-9x12.jpeg 9w, https:\/\/bahia.culturaviva.net.br\/wp-content\/uploads\/2026\/05\/IMAGEM_MATERIA_ATREAMACAF02-205x273.jpeg 205w, https:\/\/bahia.culturaviva.net.br\/wp-content\/uploads\/2026\/05\/IMAGEM_MATERIA_ATREAMACAF02-480x639.jpeg 480w\" sizes=\"auto, (max-width: 1200px) 100vw, 1200px\" \/><\/span><\/figure><\/div>\n<\/div><\/div><\/div>\n<\/div><\/div>\n<\/div><\/div><\/div>\n<\/div><\/div>\n\n\n\n<div class=\"wp-block-stackable-image stk-block-image stk-block stk-6d8245b\" data-block-id=\"6d8245b\"><figure><span class=\"stk-img-wrapper stk-image--shape-stretch\"><img loading=\"lazy\" decoding=\"async\" class=\"stk-img wp-image-2302\" src=\"https:\/\/bahia.culturaviva.net.br\/wp-content\/uploads\/2026\/05\/IMAGEM_MATERIA_ATREAMACAF03.jpeg\" width=\"1440\" height=\"1440\" srcset=\"https:\/\/bahia.culturaviva.net.br\/wp-content\/uploads\/2026\/05\/IMAGEM_MATERIA_ATREAMACAF03.jpeg 1440w, https:\/\/bahia.culturaviva.net.br\/wp-content\/uploads\/2026\/05\/IMAGEM_MATERIA_ATREAMACAF03-300x300.jpeg 300w, https:\/\/bahia.culturaviva.net.br\/wp-content\/uploads\/2026\/05\/IMAGEM_MATERIA_ATREAMACAF03-1024x1024.jpeg 1024w, https:\/\/bahia.culturaviva.net.br\/wp-content\/uploads\/2026\/05\/IMAGEM_MATERIA_ATREAMACAF03-150x150.jpeg 150w, https:\/\/bahia.culturaviva.net.br\/wp-content\/uploads\/2026\/05\/IMAGEM_MATERIA_ATREAMACAF03-768x768.jpeg 768w, https:\/\/bahia.culturaviva.net.br\/wp-content\/uploads\/2026\/05\/IMAGEM_MATERIA_ATREAMACAF03-12x12.jpeg 12w, https:\/\/bahia.culturaviva.net.br\/wp-content\/uploads\/2026\/05\/IMAGEM_MATERIA_ATREAMACAF03-40x40.jpeg 40w, https:\/\/bahia.culturaviva.net.br\/wp-content\/uploads\/2026\/05\/IMAGEM_MATERIA_ATREAMACAF03-275x275.jpeg 275w, https:\/\/bahia.culturaviva.net.br\/wp-content\/uploads\/2026\/05\/IMAGEM_MATERIA_ATREAMACAF03-205x205.jpeg 205w, https:\/\/bahia.culturaviva.net.br\/wp-content\/uploads\/2026\/05\/IMAGEM_MATERIA_ATREAMACAF03-480x480.jpeg 480w\" sizes=\"auto, (max-width: 1440px) 100vw, 1440px\" \/><\/span><\/figure><\/div>\n\n\n\n<div class=\"wp-block-stackable-image stk-block-image stk-block stk-11c8cf7\" data-block-id=\"11c8cf7\"><figure><span class=\"stk-img-wrapper stk-image--shape-stretch\"><img loading=\"lazy\" decoding=\"async\" class=\"stk-img wp-image-2304\" src=\"https:\/\/bahia.culturaviva.net.br\/wp-content\/uploads\/2026\/05\/IMAGEM_MATERIA_ATREAMACAF01.jpeg\" width=\"1200\" height=\"1598\" srcset=\"https:\/\/bahia.culturaviva.net.br\/wp-content\/uploads\/2026\/05\/IMAGEM_MATERIA_ATREAMACAF01.jpeg 1200w, https:\/\/bahia.culturaviva.net.br\/wp-content\/uploads\/2026\/05\/IMAGEM_MATERIA_ATREAMACAF01-225x300.jpeg 225w, https:\/\/bahia.culturaviva.net.br\/wp-content\/uploads\/2026\/05\/IMAGEM_MATERIA_ATREAMACAF01-769x1024.jpeg 769w, https:\/\/bahia.culturaviva.net.br\/wp-content\/uploads\/2026\/05\/IMAGEM_MATERIA_ATREAMACAF01-768x1023.jpeg 768w, https:\/\/bahia.culturaviva.net.br\/wp-content\/uploads\/2026\/05\/IMAGEM_MATERIA_ATREAMACAF01-1153x1536.jpeg 1153w, https:\/\/bahia.culturaviva.net.br\/wp-content\/uploads\/2026\/05\/IMAGEM_MATERIA_ATREAMACAF01-9x12.jpeg 9w, https:\/\/bahia.culturaviva.net.br\/wp-content\/uploads\/2026\/05\/IMAGEM_MATERIA_ATREAMACAF01-205x273.jpeg 205w, https:\/\/bahia.culturaviva.net.br\/wp-content\/uploads\/2026\/05\/IMAGEM_MATERIA_ATREAMACAF01-480x639.jpeg 480w\" sizes=\"auto, (max-width: 1200px) 100vw, 1200px\" \/><\/span><\/figure><\/div>\n\n\n\n<p><\/p>","protected":false},"excerpt":{"rendered":"<p>Acajutiba \u2013 Bahia | 01 de maio de 2026 ATREAMACAF nasce em Acajutiba e marca um novo tempo de organiza\u00e7\u00e3o dos povos de terreiro no territ\u00f3rio LNAB-18. Em um movimento hist\u00f3rico de articula\u00e7\u00e3o, resist\u00eancia e afirma\u00e7\u00e3o cultural, foi institu\u00edda no dia 1\u00ba de maio de 2026 a ATREAMACAF \u2013 Associa\u00e7\u00e3o dos Terreiros e Redes de [&hellip;]<\/p>\n","protected":false},"author":50,"featured_media":2308,"comment_status":"open","ping_status":"open","sticky":false,"template":"","format":"standard","meta":{"_acf_changed":false,"_gspb_post_css":"","footnotes":""},"categories":[1],"tags":[],"class_list":["post-2300","post","type-post","status-publish","format-standard","has-post-thumbnail","hentry","category-variedades"],"blocksy_meta":[],"acf":[],"yoast_head":"<!-- This site is optimized with the Yoast SEO plugin v27.3 - https:\/\/yoast.com\/product\/yoast-seo-wordpress\/ -->\n<title>Raiz, Ax\u00e9 e Organiza\u00e7\u00e3o: ATREAMACAF inaugura, em Acajutiba (LNAB-18), um novo ciclo de acesso a direitos, educa\u00e7\u00e3o de base e financiamento cultural,\u00a0 consolidando a ancestralidade como pol\u00edtica p\u00fablica viva na Bahia - Rede Cultura Viva da Bahia<\/title>\n<meta name=\"robots\" content=\"index, follow, max-snippet:-1, max-image-preview:large, max-video-preview:-1\" \/>\n<link rel=\"canonical\" href=\"https:\/\/bahia.culturaviva.net.br\/pt\/variedades\/raiz-axe-e-organizacao-atreamacaf-inaugura-em-acajutiba-lnab-18-um-novo-ciclo-de-acesso-a-direitos-educacao-de-base-e-financiamento-cultural-consolidando-a-ancestralidade-como-politica-p\/\" \/>\n<meta property=\"og:locale\" content=\"pt_BR\" \/>\n<meta property=\"og:type\" content=\"article\" \/>\n<meta property=\"og:title\" content=\"Raiz, Ax\u00e9 e Organiza\u00e7\u00e3o: ATREAMACAF inaugura, em Acajutiba (LNAB-18), um novo ciclo de acesso a direitos, educa\u00e7\u00e3o de base e financiamento cultural,\u00a0 consolidando a ancestralidade como pol\u00edtica p\u00fablica viva na Bahia - Rede Cultura Viva da Bahia\" \/>\n<meta property=\"og:description\" content=\"Acajutiba \u2013 Bahia | 01 de maio de 2026 ATREAMACAF nasce em Acajutiba e marca um novo tempo de organiza\u00e7\u00e3o dos povos de terreiro no territ\u00f3rio LNAB-18. Em um movimento hist\u00f3rico de articula\u00e7\u00e3o, resist\u00eancia e afirma\u00e7\u00e3o cultural, foi institu\u00edda no dia 1\u00ba de maio de 2026 a ATREAMACAF \u2013 Associa\u00e7\u00e3o dos Terreiros e Redes de [&hellip;]\" \/>\n<meta property=\"og:url\" content=\"https:\/\/bahia.culturaviva.net.br\/pt\/variedades\/raiz-axe-e-organizacao-atreamacaf-inaugura-em-acajutiba-lnab-18-um-novo-ciclo-de-acesso-a-direitos-educacao-de-base-e-financiamento-cultural-consolidando-a-ancestralidade-como-politica-p\/\" \/>\n<meta property=\"og:site_name\" content=\"Rede Cultura Viva da Bahia\" \/>\n<meta property=\"article:published_time\" content=\"2026-05-03T02:38:01+00:00\" \/>\n<meta property=\"article:modified_time\" content=\"2026-05-03T02:46:14+00:00\" \/>\n<meta property=\"og:image\" content=\"https:\/\/bahia.culturaviva.net.br\/wp-content\/uploads\/2026\/05\/IMAGEM_MATERIA_ATREAMACAF05.jpeg\" \/>\n\t<meta property=\"og:image:width\" content=\"1254\" \/>\n\t<meta property=\"og:image:height\" content=\"1254\" \/>\n\t<meta property=\"og:image:type\" content=\"image\/jpeg\" \/>\n<meta name=\"author\" content=\"PARAGUAI\" \/>\n<meta name=\"twitter:card\" content=\"summary_large_image\" \/>\n<meta name=\"twitter:label1\" content=\"Escrito por\" \/>\n\t<meta name=\"twitter:data1\" content=\"PARAGUAI\" \/>\n\t<meta name=\"twitter:label2\" content=\"Est. tempo de leitura\" \/>\n\t<meta name=\"twitter:data2\" content=\"7 minutos\" \/>\n<script type=\"application\/ld+json\" class=\"yoast-schema-graph\">{\"@context\":\"https:\\\/\\\/schema.org\",\"@graph\":[{\"@type\":\"Article\",\"@id\":\"https:\\\/\\\/bahia.culturaviva.net.br\\\/variedades\\\/raiz-axe-e-organizacao-atreamacaf-inaugura-em-acajutiba-lnab-18-um-novo-ciclo-de-acesso-a-direitos-educacao-de-base-e-financiamento-cultural-consolidando-a-ancestralidade-como-politica-p\\\/#article\",\"isPartOf\":{\"@id\":\"https:\\\/\\\/bahia.culturaviva.net.br\\\/variedades\\\/raiz-axe-e-organizacao-atreamacaf-inaugura-em-acajutiba-lnab-18-um-novo-ciclo-de-acesso-a-direitos-educacao-de-base-e-financiamento-cultural-consolidando-a-ancestralidade-como-politica-p\\\/\"},\"author\":{\"name\":\"PARAGUAI\",\"@id\":\"https:\\\/\\\/bahia.culturaviva.net.br\\\/#\\\/schema\\\/person\\\/252aee798ff42514db800d4209a7ce0c\"},\"headline\":\"Raiz, Ax\u00e9 e Organiza\u00e7\u00e3o: ATREAMACAF inaugura, em Acajutiba (LNAB-18), um novo ciclo de acesso a direitos, educa\u00e7\u00e3o de base e financiamento cultural,\u00a0 consolidando a ancestralidade como pol\u00edtica p\u00fablica viva na Bahia\",\"datePublished\":\"2026-05-03T02:38:01+00:00\",\"dateModified\":\"2026-05-03T02:46:14+00:00\",\"mainEntityOfPage\":{\"@id\":\"https:\\\/\\\/bahia.culturaviva.net.br\\\/variedades\\\/raiz-axe-e-organizacao-atreamacaf-inaugura-em-acajutiba-lnab-18-um-novo-ciclo-de-acesso-a-direitos-educacao-de-base-e-financiamento-cultural-consolidando-a-ancestralidade-como-politica-p\\\/\"},\"wordCount\":1052,\"commentCount\":0,\"publisher\":{\"@id\":\"https:\\\/\\\/bahia.culturaviva.net.br\\\/#organization\"},\"image\":{\"@id\":\"https:\\\/\\\/bahia.culturaviva.net.br\\\/variedades\\\/raiz-axe-e-organizacao-atreamacaf-inaugura-em-acajutiba-lnab-18-um-novo-ciclo-de-acesso-a-direitos-educacao-de-base-e-financiamento-cultural-consolidando-a-ancestralidade-como-politica-p\\\/#primaryimage\"},\"thumbnailUrl\":\"https:\\\/\\\/bahia.culturaviva.net.br\\\/wp-content\\\/uploads\\\/2026\\\/05\\\/IMAGEM_MATERIA_ATREAMACAF05.jpeg\",\"articleSection\":[\"Variedades\"],\"inLanguage\":\"pt-BR\",\"potentialAction\":[{\"@type\":\"CommentAction\",\"name\":\"Comment\",\"target\":[\"https:\\\/\\\/bahia.culturaviva.net.br\\\/variedades\\\/raiz-axe-e-organizacao-atreamacaf-inaugura-em-acajutiba-lnab-18-um-novo-ciclo-de-acesso-a-direitos-educacao-de-base-e-financiamento-cultural-consolidando-a-ancestralidade-como-politica-p\\\/#respond\"]}]},{\"@type\":\"WebPage\",\"@id\":\"https:\\\/\\\/bahia.culturaviva.net.br\\\/variedades\\\/raiz-axe-e-organizacao-atreamacaf-inaugura-em-acajutiba-lnab-18-um-novo-ciclo-de-acesso-a-direitos-educacao-de-base-e-financiamento-cultural-consolidando-a-ancestralidade-como-politica-p\\\/\",\"url\":\"https:\\\/\\\/bahia.culturaviva.net.br\\\/variedades\\\/raiz-axe-e-organizacao-atreamacaf-inaugura-em-acajutiba-lnab-18-um-novo-ciclo-de-acesso-a-direitos-educacao-de-base-e-financiamento-cultural-consolidando-a-ancestralidade-como-politica-p\\\/\",\"name\":\"Raiz, Ax\u00e9 e Organiza\u00e7\u00e3o: ATREAMACAF inaugura, em Acajutiba (LNAB-18), um novo ciclo de acesso a direitos, educa\u00e7\u00e3o de base e financiamento cultural,\u00a0 consolidando a ancestralidade como pol\u00edtica p\u00fablica viva na Bahia - Rede Cultura Viva da Bahia\",\"isPartOf\":{\"@id\":\"https:\\\/\\\/bahia.culturaviva.net.br\\\/#website\"},\"primaryImageOfPage\":{\"@id\":\"https:\\\/\\\/bahia.culturaviva.net.br\\\/variedades\\\/raiz-axe-e-organizacao-atreamacaf-inaugura-em-acajutiba-lnab-18-um-novo-ciclo-de-acesso-a-direitos-educacao-de-base-e-financiamento-cultural-consolidando-a-ancestralidade-como-politica-p\\\/#primaryimage\"},\"image\":{\"@id\":\"https:\\\/\\\/bahia.culturaviva.net.br\\\/variedades\\\/raiz-axe-e-organizacao-atreamacaf-inaugura-em-acajutiba-lnab-18-um-novo-ciclo-de-acesso-a-direitos-educacao-de-base-e-financiamento-cultural-consolidando-a-ancestralidade-como-politica-p\\\/#primaryimage\"},\"thumbnailUrl\":\"https:\\\/\\\/bahia.culturaviva.net.br\\\/wp-content\\\/uploads\\\/2026\\\/05\\\/IMAGEM_MATERIA_ATREAMACAF05.jpeg\",\"datePublished\":\"2026-05-03T02:38:01+00:00\",\"dateModified\":\"2026-05-03T02:46:14+00:00\",\"breadcrumb\":{\"@id\":\"https:\\\/\\\/bahia.culturaviva.net.br\\\/variedades\\\/raiz-axe-e-organizacao-atreamacaf-inaugura-em-acajutiba-lnab-18-um-novo-ciclo-de-acesso-a-direitos-educacao-de-base-e-financiamento-cultural-consolidando-a-ancestralidade-como-politica-p\\\/#breadcrumb\"},\"inLanguage\":\"pt-BR\",\"potentialAction\":[{\"@type\":\"ReadAction\",\"target\":[\"https:\\\/\\\/bahia.culturaviva.net.br\\\/variedades\\\/raiz-axe-e-organizacao-atreamacaf-inaugura-em-acajutiba-lnab-18-um-novo-ciclo-de-acesso-a-direitos-educacao-de-base-e-financiamento-cultural-consolidando-a-ancestralidade-como-politica-p\\\/\"]}]},{\"@type\":\"ImageObject\",\"inLanguage\":\"pt-BR\",\"@id\":\"https:\\\/\\\/bahia.culturaviva.net.br\\\/variedades\\\/raiz-axe-e-organizacao-atreamacaf-inaugura-em-acajutiba-lnab-18-um-novo-ciclo-de-acesso-a-direitos-educacao-de-base-e-financiamento-cultural-consolidando-a-ancestralidade-como-politica-p\\\/#primaryimage\",\"url\":\"https:\\\/\\\/bahia.culturaviva.net.br\\\/wp-content\\\/uploads\\\/2026\\\/05\\\/IMAGEM_MATERIA_ATREAMACAF05.jpeg\",\"contentUrl\":\"https:\\\/\\\/bahia.culturaviva.net.br\\\/wp-content\\\/uploads\\\/2026\\\/05\\\/IMAGEM_MATERIA_ATREAMACAF05.jpeg\",\"width\":1254,\"height\":1254},{\"@type\":\"BreadcrumbList\",\"@id\":\"https:\\\/\\\/bahia.culturaviva.net.br\\\/variedades\\\/raiz-axe-e-organizacao-atreamacaf-inaugura-em-acajutiba-lnab-18-um-novo-ciclo-de-acesso-a-direitos-educacao-de-base-e-financiamento-cultural-consolidando-a-ancestralidade-como-politica-p\\\/#breadcrumb\",\"itemListElement\":[{\"@type\":\"ListItem\",\"position\":1,\"name\":\"In\u00edcio\",\"item\":\"https:\\\/\\\/bahia.culturaviva.net.br\\\/\"},{\"@type\":\"ListItem\",\"position\":2,\"name\":\"Raiz, Ax\u00e9 e Organiza\u00e7\u00e3o: ATREAMACAF inaugura, em Acajutiba (LNAB-18), um novo ciclo de acesso a direitos, educa\u00e7\u00e3o de base e financiamento cultural,\u00a0 consolidando a ancestralidade como pol\u00edtica p\u00fablica viva na Bahia\"}]},{\"@type\":\"WebSite\",\"@id\":\"https:\\\/\\\/bahia.culturaviva.net.br\\\/#website\",\"url\":\"https:\\\/\\\/bahia.culturaviva.net.br\\\/\",\"name\":\"Rede Cultura Viva da Bahia\",\"description\":\"Espa\u00e7o para Acervo, Informa\u00e7\u00e3o e Participa\u00e7\u00e3o Social da Rede de Pontos de Cultura da Bahia\",\"publisher\":{\"@id\":\"https:\\\/\\\/bahia.culturaviva.net.br\\\/#organization\"},\"potentialAction\":[{\"@type\":\"SearchAction\",\"target\":{\"@type\":\"EntryPoint\",\"urlTemplate\":\"https:\\\/\\\/bahia.culturaviva.net.br\\\/?s={search_term_string}\"},\"query-input\":{\"@type\":\"PropertyValueSpecification\",\"valueRequired\":true,\"valueName\":\"search_term_string\"}}],\"inLanguage\":\"pt-BR\"},{\"@type\":\"Organization\",\"@id\":\"https:\\\/\\\/bahia.culturaviva.net.br\\\/#organization\",\"name\":\"Rede Cultura Viva da Bahia\",\"url\":\"https:\\\/\\\/bahia.culturaviva.net.br\\\/\",\"logo\":{\"@type\":\"ImageObject\",\"inLanguage\":\"pt-BR\",\"@id\":\"https:\\\/\\\/bahia.culturaviva.net.br\\\/#\\\/schema\\\/logo\\\/image\\\/\",\"url\":\"https:\\\/\\\/bahia.culturaviva.net.br\\\/wp-content\\\/uploads\\\/2025\\\/11\\\/logo-plataforma-culturaviva-bahia-branco.png\",\"contentUrl\":\"https:\\\/\\\/bahia.culturaviva.net.br\\\/wp-content\\\/uploads\\\/2025\\\/11\\\/logo-plataforma-culturaviva-bahia-branco.png\",\"width\":628,\"height\":652,\"caption\":\"Rede Cultura Viva da Bahia\"},\"image\":{\"@id\":\"https:\\\/\\\/bahia.culturaviva.net.br\\\/#\\\/schema\\\/logo\\\/image\\\/\"}},{\"@type\":\"Person\",\"@id\":\"https:\\\/\\\/bahia.culturaviva.net.br\\\/#\\\/schema\\\/person\\\/252aee798ff42514db800d4209a7ce0c\",\"name\":\"PARAGUAI\",\"image\":{\"@type\":\"ImageObject\",\"inLanguage\":\"pt-BR\",\"@id\":\"https:\\\/\\\/secure.gravatar.com\\\/avatar\\\/85c5f8a2dd7b2a57e07de8d51ea8fc9dbf2041099653ed3f27cb5361552781ff?s=96&d=mm&r=g\",\"url\":\"https:\\\/\\\/secure.gravatar.com\\\/avatar\\\/85c5f8a2dd7b2a57e07de8d51ea8fc9dbf2041099653ed3f27cb5361552781ff?s=96&d=mm&r=g\",\"contentUrl\":\"https:\\\/\\\/secure.gravatar.com\\\/avatar\\\/85c5f8a2dd7b2a57e07de8d51ea8fc9dbf2041099653ed3f27cb5361552781ff?s=96&d=mm&r=g\",\"caption\":\"PARAGUAI\"},\"sameAs\":[\"https:\\\/\\\/youtube.com\\\/@pimm.producao?si=T26GvdgrUSb77NGY\",\"https:\\\/\\\/www.instagram.com\\\/pim_producao.eventos?igsh=MXE0dXE3cDBzdnNwag==\"],\"url\":\"https:\\\/\\\/bahia.culturaviva.net.br\\\/pt\\\/author\\\/paraguaisantos\\\/\"}]}<\/script>\n<!-- \/ Yoast SEO plugin. -->","yoast_head_json":{"title":"Raiz, Ax\u00e9 e Organiza\u00e7\u00e3o: ATREAMACAF inaugura, em Acajutiba (LNAB-18), um novo ciclo de acesso a direitos, educa\u00e7\u00e3o de base e financiamento cultural,\u00a0 consolidando a ancestralidade como pol\u00edtica p\u00fablica viva na Bahia - Rede Cultura Viva da Bahia","robots":{"index":"index","follow":"follow","max-snippet":"max-snippet:-1","max-image-preview":"max-image-preview:large","max-video-preview":"max-video-preview:-1"},"canonical":"https:\/\/bahia.culturaviva.net.br\/pt\/variedades\/raiz-axe-e-organizacao-atreamacaf-inaugura-em-acajutiba-lnab-18-um-novo-ciclo-de-acesso-a-direitos-educacao-de-base-e-financiamento-cultural-consolidando-a-ancestralidade-como-politica-p\/","og_locale":"pt_BR","og_type":"article","og_title":"Raiz, Ax\u00e9 e Organiza\u00e7\u00e3o: ATREAMACAF inaugura, em Acajutiba (LNAB-18), um novo ciclo de acesso a direitos, educa\u00e7\u00e3o de base e financiamento cultural,\u00a0 consolidando a ancestralidade como pol\u00edtica p\u00fablica viva na Bahia - Rede Cultura Viva da Bahia","og_description":"Acajutiba \u2013 Bahia | 01 de maio de 2026 ATREAMACAF nasce em Acajutiba e marca um novo tempo de organiza\u00e7\u00e3o dos povos de terreiro no territ\u00f3rio LNAB-18. Em um movimento hist\u00f3rico de articula\u00e7\u00e3o, resist\u00eancia e afirma\u00e7\u00e3o cultural, foi institu\u00edda no dia 1\u00ba de maio de 2026 a ATREAMACAF \u2013 Associa\u00e7\u00e3o dos Terreiros e Redes de [&hellip;]","og_url":"https:\/\/bahia.culturaviva.net.br\/pt\/variedades\/raiz-axe-e-organizacao-atreamacaf-inaugura-em-acajutiba-lnab-18-um-novo-ciclo-de-acesso-a-direitos-educacao-de-base-e-financiamento-cultural-consolidando-a-ancestralidade-como-politica-p\/","og_site_name":"Rede Cultura Viva da Bahia","article_published_time":"2026-05-03T02:38:01+00:00","article_modified_time":"2026-05-03T02:46:14+00:00","og_image":[{"width":1254,"height":1254,"url":"https:\/\/bahia.culturaviva.net.br\/wp-content\/uploads\/2026\/05\/IMAGEM_MATERIA_ATREAMACAF05.jpeg","type":"image\/jpeg"}],"author":"PARAGUAI","twitter_card":"summary_large_image","twitter_misc":{"Escrito por":"PARAGUAI","Est. tempo de leitura":"7 minutos"},"schema":{"@context":"https:\/\/schema.org","@graph":[{"@type":"Article","@id":"https:\/\/bahia.culturaviva.net.br\/variedades\/raiz-axe-e-organizacao-atreamacaf-inaugura-em-acajutiba-lnab-18-um-novo-ciclo-de-acesso-a-direitos-educacao-de-base-e-financiamento-cultural-consolidando-a-ancestralidade-como-politica-p\/#article","isPartOf":{"@id":"https:\/\/bahia.culturaviva.net.br\/variedades\/raiz-axe-e-organizacao-atreamacaf-inaugura-em-acajutiba-lnab-18-um-novo-ciclo-de-acesso-a-direitos-educacao-de-base-e-financiamento-cultural-consolidando-a-ancestralidade-como-politica-p\/"},"author":{"name":"PARAGUAI","@id":"https:\/\/bahia.culturaviva.net.br\/#\/schema\/person\/252aee798ff42514db800d4209a7ce0c"},"headline":"Raiz, Ax\u00e9 e Organiza\u00e7\u00e3o: ATREAMACAF inaugura, em Acajutiba (LNAB-18), um novo ciclo de acesso a direitos, educa\u00e7\u00e3o de base e financiamento cultural,\u00a0 consolidando a ancestralidade como pol\u00edtica p\u00fablica viva na Bahia","datePublished":"2026-05-03T02:38:01+00:00","dateModified":"2026-05-03T02:46:14+00:00","mainEntityOfPage":{"@id":"https:\/\/bahia.culturaviva.net.br\/variedades\/raiz-axe-e-organizacao-atreamacaf-inaugura-em-acajutiba-lnab-18-um-novo-ciclo-de-acesso-a-direitos-educacao-de-base-e-financiamento-cultural-consolidando-a-ancestralidade-como-politica-p\/"},"wordCount":1052,"commentCount":0,"publisher":{"@id":"https:\/\/bahia.culturaviva.net.br\/#organization"},"image":{"@id":"https:\/\/bahia.culturaviva.net.br\/variedades\/raiz-axe-e-organizacao-atreamacaf-inaugura-em-acajutiba-lnab-18-um-novo-ciclo-de-acesso-a-direitos-educacao-de-base-e-financiamento-cultural-consolidando-a-ancestralidade-como-politica-p\/#primaryimage"},"thumbnailUrl":"https:\/\/bahia.culturaviva.net.br\/wp-content\/uploads\/2026\/05\/IMAGEM_MATERIA_ATREAMACAF05.jpeg","articleSection":["Variedades"],"inLanguage":"pt-BR","potentialAction":[{"@type":"CommentAction","name":"Comment","target":["https:\/\/bahia.culturaviva.net.br\/variedades\/raiz-axe-e-organizacao-atreamacaf-inaugura-em-acajutiba-lnab-18-um-novo-ciclo-de-acesso-a-direitos-educacao-de-base-e-financiamento-cultural-consolidando-a-ancestralidade-como-politica-p\/#respond"]}]},{"@type":"WebPage","@id":"https:\/\/bahia.culturaviva.net.br\/variedades\/raiz-axe-e-organizacao-atreamacaf-inaugura-em-acajutiba-lnab-18-um-novo-ciclo-de-acesso-a-direitos-educacao-de-base-e-financiamento-cultural-consolidando-a-ancestralidade-como-politica-p\/","url":"https:\/\/bahia.culturaviva.net.br\/variedades\/raiz-axe-e-organizacao-atreamacaf-inaugura-em-acajutiba-lnab-18-um-novo-ciclo-de-acesso-a-direitos-educacao-de-base-e-financiamento-cultural-consolidando-a-ancestralidade-como-politica-p\/","name":"Raiz, Ax\u00e9 e Organiza\u00e7\u00e3o: ATREAMACAF inaugura, em Acajutiba (LNAB-18), um novo ciclo de acesso a direitos, educa\u00e7\u00e3o de base e financiamento cultural,\u00a0 consolidando a ancestralidade como pol\u00edtica p\u00fablica viva na Bahia - Rede Cultura Viva da Bahia","isPartOf":{"@id":"https:\/\/bahia.culturaviva.net.br\/#website"},"primaryImageOfPage":{"@id":"https:\/\/bahia.culturaviva.net.br\/variedades\/raiz-axe-e-organizacao-atreamacaf-inaugura-em-acajutiba-lnab-18-um-novo-ciclo-de-acesso-a-direitos-educacao-de-base-e-financiamento-cultural-consolidando-a-ancestralidade-como-politica-p\/#primaryimage"},"image":{"@id":"https:\/\/bahia.culturaviva.net.br\/variedades\/raiz-axe-e-organizacao-atreamacaf-inaugura-em-acajutiba-lnab-18-um-novo-ciclo-de-acesso-a-direitos-educacao-de-base-e-financiamento-cultural-consolidando-a-ancestralidade-como-politica-p\/#primaryimage"},"thumbnailUrl":"https:\/\/bahia.culturaviva.net.br\/wp-content\/uploads\/2026\/05\/IMAGEM_MATERIA_ATREAMACAF05.jpeg","datePublished":"2026-05-03T02:38:01+00:00","dateModified":"2026-05-03T02:46:14+00:00","breadcrumb":{"@id":"https:\/\/bahia.culturaviva.net.br\/variedades\/raiz-axe-e-organizacao-atreamacaf-inaugura-em-acajutiba-lnab-18-um-novo-ciclo-de-acesso-a-direitos-educacao-de-base-e-financiamento-cultural-consolidando-a-ancestralidade-como-politica-p\/#breadcrumb"},"inLanguage":"pt-BR","potentialAction":[{"@type":"ReadAction","target":["https:\/\/bahia.culturaviva.net.br\/variedades\/raiz-axe-e-organizacao-atreamacaf-inaugura-em-acajutiba-lnab-18-um-novo-ciclo-de-acesso-a-direitos-educacao-de-base-e-financiamento-cultural-consolidando-a-ancestralidade-como-politica-p\/"]}]},{"@type":"ImageObject","inLanguage":"pt-BR","@id":"https:\/\/bahia.culturaviva.net.br\/variedades\/raiz-axe-e-organizacao-atreamacaf-inaugura-em-acajutiba-lnab-18-um-novo-ciclo-de-acesso-a-direitos-educacao-de-base-e-financiamento-cultural-consolidando-a-ancestralidade-como-politica-p\/#primaryimage","url":"https:\/\/bahia.culturaviva.net.br\/wp-content\/uploads\/2026\/05\/IMAGEM_MATERIA_ATREAMACAF05.jpeg","contentUrl":"https:\/\/bahia.culturaviva.net.br\/wp-content\/uploads\/2026\/05\/IMAGEM_MATERIA_ATREAMACAF05.jpeg","width":1254,"height":1254},{"@type":"BreadcrumbList","@id":"https:\/\/bahia.culturaviva.net.br\/variedades\/raiz-axe-e-organizacao-atreamacaf-inaugura-em-acajutiba-lnab-18-um-novo-ciclo-de-acesso-a-direitos-educacao-de-base-e-financiamento-cultural-consolidando-a-ancestralidade-como-politica-p\/#breadcrumb","itemListElement":[{"@type":"ListItem","position":1,"name":"In\u00edcio","item":"https:\/\/bahia.culturaviva.net.br\/"},{"@type":"ListItem","position":2,"name":"Raiz, Ax\u00e9 e Organiza\u00e7\u00e3o: ATREAMACAF inaugura, em Acajutiba (LNAB-18), um novo ciclo de acesso a direitos, educa\u00e7\u00e3o de base e financiamento cultural,\u00a0 consolidando a ancestralidade como pol\u00edtica p\u00fablica viva na Bahia"}]},{"@type":"WebSite","@id":"https:\/\/bahia.culturaviva.net.br\/#website","url":"https:\/\/bahia.culturaviva.net.br\/","name":"Rede Cultura Viva da Bahia","description":"Espa\u00e7o para Acervo, Informa\u00e7\u00e3o e Participa\u00e7\u00e3o Social da Rede de Pontos de Cultura da Bahia","publisher":{"@id":"https:\/\/bahia.culturaviva.net.br\/#organization"},"potentialAction":[{"@type":"SearchAction","target":{"@type":"EntryPoint","urlTemplate":"https:\/\/bahia.culturaviva.net.br\/?s={search_term_string}"},"query-input":{"@type":"PropertyValueSpecification","valueRequired":true,"valueName":"search_term_string"}}],"inLanguage":"pt-BR"},{"@type":"Organization","@id":"https:\/\/bahia.culturaviva.net.br\/#organization","name":"Rede Cultura Viva da Bahia","url":"https:\/\/bahia.culturaviva.net.br\/","logo":{"@type":"ImageObject","inLanguage":"pt-BR","@id":"https:\/\/bahia.culturaviva.net.br\/#\/schema\/logo\/image\/","url":"https:\/\/bahia.culturaviva.net.br\/wp-content\/uploads\/2025\/11\/logo-plataforma-culturaviva-bahia-branco.png","contentUrl":"https:\/\/bahia.culturaviva.net.br\/wp-content\/uploads\/2025\/11\/logo-plataforma-culturaviva-bahia-branco.png","width":628,"height":652,"caption":"Rede Cultura Viva da Bahia"},"image":{"@id":"https:\/\/bahia.culturaviva.net.br\/#\/schema\/logo\/image\/"}},{"@type":"Person","@id":"https:\/\/bahia.culturaviva.net.br\/#\/schema\/person\/252aee798ff42514db800d4209a7ce0c","name":"Paraguai","image":{"@type":"ImageObject","inLanguage":"pt-BR","@id":"https:\/\/secure.gravatar.com\/avatar\/85c5f8a2dd7b2a57e07de8d51ea8fc9dbf2041099653ed3f27cb5361552781ff?s=96&d=mm&r=g","url":"https:\/\/secure.gravatar.com\/avatar\/85c5f8a2dd7b2a57e07de8d51ea8fc9dbf2041099653ed3f27cb5361552781ff?s=96&d=mm&r=g","contentUrl":"https:\/\/secure.gravatar.com\/avatar\/85c5f8a2dd7b2a57e07de8d51ea8fc9dbf2041099653ed3f27cb5361552781ff?s=96&d=mm&r=g","caption":"PARAGUAI"},"sameAs":["https:\/\/youtube.com\/@pimm.producao?si=T26GvdgrUSb77NGY","https:\/\/www.instagram.com\/pim_producao.eventos?igsh=MXE0dXE3cDBzdnNwag=="],"url":"https:\/\/bahia.culturaviva.net.br\/pt\/author\/paraguaisantos\/"}]}},"_links":{"self":[{"href":"https:\/\/bahia.culturaviva.net.br\/pt\/wp-json\/wp\/v2\/posts\/2300","targetHints":{"allow":["GET"]}}],"collection":[{"href":"https:\/\/bahia.culturaviva.net.br\/pt\/wp-json\/wp\/v2\/posts"}],"about":[{"href":"https:\/\/bahia.culturaviva.net.br\/pt\/wp-json\/wp\/v2\/types\/post"}],"author":[{"embeddable":true,"href":"https:\/\/bahia.culturaviva.net.br\/pt\/wp-json\/wp\/v2\/users\/50"}],"replies":[{"embeddable":true,"href":"https:\/\/bahia.culturaviva.net.br\/pt\/wp-json\/wp\/v2\/comments?post=2300"}],"version-history":[{"count":2,"href":"https:\/\/bahia.culturaviva.net.br\/pt\/wp-json\/wp\/v2\/posts\/2300\/revisions"}],"predecessor-version":[{"id":2306,"href":"https:\/\/bahia.culturaviva.net.br\/pt\/wp-json\/wp\/v2\/posts\/2300\/revisions\/2306"}],"wp:featuredmedia":[{"embeddable":true,"href":"https:\/\/bahia.culturaviva.net.br\/pt\/wp-json\/wp\/v2\/media\/2308"}],"wp:attachment":[{"href":"https:\/\/bahia.culturaviva.net.br\/pt\/wp-json\/wp\/v2\/media?parent=2300"}],"wp:term":[{"taxonomy":"category","embeddable":true,"href":"https:\/\/bahia.culturaviva.net.br\/pt\/wp-json\/wp\/v2\/categories?post=2300"},{"taxonomy":"post_tag","embeddable":true,"href":"https:\/\/bahia.culturaviva.net.br\/pt\/wp-json\/wp\/v2\/tags?post=2300"}],"curies":[{"name":"wp","href":"https:\/\/api.w.org\/{rel}","templated":true}]}}